{"id":57053,"date":"2019-07-25T10:42:32","date_gmt":"2019-07-25T13:42:32","guid":{"rendered":"http:\/\/diariotextual.com\/inicio\/?p=57053"},"modified":"2019-07-25T16:24:41","modified_gmt":"2019-07-25T19:24:41","slug":"delegados-los-asentamientos-hicieron-reclamos-concejo-diputados","status":"publish","type":"post","link":"https:\/\/diariotextual.com\/inicio\/index.php\/2019\/07\/25\/delegados-los-asentamientos-hicieron-reclamos-concejo-diputados\/","title":{"rendered":"Delegados de los asentamientos hicieron reclamos en el concejo y Diputados"},"content":{"rendered":"<p>Delegados de los dos principales asentamientos precarios en Santa Rosa se movilizaron este jueves: un grupo se reuni\u00f3 con el presidente del concejo deliberante capitalino, Jorge Dom\u00ednguez, y otro con el presidente del bloque de diputados del PJ, Espartaco Mar\u00edn.<\/p>\n<div id=\"fb-root\"><\/div>\n<p><script async=\"1\" defer=\"1\" crossorigin=\"anonymous\" src=\"https:\/\/connect.facebook.net\/es_LA\/sdk.js#xfbml=1&amp;version=v3.3\"><\/script><\/p>\n<div class=\"fb-video\" data-href=\"https:\/\/www.facebook.com\/eltextual\/videos\/477330566146185\/\" data-width=\"1170\">\n<blockquote cite=\"https:\/\/www.facebook.com\/eltextual\/videos\/477330566146185\/\" class=\"fb-xfbml-parse-ignore\"><p><a href=\"https:\/\/www.facebook.com\/eltextual\/videos\/477330566146185\/\"><\/a><\/p>\n<p>Vecinos del asentamiento El Nuevo Salitral fueron recibidos por los concejales. Pidieron poder comprar los terrenos donde armaron sus viviendas. Pueden pagar una &quot;cuota m\u00ednima&quot;.<\/p>\n<p>Publicado por <a href=\"https:\/\/www.facebook.com\/eltextual\/\">Diario Textual<\/a> en Jueves, 25 de julio de 2019<\/p><\/blockquote>\n<\/div>\n<p>En primer lugar, a las 10, delgados del asentamiento Nuevo Salitral -con unas 150 familias, al noroeste de Santa Rosa- fueron este jueves al concejo deliberante a reclamar por los terrenos donde instalaron chozas y carpas.\u00a0Los recibi\u00f3 el viceintendente Jorge Dom\u00ednguez junto a los concejales Miguel Bravo (UCR en Cambiemos), Roberto Torres (Pueblo Nuevo), Alba Fern\u00e1ndez (Humanismo) y Araldo Eleno (PJ).<\/p>\n<p>&nbsp;<\/p>\n<p><strong>Cuota m\u00ednima<\/strong><\/p>\n<p><strong>\u00abNo vinimos a pedir que nos regalen los terrenos, sino que queremos comprarlos, pero con una cuota m\u00ednima. Nos dijeron que van a gestionar una reuni\u00f3n con el intendente y con el gobernador\u00bb<\/strong>, dijo Dalma, una de las vecinas que se reuni\u00f3 con los concejales.<\/p>\n<p><strong>\u00abNo queremos quedarnos con algo que no nos corresponde. Queremos pagar algo acorde a nuestras necesidades Necesitamos una soluci\u00f3n lo antes posible porque hay muchos chicos\u00bb<\/strong>, dijo Manuel, otro de los vecinos de El Nuevo Salitral.<\/p>\n<p>\u00abCada d\u00eda se suma m\u00e1s gente. Actualmente somos m\u00e1s de 200 familias. Por eso <strong>es necesario que se haga una mesa de di\u00e1logo\u00bb<\/strong>, agreg\u00f3.<\/p>\n<p>&nbsp;<\/p>\n<p>&nbsp;<\/p>\n<p><strong>Reclamo en Diputados<\/strong><\/p>\n<p>Tambi\u00e9n, pero en la Legislatura, concurrieron integrantes del asentamiento Nuevo Salitral y Micaela Garc\u00eda. All\u00ed los recibi\u00f3 \u00abTaco\u00bb Mar\u00edn.<\/p>\n<p>Actualmente hay cinco tomas de terrenos fiscales en Santa Rosa. El primero de los asentamientos -y uno de los m\u00e1s grandes- es el Nuevo Salitral -al lado de la laguna Don Tom\u00e1s, al noroeste-, con unas 150 familias.<\/p>\n<p>El otro es el asentamiento Micaela Garc\u00eda -contiguo al barrio Santa Mar\u00eda de la Pampa, al noreste-, con otras 150 familias.<\/p>\n<p>Tambi\u00e9n unas diez familias tomaron terrenos -aunque sin instalarse- en Italia y Farinatti, en Villa Germinal.<\/p>\n<p>Adem\u00e1s, cuatro familias tomaron un terreno en la esquina de Tom\u00e1s Mason y Discepolo, en Villa Uhalde.<\/p>\n<p>La \u00faltima toma se registr\u00f3 este mi\u00e9rcoles 24 por nueve familias: son dos cuadras ubicadas en Stieben y 1\u00b0 de Mayo, a metros del Megaestadio y del predio del ex Molino Werner.<\/p>\n<blockquote class=\"wp-embedded-content\" data-secret=\"5hABprtCQt\"><p><a href=\"http:\/\/diariotextual.com\/inicio\/index.php\/2019\/07\/25\/asentamiento-molino-no-queremos-nos-regalen-los-terrenos-dice-daniel\/\">Asentamiento El Molino: &#171;No queremos que nos regalen los terrenos&#187;, dice Daniel<\/a><\/p><\/blockquote>\n<p><iframe class=\"wp-embedded-content\" sandbox=\"allow-scripts\" security=\"restricted\" style=\"position: absolute; clip: rect(1px, 1px, 1px, 1px);\" src=\"http:\/\/diariotextual.com\/inicio\/index.php\/2019\/07\/25\/asentamiento-molino-no-queremos-nos-regalen-los-terrenos-dice-daniel\/embed\/#?secret=5hABprtCQt\" data-secret=\"5hABprtCQt\" width=\"600\" height=\"338\" title=\"&#171;Asentamiento El Molino: &#171;No queremos que nos regalen los terrenos&#187;, dice Daniel&#187; &#8212; Diario Textual\" frameborder=\"0\" marginwidth=\"0\" marginheight=\"0\" scrolling=\"no\"><\/iframe><\/p>\n<p>&nbsp;<\/p>\n<p>&nbsp;<\/p>\n<p>&nbsp;<\/p>\n","protected":false},"excerpt":{"rendered":"<p>Delegados de los dos principales asentamientos precarios en Santa Rosa se movilizaron este jueves: un grupo se reuni\u00f3 con el presidente del concejo deliberante capitalino, Jorge Dom\u00ednguez, y otro con&hellip;<\/p>\n","protected":false},"author":3,"featured_media":57061,"comment_status":"closed","ping_status":"open","sticky":false,"template":"","format":"standard","meta":{"_acf_changed":false,"footnotes":""},"categories":[11,12],"tags":[],"class_list":["post-57053","post","type-post","status-publish","format-standard","has-post-thumbnail","hentry","category-que-pasa","category-sociedad"],"acf":[],"yoast_head":"<!-- This site is optimized with the Yoast SEO plugin v27.5 - https:\/\/yoast.com\/product\/yoast-seo-wordpress\/ -->\n<title>Delegados de los asentamientos hicieron reclamos en el concejo y Diputados - Diario Textual<\/title>\n<meta name=\"robots\" content=\"index, follow, max-snippet:-1, max-image-preview:large, max-video-preview:-1\" \/>\n<link rel=\"canonical\" href=\"https:\/\/diariotextual.com\/inicio\/index.php\/2019\/07\/25\/delegados-los-asentamientos-hicieron-reclamos-concejo-diputados\/\" \/>\n<meta property=\"og:locale\" content=\"es_ES\" \/>\n<meta property=\"og:type\" content=\"article\" \/>\n<meta property=\"og:title\" content=\"Delegados de los asentamientos hicieron reclamos en el concejo y Diputados - Diario Textual\" \/>\n<meta property=\"og:description\" content=\"Delegados de los dos principales asentamientos precarios en Santa Rosa se movilizaron este jueves: un grupo se reuni\u00f3 con el presidente del concejo deliberante capitalino, Jorge Dom\u00ednguez, y otro con&hellip;\" \/>\n<meta property=\"og:url\" content=\"https:\/\/diariotextual.com\/inicio\/index.php\/2019\/07\/25\/delegados-los-asentamientos-hicieron-reclamos-concejo-diputados\/\" \/>\n<meta property=\"og:site_name\" content=\"Diario Textual\" \/>\n<meta property=\"article:publisher\" content=\"https:\/\/www.facebook.com\/eltextual\" \/>\n<meta property=\"article:published_time\" content=\"2019-07-25T13:42:32+00:00\" \/>\n<meta property=\"article:modified_time\" content=\"2019-07-25T19:24:41+00:00\" \/>\n<meta property=\"og:image\" content=\"https:\/\/diariotextual.com\/inicio\/wp-content\/uploads\/2019\/07\/vecinossalitralconconcejales-1024x576.jpg\" \/>\n\t<meta property=\"og:image:width\" content=\"1024\" \/>\n\t<meta property=\"og:image:height\" content=\"576\" \/>\n\t<meta property=\"og:image:type\" content=\"image\/jpeg\" \/>\n<meta name=\"author\" content=\"Diario1 Diario1\" \/>\n<meta name=\"twitter:card\" content=\"summary_large_image\" \/>\n<meta name=\"twitter:creator\" content=\"@eltextual\" \/>\n<meta name=\"twitter:site\" content=\"@eltextual\" \/>\n<meta name=\"twitter:label1\" content=\"Escrito por\" \/>\n\t<meta name=\"twitter:data1\" content=\"Diario1 Diario1\" \/>\n\t<meta name=\"twitter:label2\" content=\"Tiempo de lectura\" \/>\n\t<meta name=\"twitter:data2\" content=\"2 minutos\" \/>\n<script type=\"application\/ld+json\" class=\"yoast-schema-graph\">{\"@context\":\"https:\\\/\\\/schema.org\",\"@graph\":[{\"@type\":\"Article\",\"@id\":\"https:\\\/\\\/diariotextual.com\\\/inicio\\\/index.php\\\/2019\\\/07\\\/25\\\/delegados-los-asentamientos-hicieron-reclamos-concejo-diputados\\\/#article\",\"isPartOf\":{\"@id\":\"https:\\\/\\\/diariotextual.com\\\/inicio\\\/index.php\\\/2019\\\/07\\\/25\\\/delegados-los-asentamientos-hicieron-reclamos-concejo-diputados\\\/\"},\"author\":{\"name\":\"Diario1 Diario1\",\"@id\":\"https:\\\/\\\/diariotextual.com\\\/inicio\\\/#\\\/schema\\\/person\\\/418fc4093c33e86ed41562db3508f958\"},\"headline\":\"Delegados de los asentamientos hicieron reclamos en el concejo y Diputados\",\"datePublished\":\"2019-07-25T13:42:32+00:00\",\"dateModified\":\"2019-07-25T19:24:41+00:00\",\"mainEntityOfPage\":{\"@id\":\"https:\\\/\\\/diariotextual.com\\\/inicio\\\/index.php\\\/2019\\\/07\\\/25\\\/delegados-los-asentamientos-hicieron-reclamos-concejo-diputados\\\/\"},\"wordCount\":415,\"publisher\":{\"@id\":\"https:\\\/\\\/diariotextual.com\\\/inicio\\\/#organization\"},\"image\":{\"@id\":\"https:\\\/\\\/diariotextual.com\\\/inicio\\\/index.php\\\/2019\\\/07\\\/25\\\/delegados-los-asentamientos-hicieron-reclamos-concejo-diputados\\\/#primaryimage\"},\"thumbnailUrl\":\"https:\\\/\\\/diariotextual.com\\\/inicio\\\/wp-content\\\/uploads\\\/2019\\\/07\\\/vecinossalitralconconcejales.jpg\",\"articleSection\":[\"A - QUE PASA (al costado)\",\"SOCIEDAD\"],\"inLanguage\":\"es\"},{\"@type\":\"WebPage\",\"@id\":\"https:\\\/\\\/diariotextual.com\\\/inicio\\\/index.php\\\/2019\\\/07\\\/25\\\/delegados-los-asentamientos-hicieron-reclamos-concejo-diputados\\\/\",\"url\":\"https:\\\/\\\/diariotextual.com\\\/inicio\\\/index.php\\\/2019\\\/07\\\/25\\\/delegados-los-asentamientos-hicieron-reclamos-concejo-diputados\\\/\",\"name\":\"Delegados de los asentamientos hicieron reclamos en el concejo y Diputados - Diario Textual\",\"isPartOf\":{\"@id\":\"https:\\\/\\\/diariotextual.com\\\/inicio\\\/#website\"},\"primaryImageOfPage\":{\"@id\":\"https:\\\/\\\/diariotextual.com\\\/inicio\\\/index.php\\\/2019\\\/07\\\/25\\\/delegados-los-asentamientos-hicieron-reclamos-concejo-diputados\\\/#primaryimage\"},\"image\":{\"@id\":\"https:\\\/\\\/diariotextual.com\\\/inicio\\\/index.php\\\/2019\\\/07\\\/25\\\/delegados-los-asentamientos-hicieron-reclamos-concejo-diputados\\\/#primaryimage\"},\"thumbnailUrl\":\"https:\\\/\\\/diariotextual.com\\\/inicio\\\/wp-content\\\/uploads\\\/2019\\\/07\\\/vecinossalitralconconcejales.jpg\",\"datePublished\":\"2019-07-25T13:42:32+00:00\",\"dateModified\":\"2019-07-25T19:24:41+00:00\",\"breadcrumb\":{\"@id\":\"https:\\\/\\\/diariotextual.com\\\/inicio\\\/index.php\\\/2019\\\/07\\\/25\\\/delegados-los-asentamientos-hicieron-reclamos-concejo-diputados\\\/#breadcrumb\"},\"inLanguage\":\"es\",\"potentialAction\":[{\"@type\":\"ReadAction\",\"target\":[\"https:\\\/\\\/diariotextual.com\\\/inicio\\\/index.php\\\/2019\\\/07\\\/25\\\/delegados-los-asentamientos-hicieron-reclamos-concejo-diputados\\\/\"]}]},{\"@type\":\"ImageObject\",\"inLanguage\":\"es\",\"@id\":\"https:\\\/\\\/diariotextual.com\\\/inicio\\\/index.php\\\/2019\\\/07\\\/25\\\/delegados-los-asentamientos-hicieron-reclamos-concejo-diputados\\\/#primaryimage\",\"url\":\"https:\\\/\\\/diariotextual.com\\\/inicio\\\/wp-content\\\/uploads\\\/2019\\\/07\\\/vecinossalitralconconcejales.jpg\",\"contentUrl\":\"https:\\\/\\\/diariotextual.com\\\/inicio\\\/wp-content\\\/uploads\\\/2019\\\/07\\\/vecinossalitralconconcejales.jpg\",\"width\":4160,\"height\":2340},{\"@type\":\"BreadcrumbList\",\"@id\":\"https:\\\/\\\/diariotextual.com\\\/inicio\\\/index.php\\\/2019\\\/07\\\/25\\\/delegados-los-asentamientos-hicieron-reclamos-concejo-diputados\\\/#breadcrumb\",\"itemListElement\":[{\"@type\":\"ListItem\",\"position\":1,\"name\":\"Portada\",\"item\":\"https:\\\/\\\/diariotextual.com\\\/inicio\\\/\"},{\"@type\":\"ListItem\",\"position\":2,\"name\":\"Delegados de los asentamientos hicieron reclamos en el concejo y Diputados\"}]},{\"@type\":\"WebSite\",\"@id\":\"https:\\\/\\\/diariotextual.com\\\/inicio\\\/#website\",\"url\":\"https:\\\/\\\/diariotextual.com\\\/inicio\\\/\",\"name\":\"Diario Textual\",\"description\":\"\",\"publisher\":{\"@id\":\"https:\\\/\\\/diariotextual.com\\\/inicio\\\/#organization\"},\"potentialAction\":[{\"@type\":\"SearchAction\",\"target\":{\"@type\":\"EntryPoint\",\"urlTemplate\":\"https:\\\/\\\/diariotextual.com\\\/inicio\\\/?s={search_term_string}\"},\"query-input\":{\"@type\":\"PropertyValueSpecification\",\"valueRequired\":true,\"valueName\":\"search_term_string\"}}],\"inLanguage\":\"es\"},{\"@type\":\"Organization\",\"@id\":\"https:\\\/\\\/diariotextual.com\\\/inicio\\\/#organization\",\"name\":\"Diario Textual\",\"url\":\"https:\\\/\\\/diariotextual.com\\\/inicio\\\/\",\"logo\":{\"@type\":\"ImageObject\",\"inLanguage\":\"es\",\"@id\":\"https:\\\/\\\/diariotextual.com\\\/inicio\\\/#\\\/schema\\\/logo\\\/image\\\/\",\"url\":\"https:\\\/\\\/diariotextual.com\\\/inicio\\\/wp-content\\\/uploads\\\/2023\\\/05\\\/logotextual1.jpg\",\"contentUrl\":\"https:\\\/\\\/diariotextual.com\\\/inicio\\\/wp-content\\\/uploads\\\/2023\\\/05\\\/logotextual1.jpg\",\"width\":516,\"height\":76,\"caption\":\"Diario Textual\"},\"image\":{\"@id\":\"https:\\\/\\\/diariotextual.com\\\/inicio\\\/#\\\/schema\\\/logo\\\/image\\\/\"},\"sameAs\":[\"https:\\\/\\\/www.facebook.com\\\/eltextual\",\"https:\\\/\\\/x.com\\\/eltextual\",\"http:\\\/\\\/www.instagram.com\\\/eltextual\"]},{\"@type\":\"Person\",\"@id\":\"https:\\\/\\\/diariotextual.com\\\/inicio\\\/#\\\/schema\\\/person\\\/418fc4093c33e86ed41562db3508f958\",\"name\":\"Diario1 Diario1\",\"image\":{\"@type\":\"ImageObject\",\"inLanguage\":\"es\",\"@id\":\"https:\\\/\\\/secure.gravatar.com\\\/avatar\\\/9167d280179c85bc18be67aa7eda765854300033af4896dd779b608640f2ef7a?s=96&d=mm&r=g\",\"url\":\"https:\\\/\\\/secure.gravatar.com\\\/avatar\\\/9167d280179c85bc18be67aa7eda765854300033af4896dd779b608640f2ef7a?s=96&d=mm&r=g\",\"contentUrl\":\"https:\\\/\\\/secure.gravatar.com\\\/avatar\\\/9167d280179c85bc18be67aa7eda765854300033af4896dd779b608640f2ef7a?s=96&d=mm&r=g\",\"caption\":\"Diario1 Diario1\"},\"url\":\"https:\\\/\\\/diariotextual.com\\\/inicio\\\/index.php\\\/author\\\/diario1\\\/\"}]}<\/script>\n<!-- \/ Yoast SEO plugin. -->","yoast_head_json":{"title":"Delegados de los asentamientos hicieron reclamos en el concejo y Diputados - Diario Textual","robots":{"index":"index","follow":"follow","max-snippet":"max-snippet:-1","max-image-preview":"max-image-preview:large","max-video-preview":"max-video-preview:-1"},"canonical":"https:\/\/diariotextual.com\/inicio\/index.php\/2019\/07\/25\/delegados-los-asentamientos-hicieron-reclamos-concejo-diputados\/","og_locale":"es_ES","og_type":"article","og_title":"Delegados de los asentamientos hicieron reclamos en el concejo y Diputados - Diario Textual","og_description":"Delegados de los dos principales asentamientos precarios en Santa Rosa se movilizaron este jueves: un grupo se reuni\u00f3 con el presidente del concejo deliberante capitalino, Jorge Dom\u00ednguez, y otro con&hellip;","og_url":"https:\/\/diariotextual.com\/inicio\/index.php\/2019\/07\/25\/delegados-los-asentamientos-hicieron-reclamos-concejo-diputados\/","og_site_name":"Diario Textual","article_publisher":"https:\/\/www.facebook.com\/eltextual","article_published_time":"2019-07-25T13:42:32+00:00","article_modified_time":"2019-07-25T19:24:41+00:00","og_image":[{"width":1024,"height":576,"url":"https:\/\/diariotextual.com\/inicio\/wp-content\/uploads\/2019\/07\/vecinossalitralconconcejales-1024x576.jpg","type":"image\/jpeg"}],"author":"Diario1 Diario1","twitter_card":"summary_large_image","twitter_creator":"@eltextual","twitter_site":"@eltextual","twitter_misc":{"Escrito por":"Diario1 Diario1","Tiempo de lectura":"2 minutos"},"schema":{"@context":"https:\/\/schema.org","@graph":[{"@type":"Article","@id":"https:\/\/diariotextual.com\/inicio\/index.php\/2019\/07\/25\/delegados-los-asentamientos-hicieron-reclamos-concejo-diputados\/#article","isPartOf":{"@id":"https:\/\/diariotextual.com\/inicio\/index.php\/2019\/07\/25\/delegados-los-asentamientos-hicieron-reclamos-concejo-diputados\/"},"author":{"name":"Diario1 Diario1","@id":"https:\/\/diariotextual.com\/inicio\/#\/schema\/person\/418fc4093c33e86ed41562db3508f958"},"headline":"Delegados de los asentamientos hicieron reclamos en el concejo y Diputados","datePublished":"2019-07-25T13:42:32+00:00","dateModified":"2019-07-25T19:24:41+00:00","mainEntityOfPage":{"@id":"https:\/\/diariotextual.com\/inicio\/index.php\/2019\/07\/25\/delegados-los-asentamientos-hicieron-reclamos-concejo-diputados\/"},"wordCount":415,"publisher":{"@id":"https:\/\/diariotextual.com\/inicio\/#organization"},"image":{"@id":"https:\/\/diariotextual.com\/inicio\/index.php\/2019\/07\/25\/delegados-los-asentamientos-hicieron-reclamos-concejo-diputados\/#primaryimage"},"thumbnailUrl":"https:\/\/diariotextual.com\/inicio\/wp-content\/uploads\/2019\/07\/vecinossalitralconconcejales.jpg","articleSection":["A - QUE PASA (al costado)","SOCIEDAD"],"inLanguage":"es"},{"@type":"WebPage","@id":"https:\/\/diariotextual.com\/inicio\/index.php\/2019\/07\/25\/delegados-los-asentamientos-hicieron-reclamos-concejo-diputados\/","url":"https:\/\/diariotextual.com\/inicio\/index.php\/2019\/07\/25\/delegados-los-asentamientos-hicieron-reclamos-concejo-diputados\/","name":"Delegados de los asentamientos hicieron reclamos en el concejo y Diputados - Diario Textual","isPartOf":{"@id":"https:\/\/diariotextual.com\/inicio\/#website"},"primaryImageOfPage":{"@id":"https:\/\/diariotextual.com\/inicio\/index.php\/2019\/07\/25\/delegados-los-asentamientos-hicieron-reclamos-concejo-diputados\/#primaryimage"},"image":{"@id":"https:\/\/diariotextual.com\/inicio\/index.php\/2019\/07\/25\/delegados-los-asentamientos-hicieron-reclamos-concejo-diputados\/#primaryimage"},"thumbnailUrl":"https:\/\/diariotextual.com\/inicio\/wp-content\/uploads\/2019\/07\/vecinossalitralconconcejales.jpg","datePublished":"2019-07-25T13:42:32+00:00","dateModified":"2019-07-25T19:24:41+00:00","breadcrumb":{"@id":"https:\/\/diariotextual.com\/inicio\/index.php\/2019\/07\/25\/delegados-los-asentamientos-hicieron-reclamos-concejo-diputados\/#breadcrumb"},"inLanguage":"es","potentialAction":[{"@type":"ReadAction","target":["https:\/\/diariotextual.com\/inicio\/index.php\/2019\/07\/25\/delegados-los-asentamientos-hicieron-reclamos-concejo-diputados\/"]}]},{"@type":"ImageObject","inLanguage":"es","@id":"https:\/\/diariotextual.com\/inicio\/index.php\/2019\/07\/25\/delegados-los-asentamientos-hicieron-reclamos-concejo-diputados\/#primaryimage","url":"https:\/\/diariotextual.com\/inicio\/wp-content\/uploads\/2019\/07\/vecinossalitralconconcejales.jpg","contentUrl":"https:\/\/diariotextual.com\/inicio\/wp-content\/uploads\/2019\/07\/vecinossalitralconconcejales.jpg","width":4160,"height":2340},{"@type":"BreadcrumbList","@id":"https:\/\/diariotextual.com\/inicio\/index.php\/2019\/07\/25\/delegados-los-asentamientos-hicieron-reclamos-concejo-diputados\/#breadcrumb","itemListElement":[{"@type":"ListItem","position":1,"name":"Portada","item":"https:\/\/diariotextual.com\/inicio\/"},{"@type":"ListItem","position":2,"name":"Delegados de los asentamientos hicieron reclamos en el concejo y Diputados"}]},{"@type":"WebSite","@id":"https:\/\/diariotextual.com\/inicio\/#website","url":"https:\/\/diariotextual.com\/inicio\/","name":"Diario Textual","description":"","publisher":{"@id":"https:\/\/diariotextual.com\/inicio\/#organization"},"potentialAction":[{"@type":"SearchAction","target":{"@type":"EntryPoint","urlTemplate":"https:\/\/diariotextual.com\/inicio\/?s={search_term_string}"},"query-input":{"@type":"PropertyValueSpecification","valueRequired":true,"valueName":"search_term_string"}}],"inLanguage":"es"},{"@type":"Organization","@id":"https:\/\/diariotextual.com\/inicio\/#organization","name":"Diario Textual","url":"https:\/\/diariotextual.com\/inicio\/","logo":{"@type":"ImageObject","inLanguage":"es","@id":"https:\/\/diariotextual.com\/inicio\/#\/schema\/logo\/image\/","url":"https:\/\/diariotextual.com\/inicio\/wp-content\/uploads\/2023\/05\/logotextual1.jpg","contentUrl":"https:\/\/diariotextual.com\/inicio\/wp-content\/uploads\/2023\/05\/logotextual1.jpg","width":516,"height":76,"caption":"Diario Textual"},"image":{"@id":"https:\/\/diariotextual.com\/inicio\/#\/schema\/logo\/image\/"},"sameAs":["https:\/\/www.facebook.com\/eltextual","https:\/\/x.com\/eltextual","http:\/\/www.instagram.com\/eltextual"]},{"@type":"Person","@id":"https:\/\/diariotextual.com\/inicio\/#\/schema\/person\/418fc4093c33e86ed41562db3508f958","name":"Diario1 Diario1","image":{"@type":"ImageObject","inLanguage":"es","@id":"https:\/\/secure.gravatar.com\/avatar\/9167d280179c85bc18be67aa7eda765854300033af4896dd779b608640f2ef7a?s=96&d=mm&r=g","url":"https:\/\/secure.gravatar.com\/avatar\/9167d280179c85bc18be67aa7eda765854300033af4896dd779b608640f2ef7a?s=96&d=mm&r=g","contentUrl":"https:\/\/secure.gravatar.com\/avatar\/9167d280179c85bc18be67aa7eda765854300033af4896dd779b608640f2ef7a?s=96&d=mm&r=g","caption":"Diario1 Diario1"},"url":"https:\/\/diariotextual.com\/inicio\/index.php\/author\/diario1\/"}]}},"_links":{"self":[{"href":"https:\/\/diariotextual.com\/inicio\/index.php\/wp-json\/wp\/v2\/posts\/57053","targetHints":{"allow":["GET"]}}],"collection":[{"href":"https:\/\/diariotextual.com\/inicio\/index.php\/wp-json\/wp\/v2\/posts"}],"about":[{"href":"https:\/\/diariotextual.com\/inicio\/index.php\/wp-json\/wp\/v2\/types\/post"}],"author":[{"embeddable":true,"href":"https:\/\/diariotextual.com\/inicio\/index.php\/wp-json\/wp\/v2\/users\/3"}],"replies":[{"embeddable":true,"href":"https:\/\/diariotextual.com\/inicio\/index.php\/wp-json\/wp\/v2\/comments?post=57053"}],"version-history":[{"count":7,"href":"https:\/\/diariotextual.com\/inicio\/index.php\/wp-json\/wp\/v2\/posts\/57053\/revisions"}],"predecessor-version":[{"id":57067,"href":"https:\/\/diariotextual.com\/inicio\/index.php\/wp-json\/wp\/v2\/posts\/57053\/revisions\/57067"}],"wp:featuredmedia":[{"embeddable":true,"href":"https:\/\/diariotextual.com\/inicio\/index.php\/wp-json\/wp\/v2\/media\/57061"}],"wp:attachment":[{"href":"https:\/\/diariotextual.com\/inicio\/index.php\/wp-json\/wp\/v2\/media?parent=57053"}],"wp:term":[{"taxonomy":"category","embeddable":true,"href":"https:\/\/diariotextual.com\/inicio\/index.php\/wp-json\/wp\/v2\/categories?post=57053"},{"taxonomy":"post_tag","embeddable":true,"href":"https:\/\/diariotextual.com\/inicio\/index.php\/wp-json\/wp\/v2\/tags?post=57053"}],"curies":[{"name":"wp","href":"https:\/\/api.w.org\/{rel}","templated":true}]}}