{"id":57056,"date":"2019-07-25T11:09:07","date_gmt":"2019-07-25T14:09:07","guid":{"rendered":"http:\/\/diariotextual.com\/inicio\/?p=57056"},"modified":"2019-07-25T22:17:41","modified_gmt":"2019-07-26T01:17:41","slug":"la-intendencia-25-mayo-una-dura-respuesta-al-diputado-aliaga","status":"publish","type":"post","link":"https:\/\/diariotextual.com\/inicio\/index.php\/2019\/07\/25\/la-intendencia-25-mayo-una-dura-respuesta-al-diputado-aliaga\/","title":{"rendered":"La intendencia de 25 de Mayo, con una dura respuesta al diputado Aliaga"},"content":{"rendered":"<p>La intendencia de 25 de Mayo, a cargo de <strong>Abel Abelda\u00f1o<\/strong> (PJ), sali\u00f3 al cruce del diputado provincial<strong> Maximiliano Aliaga<\/strong> (Cambiemos), quien en los \u00faltimos d\u00edas <a href=\"http:\/\/diariotextual.com\/inicio\/index.php\/2019\/07\/23\/25-mayo-aliaga-denuncio-la-situacion-asentamiento-la-toma\/\" target=\"_blank\" rel=\"noopener\"><strong>cuestion\u00f3 que hay \u00abm\u00e1s gente\u00bb en los asentamientos precarios en la localidad del sudoeste pampeano<\/strong><\/a> y le pidi\u00f3 que se \u00abhagan cargo\u00bb a las autoridades del peronismo.<\/p>\n<p>La comuna dijo que no hay ning\u00fan asentamiento denominado \u00abLa Toma\u00bb. Sin embargo reconoci\u00f3 que recibieron tres asentamientos que comenzaron a urbanizar. Esos fueron una \u00abherencia\u00bb de David Bravo, el anterior jefe comunal y que, le recordaron a Aliaga, fue \u00abcolaborador\u00bb de Cambiemos.<\/p>\n<p>La intendencia le reproch\u00f3 que no se comport\u00f3 \u00abcon educaci\u00f3n y respeto\u00bb y le pidi\u00f3 que, en la pr\u00f3xima oportunidad, tambi\u00e9n saque fotos de los pozos de la ruta nacional 151 que Naci\u00f3n no arregla.<\/p>\n<p>&nbsp;<\/p>\n<p>La nota enviada a Diario Textual es la siguiente:<\/p>\n<p><em>Hoy repasando los diario digitales nos encontramos con una nota del diputado Maximiliano Aliaga que representa a Cambiemos en la C\u00e1mara de Diputados de la Provincia de La Pampa.<\/em><\/p>\n<p><em>Sorprendidos por la foto que publica, concretamente en el Diario Textual, haciendo referencia a \u201cLa Toma\u201d.<\/em><\/p>\n<p><em>No sabemos cu\u00e1ndo estuvo el diputado en nuestra localidad, pero hubiera sido importante que visitara al intendente municipal. Es de buen funcionario saludar a la autoridad local cuando se llega a un pueblo, adem\u00e1s le permite enterarse de lo que sucede en el lugar, m\u00e1s all\u00e1 de que antes o despu\u00e9s lo recorra. Quiz\u00e1s volv\u00eda de las vacaciones de invierno y ten\u00eda poco tiempo.<\/em><\/p>\n<p><em>Es importante recordar que el se\u00f1or Aliaga es un diputado provincial que representa al pueblo de La Pampa, m\u00e1s all\u00e1 de su filiaci\u00f3n pol\u00edtica.<\/em><\/p>\n<p><em>Si se hubiera comportado con educaci\u00f3n y respeto se hubiera enterado de que en 25 de Mayo \u201cLa Toma\u201d no existe. Cuando nosotros ingresamos a la gesti\u00f3n, 10 de diciembre de 2015, hab\u00eda tres asentamientos (creados por el exintendente Bravo producto de su falta de compromiso, ineptitud y desidia y en su momento colaborador de Cambiemos) denominados \u201cLa Esperanza\u201d, \u201cLos Hornos\u201d y \u201cLos Pioneros\u201d.<\/em><\/p>\n<p><em>\u201cLos Pioneros\u201d ya pertenece a la zona urbana, los terrenos fueron mensurados, y entregados a los ocupantes mediante Boleto de Compraventa autorizado por Ordenanza N\u00b0 01\/18. El mismo tr\u00e1mite estamos haciendo para \u201cLa Esperanza\u201d y \u201cLos Hornos\u201d.<\/em><\/p>\n<p><em>Insistimos, qu\u00e9 importante hubiera sido que el diputado Aliaga pasara por el municipio y visitara al intendente municipal. Ah\u00ed se hubiera enterado que en el a\u00f1o 2016 hicimos tr\u00e1mites ante el gobierno Nacional, acompa\u00f1ados por quien fuera candidata a intendente por Cambiemos en nuestra localidad la se\u00f1ora Marina Alvarez, para dotar a \u201cLos Pioneros\u201d de agua, cloacas, cord\u00f3n cuneta y asfalto.<\/em><\/p>\n<p><em>Quiz\u00e1s si \u00e9l, por ser \u201cdel palo\u201d, hubiera acompa\u00f1ado hoy los vecinos contar\u00edan con la infraestructura, pero hasta el d\u00eda de hoy (pasaron tres a\u00f1os) no tuvimos ning\u00fan resultado. S\u00ed, tenemos el proyecto que pag\u00f3 la Municipalidad de 25 de Mayo y ya dotamos del servicio de agua potable a los vecinos del lugar.<\/em><\/p>\n<p><em>Tampoco es original lo que hizo, ya que es un \u201ccl\u00e1sico\u201d de los opositores venir muy de vez en cuando y algunos nunca, sacar alguna foto y publicar.<\/em><\/p>\n<p><em>Repetimos, son diputados de la Provincia, representan al pueblo pampeano todo (revisar \u201cEducaci\u00f3n Democr\u00e1tica\u201d), pero tienen un problema \u201c25 queda muy lejos\u201d, es la misma distancia que nos queda a nosotros para ir a Santa Rosa, exactamente la misma. A veces aprovechan alg\u00fan \u201cviajecito\u201d al sur y a la vuelta, un poco de publicidad no viene mal.<\/em><\/p>\n<p><em>Respecto a lo que alude del gobernador (Rub\u00e9n) Mar\u00edn, no tenemos ni idea, lo que s\u00ed sabemos es que cuando \u00e9l gobern\u00f3 no hab\u00eda asentamientos en 25 de Mayo.<\/em><\/p>\n<p><em>Finalmente, hubiera sido importante que tambi\u00e9n se sacara una foto en compa\u00f1\u00eda de los pozos de la Ruta Nacional N\u00b0 151 que pasa por nuestra provincia y seguro que los \u201cpadeci\u00f3\u201d en el tramo desde la rotonda a la Ruta Provincial N\u00b0 20, que s\u00ed repara Vialidad Provincial cuando se rompe.<\/em><\/p>\n<p><em>Diputado Aliaga, las puertas de la municipalidad est\u00e1n abiertas, t\u00f3mese un tiempo, 25 queda en La Pampa. De nuestra parte encontrar\u00e1 respeto, no solo por su investidura, si no como pampeano y podremos hablar sobre los temas de su inter\u00e9s. Y nos hacemos cargo.<\/em><\/p>\n<blockquote class=\"wp-embedded-content\" data-secret=\"kMuhlmKyJU\"><p><a href=\"http:\/\/diariotextual.com\/inicio\/index.php\/2019\/07\/23\/25-mayo-aliaga-denuncio-la-situacion-asentamiento-la-toma\/\">25 de Mayo: Aliaga denunci\u00f3 la situaci\u00f3n en el asentamiento \u201cLa Toma\u201d<\/a><\/p><\/blockquote>\n<p><iframe class=\"wp-embedded-content\" sandbox=\"allow-scripts\" security=\"restricted\" style=\"position: absolute; clip: rect(1px, 1px, 1px, 1px);\" src=\"http:\/\/diariotextual.com\/inicio\/index.php\/2019\/07\/23\/25-mayo-aliaga-denuncio-la-situacion-asentamiento-la-toma\/embed\/#?secret=kMuhlmKyJU\" data-secret=\"kMuhlmKyJU\" width=\"600\" height=\"338\" title=\"&#171;25 de Mayo: Aliaga denunci\u00f3 la situaci\u00f3n en el asentamiento \u201cLa Toma\u201d&#187; &#8212; Diario Textual\" frameborder=\"0\" marginwidth=\"0\" marginheight=\"0\" scrolling=\"no\"><\/iframe><\/p>\n<p>&nbsp;<\/p>\n","protected":false},"excerpt":{"rendered":"<p>La intendencia de 25 de Mayo, a cargo de Abel Abelda\u00f1o (PJ), sali\u00f3 al cruce del diputado provincial Maximiliano Aliaga (Cambiemos), quien en los \u00faltimos d\u00edas cuestion\u00f3 que hay \u00abm\u00e1s&hellip;<\/p>\n","protected":false},"author":3,"featured_media":57070,"comment_status":"closed","ping_status":"open","sticky":false,"template":"","format":"standard","meta":{"_acf_changed":false,"footnotes":""},"categories":[319,8],"tags":[],"class_list":["post-57056","post","type-post","status-publish","format-standard","has-post-thumbnail","hentry","category-a-temporales","category-politica"],"acf":[],"yoast_head":"<!-- This site is optimized with the Yoast SEO plugin v27.5 - https:\/\/yoast.com\/product\/yoast-seo-wordpress\/ -->\n<title>La intendencia de 25 de Mayo, con una dura respuesta al diputado Aliaga - Diario Textual<\/title>\n<meta name=\"robots\" content=\"index, follow, max-snippet:-1, max-image-preview:large, max-video-preview:-1\" \/>\n<link rel=\"canonical\" href=\"https:\/\/diariotextual.com\/inicio\/index.php\/2019\/07\/25\/la-intendencia-25-mayo-una-dura-respuesta-al-diputado-aliaga\/\" \/>\n<meta property=\"og:locale\" content=\"es_ES\" \/>\n<meta property=\"og:type\" content=\"article\" \/>\n<meta property=\"og:title\" content=\"La intendencia de 25 de Mayo, con una dura respuesta al diputado Aliaga - Diario Textual\" \/>\n<meta property=\"og:description\" content=\"La intendencia de 25 de Mayo, a cargo de Abel Abelda\u00f1o (PJ), sali\u00f3 al cruce del diputado provincial Maximiliano Aliaga (Cambiemos), quien en los \u00faltimos d\u00edas cuestion\u00f3 que hay \u00abm\u00e1s&hellip;\" \/>\n<meta property=\"og:url\" content=\"https:\/\/diariotextual.com\/inicio\/index.php\/2019\/07\/25\/la-intendencia-25-mayo-una-dura-respuesta-al-diputado-aliaga\/\" \/>\n<meta property=\"og:site_name\" content=\"Diario Textual\" \/>\n<meta property=\"article:publisher\" content=\"https:\/\/www.facebook.com\/eltextual\" \/>\n<meta property=\"article:published_time\" content=\"2019-07-25T14:09:07+00:00\" \/>\n<meta property=\"article:modified_time\" content=\"2019-07-26T01:17:41+00:00\" \/>\n<meta property=\"og:image\" content=\"https:\/\/diariotextual.com\/inicio\/wp-content\/uploads\/2019\/07\/abelda\u00f1oabel25mayo77.jpg\" \/>\n\t<meta property=\"og:image:width\" content=\"960\" \/>\n\t<meta property=\"og:image:height\" content=\"642\" \/>\n\t<meta property=\"og:image:type\" content=\"image\/jpeg\" \/>\n<meta name=\"author\" content=\"Diario1 Diario1\" \/>\n<meta name=\"twitter:card\" content=\"summary_large_image\" \/>\n<meta name=\"twitter:creator\" content=\"@eltextual\" \/>\n<meta name=\"twitter:site\" content=\"@eltextual\" \/>\n<meta name=\"twitter:label1\" content=\"Escrito por\" \/>\n\t<meta name=\"twitter:data1\" content=\"Diario1 Diario1\" \/>\n\t<meta name=\"twitter:label2\" content=\"Tiempo de lectura\" \/>\n\t<meta name=\"twitter:data2\" content=\"4 minutos\" \/>\n<script type=\"application\/ld+json\" class=\"yoast-schema-graph\">{\"@context\":\"https:\\\/\\\/schema.org\",\"@graph\":[{\"@type\":\"Article\",\"@id\":\"https:\\\/\\\/diariotextual.com\\\/inicio\\\/index.php\\\/2019\\\/07\\\/25\\\/la-intendencia-25-mayo-una-dura-respuesta-al-diputado-aliaga\\\/#article\",\"isPartOf\":{\"@id\":\"https:\\\/\\\/diariotextual.com\\\/inicio\\\/index.php\\\/2019\\\/07\\\/25\\\/la-intendencia-25-mayo-una-dura-respuesta-al-diputado-aliaga\\\/\"},\"author\":{\"name\":\"Diario1 Diario1\",\"@id\":\"https:\\\/\\\/diariotextual.com\\\/inicio\\\/#\\\/schema\\\/person\\\/418fc4093c33e86ed41562db3508f958\"},\"headline\":\"La intendencia de 25 de Mayo, con una dura respuesta al diputado Aliaga\",\"datePublished\":\"2019-07-25T14:09:07+00:00\",\"dateModified\":\"2019-07-26T01:17:41+00:00\",\"mainEntityOfPage\":{\"@id\":\"https:\\\/\\\/diariotextual.com\\\/inicio\\\/index.php\\\/2019\\\/07\\\/25\\\/la-intendencia-25-mayo-una-dura-respuesta-al-diputado-aliaga\\\/\"},\"wordCount\":753,\"publisher\":{\"@id\":\"https:\\\/\\\/diariotextual.com\\\/inicio\\\/#organization\"},\"image\":{\"@id\":\"https:\\\/\\\/diariotextual.com\\\/inicio\\\/index.php\\\/2019\\\/07\\\/25\\\/la-intendencia-25-mayo-una-dura-respuesta-al-diputado-aliaga\\\/#primaryimage\"},\"thumbnailUrl\":\"https:\\\/\\\/diariotextual.com\\\/inicio\\\/wp-content\\\/uploads\\\/2019\\\/07\\\/abelda\u00f1oabel25mayo77.jpg\",\"articleSection\":[\"A - TEMPORALES\",\"POLITICA\"],\"inLanguage\":\"es\"},{\"@type\":\"WebPage\",\"@id\":\"https:\\\/\\\/diariotextual.com\\\/inicio\\\/index.php\\\/2019\\\/07\\\/25\\\/la-intendencia-25-mayo-una-dura-respuesta-al-diputado-aliaga\\\/\",\"url\":\"https:\\\/\\\/diariotextual.com\\\/inicio\\\/index.php\\\/2019\\\/07\\\/25\\\/la-intendencia-25-mayo-una-dura-respuesta-al-diputado-aliaga\\\/\",\"name\":\"La intendencia de 25 de Mayo, con una dura respuesta al diputado Aliaga - Diario Textual\",\"isPartOf\":{\"@id\":\"https:\\\/\\\/diariotextual.com\\\/inicio\\\/#website\"},\"primaryImageOfPage\":{\"@id\":\"https:\\\/\\\/diariotextual.com\\\/inicio\\\/index.php\\\/2019\\\/07\\\/25\\\/la-intendencia-25-mayo-una-dura-respuesta-al-diputado-aliaga\\\/#primaryimage\"},\"image\":{\"@id\":\"https:\\\/\\\/diariotextual.com\\\/inicio\\\/index.php\\\/2019\\\/07\\\/25\\\/la-intendencia-25-mayo-una-dura-respuesta-al-diputado-aliaga\\\/#primaryimage\"},\"thumbnailUrl\":\"https:\\\/\\\/diariotextual.com\\\/inicio\\\/wp-content\\\/uploads\\\/2019\\\/07\\\/abelda\u00f1oabel25mayo77.jpg\",\"datePublished\":\"2019-07-25T14:09:07+00:00\",\"dateModified\":\"2019-07-26T01:17:41+00:00\",\"breadcrumb\":{\"@id\":\"https:\\\/\\\/diariotextual.com\\\/inicio\\\/index.php\\\/2019\\\/07\\\/25\\\/la-intendencia-25-mayo-una-dura-respuesta-al-diputado-aliaga\\\/#breadcrumb\"},\"inLanguage\":\"es\",\"potentialAction\":[{\"@type\":\"ReadAction\",\"target\":[\"https:\\\/\\\/diariotextual.com\\\/inicio\\\/index.php\\\/2019\\\/07\\\/25\\\/la-intendencia-25-mayo-una-dura-respuesta-al-diputado-aliaga\\\/\"]}]},{\"@type\":\"ImageObject\",\"inLanguage\":\"es\",\"@id\":\"https:\\\/\\\/diariotextual.com\\\/inicio\\\/index.php\\\/2019\\\/07\\\/25\\\/la-intendencia-25-mayo-una-dura-respuesta-al-diputado-aliaga\\\/#primaryimage\",\"url\":\"https:\\\/\\\/diariotextual.com\\\/inicio\\\/wp-content\\\/uploads\\\/2019\\\/07\\\/abelda\u00f1oabel25mayo77.jpg\",\"contentUrl\":\"https:\\\/\\\/diariotextual.com\\\/inicio\\\/wp-content\\\/uploads\\\/2019\\\/07\\\/abelda\u00f1oabel25mayo77.jpg\",\"width\":960,\"height\":642},{\"@type\":\"BreadcrumbList\",\"@id\":\"https:\\\/\\\/diariotextual.com\\\/inicio\\\/index.php\\\/2019\\\/07\\\/25\\\/la-intendencia-25-mayo-una-dura-respuesta-al-diputado-aliaga\\\/#breadcrumb\",\"itemListElement\":[{\"@type\":\"ListItem\",\"position\":1,\"name\":\"Portada\",\"item\":\"https:\\\/\\\/diariotextual.com\\\/inicio\\\/\"},{\"@type\":\"ListItem\",\"position\":2,\"name\":\"La intendencia de 25 de Mayo, con una dura respuesta al diputado Aliaga\"}]},{\"@type\":\"WebSite\",\"@id\":\"https:\\\/\\\/diariotextual.com\\\/inicio\\\/#website\",\"url\":\"https:\\\/\\\/diariotextual.com\\\/inicio\\\/\",\"name\":\"Diario Textual\",\"description\":\"\",\"publisher\":{\"@id\":\"https:\\\/\\\/diariotextual.com\\\/inicio\\\/#organization\"},\"potentialAction\":[{\"@type\":\"SearchAction\",\"target\":{\"@type\":\"EntryPoint\",\"urlTemplate\":\"https:\\\/\\\/diariotextual.com\\\/inicio\\\/?s={search_term_string}\"},\"query-input\":{\"@type\":\"PropertyValueSpecification\",\"valueRequired\":true,\"valueName\":\"search_term_string\"}}],\"inLanguage\":\"es\"},{\"@type\":\"Organization\",\"@id\":\"https:\\\/\\\/diariotextual.com\\\/inicio\\\/#organization\",\"name\":\"Diario Textual\",\"url\":\"https:\\\/\\\/diariotextual.com\\\/inicio\\\/\",\"logo\":{\"@type\":\"ImageObject\",\"inLanguage\":\"es\",\"@id\":\"https:\\\/\\\/diariotextual.com\\\/inicio\\\/#\\\/schema\\\/logo\\\/image\\\/\",\"url\":\"https:\\\/\\\/diariotextual.com\\\/inicio\\\/wp-content\\\/uploads\\\/2023\\\/05\\\/logotextual1.jpg\",\"contentUrl\":\"https:\\\/\\\/diariotextual.com\\\/inicio\\\/wp-content\\\/uploads\\\/2023\\\/05\\\/logotextual1.jpg\",\"width\":516,\"height\":76,\"caption\":\"Diario Textual\"},\"image\":{\"@id\":\"https:\\\/\\\/diariotextual.com\\\/inicio\\\/#\\\/schema\\\/logo\\\/image\\\/\"},\"sameAs\":[\"https:\\\/\\\/www.facebook.com\\\/eltextual\",\"https:\\\/\\\/x.com\\\/eltextual\",\"http:\\\/\\\/www.instagram.com\\\/eltextual\"]},{\"@type\":\"Person\",\"@id\":\"https:\\\/\\\/diariotextual.com\\\/inicio\\\/#\\\/schema\\\/person\\\/418fc4093c33e86ed41562db3508f958\",\"name\":\"Diario1 Diario1\",\"image\":{\"@type\":\"ImageObject\",\"inLanguage\":\"es\",\"@id\":\"https:\\\/\\\/secure.gravatar.com\\\/avatar\\\/9167d280179c85bc18be67aa7eda765854300033af4896dd779b608640f2ef7a?s=96&d=mm&r=g\",\"url\":\"https:\\\/\\\/secure.gravatar.com\\\/avatar\\\/9167d280179c85bc18be67aa7eda765854300033af4896dd779b608640f2ef7a?s=96&d=mm&r=g\",\"contentUrl\":\"https:\\\/\\\/secure.gravatar.com\\\/avatar\\\/9167d280179c85bc18be67aa7eda765854300033af4896dd779b608640f2ef7a?s=96&d=mm&r=g\",\"caption\":\"Diario1 Diario1\"},\"url\":\"https:\\\/\\\/diariotextual.com\\\/inicio\\\/index.php\\\/author\\\/diario1\\\/\"}]}<\/script>\n<!-- \/ Yoast SEO plugin. -->","yoast_head_json":{"title":"La intendencia de 25 de Mayo, con una dura respuesta al diputado Aliaga - Diario Textual","robots":{"index":"index","follow":"follow","max-snippet":"max-snippet:-1","max-image-preview":"max-image-preview:large","max-video-preview":"max-video-preview:-1"},"canonical":"https:\/\/diariotextual.com\/inicio\/index.php\/2019\/07\/25\/la-intendencia-25-mayo-una-dura-respuesta-al-diputado-aliaga\/","og_locale":"es_ES","og_type":"article","og_title":"La intendencia de 25 de Mayo, con una dura respuesta al diputado Aliaga - Diario Textual","og_description":"La intendencia de 25 de Mayo, a cargo de Abel Abelda\u00f1o (PJ), sali\u00f3 al cruce del diputado provincial Maximiliano Aliaga (Cambiemos), quien en los \u00faltimos d\u00edas cuestion\u00f3 que hay \u00abm\u00e1s&hellip;","og_url":"https:\/\/diariotextual.com\/inicio\/index.php\/2019\/07\/25\/la-intendencia-25-mayo-una-dura-respuesta-al-diputado-aliaga\/","og_site_name":"Diario Textual","article_publisher":"https:\/\/www.facebook.com\/eltextual","article_published_time":"2019-07-25T14:09:07+00:00","article_modified_time":"2019-07-26T01:17:41+00:00","og_image":[{"width":960,"height":642,"url":"https:\/\/diariotextual.com\/inicio\/wp-content\/uploads\/2019\/07\/abelda\u00f1oabel25mayo77.jpg","type":"image\/jpeg"}],"author":"Diario1 Diario1","twitter_card":"summary_large_image","twitter_creator":"@eltextual","twitter_site":"@eltextual","twitter_misc":{"Escrito por":"Diario1 Diario1","Tiempo de lectura":"4 minutos"},"schema":{"@context":"https:\/\/schema.org","@graph":[{"@type":"Article","@id":"https:\/\/diariotextual.com\/inicio\/index.php\/2019\/07\/25\/la-intendencia-25-mayo-una-dura-respuesta-al-diputado-aliaga\/#article","isPartOf":{"@id":"https:\/\/diariotextual.com\/inicio\/index.php\/2019\/07\/25\/la-intendencia-25-mayo-una-dura-respuesta-al-diputado-aliaga\/"},"author":{"name":"Diario1 Diario1","@id":"https:\/\/diariotextual.com\/inicio\/#\/schema\/person\/418fc4093c33e86ed41562db3508f958"},"headline":"La intendencia de 25 de Mayo, con una dura respuesta al diputado Aliaga","datePublished":"2019-07-25T14:09:07+00:00","dateModified":"2019-07-26T01:17:41+00:00","mainEntityOfPage":{"@id":"https:\/\/diariotextual.com\/inicio\/index.php\/2019\/07\/25\/la-intendencia-25-mayo-una-dura-respuesta-al-diputado-aliaga\/"},"wordCount":753,"publisher":{"@id":"https:\/\/diariotextual.com\/inicio\/#organization"},"image":{"@id":"https:\/\/diariotextual.com\/inicio\/index.php\/2019\/07\/25\/la-intendencia-25-mayo-una-dura-respuesta-al-diputado-aliaga\/#primaryimage"},"thumbnailUrl":"https:\/\/diariotextual.com\/inicio\/wp-content\/uploads\/2019\/07\/abelda\u00f1oabel25mayo77.jpg","articleSection":["A - TEMPORALES","POLITICA"],"inLanguage":"es"},{"@type":"WebPage","@id":"https:\/\/diariotextual.com\/inicio\/index.php\/2019\/07\/25\/la-intendencia-25-mayo-una-dura-respuesta-al-diputado-aliaga\/","url":"https:\/\/diariotextual.com\/inicio\/index.php\/2019\/07\/25\/la-intendencia-25-mayo-una-dura-respuesta-al-diputado-aliaga\/","name":"La intendencia de 25 de Mayo, con una dura respuesta al diputado Aliaga - Diario Textual","isPartOf":{"@id":"https:\/\/diariotextual.com\/inicio\/#website"},"primaryImageOfPage":{"@id":"https:\/\/diariotextual.com\/inicio\/index.php\/2019\/07\/25\/la-intendencia-25-mayo-una-dura-respuesta-al-diputado-aliaga\/#primaryimage"},"image":{"@id":"https:\/\/diariotextual.com\/inicio\/index.php\/2019\/07\/25\/la-intendencia-25-mayo-una-dura-respuesta-al-diputado-aliaga\/#primaryimage"},"thumbnailUrl":"https:\/\/diariotextual.com\/inicio\/wp-content\/uploads\/2019\/07\/abelda\u00f1oabel25mayo77.jpg","datePublished":"2019-07-25T14:09:07+00:00","dateModified":"2019-07-26T01:17:41+00:00","breadcrumb":{"@id":"https:\/\/diariotextual.com\/inicio\/index.php\/2019\/07\/25\/la-intendencia-25-mayo-una-dura-respuesta-al-diputado-aliaga\/#breadcrumb"},"inLanguage":"es","potentialAction":[{"@type":"ReadAction","target":["https:\/\/diariotextual.com\/inicio\/index.php\/2019\/07\/25\/la-intendencia-25-mayo-una-dura-respuesta-al-diputado-aliaga\/"]}]},{"@type":"ImageObject","inLanguage":"es","@id":"https:\/\/diariotextual.com\/inicio\/index.php\/2019\/07\/25\/la-intendencia-25-mayo-una-dura-respuesta-al-diputado-aliaga\/#primaryimage","url":"https:\/\/diariotextual.com\/inicio\/wp-content\/uploads\/2019\/07\/abelda\u00f1oabel25mayo77.jpg","contentUrl":"https:\/\/diariotextual.com\/inicio\/wp-content\/uploads\/2019\/07\/abelda\u00f1oabel25mayo77.jpg","width":960,"height":642},{"@type":"BreadcrumbList","@id":"https:\/\/diariotextual.com\/inicio\/index.php\/2019\/07\/25\/la-intendencia-25-mayo-una-dura-respuesta-al-diputado-aliaga\/#breadcrumb","itemListElement":[{"@type":"ListItem","position":1,"name":"Portada","item":"https:\/\/diariotextual.com\/inicio\/"},{"@type":"ListItem","position":2,"name":"La intendencia de 25 de Mayo, con una dura respuesta al diputado Aliaga"}]},{"@type":"WebSite","@id":"https:\/\/diariotextual.com\/inicio\/#website","url":"https:\/\/diariotextual.com\/inicio\/","name":"Diario Textual","description":"","publisher":{"@id":"https:\/\/diariotextual.com\/inicio\/#organization"},"potentialAction":[{"@type":"SearchAction","target":{"@type":"EntryPoint","urlTemplate":"https:\/\/diariotextual.com\/inicio\/?s={search_term_string}"},"query-input":{"@type":"PropertyValueSpecification","valueRequired":true,"valueName":"search_term_string"}}],"inLanguage":"es"},{"@type":"Organization","@id":"https:\/\/diariotextual.com\/inicio\/#organization","name":"Diario Textual","url":"https:\/\/diariotextual.com\/inicio\/","logo":{"@type":"ImageObject","inLanguage":"es","@id":"https:\/\/diariotextual.com\/inicio\/#\/schema\/logo\/image\/","url":"https:\/\/diariotextual.com\/inicio\/wp-content\/uploads\/2023\/05\/logotextual1.jpg","contentUrl":"https:\/\/diariotextual.com\/inicio\/wp-content\/uploads\/2023\/05\/logotextual1.jpg","width":516,"height":76,"caption":"Diario Textual"},"image":{"@id":"https:\/\/diariotextual.com\/inicio\/#\/schema\/logo\/image\/"},"sameAs":["https:\/\/www.facebook.com\/eltextual","https:\/\/x.com\/eltextual","http:\/\/www.instagram.com\/eltextual"]},{"@type":"Person","@id":"https:\/\/diariotextual.com\/inicio\/#\/schema\/person\/418fc4093c33e86ed41562db3508f958","name":"Diario1 Diario1","image":{"@type":"ImageObject","inLanguage":"es","@id":"https:\/\/secure.gravatar.com\/avatar\/9167d280179c85bc18be67aa7eda765854300033af4896dd779b608640f2ef7a?s=96&d=mm&r=g","url":"https:\/\/secure.gravatar.com\/avatar\/9167d280179c85bc18be67aa7eda765854300033af4896dd779b608640f2ef7a?s=96&d=mm&r=g","contentUrl":"https:\/\/secure.gravatar.com\/avatar\/9167d280179c85bc18be67aa7eda765854300033af4896dd779b608640f2ef7a?s=96&d=mm&r=g","caption":"Diario1 Diario1"},"url":"https:\/\/diariotextual.com\/inicio\/index.php\/author\/diario1\/"}]}},"_links":{"self":[{"href":"https:\/\/diariotextual.com\/inicio\/index.php\/wp-json\/wp\/v2\/posts\/57056","targetHints":{"allow":["GET"]}}],"collection":[{"href":"https:\/\/diariotextual.com\/inicio\/index.php\/wp-json\/wp\/v2\/posts"}],"about":[{"href":"https:\/\/diariotextual.com\/inicio\/index.php\/wp-json\/wp\/v2\/types\/post"}],"author":[{"embeddable":true,"href":"https:\/\/diariotextual.com\/inicio\/index.php\/wp-json\/wp\/v2\/users\/3"}],"replies":[{"embeddable":true,"href":"https:\/\/diariotextual.com\/inicio\/index.php\/wp-json\/wp\/v2\/comments?post=57056"}],"version-history":[{"count":4,"href":"https:\/\/diariotextual.com\/inicio\/index.php\/wp-json\/wp\/v2\/posts\/57056\/revisions"}],"predecessor-version":[{"id":57071,"href":"https:\/\/diariotextual.com\/inicio\/index.php\/wp-json\/wp\/v2\/posts\/57056\/revisions\/57071"}],"wp:featuredmedia":[{"embeddable":true,"href":"https:\/\/diariotextual.com\/inicio\/index.php\/wp-json\/wp\/v2\/media\/57070"}],"wp:attachment":[{"href":"https:\/\/diariotextual.com\/inicio\/index.php\/wp-json\/wp\/v2\/media?parent=57056"}],"wp:term":[{"taxonomy":"category","embeddable":true,"href":"https:\/\/diariotextual.com\/inicio\/index.php\/wp-json\/wp\/v2\/categories?post=57056"},{"taxonomy":"post_tag","embeddable":true,"href":"https:\/\/diariotextual.com\/inicio\/index.php\/wp-json\/wp\/v2\/tags?post=57056"}],"curies":[{"name":"wp","href":"https:\/\/api.w.org\/{rel}","templated":true}]}}