{"id":57106,"date":"2019-07-25T16:48:39","date_gmt":"2019-07-25T19:48:39","guid":{"rendered":"http:\/\/diariotextual.com\/inicio\/?p=57106"},"modified":"2019-07-26T09:24:11","modified_gmt":"2019-07-26T12:24:11","slug":"droga-la-pampa-detienen-narcos-penitenciario","status":"publish","type":"post","link":"https:\/\/diariotextual.com\/inicio\/index.php\/2019\/07\/25\/droga-la-pampa-detienen-narcos-penitenciario\/","title":{"rendered":"Droga en La Pampa: detienen a narcos y a un penitenciario"},"content":{"rendered":"<p>La Polic\u00eda Federal Argentina desmantel\u00f3 una <strong>red narco integrada por un sujeto que ten\u00eda libertad condicional y un agente penitenciario y secuestr\u00f3 m\u00e1s de un kilo y medio de coca\u00edna.<\/strong><\/p>\n<p><!--more--><\/p>\n<p><strong>Cuatro narcos quedaron detenidos, tras cinco allanamientos efectuados en la ciudad bonaerense de Chacabuco, la provincia de La Pampa y la ciudad de Buenos Aires<\/strong>.<\/p>\n<p>La investigaci\u00f3n para dar con esta organizaci\u00f3n <strong>comenz\u00f3 en septiembre de 2018, en el marco de tareas investigativas realizadas en forma conjunta entre la Divisi\u00f3n Antidrogas General Pico y la Divisi\u00f3n Operaciones Federales de PFA.<\/strong> En esa oportunidad, <strong>se secuestraron cuatro kilos de coca\u00edna que ten\u00edan como destinatario a un hombre detenido en la Unidad 25 de General Pico<\/strong>, con salidas transitorias.<\/p>\n<p>La <strong>droga la prove\u00eda otro detenido oriundo de Mendoza<\/strong> (quien gozaba de salidas transitorias). Al analizar el contenido de los aparatos de telefon\u00eda secuestrados, se pudo establecer que <strong>el mendocino contaba con la colaboraci\u00f3n de un agente penitenciario de La Pampa,<\/strong> por lo cual se inici\u00f3 una nueva causa.<\/p>\n<p>Se estableci\u00f3 que <strong>ese agente actuaba de intermediario entre un hombre con libertad condicional y un vendedor de drogas al menudeo que ten\u00eda un local de venta de celulares en Pico.<\/strong><\/p>\n<p>&nbsp;<\/p>\n<p><strong>Ford Mondeo<\/strong><\/p>\n<p>Respecto de<strong> la l\u00ednea de provisi\u00f3n de la droga, se estableci\u00f3 que se encontraba en Buenos Aires<\/strong> y que durante la presente semana se llevar\u00eda a cabo un traslado de estupefacientes desde la Ciudad de Buenos Aires.<\/p>\n<p>El <strong>transporte se llevar\u00eda a cabo mediante la utilizaci\u00f3n de un autom\u00f3vil particular marca Ford, modelo Mondeo<\/strong> de color azul, del cual se desconoc\u00eda su dominio, dado que solo se ten\u00eda una imagen que fuera captada por el sistema de c\u00e1maras del aeroparque Jorge Newbery.<\/p>\n<p>La informaci\u00f3n indicaba que el transporte de la droga podr\u00eda llegar a producirse durante las \u00faltimas horas, por lo que se implantaron servicios de observaci\u00f3n sobre puntos estrat\u00e9gicos del camino hacia el lugar de destino.<\/p>\n<p>Fue as\u00ed que <strong>una comisi\u00f3n policial se traslad\u00f3 a la localidad de Chacabuco, donde se daban las condiciones ideales para detectar el auto. De esta manera, los detectives divisaron el paso de un rodado similar al se\u00f1alado, y comenzaron un seguimiento<\/strong>. Tal como fuera diagramado, se detuvo su marcha sobre la Ruta Nacional \u00ba 7, lugar donde se llev\u00f3 a cabo el registro.<\/p>\n<p>Los federales hallaron <strong>en la parte del ba\u00fal un compartimiento secreto, al cual se acced\u00eda mediante el uso de un control remoto, que permit\u00eda liberar un falso piso, debajo de la rueda de auxilio y de este modo acceder a ese sector alejado<\/strong> de la vista. En el auto secuestraron <strong>tres envoltorios con un kilo y medio de coca\u00edna y el conductor, quien era la misma persona que mostraban las c\u00e1maras de Aeroparque, qued\u00f3 detenido.<\/strong><\/p>\n<p>Con este resultado, personal de la divisi\u00f3n <strong>Antidrogas General Pico allan\u00f3 los domicilios de las personas investigadas y detuvo al resto de la banda: el agente penitenciario, el hombre con libertad condicional y el due\u00f1o del negocio de celulares.<\/strong><\/p>\n<p>Asimismo, se sum\u00f3 a los allanamientos el del domicilio del conductor del rodado. Se incautaron envoltorios con coca\u00edna, veh\u00edculos, prensas, balanzas, armas de fuego, celulares y dinero en efectivo.<\/p>\n<p>Intervino el Juzgado Federal en lo Criminal y Correccional N\u00ba 2 de San Mart\u00edn, a cargo de Alicia Vence, Secretaria N\u00ba 4 a cargo del Dr. Leandro Garc\u00eda.<\/p>\n","protected":false},"excerpt":{"rendered":"<p>La Polic\u00eda Federal Argentina desmantel\u00f3 una red narco integrada por un sujeto que ten\u00eda libertad condicional y un agente penitenciario y secuestr\u00f3 m\u00e1s de un kilo y medio de coca\u00edna.<\/p>\n","protected":false},"author":5,"featured_media":57107,"comment_status":"closed","ping_status":"open","sticky":false,"template":"","format":"standard","meta":{"_acf_changed":false,"footnotes":""},"categories":[319,12],"tags":[],"class_list":["post-57106","post","type-post","status-publish","format-standard","has-post-thumbnail","hentry","category-a-temporales","category-sociedad"],"acf":[],"yoast_head":"<!-- This site is optimized with the Yoast SEO plugin v27.5 - https:\/\/yoast.com\/product\/yoast-seo-wordpress\/ -->\n<title>Droga en La Pampa: detienen a narcos y a un penitenciario - Diario Textual<\/title>\n<meta name=\"robots\" content=\"index, follow, max-snippet:-1, max-image-preview:large, max-video-preview:-1\" \/>\n<link rel=\"canonical\" href=\"https:\/\/diariotextual.com\/inicio\/index.php\/2019\/07\/25\/droga-la-pampa-detienen-narcos-penitenciario\/\" \/>\n<meta property=\"og:locale\" content=\"es_ES\" \/>\n<meta property=\"og:type\" content=\"article\" \/>\n<meta property=\"og:title\" content=\"Droga en La Pampa: detienen a narcos y a un penitenciario - Diario Textual\" \/>\n<meta property=\"og:description\" content=\"La Polic\u00eda Federal Argentina desmantel\u00f3 una red narco integrada por un sujeto que ten\u00eda libertad condicional y un agente penitenciario y secuestr\u00f3 m\u00e1s de un kilo y medio de coca\u00edna.\" \/>\n<meta property=\"og:url\" content=\"https:\/\/diariotextual.com\/inicio\/index.php\/2019\/07\/25\/droga-la-pampa-detienen-narcos-penitenciario\/\" \/>\n<meta property=\"og:site_name\" content=\"Diario Textual\" \/>\n<meta property=\"article:publisher\" content=\"https:\/\/www.facebook.com\/eltextual\" \/>\n<meta property=\"article:published_time\" content=\"2019-07-25T19:48:39+00:00\" \/>\n<meta property=\"article:modified_time\" content=\"2019-07-26T12:24:11+00:00\" \/>\n<meta property=\"og:image\" content=\"https:\/\/diariotextual.com\/inicio\/wp-content\/uploads\/2019\/07\/drogapicojulio19.jpeg\" \/>\n\t<meta property=\"og:image:width\" content=\"700\" \/>\n\t<meta property=\"og:image:height\" content=\"418\" \/>\n\t<meta property=\"og:image:type\" content=\"image\/jpeg\" \/>\n<meta name=\"author\" content=\"diario3\" \/>\n<meta name=\"twitter:card\" content=\"summary_large_image\" \/>\n<meta name=\"twitter:creator\" content=\"@eltextual\" \/>\n<meta name=\"twitter:site\" content=\"@eltextual\" \/>\n<meta name=\"twitter:label1\" content=\"Escrito por\" \/>\n\t<meta name=\"twitter:data1\" content=\"diario3\" \/>\n\t<meta name=\"twitter:label2\" content=\"Tiempo de lectura\" \/>\n\t<meta name=\"twitter:data2\" content=\"3 minutos\" \/>\n<script type=\"application\/ld+json\" class=\"yoast-schema-graph\">{\"@context\":\"https:\\\/\\\/schema.org\",\"@graph\":[{\"@type\":\"Article\",\"@id\":\"https:\\\/\\\/diariotextual.com\\\/inicio\\\/index.php\\\/2019\\\/07\\\/25\\\/droga-la-pampa-detienen-narcos-penitenciario\\\/#article\",\"isPartOf\":{\"@id\":\"https:\\\/\\\/diariotextual.com\\\/inicio\\\/index.php\\\/2019\\\/07\\\/25\\\/droga-la-pampa-detienen-narcos-penitenciario\\\/\"},\"author\":{\"name\":\"diario3\",\"@id\":\"https:\\\/\\\/diariotextual.com\\\/inicio\\\/#\\\/schema\\\/person\\\/a1b6f563e0ee944c60f98119389a4d9f\"},\"headline\":\"Droga en La Pampa: detienen a narcos y a un penitenciario\",\"datePublished\":\"2019-07-25T19:48:39+00:00\",\"dateModified\":\"2019-07-26T12:24:11+00:00\",\"mainEntityOfPage\":{\"@id\":\"https:\\\/\\\/diariotextual.com\\\/inicio\\\/index.php\\\/2019\\\/07\\\/25\\\/droga-la-pampa-detienen-narcos-penitenciario\\\/\"},\"wordCount\":596,\"publisher\":{\"@id\":\"https:\\\/\\\/diariotextual.com\\\/inicio\\\/#organization\"},\"image\":{\"@id\":\"https:\\\/\\\/diariotextual.com\\\/inicio\\\/index.php\\\/2019\\\/07\\\/25\\\/droga-la-pampa-detienen-narcos-penitenciario\\\/#primaryimage\"},\"thumbnailUrl\":\"https:\\\/\\\/diariotextual.com\\\/inicio\\\/wp-content\\\/uploads\\\/2019\\\/07\\\/drogapicojulio19.jpeg\",\"articleSection\":[\"A - TEMPORALES\",\"SOCIEDAD\"],\"inLanguage\":\"es\"},{\"@type\":\"WebPage\",\"@id\":\"https:\\\/\\\/diariotextual.com\\\/inicio\\\/index.php\\\/2019\\\/07\\\/25\\\/droga-la-pampa-detienen-narcos-penitenciario\\\/\",\"url\":\"https:\\\/\\\/diariotextual.com\\\/inicio\\\/index.php\\\/2019\\\/07\\\/25\\\/droga-la-pampa-detienen-narcos-penitenciario\\\/\",\"name\":\"Droga en La Pampa: detienen a narcos y a un penitenciario - Diario Textual\",\"isPartOf\":{\"@id\":\"https:\\\/\\\/diariotextual.com\\\/inicio\\\/#website\"},\"primaryImageOfPage\":{\"@id\":\"https:\\\/\\\/diariotextual.com\\\/inicio\\\/index.php\\\/2019\\\/07\\\/25\\\/droga-la-pampa-detienen-narcos-penitenciario\\\/#primaryimage\"},\"image\":{\"@id\":\"https:\\\/\\\/diariotextual.com\\\/inicio\\\/index.php\\\/2019\\\/07\\\/25\\\/droga-la-pampa-detienen-narcos-penitenciario\\\/#primaryimage\"},\"thumbnailUrl\":\"https:\\\/\\\/diariotextual.com\\\/inicio\\\/wp-content\\\/uploads\\\/2019\\\/07\\\/drogapicojulio19.jpeg\",\"datePublished\":\"2019-07-25T19:48:39+00:00\",\"dateModified\":\"2019-07-26T12:24:11+00:00\",\"breadcrumb\":{\"@id\":\"https:\\\/\\\/diariotextual.com\\\/inicio\\\/index.php\\\/2019\\\/07\\\/25\\\/droga-la-pampa-detienen-narcos-penitenciario\\\/#breadcrumb\"},\"inLanguage\":\"es\",\"potentialAction\":[{\"@type\":\"ReadAction\",\"target\":[\"https:\\\/\\\/diariotextual.com\\\/inicio\\\/index.php\\\/2019\\\/07\\\/25\\\/droga-la-pampa-detienen-narcos-penitenciario\\\/\"]}]},{\"@type\":\"ImageObject\",\"inLanguage\":\"es\",\"@id\":\"https:\\\/\\\/diariotextual.com\\\/inicio\\\/index.php\\\/2019\\\/07\\\/25\\\/droga-la-pampa-detienen-narcos-penitenciario\\\/#primaryimage\",\"url\":\"https:\\\/\\\/diariotextual.com\\\/inicio\\\/wp-content\\\/uploads\\\/2019\\\/07\\\/drogapicojulio19.jpeg\",\"contentUrl\":\"https:\\\/\\\/diariotextual.com\\\/inicio\\\/wp-content\\\/uploads\\\/2019\\\/07\\\/drogapicojulio19.jpeg\",\"width\":700,\"height\":418},{\"@type\":\"BreadcrumbList\",\"@id\":\"https:\\\/\\\/diariotextual.com\\\/inicio\\\/index.php\\\/2019\\\/07\\\/25\\\/droga-la-pampa-detienen-narcos-penitenciario\\\/#breadcrumb\",\"itemListElement\":[{\"@type\":\"ListItem\",\"position\":1,\"name\":\"Portada\",\"item\":\"https:\\\/\\\/diariotextual.com\\\/inicio\\\/\"},{\"@type\":\"ListItem\",\"position\":2,\"name\":\"Droga en La Pampa: detienen a narcos y a un penitenciario\"}]},{\"@type\":\"WebSite\",\"@id\":\"https:\\\/\\\/diariotextual.com\\\/inicio\\\/#website\",\"url\":\"https:\\\/\\\/diariotextual.com\\\/inicio\\\/\",\"name\":\"Diario Textual\",\"description\":\"\",\"publisher\":{\"@id\":\"https:\\\/\\\/diariotextual.com\\\/inicio\\\/#organization\"},\"potentialAction\":[{\"@type\":\"SearchAction\",\"target\":{\"@type\":\"EntryPoint\",\"urlTemplate\":\"https:\\\/\\\/diariotextual.com\\\/inicio\\\/?s={search_term_string}\"},\"query-input\":{\"@type\":\"PropertyValueSpecification\",\"valueRequired\":true,\"valueName\":\"search_term_string\"}}],\"inLanguage\":\"es\"},{\"@type\":\"Organization\",\"@id\":\"https:\\\/\\\/diariotextual.com\\\/inicio\\\/#organization\",\"name\":\"Diario Textual\",\"url\":\"https:\\\/\\\/diariotextual.com\\\/inicio\\\/\",\"logo\":{\"@type\":\"ImageObject\",\"inLanguage\":\"es\",\"@id\":\"https:\\\/\\\/diariotextual.com\\\/inicio\\\/#\\\/schema\\\/logo\\\/image\\\/\",\"url\":\"https:\\\/\\\/diariotextual.com\\\/inicio\\\/wp-content\\\/uploads\\\/2023\\\/05\\\/logotextual1.jpg\",\"contentUrl\":\"https:\\\/\\\/diariotextual.com\\\/inicio\\\/wp-content\\\/uploads\\\/2023\\\/05\\\/logotextual1.jpg\",\"width\":516,\"height\":76,\"caption\":\"Diario Textual\"},\"image\":{\"@id\":\"https:\\\/\\\/diariotextual.com\\\/inicio\\\/#\\\/schema\\\/logo\\\/image\\\/\"},\"sameAs\":[\"https:\\\/\\\/www.facebook.com\\\/eltextual\",\"https:\\\/\\\/x.com\\\/eltextual\",\"http:\\\/\\\/www.instagram.com\\\/eltextual\"]},{\"@type\":\"Person\",\"@id\":\"https:\\\/\\\/diariotextual.com\\\/inicio\\\/#\\\/schema\\\/person\\\/a1b6f563e0ee944c60f98119389a4d9f\",\"name\":\"diario3\",\"image\":{\"@type\":\"ImageObject\",\"inLanguage\":\"es\",\"@id\":\"https:\\\/\\\/secure.gravatar.com\\\/avatar\\\/5e7ee62c82fc04d9dd79d746a390d93c69c43223e5faeeb3ea9461ef752bfc5d?s=96&d=mm&r=g\",\"url\":\"https:\\\/\\\/secure.gravatar.com\\\/avatar\\\/5e7ee62c82fc04d9dd79d746a390d93c69c43223e5faeeb3ea9461ef752bfc5d?s=96&d=mm&r=g\",\"contentUrl\":\"https:\\\/\\\/secure.gravatar.com\\\/avatar\\\/5e7ee62c82fc04d9dd79d746a390d93c69c43223e5faeeb3ea9461ef752bfc5d?s=96&d=mm&r=g\",\"caption\":\"diario3\"},\"url\":\"https:\\\/\\\/diariotextual.com\\\/inicio\\\/index.php\\\/author\\\/diario3\\\/\"}]}<\/script>\n<!-- \/ Yoast SEO plugin. -->","yoast_head_json":{"title":"Droga en La Pampa: detienen a narcos y a un penitenciario - Diario Textual","robots":{"index":"index","follow":"follow","max-snippet":"max-snippet:-1","max-image-preview":"max-image-preview:large","max-video-preview":"max-video-preview:-1"},"canonical":"https:\/\/diariotextual.com\/inicio\/index.php\/2019\/07\/25\/droga-la-pampa-detienen-narcos-penitenciario\/","og_locale":"es_ES","og_type":"article","og_title":"Droga en La Pampa: detienen a narcos y a un penitenciario - Diario Textual","og_description":"La Polic\u00eda Federal Argentina desmantel\u00f3 una red narco integrada por un sujeto que ten\u00eda libertad condicional y un agente penitenciario y secuestr\u00f3 m\u00e1s de un kilo y medio de coca\u00edna.","og_url":"https:\/\/diariotextual.com\/inicio\/index.php\/2019\/07\/25\/droga-la-pampa-detienen-narcos-penitenciario\/","og_site_name":"Diario Textual","article_publisher":"https:\/\/www.facebook.com\/eltextual","article_published_time":"2019-07-25T19:48:39+00:00","article_modified_time":"2019-07-26T12:24:11+00:00","og_image":[{"width":700,"height":418,"url":"https:\/\/diariotextual.com\/inicio\/wp-content\/uploads\/2019\/07\/drogapicojulio19.jpeg","type":"image\/jpeg"}],"author":"diario3","twitter_card":"summary_large_image","twitter_creator":"@eltextual","twitter_site":"@eltextual","twitter_misc":{"Escrito por":"diario3","Tiempo de lectura":"3 minutos"},"schema":{"@context":"https:\/\/schema.org","@graph":[{"@type":"Article","@id":"https:\/\/diariotextual.com\/inicio\/index.php\/2019\/07\/25\/droga-la-pampa-detienen-narcos-penitenciario\/#article","isPartOf":{"@id":"https:\/\/diariotextual.com\/inicio\/index.php\/2019\/07\/25\/droga-la-pampa-detienen-narcos-penitenciario\/"},"author":{"name":"diario3","@id":"https:\/\/diariotextual.com\/inicio\/#\/schema\/person\/a1b6f563e0ee944c60f98119389a4d9f"},"headline":"Droga en La Pampa: detienen a narcos y a un penitenciario","datePublished":"2019-07-25T19:48:39+00:00","dateModified":"2019-07-26T12:24:11+00:00","mainEntityOfPage":{"@id":"https:\/\/diariotextual.com\/inicio\/index.php\/2019\/07\/25\/droga-la-pampa-detienen-narcos-penitenciario\/"},"wordCount":596,"publisher":{"@id":"https:\/\/diariotextual.com\/inicio\/#organization"},"image":{"@id":"https:\/\/diariotextual.com\/inicio\/index.php\/2019\/07\/25\/droga-la-pampa-detienen-narcos-penitenciario\/#primaryimage"},"thumbnailUrl":"https:\/\/diariotextual.com\/inicio\/wp-content\/uploads\/2019\/07\/drogapicojulio19.jpeg","articleSection":["A - TEMPORALES","SOCIEDAD"],"inLanguage":"es"},{"@type":"WebPage","@id":"https:\/\/diariotextual.com\/inicio\/index.php\/2019\/07\/25\/droga-la-pampa-detienen-narcos-penitenciario\/","url":"https:\/\/diariotextual.com\/inicio\/index.php\/2019\/07\/25\/droga-la-pampa-detienen-narcos-penitenciario\/","name":"Droga en La Pampa: detienen a narcos y a un penitenciario - Diario Textual","isPartOf":{"@id":"https:\/\/diariotextual.com\/inicio\/#website"},"primaryImageOfPage":{"@id":"https:\/\/diariotextual.com\/inicio\/index.php\/2019\/07\/25\/droga-la-pampa-detienen-narcos-penitenciario\/#primaryimage"},"image":{"@id":"https:\/\/diariotextual.com\/inicio\/index.php\/2019\/07\/25\/droga-la-pampa-detienen-narcos-penitenciario\/#primaryimage"},"thumbnailUrl":"https:\/\/diariotextual.com\/inicio\/wp-content\/uploads\/2019\/07\/drogapicojulio19.jpeg","datePublished":"2019-07-25T19:48:39+00:00","dateModified":"2019-07-26T12:24:11+00:00","breadcrumb":{"@id":"https:\/\/diariotextual.com\/inicio\/index.php\/2019\/07\/25\/droga-la-pampa-detienen-narcos-penitenciario\/#breadcrumb"},"inLanguage":"es","potentialAction":[{"@type":"ReadAction","target":["https:\/\/diariotextual.com\/inicio\/index.php\/2019\/07\/25\/droga-la-pampa-detienen-narcos-penitenciario\/"]}]},{"@type":"ImageObject","inLanguage":"es","@id":"https:\/\/diariotextual.com\/inicio\/index.php\/2019\/07\/25\/droga-la-pampa-detienen-narcos-penitenciario\/#primaryimage","url":"https:\/\/diariotextual.com\/inicio\/wp-content\/uploads\/2019\/07\/drogapicojulio19.jpeg","contentUrl":"https:\/\/diariotextual.com\/inicio\/wp-content\/uploads\/2019\/07\/drogapicojulio19.jpeg","width":700,"height":418},{"@type":"BreadcrumbList","@id":"https:\/\/diariotextual.com\/inicio\/index.php\/2019\/07\/25\/droga-la-pampa-detienen-narcos-penitenciario\/#breadcrumb","itemListElement":[{"@type":"ListItem","position":1,"name":"Portada","item":"https:\/\/diariotextual.com\/inicio\/"},{"@type":"ListItem","position":2,"name":"Droga en La Pampa: detienen a narcos y a un penitenciario"}]},{"@type":"WebSite","@id":"https:\/\/diariotextual.com\/inicio\/#website","url":"https:\/\/diariotextual.com\/inicio\/","name":"Diario Textual","description":"","publisher":{"@id":"https:\/\/diariotextual.com\/inicio\/#organization"},"potentialAction":[{"@type":"SearchAction","target":{"@type":"EntryPoint","urlTemplate":"https:\/\/diariotextual.com\/inicio\/?s={search_term_string}"},"query-input":{"@type":"PropertyValueSpecification","valueRequired":true,"valueName":"search_term_string"}}],"inLanguage":"es"},{"@type":"Organization","@id":"https:\/\/diariotextual.com\/inicio\/#organization","name":"Diario Textual","url":"https:\/\/diariotextual.com\/inicio\/","logo":{"@type":"ImageObject","inLanguage":"es","@id":"https:\/\/diariotextual.com\/inicio\/#\/schema\/logo\/image\/","url":"https:\/\/diariotextual.com\/inicio\/wp-content\/uploads\/2023\/05\/logotextual1.jpg","contentUrl":"https:\/\/diariotextual.com\/inicio\/wp-content\/uploads\/2023\/05\/logotextual1.jpg","width":516,"height":76,"caption":"Diario Textual"},"image":{"@id":"https:\/\/diariotextual.com\/inicio\/#\/schema\/logo\/image\/"},"sameAs":["https:\/\/www.facebook.com\/eltextual","https:\/\/x.com\/eltextual","http:\/\/www.instagram.com\/eltextual"]},{"@type":"Person","@id":"https:\/\/diariotextual.com\/inicio\/#\/schema\/person\/a1b6f563e0ee944c60f98119389a4d9f","name":"diario3","image":{"@type":"ImageObject","inLanguage":"es","@id":"https:\/\/secure.gravatar.com\/avatar\/5e7ee62c82fc04d9dd79d746a390d93c69c43223e5faeeb3ea9461ef752bfc5d?s=96&d=mm&r=g","url":"https:\/\/secure.gravatar.com\/avatar\/5e7ee62c82fc04d9dd79d746a390d93c69c43223e5faeeb3ea9461ef752bfc5d?s=96&d=mm&r=g","contentUrl":"https:\/\/secure.gravatar.com\/avatar\/5e7ee62c82fc04d9dd79d746a390d93c69c43223e5faeeb3ea9461ef752bfc5d?s=96&d=mm&r=g","caption":"diario3"},"url":"https:\/\/diariotextual.com\/inicio\/index.php\/author\/diario3\/"}]}},"_links":{"self":[{"href":"https:\/\/diariotextual.com\/inicio\/index.php\/wp-json\/wp\/v2\/posts\/57106","targetHints":{"allow":["GET"]}}],"collection":[{"href":"https:\/\/diariotextual.com\/inicio\/index.php\/wp-json\/wp\/v2\/posts"}],"about":[{"href":"https:\/\/diariotextual.com\/inicio\/index.php\/wp-json\/wp\/v2\/types\/post"}],"author":[{"embeddable":true,"href":"https:\/\/diariotextual.com\/inicio\/index.php\/wp-json\/wp\/v2\/users\/5"}],"replies":[{"embeddable":true,"href":"https:\/\/diariotextual.com\/inicio\/index.php\/wp-json\/wp\/v2\/comments?post=57106"}],"version-history":[{"count":1,"href":"https:\/\/diariotextual.com\/inicio\/index.php\/wp-json\/wp\/v2\/posts\/57106\/revisions"}],"predecessor-version":[{"id":57108,"href":"https:\/\/diariotextual.com\/inicio\/index.php\/wp-json\/wp\/v2\/posts\/57106\/revisions\/57108"}],"wp:featuredmedia":[{"embeddable":true,"href":"https:\/\/diariotextual.com\/inicio\/index.php\/wp-json\/wp\/v2\/media\/57107"}],"wp:attachment":[{"href":"https:\/\/diariotextual.com\/inicio\/index.php\/wp-json\/wp\/v2\/media?parent=57106"}],"wp:term":[{"taxonomy":"category","embeddable":true,"href":"https:\/\/diariotextual.com\/inicio\/index.php\/wp-json\/wp\/v2\/categories?post=57106"},{"taxonomy":"post_tag","embeddable":true,"href":"https:\/\/diariotextual.com\/inicio\/index.php\/wp-json\/wp\/v2\/tags?post=57106"}],"curies":[{"name":"wp","href":"https:\/\/api.w.org\/{rel}","templated":true}]}}