{"id":57134,"date":"2019-07-26T08:37:54","date_gmt":"2019-07-26T11:37:54","guid":{"rendered":"http:\/\/diariotextual.com\/inicio\/?p=57134"},"modified":"2019-07-26T11:31:01","modified_gmt":"2019-07-26T14:31:01","slug":"crearon-equipo-especial-fiscales-investigar-las-tomas","status":"publish","type":"post","link":"https:\/\/diariotextual.com\/inicio\/index.php\/2019\/07\/26\/crearon-equipo-especial-fiscales-investigar-las-tomas\/","title":{"rendered":"Crearon un equipo especial de fiscales para investigar las tomas"},"content":{"rendered":"<p>Los fiscales santarrose\u00f1os, que inicialmente hab\u00eda decidido mantenerse al margen y tirar la pelota a \u201cla pol\u00edtica\u201d, <strong>decidi\u00f3 finalmente crear un equipo especial para investigar la ocupaci\u00f3n de terrenos fiscales<\/strong> en Santa Rosa. Ya hay cinco tomas de terrenos.<\/p>\n<blockquote class=\"wp-embedded-content\" data-secret=\"fF3gILFDaJ\"><p><a href=\"http:\/\/diariotextual.com\/inicio\/index.php\/2019\/07\/25\/delegados-los-asentamientos-hicieron-reclamos-concejo-diputados\/\">Delegados de los asentamientos hicieron reclamos en el concejo y Diputados<\/a><\/p><\/blockquote>\n<p><iframe class=\"wp-embedded-content\" sandbox=\"allow-scripts\" security=\"restricted\" style=\"position: absolute; clip: rect(1px, 1px, 1px, 1px);\" src=\"http:\/\/diariotextual.com\/inicio\/index.php\/2019\/07\/25\/delegados-los-asentamientos-hicieron-reclamos-concejo-diputados\/embed\/#?secret=fF3gILFDaJ\" data-secret=\"fF3gILFDaJ\" width=\"600\" height=\"338\" title=\"&#171;Delegados de los asentamientos hicieron reclamos en el concejo y Diputados&#187; &#8212; Diario Textual\" frameborder=\"0\" marginwidth=\"0\" marginheight=\"0\" scrolling=\"no\"><\/iframe><\/p>\n<p>&nbsp;<\/p>\n<p>Ese equipo est\u00e1 encabezado por el fiscal general Guillermo Sancho. Est\u00e1 acompa\u00f1ado por los fiscales Facundo Bon Dergham, Leticia Pordomingo y Cecilia Molinari.<\/p>\n<p>Actualmente hay siete causas penales por los diferentes asentamientos y tomas. Algunas iniciadas por la municipalidad y otras por personas que sostienen que han ocupado terrenos que son de ellos.<\/p>\n<p>En principio, la Polic\u00eda ya tiene los nombres de todos o la gran mayor\u00eda de los ocupantes. Se hizo a trav\u00e9s de una serie de \u201crelevamientos\u201d en las propias tomas.<\/p>\n<p>En los pr\u00f3ximos d\u00edas, seg\u00fan dijeron fiscales a Diario Textual, podr\u00edan avanzar con los que ocupan las tierras e, incluso, con los \u201cinstigadores\u201d de algunas de las tomas. <strong>Podr\u00edan imputar a los ocupantes del delito de usurpaci\u00f3n y a algunos de ellos de incitaci\u00f3n al delito.<\/strong><\/p>\n<p>No se est\u00e1 pensando, al menos por el momento, de pedir el desalojo. En definitiva, quien ordenar\u00e1 el desalojo ser\u00e1 un juez o una jueza.<\/p>\n<p>&nbsp;<\/p>\n<p><strong>El caso Chakra Ra\u00edz<\/strong><\/p>\n<p>\u00bfQu\u00e9 posibilidades hay de que puedan avanzar con las causas por usurpaci\u00f3n? Por lo pronto, frente a una intentona similar de fiscales, los jueces pusieron un freno: es el caso de la agrupaci\u00f3n Chakra Ra\u00edz, que tomaron terrenos en Toay.<\/p>\n<p>Los jueces condenaron la judicializaci\u00f3n penal de las tomas de los terrenos y absolvieron a los integrantes de Chakra Ra\u00edz.<\/p>\n<p>Sostuvieron que no existi\u00f3 el delito de usurpaci\u00f3n porque no hubo violencia ni clandestinidad en la toma. Es una situaci\u00f3n casi id\u00e9ntica a la que se produce en la capital.<\/p>\n<p>Incluso dijeron que las autoridades deber\u00edan buscar otra alternativa por la v\u00eda civil para recuperar los terrenos o una acci\u00f3n de otro tipo para afrontar una problem\u00e1tica social y de vulneraci\u00f3n de derechos sin llegar a la judicializaci\u00f3n.<\/p>\n<p>&nbsp;<\/p>\n<p><strong>Son cinco<\/strong><\/p>\n<p><strong>Actualmente hay cinco tomas de terrenos fiscales en Santa Rosa.<\/strong> El primero de los asentamientos -y uno de los m\u00e1s grandes- es el Nuevo Salitral -al lado de la laguna Don Tom\u00e1s, al noroeste-, con unas 150 familias.<\/p>\n<p>El otro es el asentamiento Micaela Garc\u00eda -contiguo al barrio Santa Mar\u00eda de la Pampa, al noreste-, con otras 150 familias.<\/p>\n<p>Tambi\u00e9n unas diez familias tomaron terrenos -aunque sin instalarse- en Italia y Farinatti, en Villa Germinal. La intenci\u00f3n de ellos no es hacer un asentamiento, sino reclamar e iniciar los tr\u00e1mites para que la municipalidad les venda ese sector.<\/p>\n<p>Adem\u00e1s, cuatro familias tomaron un terreno en la esquina de Tom\u00e1s Mason y Discepolo, en Villa Uhalde.<\/p>\n<p>La \u00faltima toma se registr\u00f3 este mi\u00e9rcoles 24 por nueve familias: son dos cuadras ubicadas en Stieben y 1\u00b0 de Mayo, a metros del Megaestadio y del predio del ex Molino Werner.<\/p>\n<blockquote class=\"wp-embedded-content\" data-secret=\"9JJSWnTgaI\"><p><a href=\"http:\/\/diariotextual.com\/inicio\/index.php\/2019\/07\/25\/asentamiento-molino-no-queremos-nos-regalen-los-terrenos-dice-daniel\/\">Asentamiento El Molino: &#171;No queremos que nos regalen los terrenos&#187;, dice Daniel<\/a><\/p><\/blockquote>\n<p><iframe class=\"wp-embedded-content\" sandbox=\"allow-scripts\" security=\"restricted\" style=\"position: absolute; clip: rect(1px, 1px, 1px, 1px);\" src=\"http:\/\/diariotextual.com\/inicio\/index.php\/2019\/07\/25\/asentamiento-molino-no-queremos-nos-regalen-los-terrenos-dice-daniel\/embed\/#?secret=9JJSWnTgaI\" data-secret=\"9JJSWnTgaI\" width=\"600\" height=\"338\" title=\"&#171;Asentamiento El Molino: &#171;No queremos que nos regalen los terrenos&#187;, dice Daniel&#187; &#8212; Diario Textual\" frameborder=\"0\" marginwidth=\"0\" marginheight=\"0\" scrolling=\"no\"><\/iframe><\/p>\n<p>&nbsp;<\/p>\n","protected":false},"excerpt":{"rendered":"<p>Los fiscales santarrose\u00f1os, que inicialmente hab\u00eda decidido mantenerse al margen y tirar la pelota a \u201cla pol\u00edtica\u201d, decidi\u00f3 finalmente crear un equipo especial para investigar la ocupaci\u00f3n de terrenos fiscales&hellip;<\/p>\n","protected":false},"author":3,"featured_media":55715,"comment_status":"closed","ping_status":"open","sticky":false,"template":"","format":"standard","meta":{"_acf_changed":false,"footnotes":""},"categories":[10,319,12],"tags":[2101],"class_list":["post-57134","post","type-post","status-publish","format-standard","has-post-thumbnail","hentry","category-portada-2","category-a-temporales","category-sociedad","tag-asentamientos"],"acf":[],"yoast_head":"<!-- This site is optimized with the Yoast SEO plugin v27.5 - https:\/\/yoast.com\/product\/yoast-seo-wordpress\/ -->\n<title>Crearon un equipo especial de fiscales para investigar las tomas - Diario Textual<\/title>\n<meta name=\"robots\" content=\"index, follow, max-snippet:-1, max-image-preview:large, max-video-preview:-1\" \/>\n<link rel=\"canonical\" href=\"https:\/\/diariotextual.com\/inicio\/index.php\/2019\/07\/26\/crearon-equipo-especial-fiscales-investigar-las-tomas\/\" \/>\n<meta property=\"og:locale\" content=\"es_ES\" \/>\n<meta property=\"og:type\" content=\"article\" \/>\n<meta property=\"og:title\" content=\"Crearon un equipo especial de fiscales para investigar las tomas - Diario Textual\" \/>\n<meta property=\"og:description\" content=\"Los fiscales santarrose\u00f1os, que inicialmente hab\u00eda decidido mantenerse al margen y tirar la pelota a \u201cla pol\u00edtica\u201d, decidi\u00f3 finalmente crear un equipo especial para investigar la ocupaci\u00f3n de terrenos fiscales&hellip;\" \/>\n<meta property=\"og:url\" content=\"https:\/\/diariotextual.com\/inicio\/index.php\/2019\/07\/26\/crearon-equipo-especial-fiscales-investigar-las-tomas\/\" \/>\n<meta property=\"og:site_name\" content=\"Diario Textual\" \/>\n<meta property=\"article:publisher\" content=\"https:\/\/www.facebook.com\/eltextual\" \/>\n<meta property=\"article:published_time\" content=\"2019-07-26T11:37:54+00:00\" \/>\n<meta property=\"article:modified_time\" content=\"2019-07-26T14:31:01+00:00\" \/>\n<meta property=\"og:image\" content=\"https:\/\/diariotextual.com\/inicio\/wp-content\/uploads\/2019\/07\/asentamientoelsalitral2019-21.jpg\" \/>\n\t<meta property=\"og:image:width\" content=\"1100\" \/>\n\t<meta property=\"og:image:height\" content=\"672\" \/>\n\t<meta property=\"og:image:type\" content=\"image\/jpeg\" \/>\n<meta name=\"author\" content=\"Diario1 Diario1\" \/>\n<meta name=\"twitter:card\" content=\"summary_large_image\" \/>\n<meta name=\"twitter:creator\" content=\"@eltextual\" \/>\n<meta name=\"twitter:site\" content=\"@eltextual\" \/>\n<meta name=\"twitter:label1\" content=\"Escrito por\" \/>\n\t<meta name=\"twitter:data1\" content=\"Diario1 Diario1\" \/>\n\t<meta name=\"twitter:label2\" content=\"Tiempo de lectura\" \/>\n\t<meta name=\"twitter:data2\" content=\"3 minutos\" \/>\n<script type=\"application\/ld+json\" class=\"yoast-schema-graph\">{\"@context\":\"https:\\\/\\\/schema.org\",\"@graph\":[{\"@type\":\"Article\",\"@id\":\"https:\\\/\\\/diariotextual.com\\\/inicio\\\/index.php\\\/2019\\\/07\\\/26\\\/crearon-equipo-especial-fiscales-investigar-las-tomas\\\/#article\",\"isPartOf\":{\"@id\":\"https:\\\/\\\/diariotextual.com\\\/inicio\\\/index.php\\\/2019\\\/07\\\/26\\\/crearon-equipo-especial-fiscales-investigar-las-tomas\\\/\"},\"author\":{\"name\":\"Diario1 Diario1\",\"@id\":\"https:\\\/\\\/diariotextual.com\\\/inicio\\\/#\\\/schema\\\/person\\\/418fc4093c33e86ed41562db3508f958\"},\"headline\":\"Crearon un equipo especial de fiscales para investigar las tomas\",\"datePublished\":\"2019-07-26T11:37:54+00:00\",\"dateModified\":\"2019-07-26T14:31:01+00:00\",\"mainEntityOfPage\":{\"@id\":\"https:\\\/\\\/diariotextual.com\\\/inicio\\\/index.php\\\/2019\\\/07\\\/26\\\/crearon-equipo-especial-fiscales-investigar-las-tomas\\\/\"},\"wordCount\":538,\"publisher\":{\"@id\":\"https:\\\/\\\/diariotextual.com\\\/inicio\\\/#organization\"},\"image\":{\"@id\":\"https:\\\/\\\/diariotextual.com\\\/inicio\\\/index.php\\\/2019\\\/07\\\/26\\\/crearon-equipo-especial-fiscales-investigar-las-tomas\\\/#primaryimage\"},\"thumbnailUrl\":\"https:\\\/\\\/diariotextual.com\\\/inicio\\\/wp-content\\\/uploads\\\/2019\\\/07\\\/asentamientoelsalitral2019-21.jpg\",\"keywords\":[\"asentamientos\"],\"articleSection\":[\"A - PORTADA2\",\"A - TEMPORALES\",\"SOCIEDAD\"],\"inLanguage\":\"es\"},{\"@type\":\"WebPage\",\"@id\":\"https:\\\/\\\/diariotextual.com\\\/inicio\\\/index.php\\\/2019\\\/07\\\/26\\\/crearon-equipo-especial-fiscales-investigar-las-tomas\\\/\",\"url\":\"https:\\\/\\\/diariotextual.com\\\/inicio\\\/index.php\\\/2019\\\/07\\\/26\\\/crearon-equipo-especial-fiscales-investigar-las-tomas\\\/\",\"name\":\"Crearon un equipo especial de fiscales para investigar las tomas - Diario Textual\",\"isPartOf\":{\"@id\":\"https:\\\/\\\/diariotextual.com\\\/inicio\\\/#website\"},\"primaryImageOfPage\":{\"@id\":\"https:\\\/\\\/diariotextual.com\\\/inicio\\\/index.php\\\/2019\\\/07\\\/26\\\/crearon-equipo-especial-fiscales-investigar-las-tomas\\\/#primaryimage\"},\"image\":{\"@id\":\"https:\\\/\\\/diariotextual.com\\\/inicio\\\/index.php\\\/2019\\\/07\\\/26\\\/crearon-equipo-especial-fiscales-investigar-las-tomas\\\/#primaryimage\"},\"thumbnailUrl\":\"https:\\\/\\\/diariotextual.com\\\/inicio\\\/wp-content\\\/uploads\\\/2019\\\/07\\\/asentamientoelsalitral2019-21.jpg\",\"datePublished\":\"2019-07-26T11:37:54+00:00\",\"dateModified\":\"2019-07-26T14:31:01+00:00\",\"breadcrumb\":{\"@id\":\"https:\\\/\\\/diariotextual.com\\\/inicio\\\/index.php\\\/2019\\\/07\\\/26\\\/crearon-equipo-especial-fiscales-investigar-las-tomas\\\/#breadcrumb\"},\"inLanguage\":\"es\",\"potentialAction\":[{\"@type\":\"ReadAction\",\"target\":[\"https:\\\/\\\/diariotextual.com\\\/inicio\\\/index.php\\\/2019\\\/07\\\/26\\\/crearon-equipo-especial-fiscales-investigar-las-tomas\\\/\"]}]},{\"@type\":\"ImageObject\",\"inLanguage\":\"es\",\"@id\":\"https:\\\/\\\/diariotextual.com\\\/inicio\\\/index.php\\\/2019\\\/07\\\/26\\\/crearon-equipo-especial-fiscales-investigar-las-tomas\\\/#primaryimage\",\"url\":\"https:\\\/\\\/diariotextual.com\\\/inicio\\\/wp-content\\\/uploads\\\/2019\\\/07\\\/asentamientoelsalitral2019-21.jpg\",\"contentUrl\":\"https:\\\/\\\/diariotextual.com\\\/inicio\\\/wp-content\\\/uploads\\\/2019\\\/07\\\/asentamientoelsalitral2019-21.jpg\",\"width\":1100,\"height\":672},{\"@type\":\"BreadcrumbList\",\"@id\":\"https:\\\/\\\/diariotextual.com\\\/inicio\\\/index.php\\\/2019\\\/07\\\/26\\\/crearon-equipo-especial-fiscales-investigar-las-tomas\\\/#breadcrumb\",\"itemListElement\":[{\"@type\":\"ListItem\",\"position\":1,\"name\":\"Portada\",\"item\":\"https:\\\/\\\/diariotextual.com\\\/inicio\\\/\"},{\"@type\":\"ListItem\",\"position\":2,\"name\":\"Crearon un equipo especial de fiscales para investigar las tomas\"}]},{\"@type\":\"WebSite\",\"@id\":\"https:\\\/\\\/diariotextual.com\\\/inicio\\\/#website\",\"url\":\"https:\\\/\\\/diariotextual.com\\\/inicio\\\/\",\"name\":\"Diario Textual\",\"description\":\"\",\"publisher\":{\"@id\":\"https:\\\/\\\/diariotextual.com\\\/inicio\\\/#organization\"},\"potentialAction\":[{\"@type\":\"SearchAction\",\"target\":{\"@type\":\"EntryPoint\",\"urlTemplate\":\"https:\\\/\\\/diariotextual.com\\\/inicio\\\/?s={search_term_string}\"},\"query-input\":{\"@type\":\"PropertyValueSpecification\",\"valueRequired\":true,\"valueName\":\"search_term_string\"}}],\"inLanguage\":\"es\"},{\"@type\":\"Organization\",\"@id\":\"https:\\\/\\\/diariotextual.com\\\/inicio\\\/#organization\",\"name\":\"Diario Textual\",\"url\":\"https:\\\/\\\/diariotextual.com\\\/inicio\\\/\",\"logo\":{\"@type\":\"ImageObject\",\"inLanguage\":\"es\",\"@id\":\"https:\\\/\\\/diariotextual.com\\\/inicio\\\/#\\\/schema\\\/logo\\\/image\\\/\",\"url\":\"https:\\\/\\\/diariotextual.com\\\/inicio\\\/wp-content\\\/uploads\\\/2023\\\/05\\\/logotextual1.jpg\",\"contentUrl\":\"https:\\\/\\\/diariotextual.com\\\/inicio\\\/wp-content\\\/uploads\\\/2023\\\/05\\\/logotextual1.jpg\",\"width\":516,\"height\":76,\"caption\":\"Diario Textual\"},\"image\":{\"@id\":\"https:\\\/\\\/diariotextual.com\\\/inicio\\\/#\\\/schema\\\/logo\\\/image\\\/\"},\"sameAs\":[\"https:\\\/\\\/www.facebook.com\\\/eltextual\",\"https:\\\/\\\/x.com\\\/eltextual\",\"http:\\\/\\\/www.instagram.com\\\/eltextual\"]},{\"@type\":\"Person\",\"@id\":\"https:\\\/\\\/diariotextual.com\\\/inicio\\\/#\\\/schema\\\/person\\\/418fc4093c33e86ed41562db3508f958\",\"name\":\"Diario1 Diario1\",\"image\":{\"@type\":\"ImageObject\",\"inLanguage\":\"es\",\"@id\":\"https:\\\/\\\/secure.gravatar.com\\\/avatar\\\/9167d280179c85bc18be67aa7eda765854300033af4896dd779b608640f2ef7a?s=96&d=mm&r=g\",\"url\":\"https:\\\/\\\/secure.gravatar.com\\\/avatar\\\/9167d280179c85bc18be67aa7eda765854300033af4896dd779b608640f2ef7a?s=96&d=mm&r=g\",\"contentUrl\":\"https:\\\/\\\/secure.gravatar.com\\\/avatar\\\/9167d280179c85bc18be67aa7eda765854300033af4896dd779b608640f2ef7a?s=96&d=mm&r=g\",\"caption\":\"Diario1 Diario1\"},\"url\":\"https:\\\/\\\/diariotextual.com\\\/inicio\\\/index.php\\\/author\\\/diario1\\\/\"}]}<\/script>\n<!-- \/ Yoast SEO plugin. -->","yoast_head_json":{"title":"Crearon un equipo especial de fiscales para investigar las tomas - Diario Textual","robots":{"index":"index","follow":"follow","max-snippet":"max-snippet:-1","max-image-preview":"max-image-preview:large","max-video-preview":"max-video-preview:-1"},"canonical":"https:\/\/diariotextual.com\/inicio\/index.php\/2019\/07\/26\/crearon-equipo-especial-fiscales-investigar-las-tomas\/","og_locale":"es_ES","og_type":"article","og_title":"Crearon un equipo especial de fiscales para investigar las tomas - Diario Textual","og_description":"Los fiscales santarrose\u00f1os, que inicialmente hab\u00eda decidido mantenerse al margen y tirar la pelota a \u201cla pol\u00edtica\u201d, decidi\u00f3 finalmente crear un equipo especial para investigar la ocupaci\u00f3n de terrenos fiscales&hellip;","og_url":"https:\/\/diariotextual.com\/inicio\/index.php\/2019\/07\/26\/crearon-equipo-especial-fiscales-investigar-las-tomas\/","og_site_name":"Diario Textual","article_publisher":"https:\/\/www.facebook.com\/eltextual","article_published_time":"2019-07-26T11:37:54+00:00","article_modified_time":"2019-07-26T14:31:01+00:00","og_image":[{"width":1100,"height":672,"url":"https:\/\/diariotextual.com\/inicio\/wp-content\/uploads\/2019\/07\/asentamientoelsalitral2019-21.jpg","type":"image\/jpeg"}],"author":"Diario1 Diario1","twitter_card":"summary_large_image","twitter_creator":"@eltextual","twitter_site":"@eltextual","twitter_misc":{"Escrito por":"Diario1 Diario1","Tiempo de lectura":"3 minutos"},"schema":{"@context":"https:\/\/schema.org","@graph":[{"@type":"Article","@id":"https:\/\/diariotextual.com\/inicio\/index.php\/2019\/07\/26\/crearon-equipo-especial-fiscales-investigar-las-tomas\/#article","isPartOf":{"@id":"https:\/\/diariotextual.com\/inicio\/index.php\/2019\/07\/26\/crearon-equipo-especial-fiscales-investigar-las-tomas\/"},"author":{"name":"Diario1 Diario1","@id":"https:\/\/diariotextual.com\/inicio\/#\/schema\/person\/418fc4093c33e86ed41562db3508f958"},"headline":"Crearon un equipo especial de fiscales para investigar las tomas","datePublished":"2019-07-26T11:37:54+00:00","dateModified":"2019-07-26T14:31:01+00:00","mainEntityOfPage":{"@id":"https:\/\/diariotextual.com\/inicio\/index.php\/2019\/07\/26\/crearon-equipo-especial-fiscales-investigar-las-tomas\/"},"wordCount":538,"publisher":{"@id":"https:\/\/diariotextual.com\/inicio\/#organization"},"image":{"@id":"https:\/\/diariotextual.com\/inicio\/index.php\/2019\/07\/26\/crearon-equipo-especial-fiscales-investigar-las-tomas\/#primaryimage"},"thumbnailUrl":"https:\/\/diariotextual.com\/inicio\/wp-content\/uploads\/2019\/07\/asentamientoelsalitral2019-21.jpg","keywords":["asentamientos"],"articleSection":["A - PORTADA2","A - TEMPORALES","SOCIEDAD"],"inLanguage":"es"},{"@type":"WebPage","@id":"https:\/\/diariotextual.com\/inicio\/index.php\/2019\/07\/26\/crearon-equipo-especial-fiscales-investigar-las-tomas\/","url":"https:\/\/diariotextual.com\/inicio\/index.php\/2019\/07\/26\/crearon-equipo-especial-fiscales-investigar-las-tomas\/","name":"Crearon un equipo especial de fiscales para investigar las tomas - Diario Textual","isPartOf":{"@id":"https:\/\/diariotextual.com\/inicio\/#website"},"primaryImageOfPage":{"@id":"https:\/\/diariotextual.com\/inicio\/index.php\/2019\/07\/26\/crearon-equipo-especial-fiscales-investigar-las-tomas\/#primaryimage"},"image":{"@id":"https:\/\/diariotextual.com\/inicio\/index.php\/2019\/07\/26\/crearon-equipo-especial-fiscales-investigar-las-tomas\/#primaryimage"},"thumbnailUrl":"https:\/\/diariotextual.com\/inicio\/wp-content\/uploads\/2019\/07\/asentamientoelsalitral2019-21.jpg","datePublished":"2019-07-26T11:37:54+00:00","dateModified":"2019-07-26T14:31:01+00:00","breadcrumb":{"@id":"https:\/\/diariotextual.com\/inicio\/index.php\/2019\/07\/26\/crearon-equipo-especial-fiscales-investigar-las-tomas\/#breadcrumb"},"inLanguage":"es","potentialAction":[{"@type":"ReadAction","target":["https:\/\/diariotextual.com\/inicio\/index.php\/2019\/07\/26\/crearon-equipo-especial-fiscales-investigar-las-tomas\/"]}]},{"@type":"ImageObject","inLanguage":"es","@id":"https:\/\/diariotextual.com\/inicio\/index.php\/2019\/07\/26\/crearon-equipo-especial-fiscales-investigar-las-tomas\/#primaryimage","url":"https:\/\/diariotextual.com\/inicio\/wp-content\/uploads\/2019\/07\/asentamientoelsalitral2019-21.jpg","contentUrl":"https:\/\/diariotextual.com\/inicio\/wp-content\/uploads\/2019\/07\/asentamientoelsalitral2019-21.jpg","width":1100,"height":672},{"@type":"BreadcrumbList","@id":"https:\/\/diariotextual.com\/inicio\/index.php\/2019\/07\/26\/crearon-equipo-especial-fiscales-investigar-las-tomas\/#breadcrumb","itemListElement":[{"@type":"ListItem","position":1,"name":"Portada","item":"https:\/\/diariotextual.com\/inicio\/"},{"@type":"ListItem","position":2,"name":"Crearon un equipo especial de fiscales para investigar las tomas"}]},{"@type":"WebSite","@id":"https:\/\/diariotextual.com\/inicio\/#website","url":"https:\/\/diariotextual.com\/inicio\/","name":"Diario Textual","description":"","publisher":{"@id":"https:\/\/diariotextual.com\/inicio\/#organization"},"potentialAction":[{"@type":"SearchAction","target":{"@type":"EntryPoint","urlTemplate":"https:\/\/diariotextual.com\/inicio\/?s={search_term_string}"},"query-input":{"@type":"PropertyValueSpecification","valueRequired":true,"valueName":"search_term_string"}}],"inLanguage":"es"},{"@type":"Organization","@id":"https:\/\/diariotextual.com\/inicio\/#organization","name":"Diario Textual","url":"https:\/\/diariotextual.com\/inicio\/","logo":{"@type":"ImageObject","inLanguage":"es","@id":"https:\/\/diariotextual.com\/inicio\/#\/schema\/logo\/image\/","url":"https:\/\/diariotextual.com\/inicio\/wp-content\/uploads\/2023\/05\/logotextual1.jpg","contentUrl":"https:\/\/diariotextual.com\/inicio\/wp-content\/uploads\/2023\/05\/logotextual1.jpg","width":516,"height":76,"caption":"Diario Textual"},"image":{"@id":"https:\/\/diariotextual.com\/inicio\/#\/schema\/logo\/image\/"},"sameAs":["https:\/\/www.facebook.com\/eltextual","https:\/\/x.com\/eltextual","http:\/\/www.instagram.com\/eltextual"]},{"@type":"Person","@id":"https:\/\/diariotextual.com\/inicio\/#\/schema\/person\/418fc4093c33e86ed41562db3508f958","name":"Diario1 Diario1","image":{"@type":"ImageObject","inLanguage":"es","@id":"https:\/\/secure.gravatar.com\/avatar\/9167d280179c85bc18be67aa7eda765854300033af4896dd779b608640f2ef7a?s=96&d=mm&r=g","url":"https:\/\/secure.gravatar.com\/avatar\/9167d280179c85bc18be67aa7eda765854300033af4896dd779b608640f2ef7a?s=96&d=mm&r=g","contentUrl":"https:\/\/secure.gravatar.com\/avatar\/9167d280179c85bc18be67aa7eda765854300033af4896dd779b608640f2ef7a?s=96&d=mm&r=g","caption":"Diario1 Diario1"},"url":"https:\/\/diariotextual.com\/inicio\/index.php\/author\/diario1\/"}]}},"_links":{"self":[{"href":"https:\/\/diariotextual.com\/inicio\/index.php\/wp-json\/wp\/v2\/posts\/57134","targetHints":{"allow":["GET"]}}],"collection":[{"href":"https:\/\/diariotextual.com\/inicio\/index.php\/wp-json\/wp\/v2\/posts"}],"about":[{"href":"https:\/\/diariotextual.com\/inicio\/index.php\/wp-json\/wp\/v2\/types\/post"}],"author":[{"embeddable":true,"href":"https:\/\/diariotextual.com\/inicio\/index.php\/wp-json\/wp\/v2\/users\/3"}],"replies":[{"embeddable":true,"href":"https:\/\/diariotextual.com\/inicio\/index.php\/wp-json\/wp\/v2\/comments?post=57134"}],"version-history":[{"count":4,"href":"https:\/\/diariotextual.com\/inicio\/index.php\/wp-json\/wp\/v2\/posts\/57134\/revisions"}],"predecessor-version":[{"id":57169,"href":"https:\/\/diariotextual.com\/inicio\/index.php\/wp-json\/wp\/v2\/posts\/57134\/revisions\/57169"}],"wp:featuredmedia":[{"embeddable":true,"href":"https:\/\/diariotextual.com\/inicio\/index.php\/wp-json\/wp\/v2\/media\/55715"}],"wp:attachment":[{"href":"https:\/\/diariotextual.com\/inicio\/index.php\/wp-json\/wp\/v2\/media?parent=57134"}],"wp:term":[{"taxonomy":"category","embeddable":true,"href":"https:\/\/diariotextual.com\/inicio\/index.php\/wp-json\/wp\/v2\/categories?post=57134"},{"taxonomy":"post_tag","embeddable":true,"href":"https:\/\/diariotextual.com\/inicio\/index.php\/wp-json\/wp\/v2\/tags?post=57134"}],"curies":[{"name":"wp","href":"https:\/\/api.w.org\/{rel}","templated":true}]}}