{"id":57141,"date":"2019-07-26T09:05:37","date_gmt":"2019-07-26T12:05:37","guid":{"rendered":"http:\/\/diariotextual.com\/inicio\/?p=57141"},"modified":"2019-07-26T11:05:39","modified_gmt":"2019-07-26T14:05:39","slug":"defensa-publica-la-pampa-aclara-las-personas-discapacidad-mental-tienen-derecho-votar","status":"publish","type":"post","link":"https:\/\/diariotextual.com\/inicio\/index.php\/2019\/07\/26\/defensa-publica-la-pampa-aclara-las-personas-discapacidad-mental-tienen-derecho-votar\/","title":{"rendered":"Defensa P\u00fablica de La Pampa aclara que los usuarios del sistema de salud mental tienen derecho a votar"},"content":{"rendered":"<p>La <strong>Defensa P\u00fablica de La Pampa<\/strong> inform\u00f3 este viernes que\u00a0<strong>los usuarios del sistema de salud mental tienen derecho a votar<\/strong>. \u00abLos usuarios de los servicios de salud mental, en especial <strong>aquellos que se encuentran internados o alojados en establecimientos habilitados al efecto, tienen pleno derecho al ejercicio del sufragio activo<\/strong>. Es decir, <strong>tienen derecho a votar en las pr\u00f3ximas elecciones<\/strong>\u00ab, dijo el organismo en un comunicado de prensa.<\/p>\n<p>Seg\u00fan cont\u00f3, as\u00ed surge del marco normativo compuesto por el art\u00edculo 3 del C\u00f3digo Electoral Nacional (Ley 19945), modificado por la Ley 26571), los art\u00edculos 37 y 75 inciso 23 de la Constituci\u00f3n Nacional; los art\u00edculos 3 y 25 del Pacto Internacional de Derechos Civiles y Pol\u00edticos; art\u00edculos 3, 4, 5, 9, 12, 19 y 29 de la Convenci\u00f3n sobre los Derechos de las Personas con Discapacidad. Este \u00faltimo art\u00edculo le impone al Estado argentino la obligaci\u00f3n de asegurar que las personas con discapacidad puedan participar plena y efectivamente en la vida pol\u00edtica y p\u00fablica en un marco de plena igualdad, incluyendo el derecho al sufragio) y los art\u00edculos 5 y 7 incisos i), j), l) y n) de la Ley de la Ley de Salud Mental N\u00b0 26657.<\/p>\n<p>En el mismo sentido, el Comit\u00e9 de Derechos de las Personas con Discapacidad hizo en 2012 una recomendaci\u00f3n expresa al Estado argentino a fin de que arbitre los medios para hacer efectivo este derecho mediante las adecuaciones normativas, conceptuales o pr\u00e1cticas pertinentes.<\/p>\n<p>\u00abEl derecho al sufragio de lxs usuarixs de Salud Mental, por todo lo expuesto, implica una profundizaci\u00f3n de la vida democr\u00e1tica, compatible con un Estado Constitucional de Derecho y el paradigma de los Derechos Humanos\u00bb, expres\u00f3.<\/p>\n<p><iframe style=\"border: none; overflow: hidden;\" src=\"https:\/\/www.facebook.com\/plugins\/post.php?href=https%3A%2F%2Fwww.facebook.com%2Fpermalink.php%3Fstory_fbid%3D2208876179148675%26id%3D1103437666359204&amp;width=500\" width=\"500\" height=\"734\" frameborder=\"0\" scrolling=\"no\"><\/iframe><\/p>\n<p>&nbsp;<\/p>\n<p>&nbsp;<\/p>\n<p>&nbsp;<\/p>\n","protected":false},"excerpt":{"rendered":"<p>La Defensa P\u00fablica de La Pampa inform\u00f3 este viernes que\u00a0los usuarios del sistema de salud mental tienen derecho a votar. \u00abLos usuarios de los servicios de salud mental, en especial&hellip;<\/p>\n","protected":false},"author":3,"featured_media":49128,"comment_status":"closed","ping_status":"open","sticky":false,"template":"","format":"standard","meta":{"_acf_changed":false,"footnotes":""},"categories":[11,319,12],"tags":[1798],"class_list":["post-57141","post","type-post","status-publish","format-standard","has-post-thumbnail","hentry","category-que-pasa","category-a-temporales","category-sociedad","tag-voto"],"acf":[],"yoast_head":"<!-- This site is optimized with the Yoast SEO plugin v27.5 - https:\/\/yoast.com\/product\/yoast-seo-wordpress\/ -->\n<title>Defensa P\u00fablica de La Pampa aclara que los usuarios del sistema de salud mental tienen derecho a votar - Diario Textual<\/title>\n<meta name=\"robots\" content=\"index, follow, max-snippet:-1, max-image-preview:large, max-video-preview:-1\" \/>\n<link rel=\"canonical\" href=\"https:\/\/diariotextual.com\/inicio\/index.php\/2019\/07\/26\/defensa-publica-la-pampa-aclara-las-personas-discapacidad-mental-tienen-derecho-votar\/\" \/>\n<meta property=\"og:locale\" content=\"es_ES\" \/>\n<meta property=\"og:type\" content=\"article\" \/>\n<meta property=\"og:title\" content=\"Defensa P\u00fablica de La Pampa aclara que los usuarios del sistema de salud mental tienen derecho a votar - Diario Textual\" \/>\n<meta property=\"og:description\" content=\"La Defensa P\u00fablica de La Pampa inform\u00f3 este viernes que\u00a0los usuarios del sistema de salud mental tienen derecho a votar. \u00abLos usuarios de los servicios de salud mental, en especial&hellip;\" \/>\n<meta property=\"og:url\" content=\"https:\/\/diariotextual.com\/inicio\/index.php\/2019\/07\/26\/defensa-publica-la-pampa-aclara-las-personas-discapacidad-mental-tienen-derecho-votar\/\" \/>\n<meta property=\"og:site_name\" content=\"Diario Textual\" \/>\n<meta property=\"article:publisher\" content=\"https:\/\/www.facebook.com\/eltextual\" \/>\n<meta property=\"article:published_time\" content=\"2019-07-26T12:05:37+00:00\" \/>\n<meta property=\"article:modified_time\" content=\"2019-07-26T14:05:39+00:00\" \/>\n<meta property=\"og:image\" content=\"https:\/\/diariotextual.com\/inicio\/wp-content\/uploads\/2019\/05\/elecciones19mayo2019-2.jpg\" \/>\n\t<meta property=\"og:image:width\" content=\"1100\" \/>\n\t<meta property=\"og:image:height\" content=\"748\" \/>\n\t<meta property=\"og:image:type\" content=\"image\/jpeg\" \/>\n<meta name=\"author\" content=\"Diario1 Diario1\" \/>\n<meta name=\"twitter:card\" content=\"summary_large_image\" \/>\n<meta name=\"twitter:creator\" content=\"@eltextual\" \/>\n<meta name=\"twitter:site\" content=\"@eltextual\" \/>\n<meta name=\"twitter:label1\" content=\"Escrito por\" \/>\n\t<meta name=\"twitter:data1\" content=\"Diario1 Diario1\" \/>\n\t<meta name=\"twitter:label2\" content=\"Tiempo de lectura\" \/>\n\t<meta name=\"twitter:data2\" content=\"1 minuto\" \/>\n<script type=\"application\/ld+json\" class=\"yoast-schema-graph\">{\"@context\":\"https:\\\/\\\/schema.org\",\"@graph\":[{\"@type\":\"Article\",\"@id\":\"https:\\\/\\\/diariotextual.com\\\/inicio\\\/index.php\\\/2019\\\/07\\\/26\\\/defensa-publica-la-pampa-aclara-las-personas-discapacidad-mental-tienen-derecho-votar\\\/#article\",\"isPartOf\":{\"@id\":\"https:\\\/\\\/diariotextual.com\\\/inicio\\\/index.php\\\/2019\\\/07\\\/26\\\/defensa-publica-la-pampa-aclara-las-personas-discapacidad-mental-tienen-derecho-votar\\\/\"},\"author\":{\"name\":\"Diario1 Diario1\",\"@id\":\"https:\\\/\\\/diariotextual.com\\\/inicio\\\/#\\\/schema\\\/person\\\/418fc4093c33e86ed41562db3508f958\"},\"headline\":\"Defensa P\u00fablica de La Pampa aclara que los usuarios del sistema de salud mental tienen derecho a votar\",\"datePublished\":\"2019-07-26T12:05:37+00:00\",\"dateModified\":\"2019-07-26T14:05:39+00:00\",\"mainEntityOfPage\":{\"@id\":\"https:\\\/\\\/diariotextual.com\\\/inicio\\\/index.php\\\/2019\\\/07\\\/26\\\/defensa-publica-la-pampa-aclara-las-personas-discapacidad-mental-tienen-derecho-votar\\\/\"},\"wordCount\":299,\"publisher\":{\"@id\":\"https:\\\/\\\/diariotextual.com\\\/inicio\\\/#organization\"},\"image\":{\"@id\":\"https:\\\/\\\/diariotextual.com\\\/inicio\\\/index.php\\\/2019\\\/07\\\/26\\\/defensa-publica-la-pampa-aclara-las-personas-discapacidad-mental-tienen-derecho-votar\\\/#primaryimage\"},\"thumbnailUrl\":\"https:\\\/\\\/diariotextual.com\\\/inicio\\\/wp-content\\\/uploads\\\/2019\\\/05\\\/elecciones19mayo2019-2.jpg\",\"keywords\":[\"voto\"],\"articleSection\":[\"A - QUE PASA (al costado)\",\"A - TEMPORALES\",\"SOCIEDAD\"],\"inLanguage\":\"es\"},{\"@type\":\"WebPage\",\"@id\":\"https:\\\/\\\/diariotextual.com\\\/inicio\\\/index.php\\\/2019\\\/07\\\/26\\\/defensa-publica-la-pampa-aclara-las-personas-discapacidad-mental-tienen-derecho-votar\\\/\",\"url\":\"https:\\\/\\\/diariotextual.com\\\/inicio\\\/index.php\\\/2019\\\/07\\\/26\\\/defensa-publica-la-pampa-aclara-las-personas-discapacidad-mental-tienen-derecho-votar\\\/\",\"name\":\"Defensa P\u00fablica de La Pampa aclara que los usuarios del sistema de salud mental tienen derecho a votar - Diario Textual\",\"isPartOf\":{\"@id\":\"https:\\\/\\\/diariotextual.com\\\/inicio\\\/#website\"},\"primaryImageOfPage\":{\"@id\":\"https:\\\/\\\/diariotextual.com\\\/inicio\\\/index.php\\\/2019\\\/07\\\/26\\\/defensa-publica-la-pampa-aclara-las-personas-discapacidad-mental-tienen-derecho-votar\\\/#primaryimage\"},\"image\":{\"@id\":\"https:\\\/\\\/diariotextual.com\\\/inicio\\\/index.php\\\/2019\\\/07\\\/26\\\/defensa-publica-la-pampa-aclara-las-personas-discapacidad-mental-tienen-derecho-votar\\\/#primaryimage\"},\"thumbnailUrl\":\"https:\\\/\\\/diariotextual.com\\\/inicio\\\/wp-content\\\/uploads\\\/2019\\\/05\\\/elecciones19mayo2019-2.jpg\",\"datePublished\":\"2019-07-26T12:05:37+00:00\",\"dateModified\":\"2019-07-26T14:05:39+00:00\",\"breadcrumb\":{\"@id\":\"https:\\\/\\\/diariotextual.com\\\/inicio\\\/index.php\\\/2019\\\/07\\\/26\\\/defensa-publica-la-pampa-aclara-las-personas-discapacidad-mental-tienen-derecho-votar\\\/#breadcrumb\"},\"inLanguage\":\"es\",\"potentialAction\":[{\"@type\":\"ReadAction\",\"target\":[\"https:\\\/\\\/diariotextual.com\\\/inicio\\\/index.php\\\/2019\\\/07\\\/26\\\/defensa-publica-la-pampa-aclara-las-personas-discapacidad-mental-tienen-derecho-votar\\\/\"]}]},{\"@type\":\"ImageObject\",\"inLanguage\":\"es\",\"@id\":\"https:\\\/\\\/diariotextual.com\\\/inicio\\\/index.php\\\/2019\\\/07\\\/26\\\/defensa-publica-la-pampa-aclara-las-personas-discapacidad-mental-tienen-derecho-votar\\\/#primaryimage\",\"url\":\"https:\\\/\\\/diariotextual.com\\\/inicio\\\/wp-content\\\/uploads\\\/2019\\\/05\\\/elecciones19mayo2019-2.jpg\",\"contentUrl\":\"https:\\\/\\\/diariotextual.com\\\/inicio\\\/wp-content\\\/uploads\\\/2019\\\/05\\\/elecciones19mayo2019-2.jpg\",\"width\":1100,\"height\":748},{\"@type\":\"BreadcrumbList\",\"@id\":\"https:\\\/\\\/diariotextual.com\\\/inicio\\\/index.php\\\/2019\\\/07\\\/26\\\/defensa-publica-la-pampa-aclara-las-personas-discapacidad-mental-tienen-derecho-votar\\\/#breadcrumb\",\"itemListElement\":[{\"@type\":\"ListItem\",\"position\":1,\"name\":\"Portada\",\"item\":\"https:\\\/\\\/diariotextual.com\\\/inicio\\\/\"},{\"@type\":\"ListItem\",\"position\":2,\"name\":\"Defensa P\u00fablica de La Pampa aclara que los usuarios del sistema de salud mental tienen derecho a votar\"}]},{\"@type\":\"WebSite\",\"@id\":\"https:\\\/\\\/diariotextual.com\\\/inicio\\\/#website\",\"url\":\"https:\\\/\\\/diariotextual.com\\\/inicio\\\/\",\"name\":\"Diario Textual\",\"description\":\"\",\"publisher\":{\"@id\":\"https:\\\/\\\/diariotextual.com\\\/inicio\\\/#organization\"},\"potentialAction\":[{\"@type\":\"SearchAction\",\"target\":{\"@type\":\"EntryPoint\",\"urlTemplate\":\"https:\\\/\\\/diariotextual.com\\\/inicio\\\/?s={search_term_string}\"},\"query-input\":{\"@type\":\"PropertyValueSpecification\",\"valueRequired\":true,\"valueName\":\"search_term_string\"}}],\"inLanguage\":\"es\"},{\"@type\":\"Organization\",\"@id\":\"https:\\\/\\\/diariotextual.com\\\/inicio\\\/#organization\",\"name\":\"Diario Textual\",\"url\":\"https:\\\/\\\/diariotextual.com\\\/inicio\\\/\",\"logo\":{\"@type\":\"ImageObject\",\"inLanguage\":\"es\",\"@id\":\"https:\\\/\\\/diariotextual.com\\\/inicio\\\/#\\\/schema\\\/logo\\\/image\\\/\",\"url\":\"https:\\\/\\\/diariotextual.com\\\/inicio\\\/wp-content\\\/uploads\\\/2023\\\/05\\\/logotextual1.jpg\",\"contentUrl\":\"https:\\\/\\\/diariotextual.com\\\/inicio\\\/wp-content\\\/uploads\\\/2023\\\/05\\\/logotextual1.jpg\",\"width\":516,\"height\":76,\"caption\":\"Diario Textual\"},\"image\":{\"@id\":\"https:\\\/\\\/diariotextual.com\\\/inicio\\\/#\\\/schema\\\/logo\\\/image\\\/\"},\"sameAs\":[\"https:\\\/\\\/www.facebook.com\\\/eltextual\",\"https:\\\/\\\/x.com\\\/eltextual\",\"http:\\\/\\\/www.instagram.com\\\/eltextual\"]},{\"@type\":\"Person\",\"@id\":\"https:\\\/\\\/diariotextual.com\\\/inicio\\\/#\\\/schema\\\/person\\\/418fc4093c33e86ed41562db3508f958\",\"name\":\"Diario1 Diario1\",\"image\":{\"@type\":\"ImageObject\",\"inLanguage\":\"es\",\"@id\":\"https:\\\/\\\/secure.gravatar.com\\\/avatar\\\/9167d280179c85bc18be67aa7eda765854300033af4896dd779b608640f2ef7a?s=96&d=mm&r=g\",\"url\":\"https:\\\/\\\/secure.gravatar.com\\\/avatar\\\/9167d280179c85bc18be67aa7eda765854300033af4896dd779b608640f2ef7a?s=96&d=mm&r=g\",\"contentUrl\":\"https:\\\/\\\/secure.gravatar.com\\\/avatar\\\/9167d280179c85bc18be67aa7eda765854300033af4896dd779b608640f2ef7a?s=96&d=mm&r=g\",\"caption\":\"Diario1 Diario1\"},\"url\":\"https:\\\/\\\/diariotextual.com\\\/inicio\\\/index.php\\\/author\\\/diario1\\\/\"}]}<\/script>\n<!-- \/ Yoast SEO plugin. -->","yoast_head_json":{"title":"Defensa P\u00fablica de La Pampa aclara que los usuarios del sistema de salud mental tienen derecho a votar - Diario Textual","robots":{"index":"index","follow":"follow","max-snippet":"max-snippet:-1","max-image-preview":"max-image-preview:large","max-video-preview":"max-video-preview:-1"},"canonical":"https:\/\/diariotextual.com\/inicio\/index.php\/2019\/07\/26\/defensa-publica-la-pampa-aclara-las-personas-discapacidad-mental-tienen-derecho-votar\/","og_locale":"es_ES","og_type":"article","og_title":"Defensa P\u00fablica de La Pampa aclara que los usuarios del sistema de salud mental tienen derecho a votar - Diario Textual","og_description":"La Defensa P\u00fablica de La Pampa inform\u00f3 este viernes que\u00a0los usuarios del sistema de salud mental tienen derecho a votar. \u00abLos usuarios de los servicios de salud mental, en especial&hellip;","og_url":"https:\/\/diariotextual.com\/inicio\/index.php\/2019\/07\/26\/defensa-publica-la-pampa-aclara-las-personas-discapacidad-mental-tienen-derecho-votar\/","og_site_name":"Diario Textual","article_publisher":"https:\/\/www.facebook.com\/eltextual","article_published_time":"2019-07-26T12:05:37+00:00","article_modified_time":"2019-07-26T14:05:39+00:00","og_image":[{"width":1100,"height":748,"url":"https:\/\/diariotextual.com\/inicio\/wp-content\/uploads\/2019\/05\/elecciones19mayo2019-2.jpg","type":"image\/jpeg"}],"author":"Diario1 Diario1","twitter_card":"summary_large_image","twitter_creator":"@eltextual","twitter_site":"@eltextual","twitter_misc":{"Escrito por":"Diario1 Diario1","Tiempo de lectura":"1 minuto"},"schema":{"@context":"https:\/\/schema.org","@graph":[{"@type":"Article","@id":"https:\/\/diariotextual.com\/inicio\/index.php\/2019\/07\/26\/defensa-publica-la-pampa-aclara-las-personas-discapacidad-mental-tienen-derecho-votar\/#article","isPartOf":{"@id":"https:\/\/diariotextual.com\/inicio\/index.php\/2019\/07\/26\/defensa-publica-la-pampa-aclara-las-personas-discapacidad-mental-tienen-derecho-votar\/"},"author":{"name":"Diario1 Diario1","@id":"https:\/\/diariotextual.com\/inicio\/#\/schema\/person\/418fc4093c33e86ed41562db3508f958"},"headline":"Defensa P\u00fablica de La Pampa aclara que los usuarios del sistema de salud mental tienen derecho a votar","datePublished":"2019-07-26T12:05:37+00:00","dateModified":"2019-07-26T14:05:39+00:00","mainEntityOfPage":{"@id":"https:\/\/diariotextual.com\/inicio\/index.php\/2019\/07\/26\/defensa-publica-la-pampa-aclara-las-personas-discapacidad-mental-tienen-derecho-votar\/"},"wordCount":299,"publisher":{"@id":"https:\/\/diariotextual.com\/inicio\/#organization"},"image":{"@id":"https:\/\/diariotextual.com\/inicio\/index.php\/2019\/07\/26\/defensa-publica-la-pampa-aclara-las-personas-discapacidad-mental-tienen-derecho-votar\/#primaryimage"},"thumbnailUrl":"https:\/\/diariotextual.com\/inicio\/wp-content\/uploads\/2019\/05\/elecciones19mayo2019-2.jpg","keywords":["voto"],"articleSection":["A - QUE PASA (al costado)","A - TEMPORALES","SOCIEDAD"],"inLanguage":"es"},{"@type":"WebPage","@id":"https:\/\/diariotextual.com\/inicio\/index.php\/2019\/07\/26\/defensa-publica-la-pampa-aclara-las-personas-discapacidad-mental-tienen-derecho-votar\/","url":"https:\/\/diariotextual.com\/inicio\/index.php\/2019\/07\/26\/defensa-publica-la-pampa-aclara-las-personas-discapacidad-mental-tienen-derecho-votar\/","name":"Defensa P\u00fablica de La Pampa aclara que los usuarios del sistema de salud mental tienen derecho a votar - Diario Textual","isPartOf":{"@id":"https:\/\/diariotextual.com\/inicio\/#website"},"primaryImageOfPage":{"@id":"https:\/\/diariotextual.com\/inicio\/index.php\/2019\/07\/26\/defensa-publica-la-pampa-aclara-las-personas-discapacidad-mental-tienen-derecho-votar\/#primaryimage"},"image":{"@id":"https:\/\/diariotextual.com\/inicio\/index.php\/2019\/07\/26\/defensa-publica-la-pampa-aclara-las-personas-discapacidad-mental-tienen-derecho-votar\/#primaryimage"},"thumbnailUrl":"https:\/\/diariotextual.com\/inicio\/wp-content\/uploads\/2019\/05\/elecciones19mayo2019-2.jpg","datePublished":"2019-07-26T12:05:37+00:00","dateModified":"2019-07-26T14:05:39+00:00","breadcrumb":{"@id":"https:\/\/diariotextual.com\/inicio\/index.php\/2019\/07\/26\/defensa-publica-la-pampa-aclara-las-personas-discapacidad-mental-tienen-derecho-votar\/#breadcrumb"},"inLanguage":"es","potentialAction":[{"@type":"ReadAction","target":["https:\/\/diariotextual.com\/inicio\/index.php\/2019\/07\/26\/defensa-publica-la-pampa-aclara-las-personas-discapacidad-mental-tienen-derecho-votar\/"]}]},{"@type":"ImageObject","inLanguage":"es","@id":"https:\/\/diariotextual.com\/inicio\/index.php\/2019\/07\/26\/defensa-publica-la-pampa-aclara-las-personas-discapacidad-mental-tienen-derecho-votar\/#primaryimage","url":"https:\/\/diariotextual.com\/inicio\/wp-content\/uploads\/2019\/05\/elecciones19mayo2019-2.jpg","contentUrl":"https:\/\/diariotextual.com\/inicio\/wp-content\/uploads\/2019\/05\/elecciones19mayo2019-2.jpg","width":1100,"height":748},{"@type":"BreadcrumbList","@id":"https:\/\/diariotextual.com\/inicio\/index.php\/2019\/07\/26\/defensa-publica-la-pampa-aclara-las-personas-discapacidad-mental-tienen-derecho-votar\/#breadcrumb","itemListElement":[{"@type":"ListItem","position":1,"name":"Portada","item":"https:\/\/diariotextual.com\/inicio\/"},{"@type":"ListItem","position":2,"name":"Defensa P\u00fablica de La Pampa aclara que los usuarios del sistema de salud mental tienen derecho a votar"}]},{"@type":"WebSite","@id":"https:\/\/diariotextual.com\/inicio\/#website","url":"https:\/\/diariotextual.com\/inicio\/","name":"Diario Textual","description":"","publisher":{"@id":"https:\/\/diariotextual.com\/inicio\/#organization"},"potentialAction":[{"@type":"SearchAction","target":{"@type":"EntryPoint","urlTemplate":"https:\/\/diariotextual.com\/inicio\/?s={search_term_string}"},"query-input":{"@type":"PropertyValueSpecification","valueRequired":true,"valueName":"search_term_string"}}],"inLanguage":"es"},{"@type":"Organization","@id":"https:\/\/diariotextual.com\/inicio\/#organization","name":"Diario Textual","url":"https:\/\/diariotextual.com\/inicio\/","logo":{"@type":"ImageObject","inLanguage":"es","@id":"https:\/\/diariotextual.com\/inicio\/#\/schema\/logo\/image\/","url":"https:\/\/diariotextual.com\/inicio\/wp-content\/uploads\/2023\/05\/logotextual1.jpg","contentUrl":"https:\/\/diariotextual.com\/inicio\/wp-content\/uploads\/2023\/05\/logotextual1.jpg","width":516,"height":76,"caption":"Diario Textual"},"image":{"@id":"https:\/\/diariotextual.com\/inicio\/#\/schema\/logo\/image\/"},"sameAs":["https:\/\/www.facebook.com\/eltextual","https:\/\/x.com\/eltextual","http:\/\/www.instagram.com\/eltextual"]},{"@type":"Person","@id":"https:\/\/diariotextual.com\/inicio\/#\/schema\/person\/418fc4093c33e86ed41562db3508f958","name":"Diario1 Diario1","image":{"@type":"ImageObject","inLanguage":"es","@id":"https:\/\/secure.gravatar.com\/avatar\/9167d280179c85bc18be67aa7eda765854300033af4896dd779b608640f2ef7a?s=96&d=mm&r=g","url":"https:\/\/secure.gravatar.com\/avatar\/9167d280179c85bc18be67aa7eda765854300033af4896dd779b608640f2ef7a?s=96&d=mm&r=g","contentUrl":"https:\/\/secure.gravatar.com\/avatar\/9167d280179c85bc18be67aa7eda765854300033af4896dd779b608640f2ef7a?s=96&d=mm&r=g","caption":"Diario1 Diario1"},"url":"https:\/\/diariotextual.com\/inicio\/index.php\/author\/diario1\/"}]}},"_links":{"self":[{"href":"https:\/\/diariotextual.com\/inicio\/index.php\/wp-json\/wp\/v2\/posts\/57141","targetHints":{"allow":["GET"]}}],"collection":[{"href":"https:\/\/diariotextual.com\/inicio\/index.php\/wp-json\/wp\/v2\/posts"}],"about":[{"href":"https:\/\/diariotextual.com\/inicio\/index.php\/wp-json\/wp\/v2\/types\/post"}],"author":[{"embeddable":true,"href":"https:\/\/diariotextual.com\/inicio\/index.php\/wp-json\/wp\/v2\/users\/3"}],"replies":[{"embeddable":true,"href":"https:\/\/diariotextual.com\/inicio\/index.php\/wp-json\/wp\/v2\/comments?post=57141"}],"version-history":[{"count":4,"href":"https:\/\/diariotextual.com\/inicio\/index.php\/wp-json\/wp\/v2\/posts\/57141\/revisions"}],"predecessor-version":[{"id":57154,"href":"https:\/\/diariotextual.com\/inicio\/index.php\/wp-json\/wp\/v2\/posts\/57141\/revisions\/57154"}],"wp:featuredmedia":[{"embeddable":true,"href":"https:\/\/diariotextual.com\/inicio\/index.php\/wp-json\/wp\/v2\/media\/49128"}],"wp:attachment":[{"href":"https:\/\/diariotextual.com\/inicio\/index.php\/wp-json\/wp\/v2\/media?parent=57141"}],"wp:term":[{"taxonomy":"category","embeddable":true,"href":"https:\/\/diariotextual.com\/inicio\/index.php\/wp-json\/wp\/v2\/categories?post=57141"},{"taxonomy":"post_tag","embeddable":true,"href":"https:\/\/diariotextual.com\/inicio\/index.php\/wp-json\/wp\/v2\/tags?post=57141"}],"curies":[{"name":"wp","href":"https:\/\/api.w.org\/{rel}","templated":true}]}}