{"id":57175,"date":"2019-07-26T12:52:19","date_gmt":"2019-07-26T15:52:19","guid":{"rendered":"http:\/\/diariotextual.com\/inicio\/?p=57175"},"modified":"2019-07-27T09:57:28","modified_gmt":"2019-07-27T12:57:28","slug":"manejaba-drogado-la-ruta-35-mato-penitenciario-recibio-una-pena-6-anos","status":"publish","type":"post","link":"https:\/\/diariotextual.com\/inicio\/index.php\/2019\/07\/26\/manejaba-drogado-la-ruta-35-mato-penitenciario-recibio-una-pena-6-anos\/","title":{"rendered":"Manejaba drogado por la ruta 35, mat\u00f3 a un penitenciario y recibi\u00f3 una pena de 6 a\u00f1os"},"content":{"rendered":"<p><strong>M\u00e1rtires Te\u00f3filo \u00abCacho\u00bb Aguirre<\/strong>, un alba\u00f1il de 58 a\u00f1os, <strong>fue condenado hoy a tres a\u00f1os de prisi\u00f3n y diez de inhabilitaci\u00f3n para conducir todo tipo de veh\u00edculo<\/strong> con motor por haber generado, cuando se encontraba drogado, un <a href=\"http:\/\/diariotextual.com\/inicio\/index.php\/2019\/01\/25\/una-persona-murio-choque-la-ruta-35\/\" target=\"_blank\" rel=\"noopener\"><strong>choque en la ruta nacional 35<\/strong><\/a>, que termin\u00f3 con la vida de <strong>un penitenciario<\/strong> que transitaba en moto. Ten\u00eda una pena reciente, por transporte de droga, y as\u00ed se le impuso una <strong>pena unificada de 6 a\u00f1os<\/strong> de prisi\u00f3n.\u00a0<strong>La v\u00edctima fue Jos\u00e9 Luis Fanessi, de 24 a\u00f1os<\/strong>.<\/p>\n<p>\u00abCacho\u00bb Aguirre fue encontrado, en un juicio abreviado, autor material y penalmente responsable de los delitos de <strong>homicidio culposo agravado por la conducci\u00f3n imprudente, negligente y antirreglamentaria de un veh\u00edculo con motor, y por conducir bajo los efectos de estupefacientes<\/strong>.<\/p>\n<p>Esa pena le fue unificada con otra que le hab\u00eda impuesto el Tribunal Oral Federal de La Pampa, el 20 de mayo de este a\u00f1o por tr\u00e1fico de marihuana, en una pena \u00fanica de seis a\u00f1os de prisi\u00f3n de cumplimiento efectivo, diez a\u00f1os de inhabilitaci\u00f3n y una multa de 45 unidades fijas, en car\u00e1cter de reincidente, inform\u00f3 el \u00e1rea de Prensa de la Justicia.<\/p>\n<p><img fetchpriority=\"high\" decoding=\"async\" class=\"alignnone wp-image-35459 size-full\" src=\"http:\/\/diariotextual.com\/inicio\/wp-content\/uploads\/2019\/01\/choqueruta35guanaco2019-2.jpeg\" alt=\"\" width=\"841\" height=\"546\" srcset=\"https:\/\/diariotextual.com\/inicio\/wp-content\/uploads\/2019\/01\/choqueruta35guanaco2019-2.jpeg 841w, https:\/\/diariotextual.com\/inicio\/wp-content\/uploads\/2019\/01\/choqueruta35guanaco2019-2-300x195.jpeg 300w, https:\/\/diariotextual.com\/inicio\/wp-content\/uploads\/2019\/01\/choqueruta35guanaco2019-2-768x499.jpeg 768w, https:\/\/diariotextual.com\/inicio\/wp-content\/uploads\/2019\/01\/choqueruta35guanaco2019-2-585x380.jpeg 585w\" sizes=\"(max-width: 841px) 100vw, 841px\" \/><\/p>\n<p>El fallo fue dictado por el juez de audiencia santarrose\u00f1o, Andr\u00e9s Oli\u00e9. El abreviado fue rubricado por la fiscala Mar\u00eda Cecilia Martin\u00ed, la defensora oficial Mar\u00eda Silvina Blanco G\u00f3mez y el propio acusado.<\/p>\n<p>La madre de la v\u00edctima, en su condici\u00f3n de querellante particular y representada por el abogado particular Guillermo C\u00e9sar Barreto, tambi\u00e9n brind\u00f3 su consentimiento al acuerdo.<\/p>\n<p>El hecho probado ocurri\u00f3 el 25 de enero pasado, a la madrugada, en el kil\u00f3metro 363 de la ruta nacional 35, entre Winifreda y Santa Rosa. Aguirre conduc\u00eda un Peugeot 206, en sentido norte-sur, \u201ccon intoxicaci\u00f3n por coca\u00edna\u201d, dijo el juez. En esa zona hab\u00eda carteler\u00eda que ped\u00eda precauci\u00f3n. \u00abAtenci\u00f3n con lluvia a 300 metros, agua en la calzada\u201d, indicaban carteles.<\/p>\n<p>\u00abEl acusado <strong>transit\u00f3 por all\u00ed de manera imprudente y sin reducir la velocidad hasta llegar a un banco de agua existente en la calzada, perdiendo el control del auto, invadiendo el otro carril y ocasionando que Fanessi, quien se desplazaba en sentido contrario, al mando de una moto Honda Tit\u00e1n, no pudiera evitar la colisi\u00f3n<\/strong>, impactando contra el Peugeot en su parte trasera y produci\u00e9ndose su deceso de forma inmediata\u201d, sostuvo el juez en el fallo. <strong>La moto qued\u00f3 en los asientos traseros del auto.<\/strong><\/p>\n<p>Oli\u00e9 valor\u00f3, entre otras pruebas, el acta de constataci\u00f3n e inspecci\u00f3n ocular confeccionada por personal de la comisar\u00eda de Winifreda, fotograf\u00edas, las actas de secuestro de la moto y el Peugeot 206, los informes de t\u00f3xicos de la Agencia de Investigaci\u00f3n Cient\u00edfica \u2013dependiente del Ministerio P\u00fablico Fiscal\u2013, de la autopsia y el accidentol\u00f3gico, y la planimetr\u00eda del lugar.<\/p>\n<p>A Aguirre se le unific\u00f3 la pena de tres a\u00f1os por el homicidio culposo, con la que le impusiera el TOF, hace dos meses, a seis a\u00f1os de prisi\u00f3n y multa de 45 unidades fijas como autor del delito de transporte ilegal de estupefacientes.<\/p>\n<p>Justamente en ese proceso, los jueces Pablo Ramiro D\u00edaz Lacava, Jos\u00e9 Mario Tripputi y Marcos Javier Aguerrido hab\u00edan acreditado que Aguirre transportaba 9,98 kilos de marihuana, fraccionados en once trozos compactos, en el interior del auto cuando protagoniz\u00f3 el accidente que le impidi\u00f3 continuar el tr\u00e1nsito.<\/p>\n<blockquote class=\"wp-embedded-content\" data-secret=\"Xgf2wxhyMF\"><p><a href=\"http:\/\/diariotextual.com\/inicio\/index.php\/2019\/02\/10\/choque-muerte-la-35-procesaron-cacho-aguirre-transportar-10-kilos-marihuana\/\">Choque y muerte en la 35: procesaron a &#171;Cacho&#187; Aguirre por transportar 10 kilos de marihuana<\/a><\/p><\/blockquote>\n<p><iframe class=\"wp-embedded-content\" sandbox=\"allow-scripts\" security=\"restricted\" style=\"position: absolute; clip: rect(1px, 1px, 1px, 1px);\" src=\"http:\/\/diariotextual.com\/inicio\/index.php\/2019\/02\/10\/choque-muerte-la-35-procesaron-cacho-aguirre-transportar-10-kilos-marihuana\/embed\/#?secret=Xgf2wxhyMF\" data-secret=\"Xgf2wxhyMF\" width=\"600\" height=\"338\" title=\"&#171;Choque y muerte en la 35: procesaron a &#171;Cacho&#187; Aguirre por transportar 10 kilos de marihuana&#187; &#8212; Diario Textual\" frameborder=\"0\" marginwidth=\"0\" marginheight=\"0\" scrolling=\"no\"><\/iframe><\/p>\n<p>&nbsp;<\/p>\n","protected":false},"excerpt":{"rendered":"<p>M\u00e1rtires Te\u00f3filo \u00abCacho\u00bb Aguirre, un alba\u00f1il de 58 a\u00f1os, fue condenado hoy a tres a\u00f1os de prisi\u00f3n y diez de inhabilitaci\u00f3n para conducir todo tipo de veh\u00edculo con motor por&hellip;<\/p>\n","protected":false},"author":3,"featured_media":35435,"comment_status":"closed","ping_status":"open","sticky":false,"template":"","format":"standard","meta":{"_acf_changed":false,"footnotes":""},"categories":[319,12],"tags":[1414,1633,171,288],"class_list":["post-57175","post","type-post","status-publish","format-standard","has-post-thumbnail","hentry","category-a-temporales","category-sociedad","tag-aguirre","tag-cacho","tag-choque","tag-marihuana"],"acf":[],"yoast_head":"<!-- This site is optimized with the Yoast SEO plugin v27.5 - https:\/\/yoast.com\/product\/yoast-seo-wordpress\/ -->\n<title>Manejaba drogado por la ruta 35, mat\u00f3 a un penitenciario y recibi\u00f3 una pena de 6 a\u00f1os - Diario Textual<\/title>\n<meta name=\"robots\" content=\"index, follow, max-snippet:-1, max-image-preview:large, max-video-preview:-1\" \/>\n<link rel=\"canonical\" href=\"https:\/\/diariotextual.com\/inicio\/index.php\/2019\/07\/26\/manejaba-drogado-la-ruta-35-mato-penitenciario-recibio-una-pena-6-anos\/\" \/>\n<meta property=\"og:locale\" content=\"es_ES\" \/>\n<meta property=\"og:type\" content=\"article\" \/>\n<meta property=\"og:title\" content=\"Manejaba drogado por la ruta 35, mat\u00f3 a un penitenciario y recibi\u00f3 una pena de 6 a\u00f1os - Diario Textual\" \/>\n<meta property=\"og:description\" content=\"M\u00e1rtires Te\u00f3filo \u00abCacho\u00bb Aguirre, un alba\u00f1il de 58 a\u00f1os, fue condenado hoy a tres a\u00f1os de prisi\u00f3n y diez de inhabilitaci\u00f3n para conducir todo tipo de veh\u00edculo con motor por&hellip;\" \/>\n<meta property=\"og:url\" content=\"https:\/\/diariotextual.com\/inicio\/index.php\/2019\/07\/26\/manejaba-drogado-la-ruta-35-mato-penitenciario-recibio-una-pena-6-anos\/\" \/>\n<meta property=\"og:site_name\" content=\"Diario Textual\" \/>\n<meta property=\"article:publisher\" content=\"https:\/\/www.facebook.com\/eltextual\" \/>\n<meta property=\"article:published_time\" content=\"2019-07-26T15:52:19+00:00\" \/>\n<meta property=\"article:modified_time\" content=\"2019-07-27T12:57:28+00:00\" \/>\n<meta property=\"og:image\" content=\"https:\/\/diariotextual.com\/inicio\/wp-content\/uploads\/2019\/01\/siniestroautochoqueruta35marihuana34.jpg\" \/>\n\t<meta property=\"og:image:width\" content=\"818\" \/>\n\t<meta property=\"og:image:height\" content=\"468\" \/>\n\t<meta property=\"og:image:type\" content=\"image\/jpeg\" \/>\n<meta name=\"author\" content=\"Diario1 Diario1\" \/>\n<meta name=\"twitter:card\" content=\"summary_large_image\" \/>\n<meta name=\"twitter:creator\" content=\"@eltextual\" \/>\n<meta name=\"twitter:site\" content=\"@eltextual\" \/>\n<meta name=\"twitter:label1\" content=\"Escrito por\" \/>\n\t<meta name=\"twitter:data1\" content=\"Diario1 Diario1\" \/>\n\t<meta name=\"twitter:label2\" content=\"Tiempo de lectura\" \/>\n\t<meta name=\"twitter:data2\" content=\"3 minutos\" \/>\n<script type=\"application\/ld+json\" class=\"yoast-schema-graph\">{\"@context\":\"https:\\\/\\\/schema.org\",\"@graph\":[{\"@type\":\"Article\",\"@id\":\"https:\\\/\\\/diariotextual.com\\\/inicio\\\/index.php\\\/2019\\\/07\\\/26\\\/manejaba-drogado-la-ruta-35-mato-penitenciario-recibio-una-pena-6-anos\\\/#article\",\"isPartOf\":{\"@id\":\"https:\\\/\\\/diariotextual.com\\\/inicio\\\/index.php\\\/2019\\\/07\\\/26\\\/manejaba-drogado-la-ruta-35-mato-penitenciario-recibio-una-pena-6-anos\\\/\"},\"author\":{\"name\":\"Diario1 Diario1\",\"@id\":\"https:\\\/\\\/diariotextual.com\\\/inicio\\\/#\\\/schema\\\/person\\\/418fc4093c33e86ed41562db3508f958\"},\"headline\":\"Manejaba drogado por la ruta 35, mat\u00f3 a un penitenciario y recibi\u00f3 una pena de 6 a\u00f1os\",\"datePublished\":\"2019-07-26T15:52:19+00:00\",\"dateModified\":\"2019-07-27T12:57:28+00:00\",\"mainEntityOfPage\":{\"@id\":\"https:\\\/\\\/diariotextual.com\\\/inicio\\\/index.php\\\/2019\\\/07\\\/26\\\/manejaba-drogado-la-ruta-35-mato-penitenciario-recibio-una-pena-6-anos\\\/\"},\"wordCount\":614,\"publisher\":{\"@id\":\"https:\\\/\\\/diariotextual.com\\\/inicio\\\/#organization\"},\"image\":{\"@id\":\"https:\\\/\\\/diariotextual.com\\\/inicio\\\/index.php\\\/2019\\\/07\\\/26\\\/manejaba-drogado-la-ruta-35-mato-penitenciario-recibio-una-pena-6-anos\\\/#primaryimage\"},\"thumbnailUrl\":\"https:\\\/\\\/diariotextual.com\\\/inicio\\\/wp-content\\\/uploads\\\/2019\\\/01\\\/siniestroautochoqueruta35marihuana34.jpg\",\"keywords\":[\"aguirre\",\"cacho\",\"choque\",\"marihuana\"],\"articleSection\":[\"A - TEMPORALES\",\"SOCIEDAD\"],\"inLanguage\":\"es\"},{\"@type\":\"WebPage\",\"@id\":\"https:\\\/\\\/diariotextual.com\\\/inicio\\\/index.php\\\/2019\\\/07\\\/26\\\/manejaba-drogado-la-ruta-35-mato-penitenciario-recibio-una-pena-6-anos\\\/\",\"url\":\"https:\\\/\\\/diariotextual.com\\\/inicio\\\/index.php\\\/2019\\\/07\\\/26\\\/manejaba-drogado-la-ruta-35-mato-penitenciario-recibio-una-pena-6-anos\\\/\",\"name\":\"Manejaba drogado por la ruta 35, mat\u00f3 a un penitenciario y recibi\u00f3 una pena de 6 a\u00f1os - Diario Textual\",\"isPartOf\":{\"@id\":\"https:\\\/\\\/diariotextual.com\\\/inicio\\\/#website\"},\"primaryImageOfPage\":{\"@id\":\"https:\\\/\\\/diariotextual.com\\\/inicio\\\/index.php\\\/2019\\\/07\\\/26\\\/manejaba-drogado-la-ruta-35-mato-penitenciario-recibio-una-pena-6-anos\\\/#primaryimage\"},\"image\":{\"@id\":\"https:\\\/\\\/diariotextual.com\\\/inicio\\\/index.php\\\/2019\\\/07\\\/26\\\/manejaba-drogado-la-ruta-35-mato-penitenciario-recibio-una-pena-6-anos\\\/#primaryimage\"},\"thumbnailUrl\":\"https:\\\/\\\/diariotextual.com\\\/inicio\\\/wp-content\\\/uploads\\\/2019\\\/01\\\/siniestroautochoqueruta35marihuana34.jpg\",\"datePublished\":\"2019-07-26T15:52:19+00:00\",\"dateModified\":\"2019-07-27T12:57:28+00:00\",\"breadcrumb\":{\"@id\":\"https:\\\/\\\/diariotextual.com\\\/inicio\\\/index.php\\\/2019\\\/07\\\/26\\\/manejaba-drogado-la-ruta-35-mato-penitenciario-recibio-una-pena-6-anos\\\/#breadcrumb\"},\"inLanguage\":\"es\",\"potentialAction\":[{\"@type\":\"ReadAction\",\"target\":[\"https:\\\/\\\/diariotextual.com\\\/inicio\\\/index.php\\\/2019\\\/07\\\/26\\\/manejaba-drogado-la-ruta-35-mato-penitenciario-recibio-una-pena-6-anos\\\/\"]}]},{\"@type\":\"ImageObject\",\"inLanguage\":\"es\",\"@id\":\"https:\\\/\\\/diariotextual.com\\\/inicio\\\/index.php\\\/2019\\\/07\\\/26\\\/manejaba-drogado-la-ruta-35-mato-penitenciario-recibio-una-pena-6-anos\\\/#primaryimage\",\"url\":\"https:\\\/\\\/diariotextual.com\\\/inicio\\\/wp-content\\\/uploads\\\/2019\\\/01\\\/siniestroautochoqueruta35marihuana34.jpg\",\"contentUrl\":\"https:\\\/\\\/diariotextual.com\\\/inicio\\\/wp-content\\\/uploads\\\/2019\\\/01\\\/siniestroautochoqueruta35marihuana34.jpg\",\"width\":818,\"height\":468},{\"@type\":\"BreadcrumbList\",\"@id\":\"https:\\\/\\\/diariotextual.com\\\/inicio\\\/index.php\\\/2019\\\/07\\\/26\\\/manejaba-drogado-la-ruta-35-mato-penitenciario-recibio-una-pena-6-anos\\\/#breadcrumb\",\"itemListElement\":[{\"@type\":\"ListItem\",\"position\":1,\"name\":\"Portada\",\"item\":\"https:\\\/\\\/diariotextual.com\\\/inicio\\\/\"},{\"@type\":\"ListItem\",\"position\":2,\"name\":\"Manejaba drogado por la ruta 35, mat\u00f3 a un penitenciario y recibi\u00f3 una pena de 6 a\u00f1os\"}]},{\"@type\":\"WebSite\",\"@id\":\"https:\\\/\\\/diariotextual.com\\\/inicio\\\/#website\",\"url\":\"https:\\\/\\\/diariotextual.com\\\/inicio\\\/\",\"name\":\"Diario Textual\",\"description\":\"\",\"publisher\":{\"@id\":\"https:\\\/\\\/diariotextual.com\\\/inicio\\\/#organization\"},\"potentialAction\":[{\"@type\":\"SearchAction\",\"target\":{\"@type\":\"EntryPoint\",\"urlTemplate\":\"https:\\\/\\\/diariotextual.com\\\/inicio\\\/?s={search_term_string}\"},\"query-input\":{\"@type\":\"PropertyValueSpecification\",\"valueRequired\":true,\"valueName\":\"search_term_string\"}}],\"inLanguage\":\"es\"},{\"@type\":\"Organization\",\"@id\":\"https:\\\/\\\/diariotextual.com\\\/inicio\\\/#organization\",\"name\":\"Diario Textual\",\"url\":\"https:\\\/\\\/diariotextual.com\\\/inicio\\\/\",\"logo\":{\"@type\":\"ImageObject\",\"inLanguage\":\"es\",\"@id\":\"https:\\\/\\\/diariotextual.com\\\/inicio\\\/#\\\/schema\\\/logo\\\/image\\\/\",\"url\":\"https:\\\/\\\/diariotextual.com\\\/inicio\\\/wp-content\\\/uploads\\\/2023\\\/05\\\/logotextual1.jpg\",\"contentUrl\":\"https:\\\/\\\/diariotextual.com\\\/inicio\\\/wp-content\\\/uploads\\\/2023\\\/05\\\/logotextual1.jpg\",\"width\":516,\"height\":76,\"caption\":\"Diario Textual\"},\"image\":{\"@id\":\"https:\\\/\\\/diariotextual.com\\\/inicio\\\/#\\\/schema\\\/logo\\\/image\\\/\"},\"sameAs\":[\"https:\\\/\\\/www.facebook.com\\\/eltextual\",\"https:\\\/\\\/x.com\\\/eltextual\",\"http:\\\/\\\/www.instagram.com\\\/eltextual\"]},{\"@type\":\"Person\",\"@id\":\"https:\\\/\\\/diariotextual.com\\\/inicio\\\/#\\\/schema\\\/person\\\/418fc4093c33e86ed41562db3508f958\",\"name\":\"Diario1 Diario1\",\"image\":{\"@type\":\"ImageObject\",\"inLanguage\":\"es\",\"@id\":\"https:\\\/\\\/secure.gravatar.com\\\/avatar\\\/9167d280179c85bc18be67aa7eda765854300033af4896dd779b608640f2ef7a?s=96&d=mm&r=g\",\"url\":\"https:\\\/\\\/secure.gravatar.com\\\/avatar\\\/9167d280179c85bc18be67aa7eda765854300033af4896dd779b608640f2ef7a?s=96&d=mm&r=g\",\"contentUrl\":\"https:\\\/\\\/secure.gravatar.com\\\/avatar\\\/9167d280179c85bc18be67aa7eda765854300033af4896dd779b608640f2ef7a?s=96&d=mm&r=g\",\"caption\":\"Diario1 Diario1\"},\"url\":\"https:\\\/\\\/diariotextual.com\\\/inicio\\\/index.php\\\/author\\\/diario1\\\/\"}]}<\/script>\n<!-- \/ Yoast SEO plugin. -->","yoast_head_json":{"title":"Manejaba drogado por la ruta 35, mat\u00f3 a un penitenciario y recibi\u00f3 una pena de 6 a\u00f1os - Diario Textual","robots":{"index":"index","follow":"follow","max-snippet":"max-snippet:-1","max-image-preview":"max-image-preview:large","max-video-preview":"max-video-preview:-1"},"canonical":"https:\/\/diariotextual.com\/inicio\/index.php\/2019\/07\/26\/manejaba-drogado-la-ruta-35-mato-penitenciario-recibio-una-pena-6-anos\/","og_locale":"es_ES","og_type":"article","og_title":"Manejaba drogado por la ruta 35, mat\u00f3 a un penitenciario y recibi\u00f3 una pena de 6 a\u00f1os - Diario Textual","og_description":"M\u00e1rtires Te\u00f3filo \u00abCacho\u00bb Aguirre, un alba\u00f1il de 58 a\u00f1os, fue condenado hoy a tres a\u00f1os de prisi\u00f3n y diez de inhabilitaci\u00f3n para conducir todo tipo de veh\u00edculo con motor por&hellip;","og_url":"https:\/\/diariotextual.com\/inicio\/index.php\/2019\/07\/26\/manejaba-drogado-la-ruta-35-mato-penitenciario-recibio-una-pena-6-anos\/","og_site_name":"Diario Textual","article_publisher":"https:\/\/www.facebook.com\/eltextual","article_published_time":"2019-07-26T15:52:19+00:00","article_modified_time":"2019-07-27T12:57:28+00:00","og_image":[{"width":818,"height":468,"url":"https:\/\/diariotextual.com\/inicio\/wp-content\/uploads\/2019\/01\/siniestroautochoqueruta35marihuana34.jpg","type":"image\/jpeg"}],"author":"Diario1 Diario1","twitter_card":"summary_large_image","twitter_creator":"@eltextual","twitter_site":"@eltextual","twitter_misc":{"Escrito por":"Diario1 Diario1","Tiempo de lectura":"3 minutos"},"schema":{"@context":"https:\/\/schema.org","@graph":[{"@type":"Article","@id":"https:\/\/diariotextual.com\/inicio\/index.php\/2019\/07\/26\/manejaba-drogado-la-ruta-35-mato-penitenciario-recibio-una-pena-6-anos\/#article","isPartOf":{"@id":"https:\/\/diariotextual.com\/inicio\/index.php\/2019\/07\/26\/manejaba-drogado-la-ruta-35-mato-penitenciario-recibio-una-pena-6-anos\/"},"author":{"name":"Diario1 Diario1","@id":"https:\/\/diariotextual.com\/inicio\/#\/schema\/person\/418fc4093c33e86ed41562db3508f958"},"headline":"Manejaba drogado por la ruta 35, mat\u00f3 a un penitenciario y recibi\u00f3 una pena de 6 a\u00f1os","datePublished":"2019-07-26T15:52:19+00:00","dateModified":"2019-07-27T12:57:28+00:00","mainEntityOfPage":{"@id":"https:\/\/diariotextual.com\/inicio\/index.php\/2019\/07\/26\/manejaba-drogado-la-ruta-35-mato-penitenciario-recibio-una-pena-6-anos\/"},"wordCount":614,"publisher":{"@id":"https:\/\/diariotextual.com\/inicio\/#organization"},"image":{"@id":"https:\/\/diariotextual.com\/inicio\/index.php\/2019\/07\/26\/manejaba-drogado-la-ruta-35-mato-penitenciario-recibio-una-pena-6-anos\/#primaryimage"},"thumbnailUrl":"https:\/\/diariotextual.com\/inicio\/wp-content\/uploads\/2019\/01\/siniestroautochoqueruta35marihuana34.jpg","keywords":["aguirre","cacho","choque","marihuana"],"articleSection":["A - TEMPORALES","SOCIEDAD"],"inLanguage":"es"},{"@type":"WebPage","@id":"https:\/\/diariotextual.com\/inicio\/index.php\/2019\/07\/26\/manejaba-drogado-la-ruta-35-mato-penitenciario-recibio-una-pena-6-anos\/","url":"https:\/\/diariotextual.com\/inicio\/index.php\/2019\/07\/26\/manejaba-drogado-la-ruta-35-mato-penitenciario-recibio-una-pena-6-anos\/","name":"Manejaba drogado por la ruta 35, mat\u00f3 a un penitenciario y recibi\u00f3 una pena de 6 a\u00f1os - Diario Textual","isPartOf":{"@id":"https:\/\/diariotextual.com\/inicio\/#website"},"primaryImageOfPage":{"@id":"https:\/\/diariotextual.com\/inicio\/index.php\/2019\/07\/26\/manejaba-drogado-la-ruta-35-mato-penitenciario-recibio-una-pena-6-anos\/#primaryimage"},"image":{"@id":"https:\/\/diariotextual.com\/inicio\/index.php\/2019\/07\/26\/manejaba-drogado-la-ruta-35-mato-penitenciario-recibio-una-pena-6-anos\/#primaryimage"},"thumbnailUrl":"https:\/\/diariotextual.com\/inicio\/wp-content\/uploads\/2019\/01\/siniestroautochoqueruta35marihuana34.jpg","datePublished":"2019-07-26T15:52:19+00:00","dateModified":"2019-07-27T12:57:28+00:00","breadcrumb":{"@id":"https:\/\/diariotextual.com\/inicio\/index.php\/2019\/07\/26\/manejaba-drogado-la-ruta-35-mato-penitenciario-recibio-una-pena-6-anos\/#breadcrumb"},"inLanguage":"es","potentialAction":[{"@type":"ReadAction","target":["https:\/\/diariotextual.com\/inicio\/index.php\/2019\/07\/26\/manejaba-drogado-la-ruta-35-mato-penitenciario-recibio-una-pena-6-anos\/"]}]},{"@type":"ImageObject","inLanguage":"es","@id":"https:\/\/diariotextual.com\/inicio\/index.php\/2019\/07\/26\/manejaba-drogado-la-ruta-35-mato-penitenciario-recibio-una-pena-6-anos\/#primaryimage","url":"https:\/\/diariotextual.com\/inicio\/wp-content\/uploads\/2019\/01\/siniestroautochoqueruta35marihuana34.jpg","contentUrl":"https:\/\/diariotextual.com\/inicio\/wp-content\/uploads\/2019\/01\/siniestroautochoqueruta35marihuana34.jpg","width":818,"height":468},{"@type":"BreadcrumbList","@id":"https:\/\/diariotextual.com\/inicio\/index.php\/2019\/07\/26\/manejaba-drogado-la-ruta-35-mato-penitenciario-recibio-una-pena-6-anos\/#breadcrumb","itemListElement":[{"@type":"ListItem","position":1,"name":"Portada","item":"https:\/\/diariotextual.com\/inicio\/"},{"@type":"ListItem","position":2,"name":"Manejaba drogado por la ruta 35, mat\u00f3 a un penitenciario y recibi\u00f3 una pena de 6 a\u00f1os"}]},{"@type":"WebSite","@id":"https:\/\/diariotextual.com\/inicio\/#website","url":"https:\/\/diariotextual.com\/inicio\/","name":"Diario Textual","description":"","publisher":{"@id":"https:\/\/diariotextual.com\/inicio\/#organization"},"potentialAction":[{"@type":"SearchAction","target":{"@type":"EntryPoint","urlTemplate":"https:\/\/diariotextual.com\/inicio\/?s={search_term_string}"},"query-input":{"@type":"PropertyValueSpecification","valueRequired":true,"valueName":"search_term_string"}}],"inLanguage":"es"},{"@type":"Organization","@id":"https:\/\/diariotextual.com\/inicio\/#organization","name":"Diario Textual","url":"https:\/\/diariotextual.com\/inicio\/","logo":{"@type":"ImageObject","inLanguage":"es","@id":"https:\/\/diariotextual.com\/inicio\/#\/schema\/logo\/image\/","url":"https:\/\/diariotextual.com\/inicio\/wp-content\/uploads\/2023\/05\/logotextual1.jpg","contentUrl":"https:\/\/diariotextual.com\/inicio\/wp-content\/uploads\/2023\/05\/logotextual1.jpg","width":516,"height":76,"caption":"Diario Textual"},"image":{"@id":"https:\/\/diariotextual.com\/inicio\/#\/schema\/logo\/image\/"},"sameAs":["https:\/\/www.facebook.com\/eltextual","https:\/\/x.com\/eltextual","http:\/\/www.instagram.com\/eltextual"]},{"@type":"Person","@id":"https:\/\/diariotextual.com\/inicio\/#\/schema\/person\/418fc4093c33e86ed41562db3508f958","name":"Diario1 Diario1","image":{"@type":"ImageObject","inLanguage":"es","@id":"https:\/\/secure.gravatar.com\/avatar\/9167d280179c85bc18be67aa7eda765854300033af4896dd779b608640f2ef7a?s=96&d=mm&r=g","url":"https:\/\/secure.gravatar.com\/avatar\/9167d280179c85bc18be67aa7eda765854300033af4896dd779b608640f2ef7a?s=96&d=mm&r=g","contentUrl":"https:\/\/secure.gravatar.com\/avatar\/9167d280179c85bc18be67aa7eda765854300033af4896dd779b608640f2ef7a?s=96&d=mm&r=g","caption":"Diario1 Diario1"},"url":"https:\/\/diariotextual.com\/inicio\/index.php\/author\/diario1\/"}]}},"_links":{"self":[{"href":"https:\/\/diariotextual.com\/inicio\/index.php\/wp-json\/wp\/v2\/posts\/57175","targetHints":{"allow":["GET"]}}],"collection":[{"href":"https:\/\/diariotextual.com\/inicio\/index.php\/wp-json\/wp\/v2\/posts"}],"about":[{"href":"https:\/\/diariotextual.com\/inicio\/index.php\/wp-json\/wp\/v2\/types\/post"}],"author":[{"embeddable":true,"href":"https:\/\/diariotextual.com\/inicio\/index.php\/wp-json\/wp\/v2\/users\/3"}],"replies":[{"embeddable":true,"href":"https:\/\/diariotextual.com\/inicio\/index.php\/wp-json\/wp\/v2\/comments?post=57175"}],"version-history":[{"count":6,"href":"https:\/\/diariotextual.com\/inicio\/index.php\/wp-json\/wp\/v2\/posts\/57175\/revisions"}],"predecessor-version":[{"id":57185,"href":"https:\/\/diariotextual.com\/inicio\/index.php\/wp-json\/wp\/v2\/posts\/57175\/revisions\/57185"}],"wp:featuredmedia":[{"embeddable":true,"href":"https:\/\/diariotextual.com\/inicio\/index.php\/wp-json\/wp\/v2\/media\/35435"}],"wp:attachment":[{"href":"https:\/\/diariotextual.com\/inicio\/index.php\/wp-json\/wp\/v2\/media?parent=57175"}],"wp:term":[{"taxonomy":"category","embeddable":true,"href":"https:\/\/diariotextual.com\/inicio\/index.php\/wp-json\/wp\/v2\/categories?post=57175"},{"taxonomy":"post_tag","embeddable":true,"href":"https:\/\/diariotextual.com\/inicio\/index.php\/wp-json\/wp\/v2\/tags?post=57175"}],"curies":[{"name":"wp","href":"https:\/\/api.w.org\/{rel}","templated":true}]}}