{"id":57232,"date":"2019-07-27T09:36:58","date_gmt":"2019-07-27T12:36:58","guid":{"rendered":"http:\/\/diariotextual.com\/inicio\/?p=57232"},"modified":"2019-07-27T17:17:36","modified_gmt":"2019-07-27T20:17:36","slug":"berhongaray-dice-necesaria-una-ley-nacional-complementaria-defender-los-rios-pampeanos","status":"publish","type":"post","link":"https:\/\/diariotextual.com\/inicio\/index.php\/2019\/07\/27\/berhongaray-dice-necesaria-una-ley-nacional-complementaria-defender-los-rios-pampeanos\/","title":{"rendered":"Berhongaray dice que es necesaria una ley nacional complementaria para defender los r\u00edos pampeanos"},"content":{"rendered":"<p>En el marco de la campa\u00f1a electoral para las PASO, el precandidato a diputado nacional de Juntos por el Cambio La Pampa, <strong>Mart\u00edn Berhongaray (Juntos por el Cambio)<\/strong>, visit\u00f3 Alpachiri, General Campos y Colonia Santa Teresa, donde expuso su propuesta en defensa de los recursos h\u00eddricos de la provincia.<\/p>\n<p>Durante las recorridas, Berhongaray plante\u00f3 los principales ejes de su campa\u00f1a, dentro de los cuales mencion\u00f3 \u00abla necesidad de impulsar una ley complementaria\u00bb de la Ley Nacional 25.688 conocida como de R\u00e9gimen de Gesti\u00f3n Ambiental de Aguas. \u00abLa norma en cuesti\u00f3n forma parte de las denominadas &#8216;leyes de presupuestos m\u00ednimos&#8217; que establecen par\u00e1metros uniformes de protecci\u00f3n ambiental para todo el territorio nacional\u00bb, dijo.\u00a0 \u00abLa Ley 25.688 es fundamental para las provincias que nos encontramos aguas abajo, como es el caso de La Pampa, y que por esa situaci\u00f3n estamos m\u00e1s indefensos\u00bb.<\/p>\n<p>\u00abSi bien la Ley 25.688 cre\u00f3 los Comit\u00e9s de Cuenca como unidad de gesti\u00f3n ambiental, no defini\u00f3 cu\u00e1les Comit\u00e9s de Cuenca van a funcionar en el pa\u00eds, ni tampoco qu\u00e9 atribuciones van a tener ni c\u00f3mo se van a integrar\u00bb, explic\u00f3 el dirigente radical.<\/p>\n<p>\u00abEsas cuestiones -prosigui\u00f3- necesitan ser complementadas por una nueva ley que vamos a impulsar en el Congreso Nacional y de esa manera queremos hacer plenamente aplicable el art\u00edculo 6 que establece que para utilizar las aguas en el caso de cuencas interjurisdiccionales, como es la del Atuel y el Colorado, es imprescindible la aprobaci\u00f3n de cada decisi\u00f3n que se tome por el Comit\u00e9 de Cuenca correspondiente, mucho m\u00e1s a\u00fan cuando exista riesgo de afectar el ambiente de alguna de las provincias involucradas\u201d.<\/p>\n<p>\u00abUno de los principios rectores de la pol\u00edtica h\u00eddrica -sostuvo- es el de unidad de cuenca que, a partir de considerar a la cuenca en su integralidad, reconoce como premisa b\u00e1sica la coordinaci\u00f3n institucional y la participaci\u00f3n activa en todas las decisiones de manejo por parte de aquellas jurisdicciones que tienen el car\u00e1cter de co-titulares del recurso\u00bb.<\/p>\n<p>\u00abEl manejo de la cuenca como unidad constituye la \u00fanica forma posible de regulaci\u00f3n y administraci\u00f3n porque permite un uso racional y sustentable de las aguas\u201d, finaliz\u00f3.<\/p>\n<p>&nbsp;<\/p>\n<p>&nbsp;<\/p>\n<p>&nbsp;<\/p>\n","protected":false},"excerpt":{"rendered":"<p>En el marco de la campa\u00f1a electoral para las PASO, el precandidato a diputado nacional de Juntos por el Cambio La Pampa, Mart\u00edn Berhongaray (Juntos por el Cambio), visit\u00f3 Alpachiri,&hellip;<\/p>\n","protected":false},"author":3,"featured_media":57234,"comment_status":"closed","ping_status":"open","sticky":false,"template":"","format":"standard","meta":{"_acf_changed":false,"footnotes":""},"categories":[11,319,8],"tags":[],"class_list":["post-57232","post","type-post","status-publish","format-standard","has-post-thumbnail","hentry","category-que-pasa","category-a-temporales","category-politica"],"acf":[],"yoast_head":"<!-- This site is optimized with the Yoast SEO plugin v27.5 - https:\/\/yoast.com\/product\/yoast-seo-wordpress\/ -->\n<title>Berhongaray dice que es necesaria una ley nacional complementaria para defender los r\u00edos pampeanos - Diario Textual<\/title>\n<meta name=\"robots\" content=\"index, follow, max-snippet:-1, max-image-preview:large, max-video-preview:-1\" \/>\n<link rel=\"canonical\" href=\"https:\/\/diariotextual.com\/inicio\/index.php\/2019\/07\/27\/berhongaray-dice-necesaria-una-ley-nacional-complementaria-defender-los-rios-pampeanos\/\" \/>\n<meta property=\"og:locale\" content=\"es_ES\" \/>\n<meta property=\"og:type\" content=\"article\" \/>\n<meta property=\"og:title\" content=\"Berhongaray dice que es necesaria una ley nacional complementaria para defender los r\u00edos pampeanos - Diario Textual\" \/>\n<meta property=\"og:description\" content=\"En el marco de la campa\u00f1a electoral para las PASO, el precandidato a diputado nacional de Juntos por el Cambio La Pampa, Mart\u00edn Berhongaray (Juntos por el Cambio), visit\u00f3 Alpachiri,&hellip;\" \/>\n<meta property=\"og:url\" content=\"https:\/\/diariotextual.com\/inicio\/index.php\/2019\/07\/27\/berhongaray-dice-necesaria-una-ley-nacional-complementaria-defender-los-rios-pampeanos\/\" \/>\n<meta property=\"og:site_name\" content=\"Diario Textual\" \/>\n<meta property=\"article:publisher\" content=\"https:\/\/www.facebook.com\/eltextual\" \/>\n<meta property=\"article:published_time\" content=\"2019-07-27T12:36:58+00:00\" \/>\n<meta property=\"article:modified_time\" content=\"2019-07-27T20:17:36+00:00\" \/>\n<meta property=\"og:image\" content=\"https:\/\/diariotextual.com\/inicio\/wp-content\/uploads\/2019\/07\/berhongaraymartin2019-111.jpg\" \/>\n\t<meta property=\"og:image:width\" content=\"1280\" \/>\n\t<meta property=\"og:image:height\" content=\"853\" \/>\n\t<meta property=\"og:image:type\" content=\"image\/jpeg\" \/>\n<meta name=\"author\" content=\"Diario1 Diario1\" \/>\n<meta name=\"twitter:card\" content=\"summary_large_image\" \/>\n<meta name=\"twitter:creator\" content=\"@eltextual\" \/>\n<meta name=\"twitter:site\" content=\"@eltextual\" \/>\n<meta name=\"twitter:label1\" content=\"Escrito por\" \/>\n\t<meta name=\"twitter:data1\" content=\"Diario1 Diario1\" \/>\n\t<meta name=\"twitter:label2\" content=\"Tiempo de lectura\" \/>\n\t<meta name=\"twitter:data2\" content=\"2 minutos\" \/>\n<script type=\"application\/ld+json\" class=\"yoast-schema-graph\">{\"@context\":\"https:\\\/\\\/schema.org\",\"@graph\":[{\"@type\":\"Article\",\"@id\":\"https:\\\/\\\/diariotextual.com\\\/inicio\\\/index.php\\\/2019\\\/07\\\/27\\\/berhongaray-dice-necesaria-una-ley-nacional-complementaria-defender-los-rios-pampeanos\\\/#article\",\"isPartOf\":{\"@id\":\"https:\\\/\\\/diariotextual.com\\\/inicio\\\/index.php\\\/2019\\\/07\\\/27\\\/berhongaray-dice-necesaria-una-ley-nacional-complementaria-defender-los-rios-pampeanos\\\/\"},\"author\":{\"name\":\"Diario1 Diario1\",\"@id\":\"https:\\\/\\\/diariotextual.com\\\/inicio\\\/#\\\/schema\\\/person\\\/418fc4093c33e86ed41562db3508f958\"},\"headline\":\"Berhongaray dice que es necesaria una ley nacional complementaria para defender los r\u00edos pampeanos\",\"datePublished\":\"2019-07-27T12:36:58+00:00\",\"dateModified\":\"2019-07-27T20:17:36+00:00\",\"mainEntityOfPage\":{\"@id\":\"https:\\\/\\\/diariotextual.com\\\/inicio\\\/index.php\\\/2019\\\/07\\\/27\\\/berhongaray-dice-necesaria-una-ley-nacional-complementaria-defender-los-rios-pampeanos\\\/\"},\"wordCount\":396,\"publisher\":{\"@id\":\"https:\\\/\\\/diariotextual.com\\\/inicio\\\/#organization\"},\"image\":{\"@id\":\"https:\\\/\\\/diariotextual.com\\\/inicio\\\/index.php\\\/2019\\\/07\\\/27\\\/berhongaray-dice-necesaria-una-ley-nacional-complementaria-defender-los-rios-pampeanos\\\/#primaryimage\"},\"thumbnailUrl\":\"https:\\\/\\\/diariotextual.com\\\/inicio\\\/wp-content\\\/uploads\\\/2019\\\/07\\\/berhongaraymartin2019-111.jpg\",\"articleSection\":[\"A - QUE PASA (al costado)\",\"A - TEMPORALES\",\"POLITICA\"],\"inLanguage\":\"es\"},{\"@type\":\"WebPage\",\"@id\":\"https:\\\/\\\/diariotextual.com\\\/inicio\\\/index.php\\\/2019\\\/07\\\/27\\\/berhongaray-dice-necesaria-una-ley-nacional-complementaria-defender-los-rios-pampeanos\\\/\",\"url\":\"https:\\\/\\\/diariotextual.com\\\/inicio\\\/index.php\\\/2019\\\/07\\\/27\\\/berhongaray-dice-necesaria-una-ley-nacional-complementaria-defender-los-rios-pampeanos\\\/\",\"name\":\"Berhongaray dice que es necesaria una ley nacional complementaria para defender los r\u00edos pampeanos - Diario Textual\",\"isPartOf\":{\"@id\":\"https:\\\/\\\/diariotextual.com\\\/inicio\\\/#website\"},\"primaryImageOfPage\":{\"@id\":\"https:\\\/\\\/diariotextual.com\\\/inicio\\\/index.php\\\/2019\\\/07\\\/27\\\/berhongaray-dice-necesaria-una-ley-nacional-complementaria-defender-los-rios-pampeanos\\\/#primaryimage\"},\"image\":{\"@id\":\"https:\\\/\\\/diariotextual.com\\\/inicio\\\/index.php\\\/2019\\\/07\\\/27\\\/berhongaray-dice-necesaria-una-ley-nacional-complementaria-defender-los-rios-pampeanos\\\/#primaryimage\"},\"thumbnailUrl\":\"https:\\\/\\\/diariotextual.com\\\/inicio\\\/wp-content\\\/uploads\\\/2019\\\/07\\\/berhongaraymartin2019-111.jpg\",\"datePublished\":\"2019-07-27T12:36:58+00:00\",\"dateModified\":\"2019-07-27T20:17:36+00:00\",\"breadcrumb\":{\"@id\":\"https:\\\/\\\/diariotextual.com\\\/inicio\\\/index.php\\\/2019\\\/07\\\/27\\\/berhongaray-dice-necesaria-una-ley-nacional-complementaria-defender-los-rios-pampeanos\\\/#breadcrumb\"},\"inLanguage\":\"es\",\"potentialAction\":[{\"@type\":\"ReadAction\",\"target\":[\"https:\\\/\\\/diariotextual.com\\\/inicio\\\/index.php\\\/2019\\\/07\\\/27\\\/berhongaray-dice-necesaria-una-ley-nacional-complementaria-defender-los-rios-pampeanos\\\/\"]}]},{\"@type\":\"ImageObject\",\"inLanguage\":\"es\",\"@id\":\"https:\\\/\\\/diariotextual.com\\\/inicio\\\/index.php\\\/2019\\\/07\\\/27\\\/berhongaray-dice-necesaria-una-ley-nacional-complementaria-defender-los-rios-pampeanos\\\/#primaryimage\",\"url\":\"https:\\\/\\\/diariotextual.com\\\/inicio\\\/wp-content\\\/uploads\\\/2019\\\/07\\\/berhongaraymartin2019-111.jpg\",\"contentUrl\":\"https:\\\/\\\/diariotextual.com\\\/inicio\\\/wp-content\\\/uploads\\\/2019\\\/07\\\/berhongaraymartin2019-111.jpg\",\"width\":1280,\"height\":853},{\"@type\":\"BreadcrumbList\",\"@id\":\"https:\\\/\\\/diariotextual.com\\\/inicio\\\/index.php\\\/2019\\\/07\\\/27\\\/berhongaray-dice-necesaria-una-ley-nacional-complementaria-defender-los-rios-pampeanos\\\/#breadcrumb\",\"itemListElement\":[{\"@type\":\"ListItem\",\"position\":1,\"name\":\"Portada\",\"item\":\"https:\\\/\\\/diariotextual.com\\\/inicio\\\/\"},{\"@type\":\"ListItem\",\"position\":2,\"name\":\"Berhongaray dice que es necesaria una ley nacional complementaria para defender los r\u00edos pampeanos\"}]},{\"@type\":\"WebSite\",\"@id\":\"https:\\\/\\\/diariotextual.com\\\/inicio\\\/#website\",\"url\":\"https:\\\/\\\/diariotextual.com\\\/inicio\\\/\",\"name\":\"Diario Textual\",\"description\":\"\",\"publisher\":{\"@id\":\"https:\\\/\\\/diariotextual.com\\\/inicio\\\/#organization\"},\"potentialAction\":[{\"@type\":\"SearchAction\",\"target\":{\"@type\":\"EntryPoint\",\"urlTemplate\":\"https:\\\/\\\/diariotextual.com\\\/inicio\\\/?s={search_term_string}\"},\"query-input\":{\"@type\":\"PropertyValueSpecification\",\"valueRequired\":true,\"valueName\":\"search_term_string\"}}],\"inLanguage\":\"es\"},{\"@type\":\"Organization\",\"@id\":\"https:\\\/\\\/diariotextual.com\\\/inicio\\\/#organization\",\"name\":\"Diario Textual\",\"url\":\"https:\\\/\\\/diariotextual.com\\\/inicio\\\/\",\"logo\":{\"@type\":\"ImageObject\",\"inLanguage\":\"es\",\"@id\":\"https:\\\/\\\/diariotextual.com\\\/inicio\\\/#\\\/schema\\\/logo\\\/image\\\/\",\"url\":\"https:\\\/\\\/diariotextual.com\\\/inicio\\\/wp-content\\\/uploads\\\/2023\\\/05\\\/logotextual1.jpg\",\"contentUrl\":\"https:\\\/\\\/diariotextual.com\\\/inicio\\\/wp-content\\\/uploads\\\/2023\\\/05\\\/logotextual1.jpg\",\"width\":516,\"height\":76,\"caption\":\"Diario Textual\"},\"image\":{\"@id\":\"https:\\\/\\\/diariotextual.com\\\/inicio\\\/#\\\/schema\\\/logo\\\/image\\\/\"},\"sameAs\":[\"https:\\\/\\\/www.facebook.com\\\/eltextual\",\"https:\\\/\\\/x.com\\\/eltextual\",\"http:\\\/\\\/www.instagram.com\\\/eltextual\"]},{\"@type\":\"Person\",\"@id\":\"https:\\\/\\\/diariotextual.com\\\/inicio\\\/#\\\/schema\\\/person\\\/418fc4093c33e86ed41562db3508f958\",\"name\":\"Diario1 Diario1\",\"image\":{\"@type\":\"ImageObject\",\"inLanguage\":\"es\",\"@id\":\"https:\\\/\\\/secure.gravatar.com\\\/avatar\\\/9167d280179c85bc18be67aa7eda765854300033af4896dd779b608640f2ef7a?s=96&d=mm&r=g\",\"url\":\"https:\\\/\\\/secure.gravatar.com\\\/avatar\\\/9167d280179c85bc18be67aa7eda765854300033af4896dd779b608640f2ef7a?s=96&d=mm&r=g\",\"contentUrl\":\"https:\\\/\\\/secure.gravatar.com\\\/avatar\\\/9167d280179c85bc18be67aa7eda765854300033af4896dd779b608640f2ef7a?s=96&d=mm&r=g\",\"caption\":\"Diario1 Diario1\"},\"url\":\"https:\\\/\\\/diariotextual.com\\\/inicio\\\/index.php\\\/author\\\/diario1\\\/\"}]}<\/script>\n<!-- \/ Yoast SEO plugin. -->","yoast_head_json":{"title":"Berhongaray dice que es necesaria una ley nacional complementaria para defender los r\u00edos pampeanos - Diario Textual","robots":{"index":"index","follow":"follow","max-snippet":"max-snippet:-1","max-image-preview":"max-image-preview:large","max-video-preview":"max-video-preview:-1"},"canonical":"https:\/\/diariotextual.com\/inicio\/index.php\/2019\/07\/27\/berhongaray-dice-necesaria-una-ley-nacional-complementaria-defender-los-rios-pampeanos\/","og_locale":"es_ES","og_type":"article","og_title":"Berhongaray dice que es necesaria una ley nacional complementaria para defender los r\u00edos pampeanos - Diario Textual","og_description":"En el marco de la campa\u00f1a electoral para las PASO, el precandidato a diputado nacional de Juntos por el Cambio La Pampa, Mart\u00edn Berhongaray (Juntos por el Cambio), visit\u00f3 Alpachiri,&hellip;","og_url":"https:\/\/diariotextual.com\/inicio\/index.php\/2019\/07\/27\/berhongaray-dice-necesaria-una-ley-nacional-complementaria-defender-los-rios-pampeanos\/","og_site_name":"Diario Textual","article_publisher":"https:\/\/www.facebook.com\/eltextual","article_published_time":"2019-07-27T12:36:58+00:00","article_modified_time":"2019-07-27T20:17:36+00:00","og_image":[{"width":1280,"height":853,"url":"https:\/\/diariotextual.com\/inicio\/wp-content\/uploads\/2019\/07\/berhongaraymartin2019-111.jpg","type":"image\/jpeg"}],"author":"Diario1 Diario1","twitter_card":"summary_large_image","twitter_creator":"@eltextual","twitter_site":"@eltextual","twitter_misc":{"Escrito por":"Diario1 Diario1","Tiempo de lectura":"2 minutos"},"schema":{"@context":"https:\/\/schema.org","@graph":[{"@type":"Article","@id":"https:\/\/diariotextual.com\/inicio\/index.php\/2019\/07\/27\/berhongaray-dice-necesaria-una-ley-nacional-complementaria-defender-los-rios-pampeanos\/#article","isPartOf":{"@id":"https:\/\/diariotextual.com\/inicio\/index.php\/2019\/07\/27\/berhongaray-dice-necesaria-una-ley-nacional-complementaria-defender-los-rios-pampeanos\/"},"author":{"name":"Diario1 Diario1","@id":"https:\/\/diariotextual.com\/inicio\/#\/schema\/person\/418fc4093c33e86ed41562db3508f958"},"headline":"Berhongaray dice que es necesaria una ley nacional complementaria para defender los r\u00edos pampeanos","datePublished":"2019-07-27T12:36:58+00:00","dateModified":"2019-07-27T20:17:36+00:00","mainEntityOfPage":{"@id":"https:\/\/diariotextual.com\/inicio\/index.php\/2019\/07\/27\/berhongaray-dice-necesaria-una-ley-nacional-complementaria-defender-los-rios-pampeanos\/"},"wordCount":396,"publisher":{"@id":"https:\/\/diariotextual.com\/inicio\/#organization"},"image":{"@id":"https:\/\/diariotextual.com\/inicio\/index.php\/2019\/07\/27\/berhongaray-dice-necesaria-una-ley-nacional-complementaria-defender-los-rios-pampeanos\/#primaryimage"},"thumbnailUrl":"https:\/\/diariotextual.com\/inicio\/wp-content\/uploads\/2019\/07\/berhongaraymartin2019-111.jpg","articleSection":["A - QUE PASA (al costado)","A - TEMPORALES","POLITICA"],"inLanguage":"es"},{"@type":"WebPage","@id":"https:\/\/diariotextual.com\/inicio\/index.php\/2019\/07\/27\/berhongaray-dice-necesaria-una-ley-nacional-complementaria-defender-los-rios-pampeanos\/","url":"https:\/\/diariotextual.com\/inicio\/index.php\/2019\/07\/27\/berhongaray-dice-necesaria-una-ley-nacional-complementaria-defender-los-rios-pampeanos\/","name":"Berhongaray dice que es necesaria una ley nacional complementaria para defender los r\u00edos pampeanos - Diario Textual","isPartOf":{"@id":"https:\/\/diariotextual.com\/inicio\/#website"},"primaryImageOfPage":{"@id":"https:\/\/diariotextual.com\/inicio\/index.php\/2019\/07\/27\/berhongaray-dice-necesaria-una-ley-nacional-complementaria-defender-los-rios-pampeanos\/#primaryimage"},"image":{"@id":"https:\/\/diariotextual.com\/inicio\/index.php\/2019\/07\/27\/berhongaray-dice-necesaria-una-ley-nacional-complementaria-defender-los-rios-pampeanos\/#primaryimage"},"thumbnailUrl":"https:\/\/diariotextual.com\/inicio\/wp-content\/uploads\/2019\/07\/berhongaraymartin2019-111.jpg","datePublished":"2019-07-27T12:36:58+00:00","dateModified":"2019-07-27T20:17:36+00:00","breadcrumb":{"@id":"https:\/\/diariotextual.com\/inicio\/index.php\/2019\/07\/27\/berhongaray-dice-necesaria-una-ley-nacional-complementaria-defender-los-rios-pampeanos\/#breadcrumb"},"inLanguage":"es","potentialAction":[{"@type":"ReadAction","target":["https:\/\/diariotextual.com\/inicio\/index.php\/2019\/07\/27\/berhongaray-dice-necesaria-una-ley-nacional-complementaria-defender-los-rios-pampeanos\/"]}]},{"@type":"ImageObject","inLanguage":"es","@id":"https:\/\/diariotextual.com\/inicio\/index.php\/2019\/07\/27\/berhongaray-dice-necesaria-una-ley-nacional-complementaria-defender-los-rios-pampeanos\/#primaryimage","url":"https:\/\/diariotextual.com\/inicio\/wp-content\/uploads\/2019\/07\/berhongaraymartin2019-111.jpg","contentUrl":"https:\/\/diariotextual.com\/inicio\/wp-content\/uploads\/2019\/07\/berhongaraymartin2019-111.jpg","width":1280,"height":853},{"@type":"BreadcrumbList","@id":"https:\/\/diariotextual.com\/inicio\/index.php\/2019\/07\/27\/berhongaray-dice-necesaria-una-ley-nacional-complementaria-defender-los-rios-pampeanos\/#breadcrumb","itemListElement":[{"@type":"ListItem","position":1,"name":"Portada","item":"https:\/\/diariotextual.com\/inicio\/"},{"@type":"ListItem","position":2,"name":"Berhongaray dice que es necesaria una ley nacional complementaria para defender los r\u00edos pampeanos"}]},{"@type":"WebSite","@id":"https:\/\/diariotextual.com\/inicio\/#website","url":"https:\/\/diariotextual.com\/inicio\/","name":"Diario Textual","description":"","publisher":{"@id":"https:\/\/diariotextual.com\/inicio\/#organization"},"potentialAction":[{"@type":"SearchAction","target":{"@type":"EntryPoint","urlTemplate":"https:\/\/diariotextual.com\/inicio\/?s={search_term_string}"},"query-input":{"@type":"PropertyValueSpecification","valueRequired":true,"valueName":"search_term_string"}}],"inLanguage":"es"},{"@type":"Organization","@id":"https:\/\/diariotextual.com\/inicio\/#organization","name":"Diario Textual","url":"https:\/\/diariotextual.com\/inicio\/","logo":{"@type":"ImageObject","inLanguage":"es","@id":"https:\/\/diariotextual.com\/inicio\/#\/schema\/logo\/image\/","url":"https:\/\/diariotextual.com\/inicio\/wp-content\/uploads\/2023\/05\/logotextual1.jpg","contentUrl":"https:\/\/diariotextual.com\/inicio\/wp-content\/uploads\/2023\/05\/logotextual1.jpg","width":516,"height":76,"caption":"Diario Textual"},"image":{"@id":"https:\/\/diariotextual.com\/inicio\/#\/schema\/logo\/image\/"},"sameAs":["https:\/\/www.facebook.com\/eltextual","https:\/\/x.com\/eltextual","http:\/\/www.instagram.com\/eltextual"]},{"@type":"Person","@id":"https:\/\/diariotextual.com\/inicio\/#\/schema\/person\/418fc4093c33e86ed41562db3508f958","name":"Diario1 Diario1","image":{"@type":"ImageObject","inLanguage":"es","@id":"https:\/\/secure.gravatar.com\/avatar\/9167d280179c85bc18be67aa7eda765854300033af4896dd779b608640f2ef7a?s=96&d=mm&r=g","url":"https:\/\/secure.gravatar.com\/avatar\/9167d280179c85bc18be67aa7eda765854300033af4896dd779b608640f2ef7a?s=96&d=mm&r=g","contentUrl":"https:\/\/secure.gravatar.com\/avatar\/9167d280179c85bc18be67aa7eda765854300033af4896dd779b608640f2ef7a?s=96&d=mm&r=g","caption":"Diario1 Diario1"},"url":"https:\/\/diariotextual.com\/inicio\/index.php\/author\/diario1\/"}]}},"_links":{"self":[{"href":"https:\/\/diariotextual.com\/inicio\/index.php\/wp-json\/wp\/v2\/posts\/57232","targetHints":{"allow":["GET"]}}],"collection":[{"href":"https:\/\/diariotextual.com\/inicio\/index.php\/wp-json\/wp\/v2\/posts"}],"about":[{"href":"https:\/\/diariotextual.com\/inicio\/index.php\/wp-json\/wp\/v2\/types\/post"}],"author":[{"embeddable":true,"href":"https:\/\/diariotextual.com\/inicio\/index.php\/wp-json\/wp\/v2\/users\/3"}],"replies":[{"embeddable":true,"href":"https:\/\/diariotextual.com\/inicio\/index.php\/wp-json\/wp\/v2\/comments?post=57232"}],"version-history":[{"count":2,"href":"https:\/\/diariotextual.com\/inicio\/index.php\/wp-json\/wp\/v2\/posts\/57232\/revisions"}],"predecessor-version":[{"id":57235,"href":"https:\/\/diariotextual.com\/inicio\/index.php\/wp-json\/wp\/v2\/posts\/57232\/revisions\/57235"}],"wp:featuredmedia":[{"embeddable":true,"href":"https:\/\/diariotextual.com\/inicio\/index.php\/wp-json\/wp\/v2\/media\/57234"}],"wp:attachment":[{"href":"https:\/\/diariotextual.com\/inicio\/index.php\/wp-json\/wp\/v2\/media?parent=57232"}],"wp:term":[{"taxonomy":"category","embeddable":true,"href":"https:\/\/diariotextual.com\/inicio\/index.php\/wp-json\/wp\/v2\/categories?post=57232"},{"taxonomy":"post_tag","embeddable":true,"href":"https:\/\/diariotextual.com\/inicio\/index.php\/wp-json\/wp\/v2\/tags?post=57232"}],"curies":[{"name":"wp","href":"https:\/\/api.w.org\/{rel}","templated":true}]}}