{"id":57236,"date":"2019-07-27T09:56:30","date_gmt":"2019-07-27T12:56:30","guid":{"rendered":"http:\/\/diariotextual.com\/inicio\/?p=57236"},"modified":"2019-07-27T17:42:50","modified_gmt":"2019-07-27T20:42:50","slug":"concejal-radical-pide-una-mesa-la-intendencia-la-provincia-los-asentamientos","status":"publish","type":"post","link":"https:\/\/diariotextual.com\/inicio\/index.php\/2019\/07\/27\/concejal-radical-pide-una-mesa-la-intendencia-la-provincia-los-asentamientos\/","title":{"rendered":"Concejal radical pide una \u00abmesa\u00bb de la intendencia y la Provincia por los asentamientos"},"content":{"rendered":"<p><strong>F\u00e9lix Villatoro<\/strong>, concejal del oficialismo, dijo este s\u00e1bado que se deber\u00eda conformar una<strong> \u201cmesa con todas las patas\u201d<\/strong> para tratar de resolver el reclamo de los vecinos que han tomado tierras, sostuvo que las tomas han sido impulsadas por dirigentes opositores y expres\u00f3 que \u00abla soluci\u00f3n es la entrega de casas\u00bb sociales.<\/p>\n<p>Hay cinco tomas de terrenos en diferentes puntos de la capital. Dos de ellas, con unas 150 familias cada una.<\/p>\n<p>\u201cEs dif\u00edcil solucionar la problem\u00e1tica porque esta gente toma posesi\u00f3n de un lugar y dice \u2018yo lo quiero comprar\u2019. Pero la mayor\u00eda de los terrenos que han tomado son de particulares. \u00bfC\u00f3mo instrumentamos legalmente esto desde la municipalidad?\u201d, expres\u00f3 al ser consultados por <strong>Radio Textual (FM Sonar)<\/strong>.<\/p>\n<p>\u201c<strong>Esa gente necesita una vivienda, m\u00e1s que un terreno<\/strong>. \u00bfQu\u00e9 hacen con un terreno al lado de la laguna, con la napa a 30 cent\u00edmetros? La soluci\u00f3n es una casa\u201d, dijo.<\/p>\n<p><strong>&#8211; \u00bfCu\u00e1l es la soluci\u00f3n? \u00bfHay contacto entre la intendencia y la Provincia?<\/strong><\/p>\n<p>&#8211; Yo<strong> propongo una mesa donde est\u00e9n todas las patas<\/strong>. Las viviendas, en general desde hace unos 30 a\u00f1os, las hace la Provincia. Si ahora algunos dirigentes dicen que le pidan la casa al intendente, el camino es m\u00e1s largo\u2026 Ha habido contactos telef\u00f3nicos, pero no reuniones, porque <strong>la Provincia tiene la pol\u00edtica de que toda aquella gente que ocupa, sale del listado<\/strong> del Ipav.<\/p>\n<p><strong>&#8211; \u00bfUsted dice que todas las familias fueron instigadas por dirigentes pol\u00edticos?<\/strong><\/p>\n<p>&#8211; No s\u00e9 si es el 100 por ciento de las familias porque no s\u00e9 cu\u00e1ntas hay&#8230; Pero hasta en los diarios se ven im\u00e1genes de dirigentes del Movimiento Evita, que dicen que son impulsores.<\/p>\n<p>Otro de los inconvenientes, sostuvo el concejal Villatoro, es que el sector del Nuevo Salitral es inundable. \u201cHay que buscar otro lugar y darle viviendas\u201d, dijo. <strong>\u00abSi les damos terrenos, adem\u00e1s, el problema seguir\u00e1. Hay que darles viviendas\u00bb, insisti\u00f3. \u00abEs que muchas familias no tienen para comer. \u00bfC\u00f3mo van a construir si no tienen para comer?\u00bb.<\/strong><\/p>\n<p>Actualmente<strong> hay cinco tomas de terrenos fiscales en Santa Rosa.<\/strong> El primero de los asentamientos -y uno de los m\u00e1s grandes- es el Nuevo Salitral -al lado de la laguna Don Tom\u00e1s, al noroeste-, con unas 150 familias.<\/p>\n<p>El otro es el asentamiento Micaela Garc\u00eda -contiguo al barrio Santa Mar\u00eda de la Pampa, al noreste-, con otras 150 familias.<\/p>\n<p>Tambi\u00e9n unas diez familias tomaron terrenos -aunque sin instalarse- en Italia y Farinatti, en Villa Germinal.<\/p>\n<p>Adem\u00e1s, cuatro familias tomaron un terreno en la esquina de Tom\u00e1s Mason y Discepolo, en Villa Uhalde.<\/p>\n<p>La \u00faltima toma se registr\u00f3 este mi\u00e9rcoles 24 por nueve familias: son dos cuadras ubicadas en Stieben y 1\u00b0 de Mayo, a metros del Megaestadio y del predio del ex Molino Werner.<\/p>\n<blockquote class=\"wp-embedded-content\" data-secret=\"wd3mVmWunW\"><p><a href=\"http:\/\/diariotextual.com\/inicio\/index.php\/2019\/07\/25\/delegados-los-asentamientos-hicieron-reclamos-concejo-diputados\/\">Delegados de los asentamientos hicieron reclamos en el concejo y Diputados<\/a><\/p><\/blockquote>\n<p><iframe class=\"wp-embedded-content\" sandbox=\"allow-scripts\" security=\"restricted\" style=\"position: absolute; clip: rect(1px, 1px, 1px, 1px);\" src=\"http:\/\/diariotextual.com\/inicio\/index.php\/2019\/07\/25\/delegados-los-asentamientos-hicieron-reclamos-concejo-diputados\/embed\/#?secret=wd3mVmWunW\" data-secret=\"wd3mVmWunW\" width=\"600\" height=\"338\" title=\"&#171;Delegados de los asentamientos hicieron reclamos en el concejo y Diputados&#187; &#8212; Diario Textual\" frameborder=\"0\" marginwidth=\"0\" marginheight=\"0\" scrolling=\"no\"><\/iframe><\/p>\n<p>&nbsp;<\/p>\n<p>&nbsp;<\/p>\n<p>&nbsp;<\/p>\n<p>&nbsp;<\/p>\n","protected":false},"excerpt":{"rendered":"<p>F\u00e9lix Villatoro, concejal del oficialismo, dijo este s\u00e1bado que se deber\u00eda conformar una \u201cmesa con todas las patas\u201d para tratar de resolver el reclamo de los vecinos que han tomado&hellip;<\/p>\n","protected":false},"author":3,"featured_media":55714,"comment_status":"closed","ping_status":"open","sticky":false,"template":"","format":"standard","meta":{"_acf_changed":false,"footnotes":""},"categories":[11,319,8],"tags":[2101],"class_list":["post-57236","post","type-post","status-publish","format-standard","has-post-thumbnail","hentry","category-que-pasa","category-a-temporales","category-politica","tag-asentamientos"],"acf":[],"yoast_head":"<!-- This site is optimized with the Yoast SEO plugin v27.5 - https:\/\/yoast.com\/product\/yoast-seo-wordpress\/ -->\n<title>Concejal radical pide una &quot;mesa&quot; de la intendencia y la Provincia por los asentamientos - Diario Textual<\/title>\n<meta name=\"robots\" content=\"index, follow, max-snippet:-1, max-image-preview:large, max-video-preview:-1\" \/>\n<link rel=\"canonical\" href=\"https:\/\/diariotextual.com\/inicio\/index.php\/2019\/07\/27\/concejal-radical-pide-una-mesa-la-intendencia-la-provincia-los-asentamientos\/\" \/>\n<meta property=\"og:locale\" content=\"es_ES\" \/>\n<meta property=\"og:type\" content=\"article\" \/>\n<meta property=\"og:title\" content=\"Concejal radical pide una &quot;mesa&quot; de la intendencia y la Provincia por los asentamientos - Diario Textual\" \/>\n<meta property=\"og:description\" content=\"F\u00e9lix Villatoro, concejal del oficialismo, dijo este s\u00e1bado que se deber\u00eda conformar una \u201cmesa con todas las patas\u201d para tratar de resolver el reclamo de los vecinos que han tomado&hellip;\" \/>\n<meta property=\"og:url\" content=\"https:\/\/diariotextual.com\/inicio\/index.php\/2019\/07\/27\/concejal-radical-pide-una-mesa-la-intendencia-la-provincia-los-asentamientos\/\" \/>\n<meta property=\"og:site_name\" content=\"Diario Textual\" \/>\n<meta property=\"article:publisher\" content=\"https:\/\/www.facebook.com\/eltextual\" \/>\n<meta property=\"article:published_time\" content=\"2019-07-27T12:56:30+00:00\" \/>\n<meta property=\"article:modified_time\" content=\"2019-07-27T20:42:50+00:00\" \/>\n<meta property=\"og:image\" content=\"https:\/\/diariotextual.com\/inicio\/wp-content\/uploads\/2019\/07\/asentamientoelsalitral2019-20.jpg\" \/>\n\t<meta property=\"og:image:width\" content=\"1100\" \/>\n\t<meta property=\"og:image:height\" content=\"671\" \/>\n\t<meta property=\"og:image:type\" content=\"image\/jpeg\" \/>\n<meta name=\"author\" content=\"Diario1 Diario1\" \/>\n<meta name=\"twitter:card\" content=\"summary_large_image\" \/>\n<meta name=\"twitter:creator\" content=\"@eltextual\" \/>\n<meta name=\"twitter:site\" content=\"@eltextual\" \/>\n<meta name=\"twitter:label1\" content=\"Escrito por\" \/>\n\t<meta name=\"twitter:data1\" content=\"Diario1 Diario1\" \/>\n\t<meta name=\"twitter:label2\" content=\"Tiempo de lectura\" \/>\n\t<meta name=\"twitter:data2\" content=\"2 minutos\" \/>\n<script type=\"application\/ld+json\" class=\"yoast-schema-graph\">{\"@context\":\"https:\\\/\\\/schema.org\",\"@graph\":[{\"@type\":\"Article\",\"@id\":\"https:\\\/\\\/diariotextual.com\\\/inicio\\\/index.php\\\/2019\\\/07\\\/27\\\/concejal-radical-pide-una-mesa-la-intendencia-la-provincia-los-asentamientos\\\/#article\",\"isPartOf\":{\"@id\":\"https:\\\/\\\/diariotextual.com\\\/inicio\\\/index.php\\\/2019\\\/07\\\/27\\\/concejal-radical-pide-una-mesa-la-intendencia-la-provincia-los-asentamientos\\\/\"},\"author\":{\"name\":\"Diario1 Diario1\",\"@id\":\"https:\\\/\\\/diariotextual.com\\\/inicio\\\/#\\\/schema\\\/person\\\/418fc4093c33e86ed41562db3508f958\"},\"headline\":\"Concejal radical pide una \u00abmesa\u00bb de la intendencia y la Provincia por los asentamientos\",\"datePublished\":\"2019-07-27T12:56:30+00:00\",\"dateModified\":\"2019-07-27T20:42:50+00:00\",\"mainEntityOfPage\":{\"@id\":\"https:\\\/\\\/diariotextual.com\\\/inicio\\\/index.php\\\/2019\\\/07\\\/27\\\/concejal-radical-pide-una-mesa-la-intendencia-la-provincia-los-asentamientos\\\/\"},\"wordCount\":504,\"publisher\":{\"@id\":\"https:\\\/\\\/diariotextual.com\\\/inicio\\\/#organization\"},\"image\":{\"@id\":\"https:\\\/\\\/diariotextual.com\\\/inicio\\\/index.php\\\/2019\\\/07\\\/27\\\/concejal-radical-pide-una-mesa-la-intendencia-la-provincia-los-asentamientos\\\/#primaryimage\"},\"thumbnailUrl\":\"https:\\\/\\\/diariotextual.com\\\/inicio\\\/wp-content\\\/uploads\\\/2019\\\/07\\\/asentamientoelsalitral2019-20.jpg\",\"keywords\":[\"asentamientos\"],\"articleSection\":[\"A - QUE PASA (al costado)\",\"A - TEMPORALES\",\"POLITICA\"],\"inLanguage\":\"es\"},{\"@type\":\"WebPage\",\"@id\":\"https:\\\/\\\/diariotextual.com\\\/inicio\\\/index.php\\\/2019\\\/07\\\/27\\\/concejal-radical-pide-una-mesa-la-intendencia-la-provincia-los-asentamientos\\\/\",\"url\":\"https:\\\/\\\/diariotextual.com\\\/inicio\\\/index.php\\\/2019\\\/07\\\/27\\\/concejal-radical-pide-una-mesa-la-intendencia-la-provincia-los-asentamientos\\\/\",\"name\":\"Concejal radical pide una \\\"mesa\\\" de la intendencia y la Provincia por los asentamientos - Diario Textual\",\"isPartOf\":{\"@id\":\"https:\\\/\\\/diariotextual.com\\\/inicio\\\/#website\"},\"primaryImageOfPage\":{\"@id\":\"https:\\\/\\\/diariotextual.com\\\/inicio\\\/index.php\\\/2019\\\/07\\\/27\\\/concejal-radical-pide-una-mesa-la-intendencia-la-provincia-los-asentamientos\\\/#primaryimage\"},\"image\":{\"@id\":\"https:\\\/\\\/diariotextual.com\\\/inicio\\\/index.php\\\/2019\\\/07\\\/27\\\/concejal-radical-pide-una-mesa-la-intendencia-la-provincia-los-asentamientos\\\/#primaryimage\"},\"thumbnailUrl\":\"https:\\\/\\\/diariotextual.com\\\/inicio\\\/wp-content\\\/uploads\\\/2019\\\/07\\\/asentamientoelsalitral2019-20.jpg\",\"datePublished\":\"2019-07-27T12:56:30+00:00\",\"dateModified\":\"2019-07-27T20:42:50+00:00\",\"breadcrumb\":{\"@id\":\"https:\\\/\\\/diariotextual.com\\\/inicio\\\/index.php\\\/2019\\\/07\\\/27\\\/concejal-radical-pide-una-mesa-la-intendencia-la-provincia-los-asentamientos\\\/#breadcrumb\"},\"inLanguage\":\"es\",\"potentialAction\":[{\"@type\":\"ReadAction\",\"target\":[\"https:\\\/\\\/diariotextual.com\\\/inicio\\\/index.php\\\/2019\\\/07\\\/27\\\/concejal-radical-pide-una-mesa-la-intendencia-la-provincia-los-asentamientos\\\/\"]}]},{\"@type\":\"ImageObject\",\"inLanguage\":\"es\",\"@id\":\"https:\\\/\\\/diariotextual.com\\\/inicio\\\/index.php\\\/2019\\\/07\\\/27\\\/concejal-radical-pide-una-mesa-la-intendencia-la-provincia-los-asentamientos\\\/#primaryimage\",\"url\":\"https:\\\/\\\/diariotextual.com\\\/inicio\\\/wp-content\\\/uploads\\\/2019\\\/07\\\/asentamientoelsalitral2019-20.jpg\",\"contentUrl\":\"https:\\\/\\\/diariotextual.com\\\/inicio\\\/wp-content\\\/uploads\\\/2019\\\/07\\\/asentamientoelsalitral2019-20.jpg\",\"width\":1100,\"height\":671},{\"@type\":\"BreadcrumbList\",\"@id\":\"https:\\\/\\\/diariotextual.com\\\/inicio\\\/index.php\\\/2019\\\/07\\\/27\\\/concejal-radical-pide-una-mesa-la-intendencia-la-provincia-los-asentamientos\\\/#breadcrumb\",\"itemListElement\":[{\"@type\":\"ListItem\",\"position\":1,\"name\":\"Portada\",\"item\":\"https:\\\/\\\/diariotextual.com\\\/inicio\\\/\"},{\"@type\":\"ListItem\",\"position\":2,\"name\":\"Concejal radical pide una \u00abmesa\u00bb de la intendencia y la Provincia por los asentamientos\"}]},{\"@type\":\"WebSite\",\"@id\":\"https:\\\/\\\/diariotextual.com\\\/inicio\\\/#website\",\"url\":\"https:\\\/\\\/diariotextual.com\\\/inicio\\\/\",\"name\":\"Diario Textual\",\"description\":\"\",\"publisher\":{\"@id\":\"https:\\\/\\\/diariotextual.com\\\/inicio\\\/#organization\"},\"potentialAction\":[{\"@type\":\"SearchAction\",\"target\":{\"@type\":\"EntryPoint\",\"urlTemplate\":\"https:\\\/\\\/diariotextual.com\\\/inicio\\\/?s={search_term_string}\"},\"query-input\":{\"@type\":\"PropertyValueSpecification\",\"valueRequired\":true,\"valueName\":\"search_term_string\"}}],\"inLanguage\":\"es\"},{\"@type\":\"Organization\",\"@id\":\"https:\\\/\\\/diariotextual.com\\\/inicio\\\/#organization\",\"name\":\"Diario Textual\",\"url\":\"https:\\\/\\\/diariotextual.com\\\/inicio\\\/\",\"logo\":{\"@type\":\"ImageObject\",\"inLanguage\":\"es\",\"@id\":\"https:\\\/\\\/diariotextual.com\\\/inicio\\\/#\\\/schema\\\/logo\\\/image\\\/\",\"url\":\"https:\\\/\\\/diariotextual.com\\\/inicio\\\/wp-content\\\/uploads\\\/2023\\\/05\\\/logotextual1.jpg\",\"contentUrl\":\"https:\\\/\\\/diariotextual.com\\\/inicio\\\/wp-content\\\/uploads\\\/2023\\\/05\\\/logotextual1.jpg\",\"width\":516,\"height\":76,\"caption\":\"Diario Textual\"},\"image\":{\"@id\":\"https:\\\/\\\/diariotextual.com\\\/inicio\\\/#\\\/schema\\\/logo\\\/image\\\/\"},\"sameAs\":[\"https:\\\/\\\/www.facebook.com\\\/eltextual\",\"https:\\\/\\\/x.com\\\/eltextual\",\"http:\\\/\\\/www.instagram.com\\\/eltextual\"]},{\"@type\":\"Person\",\"@id\":\"https:\\\/\\\/diariotextual.com\\\/inicio\\\/#\\\/schema\\\/person\\\/418fc4093c33e86ed41562db3508f958\",\"name\":\"Diario1 Diario1\",\"image\":{\"@type\":\"ImageObject\",\"inLanguage\":\"es\",\"@id\":\"https:\\\/\\\/secure.gravatar.com\\\/avatar\\\/9167d280179c85bc18be67aa7eda765854300033af4896dd779b608640f2ef7a?s=96&d=mm&r=g\",\"url\":\"https:\\\/\\\/secure.gravatar.com\\\/avatar\\\/9167d280179c85bc18be67aa7eda765854300033af4896dd779b608640f2ef7a?s=96&d=mm&r=g\",\"contentUrl\":\"https:\\\/\\\/secure.gravatar.com\\\/avatar\\\/9167d280179c85bc18be67aa7eda765854300033af4896dd779b608640f2ef7a?s=96&d=mm&r=g\",\"caption\":\"Diario1 Diario1\"},\"url\":\"https:\\\/\\\/diariotextual.com\\\/inicio\\\/index.php\\\/author\\\/diario1\\\/\"}]}<\/script>\n<!-- \/ Yoast SEO plugin. -->","yoast_head_json":{"title":"Concejal radical pide una \"mesa\" de la intendencia y la Provincia por los asentamientos - Diario Textual","robots":{"index":"index","follow":"follow","max-snippet":"max-snippet:-1","max-image-preview":"max-image-preview:large","max-video-preview":"max-video-preview:-1"},"canonical":"https:\/\/diariotextual.com\/inicio\/index.php\/2019\/07\/27\/concejal-radical-pide-una-mesa-la-intendencia-la-provincia-los-asentamientos\/","og_locale":"es_ES","og_type":"article","og_title":"Concejal radical pide una \"mesa\" de la intendencia y la Provincia por los asentamientos - Diario Textual","og_description":"F\u00e9lix Villatoro, concejal del oficialismo, dijo este s\u00e1bado que se deber\u00eda conformar una \u201cmesa con todas las patas\u201d para tratar de resolver el reclamo de los vecinos que han tomado&hellip;","og_url":"https:\/\/diariotextual.com\/inicio\/index.php\/2019\/07\/27\/concejal-radical-pide-una-mesa-la-intendencia-la-provincia-los-asentamientos\/","og_site_name":"Diario Textual","article_publisher":"https:\/\/www.facebook.com\/eltextual","article_published_time":"2019-07-27T12:56:30+00:00","article_modified_time":"2019-07-27T20:42:50+00:00","og_image":[{"width":1100,"height":671,"url":"https:\/\/diariotextual.com\/inicio\/wp-content\/uploads\/2019\/07\/asentamientoelsalitral2019-20.jpg","type":"image\/jpeg"}],"author":"Diario1 Diario1","twitter_card":"summary_large_image","twitter_creator":"@eltextual","twitter_site":"@eltextual","twitter_misc":{"Escrito por":"Diario1 Diario1","Tiempo de lectura":"2 minutos"},"schema":{"@context":"https:\/\/schema.org","@graph":[{"@type":"Article","@id":"https:\/\/diariotextual.com\/inicio\/index.php\/2019\/07\/27\/concejal-radical-pide-una-mesa-la-intendencia-la-provincia-los-asentamientos\/#article","isPartOf":{"@id":"https:\/\/diariotextual.com\/inicio\/index.php\/2019\/07\/27\/concejal-radical-pide-una-mesa-la-intendencia-la-provincia-los-asentamientos\/"},"author":{"name":"Diario1 Diario1","@id":"https:\/\/diariotextual.com\/inicio\/#\/schema\/person\/418fc4093c33e86ed41562db3508f958"},"headline":"Concejal radical pide una \u00abmesa\u00bb de la intendencia y la Provincia por los asentamientos","datePublished":"2019-07-27T12:56:30+00:00","dateModified":"2019-07-27T20:42:50+00:00","mainEntityOfPage":{"@id":"https:\/\/diariotextual.com\/inicio\/index.php\/2019\/07\/27\/concejal-radical-pide-una-mesa-la-intendencia-la-provincia-los-asentamientos\/"},"wordCount":504,"publisher":{"@id":"https:\/\/diariotextual.com\/inicio\/#organization"},"image":{"@id":"https:\/\/diariotextual.com\/inicio\/index.php\/2019\/07\/27\/concejal-radical-pide-una-mesa-la-intendencia-la-provincia-los-asentamientos\/#primaryimage"},"thumbnailUrl":"https:\/\/diariotextual.com\/inicio\/wp-content\/uploads\/2019\/07\/asentamientoelsalitral2019-20.jpg","keywords":["asentamientos"],"articleSection":["A - QUE PASA (al costado)","A - TEMPORALES","POLITICA"],"inLanguage":"es"},{"@type":"WebPage","@id":"https:\/\/diariotextual.com\/inicio\/index.php\/2019\/07\/27\/concejal-radical-pide-una-mesa-la-intendencia-la-provincia-los-asentamientos\/","url":"https:\/\/diariotextual.com\/inicio\/index.php\/2019\/07\/27\/concejal-radical-pide-una-mesa-la-intendencia-la-provincia-los-asentamientos\/","name":"Concejal radical pide una \"mesa\" de la intendencia y la Provincia por los asentamientos - Diario Textual","isPartOf":{"@id":"https:\/\/diariotextual.com\/inicio\/#website"},"primaryImageOfPage":{"@id":"https:\/\/diariotextual.com\/inicio\/index.php\/2019\/07\/27\/concejal-radical-pide-una-mesa-la-intendencia-la-provincia-los-asentamientos\/#primaryimage"},"image":{"@id":"https:\/\/diariotextual.com\/inicio\/index.php\/2019\/07\/27\/concejal-radical-pide-una-mesa-la-intendencia-la-provincia-los-asentamientos\/#primaryimage"},"thumbnailUrl":"https:\/\/diariotextual.com\/inicio\/wp-content\/uploads\/2019\/07\/asentamientoelsalitral2019-20.jpg","datePublished":"2019-07-27T12:56:30+00:00","dateModified":"2019-07-27T20:42:50+00:00","breadcrumb":{"@id":"https:\/\/diariotextual.com\/inicio\/index.php\/2019\/07\/27\/concejal-radical-pide-una-mesa-la-intendencia-la-provincia-los-asentamientos\/#breadcrumb"},"inLanguage":"es","potentialAction":[{"@type":"ReadAction","target":["https:\/\/diariotextual.com\/inicio\/index.php\/2019\/07\/27\/concejal-radical-pide-una-mesa-la-intendencia-la-provincia-los-asentamientos\/"]}]},{"@type":"ImageObject","inLanguage":"es","@id":"https:\/\/diariotextual.com\/inicio\/index.php\/2019\/07\/27\/concejal-radical-pide-una-mesa-la-intendencia-la-provincia-los-asentamientos\/#primaryimage","url":"https:\/\/diariotextual.com\/inicio\/wp-content\/uploads\/2019\/07\/asentamientoelsalitral2019-20.jpg","contentUrl":"https:\/\/diariotextual.com\/inicio\/wp-content\/uploads\/2019\/07\/asentamientoelsalitral2019-20.jpg","width":1100,"height":671},{"@type":"BreadcrumbList","@id":"https:\/\/diariotextual.com\/inicio\/index.php\/2019\/07\/27\/concejal-radical-pide-una-mesa-la-intendencia-la-provincia-los-asentamientos\/#breadcrumb","itemListElement":[{"@type":"ListItem","position":1,"name":"Portada","item":"https:\/\/diariotextual.com\/inicio\/"},{"@type":"ListItem","position":2,"name":"Concejal radical pide una \u00abmesa\u00bb de la intendencia y la Provincia por los asentamientos"}]},{"@type":"WebSite","@id":"https:\/\/diariotextual.com\/inicio\/#website","url":"https:\/\/diariotextual.com\/inicio\/","name":"Diario Textual","description":"","publisher":{"@id":"https:\/\/diariotextual.com\/inicio\/#organization"},"potentialAction":[{"@type":"SearchAction","target":{"@type":"EntryPoint","urlTemplate":"https:\/\/diariotextual.com\/inicio\/?s={search_term_string}"},"query-input":{"@type":"PropertyValueSpecification","valueRequired":true,"valueName":"search_term_string"}}],"inLanguage":"es"},{"@type":"Organization","@id":"https:\/\/diariotextual.com\/inicio\/#organization","name":"Diario Textual","url":"https:\/\/diariotextual.com\/inicio\/","logo":{"@type":"ImageObject","inLanguage":"es","@id":"https:\/\/diariotextual.com\/inicio\/#\/schema\/logo\/image\/","url":"https:\/\/diariotextual.com\/inicio\/wp-content\/uploads\/2023\/05\/logotextual1.jpg","contentUrl":"https:\/\/diariotextual.com\/inicio\/wp-content\/uploads\/2023\/05\/logotextual1.jpg","width":516,"height":76,"caption":"Diario Textual"},"image":{"@id":"https:\/\/diariotextual.com\/inicio\/#\/schema\/logo\/image\/"},"sameAs":["https:\/\/www.facebook.com\/eltextual","https:\/\/x.com\/eltextual","http:\/\/www.instagram.com\/eltextual"]},{"@type":"Person","@id":"https:\/\/diariotextual.com\/inicio\/#\/schema\/person\/418fc4093c33e86ed41562db3508f958","name":"Diario1 Diario1","image":{"@type":"ImageObject","inLanguage":"es","@id":"https:\/\/secure.gravatar.com\/avatar\/9167d280179c85bc18be67aa7eda765854300033af4896dd779b608640f2ef7a?s=96&d=mm&r=g","url":"https:\/\/secure.gravatar.com\/avatar\/9167d280179c85bc18be67aa7eda765854300033af4896dd779b608640f2ef7a?s=96&d=mm&r=g","contentUrl":"https:\/\/secure.gravatar.com\/avatar\/9167d280179c85bc18be67aa7eda765854300033af4896dd779b608640f2ef7a?s=96&d=mm&r=g","caption":"Diario1 Diario1"},"url":"https:\/\/diariotextual.com\/inicio\/index.php\/author\/diario1\/"}]}},"_links":{"self":[{"href":"https:\/\/diariotextual.com\/inicio\/index.php\/wp-json\/wp\/v2\/posts\/57236","targetHints":{"allow":["GET"]}}],"collection":[{"href":"https:\/\/diariotextual.com\/inicio\/index.php\/wp-json\/wp\/v2\/posts"}],"about":[{"href":"https:\/\/diariotextual.com\/inicio\/index.php\/wp-json\/wp\/v2\/types\/post"}],"author":[{"embeddable":true,"href":"https:\/\/diariotextual.com\/inicio\/index.php\/wp-json\/wp\/v2\/users\/3"}],"replies":[{"embeddable":true,"href":"https:\/\/diariotextual.com\/inicio\/index.php\/wp-json\/wp\/v2\/comments?post=57236"}],"version-history":[{"count":8,"href":"https:\/\/diariotextual.com\/inicio\/index.php\/wp-json\/wp\/v2\/posts\/57236\/revisions"}],"predecessor-version":[{"id":57249,"href":"https:\/\/diariotextual.com\/inicio\/index.php\/wp-json\/wp\/v2\/posts\/57236\/revisions\/57249"}],"wp:featuredmedia":[{"embeddable":true,"href":"https:\/\/diariotextual.com\/inicio\/index.php\/wp-json\/wp\/v2\/media\/55714"}],"wp:attachment":[{"href":"https:\/\/diariotextual.com\/inicio\/index.php\/wp-json\/wp\/v2\/media?parent=57236"}],"wp:term":[{"taxonomy":"category","embeddable":true,"href":"https:\/\/diariotextual.com\/inicio\/index.php\/wp-json\/wp\/v2\/categories?post=57236"},{"taxonomy":"post_tag","embeddable":true,"href":"https:\/\/diariotextual.com\/inicio\/index.php\/wp-json\/wp\/v2\/tags?post=57236"}],"curies":[{"name":"wp","href":"https:\/\/api.w.org\/{rel}","templated":true}]}}