{"id":57256,"date":"2019-07-27T17:13:47","date_gmt":"2019-07-27T20:13:47","guid":{"rendered":"http:\/\/diariotextual.com\/inicio\/?p=57256"},"modified":"2019-07-28T12:04:32","modified_gmt":"2019-07-28T15:04:32","slug":"fotos-rumbo-al-campeonato-regional-femenino-boxeo","status":"publish","type":"post","link":"https:\/\/diariotextual.com\/inicio\/index.php\/2019\/07\/27\/fotos-rumbo-al-campeonato-regional-femenino-boxeo\/","title":{"rendered":"En fotos: rumbo al Campeonato Regional Femenino de Boxeo"},"content":{"rendered":"<h3>Por Belkis Mart\u00edn<\/h3>\n<p><!--more--><\/p>\n<p>Ya parti\u00f3 hacia R\u00edo Negro una <strong>delegaci\u00f3n de boxeadoras que representar\u00e1 a La Pampa<\/strong> en el<strong> Campeonato Regional Femenino de Juveniles y Mayores<\/strong>. Se trata de doce boxeadoras amateurs -cuatro juveniles y ocho mayores-, oriundas de General Acha, y de Santa Rosa.<\/p>\n<p>En Juveniles competir\u00e1n<strong>\u00a0Brisa Cazenave (hasta 51kg), Iara Jofr\u00e9 (hasta 54kg), Celia Melina Gomez (hasta 69kg) y Azul Lezcano (m\u00e1s de 81 kg).<\/strong><\/p>\n<p>En Mayores, en tanto,<strong>\u00a0Lucrecia Fernanda Vargas (hasta 48kg), Tamara Bustamante (hasta 51kg), Estefania Plunkett (hasta 54kg), Mariana Curruqueo (hasta 57kg),\u00a0Katia Naiara Valquinta (hasta 64kg), Fabiana Daniela L\u00f3pez (hasta 69kg), Damaris Heick (hasta 75kg) y Agustina Villalba (hasta 81kg).<\/strong><\/p>\n<div id=\"attachment_57265\" style=\"width: 1034px\" class=\"wp-caption alignnone\"><img fetchpriority=\"high\" decoding=\"async\" aria-describedby=\"caption-attachment-57265\" class=\"wp-image-57265 size-large\" src=\"http:\/\/diariotextual.com\/inicio\/wp-content\/uploads\/2019\/07\/boxfemeninobelkismartin-varias2019-1-1024x678.jpg\" alt=\"\" width=\"1024\" height=\"678\" srcset=\"https:\/\/diariotextual.com\/inicio\/wp-content\/uploads\/2019\/07\/boxfemeninobelkismartin-varias2019-1-1024x678.jpg 1024w, https:\/\/diariotextual.com\/inicio\/wp-content\/uploads\/2019\/07\/boxfemeninobelkismartin-varias2019-1-300x199.jpg 300w, https:\/\/diariotextual.com\/inicio\/wp-content\/uploads\/2019\/07\/boxfemeninobelkismartin-varias2019-1-768x508.jpg 768w, https:\/\/diariotextual.com\/inicio\/wp-content\/uploads\/2019\/07\/boxfemeninobelkismartin-varias2019-1-780x516.jpg 780w, https:\/\/diariotextual.com\/inicio\/wp-content\/uploads\/2019\/07\/boxfemeninobelkismartin-varias2019-1-585x387.jpg 585w, https:\/\/diariotextual.com\/inicio\/wp-content\/uploads\/2019\/07\/boxfemeninobelkismartin-varias2019-1-263x175.jpg 263w, https:\/\/diariotextual.com\/inicio\/wp-content\/uploads\/2019\/07\/boxfemeninobelkismartin-varias2019-1.jpg 1080w\" sizes=\"(max-width: 1024px) 100vw, 1024px\" \/><p id=\"caption-attachment-57265\" class=\"wp-caption-text\">Katia Valquinta, Iara Jofr\u00e9, Tamara Bustamante, Fabiana L\u00f3pez, Stefi Plunquet y Damaris Heick (foto de Belkis Mart\u00edn).<\/p><\/div>\n<p>&nbsp;<\/p>\n<p>Todas entrenaron muy duro en dos y hasta tres turnos diarios para participar en este certamen, en el que competir\u00e1n con boxeadoras de R\u00edo Negro y Neuqu\u00e9n para definir a las representantes de la zona que competir\u00e1n en el Campeonato Argentino de Boxeo Amateur Femenino a desarrollarse en Formosa en el mes de agosto.<\/p>\n<p>&nbsp;<\/p>\n<div id=\"attachment_57258\" style=\"width: 1034px\" class=\"wp-caption alignnone\"><img decoding=\"async\" aria-describedby=\"caption-attachment-57258\" class=\"wp-image-57258 size-large\" src=\"http:\/\/diariotextual.com\/inicio\/wp-content\/uploads\/2019\/07\/boxfemeninobelkismartin-fabianalopez2019-2-1024x678.jpg\" alt=\"\" width=\"1024\" height=\"678\" srcset=\"https:\/\/diariotextual.com\/inicio\/wp-content\/uploads\/2019\/07\/boxfemeninobelkismartin-fabianalopez2019-2-1024x678.jpg 1024w, https:\/\/diariotextual.com\/inicio\/wp-content\/uploads\/2019\/07\/boxfemeninobelkismartin-fabianalopez2019-2-300x199.jpg 300w, https:\/\/diariotextual.com\/inicio\/wp-content\/uploads\/2019\/07\/boxfemeninobelkismartin-fabianalopez2019-2-768x508.jpg 768w, https:\/\/diariotextual.com\/inicio\/wp-content\/uploads\/2019\/07\/boxfemeninobelkismartin-fabianalopez2019-2-780x516.jpg 780w, https:\/\/diariotextual.com\/inicio\/wp-content\/uploads\/2019\/07\/boxfemeninobelkismartin-fabianalopez2019-2-585x387.jpg 585w, https:\/\/diariotextual.com\/inicio\/wp-content\/uploads\/2019\/07\/boxfemeninobelkismartin-fabianalopez2019-2-263x175.jpg 263w, https:\/\/diariotextual.com\/inicio\/wp-content\/uploads\/2019\/07\/boxfemeninobelkismartin-fabianalopez2019-2.jpg 1080w\" sizes=\"(max-width: 1024px) 100vw, 1024px\" \/><p id=\"caption-attachment-57258\" class=\"wp-caption-text\">Fabiana Lopez se venda para una pr\u00e1ctica de guanteo, en la Escuela de Box Matadero (foto de Belkis Mart\u00edn).<\/p><\/div>\n<p>&nbsp;<\/p>\n<p>&nbsp;<\/p>\n<div id=\"attachment_57262\" style=\"width: 745px\" class=\"wp-caption alignnone\"><img decoding=\"async\" aria-describedby=\"caption-attachment-57262\" class=\"wp-image-57262\" src=\"http:\/\/diariotextual.com\/inicio\/wp-content\/uploads\/2019\/07\/boxfemeninobelkismartin-tamarabustamante2019-3-1024x683.jpg\" alt=\"\" width=\"735\" height=\"490\" srcset=\"https:\/\/diariotextual.com\/inicio\/wp-content\/uploads\/2019\/07\/boxfemeninobelkismartin-tamarabustamante2019-3-1024x683.jpg 1024w, https:\/\/diariotextual.com\/inicio\/wp-content\/uploads\/2019\/07\/boxfemeninobelkismartin-tamarabustamante2019-3-300x200.jpg 300w, https:\/\/diariotextual.com\/inicio\/wp-content\/uploads\/2019\/07\/boxfemeninobelkismartin-tamarabustamante2019-3-768x512.jpg 768w, https:\/\/diariotextual.com\/inicio\/wp-content\/uploads\/2019\/07\/boxfemeninobelkismartin-tamarabustamante2019-3-585x390.jpg 585w, https:\/\/diariotextual.com\/inicio\/wp-content\/uploads\/2019\/07\/boxfemeninobelkismartin-tamarabustamante2019-3-263x175.jpg 263w, https:\/\/diariotextual.com\/inicio\/wp-content\/uploads\/2019\/07\/boxfemeninobelkismartin-tamarabustamante2019-3.jpg 1080w\" sizes=\"(max-width: 735px) 100vw, 735px\" \/><p id=\"caption-attachment-57262\" class=\"wp-caption-text\">Tamara Bustamante finalizando su rutina del d\u00eda (foto de Belkis Mart\u00edn).<\/p><\/div>\n<p>&nbsp;<\/p>\n<div id=\"attachment_57263\" style=\"width: 748px\" class=\"wp-caption alignnone\"><img loading=\"lazy\" decoding=\"async\" aria-describedby=\"caption-attachment-57263\" class=\"wp-image-57263\" src=\"http:\/\/diariotextual.com\/inicio\/wp-content\/uploads\/2019\/07\/boxfemeninobelkismartin-tamarabustamante2019-5-1024x678.jpg\" alt=\"\" width=\"738\" height=\"489\" srcset=\"https:\/\/diariotextual.com\/inicio\/wp-content\/uploads\/2019\/07\/boxfemeninobelkismartin-tamarabustamante2019-5-1024x678.jpg 1024w, https:\/\/diariotextual.com\/inicio\/wp-content\/uploads\/2019\/07\/boxfemeninobelkismartin-tamarabustamante2019-5-300x199.jpg 300w, https:\/\/diariotextual.com\/inicio\/wp-content\/uploads\/2019\/07\/boxfemeninobelkismartin-tamarabustamante2019-5-768x508.jpg 768w, https:\/\/diariotextual.com\/inicio\/wp-content\/uploads\/2019\/07\/boxfemeninobelkismartin-tamarabustamante2019-5-780x516.jpg 780w, https:\/\/diariotextual.com\/inicio\/wp-content\/uploads\/2019\/07\/boxfemeninobelkismartin-tamarabustamante2019-5-585x387.jpg 585w, https:\/\/diariotextual.com\/inicio\/wp-content\/uploads\/2019\/07\/boxfemeninobelkismartin-tamarabustamante2019-5-263x175.jpg 263w, https:\/\/diariotextual.com\/inicio\/wp-content\/uploads\/2019\/07\/boxfemeninobelkismartin-tamarabustamante2019-5.jpg 1080w\" sizes=\"(max-width: 738px) 100vw, 738px\" \/><p id=\"caption-attachment-57263\" class=\"wp-caption-text\">Tamara Bustamante, exhausta despu\u00e9s del tercer entrenamiento del d\u00eda, que incluy\u00f3 correr entre 5 y 10 kil\u00f3metros, fitness, pr\u00e1ctica de boxeo, guanteo, y cientos de abdominales (foto de Belkis Mart\u00edn).<\/p><\/div>\n<p>&nbsp;<\/p>\n<div id=\"attachment_57261\" style=\"width: 751px\" class=\"wp-caption alignnone\"><img loading=\"lazy\" decoding=\"async\" aria-describedby=\"caption-attachment-57261\" class=\"wp-image-57261\" src=\"http:\/\/diariotextual.com\/inicio\/wp-content\/uploads\/2019\/07\/boxfemeninobelkismartin-katiavalquinta2019-8-1024x678.jpg\" alt=\"\" width=\"741\" height=\"491\" srcset=\"https:\/\/diariotextual.com\/inicio\/wp-content\/uploads\/2019\/07\/boxfemeninobelkismartin-katiavalquinta2019-8-1024x678.jpg 1024w, https:\/\/diariotextual.com\/inicio\/wp-content\/uploads\/2019\/07\/boxfemeninobelkismartin-katiavalquinta2019-8-300x199.jpg 300w, https:\/\/diariotextual.com\/inicio\/wp-content\/uploads\/2019\/07\/boxfemeninobelkismartin-katiavalquinta2019-8-768x508.jpg 768w, https:\/\/diariotextual.com\/inicio\/wp-content\/uploads\/2019\/07\/boxfemeninobelkismartin-katiavalquinta2019-8-780x516.jpg 780w, https:\/\/diariotextual.com\/inicio\/wp-content\/uploads\/2019\/07\/boxfemeninobelkismartin-katiavalquinta2019-8-585x387.jpg 585w, https:\/\/diariotextual.com\/inicio\/wp-content\/uploads\/2019\/07\/boxfemeninobelkismartin-katiavalquinta2019-8-263x175.jpg 263w, https:\/\/diariotextual.com\/inicio\/wp-content\/uploads\/2019\/07\/boxfemeninobelkismartin-katiavalquinta2019-8.jpg 1080w\" sizes=\"(max-width: 741px) 100vw, 741px\" \/><p id=\"caption-attachment-57261\" class=\"wp-caption-text\">Katia Valquinta, una de las boxeadoras que representa a La Pampa (foto de Belkis Mart\u00edn).<\/p><\/div>\n<p>&nbsp;<\/p>\n<div id=\"attachment_57260\" style=\"width: 747px\" class=\"wp-caption alignnone\"><img loading=\"lazy\" decoding=\"async\" aria-describedby=\"caption-attachment-57260\" class=\"wp-image-57260\" src=\"http:\/\/diariotextual.com\/inicio\/wp-content\/uploads\/2019\/07\/boxfemeninobelkismartin-fabianalopez2019-6-1024x678.jpg\" alt=\"\" width=\"737\" height=\"488\" srcset=\"https:\/\/diariotextual.com\/inicio\/wp-content\/uploads\/2019\/07\/boxfemeninobelkismartin-fabianalopez2019-6-1024x678.jpg 1024w, https:\/\/diariotextual.com\/inicio\/wp-content\/uploads\/2019\/07\/boxfemeninobelkismartin-fabianalopez2019-6-300x199.jpg 300w, https:\/\/diariotextual.com\/inicio\/wp-content\/uploads\/2019\/07\/boxfemeninobelkismartin-fabianalopez2019-6-768x508.jpg 768w, https:\/\/diariotextual.com\/inicio\/wp-content\/uploads\/2019\/07\/boxfemeninobelkismartin-fabianalopez2019-6-780x516.jpg 780w, https:\/\/diariotextual.com\/inicio\/wp-content\/uploads\/2019\/07\/boxfemeninobelkismartin-fabianalopez2019-6-585x387.jpg 585w, https:\/\/diariotextual.com\/inicio\/wp-content\/uploads\/2019\/07\/boxfemeninobelkismartin-fabianalopez2019-6-263x175.jpg 263w, https:\/\/diariotextual.com\/inicio\/wp-content\/uploads\/2019\/07\/boxfemeninobelkismartin-fabianalopez2019-6.jpg 1080w\" sizes=\"(max-width: 737px) 100vw, 737px\" \/><p id=\"caption-attachment-57260\" class=\"wp-caption-text\">Fabiana L\u00f3pez, luego de una jornada de guanteo (foto de Belkis Mart\u00edn).<\/p><\/div>\n<p>&nbsp;<\/p>\n<div id=\"attachment_57264\" style=\"width: 751px\" class=\"wp-caption alignnone\"><img loading=\"lazy\" decoding=\"async\" aria-describedby=\"caption-attachment-57264\" class=\"wp-image-57264\" src=\"http:\/\/diariotextual.com\/inicio\/wp-content\/uploads\/2019\/07\/boxfemeninobelkismartin-tamarabustamante2019-7-1024x678.jpg\" alt=\"\" width=\"741\" height=\"491\" srcset=\"https:\/\/diariotextual.com\/inicio\/wp-content\/uploads\/2019\/07\/boxfemeninobelkismartin-tamarabustamante2019-7-1024x678.jpg 1024w, https:\/\/diariotextual.com\/inicio\/wp-content\/uploads\/2019\/07\/boxfemeninobelkismartin-tamarabustamante2019-7-300x199.jpg 300w, https:\/\/diariotextual.com\/inicio\/wp-content\/uploads\/2019\/07\/boxfemeninobelkismartin-tamarabustamante2019-7-768x508.jpg 768w, https:\/\/diariotextual.com\/inicio\/wp-content\/uploads\/2019\/07\/boxfemeninobelkismartin-tamarabustamante2019-7-780x516.jpg 780w, https:\/\/diariotextual.com\/inicio\/wp-content\/uploads\/2019\/07\/boxfemeninobelkismartin-tamarabustamante2019-7-585x387.jpg 585w, https:\/\/diariotextual.com\/inicio\/wp-content\/uploads\/2019\/07\/boxfemeninobelkismartin-tamarabustamante2019-7-263x175.jpg 263w, https:\/\/diariotextual.com\/inicio\/wp-content\/uploads\/2019\/07\/boxfemeninobelkismartin-tamarabustamante2019-7.jpg 1080w\" sizes=\"(max-width: 741px) 100vw, 741px\" \/><p id=\"caption-attachment-57264\" class=\"wp-caption-text\">Tamara Bustamante (foto de Belkis Mart\u00edn).<\/p><\/div>\n<p>&nbsp;<\/p>\n<p>&nbsp;<\/p>\n","protected":false},"excerpt":{"rendered":"<p>Por Belkis Mart\u00edn<\/p>\n","protected":false},"author":3,"featured_media":57261,"comment_status":"closed","ping_status":"open","sticky":false,"template":"","format":"standard","meta":{"_acf_changed":false,"footnotes":""},"categories":[10,319,3],"tags":[2130,2129,2127,2131,2128,1583,204,25,2132],"class_list":["post-57256","post","type-post","status-publish","format-standard","has-post-thumbnail","hentry","category-portada-2","category-a-temporales","category-deportes","tag-belkis","tag-box","tag-boxeo","tag-bustamente","tag-femenino","tag-foto","tag-martin","tag-pampa","tag-valquinta"],"acf":[],"yoast_head":"<!-- This site is optimized with the Yoast SEO plugin v27.5 - https:\/\/yoast.com\/product\/yoast-seo-wordpress\/ -->\n<title>En fotos: rumbo al Campeonato Regional Femenino de Boxeo - Diario Textual<\/title>\n<meta name=\"robots\" content=\"index, follow, max-snippet:-1, max-image-preview:large, max-video-preview:-1\" \/>\n<link rel=\"canonical\" href=\"https:\/\/diariotextual.com\/inicio\/index.php\/2019\/07\/27\/fotos-rumbo-al-campeonato-regional-femenino-boxeo\/\" \/>\n<meta property=\"og:locale\" content=\"es_ES\" \/>\n<meta property=\"og:type\" content=\"article\" \/>\n<meta property=\"og:title\" content=\"En fotos: rumbo al Campeonato Regional Femenino de Boxeo - Diario Textual\" \/>\n<meta property=\"og:description\" content=\"Por Belkis Mart\u00edn\" \/>\n<meta property=\"og:url\" content=\"https:\/\/diariotextual.com\/inicio\/index.php\/2019\/07\/27\/fotos-rumbo-al-campeonato-regional-femenino-boxeo\/\" \/>\n<meta property=\"og:site_name\" content=\"Diario Textual\" \/>\n<meta property=\"article:publisher\" content=\"https:\/\/www.facebook.com\/eltextual\" \/>\n<meta property=\"article:published_time\" content=\"2019-07-27T20:13:47+00:00\" \/>\n<meta property=\"article:modified_time\" content=\"2019-07-28T15:04:32+00:00\" \/>\n<meta property=\"og:image\" content=\"https:\/\/diariotextual.com\/inicio\/wp-content\/uploads\/2019\/07\/boxfemeninobelkismartin-katiavalquinta2019-8.jpg\" \/>\n\t<meta property=\"og:image:width\" content=\"1080\" \/>\n\t<meta property=\"og:image:height\" content=\"715\" \/>\n\t<meta property=\"og:image:type\" content=\"image\/jpeg\" \/>\n<meta name=\"author\" content=\"Diario1 Diario1\" \/>\n<meta name=\"twitter:card\" content=\"summary_large_image\" \/>\n<meta name=\"twitter:creator\" content=\"@eltextual\" \/>\n<meta name=\"twitter:site\" content=\"@eltextual\" \/>\n<meta name=\"twitter:label1\" content=\"Escrito por\" \/>\n\t<meta name=\"twitter:data1\" content=\"Diario1 Diario1\" \/>\n\t<meta name=\"twitter:label2\" content=\"Tiempo de lectura\" \/>\n\t<meta name=\"twitter:data2\" content=\"2 minutos\" \/>\n<script type=\"application\/ld+json\" class=\"yoast-schema-graph\">{\"@context\":\"https:\\\/\\\/schema.org\",\"@graph\":[{\"@type\":\"Article\",\"@id\":\"https:\\\/\\\/diariotextual.com\\\/inicio\\\/index.php\\\/2019\\\/07\\\/27\\\/fotos-rumbo-al-campeonato-regional-femenino-boxeo\\\/#article\",\"isPartOf\":{\"@id\":\"https:\\\/\\\/diariotextual.com\\\/inicio\\\/index.php\\\/2019\\\/07\\\/27\\\/fotos-rumbo-al-campeonato-regional-femenino-boxeo\\\/\"},\"author\":{\"name\":\"Diario1 Diario1\",\"@id\":\"https:\\\/\\\/diariotextual.com\\\/inicio\\\/#\\\/schema\\\/person\\\/418fc4093c33e86ed41562db3508f958\"},\"headline\":\"En fotos: rumbo al Campeonato Regional Femenino de Boxeo\",\"datePublished\":\"2019-07-27T20:13:47+00:00\",\"dateModified\":\"2019-07-28T15:04:32+00:00\",\"mainEntityOfPage\":{\"@id\":\"https:\\\/\\\/diariotextual.com\\\/inicio\\\/index.php\\\/2019\\\/07\\\/27\\\/fotos-rumbo-al-campeonato-regional-femenino-boxeo\\\/\"},\"wordCount\":362,\"publisher\":{\"@id\":\"https:\\\/\\\/diariotextual.com\\\/inicio\\\/#organization\"},\"image\":{\"@id\":\"https:\\\/\\\/diariotextual.com\\\/inicio\\\/index.php\\\/2019\\\/07\\\/27\\\/fotos-rumbo-al-campeonato-regional-femenino-boxeo\\\/#primaryimage\"},\"thumbnailUrl\":\"https:\\\/\\\/diariotextual.com\\\/inicio\\\/wp-content\\\/uploads\\\/2019\\\/07\\\/boxfemeninobelkismartin-katiavalquinta2019-8.jpg\",\"keywords\":[\"belkis\",\"box\",\"boxeo\",\"bustamente\",\"femenino\",\"foto\",\"martin\",\"pampa\",\"valquinta\"],\"articleSection\":[\"A - PORTADA2\",\"A - TEMPORALES\",\"DEPORTES\"],\"inLanguage\":\"es\"},{\"@type\":\"WebPage\",\"@id\":\"https:\\\/\\\/diariotextual.com\\\/inicio\\\/index.php\\\/2019\\\/07\\\/27\\\/fotos-rumbo-al-campeonato-regional-femenino-boxeo\\\/\",\"url\":\"https:\\\/\\\/diariotextual.com\\\/inicio\\\/index.php\\\/2019\\\/07\\\/27\\\/fotos-rumbo-al-campeonato-regional-femenino-boxeo\\\/\",\"name\":\"En fotos: rumbo al Campeonato Regional Femenino de Boxeo - Diario Textual\",\"isPartOf\":{\"@id\":\"https:\\\/\\\/diariotextual.com\\\/inicio\\\/#website\"},\"primaryImageOfPage\":{\"@id\":\"https:\\\/\\\/diariotextual.com\\\/inicio\\\/index.php\\\/2019\\\/07\\\/27\\\/fotos-rumbo-al-campeonato-regional-femenino-boxeo\\\/#primaryimage\"},\"image\":{\"@id\":\"https:\\\/\\\/diariotextual.com\\\/inicio\\\/index.php\\\/2019\\\/07\\\/27\\\/fotos-rumbo-al-campeonato-regional-femenino-boxeo\\\/#primaryimage\"},\"thumbnailUrl\":\"https:\\\/\\\/diariotextual.com\\\/inicio\\\/wp-content\\\/uploads\\\/2019\\\/07\\\/boxfemeninobelkismartin-katiavalquinta2019-8.jpg\",\"datePublished\":\"2019-07-27T20:13:47+00:00\",\"dateModified\":\"2019-07-28T15:04:32+00:00\",\"breadcrumb\":{\"@id\":\"https:\\\/\\\/diariotextual.com\\\/inicio\\\/index.php\\\/2019\\\/07\\\/27\\\/fotos-rumbo-al-campeonato-regional-femenino-boxeo\\\/#breadcrumb\"},\"inLanguage\":\"es\",\"potentialAction\":[{\"@type\":\"ReadAction\",\"target\":[\"https:\\\/\\\/diariotextual.com\\\/inicio\\\/index.php\\\/2019\\\/07\\\/27\\\/fotos-rumbo-al-campeonato-regional-femenino-boxeo\\\/\"]}]},{\"@type\":\"ImageObject\",\"inLanguage\":\"es\",\"@id\":\"https:\\\/\\\/diariotextual.com\\\/inicio\\\/index.php\\\/2019\\\/07\\\/27\\\/fotos-rumbo-al-campeonato-regional-femenino-boxeo\\\/#primaryimage\",\"url\":\"https:\\\/\\\/diariotextual.com\\\/inicio\\\/wp-content\\\/uploads\\\/2019\\\/07\\\/boxfemeninobelkismartin-katiavalquinta2019-8.jpg\",\"contentUrl\":\"https:\\\/\\\/diariotextual.com\\\/inicio\\\/wp-content\\\/uploads\\\/2019\\\/07\\\/boxfemeninobelkismartin-katiavalquinta2019-8.jpg\",\"width\":1080,\"height\":715,\"caption\":\"Katia Valquinta (foto de Belkis Mart\u00edn)\"},{\"@type\":\"BreadcrumbList\",\"@id\":\"https:\\\/\\\/diariotextual.com\\\/inicio\\\/index.php\\\/2019\\\/07\\\/27\\\/fotos-rumbo-al-campeonato-regional-femenino-boxeo\\\/#breadcrumb\",\"itemListElement\":[{\"@type\":\"ListItem\",\"position\":1,\"name\":\"Portada\",\"item\":\"https:\\\/\\\/diariotextual.com\\\/inicio\\\/\"},{\"@type\":\"ListItem\",\"position\":2,\"name\":\"En fotos: rumbo al Campeonato Regional Femenino de Boxeo\"}]},{\"@type\":\"WebSite\",\"@id\":\"https:\\\/\\\/diariotextual.com\\\/inicio\\\/#website\",\"url\":\"https:\\\/\\\/diariotextual.com\\\/inicio\\\/\",\"name\":\"Diario Textual\",\"description\":\"\",\"publisher\":{\"@id\":\"https:\\\/\\\/diariotextual.com\\\/inicio\\\/#organization\"},\"potentialAction\":[{\"@type\":\"SearchAction\",\"target\":{\"@type\":\"EntryPoint\",\"urlTemplate\":\"https:\\\/\\\/diariotextual.com\\\/inicio\\\/?s={search_term_string}\"},\"query-input\":{\"@type\":\"PropertyValueSpecification\",\"valueRequired\":true,\"valueName\":\"search_term_string\"}}],\"inLanguage\":\"es\"},{\"@type\":\"Organization\",\"@id\":\"https:\\\/\\\/diariotextual.com\\\/inicio\\\/#organization\",\"name\":\"Diario Textual\",\"url\":\"https:\\\/\\\/diariotextual.com\\\/inicio\\\/\",\"logo\":{\"@type\":\"ImageObject\",\"inLanguage\":\"es\",\"@id\":\"https:\\\/\\\/diariotextual.com\\\/inicio\\\/#\\\/schema\\\/logo\\\/image\\\/\",\"url\":\"https:\\\/\\\/diariotextual.com\\\/inicio\\\/wp-content\\\/uploads\\\/2023\\\/05\\\/logotextual1.jpg\",\"contentUrl\":\"https:\\\/\\\/diariotextual.com\\\/inicio\\\/wp-content\\\/uploads\\\/2023\\\/05\\\/logotextual1.jpg\",\"width\":516,\"height\":76,\"caption\":\"Diario Textual\"},\"image\":{\"@id\":\"https:\\\/\\\/diariotextual.com\\\/inicio\\\/#\\\/schema\\\/logo\\\/image\\\/\"},\"sameAs\":[\"https:\\\/\\\/www.facebook.com\\\/eltextual\",\"https:\\\/\\\/x.com\\\/eltextual\",\"http:\\\/\\\/www.instagram.com\\\/eltextual\"]},{\"@type\":\"Person\",\"@id\":\"https:\\\/\\\/diariotextual.com\\\/inicio\\\/#\\\/schema\\\/person\\\/418fc4093c33e86ed41562db3508f958\",\"name\":\"Diario1 Diario1\",\"image\":{\"@type\":\"ImageObject\",\"inLanguage\":\"es\",\"@id\":\"https:\\\/\\\/secure.gravatar.com\\\/avatar\\\/9167d280179c85bc18be67aa7eda765854300033af4896dd779b608640f2ef7a?s=96&d=mm&r=g\",\"url\":\"https:\\\/\\\/secure.gravatar.com\\\/avatar\\\/9167d280179c85bc18be67aa7eda765854300033af4896dd779b608640f2ef7a?s=96&d=mm&r=g\",\"contentUrl\":\"https:\\\/\\\/secure.gravatar.com\\\/avatar\\\/9167d280179c85bc18be67aa7eda765854300033af4896dd779b608640f2ef7a?s=96&d=mm&r=g\",\"caption\":\"Diario1 Diario1\"},\"url\":\"https:\\\/\\\/diariotextual.com\\\/inicio\\\/index.php\\\/author\\\/diario1\\\/\"}]}<\/script>\n<!-- \/ Yoast SEO plugin. -->","yoast_head_json":{"title":"En fotos: rumbo al Campeonato Regional Femenino de Boxeo - Diario Textual","robots":{"index":"index","follow":"follow","max-snippet":"max-snippet:-1","max-image-preview":"max-image-preview:large","max-video-preview":"max-video-preview:-1"},"canonical":"https:\/\/diariotextual.com\/inicio\/index.php\/2019\/07\/27\/fotos-rumbo-al-campeonato-regional-femenino-boxeo\/","og_locale":"es_ES","og_type":"article","og_title":"En fotos: rumbo al Campeonato Regional Femenino de Boxeo - Diario Textual","og_description":"Por Belkis Mart\u00edn","og_url":"https:\/\/diariotextual.com\/inicio\/index.php\/2019\/07\/27\/fotos-rumbo-al-campeonato-regional-femenino-boxeo\/","og_site_name":"Diario Textual","article_publisher":"https:\/\/www.facebook.com\/eltextual","article_published_time":"2019-07-27T20:13:47+00:00","article_modified_time":"2019-07-28T15:04:32+00:00","og_image":[{"width":1080,"height":715,"url":"https:\/\/diariotextual.com\/inicio\/wp-content\/uploads\/2019\/07\/boxfemeninobelkismartin-katiavalquinta2019-8.jpg","type":"image\/jpeg"}],"author":"Diario1 Diario1","twitter_card":"summary_large_image","twitter_creator":"@eltextual","twitter_site":"@eltextual","twitter_misc":{"Escrito por":"Diario1 Diario1","Tiempo de lectura":"2 minutos"},"schema":{"@context":"https:\/\/schema.org","@graph":[{"@type":"Article","@id":"https:\/\/diariotextual.com\/inicio\/index.php\/2019\/07\/27\/fotos-rumbo-al-campeonato-regional-femenino-boxeo\/#article","isPartOf":{"@id":"https:\/\/diariotextual.com\/inicio\/index.php\/2019\/07\/27\/fotos-rumbo-al-campeonato-regional-femenino-boxeo\/"},"author":{"name":"Diario1 Diario1","@id":"https:\/\/diariotextual.com\/inicio\/#\/schema\/person\/418fc4093c33e86ed41562db3508f958"},"headline":"En fotos: rumbo al Campeonato Regional Femenino de Boxeo","datePublished":"2019-07-27T20:13:47+00:00","dateModified":"2019-07-28T15:04:32+00:00","mainEntityOfPage":{"@id":"https:\/\/diariotextual.com\/inicio\/index.php\/2019\/07\/27\/fotos-rumbo-al-campeonato-regional-femenino-boxeo\/"},"wordCount":362,"publisher":{"@id":"https:\/\/diariotextual.com\/inicio\/#organization"},"image":{"@id":"https:\/\/diariotextual.com\/inicio\/index.php\/2019\/07\/27\/fotos-rumbo-al-campeonato-regional-femenino-boxeo\/#primaryimage"},"thumbnailUrl":"https:\/\/diariotextual.com\/inicio\/wp-content\/uploads\/2019\/07\/boxfemeninobelkismartin-katiavalquinta2019-8.jpg","keywords":["belkis","box","boxeo","bustamente","femenino","foto","martin","pampa","valquinta"],"articleSection":["A - PORTADA2","A - TEMPORALES","DEPORTES"],"inLanguage":"es"},{"@type":"WebPage","@id":"https:\/\/diariotextual.com\/inicio\/index.php\/2019\/07\/27\/fotos-rumbo-al-campeonato-regional-femenino-boxeo\/","url":"https:\/\/diariotextual.com\/inicio\/index.php\/2019\/07\/27\/fotos-rumbo-al-campeonato-regional-femenino-boxeo\/","name":"En fotos: rumbo al Campeonato Regional Femenino de Boxeo - Diario Textual","isPartOf":{"@id":"https:\/\/diariotextual.com\/inicio\/#website"},"primaryImageOfPage":{"@id":"https:\/\/diariotextual.com\/inicio\/index.php\/2019\/07\/27\/fotos-rumbo-al-campeonato-regional-femenino-boxeo\/#primaryimage"},"image":{"@id":"https:\/\/diariotextual.com\/inicio\/index.php\/2019\/07\/27\/fotos-rumbo-al-campeonato-regional-femenino-boxeo\/#primaryimage"},"thumbnailUrl":"https:\/\/diariotextual.com\/inicio\/wp-content\/uploads\/2019\/07\/boxfemeninobelkismartin-katiavalquinta2019-8.jpg","datePublished":"2019-07-27T20:13:47+00:00","dateModified":"2019-07-28T15:04:32+00:00","breadcrumb":{"@id":"https:\/\/diariotextual.com\/inicio\/index.php\/2019\/07\/27\/fotos-rumbo-al-campeonato-regional-femenino-boxeo\/#breadcrumb"},"inLanguage":"es","potentialAction":[{"@type":"ReadAction","target":["https:\/\/diariotextual.com\/inicio\/index.php\/2019\/07\/27\/fotos-rumbo-al-campeonato-regional-femenino-boxeo\/"]}]},{"@type":"ImageObject","inLanguage":"es","@id":"https:\/\/diariotextual.com\/inicio\/index.php\/2019\/07\/27\/fotos-rumbo-al-campeonato-regional-femenino-boxeo\/#primaryimage","url":"https:\/\/diariotextual.com\/inicio\/wp-content\/uploads\/2019\/07\/boxfemeninobelkismartin-katiavalquinta2019-8.jpg","contentUrl":"https:\/\/diariotextual.com\/inicio\/wp-content\/uploads\/2019\/07\/boxfemeninobelkismartin-katiavalquinta2019-8.jpg","width":1080,"height":715,"caption":"Katia Valquinta (foto de Belkis Mart\u00edn)"},{"@type":"BreadcrumbList","@id":"https:\/\/diariotextual.com\/inicio\/index.php\/2019\/07\/27\/fotos-rumbo-al-campeonato-regional-femenino-boxeo\/#breadcrumb","itemListElement":[{"@type":"ListItem","position":1,"name":"Portada","item":"https:\/\/diariotextual.com\/inicio\/"},{"@type":"ListItem","position":2,"name":"En fotos: rumbo al Campeonato Regional Femenino de Boxeo"}]},{"@type":"WebSite","@id":"https:\/\/diariotextual.com\/inicio\/#website","url":"https:\/\/diariotextual.com\/inicio\/","name":"Diario Textual","description":"","publisher":{"@id":"https:\/\/diariotextual.com\/inicio\/#organization"},"potentialAction":[{"@type":"SearchAction","target":{"@type":"EntryPoint","urlTemplate":"https:\/\/diariotextual.com\/inicio\/?s={search_term_string}"},"query-input":{"@type":"PropertyValueSpecification","valueRequired":true,"valueName":"search_term_string"}}],"inLanguage":"es"},{"@type":"Organization","@id":"https:\/\/diariotextual.com\/inicio\/#organization","name":"Diario Textual","url":"https:\/\/diariotextual.com\/inicio\/","logo":{"@type":"ImageObject","inLanguage":"es","@id":"https:\/\/diariotextual.com\/inicio\/#\/schema\/logo\/image\/","url":"https:\/\/diariotextual.com\/inicio\/wp-content\/uploads\/2023\/05\/logotextual1.jpg","contentUrl":"https:\/\/diariotextual.com\/inicio\/wp-content\/uploads\/2023\/05\/logotextual1.jpg","width":516,"height":76,"caption":"Diario Textual"},"image":{"@id":"https:\/\/diariotextual.com\/inicio\/#\/schema\/logo\/image\/"},"sameAs":["https:\/\/www.facebook.com\/eltextual","https:\/\/x.com\/eltextual","http:\/\/www.instagram.com\/eltextual"]},{"@type":"Person","@id":"https:\/\/diariotextual.com\/inicio\/#\/schema\/person\/418fc4093c33e86ed41562db3508f958","name":"Diario1 Diario1","image":{"@type":"ImageObject","inLanguage":"es","@id":"https:\/\/secure.gravatar.com\/avatar\/9167d280179c85bc18be67aa7eda765854300033af4896dd779b608640f2ef7a?s=96&d=mm&r=g","url":"https:\/\/secure.gravatar.com\/avatar\/9167d280179c85bc18be67aa7eda765854300033af4896dd779b608640f2ef7a?s=96&d=mm&r=g","contentUrl":"https:\/\/secure.gravatar.com\/avatar\/9167d280179c85bc18be67aa7eda765854300033af4896dd779b608640f2ef7a?s=96&d=mm&r=g","caption":"Diario1 Diario1"},"url":"https:\/\/diariotextual.com\/inicio\/index.php\/author\/diario1\/"}]}},"_links":{"self":[{"href":"https:\/\/diariotextual.com\/inicio\/index.php\/wp-json\/wp\/v2\/posts\/57256","targetHints":{"allow":["GET"]}}],"collection":[{"href":"https:\/\/diariotextual.com\/inicio\/index.php\/wp-json\/wp\/v2\/posts"}],"about":[{"href":"https:\/\/diariotextual.com\/inicio\/index.php\/wp-json\/wp\/v2\/types\/post"}],"author":[{"embeddable":true,"href":"https:\/\/diariotextual.com\/inicio\/index.php\/wp-json\/wp\/v2\/users\/3"}],"replies":[{"embeddable":true,"href":"https:\/\/diariotextual.com\/inicio\/index.php\/wp-json\/wp\/v2\/comments?post=57256"}],"version-history":[{"count":5,"href":"https:\/\/diariotextual.com\/inicio\/index.php\/wp-json\/wp\/v2\/posts\/57256\/revisions"}],"predecessor-version":[{"id":57269,"href":"https:\/\/diariotextual.com\/inicio\/index.php\/wp-json\/wp\/v2\/posts\/57256\/revisions\/57269"}],"wp:featuredmedia":[{"embeddable":true,"href":"https:\/\/diariotextual.com\/inicio\/index.php\/wp-json\/wp\/v2\/media\/57261"}],"wp:attachment":[{"href":"https:\/\/diariotextual.com\/inicio\/index.php\/wp-json\/wp\/v2\/media?parent=57256"}],"wp:term":[{"taxonomy":"category","embeddable":true,"href":"https:\/\/diariotextual.com\/inicio\/index.php\/wp-json\/wp\/v2\/categories?post=57256"},{"taxonomy":"post_tag","embeddable":true,"href":"https:\/\/diariotextual.com\/inicio\/index.php\/wp-json\/wp\/v2\/tags?post=57256"}],"curies":[{"name":"wp","href":"https:\/\/api.w.org\/{rel}","templated":true}]}}