{"id":57270,"date":"2019-07-27T17:42:39","date_gmt":"2019-07-27T20:42:39","guid":{"rendered":"http:\/\/diariotextual.com\/inicio\/?p=57270"},"modified":"2019-07-28T18:57:39","modified_gmt":"2019-07-28T21:57:39","slug":"alvear-una-familia-se-resiste-le-instalen-al-lado-casa-deposito-agrotoxicos","status":"publish","type":"post","link":"https:\/\/diariotextual.com\/inicio\/index.php\/2019\/07\/27\/alvear-una-familia-se-resiste-le-instalen-al-lado-casa-deposito-agrotoxicos\/","title":{"rendered":"Alvear: una familia se resiste a que le instalen al lado de su casa un dep\u00f3sito de agrot\u00f3xicos"},"content":{"rendered":"<p>Una familia de la localidad de Intendente Alvear denunci\u00f3 p\u00fablicamente que a metros de su casa pretenden instalar un dep\u00f3sito de almacenamiento y venta de agroqu\u00edmicos.<\/p>\n<p>Juli\u00e1n Soriano tiene 42 a\u00f1os y es ingeniero agr\u00f3nomo. Sabe, por su profesi\u00f3n, de lo peligroso que es un dep\u00f3sito a solo 50 metros de su casa que comparte con su esposa Melina Severino, 34 a\u00f1os, y sus tres hijos de 15, 8 y 4 a\u00f1os.<\/p>\n<p>Tienen su casa en calle Madre Tr\u00e1nsito Cabanillas, al suroeste de la localidad. Eligieron vivir en ese lugar, a 200 metros de ruta provincial 1, por la arboleda y por una promesa: el due\u00f1o de los terrenos les dijo que solo vender\u00eda esos lotes para construir viviendas. Pero no cumpli\u00f3 con su palabra y tambi\u00e9n les vendi\u00f3 a empresas.<\/p>\n<p>Seg\u00fan contaron al peri\u00f3dico<a href=\"https:\/\/elnorteenmovimiento.com.ar\/nuestra-voz-se-va-a-oir\/\" target=\"_blank\" rel=\"noopener\"><strong> El Norte en Movimiento<\/strong><\/a>, comenzaron a movilizarse para impedir la radicaci\u00f3n que fue autorizada por el Concejo Deliberante, mediante una excepci\u00f3n ya que hay una ordenanza que lo proh\u00edbe. El lunes iniciar\u00e1n acciones legales en la ciudad de Santa Rosa.<\/p>\n<p>\u00abEstamos muy preocupados\u00bb, dijo Juli\u00e1n. \u00abCompramos este terreno en el a\u00f1o 2014, totalmente arbolado. Quien nos vendi\u00f3 nos dijo que solo iba a vender para construir casas, que despu\u00e9s no cumpli\u00f3\u00bb, dijo. \u00abDecidimos hacer la casa ac\u00e1 y ahora nos encontramos que en un abrir y cerrar de ojos nos est\u00e1n construyendo a 50 metros de nuestra propiedad un dep\u00f3sito para almacenar y vender agroqu\u00edmicos. Hace menos de un mes el Concejo Deliberante, mediante una excepci\u00f3n, autoriz\u00f3 su radicaci\u00f3n siendo que hay una ordenanza que lo proh\u00edbe. Tambi\u00e9n hay disposiciones provinciales que tambi\u00e9n proh\u00edben este tipo de dep\u00f3sitos en zona urbana. Nos preocupa las consecuencias que esto puedo acarrear, tenemos hijos menores y sabemos que los agroqu\u00edmicos no son inocuos\u00bb, sostuvo.<\/p>\n<p>\u00abLo dice \u00e9l (por su esposo) que es ingeniero agr\u00f3nomo, con propiedad no porque ley\u00f3 por ah\u00ed\u00bb, acot\u00f3 Melina. \u00abTambi\u00e9n los vecinos est\u00e1n alertados y preocupados\u00bb.<\/p>\n<p>En la sesi\u00f3n ordinaria del pasado 4 de julio, el Concejo Deliberante de la localidad autoriz\u00f3 la radicaci\u00f3n de Agroinsumos Picumalal S.R.L., a la vera de ruta provincial 1, a la altura del kil\u00f3metro 22. Es una empresa que se dedicar\u00e1 a la venta al por mayor de insumos, abonos, fertilizantes, plaguicidas, semillas y granos para forrajes, entre otras actividades relacionadas al sector agropecuario.<\/p>\n<p>Los concejales tuvieron en cuenta que en Intendente Alvear se encuentran, cerca del lugar mencionado, empresas instaladas para la comercializaci\u00f3n de similares rubros.<\/p>\n<p>En el proyecto de ordenanza se expresaba que la\u00a0 habilitaci\u00f3n deb\u00eda ser posterior a la aprobaci\u00f3n del pedido de radicaci\u00f3n y que la ubicaci\u00f3n de inmueble encuadraba en la prohibici\u00f3n que establece la ordenanza 010\/08. Sin embargo, sostuvieron que la excepci\u00f3n resultaba viable para la generaci\u00f3n de comercios propios del ramo agropecuario en esa zona de ruta provincial 1, cercana al acceso de la localidad.<\/p>\n<p>Adem\u00e1s, la empresa Picumalal SRL necesitaba este permiso de radicaci\u00f3n para avanzar con los tr\u00e1mites habilitantes que expide la C\u00e1mara de Sanidad Agropecuaria y Fertilizante (CASAFE).<\/p>\n<p>&nbsp;<\/p>\n<p>Respaldo<\/p>\n<p>\u00abEste dep\u00f3sito se va a instalar a pocos metros del ecoparque, una reserva para animales aut\u00f3ctonos, considerado lugar tur\u00edstico donde se fomenta todo lo relacionado a la ecolog\u00eda\u00bb, dijo Melina. \u00abNosotros hacemos la denuncia por este medio, pero con el respaldo de todos los vecinos que rechazan esta medida tomada de manera negligente por los concejales, sin consultar sin hacer relevamiento, ni estudio de impacto ambiental\u00bb, agreg\u00f3.<\/p>\n<p>\u00abEstuvimos hablando con Dora Sereno (encargada del \u00e1rea de Bromatolog\u00eda municipal), con V\u00edctor Mart\u00edn (agente fitosanitario), las repuestas han sido escasas, dir\u00eda nulas, con falta de argumentos y total falta de inter\u00e9s\u00bb, afirm\u00f3 Melina.<\/p>\n<p>\u00abComo dijo Juli\u00e1n estamos muy preocupados por \u00e9sta instalaci\u00f3n, por el da\u00f1o que puede ocasionar y abre una puerta para que cualquiera modifique una ordenanza a su antojo y habilitar otras cosas en otros lugares del pueblo\u00bb, dijo. \u00abTanto se est\u00e1 luchando para sacar las fumigadores del radio urbano, que los bidones no anden por cualquier lugar y ahora nos van a poner un dep\u00f3sito de agroqu\u00edmicos, y grande, no es que va a haber dos bidones de glifosato. Quien va a instalarse ah\u00ed ha comprado una gran terreno de 150 por 50 metros, es decir que si le va bien, como le est\u00e1 yendo, seguir\u00e1 haciendo galpones. Porque con la aprobaci\u00f3n del Concejo y del Ejecutivo esto sale, se instalar\u00e1\u00bb, explic\u00f3. \u00abNosotros estamos en la misma manzana, terreno de 50 metros de por medio\u00bb, a\u00f1adi\u00f3 Juli\u00e1n.<\/p>\n<p>\u00abAdem\u00e1s hay dos tanques elevados de gasoil, detr\u00e1s del futuro dep\u00f3sito de agroqu\u00edmicos\u00bb, dijo. \u00abEs una combinaci\u00f3n bastante explosiva que nos da mucho miedo, ni siquiera nos han informado si tienen todas la habilitaciones para ello, porque no nos supieron decir absolutamente nada. Vamos a ir varios al Concejo la semana que viene porque queremos respuestas, queremos saber en base a qu\u00e9 tomaron esa decisi\u00f3n. Tambi\u00e9n hablaremos con el se\u00f1or intendente\u00bb, indic\u00f3.<\/p>\n<p>&nbsp;<\/p>\n<p>&nbsp;<\/p>\n<p>&nbsp;<\/p>\n","protected":false},"excerpt":{"rendered":"<p>Una familia de la localidad de Intendente Alvear denunci\u00f3 p\u00fablicamente que a metros de su casa pretenden instalar un dep\u00f3sito de almacenamiento y venta de agroqu\u00edmicos. Juli\u00e1n Soriano tiene 42&hellip;<\/p>\n","protected":false},"author":3,"featured_media":57278,"comment_status":"closed","ping_status":"open","sticky":false,"template":"","format":"standard","meta":{"_acf_changed":false,"footnotes":""},"categories":[319,20],"tags":[653,1693,700],"class_list":["post-57270","post","type-post","status-publish","format-standard","has-post-thumbnail","hentry","category-a-temporales","category-campo","tag-agroquimicos","tag-agrotoxicos","tag-alvear"],"acf":[],"yoast_head":"<!-- This site is optimized with the Yoast SEO plugin v27.5 - https:\/\/yoast.com\/product\/yoast-seo-wordpress\/ -->\n<title>Alvear: una familia se resiste a que le instalen al lado de su casa un dep\u00f3sito de agrot\u00f3xicos - Diario Textual<\/title>\n<meta name=\"robots\" content=\"index, follow, max-snippet:-1, max-image-preview:large, max-video-preview:-1\" \/>\n<link rel=\"canonical\" href=\"https:\/\/diariotextual.com\/inicio\/index.php\/2019\/07\/27\/alvear-una-familia-se-resiste-le-instalen-al-lado-casa-deposito-agrotoxicos\/\" \/>\n<meta property=\"og:locale\" content=\"es_ES\" \/>\n<meta property=\"og:type\" content=\"article\" \/>\n<meta property=\"og:title\" content=\"Alvear: una familia se resiste a que le instalen al lado de su casa un dep\u00f3sito de agrot\u00f3xicos - Diario Textual\" \/>\n<meta property=\"og:description\" content=\"Una familia de la localidad de Intendente Alvear denunci\u00f3 p\u00fablicamente que a metros de su casa pretenden instalar un dep\u00f3sito de almacenamiento y venta de agroqu\u00edmicos. Juli\u00e1n Soriano tiene 42&hellip;\" \/>\n<meta property=\"og:url\" content=\"https:\/\/diariotextual.com\/inicio\/index.php\/2019\/07\/27\/alvear-una-familia-se-resiste-le-instalen-al-lado-casa-deposito-agrotoxicos\/\" \/>\n<meta property=\"og:site_name\" content=\"Diario Textual\" \/>\n<meta property=\"article:publisher\" content=\"https:\/\/www.facebook.com\/eltextual\" \/>\n<meta property=\"article:published_time\" content=\"2019-07-27T20:42:39+00:00\" \/>\n<meta property=\"article:modified_time\" content=\"2019-07-28T21:57:39+00:00\" \/>\n<meta property=\"og:image\" content=\"https:\/\/diariotextual.com\/inicio\/wp-content\/uploads\/2019\/07\/alvearagroquimicosjulianelnorte2019-1.jpg\" \/>\n\t<meta property=\"og:image:width\" content=\"672\" \/>\n\t<meta property=\"og:image:height\" content=\"441\" \/>\n\t<meta property=\"og:image:type\" content=\"image\/jpeg\" \/>\n<meta name=\"author\" content=\"Diario1 Diario1\" \/>\n<meta name=\"twitter:card\" content=\"summary_large_image\" \/>\n<meta name=\"twitter:creator\" content=\"@eltextual\" \/>\n<meta name=\"twitter:site\" content=\"@eltextual\" \/>\n<meta name=\"twitter:label1\" content=\"Escrito por\" \/>\n\t<meta name=\"twitter:data1\" content=\"Diario1 Diario1\" \/>\n\t<meta name=\"twitter:label2\" content=\"Tiempo de lectura\" \/>\n\t<meta name=\"twitter:data2\" content=\"4 minutos\" \/>\n<script type=\"application\/ld+json\" class=\"yoast-schema-graph\">{\"@context\":\"https:\\\/\\\/schema.org\",\"@graph\":[{\"@type\":\"Article\",\"@id\":\"https:\\\/\\\/diariotextual.com\\\/inicio\\\/index.php\\\/2019\\\/07\\\/27\\\/alvear-una-familia-se-resiste-le-instalen-al-lado-casa-deposito-agrotoxicos\\\/#article\",\"isPartOf\":{\"@id\":\"https:\\\/\\\/diariotextual.com\\\/inicio\\\/index.php\\\/2019\\\/07\\\/27\\\/alvear-una-familia-se-resiste-le-instalen-al-lado-casa-deposito-agrotoxicos\\\/\"},\"author\":{\"name\":\"Diario1 Diario1\",\"@id\":\"https:\\\/\\\/diariotextual.com\\\/inicio\\\/#\\\/schema\\\/person\\\/418fc4093c33e86ed41562db3508f958\"},\"headline\":\"Alvear: una familia se resiste a que le instalen al lado de su casa un dep\u00f3sito de agrot\u00f3xicos\",\"datePublished\":\"2019-07-27T20:42:39+00:00\",\"dateModified\":\"2019-07-28T21:57:39+00:00\",\"mainEntityOfPage\":{\"@id\":\"https:\\\/\\\/diariotextual.com\\\/inicio\\\/index.php\\\/2019\\\/07\\\/27\\\/alvear-una-familia-se-resiste-le-instalen-al-lado-casa-deposito-agrotoxicos\\\/\"},\"wordCount\":897,\"publisher\":{\"@id\":\"https:\\\/\\\/diariotextual.com\\\/inicio\\\/#organization\"},\"image\":{\"@id\":\"https:\\\/\\\/diariotextual.com\\\/inicio\\\/index.php\\\/2019\\\/07\\\/27\\\/alvear-una-familia-se-resiste-le-instalen-al-lado-casa-deposito-agrotoxicos\\\/#primaryimage\"},\"thumbnailUrl\":\"https:\\\/\\\/diariotextual.com\\\/inicio\\\/wp-content\\\/uploads\\\/2019\\\/07\\\/alvearagroquimicosjulianelnorte2019-1.jpg\",\"keywords\":[\"agroquimicos\",\"agrotoxicos\",\"alvear\"],\"articleSection\":[\"A - TEMPORALES\",\"CAMPO\"],\"inLanguage\":\"es\"},{\"@type\":\"WebPage\",\"@id\":\"https:\\\/\\\/diariotextual.com\\\/inicio\\\/index.php\\\/2019\\\/07\\\/27\\\/alvear-una-familia-se-resiste-le-instalen-al-lado-casa-deposito-agrotoxicos\\\/\",\"url\":\"https:\\\/\\\/diariotextual.com\\\/inicio\\\/index.php\\\/2019\\\/07\\\/27\\\/alvear-una-familia-se-resiste-le-instalen-al-lado-casa-deposito-agrotoxicos\\\/\",\"name\":\"Alvear: una familia se resiste a que le instalen al lado de su casa un dep\u00f3sito de agrot\u00f3xicos - Diario Textual\",\"isPartOf\":{\"@id\":\"https:\\\/\\\/diariotextual.com\\\/inicio\\\/#website\"},\"primaryImageOfPage\":{\"@id\":\"https:\\\/\\\/diariotextual.com\\\/inicio\\\/index.php\\\/2019\\\/07\\\/27\\\/alvear-una-familia-se-resiste-le-instalen-al-lado-casa-deposito-agrotoxicos\\\/#primaryimage\"},\"image\":{\"@id\":\"https:\\\/\\\/diariotextual.com\\\/inicio\\\/index.php\\\/2019\\\/07\\\/27\\\/alvear-una-familia-se-resiste-le-instalen-al-lado-casa-deposito-agrotoxicos\\\/#primaryimage\"},\"thumbnailUrl\":\"https:\\\/\\\/diariotextual.com\\\/inicio\\\/wp-content\\\/uploads\\\/2019\\\/07\\\/alvearagroquimicosjulianelnorte2019-1.jpg\",\"datePublished\":\"2019-07-27T20:42:39+00:00\",\"dateModified\":\"2019-07-28T21:57:39+00:00\",\"breadcrumb\":{\"@id\":\"https:\\\/\\\/diariotextual.com\\\/inicio\\\/index.php\\\/2019\\\/07\\\/27\\\/alvear-una-familia-se-resiste-le-instalen-al-lado-casa-deposito-agrotoxicos\\\/#breadcrumb\"},\"inLanguage\":\"es\",\"potentialAction\":[{\"@type\":\"ReadAction\",\"target\":[\"https:\\\/\\\/diariotextual.com\\\/inicio\\\/index.php\\\/2019\\\/07\\\/27\\\/alvear-una-familia-se-resiste-le-instalen-al-lado-casa-deposito-agrotoxicos\\\/\"]}]},{\"@type\":\"ImageObject\",\"inLanguage\":\"es\",\"@id\":\"https:\\\/\\\/diariotextual.com\\\/inicio\\\/index.php\\\/2019\\\/07\\\/27\\\/alvear-una-familia-se-resiste-le-instalen-al-lado-casa-deposito-agrotoxicos\\\/#primaryimage\",\"url\":\"https:\\\/\\\/diariotextual.com\\\/inicio\\\/wp-content\\\/uploads\\\/2019\\\/07\\\/alvearagroquimicosjulianelnorte2019-1.jpg\",\"contentUrl\":\"https:\\\/\\\/diariotextual.com\\\/inicio\\\/wp-content\\\/uploads\\\/2019\\\/07\\\/alvearagroquimicosjulianelnorte2019-1.jpg\",\"width\":672,\"height\":441},{\"@type\":\"BreadcrumbList\",\"@id\":\"https:\\\/\\\/diariotextual.com\\\/inicio\\\/index.php\\\/2019\\\/07\\\/27\\\/alvear-una-familia-se-resiste-le-instalen-al-lado-casa-deposito-agrotoxicos\\\/#breadcrumb\",\"itemListElement\":[{\"@type\":\"ListItem\",\"position\":1,\"name\":\"Portada\",\"item\":\"https:\\\/\\\/diariotextual.com\\\/inicio\\\/\"},{\"@type\":\"ListItem\",\"position\":2,\"name\":\"Alvear: una familia se resiste a que le instalen al lado de su casa un dep\u00f3sito de agrot\u00f3xicos\"}]},{\"@type\":\"WebSite\",\"@id\":\"https:\\\/\\\/diariotextual.com\\\/inicio\\\/#website\",\"url\":\"https:\\\/\\\/diariotextual.com\\\/inicio\\\/\",\"name\":\"Diario Textual\",\"description\":\"\",\"publisher\":{\"@id\":\"https:\\\/\\\/diariotextual.com\\\/inicio\\\/#organization\"},\"potentialAction\":[{\"@type\":\"SearchAction\",\"target\":{\"@type\":\"EntryPoint\",\"urlTemplate\":\"https:\\\/\\\/diariotextual.com\\\/inicio\\\/?s={search_term_string}\"},\"query-input\":{\"@type\":\"PropertyValueSpecification\",\"valueRequired\":true,\"valueName\":\"search_term_string\"}}],\"inLanguage\":\"es\"},{\"@type\":\"Organization\",\"@id\":\"https:\\\/\\\/diariotextual.com\\\/inicio\\\/#organization\",\"name\":\"Diario Textual\",\"url\":\"https:\\\/\\\/diariotextual.com\\\/inicio\\\/\",\"logo\":{\"@type\":\"ImageObject\",\"inLanguage\":\"es\",\"@id\":\"https:\\\/\\\/diariotextual.com\\\/inicio\\\/#\\\/schema\\\/logo\\\/image\\\/\",\"url\":\"https:\\\/\\\/diariotextual.com\\\/inicio\\\/wp-content\\\/uploads\\\/2023\\\/05\\\/logotextual1.jpg\",\"contentUrl\":\"https:\\\/\\\/diariotextual.com\\\/inicio\\\/wp-content\\\/uploads\\\/2023\\\/05\\\/logotextual1.jpg\",\"width\":516,\"height\":76,\"caption\":\"Diario Textual\"},\"image\":{\"@id\":\"https:\\\/\\\/diariotextual.com\\\/inicio\\\/#\\\/schema\\\/logo\\\/image\\\/\"},\"sameAs\":[\"https:\\\/\\\/www.facebook.com\\\/eltextual\",\"https:\\\/\\\/x.com\\\/eltextual\",\"http:\\\/\\\/www.instagram.com\\\/eltextual\"]},{\"@type\":\"Person\",\"@id\":\"https:\\\/\\\/diariotextual.com\\\/inicio\\\/#\\\/schema\\\/person\\\/418fc4093c33e86ed41562db3508f958\",\"name\":\"Diario1 Diario1\",\"image\":{\"@type\":\"ImageObject\",\"inLanguage\":\"es\",\"@id\":\"https:\\\/\\\/secure.gravatar.com\\\/avatar\\\/9167d280179c85bc18be67aa7eda765854300033af4896dd779b608640f2ef7a?s=96&d=mm&r=g\",\"url\":\"https:\\\/\\\/secure.gravatar.com\\\/avatar\\\/9167d280179c85bc18be67aa7eda765854300033af4896dd779b608640f2ef7a?s=96&d=mm&r=g\",\"contentUrl\":\"https:\\\/\\\/secure.gravatar.com\\\/avatar\\\/9167d280179c85bc18be67aa7eda765854300033af4896dd779b608640f2ef7a?s=96&d=mm&r=g\",\"caption\":\"Diario1 Diario1\"},\"url\":\"https:\\\/\\\/diariotextual.com\\\/inicio\\\/index.php\\\/author\\\/diario1\\\/\"}]}<\/script>\n<!-- \/ Yoast SEO plugin. -->","yoast_head_json":{"title":"Alvear: una familia se resiste a que le instalen al lado de su casa un dep\u00f3sito de agrot\u00f3xicos - Diario Textual","robots":{"index":"index","follow":"follow","max-snippet":"max-snippet:-1","max-image-preview":"max-image-preview:large","max-video-preview":"max-video-preview:-1"},"canonical":"https:\/\/diariotextual.com\/inicio\/index.php\/2019\/07\/27\/alvear-una-familia-se-resiste-le-instalen-al-lado-casa-deposito-agrotoxicos\/","og_locale":"es_ES","og_type":"article","og_title":"Alvear: una familia se resiste a que le instalen al lado de su casa un dep\u00f3sito de agrot\u00f3xicos - Diario Textual","og_description":"Una familia de la localidad de Intendente Alvear denunci\u00f3 p\u00fablicamente que a metros de su casa pretenden instalar un dep\u00f3sito de almacenamiento y venta de agroqu\u00edmicos. Juli\u00e1n Soriano tiene 42&hellip;","og_url":"https:\/\/diariotextual.com\/inicio\/index.php\/2019\/07\/27\/alvear-una-familia-se-resiste-le-instalen-al-lado-casa-deposito-agrotoxicos\/","og_site_name":"Diario Textual","article_publisher":"https:\/\/www.facebook.com\/eltextual","article_published_time":"2019-07-27T20:42:39+00:00","article_modified_time":"2019-07-28T21:57:39+00:00","og_image":[{"width":672,"height":441,"url":"https:\/\/diariotextual.com\/inicio\/wp-content\/uploads\/2019\/07\/alvearagroquimicosjulianelnorte2019-1.jpg","type":"image\/jpeg"}],"author":"Diario1 Diario1","twitter_card":"summary_large_image","twitter_creator":"@eltextual","twitter_site":"@eltextual","twitter_misc":{"Escrito por":"Diario1 Diario1","Tiempo de lectura":"4 minutos"},"schema":{"@context":"https:\/\/schema.org","@graph":[{"@type":"Article","@id":"https:\/\/diariotextual.com\/inicio\/index.php\/2019\/07\/27\/alvear-una-familia-se-resiste-le-instalen-al-lado-casa-deposito-agrotoxicos\/#article","isPartOf":{"@id":"https:\/\/diariotextual.com\/inicio\/index.php\/2019\/07\/27\/alvear-una-familia-se-resiste-le-instalen-al-lado-casa-deposito-agrotoxicos\/"},"author":{"name":"Diario1 Diario1","@id":"https:\/\/diariotextual.com\/inicio\/#\/schema\/person\/418fc4093c33e86ed41562db3508f958"},"headline":"Alvear: una familia se resiste a que le instalen al lado de su casa un dep\u00f3sito de agrot\u00f3xicos","datePublished":"2019-07-27T20:42:39+00:00","dateModified":"2019-07-28T21:57:39+00:00","mainEntityOfPage":{"@id":"https:\/\/diariotextual.com\/inicio\/index.php\/2019\/07\/27\/alvear-una-familia-se-resiste-le-instalen-al-lado-casa-deposito-agrotoxicos\/"},"wordCount":897,"publisher":{"@id":"https:\/\/diariotextual.com\/inicio\/#organization"},"image":{"@id":"https:\/\/diariotextual.com\/inicio\/index.php\/2019\/07\/27\/alvear-una-familia-se-resiste-le-instalen-al-lado-casa-deposito-agrotoxicos\/#primaryimage"},"thumbnailUrl":"https:\/\/diariotextual.com\/inicio\/wp-content\/uploads\/2019\/07\/alvearagroquimicosjulianelnorte2019-1.jpg","keywords":["agroquimicos","agrotoxicos","alvear"],"articleSection":["A - TEMPORALES","CAMPO"],"inLanguage":"es"},{"@type":"WebPage","@id":"https:\/\/diariotextual.com\/inicio\/index.php\/2019\/07\/27\/alvear-una-familia-se-resiste-le-instalen-al-lado-casa-deposito-agrotoxicos\/","url":"https:\/\/diariotextual.com\/inicio\/index.php\/2019\/07\/27\/alvear-una-familia-se-resiste-le-instalen-al-lado-casa-deposito-agrotoxicos\/","name":"Alvear: una familia se resiste a que le instalen al lado de su casa un dep\u00f3sito de agrot\u00f3xicos - Diario Textual","isPartOf":{"@id":"https:\/\/diariotextual.com\/inicio\/#website"},"primaryImageOfPage":{"@id":"https:\/\/diariotextual.com\/inicio\/index.php\/2019\/07\/27\/alvear-una-familia-se-resiste-le-instalen-al-lado-casa-deposito-agrotoxicos\/#primaryimage"},"image":{"@id":"https:\/\/diariotextual.com\/inicio\/index.php\/2019\/07\/27\/alvear-una-familia-se-resiste-le-instalen-al-lado-casa-deposito-agrotoxicos\/#primaryimage"},"thumbnailUrl":"https:\/\/diariotextual.com\/inicio\/wp-content\/uploads\/2019\/07\/alvearagroquimicosjulianelnorte2019-1.jpg","datePublished":"2019-07-27T20:42:39+00:00","dateModified":"2019-07-28T21:57:39+00:00","breadcrumb":{"@id":"https:\/\/diariotextual.com\/inicio\/index.php\/2019\/07\/27\/alvear-una-familia-se-resiste-le-instalen-al-lado-casa-deposito-agrotoxicos\/#breadcrumb"},"inLanguage":"es","potentialAction":[{"@type":"ReadAction","target":["https:\/\/diariotextual.com\/inicio\/index.php\/2019\/07\/27\/alvear-una-familia-se-resiste-le-instalen-al-lado-casa-deposito-agrotoxicos\/"]}]},{"@type":"ImageObject","inLanguage":"es","@id":"https:\/\/diariotextual.com\/inicio\/index.php\/2019\/07\/27\/alvear-una-familia-se-resiste-le-instalen-al-lado-casa-deposito-agrotoxicos\/#primaryimage","url":"https:\/\/diariotextual.com\/inicio\/wp-content\/uploads\/2019\/07\/alvearagroquimicosjulianelnorte2019-1.jpg","contentUrl":"https:\/\/diariotextual.com\/inicio\/wp-content\/uploads\/2019\/07\/alvearagroquimicosjulianelnorte2019-1.jpg","width":672,"height":441},{"@type":"BreadcrumbList","@id":"https:\/\/diariotextual.com\/inicio\/index.php\/2019\/07\/27\/alvear-una-familia-se-resiste-le-instalen-al-lado-casa-deposito-agrotoxicos\/#breadcrumb","itemListElement":[{"@type":"ListItem","position":1,"name":"Portada","item":"https:\/\/diariotextual.com\/inicio\/"},{"@type":"ListItem","position":2,"name":"Alvear: una familia se resiste a que le instalen al lado de su casa un dep\u00f3sito de agrot\u00f3xicos"}]},{"@type":"WebSite","@id":"https:\/\/diariotextual.com\/inicio\/#website","url":"https:\/\/diariotextual.com\/inicio\/","name":"Diario Textual","description":"","publisher":{"@id":"https:\/\/diariotextual.com\/inicio\/#organization"},"potentialAction":[{"@type":"SearchAction","target":{"@type":"EntryPoint","urlTemplate":"https:\/\/diariotextual.com\/inicio\/?s={search_term_string}"},"query-input":{"@type":"PropertyValueSpecification","valueRequired":true,"valueName":"search_term_string"}}],"inLanguage":"es"},{"@type":"Organization","@id":"https:\/\/diariotextual.com\/inicio\/#organization","name":"Diario Textual","url":"https:\/\/diariotextual.com\/inicio\/","logo":{"@type":"ImageObject","inLanguage":"es","@id":"https:\/\/diariotextual.com\/inicio\/#\/schema\/logo\/image\/","url":"https:\/\/diariotextual.com\/inicio\/wp-content\/uploads\/2023\/05\/logotextual1.jpg","contentUrl":"https:\/\/diariotextual.com\/inicio\/wp-content\/uploads\/2023\/05\/logotextual1.jpg","width":516,"height":76,"caption":"Diario Textual"},"image":{"@id":"https:\/\/diariotextual.com\/inicio\/#\/schema\/logo\/image\/"},"sameAs":["https:\/\/www.facebook.com\/eltextual","https:\/\/x.com\/eltextual","http:\/\/www.instagram.com\/eltextual"]},{"@type":"Person","@id":"https:\/\/diariotextual.com\/inicio\/#\/schema\/person\/418fc4093c33e86ed41562db3508f958","name":"Diario1 Diario1","image":{"@type":"ImageObject","inLanguage":"es","@id":"https:\/\/secure.gravatar.com\/avatar\/9167d280179c85bc18be67aa7eda765854300033af4896dd779b608640f2ef7a?s=96&d=mm&r=g","url":"https:\/\/secure.gravatar.com\/avatar\/9167d280179c85bc18be67aa7eda765854300033af4896dd779b608640f2ef7a?s=96&d=mm&r=g","contentUrl":"https:\/\/secure.gravatar.com\/avatar\/9167d280179c85bc18be67aa7eda765854300033af4896dd779b608640f2ef7a?s=96&d=mm&r=g","caption":"Diario1 Diario1"},"url":"https:\/\/diariotextual.com\/inicio\/index.php\/author\/diario1\/"}]}},"_links":{"self":[{"href":"https:\/\/diariotextual.com\/inicio\/index.php\/wp-json\/wp\/v2\/posts\/57270","targetHints":{"allow":["GET"]}}],"collection":[{"href":"https:\/\/diariotextual.com\/inicio\/index.php\/wp-json\/wp\/v2\/posts"}],"about":[{"href":"https:\/\/diariotextual.com\/inicio\/index.php\/wp-json\/wp\/v2\/types\/post"}],"author":[{"embeddable":true,"href":"https:\/\/diariotextual.com\/inicio\/index.php\/wp-json\/wp\/v2\/users\/3"}],"replies":[{"embeddable":true,"href":"https:\/\/diariotextual.com\/inicio\/index.php\/wp-json\/wp\/v2\/comments?post=57270"}],"version-history":[{"count":4,"href":"https:\/\/diariotextual.com\/inicio\/index.php\/wp-json\/wp\/v2\/posts\/57270\/revisions"}],"predecessor-version":[{"id":57279,"href":"https:\/\/diariotextual.com\/inicio\/index.php\/wp-json\/wp\/v2\/posts\/57270\/revisions\/57279"}],"wp:featuredmedia":[{"embeddable":true,"href":"https:\/\/diariotextual.com\/inicio\/index.php\/wp-json\/wp\/v2\/media\/57278"}],"wp:attachment":[{"href":"https:\/\/diariotextual.com\/inicio\/index.php\/wp-json\/wp\/v2\/media?parent=57270"}],"wp:term":[{"taxonomy":"category","embeddable":true,"href":"https:\/\/diariotextual.com\/inicio\/index.php\/wp-json\/wp\/v2\/categories?post=57270"},{"taxonomy":"post_tag","embeddable":true,"href":"https:\/\/diariotextual.com\/inicio\/index.php\/wp-json\/wp\/v2\/tags?post=57270"}],"curies":[{"name":"wp","href":"https:\/\/api.w.org\/{rel}","templated":true}]}}