{"id":57335,"date":"2019-07-28T18:07:27","date_gmt":"2019-07-28T21:07:27","guid":{"rendered":"http:\/\/diariotextual.com\/inicio\/?p=57335"},"modified":"2019-07-28T22:54:15","modified_gmt":"2019-07-29T01:54:15","slug":"nacion-quiere-resarcimiento-familiares-soldados-victimas-la-guerrilla","status":"publish","type":"post","link":"https:\/\/diariotextual.com\/inicio\/index.php\/2019\/07\/28\/nacion-quiere-resarcimiento-familiares-soldados-victimas-la-guerrilla\/","title":{"rendered":"Naci\u00f3n quiere un resarcimiento para familiares de soldados \u00abv\u00edctimas de la guerrilla\u00bb"},"content":{"rendered":"<p>El<strong> secretario de Derechos Humanos, Claudio Avruj, consider\u00f3 que ser\u00eda \u00ableg\u00edtimo\u00bb que haya un resarcimiento econ\u00f3mico para los familiares de miembros de fuerzas de seguridad<\/strong> que murieron \u201cdefendiendo a la patria\u201d.<\/p>\n<p><!--more--><\/p>\n<p>El funcionario resalt\u00f3 que el oficialismo ya est\u00e1 \u00abtrabajando\u00bb sobre un proyecto que se present\u00f3 en la C\u00e1mara de Diputados para que haya <strong>\u00abuna ley reparatoria\u00bb a favor de quienes fallecieron \u00abdefendiendo la Patria\u00bb, entre 1974 y 1976.<\/strong><\/p>\n<p>En este sentido, Avruj se\u00f1al\u00f3 que esta iniciativa ya cuenta con \u00abel aval\u00bb de su secretar\u00eda y tambi\u00e9n \u00abdel presidente Mauricio Macri\u00bb, y explic\u00f3 que esperan que la norma salga \u00abcuanto antes\u00bb.<\/p>\n<p>\u00abYo creo que es leg\u00edtimo el reclamo de que aquellos que murieron defendiendo la Patria, la institucionalidad, estando bajo el r\u00e9gimen de la ley obligatoria del servicio militar, deb\u00edan recibir una reparaci\u00f3n del Estado\u00bb, agreg\u00f3 al respecto.<\/p>\n<p>Adem\u00e1s, <strong>Avruj tambi\u00e9n cuestion\u00f3 a \u00ablos que recibieron sumas cuantiosas\u00bb durante la gesti\u00f3n kirchnerista por ser familiares de personas que integraron grupos guerrilleros que lucharon \u00abno por un ideal de respeto a los derechos humanos\u00bb, sino \u00abcontra el orden constitucional\u00bb<\/strong>, public\u00f3 el diario \u00c1mbito Financiero.<\/p>\n<p>\u00ab<strong>Era el gobierno de Isabel Per\u00f3n. No fue durante la dictadura militar, fue en democracia<\/strong>\u00ab, record\u00f3 el funcionario nacional.<\/p>\n<p>Avruj tambi\u00e9n reinstal\u00f3 la discusi\u00f3n sobre la posibilidad de que los miembros de las fuerzas de seguridad condenados por delitos de lesa humanidad, accedan al beneficio de la prisi\u00f3n domiciliaria en los que superen los 70 a\u00f1os de edad.<\/p>\n","protected":false},"excerpt":{"rendered":"<p>El secretario de Derechos Humanos, Claudio Avruj, consider\u00f3 que ser\u00eda \u00ableg\u00edtimo\u00bb que haya un resarcimiento econ\u00f3mico para los familiares de miembros de fuerzas de seguridad que murieron \u201cdefendiendo a la&hellip;<\/p>\n","protected":false},"author":5,"featured_media":57336,"comment_status":"closed","ping_status":"open","sticky":false,"template":"","format":"standard","meta":{"_acf_changed":false,"footnotes":""},"categories":[11,319,8],"tags":[],"class_list":["post-57335","post","type-post","status-publish","format-standard","has-post-thumbnail","hentry","category-que-pasa","category-a-temporales","category-politica"],"acf":[],"yoast_head":"<!-- This site is optimized with the Yoast SEO plugin v27.5 - https:\/\/yoast.com\/product\/yoast-seo-wordpress\/ -->\n<title>Naci\u00f3n quiere un resarcimiento para familiares de soldados &quot;v\u00edctimas de la guerrilla&quot; - Diario Textual<\/title>\n<meta name=\"robots\" content=\"index, follow, max-snippet:-1, max-image-preview:large, max-video-preview:-1\" \/>\n<link rel=\"canonical\" href=\"https:\/\/diariotextual.com\/inicio\/index.php\/2019\/07\/28\/nacion-quiere-resarcimiento-familiares-soldados-victimas-la-guerrilla\/\" \/>\n<meta property=\"og:locale\" content=\"es_ES\" \/>\n<meta property=\"og:type\" content=\"article\" \/>\n<meta property=\"og:title\" content=\"Naci\u00f3n quiere un resarcimiento para familiares de soldados &quot;v\u00edctimas de la guerrilla&quot; - Diario Textual\" \/>\n<meta property=\"og:description\" content=\"El secretario de Derechos Humanos, Claudio Avruj, consider\u00f3 que ser\u00eda \u00ableg\u00edtimo\u00bb que haya un resarcimiento econ\u00f3mico para los familiares de miembros de fuerzas de seguridad que murieron \u201cdefendiendo a la&hellip;\" \/>\n<meta property=\"og:url\" content=\"https:\/\/diariotextual.com\/inicio\/index.php\/2019\/07\/28\/nacion-quiere-resarcimiento-familiares-soldados-victimas-la-guerrilla\/\" \/>\n<meta property=\"og:site_name\" content=\"Diario Textual\" \/>\n<meta property=\"article:publisher\" content=\"https:\/\/www.facebook.com\/eltextual\" \/>\n<meta property=\"article:published_time\" content=\"2019-07-28T21:07:27+00:00\" \/>\n<meta property=\"article:modified_time\" content=\"2019-07-29T01:54:15+00:00\" \/>\n<meta property=\"og:image\" content=\"https:\/\/diariotextual.com\/inicio\/wp-content\/uploads\/2019\/07\/avrujmacri.jpg\" \/>\n\t<meta property=\"og:image:width\" content=\"700\" \/>\n\t<meta property=\"og:image:height\" content=\"409\" \/>\n\t<meta property=\"og:image:type\" content=\"image\/jpeg\" \/>\n<meta name=\"author\" content=\"diario3\" \/>\n<meta name=\"twitter:card\" content=\"summary_large_image\" \/>\n<meta name=\"twitter:creator\" content=\"@eltextual\" \/>\n<meta name=\"twitter:site\" content=\"@eltextual\" \/>\n<meta name=\"twitter:label1\" content=\"Escrito por\" \/>\n\t<meta name=\"twitter:data1\" content=\"diario3\" \/>\n\t<meta name=\"twitter:label2\" content=\"Tiempo de lectura\" \/>\n\t<meta name=\"twitter:data2\" content=\"1 minuto\" \/>\n<script type=\"application\/ld+json\" class=\"yoast-schema-graph\">{\"@context\":\"https:\\\/\\\/schema.org\",\"@graph\":[{\"@type\":\"Article\",\"@id\":\"https:\\\/\\\/diariotextual.com\\\/inicio\\\/index.php\\\/2019\\\/07\\\/28\\\/nacion-quiere-resarcimiento-familiares-soldados-victimas-la-guerrilla\\\/#article\",\"isPartOf\":{\"@id\":\"https:\\\/\\\/diariotextual.com\\\/inicio\\\/index.php\\\/2019\\\/07\\\/28\\\/nacion-quiere-resarcimiento-familiares-soldados-victimas-la-guerrilla\\\/\"},\"author\":{\"name\":\"diario3\",\"@id\":\"https:\\\/\\\/diariotextual.com\\\/inicio\\\/#\\\/schema\\\/person\\\/a1b6f563e0ee944c60f98119389a4d9f\"},\"headline\":\"Naci\u00f3n quiere un resarcimiento para familiares de soldados \u00abv\u00edctimas de la guerrilla\u00bb\",\"datePublished\":\"2019-07-28T21:07:27+00:00\",\"dateModified\":\"2019-07-29T01:54:15+00:00\",\"mainEntityOfPage\":{\"@id\":\"https:\\\/\\\/diariotextual.com\\\/inicio\\\/index.php\\\/2019\\\/07\\\/28\\\/nacion-quiere-resarcimiento-familiares-soldados-victimas-la-guerrilla\\\/\"},\"wordCount\":271,\"publisher\":{\"@id\":\"https:\\\/\\\/diariotextual.com\\\/inicio\\\/#organization\"},\"image\":{\"@id\":\"https:\\\/\\\/diariotextual.com\\\/inicio\\\/index.php\\\/2019\\\/07\\\/28\\\/nacion-quiere-resarcimiento-familiares-soldados-victimas-la-guerrilla\\\/#primaryimage\"},\"thumbnailUrl\":\"https:\\\/\\\/diariotextual.com\\\/inicio\\\/wp-content\\\/uploads\\\/2019\\\/07\\\/avrujmacri.jpg\",\"articleSection\":[\"A - QUE PASA (al costado)\",\"A - TEMPORALES\",\"POLITICA\"],\"inLanguage\":\"es\"},{\"@type\":\"WebPage\",\"@id\":\"https:\\\/\\\/diariotextual.com\\\/inicio\\\/index.php\\\/2019\\\/07\\\/28\\\/nacion-quiere-resarcimiento-familiares-soldados-victimas-la-guerrilla\\\/\",\"url\":\"https:\\\/\\\/diariotextual.com\\\/inicio\\\/index.php\\\/2019\\\/07\\\/28\\\/nacion-quiere-resarcimiento-familiares-soldados-victimas-la-guerrilla\\\/\",\"name\":\"Naci\u00f3n quiere un resarcimiento para familiares de soldados \\\"v\u00edctimas de la guerrilla\\\" - Diario Textual\",\"isPartOf\":{\"@id\":\"https:\\\/\\\/diariotextual.com\\\/inicio\\\/#website\"},\"primaryImageOfPage\":{\"@id\":\"https:\\\/\\\/diariotextual.com\\\/inicio\\\/index.php\\\/2019\\\/07\\\/28\\\/nacion-quiere-resarcimiento-familiares-soldados-victimas-la-guerrilla\\\/#primaryimage\"},\"image\":{\"@id\":\"https:\\\/\\\/diariotextual.com\\\/inicio\\\/index.php\\\/2019\\\/07\\\/28\\\/nacion-quiere-resarcimiento-familiares-soldados-victimas-la-guerrilla\\\/#primaryimage\"},\"thumbnailUrl\":\"https:\\\/\\\/diariotextual.com\\\/inicio\\\/wp-content\\\/uploads\\\/2019\\\/07\\\/avrujmacri.jpg\",\"datePublished\":\"2019-07-28T21:07:27+00:00\",\"dateModified\":\"2019-07-29T01:54:15+00:00\",\"breadcrumb\":{\"@id\":\"https:\\\/\\\/diariotextual.com\\\/inicio\\\/index.php\\\/2019\\\/07\\\/28\\\/nacion-quiere-resarcimiento-familiares-soldados-victimas-la-guerrilla\\\/#breadcrumb\"},\"inLanguage\":\"es\",\"potentialAction\":[{\"@type\":\"ReadAction\",\"target\":[\"https:\\\/\\\/diariotextual.com\\\/inicio\\\/index.php\\\/2019\\\/07\\\/28\\\/nacion-quiere-resarcimiento-familiares-soldados-victimas-la-guerrilla\\\/\"]}]},{\"@type\":\"ImageObject\",\"inLanguage\":\"es\",\"@id\":\"https:\\\/\\\/diariotextual.com\\\/inicio\\\/index.php\\\/2019\\\/07\\\/28\\\/nacion-quiere-resarcimiento-familiares-soldados-victimas-la-guerrilla\\\/#primaryimage\",\"url\":\"https:\\\/\\\/diariotextual.com\\\/inicio\\\/wp-content\\\/uploads\\\/2019\\\/07\\\/avrujmacri.jpg\",\"contentUrl\":\"https:\\\/\\\/diariotextual.com\\\/inicio\\\/wp-content\\\/uploads\\\/2019\\\/07\\\/avrujmacri.jpg\",\"width\":700,\"height\":409},{\"@type\":\"BreadcrumbList\",\"@id\":\"https:\\\/\\\/diariotextual.com\\\/inicio\\\/index.php\\\/2019\\\/07\\\/28\\\/nacion-quiere-resarcimiento-familiares-soldados-victimas-la-guerrilla\\\/#breadcrumb\",\"itemListElement\":[{\"@type\":\"ListItem\",\"position\":1,\"name\":\"Portada\",\"item\":\"https:\\\/\\\/diariotextual.com\\\/inicio\\\/\"},{\"@type\":\"ListItem\",\"position\":2,\"name\":\"Naci\u00f3n quiere un resarcimiento para familiares de soldados \u00abv\u00edctimas de la guerrilla\u00bb\"}]},{\"@type\":\"WebSite\",\"@id\":\"https:\\\/\\\/diariotextual.com\\\/inicio\\\/#website\",\"url\":\"https:\\\/\\\/diariotextual.com\\\/inicio\\\/\",\"name\":\"Diario Textual\",\"description\":\"\",\"publisher\":{\"@id\":\"https:\\\/\\\/diariotextual.com\\\/inicio\\\/#organization\"},\"potentialAction\":[{\"@type\":\"SearchAction\",\"target\":{\"@type\":\"EntryPoint\",\"urlTemplate\":\"https:\\\/\\\/diariotextual.com\\\/inicio\\\/?s={search_term_string}\"},\"query-input\":{\"@type\":\"PropertyValueSpecification\",\"valueRequired\":true,\"valueName\":\"search_term_string\"}}],\"inLanguage\":\"es\"},{\"@type\":\"Organization\",\"@id\":\"https:\\\/\\\/diariotextual.com\\\/inicio\\\/#organization\",\"name\":\"Diario Textual\",\"url\":\"https:\\\/\\\/diariotextual.com\\\/inicio\\\/\",\"logo\":{\"@type\":\"ImageObject\",\"inLanguage\":\"es\",\"@id\":\"https:\\\/\\\/diariotextual.com\\\/inicio\\\/#\\\/schema\\\/logo\\\/image\\\/\",\"url\":\"https:\\\/\\\/diariotextual.com\\\/inicio\\\/wp-content\\\/uploads\\\/2023\\\/05\\\/logotextual1.jpg\",\"contentUrl\":\"https:\\\/\\\/diariotextual.com\\\/inicio\\\/wp-content\\\/uploads\\\/2023\\\/05\\\/logotextual1.jpg\",\"width\":516,\"height\":76,\"caption\":\"Diario Textual\"},\"image\":{\"@id\":\"https:\\\/\\\/diariotextual.com\\\/inicio\\\/#\\\/schema\\\/logo\\\/image\\\/\"},\"sameAs\":[\"https:\\\/\\\/www.facebook.com\\\/eltextual\",\"https:\\\/\\\/x.com\\\/eltextual\",\"http:\\\/\\\/www.instagram.com\\\/eltextual\"]},{\"@type\":\"Person\",\"@id\":\"https:\\\/\\\/diariotextual.com\\\/inicio\\\/#\\\/schema\\\/person\\\/a1b6f563e0ee944c60f98119389a4d9f\",\"name\":\"diario3\",\"image\":{\"@type\":\"ImageObject\",\"inLanguage\":\"es\",\"@id\":\"https:\\\/\\\/secure.gravatar.com\\\/avatar\\\/5e7ee62c82fc04d9dd79d746a390d93c69c43223e5faeeb3ea9461ef752bfc5d?s=96&d=mm&r=g\",\"url\":\"https:\\\/\\\/secure.gravatar.com\\\/avatar\\\/5e7ee62c82fc04d9dd79d746a390d93c69c43223e5faeeb3ea9461ef752bfc5d?s=96&d=mm&r=g\",\"contentUrl\":\"https:\\\/\\\/secure.gravatar.com\\\/avatar\\\/5e7ee62c82fc04d9dd79d746a390d93c69c43223e5faeeb3ea9461ef752bfc5d?s=96&d=mm&r=g\",\"caption\":\"diario3\"},\"url\":\"https:\\\/\\\/diariotextual.com\\\/inicio\\\/index.php\\\/author\\\/diario3\\\/\"}]}<\/script>\n<!-- \/ Yoast SEO plugin. -->","yoast_head_json":{"title":"Naci\u00f3n quiere un resarcimiento para familiares de soldados \"v\u00edctimas de la guerrilla\" - Diario Textual","robots":{"index":"index","follow":"follow","max-snippet":"max-snippet:-1","max-image-preview":"max-image-preview:large","max-video-preview":"max-video-preview:-1"},"canonical":"https:\/\/diariotextual.com\/inicio\/index.php\/2019\/07\/28\/nacion-quiere-resarcimiento-familiares-soldados-victimas-la-guerrilla\/","og_locale":"es_ES","og_type":"article","og_title":"Naci\u00f3n quiere un resarcimiento para familiares de soldados \"v\u00edctimas de la guerrilla\" - Diario Textual","og_description":"El secretario de Derechos Humanos, Claudio Avruj, consider\u00f3 que ser\u00eda \u00ableg\u00edtimo\u00bb que haya un resarcimiento econ\u00f3mico para los familiares de miembros de fuerzas de seguridad que murieron \u201cdefendiendo a la&hellip;","og_url":"https:\/\/diariotextual.com\/inicio\/index.php\/2019\/07\/28\/nacion-quiere-resarcimiento-familiares-soldados-victimas-la-guerrilla\/","og_site_name":"Diario Textual","article_publisher":"https:\/\/www.facebook.com\/eltextual","article_published_time":"2019-07-28T21:07:27+00:00","article_modified_time":"2019-07-29T01:54:15+00:00","og_image":[{"width":700,"height":409,"url":"https:\/\/diariotextual.com\/inicio\/wp-content\/uploads\/2019\/07\/avrujmacri.jpg","type":"image\/jpeg"}],"author":"diario3","twitter_card":"summary_large_image","twitter_creator":"@eltextual","twitter_site":"@eltextual","twitter_misc":{"Escrito por":"diario3","Tiempo de lectura":"1 minuto"},"schema":{"@context":"https:\/\/schema.org","@graph":[{"@type":"Article","@id":"https:\/\/diariotextual.com\/inicio\/index.php\/2019\/07\/28\/nacion-quiere-resarcimiento-familiares-soldados-victimas-la-guerrilla\/#article","isPartOf":{"@id":"https:\/\/diariotextual.com\/inicio\/index.php\/2019\/07\/28\/nacion-quiere-resarcimiento-familiares-soldados-victimas-la-guerrilla\/"},"author":{"name":"diario3","@id":"https:\/\/diariotextual.com\/inicio\/#\/schema\/person\/a1b6f563e0ee944c60f98119389a4d9f"},"headline":"Naci\u00f3n quiere un resarcimiento para familiares de soldados \u00abv\u00edctimas de la guerrilla\u00bb","datePublished":"2019-07-28T21:07:27+00:00","dateModified":"2019-07-29T01:54:15+00:00","mainEntityOfPage":{"@id":"https:\/\/diariotextual.com\/inicio\/index.php\/2019\/07\/28\/nacion-quiere-resarcimiento-familiares-soldados-victimas-la-guerrilla\/"},"wordCount":271,"publisher":{"@id":"https:\/\/diariotextual.com\/inicio\/#organization"},"image":{"@id":"https:\/\/diariotextual.com\/inicio\/index.php\/2019\/07\/28\/nacion-quiere-resarcimiento-familiares-soldados-victimas-la-guerrilla\/#primaryimage"},"thumbnailUrl":"https:\/\/diariotextual.com\/inicio\/wp-content\/uploads\/2019\/07\/avrujmacri.jpg","articleSection":["A - QUE PASA (al costado)","A - TEMPORALES","POLITICA"],"inLanguage":"es"},{"@type":"WebPage","@id":"https:\/\/diariotextual.com\/inicio\/index.php\/2019\/07\/28\/nacion-quiere-resarcimiento-familiares-soldados-victimas-la-guerrilla\/","url":"https:\/\/diariotextual.com\/inicio\/index.php\/2019\/07\/28\/nacion-quiere-resarcimiento-familiares-soldados-victimas-la-guerrilla\/","name":"Naci\u00f3n quiere un resarcimiento para familiares de soldados \"v\u00edctimas de la guerrilla\" - Diario Textual","isPartOf":{"@id":"https:\/\/diariotextual.com\/inicio\/#website"},"primaryImageOfPage":{"@id":"https:\/\/diariotextual.com\/inicio\/index.php\/2019\/07\/28\/nacion-quiere-resarcimiento-familiares-soldados-victimas-la-guerrilla\/#primaryimage"},"image":{"@id":"https:\/\/diariotextual.com\/inicio\/index.php\/2019\/07\/28\/nacion-quiere-resarcimiento-familiares-soldados-victimas-la-guerrilla\/#primaryimage"},"thumbnailUrl":"https:\/\/diariotextual.com\/inicio\/wp-content\/uploads\/2019\/07\/avrujmacri.jpg","datePublished":"2019-07-28T21:07:27+00:00","dateModified":"2019-07-29T01:54:15+00:00","breadcrumb":{"@id":"https:\/\/diariotextual.com\/inicio\/index.php\/2019\/07\/28\/nacion-quiere-resarcimiento-familiares-soldados-victimas-la-guerrilla\/#breadcrumb"},"inLanguage":"es","potentialAction":[{"@type":"ReadAction","target":["https:\/\/diariotextual.com\/inicio\/index.php\/2019\/07\/28\/nacion-quiere-resarcimiento-familiares-soldados-victimas-la-guerrilla\/"]}]},{"@type":"ImageObject","inLanguage":"es","@id":"https:\/\/diariotextual.com\/inicio\/index.php\/2019\/07\/28\/nacion-quiere-resarcimiento-familiares-soldados-victimas-la-guerrilla\/#primaryimage","url":"https:\/\/diariotextual.com\/inicio\/wp-content\/uploads\/2019\/07\/avrujmacri.jpg","contentUrl":"https:\/\/diariotextual.com\/inicio\/wp-content\/uploads\/2019\/07\/avrujmacri.jpg","width":700,"height":409},{"@type":"BreadcrumbList","@id":"https:\/\/diariotextual.com\/inicio\/index.php\/2019\/07\/28\/nacion-quiere-resarcimiento-familiares-soldados-victimas-la-guerrilla\/#breadcrumb","itemListElement":[{"@type":"ListItem","position":1,"name":"Portada","item":"https:\/\/diariotextual.com\/inicio\/"},{"@type":"ListItem","position":2,"name":"Naci\u00f3n quiere un resarcimiento para familiares de soldados \u00abv\u00edctimas de la guerrilla\u00bb"}]},{"@type":"WebSite","@id":"https:\/\/diariotextual.com\/inicio\/#website","url":"https:\/\/diariotextual.com\/inicio\/","name":"Diario Textual","description":"","publisher":{"@id":"https:\/\/diariotextual.com\/inicio\/#organization"},"potentialAction":[{"@type":"SearchAction","target":{"@type":"EntryPoint","urlTemplate":"https:\/\/diariotextual.com\/inicio\/?s={search_term_string}"},"query-input":{"@type":"PropertyValueSpecification","valueRequired":true,"valueName":"search_term_string"}}],"inLanguage":"es"},{"@type":"Organization","@id":"https:\/\/diariotextual.com\/inicio\/#organization","name":"Diario Textual","url":"https:\/\/diariotextual.com\/inicio\/","logo":{"@type":"ImageObject","inLanguage":"es","@id":"https:\/\/diariotextual.com\/inicio\/#\/schema\/logo\/image\/","url":"https:\/\/diariotextual.com\/inicio\/wp-content\/uploads\/2023\/05\/logotextual1.jpg","contentUrl":"https:\/\/diariotextual.com\/inicio\/wp-content\/uploads\/2023\/05\/logotextual1.jpg","width":516,"height":76,"caption":"Diario Textual"},"image":{"@id":"https:\/\/diariotextual.com\/inicio\/#\/schema\/logo\/image\/"},"sameAs":["https:\/\/www.facebook.com\/eltextual","https:\/\/x.com\/eltextual","http:\/\/www.instagram.com\/eltextual"]},{"@type":"Person","@id":"https:\/\/diariotextual.com\/inicio\/#\/schema\/person\/a1b6f563e0ee944c60f98119389a4d9f","name":"diario3","image":{"@type":"ImageObject","inLanguage":"es","@id":"https:\/\/secure.gravatar.com\/avatar\/5e7ee62c82fc04d9dd79d746a390d93c69c43223e5faeeb3ea9461ef752bfc5d?s=96&d=mm&r=g","url":"https:\/\/secure.gravatar.com\/avatar\/5e7ee62c82fc04d9dd79d746a390d93c69c43223e5faeeb3ea9461ef752bfc5d?s=96&d=mm&r=g","contentUrl":"https:\/\/secure.gravatar.com\/avatar\/5e7ee62c82fc04d9dd79d746a390d93c69c43223e5faeeb3ea9461ef752bfc5d?s=96&d=mm&r=g","caption":"diario3"},"url":"https:\/\/diariotextual.com\/inicio\/index.php\/author\/diario3\/"}]}},"_links":{"self":[{"href":"https:\/\/diariotextual.com\/inicio\/index.php\/wp-json\/wp\/v2\/posts\/57335","targetHints":{"allow":["GET"]}}],"collection":[{"href":"https:\/\/diariotextual.com\/inicio\/index.php\/wp-json\/wp\/v2\/posts"}],"about":[{"href":"https:\/\/diariotextual.com\/inicio\/index.php\/wp-json\/wp\/v2\/types\/post"}],"author":[{"embeddable":true,"href":"https:\/\/diariotextual.com\/inicio\/index.php\/wp-json\/wp\/v2\/users\/5"}],"replies":[{"embeddable":true,"href":"https:\/\/diariotextual.com\/inicio\/index.php\/wp-json\/wp\/v2\/comments?post=57335"}],"version-history":[{"count":1,"href":"https:\/\/diariotextual.com\/inicio\/index.php\/wp-json\/wp\/v2\/posts\/57335\/revisions"}],"predecessor-version":[{"id":57337,"href":"https:\/\/diariotextual.com\/inicio\/index.php\/wp-json\/wp\/v2\/posts\/57335\/revisions\/57337"}],"wp:featuredmedia":[{"embeddable":true,"href":"https:\/\/diariotextual.com\/inicio\/index.php\/wp-json\/wp\/v2\/media\/57336"}],"wp:attachment":[{"href":"https:\/\/diariotextual.com\/inicio\/index.php\/wp-json\/wp\/v2\/media?parent=57335"}],"wp:term":[{"taxonomy":"category","embeddable":true,"href":"https:\/\/diariotextual.com\/inicio\/index.php\/wp-json\/wp\/v2\/categories?post=57335"},{"taxonomy":"post_tag","embeddable":true,"href":"https:\/\/diariotextual.com\/inicio\/index.php\/wp-json\/wp\/v2\/tags?post=57335"}],"curies":[{"name":"wp","href":"https:\/\/api.w.org\/{rel}","templated":true}]}}