{"id":57341,"date":"2019-07-28T18:43:22","date_gmt":"2019-07-28T21:43:22","guid":{"rendered":"http:\/\/diariotextual.com\/inicio\/?p=57341"},"modified":"2019-07-29T08:06:56","modified_gmt":"2019-07-29T11:06:56","slug":"all-boys-santa-rosa-se-consagro-campeon-la-zona-norte","status":"publish","type":"post","link":"https:\/\/diariotextual.com\/inicio\/index.php\/2019\/07\/28\/all-boys-santa-rosa-se-consagro-campeon-la-zona-norte\/","title":{"rendered":"All Boys de Santa Rosa se consagr\u00f3 campe\u00f3n de la Zona Norte"},"content":{"rendered":"<p>All Boys le gan\u00f3 sobre el final a Uni\u00f3n de Miguel Riglos por 4-3 y es el campe\u00f3n de la Zona Norte en la Liga Cultural de F\u00fatbol. Obtuvo su estrella 42 en el \u00e1mbito culturalista.<\/p>\n<p>Los goles del auriazul fueron convertidos por Jer\u00f3nimo Guti\u00e9rrez (3) y Mauro Barreiro, descontaron para la \u201cU\u201d Nahuel Alderete, Juli\u00e1n Sosa y Leo Hidalgo.<\/p>\n<blockquote class=\"wp-embedded-content\" data-secret=\"RbGK1tB9wg\"><p><a href=\"http:\/\/diariotextual.com\/inicio\/index.php\/2019\/07\/28\/primera-b-guardia-del-monte-toay-ascendio-primera\/\">Toay festeja: Guardia del Monte ascendi\u00f3 a Primera A de la Cultural<\/a><\/p><\/blockquote>\n<p><iframe class=\"wp-embedded-content\" sandbox=\"allow-scripts\" security=\"restricted\" style=\"position: absolute; clip: rect(1px, 1px, 1px, 1px);\" src=\"http:\/\/diariotextual.com\/inicio\/index.php\/2019\/07\/28\/primera-b-guardia-del-monte-toay-ascendio-primera\/embed\/#?secret=RbGK1tB9wg\" data-secret=\"RbGK1tB9wg\" width=\"600\" height=\"338\" title=\"&#171;Toay festeja: Guardia del Monte ascendi\u00f3 a Primera A de la Cultural&#187; &#8212; Diario Textual\" frameborder=\"0\" marginwidth=\"0\" marginheight=\"0\" scrolling=\"no\"><\/iframe><\/p>\n<p>El equipo santarrose\u00f1o jugar\u00e1\u00a0una\u00a0 s\u00faper final con el\u00a0campe\u00f3n de la Zona Sur, que saldr\u00e1 del cruce que protagonizar\u00e1n Pampero de Guatrach\u00e9 e Independiente de Ar\u00e1uz. En tanto, Deportivo Penales jugar\u00e1 una promoci\u00f3n ante Deportivo Uriburu en busca de mantener la categor\u00eda.<\/p>\n<p><img fetchpriority=\"high\" decoding=\"async\" class=\"alignnone size-large wp-image-57346\" src=\"http:\/\/diariotextual.com\/inicio\/wp-content\/uploads\/2019\/07\/allboyscampeon11111.jpg\" alt=\"\" width=\"960\" height=\"540\" srcset=\"https:\/\/diariotextual.com\/inicio\/wp-content\/uploads\/2019\/07\/allboyscampeon11111.jpg 960w, https:\/\/diariotextual.com\/inicio\/wp-content\/uploads\/2019\/07\/allboyscampeon11111-300x169.jpg 300w, https:\/\/diariotextual.com\/inicio\/wp-content\/uploads\/2019\/07\/allboyscampeon11111-768x432.jpg 768w, https:\/\/diariotextual.com\/inicio\/wp-content\/uploads\/2019\/07\/allboyscampeon11111-585x329.jpg 585w\" sizes=\"(max-width: 960px) 100vw, 960px\" \/><\/p>\n<p>El Deportivo Rivera, que termin\u00f3 segundo, gole\u00f3 6-0 a Anguilense;\u00a0Deportivo Winifreda cay\u00f3 2 a 1 con el Deportivo Penales;\u00a0El Elyon super\u00f3 por 2-1 a Belgrano;\u00a0Atl\u00e9tico Macachin perdi\u00f3 2-0 con Independiente de Doblas y\u00a0Atl\u00e9tico Santa Rosa igual\u00f3 1-1 con el Deportivo Mac Allister.<\/p>\n<p>&nbsp;<\/p>\n<p><strong><em>(Fotos Prensa All Boys)<\/em><\/strong><\/p>\n","protected":false},"excerpt":{"rendered":"<p>All Boys le gan\u00f3 sobre el final a Uni\u00f3n de Miguel Riglos por 4-3 y es el campe\u00f3n de la Zona Norte en la Liga Cultural de F\u00fatbol. Obtuvo su&hellip;<\/p>\n","protected":false},"author":7,"featured_media":57345,"comment_status":"closed","ping_status":"open","sticky":false,"template":"","format":"standard","meta":{"_acf_changed":false,"footnotes":""},"categories":[319,3],"tags":[],"class_list":["post-57341","post","type-post","status-publish","format-standard","has-post-thumbnail","hentry","category-a-temporales","category-deportes"],"acf":[],"yoast_head":"<!-- This site is optimized with the Yoast SEO plugin v27.5 - https:\/\/yoast.com\/product\/yoast-seo-wordpress\/ -->\n<title>All Boys de Santa Rosa se consagr\u00f3 campe\u00f3n de la Zona Norte - Diario Textual<\/title>\n<meta name=\"robots\" content=\"index, follow, max-snippet:-1, max-image-preview:large, max-video-preview:-1\" \/>\n<link rel=\"canonical\" href=\"https:\/\/diariotextual.com\/inicio\/index.php\/2019\/07\/28\/all-boys-santa-rosa-se-consagro-campeon-la-zona-norte\/\" \/>\n<meta property=\"og:locale\" content=\"es_ES\" \/>\n<meta property=\"og:type\" content=\"article\" \/>\n<meta property=\"og:title\" content=\"All Boys de Santa Rosa se consagr\u00f3 campe\u00f3n de la Zona Norte - Diario Textual\" \/>\n<meta property=\"og:description\" content=\"All Boys le gan\u00f3 sobre el final a Uni\u00f3n de Miguel Riglos por 4-3 y es el campe\u00f3n de la Zona Norte en la Liga Cultural de F\u00fatbol. Obtuvo su&hellip;\" \/>\n<meta property=\"og:url\" content=\"https:\/\/diariotextual.com\/inicio\/index.php\/2019\/07\/28\/all-boys-santa-rosa-se-consagro-campeon-la-zona-norte\/\" \/>\n<meta property=\"og:site_name\" content=\"Diario Textual\" \/>\n<meta property=\"article:publisher\" content=\"https:\/\/www.facebook.com\/eltextual\" \/>\n<meta property=\"article:published_time\" content=\"2019-07-28T21:43:22+00:00\" \/>\n<meta property=\"article:modified_time\" content=\"2019-07-29T11:06:56+00:00\" \/>\n<meta property=\"og:image\" content=\"https:\/\/diariotextual.com\/inicio\/wp-content\/uploads\/2019\/07\/allboyscampeon.jpg\" \/>\n\t<meta property=\"og:image:width\" content=\"960\" \/>\n\t<meta property=\"og:image:height\" content=\"540\" \/>\n\t<meta property=\"og:image:type\" content=\"image\/jpeg\" \/>\n<meta name=\"author\" content=\"diario5\" \/>\n<meta name=\"twitter:card\" content=\"summary_large_image\" \/>\n<meta name=\"twitter:creator\" content=\"@eltextual\" \/>\n<meta name=\"twitter:site\" content=\"@eltextual\" \/>\n<meta name=\"twitter:label1\" content=\"Escrito por\" \/>\n\t<meta name=\"twitter:data1\" content=\"diario5\" \/>\n\t<meta name=\"twitter:label2\" content=\"Tiempo de lectura\" \/>\n\t<meta name=\"twitter:data2\" content=\"1 minuto\" \/>\n<script type=\"application\/ld+json\" class=\"yoast-schema-graph\">{\"@context\":\"https:\\\/\\\/schema.org\",\"@graph\":[{\"@type\":\"Article\",\"@id\":\"https:\\\/\\\/diariotextual.com\\\/inicio\\\/index.php\\\/2019\\\/07\\\/28\\\/all-boys-santa-rosa-se-consagro-campeon-la-zona-norte\\\/#article\",\"isPartOf\":{\"@id\":\"https:\\\/\\\/diariotextual.com\\\/inicio\\\/index.php\\\/2019\\\/07\\\/28\\\/all-boys-santa-rosa-se-consagro-campeon-la-zona-norte\\\/\"},\"author\":{\"name\":\"diario5\",\"@id\":\"https:\\\/\\\/diariotextual.com\\\/inicio\\\/#\\\/schema\\\/person\\\/c7834961ad8b29b1d9cdbf4571299067\"},\"headline\":\"All Boys de Santa Rosa se consagr\u00f3 campe\u00f3n de la Zona Norte\",\"datePublished\":\"2019-07-28T21:43:22+00:00\",\"dateModified\":\"2019-07-29T11:06:56+00:00\",\"mainEntityOfPage\":{\"@id\":\"https:\\\/\\\/diariotextual.com\\\/inicio\\\/index.php\\\/2019\\\/07\\\/28\\\/all-boys-santa-rosa-se-consagro-campeon-la-zona-norte\\\/\"},\"wordCount\":185,\"publisher\":{\"@id\":\"https:\\\/\\\/diariotextual.com\\\/inicio\\\/#organization\"},\"image\":{\"@id\":\"https:\\\/\\\/diariotextual.com\\\/inicio\\\/index.php\\\/2019\\\/07\\\/28\\\/all-boys-santa-rosa-se-consagro-campeon-la-zona-norte\\\/#primaryimage\"},\"thumbnailUrl\":\"https:\\\/\\\/diariotextual.com\\\/inicio\\\/wp-content\\\/uploads\\\/2019\\\/07\\\/allboyscampeon.jpg\",\"articleSection\":[\"A - TEMPORALES\",\"DEPORTES\"],\"inLanguage\":\"es\"},{\"@type\":\"WebPage\",\"@id\":\"https:\\\/\\\/diariotextual.com\\\/inicio\\\/index.php\\\/2019\\\/07\\\/28\\\/all-boys-santa-rosa-se-consagro-campeon-la-zona-norte\\\/\",\"url\":\"https:\\\/\\\/diariotextual.com\\\/inicio\\\/index.php\\\/2019\\\/07\\\/28\\\/all-boys-santa-rosa-se-consagro-campeon-la-zona-norte\\\/\",\"name\":\"All Boys de Santa Rosa se consagr\u00f3 campe\u00f3n de la Zona Norte - Diario Textual\",\"isPartOf\":{\"@id\":\"https:\\\/\\\/diariotextual.com\\\/inicio\\\/#website\"},\"primaryImageOfPage\":{\"@id\":\"https:\\\/\\\/diariotextual.com\\\/inicio\\\/index.php\\\/2019\\\/07\\\/28\\\/all-boys-santa-rosa-se-consagro-campeon-la-zona-norte\\\/#primaryimage\"},\"image\":{\"@id\":\"https:\\\/\\\/diariotextual.com\\\/inicio\\\/index.php\\\/2019\\\/07\\\/28\\\/all-boys-santa-rosa-se-consagro-campeon-la-zona-norte\\\/#primaryimage\"},\"thumbnailUrl\":\"https:\\\/\\\/diariotextual.com\\\/inicio\\\/wp-content\\\/uploads\\\/2019\\\/07\\\/allboyscampeon.jpg\",\"datePublished\":\"2019-07-28T21:43:22+00:00\",\"dateModified\":\"2019-07-29T11:06:56+00:00\",\"breadcrumb\":{\"@id\":\"https:\\\/\\\/diariotextual.com\\\/inicio\\\/index.php\\\/2019\\\/07\\\/28\\\/all-boys-santa-rosa-se-consagro-campeon-la-zona-norte\\\/#breadcrumb\"},\"inLanguage\":\"es\",\"potentialAction\":[{\"@type\":\"ReadAction\",\"target\":[\"https:\\\/\\\/diariotextual.com\\\/inicio\\\/index.php\\\/2019\\\/07\\\/28\\\/all-boys-santa-rosa-se-consagro-campeon-la-zona-norte\\\/\"]}]},{\"@type\":\"ImageObject\",\"inLanguage\":\"es\",\"@id\":\"https:\\\/\\\/diariotextual.com\\\/inicio\\\/index.php\\\/2019\\\/07\\\/28\\\/all-boys-santa-rosa-se-consagro-campeon-la-zona-norte\\\/#primaryimage\",\"url\":\"https:\\\/\\\/diariotextual.com\\\/inicio\\\/wp-content\\\/uploads\\\/2019\\\/07\\\/allboyscampeon.jpg\",\"contentUrl\":\"https:\\\/\\\/diariotextual.com\\\/inicio\\\/wp-content\\\/uploads\\\/2019\\\/07\\\/allboyscampeon.jpg\",\"width\":960,\"height\":540},{\"@type\":\"BreadcrumbList\",\"@id\":\"https:\\\/\\\/diariotextual.com\\\/inicio\\\/index.php\\\/2019\\\/07\\\/28\\\/all-boys-santa-rosa-se-consagro-campeon-la-zona-norte\\\/#breadcrumb\",\"itemListElement\":[{\"@type\":\"ListItem\",\"position\":1,\"name\":\"Portada\",\"item\":\"https:\\\/\\\/diariotextual.com\\\/inicio\\\/\"},{\"@type\":\"ListItem\",\"position\":2,\"name\":\"All Boys de Santa Rosa se consagr\u00f3 campe\u00f3n de la Zona Norte\"}]},{\"@type\":\"WebSite\",\"@id\":\"https:\\\/\\\/diariotextual.com\\\/inicio\\\/#website\",\"url\":\"https:\\\/\\\/diariotextual.com\\\/inicio\\\/\",\"name\":\"Diario Textual\",\"description\":\"\",\"publisher\":{\"@id\":\"https:\\\/\\\/diariotextual.com\\\/inicio\\\/#organization\"},\"potentialAction\":[{\"@type\":\"SearchAction\",\"target\":{\"@type\":\"EntryPoint\",\"urlTemplate\":\"https:\\\/\\\/diariotextual.com\\\/inicio\\\/?s={search_term_string}\"},\"query-input\":{\"@type\":\"PropertyValueSpecification\",\"valueRequired\":true,\"valueName\":\"search_term_string\"}}],\"inLanguage\":\"es\"},{\"@type\":\"Organization\",\"@id\":\"https:\\\/\\\/diariotextual.com\\\/inicio\\\/#organization\",\"name\":\"Diario Textual\",\"url\":\"https:\\\/\\\/diariotextual.com\\\/inicio\\\/\",\"logo\":{\"@type\":\"ImageObject\",\"inLanguage\":\"es\",\"@id\":\"https:\\\/\\\/diariotextual.com\\\/inicio\\\/#\\\/schema\\\/logo\\\/image\\\/\",\"url\":\"https:\\\/\\\/diariotextual.com\\\/inicio\\\/wp-content\\\/uploads\\\/2023\\\/05\\\/logotextual1.jpg\",\"contentUrl\":\"https:\\\/\\\/diariotextual.com\\\/inicio\\\/wp-content\\\/uploads\\\/2023\\\/05\\\/logotextual1.jpg\",\"width\":516,\"height\":76,\"caption\":\"Diario Textual\"},\"image\":{\"@id\":\"https:\\\/\\\/diariotextual.com\\\/inicio\\\/#\\\/schema\\\/logo\\\/image\\\/\"},\"sameAs\":[\"https:\\\/\\\/www.facebook.com\\\/eltextual\",\"https:\\\/\\\/x.com\\\/eltextual\",\"http:\\\/\\\/www.instagram.com\\\/eltextual\"]},{\"@type\":\"Person\",\"@id\":\"https:\\\/\\\/diariotextual.com\\\/inicio\\\/#\\\/schema\\\/person\\\/c7834961ad8b29b1d9cdbf4571299067\",\"name\":\"diario5\",\"image\":{\"@type\":\"ImageObject\",\"inLanguage\":\"es\",\"@id\":\"https:\\\/\\\/secure.gravatar.com\\\/avatar\\\/948c893b847ca6df68216ead81b63f363408ec9b0f600fefc0641ce78613b111?s=96&d=mm&r=g\",\"url\":\"https:\\\/\\\/secure.gravatar.com\\\/avatar\\\/948c893b847ca6df68216ead81b63f363408ec9b0f600fefc0641ce78613b111?s=96&d=mm&r=g\",\"contentUrl\":\"https:\\\/\\\/secure.gravatar.com\\\/avatar\\\/948c893b847ca6df68216ead81b63f363408ec9b0f600fefc0641ce78613b111?s=96&d=mm&r=g\",\"caption\":\"diario5\"},\"url\":\"https:\\\/\\\/diariotextual.com\\\/inicio\\\/index.php\\\/author\\\/diario5\\\/\"}]}<\/script>\n<!-- \/ Yoast SEO plugin. -->","yoast_head_json":{"title":"All Boys de Santa Rosa se consagr\u00f3 campe\u00f3n de la Zona Norte - Diario Textual","robots":{"index":"index","follow":"follow","max-snippet":"max-snippet:-1","max-image-preview":"max-image-preview:large","max-video-preview":"max-video-preview:-1"},"canonical":"https:\/\/diariotextual.com\/inicio\/index.php\/2019\/07\/28\/all-boys-santa-rosa-se-consagro-campeon-la-zona-norte\/","og_locale":"es_ES","og_type":"article","og_title":"All Boys de Santa Rosa se consagr\u00f3 campe\u00f3n de la Zona Norte - Diario Textual","og_description":"All Boys le gan\u00f3 sobre el final a Uni\u00f3n de Miguel Riglos por 4-3 y es el campe\u00f3n de la Zona Norte en la Liga Cultural de F\u00fatbol. Obtuvo su&hellip;","og_url":"https:\/\/diariotextual.com\/inicio\/index.php\/2019\/07\/28\/all-boys-santa-rosa-se-consagro-campeon-la-zona-norte\/","og_site_name":"Diario Textual","article_publisher":"https:\/\/www.facebook.com\/eltextual","article_published_time":"2019-07-28T21:43:22+00:00","article_modified_time":"2019-07-29T11:06:56+00:00","og_image":[{"width":960,"height":540,"url":"https:\/\/diariotextual.com\/inicio\/wp-content\/uploads\/2019\/07\/allboyscampeon.jpg","type":"image\/jpeg"}],"author":"diario5","twitter_card":"summary_large_image","twitter_creator":"@eltextual","twitter_site":"@eltextual","twitter_misc":{"Escrito por":"diario5","Tiempo de lectura":"1 minuto"},"schema":{"@context":"https:\/\/schema.org","@graph":[{"@type":"Article","@id":"https:\/\/diariotextual.com\/inicio\/index.php\/2019\/07\/28\/all-boys-santa-rosa-se-consagro-campeon-la-zona-norte\/#article","isPartOf":{"@id":"https:\/\/diariotextual.com\/inicio\/index.php\/2019\/07\/28\/all-boys-santa-rosa-se-consagro-campeon-la-zona-norte\/"},"author":{"name":"diario5","@id":"https:\/\/diariotextual.com\/inicio\/#\/schema\/person\/c7834961ad8b29b1d9cdbf4571299067"},"headline":"All Boys de Santa Rosa se consagr\u00f3 campe\u00f3n de la Zona Norte","datePublished":"2019-07-28T21:43:22+00:00","dateModified":"2019-07-29T11:06:56+00:00","mainEntityOfPage":{"@id":"https:\/\/diariotextual.com\/inicio\/index.php\/2019\/07\/28\/all-boys-santa-rosa-se-consagro-campeon-la-zona-norte\/"},"wordCount":185,"publisher":{"@id":"https:\/\/diariotextual.com\/inicio\/#organization"},"image":{"@id":"https:\/\/diariotextual.com\/inicio\/index.php\/2019\/07\/28\/all-boys-santa-rosa-se-consagro-campeon-la-zona-norte\/#primaryimage"},"thumbnailUrl":"https:\/\/diariotextual.com\/inicio\/wp-content\/uploads\/2019\/07\/allboyscampeon.jpg","articleSection":["A - TEMPORALES","DEPORTES"],"inLanguage":"es"},{"@type":"WebPage","@id":"https:\/\/diariotextual.com\/inicio\/index.php\/2019\/07\/28\/all-boys-santa-rosa-se-consagro-campeon-la-zona-norte\/","url":"https:\/\/diariotextual.com\/inicio\/index.php\/2019\/07\/28\/all-boys-santa-rosa-se-consagro-campeon-la-zona-norte\/","name":"All Boys de Santa Rosa se consagr\u00f3 campe\u00f3n de la Zona Norte - Diario Textual","isPartOf":{"@id":"https:\/\/diariotextual.com\/inicio\/#website"},"primaryImageOfPage":{"@id":"https:\/\/diariotextual.com\/inicio\/index.php\/2019\/07\/28\/all-boys-santa-rosa-se-consagro-campeon-la-zona-norte\/#primaryimage"},"image":{"@id":"https:\/\/diariotextual.com\/inicio\/index.php\/2019\/07\/28\/all-boys-santa-rosa-se-consagro-campeon-la-zona-norte\/#primaryimage"},"thumbnailUrl":"https:\/\/diariotextual.com\/inicio\/wp-content\/uploads\/2019\/07\/allboyscampeon.jpg","datePublished":"2019-07-28T21:43:22+00:00","dateModified":"2019-07-29T11:06:56+00:00","breadcrumb":{"@id":"https:\/\/diariotextual.com\/inicio\/index.php\/2019\/07\/28\/all-boys-santa-rosa-se-consagro-campeon-la-zona-norte\/#breadcrumb"},"inLanguage":"es","potentialAction":[{"@type":"ReadAction","target":["https:\/\/diariotextual.com\/inicio\/index.php\/2019\/07\/28\/all-boys-santa-rosa-se-consagro-campeon-la-zona-norte\/"]}]},{"@type":"ImageObject","inLanguage":"es","@id":"https:\/\/diariotextual.com\/inicio\/index.php\/2019\/07\/28\/all-boys-santa-rosa-se-consagro-campeon-la-zona-norte\/#primaryimage","url":"https:\/\/diariotextual.com\/inicio\/wp-content\/uploads\/2019\/07\/allboyscampeon.jpg","contentUrl":"https:\/\/diariotextual.com\/inicio\/wp-content\/uploads\/2019\/07\/allboyscampeon.jpg","width":960,"height":540},{"@type":"BreadcrumbList","@id":"https:\/\/diariotextual.com\/inicio\/index.php\/2019\/07\/28\/all-boys-santa-rosa-se-consagro-campeon-la-zona-norte\/#breadcrumb","itemListElement":[{"@type":"ListItem","position":1,"name":"Portada","item":"https:\/\/diariotextual.com\/inicio\/"},{"@type":"ListItem","position":2,"name":"All Boys de Santa Rosa se consagr\u00f3 campe\u00f3n de la Zona Norte"}]},{"@type":"WebSite","@id":"https:\/\/diariotextual.com\/inicio\/#website","url":"https:\/\/diariotextual.com\/inicio\/","name":"Diario Textual","description":"","publisher":{"@id":"https:\/\/diariotextual.com\/inicio\/#organization"},"potentialAction":[{"@type":"SearchAction","target":{"@type":"EntryPoint","urlTemplate":"https:\/\/diariotextual.com\/inicio\/?s={search_term_string}"},"query-input":{"@type":"PropertyValueSpecification","valueRequired":true,"valueName":"search_term_string"}}],"inLanguage":"es"},{"@type":"Organization","@id":"https:\/\/diariotextual.com\/inicio\/#organization","name":"Diario Textual","url":"https:\/\/diariotextual.com\/inicio\/","logo":{"@type":"ImageObject","inLanguage":"es","@id":"https:\/\/diariotextual.com\/inicio\/#\/schema\/logo\/image\/","url":"https:\/\/diariotextual.com\/inicio\/wp-content\/uploads\/2023\/05\/logotextual1.jpg","contentUrl":"https:\/\/diariotextual.com\/inicio\/wp-content\/uploads\/2023\/05\/logotextual1.jpg","width":516,"height":76,"caption":"Diario Textual"},"image":{"@id":"https:\/\/diariotextual.com\/inicio\/#\/schema\/logo\/image\/"},"sameAs":["https:\/\/www.facebook.com\/eltextual","https:\/\/x.com\/eltextual","http:\/\/www.instagram.com\/eltextual"]},{"@type":"Person","@id":"https:\/\/diariotextual.com\/inicio\/#\/schema\/person\/c7834961ad8b29b1d9cdbf4571299067","name":"diario5","image":{"@type":"ImageObject","inLanguage":"es","@id":"https:\/\/secure.gravatar.com\/avatar\/948c893b847ca6df68216ead81b63f363408ec9b0f600fefc0641ce78613b111?s=96&d=mm&r=g","url":"https:\/\/secure.gravatar.com\/avatar\/948c893b847ca6df68216ead81b63f363408ec9b0f600fefc0641ce78613b111?s=96&d=mm&r=g","contentUrl":"https:\/\/secure.gravatar.com\/avatar\/948c893b847ca6df68216ead81b63f363408ec9b0f600fefc0641ce78613b111?s=96&d=mm&r=g","caption":"diario5"},"url":"https:\/\/diariotextual.com\/inicio\/index.php\/author\/diario5\/"}]}},"_links":{"self":[{"href":"https:\/\/diariotextual.com\/inicio\/index.php\/wp-json\/wp\/v2\/posts\/57341","targetHints":{"allow":["GET"]}}],"collection":[{"href":"https:\/\/diariotextual.com\/inicio\/index.php\/wp-json\/wp\/v2\/posts"}],"about":[{"href":"https:\/\/diariotextual.com\/inicio\/index.php\/wp-json\/wp\/v2\/types\/post"}],"author":[{"embeddable":true,"href":"https:\/\/diariotextual.com\/inicio\/index.php\/wp-json\/wp\/v2\/users\/7"}],"replies":[{"embeddable":true,"href":"https:\/\/diariotextual.com\/inicio\/index.php\/wp-json\/wp\/v2\/comments?post=57341"}],"version-history":[{"count":4,"href":"https:\/\/diariotextual.com\/inicio\/index.php\/wp-json\/wp\/v2\/posts\/57341\/revisions"}],"predecessor-version":[{"id":57352,"href":"https:\/\/diariotextual.com\/inicio\/index.php\/wp-json\/wp\/v2\/posts\/57341\/revisions\/57352"}],"wp:featuredmedia":[{"embeddable":true,"href":"https:\/\/diariotextual.com\/inicio\/index.php\/wp-json\/wp\/v2\/media\/57345"}],"wp:attachment":[{"href":"https:\/\/diariotextual.com\/inicio\/index.php\/wp-json\/wp\/v2\/media?parent=57341"}],"wp:term":[{"taxonomy":"category","embeddable":true,"href":"https:\/\/diariotextual.com\/inicio\/index.php\/wp-json\/wp\/v2\/categories?post=57341"},{"taxonomy":"post_tag","embeddable":true,"href":"https:\/\/diariotextual.com\/inicio\/index.php\/wp-json\/wp\/v2\/tags?post=57341"}],"curies":[{"name":"wp","href":"https:\/\/api.w.org\/{rel}","templated":true}]}}