{"id":57432,"date":"2019-07-29T10:03:01","date_gmt":"2019-07-29T13:03:01","guid":{"rendered":"http:\/\/diariotextual.com\/inicio\/?p=57432"},"modified":"2019-07-29T17:45:12","modified_gmt":"2019-07-29T20:45:12","slug":"la-pampa-dice-decreto-macri-portezuelo-no-se-esta-respetando-la-ley","status":"publish","type":"post","link":"https:\/\/diariotextual.com\/inicio\/index.php\/2019\/07\/29\/la-pampa-dice-decreto-macri-portezuelo-no-se-esta-respetando-la-ley\/","title":{"rendered":"La Pampa dice que, con el decreto de Macri para Portezuelo, no se est\u00e1 respetando la ley"},"content":{"rendered":"<p>Casa de Gobierno sali\u00f3 a cuestionar<a href=\"http:\/\/diariotextual.com\/inicio\/index.php\/2019\/07\/29\/decreto-macri-aprobo-los-1023-millones-dolares-portezuelo\/\" target=\"_blank\" rel=\"noopener\"><strong> el decreto de Mauricio Macri que autoriza el desembolso de 1023 millones de d\u00f3lares<\/strong> <\/a>para construir la represa hidroel\u00e9ctrica Portezuelo del Viento en suelo mendocino. El secretario de Recursos H\u00eddricos de La Pampa, <strong>Javier Schlegel<\/strong>, dijo a<strong> Diario Textual<\/strong> que el anuncio <strong>es \u201cmarketinero\u201d<\/strong> en medio de las elecciones nacionales, sostuvo que<strong> \u201cno se est\u00e1 respetando la ley\u201d<\/strong> porque no se ha realizado a\u00fan el estudio del impacto ambiental que tendr\u00e1 la hidroel\u00e9ctrica y manifest\u00f3 que se est\u00e1n <strong>\u201cdesconociendo\u201d los pasos administrativos y legales que se deben desarrollar dentro del comit\u00e9 de cuenca<\/strong>.<\/p>\n<blockquote class=\"wp-embedded-content\" data-secret=\"Vqyjyr7nhU\"><p><a href=\"http:\/\/diariotextual.com\/inicio\/index.php\/2019\/07\/29\/decreto-macri-aprobo-los-1023-millones-dolares-portezuelo\/\">Por decreto, Macri aprob\u00f3 los 1023 millones de d\u00f3lares para Portezuelo<\/a><\/p><\/blockquote>\n<p><iframe class=\"wp-embedded-content\" sandbox=\"allow-scripts\" security=\"restricted\" style=\"position: absolute; clip: rect(1px, 1px, 1px, 1px);\" src=\"http:\/\/diariotextual.com\/inicio\/index.php\/2019\/07\/29\/decreto-macri-aprobo-los-1023-millones-dolares-portezuelo\/embed\/#?secret=Vqyjyr7nhU\" data-secret=\"Vqyjyr7nhU\" width=\"600\" height=\"338\" title=\"&#171;Por decreto, Macri aprob\u00f3 los 1023 millones de d\u00f3lares para Portezuelo&#187; &#8212; Diario Textual\" frameborder=\"0\" marginwidth=\"0\" marginheight=\"0\" scrolling=\"no\"><\/iframe><\/p>\n<p>El presidente <strong>Macri<\/strong> ratific\u00f3 en las \u00faltimas horas, por decreto, el acuerdo entre Naci\u00f3n y la provincia de Mendoza para financiar la represa en 1023 millones de d\u00f3lares. De esta manera, ratific\u00f3 el acuerdo alcanzado el 13 de junio por el gobernador Alfredo Cornejo y el ministro del Interior, Rogelio Frigerio. <strong>Ahora en Mendoza aguardan por el llamado a licitaci\u00f3n de los trabajos. Sin embargo, a\u00fan quedan por resolverse varios pedidos de La Pampa. \u00abAntes de llamar a licitaci\u00f3n, deben agotarse todas las instancias administrativas y judiciales. Si llaman a licitaci\u00f3n, ser\u00e1 solo para la foto\u00bb<\/strong>, advirti\u00f3 Schlegel.<\/p>\n<blockquote class=\"twitter-tweet\">\n<p dir=\"ltr\" lang=\"es\">PORTEZUELO IMPARABLE<\/p>\n<p>El Gobierno nacional publica hoy en el <a href=\"https:\/\/twitter.com\/boletin_oficial?ref_src=twsrc%5Etfw\">@boletin_oficial<\/a> el decreto de ratificaci\u00f3n al acuerdo para la construcci\u00f3n de la presa y sus obras complementarias. Todo listo para iniciar la licitaci\u00f3n <a href=\"https:\/\/twitter.com\/DifusionCornejo?ref_src=twsrc%5Etfw\">@DifusionCornejo<\/a> <a href=\"https:\/\/twitter.com\/rodysuarez?ref_src=twsrc%5Etfw\">@rodysuarez<\/a><a href=\"https:\/\/twitter.com\/hashtag\/CreerEnMendoza?src=hash&amp;ref_src=twsrc%5Etfw\">#CreerEnMendoza<\/a><a href=\"https:\/\/twitter.com\/hashtag\/MejorParaMendoza?src=hash&amp;ref_src=twsrc%5Etfw\">#MejorParaMendoza<\/a> <a href=\"https:\/\/t.co\/aNOIf2fqIA\">pic.twitter.com\/aNOIf2fqIA<\/a><\/p>\n<p>\u2014 Mart\u00edn Kerchner Tomba (@MartinKerchner) <a href=\"https:\/\/twitter.com\/MartinKerchner\/status\/1155794161192374274?ref_src=twsrc%5Etfw\">July 29, 2019<\/a><\/p><\/blockquote>\n<p><script async src=\"https:\/\/platform.twitter.com\/widgets.js\" charset=\"utf-8\"><\/script><\/p>\n<p>La provincia d<strong>e La Pampa se opone a la construcci\u00f3n de la represa en los t\u00e9rminos y condiciones planteados por Mendoza<\/strong>\u00a0y el Gobierno Nacional.<\/p>\n<p><strong>La situaci\u00f3n actual del cauce del r\u00edo Colorado es cr\u00edtica y podr\u00eda agravarse de hacerse la presa: podr\u00eda afectar el caudal y la calidad de agua que consumen y usan para el riego.<\/strong><\/p>\n<p><strong>\u201cLo que est\u00e1 claro es que el futuro h\u00eddrico de La Pampa es sin Macri\u201d<\/strong>, lanz\u00f3 este lunes Schlegel, luego de conocerse el decreto de Macri. \u201cEn La Pampa tenemos futuro h\u00eddrico si ni est\u00e1 este gobierno\u201d, insisti\u00f3.<\/p>\n<p>\u201cHacen el anuncio de semejante giro de dinero al gobierno de Mendoza, que es un aliado a Casa Rosada, en momentos de una elecci\u00f3n, para obtener los votos\u2026 Es, si se quiere, un anuncio marketinero\u00bb, dijo el secretario.<\/p>\n<p>\u201cTambi\u00e9n es llamativo y contradictorio que <strong>no se est\u00e9 respetando la legislaci\u00f3n, porque la Ley 23879 de Obras Hidr\u00e1ulicas obliga a un estudio de impacto ambiental que tendr\u00e1 la represa.<\/strong> Lo que se ha hecho hasta ahora es un estudio muy parcial, que ha sido cuestionado por La Pampa. Es decir, ac\u00e1 falta el estudio de impacto para las presas hidroel\u00e9ctricas. Tambi\u00e9n se desconocen los pasos legales dentro del Comit\u00e9 Interprovincial del R\u00edo Colorado (Coirco)\u201d.<\/p>\n<p><strong>Hay varios reclamos<\/strong>\u00a0pendientes de La Pampa:<strong>\u00a0entre ellos, el gobernador Carlos Verna pidi\u00f3 un nuevo laudo arbitral al presidente Macri.\u00a0<\/strong>El mandatario pampeano reclam\u00f3 que no se aprueben las normas de manejo y el estudio de impacto ambiental regional de la presa. Pero solicit\u00f3 que no participe el jefe de Estado: dijo que carece de imparcialidad y objetividad para resolver. <strong>Ese punto a\u00fan no fue resuelto por Casa Rosada, pero ya decidi\u00f3 aprobar el desembolso, en cinco a\u00f1os, de mil millones de d\u00f3lares.<\/strong><\/p>\n<p>&nbsp;<\/p>\n<p>&nbsp;<\/p>\n<p>&nbsp;<\/p>\n<p>&nbsp;<\/p>\n<p>&nbsp;<\/p>\n<p>&nbsp;<\/p>\n","protected":false},"excerpt":{"rendered":"<p>Casa de Gobierno sali\u00f3 a cuestionar el decreto de Mauricio Macri que autoriza el desembolso de 1023 millones de d\u00f3lares para construir la represa hidroel\u00e9ctrica Portezuelo del Viento en suelo&hellip;<\/p>\n","protected":false},"author":3,"featured_media":2973,"comment_status":"closed","ping_status":"open","sticky":false,"template":"","format":"standard","meta":{"_acf_changed":false,"footnotes":""},"categories":[10,8],"tags":[259],"class_list":["post-57432","post","type-post","status-publish","format-standard","has-post-thumbnail","hentry","category-portada-2","category-politica","tag-portezuelo"],"acf":[],"yoast_head":"<!-- This site is optimized with the Yoast SEO plugin v27.5 - https:\/\/yoast.com\/product\/yoast-seo-wordpress\/ -->\n<title>La Pampa dice que, con el decreto de Macri para Portezuelo, no se est\u00e1 respetando la ley - Diario Textual<\/title>\n<meta name=\"robots\" content=\"index, follow, max-snippet:-1, max-image-preview:large, max-video-preview:-1\" \/>\n<link rel=\"canonical\" href=\"https:\/\/diariotextual.com\/inicio\/index.php\/2019\/07\/29\/la-pampa-dice-decreto-macri-portezuelo-no-se-esta-respetando-la-ley\/\" \/>\n<meta property=\"og:locale\" content=\"es_ES\" \/>\n<meta property=\"og:type\" content=\"article\" \/>\n<meta property=\"og:title\" content=\"La Pampa dice que, con el decreto de Macri para Portezuelo, no se est\u00e1 respetando la ley - Diario Textual\" \/>\n<meta property=\"og:description\" content=\"Casa de Gobierno sali\u00f3 a cuestionar el decreto de Mauricio Macri que autoriza el desembolso de 1023 millones de d\u00f3lares para construir la represa hidroel\u00e9ctrica Portezuelo del Viento en suelo&hellip;\" \/>\n<meta property=\"og:url\" content=\"https:\/\/diariotextual.com\/inicio\/index.php\/2019\/07\/29\/la-pampa-dice-decreto-macri-portezuelo-no-se-esta-respetando-la-ley\/\" \/>\n<meta property=\"og:site_name\" content=\"Diario Textual\" \/>\n<meta property=\"article:publisher\" content=\"https:\/\/www.facebook.com\/eltextual\" \/>\n<meta property=\"article:published_time\" content=\"2019-07-29T13:03:01+00:00\" \/>\n<meta property=\"article:modified_time\" content=\"2019-07-29T20:45:12+00:00\" \/>\n<meta property=\"og:image\" content=\"https:\/\/diariotextual.com\/inicio\/wp-content\/uploads\/2018\/03\/schlegeljavier2016-78.jpg\" \/>\n\t<meta property=\"og:image:width\" content=\"692\" \/>\n\t<meta property=\"og:image:height\" content=\"450\" \/>\n\t<meta property=\"og:image:type\" content=\"image\/jpeg\" \/>\n<meta name=\"author\" content=\"Diario1 Diario1\" \/>\n<meta name=\"twitter:card\" content=\"summary_large_image\" \/>\n<meta name=\"twitter:creator\" content=\"@eltextual\" \/>\n<meta name=\"twitter:site\" content=\"@eltextual\" \/>\n<meta name=\"twitter:label1\" content=\"Escrito por\" \/>\n\t<meta name=\"twitter:data1\" content=\"Diario1 Diario1\" \/>\n\t<meta name=\"twitter:label2\" content=\"Tiempo de lectura\" \/>\n\t<meta name=\"twitter:data2\" content=\"3 minutos\" \/>\n<script type=\"application\/ld+json\" class=\"yoast-schema-graph\">{\"@context\":\"https:\\\/\\\/schema.org\",\"@graph\":[{\"@type\":\"Article\",\"@id\":\"https:\\\/\\\/diariotextual.com\\\/inicio\\\/index.php\\\/2019\\\/07\\\/29\\\/la-pampa-dice-decreto-macri-portezuelo-no-se-esta-respetando-la-ley\\\/#article\",\"isPartOf\":{\"@id\":\"https:\\\/\\\/diariotextual.com\\\/inicio\\\/index.php\\\/2019\\\/07\\\/29\\\/la-pampa-dice-decreto-macri-portezuelo-no-se-esta-respetando-la-ley\\\/\"},\"author\":{\"name\":\"Diario1 Diario1\",\"@id\":\"https:\\\/\\\/diariotextual.com\\\/inicio\\\/#\\\/schema\\\/person\\\/418fc4093c33e86ed41562db3508f958\"},\"headline\":\"La Pampa dice que, con el decreto de Macri para Portezuelo, no se est\u00e1 respetando la ley\",\"datePublished\":\"2019-07-29T13:03:01+00:00\",\"dateModified\":\"2019-07-29T20:45:12+00:00\",\"mainEntityOfPage\":{\"@id\":\"https:\\\/\\\/diariotextual.com\\\/inicio\\\/index.php\\\/2019\\\/07\\\/29\\\/la-pampa-dice-decreto-macri-portezuelo-no-se-esta-respetando-la-ley\\\/\"},\"wordCount\":599,\"publisher\":{\"@id\":\"https:\\\/\\\/diariotextual.com\\\/inicio\\\/#organization\"},\"image\":{\"@id\":\"https:\\\/\\\/diariotextual.com\\\/inicio\\\/index.php\\\/2019\\\/07\\\/29\\\/la-pampa-dice-decreto-macri-portezuelo-no-se-esta-respetando-la-ley\\\/#primaryimage\"},\"thumbnailUrl\":\"https:\\\/\\\/diariotextual.com\\\/inicio\\\/wp-content\\\/uploads\\\/2018\\\/03\\\/schlegeljavier2016-78.jpg\",\"keywords\":[\"portezuelo\"],\"articleSection\":[\"A - PORTADA2\",\"POLITICA\"],\"inLanguage\":\"es\"},{\"@type\":\"WebPage\",\"@id\":\"https:\\\/\\\/diariotextual.com\\\/inicio\\\/index.php\\\/2019\\\/07\\\/29\\\/la-pampa-dice-decreto-macri-portezuelo-no-se-esta-respetando-la-ley\\\/\",\"url\":\"https:\\\/\\\/diariotextual.com\\\/inicio\\\/index.php\\\/2019\\\/07\\\/29\\\/la-pampa-dice-decreto-macri-portezuelo-no-se-esta-respetando-la-ley\\\/\",\"name\":\"La Pampa dice que, con el decreto de Macri para Portezuelo, no se est\u00e1 respetando la ley - Diario Textual\",\"isPartOf\":{\"@id\":\"https:\\\/\\\/diariotextual.com\\\/inicio\\\/#website\"},\"primaryImageOfPage\":{\"@id\":\"https:\\\/\\\/diariotextual.com\\\/inicio\\\/index.php\\\/2019\\\/07\\\/29\\\/la-pampa-dice-decreto-macri-portezuelo-no-se-esta-respetando-la-ley\\\/#primaryimage\"},\"image\":{\"@id\":\"https:\\\/\\\/diariotextual.com\\\/inicio\\\/index.php\\\/2019\\\/07\\\/29\\\/la-pampa-dice-decreto-macri-portezuelo-no-se-esta-respetando-la-ley\\\/#primaryimage\"},\"thumbnailUrl\":\"https:\\\/\\\/diariotextual.com\\\/inicio\\\/wp-content\\\/uploads\\\/2018\\\/03\\\/schlegeljavier2016-78.jpg\",\"datePublished\":\"2019-07-29T13:03:01+00:00\",\"dateModified\":\"2019-07-29T20:45:12+00:00\",\"breadcrumb\":{\"@id\":\"https:\\\/\\\/diariotextual.com\\\/inicio\\\/index.php\\\/2019\\\/07\\\/29\\\/la-pampa-dice-decreto-macri-portezuelo-no-se-esta-respetando-la-ley\\\/#breadcrumb\"},\"inLanguage\":\"es\",\"potentialAction\":[{\"@type\":\"ReadAction\",\"target\":[\"https:\\\/\\\/diariotextual.com\\\/inicio\\\/index.php\\\/2019\\\/07\\\/29\\\/la-pampa-dice-decreto-macri-portezuelo-no-se-esta-respetando-la-ley\\\/\"]}]},{\"@type\":\"ImageObject\",\"inLanguage\":\"es\",\"@id\":\"https:\\\/\\\/diariotextual.com\\\/inicio\\\/index.php\\\/2019\\\/07\\\/29\\\/la-pampa-dice-decreto-macri-portezuelo-no-se-esta-respetando-la-ley\\\/#primaryimage\",\"url\":\"https:\\\/\\\/diariotextual.com\\\/inicio\\\/wp-content\\\/uploads\\\/2018\\\/03\\\/schlegeljavier2016-78.jpg\",\"contentUrl\":\"https:\\\/\\\/diariotextual.com\\\/inicio\\\/wp-content\\\/uploads\\\/2018\\\/03\\\/schlegeljavier2016-78.jpg\",\"width\":692,\"height\":450},{\"@type\":\"BreadcrumbList\",\"@id\":\"https:\\\/\\\/diariotextual.com\\\/inicio\\\/index.php\\\/2019\\\/07\\\/29\\\/la-pampa-dice-decreto-macri-portezuelo-no-se-esta-respetando-la-ley\\\/#breadcrumb\",\"itemListElement\":[{\"@type\":\"ListItem\",\"position\":1,\"name\":\"Portada\",\"item\":\"https:\\\/\\\/diariotextual.com\\\/inicio\\\/\"},{\"@type\":\"ListItem\",\"position\":2,\"name\":\"La Pampa dice que, con el decreto de Macri para Portezuelo, no se est\u00e1 respetando la ley\"}]},{\"@type\":\"WebSite\",\"@id\":\"https:\\\/\\\/diariotextual.com\\\/inicio\\\/#website\",\"url\":\"https:\\\/\\\/diariotextual.com\\\/inicio\\\/\",\"name\":\"Diario Textual\",\"description\":\"\",\"publisher\":{\"@id\":\"https:\\\/\\\/diariotextual.com\\\/inicio\\\/#organization\"},\"potentialAction\":[{\"@type\":\"SearchAction\",\"target\":{\"@type\":\"EntryPoint\",\"urlTemplate\":\"https:\\\/\\\/diariotextual.com\\\/inicio\\\/?s={search_term_string}\"},\"query-input\":{\"@type\":\"PropertyValueSpecification\",\"valueRequired\":true,\"valueName\":\"search_term_string\"}}],\"inLanguage\":\"es\"},{\"@type\":\"Organization\",\"@id\":\"https:\\\/\\\/diariotextual.com\\\/inicio\\\/#organization\",\"name\":\"Diario Textual\",\"url\":\"https:\\\/\\\/diariotextual.com\\\/inicio\\\/\",\"logo\":{\"@type\":\"ImageObject\",\"inLanguage\":\"es\",\"@id\":\"https:\\\/\\\/diariotextual.com\\\/inicio\\\/#\\\/schema\\\/logo\\\/image\\\/\",\"url\":\"https:\\\/\\\/diariotextual.com\\\/inicio\\\/wp-content\\\/uploads\\\/2023\\\/05\\\/logotextual1.jpg\",\"contentUrl\":\"https:\\\/\\\/diariotextual.com\\\/inicio\\\/wp-content\\\/uploads\\\/2023\\\/05\\\/logotextual1.jpg\",\"width\":516,\"height\":76,\"caption\":\"Diario Textual\"},\"image\":{\"@id\":\"https:\\\/\\\/diariotextual.com\\\/inicio\\\/#\\\/schema\\\/logo\\\/image\\\/\"},\"sameAs\":[\"https:\\\/\\\/www.facebook.com\\\/eltextual\",\"https:\\\/\\\/x.com\\\/eltextual\",\"http:\\\/\\\/www.instagram.com\\\/eltextual\"]},{\"@type\":\"Person\",\"@id\":\"https:\\\/\\\/diariotextual.com\\\/inicio\\\/#\\\/schema\\\/person\\\/418fc4093c33e86ed41562db3508f958\",\"name\":\"Diario1 Diario1\",\"image\":{\"@type\":\"ImageObject\",\"inLanguage\":\"es\",\"@id\":\"https:\\\/\\\/secure.gravatar.com\\\/avatar\\\/9167d280179c85bc18be67aa7eda765854300033af4896dd779b608640f2ef7a?s=96&d=mm&r=g\",\"url\":\"https:\\\/\\\/secure.gravatar.com\\\/avatar\\\/9167d280179c85bc18be67aa7eda765854300033af4896dd779b608640f2ef7a?s=96&d=mm&r=g\",\"contentUrl\":\"https:\\\/\\\/secure.gravatar.com\\\/avatar\\\/9167d280179c85bc18be67aa7eda765854300033af4896dd779b608640f2ef7a?s=96&d=mm&r=g\",\"caption\":\"Diario1 Diario1\"},\"url\":\"https:\\\/\\\/diariotextual.com\\\/inicio\\\/index.php\\\/author\\\/diario1\\\/\"}]}<\/script>\n<!-- \/ Yoast SEO plugin. -->","yoast_head_json":{"title":"La Pampa dice que, con el decreto de Macri para Portezuelo, no se est\u00e1 respetando la ley - Diario Textual","robots":{"index":"index","follow":"follow","max-snippet":"max-snippet:-1","max-image-preview":"max-image-preview:large","max-video-preview":"max-video-preview:-1"},"canonical":"https:\/\/diariotextual.com\/inicio\/index.php\/2019\/07\/29\/la-pampa-dice-decreto-macri-portezuelo-no-se-esta-respetando-la-ley\/","og_locale":"es_ES","og_type":"article","og_title":"La Pampa dice que, con el decreto de Macri para Portezuelo, no se est\u00e1 respetando la ley - Diario Textual","og_description":"Casa de Gobierno sali\u00f3 a cuestionar el decreto de Mauricio Macri que autoriza el desembolso de 1023 millones de d\u00f3lares para construir la represa hidroel\u00e9ctrica Portezuelo del Viento en suelo&hellip;","og_url":"https:\/\/diariotextual.com\/inicio\/index.php\/2019\/07\/29\/la-pampa-dice-decreto-macri-portezuelo-no-se-esta-respetando-la-ley\/","og_site_name":"Diario Textual","article_publisher":"https:\/\/www.facebook.com\/eltextual","article_published_time":"2019-07-29T13:03:01+00:00","article_modified_time":"2019-07-29T20:45:12+00:00","og_image":[{"width":692,"height":450,"url":"https:\/\/diariotextual.com\/inicio\/wp-content\/uploads\/2018\/03\/schlegeljavier2016-78.jpg","type":"image\/jpeg"}],"author":"Diario1 Diario1","twitter_card":"summary_large_image","twitter_creator":"@eltextual","twitter_site":"@eltextual","twitter_misc":{"Escrito por":"Diario1 Diario1","Tiempo de lectura":"3 minutos"},"schema":{"@context":"https:\/\/schema.org","@graph":[{"@type":"Article","@id":"https:\/\/diariotextual.com\/inicio\/index.php\/2019\/07\/29\/la-pampa-dice-decreto-macri-portezuelo-no-se-esta-respetando-la-ley\/#article","isPartOf":{"@id":"https:\/\/diariotextual.com\/inicio\/index.php\/2019\/07\/29\/la-pampa-dice-decreto-macri-portezuelo-no-se-esta-respetando-la-ley\/"},"author":{"name":"Diario1 Diario1","@id":"https:\/\/diariotextual.com\/inicio\/#\/schema\/person\/418fc4093c33e86ed41562db3508f958"},"headline":"La Pampa dice que, con el decreto de Macri para Portezuelo, no se est\u00e1 respetando la ley","datePublished":"2019-07-29T13:03:01+00:00","dateModified":"2019-07-29T20:45:12+00:00","mainEntityOfPage":{"@id":"https:\/\/diariotextual.com\/inicio\/index.php\/2019\/07\/29\/la-pampa-dice-decreto-macri-portezuelo-no-se-esta-respetando-la-ley\/"},"wordCount":599,"publisher":{"@id":"https:\/\/diariotextual.com\/inicio\/#organization"},"image":{"@id":"https:\/\/diariotextual.com\/inicio\/index.php\/2019\/07\/29\/la-pampa-dice-decreto-macri-portezuelo-no-se-esta-respetando-la-ley\/#primaryimage"},"thumbnailUrl":"https:\/\/diariotextual.com\/inicio\/wp-content\/uploads\/2018\/03\/schlegeljavier2016-78.jpg","keywords":["portezuelo"],"articleSection":["A - PORTADA2","POLITICA"],"inLanguage":"es"},{"@type":"WebPage","@id":"https:\/\/diariotextual.com\/inicio\/index.php\/2019\/07\/29\/la-pampa-dice-decreto-macri-portezuelo-no-se-esta-respetando-la-ley\/","url":"https:\/\/diariotextual.com\/inicio\/index.php\/2019\/07\/29\/la-pampa-dice-decreto-macri-portezuelo-no-se-esta-respetando-la-ley\/","name":"La Pampa dice que, con el decreto de Macri para Portezuelo, no se est\u00e1 respetando la ley - Diario Textual","isPartOf":{"@id":"https:\/\/diariotextual.com\/inicio\/#website"},"primaryImageOfPage":{"@id":"https:\/\/diariotextual.com\/inicio\/index.php\/2019\/07\/29\/la-pampa-dice-decreto-macri-portezuelo-no-se-esta-respetando-la-ley\/#primaryimage"},"image":{"@id":"https:\/\/diariotextual.com\/inicio\/index.php\/2019\/07\/29\/la-pampa-dice-decreto-macri-portezuelo-no-se-esta-respetando-la-ley\/#primaryimage"},"thumbnailUrl":"https:\/\/diariotextual.com\/inicio\/wp-content\/uploads\/2018\/03\/schlegeljavier2016-78.jpg","datePublished":"2019-07-29T13:03:01+00:00","dateModified":"2019-07-29T20:45:12+00:00","breadcrumb":{"@id":"https:\/\/diariotextual.com\/inicio\/index.php\/2019\/07\/29\/la-pampa-dice-decreto-macri-portezuelo-no-se-esta-respetando-la-ley\/#breadcrumb"},"inLanguage":"es","potentialAction":[{"@type":"ReadAction","target":["https:\/\/diariotextual.com\/inicio\/index.php\/2019\/07\/29\/la-pampa-dice-decreto-macri-portezuelo-no-se-esta-respetando-la-ley\/"]}]},{"@type":"ImageObject","inLanguage":"es","@id":"https:\/\/diariotextual.com\/inicio\/index.php\/2019\/07\/29\/la-pampa-dice-decreto-macri-portezuelo-no-se-esta-respetando-la-ley\/#primaryimage","url":"https:\/\/diariotextual.com\/inicio\/wp-content\/uploads\/2018\/03\/schlegeljavier2016-78.jpg","contentUrl":"https:\/\/diariotextual.com\/inicio\/wp-content\/uploads\/2018\/03\/schlegeljavier2016-78.jpg","width":692,"height":450},{"@type":"BreadcrumbList","@id":"https:\/\/diariotextual.com\/inicio\/index.php\/2019\/07\/29\/la-pampa-dice-decreto-macri-portezuelo-no-se-esta-respetando-la-ley\/#breadcrumb","itemListElement":[{"@type":"ListItem","position":1,"name":"Portada","item":"https:\/\/diariotextual.com\/inicio\/"},{"@type":"ListItem","position":2,"name":"La Pampa dice que, con el decreto de Macri para Portezuelo, no se est\u00e1 respetando la ley"}]},{"@type":"WebSite","@id":"https:\/\/diariotextual.com\/inicio\/#website","url":"https:\/\/diariotextual.com\/inicio\/","name":"Diario Textual","description":"","publisher":{"@id":"https:\/\/diariotextual.com\/inicio\/#organization"},"potentialAction":[{"@type":"SearchAction","target":{"@type":"EntryPoint","urlTemplate":"https:\/\/diariotextual.com\/inicio\/?s={search_term_string}"},"query-input":{"@type":"PropertyValueSpecification","valueRequired":true,"valueName":"search_term_string"}}],"inLanguage":"es"},{"@type":"Organization","@id":"https:\/\/diariotextual.com\/inicio\/#organization","name":"Diario Textual","url":"https:\/\/diariotextual.com\/inicio\/","logo":{"@type":"ImageObject","inLanguage":"es","@id":"https:\/\/diariotextual.com\/inicio\/#\/schema\/logo\/image\/","url":"https:\/\/diariotextual.com\/inicio\/wp-content\/uploads\/2023\/05\/logotextual1.jpg","contentUrl":"https:\/\/diariotextual.com\/inicio\/wp-content\/uploads\/2023\/05\/logotextual1.jpg","width":516,"height":76,"caption":"Diario Textual"},"image":{"@id":"https:\/\/diariotextual.com\/inicio\/#\/schema\/logo\/image\/"},"sameAs":["https:\/\/www.facebook.com\/eltextual","https:\/\/x.com\/eltextual","http:\/\/www.instagram.com\/eltextual"]},{"@type":"Person","@id":"https:\/\/diariotextual.com\/inicio\/#\/schema\/person\/418fc4093c33e86ed41562db3508f958","name":"Diario1 Diario1","image":{"@type":"ImageObject","inLanguage":"es","@id":"https:\/\/secure.gravatar.com\/avatar\/9167d280179c85bc18be67aa7eda765854300033af4896dd779b608640f2ef7a?s=96&d=mm&r=g","url":"https:\/\/secure.gravatar.com\/avatar\/9167d280179c85bc18be67aa7eda765854300033af4896dd779b608640f2ef7a?s=96&d=mm&r=g","contentUrl":"https:\/\/secure.gravatar.com\/avatar\/9167d280179c85bc18be67aa7eda765854300033af4896dd779b608640f2ef7a?s=96&d=mm&r=g","caption":"Diario1 Diario1"},"url":"https:\/\/diariotextual.com\/inicio\/index.php\/author\/diario1\/"}]}},"_links":{"self":[{"href":"https:\/\/diariotextual.com\/inicio\/index.php\/wp-json\/wp\/v2\/posts\/57432","targetHints":{"allow":["GET"]}}],"collection":[{"href":"https:\/\/diariotextual.com\/inicio\/index.php\/wp-json\/wp\/v2\/posts"}],"about":[{"href":"https:\/\/diariotextual.com\/inicio\/index.php\/wp-json\/wp\/v2\/types\/post"}],"author":[{"embeddable":true,"href":"https:\/\/diariotextual.com\/inicio\/index.php\/wp-json\/wp\/v2\/users\/3"}],"replies":[{"embeddable":true,"href":"https:\/\/diariotextual.com\/inicio\/index.php\/wp-json\/wp\/v2\/comments?post=57432"}],"version-history":[{"count":3,"href":"https:\/\/diariotextual.com\/inicio\/index.php\/wp-json\/wp\/v2\/posts\/57432\/revisions"}],"predecessor-version":[{"id":57477,"href":"https:\/\/diariotextual.com\/inicio\/index.php\/wp-json\/wp\/v2\/posts\/57432\/revisions\/57477"}],"wp:featuredmedia":[{"embeddable":true,"href":"https:\/\/diariotextual.com\/inicio\/index.php\/wp-json\/wp\/v2\/media\/2973"}],"wp:attachment":[{"href":"https:\/\/diariotextual.com\/inicio\/index.php\/wp-json\/wp\/v2\/media?parent=57432"}],"wp:term":[{"taxonomy":"category","embeddable":true,"href":"https:\/\/diariotextual.com\/inicio\/index.php\/wp-json\/wp\/v2\/categories?post=57432"},{"taxonomy":"post_tag","embeddable":true,"href":"https:\/\/diariotextual.com\/inicio\/index.php\/wp-json\/wp\/v2\/tags?post=57432"}],"curies":[{"name":"wp","href":"https:\/\/api.w.org\/{rel}","templated":true}]}}