{"id":57486,"date":"2019-07-29T17:44:55","date_gmt":"2019-07-29T20:44:55","guid":{"rendered":"http:\/\/diariotextual.com\/inicio\/?p=57486"},"modified":"2019-07-30T08:10:14","modified_gmt":"2019-07-30T11:10:14","slug":"la-justicia-pampeana-ratifico-la-cuota-alimentaria-depende-los-ingresos-progenitor","status":"publish","type":"post","link":"https:\/\/diariotextual.com\/inicio\/index.php\/2019\/07\/29\/la-justicia-pampeana-ratifico-la-cuota-alimentaria-depende-los-ingresos-progenitor\/","title":{"rendered":"La Justicia pampeana ratific\u00f3 que la cuota alimentaria depende de los ingresos de cada progenitor"},"content":{"rendered":"<p>La <strong>C\u00e1mara de Apelaciones en lo Civil, Comercial, Laboral y de Miner\u00eda de Santa Rosa<\/strong> ratific\u00f3 que la <strong>cuota alimentaria<\/strong>\u00a0est\u00e1 \u00abdefinida por los recursos de los progenitores, m\u00e1s all\u00e1 del car\u00e1cter compartido del cuidado personal\u201d de los hijos.<\/p>\n<p>Para ello, citando el art\u00edculo 666 del C\u00f3digo Civil y Comercial, sostuvo que<strong> cuando el cuidado personal de los hijos sea compartido, \u201cla realidad en las situaciones patrimoniales de los progenitores es la circunstancia determinante para establecer la obligaci\u00f3n alimentaria\u201d.<\/strong><\/p>\n<p>Los jueces Guillermo Salas y Laura Cagliolo, miembros de la Sala 3, a\u00f1adieron que \u201csi los progenitores tienen recursos semejantes, cada uno asume su manutenci\u00f3n cuando el hijo permanece bajo su cuidado y los gastos comunes compartidos. Si difieren los recursos, el o la progenitora que est\u00e9 en mejor posici\u00f3n puede ser obligado a abonar una cuota alimentaria y los gastos comunes deber\u00e1n ser solventados en proporci\u00f3n a los recursos\u201d.<\/p>\n<p>En este caso, en primera instancia, la jueza Anah\u00ed Brarda, titular del Juzgado de Familia, Ni\u00f1as, Ni\u00f1os y Adolescentes N\u00b0 1, <strong>hab\u00eda establecido la contribuci\u00f3n alimentaria del padre en el 15 por ciento de sus ingresos.<\/strong> Este recurri\u00f3 esa sentencia, afirm\u00f3 que el fallo quebrant\u00f3 la obligaci\u00f3n de los progenitores de aportar conforme a sus ingresos y pidi\u00f3 que se le devuelva el dinero aportado de m\u00e1s, incluyendo los intereses.<\/p>\n<p>La C\u00e1mara no hizo lugar a la apelaci\u00f3n por entender que, si bien cada progenitor estaba a cargo de un hijo, la madre pudo demostrar que sus ingresos eran inferiores a los del padre; y por lo tanto, \u00e9ste \u00faltimo deb\u00eda continuar contribuyendo con el 15 por ciento de sus ingresos para su hijo, quien convive con la mam\u00e1 (la hija, en cambio, convive con \u00e9l).<\/p>\n<p>En ese sentido, Brarda ya hab\u00eda expresado en su sentencia que <strong>\u201csi existe un desequilibrio econ\u00f3mico que afecte la crianza, alimentaci\u00f3n y educaci\u00f3n de los hijos en com\u00fan, ello atento a que residen uno con cada progenitor; la consideraci\u00f3n pasa entonces a la determinaci\u00f3n de la capacidad econ\u00f3mica de ambos progenitores, que no es otra cosa que la aplicaci\u00f3n del art\u00edculo 666\u201d.<\/strong><\/p>\n<p>\u201cLa soluci\u00f3n que ofrece el art\u00edculo es sumamente realista:<strong> la extensi\u00f3n de la obligaci\u00f3n alimentaria est\u00e1 definida por los recursos de los progenitores, m\u00e1s all\u00e1 del car\u00e1cter compartido del cuidado personal<\/strong>. Por lo tanto, cuando el cuidado personal sea compartido, la realidad en las situaciones patrimoniales de los progenitores es la circunstancia determinante para establecer la obligaci\u00f3n alimentaria\u201d, agreg\u00f3 la jueza de familia.<\/p>\n<p>El padre, en el recurso, afirm\u00f3 que si bien ambos hijos son menores, quien m\u00e1s ayuda econ\u00f3mica necesita a la fecha es su hija \u2013que vive con \u00e9l\u2013 y que la madre est\u00e1 en mejores condiciones econ\u00f3micas ya que el demandado a agosto de 2016 percib\u00eda 13.246 pesos como empleado de comercio.<\/p>\n<p>Sin embargo, la mujer pudo acreditar que a octubre de 2016 percib\u00eda 3.925 pesos trabajando en relaci\u00f3n de dependencia en una veterinaria y que ocasionalmente percib\u00eda ingresos por suplencias en un hospital p\u00fablico, donde cumpl\u00eda pasant\u00edas ad honorem para enriquecer su curr\u00edculum vitae.<\/p>\n<p>\u201cTodo ello nos lleva a confirmar lo resuelto por la juez (Brarda), atento a que existiendo desproporci\u00f3n entre los ingresos de ambos progenitores y a fin de asegurar una calidad de vida similar entre los menores, corresponde mantener la cuota alimentaria a favor del ni\u00f1o que vive con su madre\u201d, concluyeron Salas y Cagliolo.<\/p>\n<p>&nbsp;<\/p>\n<p>&nbsp;<\/p>\n","protected":false},"excerpt":{"rendered":"<p>La C\u00e1mara de Apelaciones en lo Civil, Comercial, Laboral y de Miner\u00eda de Santa Rosa ratific\u00f3 que la cuota alimentaria\u00a0est\u00e1 \u00abdefinida por los recursos de los progenitores, m\u00e1s all\u00e1 del&hellip;<\/p>\n","protected":false},"author":3,"featured_media":30774,"comment_status":"closed","ping_status":"open","sticky":false,"template":"","format":"standard","meta":{"_acf_changed":false,"footnotes":""},"categories":[319,12],"tags":[1847],"class_list":["post-57486","post","type-post","status-publish","format-standard","has-post-thumbnail","hentry","category-a-temporales","category-sociedad","tag-cuota"],"acf":[],"yoast_head":"<!-- This site is optimized with the Yoast SEO plugin v27.5 - https:\/\/yoast.com\/product\/yoast-seo-wordpress\/ -->\n<title>La Justicia pampeana ratific\u00f3 que la cuota alimentaria depende de los ingresos de cada progenitor - Diario Textual<\/title>\n<meta name=\"robots\" content=\"index, follow, max-snippet:-1, max-image-preview:large, max-video-preview:-1\" \/>\n<link rel=\"canonical\" href=\"https:\/\/diariotextual.com\/inicio\/index.php\/2019\/07\/29\/la-justicia-pampeana-ratifico-la-cuota-alimentaria-depende-los-ingresos-progenitor\/\" \/>\n<meta property=\"og:locale\" content=\"es_ES\" \/>\n<meta property=\"og:type\" content=\"article\" \/>\n<meta property=\"og:title\" content=\"La Justicia pampeana ratific\u00f3 que la cuota alimentaria depende de los ingresos de cada progenitor - Diario Textual\" \/>\n<meta property=\"og:description\" content=\"La C\u00e1mara de Apelaciones en lo Civil, Comercial, Laboral y de Miner\u00eda de Santa Rosa ratific\u00f3 que la cuota alimentaria\u00a0est\u00e1 \u00abdefinida por los recursos de los progenitores, m\u00e1s all\u00e1 del&hellip;\" \/>\n<meta property=\"og:url\" content=\"https:\/\/diariotextual.com\/inicio\/index.php\/2019\/07\/29\/la-justicia-pampeana-ratifico-la-cuota-alimentaria-depende-los-ingresos-progenitor\/\" \/>\n<meta property=\"og:site_name\" content=\"Diario Textual\" \/>\n<meta property=\"article:publisher\" content=\"https:\/\/www.facebook.com\/eltextual\" \/>\n<meta property=\"article:published_time\" content=\"2019-07-29T20:44:55+00:00\" \/>\n<meta property=\"article:modified_time\" content=\"2019-07-30T11:10:14+00:00\" \/>\n<meta property=\"og:image\" content=\"https:\/\/diariotextual.com\/inicio\/wp-content\/uploads\/2018\/12\/nenesabusosgolpes333.jpg\" \/>\n\t<meta property=\"og:image:width\" content=\"700\" \/>\n\t<meta property=\"og:image:height\" content=\"479\" \/>\n\t<meta property=\"og:image:type\" content=\"image\/jpeg\" \/>\n<meta name=\"author\" content=\"Diario1 Diario1\" \/>\n<meta name=\"twitter:card\" content=\"summary_large_image\" \/>\n<meta name=\"twitter:creator\" content=\"@eltextual\" \/>\n<meta name=\"twitter:site\" content=\"@eltextual\" \/>\n<meta name=\"twitter:label1\" content=\"Escrito por\" \/>\n\t<meta name=\"twitter:data1\" content=\"Diario1 Diario1\" \/>\n\t<meta name=\"twitter:label2\" content=\"Tiempo de lectura\" \/>\n\t<meta name=\"twitter:data2\" content=\"3 minutos\" \/>\n<script type=\"application\/ld+json\" class=\"yoast-schema-graph\">{\"@context\":\"https:\\\/\\\/schema.org\",\"@graph\":[{\"@type\":\"Article\",\"@id\":\"https:\\\/\\\/diariotextual.com\\\/inicio\\\/index.php\\\/2019\\\/07\\\/29\\\/la-justicia-pampeana-ratifico-la-cuota-alimentaria-depende-los-ingresos-progenitor\\\/#article\",\"isPartOf\":{\"@id\":\"https:\\\/\\\/diariotextual.com\\\/inicio\\\/index.php\\\/2019\\\/07\\\/29\\\/la-justicia-pampeana-ratifico-la-cuota-alimentaria-depende-los-ingresos-progenitor\\\/\"},\"author\":{\"name\":\"Diario1 Diario1\",\"@id\":\"https:\\\/\\\/diariotextual.com\\\/inicio\\\/#\\\/schema\\\/person\\\/418fc4093c33e86ed41562db3508f958\"},\"headline\":\"La Justicia pampeana ratific\u00f3 que la cuota alimentaria depende de los ingresos de cada progenitor\",\"datePublished\":\"2019-07-29T20:44:55+00:00\",\"dateModified\":\"2019-07-30T11:10:14+00:00\",\"mainEntityOfPage\":{\"@id\":\"https:\\\/\\\/diariotextual.com\\\/inicio\\\/index.php\\\/2019\\\/07\\\/29\\\/la-justicia-pampeana-ratifico-la-cuota-alimentaria-depende-los-ingresos-progenitor\\\/\"},\"wordCount\":617,\"publisher\":{\"@id\":\"https:\\\/\\\/diariotextual.com\\\/inicio\\\/#organization\"},\"image\":{\"@id\":\"https:\\\/\\\/diariotextual.com\\\/inicio\\\/index.php\\\/2019\\\/07\\\/29\\\/la-justicia-pampeana-ratifico-la-cuota-alimentaria-depende-los-ingresos-progenitor\\\/#primaryimage\"},\"thumbnailUrl\":\"https:\\\/\\\/diariotextual.com\\\/inicio\\\/wp-content\\\/uploads\\\/2018\\\/12\\\/nenesabusosgolpes333.jpg\",\"keywords\":[\"cuota\"],\"articleSection\":[\"A - TEMPORALES\",\"SOCIEDAD\"],\"inLanguage\":\"es\"},{\"@type\":\"WebPage\",\"@id\":\"https:\\\/\\\/diariotextual.com\\\/inicio\\\/index.php\\\/2019\\\/07\\\/29\\\/la-justicia-pampeana-ratifico-la-cuota-alimentaria-depende-los-ingresos-progenitor\\\/\",\"url\":\"https:\\\/\\\/diariotextual.com\\\/inicio\\\/index.php\\\/2019\\\/07\\\/29\\\/la-justicia-pampeana-ratifico-la-cuota-alimentaria-depende-los-ingresos-progenitor\\\/\",\"name\":\"La Justicia pampeana ratific\u00f3 que la cuota alimentaria depende de los ingresos de cada progenitor - Diario Textual\",\"isPartOf\":{\"@id\":\"https:\\\/\\\/diariotextual.com\\\/inicio\\\/#website\"},\"primaryImageOfPage\":{\"@id\":\"https:\\\/\\\/diariotextual.com\\\/inicio\\\/index.php\\\/2019\\\/07\\\/29\\\/la-justicia-pampeana-ratifico-la-cuota-alimentaria-depende-los-ingresos-progenitor\\\/#primaryimage\"},\"image\":{\"@id\":\"https:\\\/\\\/diariotextual.com\\\/inicio\\\/index.php\\\/2019\\\/07\\\/29\\\/la-justicia-pampeana-ratifico-la-cuota-alimentaria-depende-los-ingresos-progenitor\\\/#primaryimage\"},\"thumbnailUrl\":\"https:\\\/\\\/diariotextual.com\\\/inicio\\\/wp-content\\\/uploads\\\/2018\\\/12\\\/nenesabusosgolpes333.jpg\",\"datePublished\":\"2019-07-29T20:44:55+00:00\",\"dateModified\":\"2019-07-30T11:10:14+00:00\",\"breadcrumb\":{\"@id\":\"https:\\\/\\\/diariotextual.com\\\/inicio\\\/index.php\\\/2019\\\/07\\\/29\\\/la-justicia-pampeana-ratifico-la-cuota-alimentaria-depende-los-ingresos-progenitor\\\/#breadcrumb\"},\"inLanguage\":\"es\",\"potentialAction\":[{\"@type\":\"ReadAction\",\"target\":[\"https:\\\/\\\/diariotextual.com\\\/inicio\\\/index.php\\\/2019\\\/07\\\/29\\\/la-justicia-pampeana-ratifico-la-cuota-alimentaria-depende-los-ingresos-progenitor\\\/\"]}]},{\"@type\":\"ImageObject\",\"inLanguage\":\"es\",\"@id\":\"https:\\\/\\\/diariotextual.com\\\/inicio\\\/index.php\\\/2019\\\/07\\\/29\\\/la-justicia-pampeana-ratifico-la-cuota-alimentaria-depende-los-ingresos-progenitor\\\/#primaryimage\",\"url\":\"https:\\\/\\\/diariotextual.com\\\/inicio\\\/wp-content\\\/uploads\\\/2018\\\/12\\\/nenesabusosgolpes333.jpg\",\"contentUrl\":\"https:\\\/\\\/diariotextual.com\\\/inicio\\\/wp-content\\\/uploads\\\/2018\\\/12\\\/nenesabusosgolpes333.jpg\",\"width\":700,\"height\":479},{\"@type\":\"BreadcrumbList\",\"@id\":\"https:\\\/\\\/diariotextual.com\\\/inicio\\\/index.php\\\/2019\\\/07\\\/29\\\/la-justicia-pampeana-ratifico-la-cuota-alimentaria-depende-los-ingresos-progenitor\\\/#breadcrumb\",\"itemListElement\":[{\"@type\":\"ListItem\",\"position\":1,\"name\":\"Portada\",\"item\":\"https:\\\/\\\/diariotextual.com\\\/inicio\\\/\"},{\"@type\":\"ListItem\",\"position\":2,\"name\":\"La Justicia pampeana ratific\u00f3 que la cuota alimentaria depende de los ingresos de cada progenitor\"}]},{\"@type\":\"WebSite\",\"@id\":\"https:\\\/\\\/diariotextual.com\\\/inicio\\\/#website\",\"url\":\"https:\\\/\\\/diariotextual.com\\\/inicio\\\/\",\"name\":\"Diario Textual\",\"description\":\"\",\"publisher\":{\"@id\":\"https:\\\/\\\/diariotextual.com\\\/inicio\\\/#organization\"},\"potentialAction\":[{\"@type\":\"SearchAction\",\"target\":{\"@type\":\"EntryPoint\",\"urlTemplate\":\"https:\\\/\\\/diariotextual.com\\\/inicio\\\/?s={search_term_string}\"},\"query-input\":{\"@type\":\"PropertyValueSpecification\",\"valueRequired\":true,\"valueName\":\"search_term_string\"}}],\"inLanguage\":\"es\"},{\"@type\":\"Organization\",\"@id\":\"https:\\\/\\\/diariotextual.com\\\/inicio\\\/#organization\",\"name\":\"Diario Textual\",\"url\":\"https:\\\/\\\/diariotextual.com\\\/inicio\\\/\",\"logo\":{\"@type\":\"ImageObject\",\"inLanguage\":\"es\",\"@id\":\"https:\\\/\\\/diariotextual.com\\\/inicio\\\/#\\\/schema\\\/logo\\\/image\\\/\",\"url\":\"https:\\\/\\\/diariotextual.com\\\/inicio\\\/wp-content\\\/uploads\\\/2023\\\/05\\\/logotextual1.jpg\",\"contentUrl\":\"https:\\\/\\\/diariotextual.com\\\/inicio\\\/wp-content\\\/uploads\\\/2023\\\/05\\\/logotextual1.jpg\",\"width\":516,\"height\":76,\"caption\":\"Diario Textual\"},\"image\":{\"@id\":\"https:\\\/\\\/diariotextual.com\\\/inicio\\\/#\\\/schema\\\/logo\\\/image\\\/\"},\"sameAs\":[\"https:\\\/\\\/www.facebook.com\\\/eltextual\",\"https:\\\/\\\/x.com\\\/eltextual\",\"http:\\\/\\\/www.instagram.com\\\/eltextual\"]},{\"@type\":\"Person\",\"@id\":\"https:\\\/\\\/diariotextual.com\\\/inicio\\\/#\\\/schema\\\/person\\\/418fc4093c33e86ed41562db3508f958\",\"name\":\"Diario1 Diario1\",\"image\":{\"@type\":\"ImageObject\",\"inLanguage\":\"es\",\"@id\":\"https:\\\/\\\/secure.gravatar.com\\\/avatar\\\/9167d280179c85bc18be67aa7eda765854300033af4896dd779b608640f2ef7a?s=96&d=mm&r=g\",\"url\":\"https:\\\/\\\/secure.gravatar.com\\\/avatar\\\/9167d280179c85bc18be67aa7eda765854300033af4896dd779b608640f2ef7a?s=96&d=mm&r=g\",\"contentUrl\":\"https:\\\/\\\/secure.gravatar.com\\\/avatar\\\/9167d280179c85bc18be67aa7eda765854300033af4896dd779b608640f2ef7a?s=96&d=mm&r=g\",\"caption\":\"Diario1 Diario1\"},\"url\":\"https:\\\/\\\/diariotextual.com\\\/inicio\\\/index.php\\\/author\\\/diario1\\\/\"}]}<\/script>\n<!-- \/ Yoast SEO plugin. -->","yoast_head_json":{"title":"La Justicia pampeana ratific\u00f3 que la cuota alimentaria depende de los ingresos de cada progenitor - Diario Textual","robots":{"index":"index","follow":"follow","max-snippet":"max-snippet:-1","max-image-preview":"max-image-preview:large","max-video-preview":"max-video-preview:-1"},"canonical":"https:\/\/diariotextual.com\/inicio\/index.php\/2019\/07\/29\/la-justicia-pampeana-ratifico-la-cuota-alimentaria-depende-los-ingresos-progenitor\/","og_locale":"es_ES","og_type":"article","og_title":"La Justicia pampeana ratific\u00f3 que la cuota alimentaria depende de los ingresos de cada progenitor - Diario Textual","og_description":"La C\u00e1mara de Apelaciones en lo Civil, Comercial, Laboral y de Miner\u00eda de Santa Rosa ratific\u00f3 que la cuota alimentaria\u00a0est\u00e1 \u00abdefinida por los recursos de los progenitores, m\u00e1s all\u00e1 del&hellip;","og_url":"https:\/\/diariotextual.com\/inicio\/index.php\/2019\/07\/29\/la-justicia-pampeana-ratifico-la-cuota-alimentaria-depende-los-ingresos-progenitor\/","og_site_name":"Diario Textual","article_publisher":"https:\/\/www.facebook.com\/eltextual","article_published_time":"2019-07-29T20:44:55+00:00","article_modified_time":"2019-07-30T11:10:14+00:00","og_image":[{"width":700,"height":479,"url":"https:\/\/diariotextual.com\/inicio\/wp-content\/uploads\/2018\/12\/nenesabusosgolpes333.jpg","type":"image\/jpeg"}],"author":"Diario1 Diario1","twitter_card":"summary_large_image","twitter_creator":"@eltextual","twitter_site":"@eltextual","twitter_misc":{"Escrito por":"Diario1 Diario1","Tiempo de lectura":"3 minutos"},"schema":{"@context":"https:\/\/schema.org","@graph":[{"@type":"Article","@id":"https:\/\/diariotextual.com\/inicio\/index.php\/2019\/07\/29\/la-justicia-pampeana-ratifico-la-cuota-alimentaria-depende-los-ingresos-progenitor\/#article","isPartOf":{"@id":"https:\/\/diariotextual.com\/inicio\/index.php\/2019\/07\/29\/la-justicia-pampeana-ratifico-la-cuota-alimentaria-depende-los-ingresos-progenitor\/"},"author":{"name":"Diario1 Diario1","@id":"https:\/\/diariotextual.com\/inicio\/#\/schema\/person\/418fc4093c33e86ed41562db3508f958"},"headline":"La Justicia pampeana ratific\u00f3 que la cuota alimentaria depende de los ingresos de cada progenitor","datePublished":"2019-07-29T20:44:55+00:00","dateModified":"2019-07-30T11:10:14+00:00","mainEntityOfPage":{"@id":"https:\/\/diariotextual.com\/inicio\/index.php\/2019\/07\/29\/la-justicia-pampeana-ratifico-la-cuota-alimentaria-depende-los-ingresos-progenitor\/"},"wordCount":617,"publisher":{"@id":"https:\/\/diariotextual.com\/inicio\/#organization"},"image":{"@id":"https:\/\/diariotextual.com\/inicio\/index.php\/2019\/07\/29\/la-justicia-pampeana-ratifico-la-cuota-alimentaria-depende-los-ingresos-progenitor\/#primaryimage"},"thumbnailUrl":"https:\/\/diariotextual.com\/inicio\/wp-content\/uploads\/2018\/12\/nenesabusosgolpes333.jpg","keywords":["cuota"],"articleSection":["A - TEMPORALES","SOCIEDAD"],"inLanguage":"es"},{"@type":"WebPage","@id":"https:\/\/diariotextual.com\/inicio\/index.php\/2019\/07\/29\/la-justicia-pampeana-ratifico-la-cuota-alimentaria-depende-los-ingresos-progenitor\/","url":"https:\/\/diariotextual.com\/inicio\/index.php\/2019\/07\/29\/la-justicia-pampeana-ratifico-la-cuota-alimentaria-depende-los-ingresos-progenitor\/","name":"La Justicia pampeana ratific\u00f3 que la cuota alimentaria depende de los ingresos de cada progenitor - Diario Textual","isPartOf":{"@id":"https:\/\/diariotextual.com\/inicio\/#website"},"primaryImageOfPage":{"@id":"https:\/\/diariotextual.com\/inicio\/index.php\/2019\/07\/29\/la-justicia-pampeana-ratifico-la-cuota-alimentaria-depende-los-ingresos-progenitor\/#primaryimage"},"image":{"@id":"https:\/\/diariotextual.com\/inicio\/index.php\/2019\/07\/29\/la-justicia-pampeana-ratifico-la-cuota-alimentaria-depende-los-ingresos-progenitor\/#primaryimage"},"thumbnailUrl":"https:\/\/diariotextual.com\/inicio\/wp-content\/uploads\/2018\/12\/nenesabusosgolpes333.jpg","datePublished":"2019-07-29T20:44:55+00:00","dateModified":"2019-07-30T11:10:14+00:00","breadcrumb":{"@id":"https:\/\/diariotextual.com\/inicio\/index.php\/2019\/07\/29\/la-justicia-pampeana-ratifico-la-cuota-alimentaria-depende-los-ingresos-progenitor\/#breadcrumb"},"inLanguage":"es","potentialAction":[{"@type":"ReadAction","target":["https:\/\/diariotextual.com\/inicio\/index.php\/2019\/07\/29\/la-justicia-pampeana-ratifico-la-cuota-alimentaria-depende-los-ingresos-progenitor\/"]}]},{"@type":"ImageObject","inLanguage":"es","@id":"https:\/\/diariotextual.com\/inicio\/index.php\/2019\/07\/29\/la-justicia-pampeana-ratifico-la-cuota-alimentaria-depende-los-ingresos-progenitor\/#primaryimage","url":"https:\/\/diariotextual.com\/inicio\/wp-content\/uploads\/2018\/12\/nenesabusosgolpes333.jpg","contentUrl":"https:\/\/diariotextual.com\/inicio\/wp-content\/uploads\/2018\/12\/nenesabusosgolpes333.jpg","width":700,"height":479},{"@type":"BreadcrumbList","@id":"https:\/\/diariotextual.com\/inicio\/index.php\/2019\/07\/29\/la-justicia-pampeana-ratifico-la-cuota-alimentaria-depende-los-ingresos-progenitor\/#breadcrumb","itemListElement":[{"@type":"ListItem","position":1,"name":"Portada","item":"https:\/\/diariotextual.com\/inicio\/"},{"@type":"ListItem","position":2,"name":"La Justicia pampeana ratific\u00f3 que la cuota alimentaria depende de los ingresos de cada progenitor"}]},{"@type":"WebSite","@id":"https:\/\/diariotextual.com\/inicio\/#website","url":"https:\/\/diariotextual.com\/inicio\/","name":"Diario Textual","description":"","publisher":{"@id":"https:\/\/diariotextual.com\/inicio\/#organization"},"potentialAction":[{"@type":"SearchAction","target":{"@type":"EntryPoint","urlTemplate":"https:\/\/diariotextual.com\/inicio\/?s={search_term_string}"},"query-input":{"@type":"PropertyValueSpecification","valueRequired":true,"valueName":"search_term_string"}}],"inLanguage":"es"},{"@type":"Organization","@id":"https:\/\/diariotextual.com\/inicio\/#organization","name":"Diario Textual","url":"https:\/\/diariotextual.com\/inicio\/","logo":{"@type":"ImageObject","inLanguage":"es","@id":"https:\/\/diariotextual.com\/inicio\/#\/schema\/logo\/image\/","url":"https:\/\/diariotextual.com\/inicio\/wp-content\/uploads\/2023\/05\/logotextual1.jpg","contentUrl":"https:\/\/diariotextual.com\/inicio\/wp-content\/uploads\/2023\/05\/logotextual1.jpg","width":516,"height":76,"caption":"Diario Textual"},"image":{"@id":"https:\/\/diariotextual.com\/inicio\/#\/schema\/logo\/image\/"},"sameAs":["https:\/\/www.facebook.com\/eltextual","https:\/\/x.com\/eltextual","http:\/\/www.instagram.com\/eltextual"]},{"@type":"Person","@id":"https:\/\/diariotextual.com\/inicio\/#\/schema\/person\/418fc4093c33e86ed41562db3508f958","name":"Diario1 Diario1","image":{"@type":"ImageObject","inLanguage":"es","@id":"https:\/\/secure.gravatar.com\/avatar\/9167d280179c85bc18be67aa7eda765854300033af4896dd779b608640f2ef7a?s=96&d=mm&r=g","url":"https:\/\/secure.gravatar.com\/avatar\/9167d280179c85bc18be67aa7eda765854300033af4896dd779b608640f2ef7a?s=96&d=mm&r=g","contentUrl":"https:\/\/secure.gravatar.com\/avatar\/9167d280179c85bc18be67aa7eda765854300033af4896dd779b608640f2ef7a?s=96&d=mm&r=g","caption":"Diario1 Diario1"},"url":"https:\/\/diariotextual.com\/inicio\/index.php\/author\/diario1\/"}]}},"_links":{"self":[{"href":"https:\/\/diariotextual.com\/inicio\/index.php\/wp-json\/wp\/v2\/posts\/57486","targetHints":{"allow":["GET"]}}],"collection":[{"href":"https:\/\/diariotextual.com\/inicio\/index.php\/wp-json\/wp\/v2\/posts"}],"about":[{"href":"https:\/\/diariotextual.com\/inicio\/index.php\/wp-json\/wp\/v2\/types\/post"}],"author":[{"embeddable":true,"href":"https:\/\/diariotextual.com\/inicio\/index.php\/wp-json\/wp\/v2\/users\/3"}],"replies":[{"embeddable":true,"href":"https:\/\/diariotextual.com\/inicio\/index.php\/wp-json\/wp\/v2\/comments?post=57486"}],"version-history":[{"count":1,"href":"https:\/\/diariotextual.com\/inicio\/index.php\/wp-json\/wp\/v2\/posts\/57486\/revisions"}],"predecessor-version":[{"id":57487,"href":"https:\/\/diariotextual.com\/inicio\/index.php\/wp-json\/wp\/v2\/posts\/57486\/revisions\/57487"}],"wp:featuredmedia":[{"embeddable":true,"href":"https:\/\/diariotextual.com\/inicio\/index.php\/wp-json\/wp\/v2\/media\/30774"}],"wp:attachment":[{"href":"https:\/\/diariotextual.com\/inicio\/index.php\/wp-json\/wp\/v2\/media?parent=57486"}],"wp:term":[{"taxonomy":"category","embeddable":true,"href":"https:\/\/diariotextual.com\/inicio\/index.php\/wp-json\/wp\/v2\/categories?post=57486"},{"taxonomy":"post_tag","embeddable":true,"href":"https:\/\/diariotextual.com\/inicio\/index.php\/wp-json\/wp\/v2\/tags?post=57486"}],"curies":[{"name":"wp","href":"https:\/\/api.w.org\/{rel}","templated":true}]}}