{"id":57488,"date":"2019-07-29T17:49:02","date_gmt":"2019-07-29T20:49:02","guid":{"rendered":"http:\/\/diariotextual.com\/inicio\/?p=57488"},"modified":"2019-07-29T22:00:50","modified_gmt":"2019-07-30T01:00:50","slug":"ministerio-salud-la-cpe-avanzaran-convenio-prevencion","status":"publish","type":"post","link":"https:\/\/diariotextual.com\/inicio\/index.php\/2019\/07\/29\/ministerio-salud-la-cpe-avanzaran-convenio-prevencion\/","title":{"rendered":"El Ministerio de Salud y la CPE avanzar\u00e1n en un convenio sobre prevenci\u00f3n"},"content":{"rendered":"<p>La CPE y el Ministerio de la Salud de La Pampa avanzar\u00e1n en la formalizaci\u00f3n de un convenio marco que potencie tareas conjuntas vinculadas con la promoci\u00f3n de la salud, en particular en el \u00e1rea de la prevenci\u00f3n. El ministro del \u00e1rea, Rub\u00e9n Kohan, y Juan Barbero, coordinador de Emergencias de esa cartera, fueron recibidos por las autoridades del Consejo de Administraci\u00f3n, encabezadas por el presidente Alfredo Carrascal.<\/p>\n<p>Previo al encuentro desarrollado en el sal\u00f3n del Consejo, las partes se estuvieron en el espacio de atenci\u00f3n al p\u00fablico de Telecomunicaciones, en 1\u00ba de Mayo 530, donde se instal\u00f3 un flamante equipo DEA (Desfibrilador Externo Autom\u00e1tico). Otro equipo de iguales caracter\u00edsticas qued\u00f3 instalado en el Centro de Atenci\u00f3n \u201cCarlos Lorenzo\u201d, en Jos\u00e9 Luro y Per\u00fa. Estos se suman a otros dos en funcionamiento, uno en el \u00e1rea central de Atenci\u00f3n al P\u00fablico, en Ra\u00fal B. D\u00edaz 218, y el otro en el servicio Funerario, en 1\u00ba de Mayo 834.<\/p>\n<p>Kohan destac\u00f3 la tarea de salud de base que realiza la CPE desde hace muchos a\u00f1os, y enfatiz\u00f3 la necesidad de institucionalizar a trav\u00e9s de un convenio formal, las tareas conjuntas que se \u201cpotenciar\u00edan enormemente\u201d, seg\u00fan expres\u00f3. Remarc\u00f3 que La Pampa adhiri\u00f3 y ya reglament\u00f3 la Ley Nacional 27519, que implementa el Sistema de Prevenci\u00f3n Integral de eventos por muerte s\u00fabita, norma que contextualiza la instalaci\u00f3n de los equipos desfibriladores, pol\u00edtica implementada por la CPE a\u00fan antes de estas promulgaciones.<\/p>\n<p>Junto a Carrascal, participaron de la reuni\u00f3n los gerentes de Servicios Sociales y Recursos Humanos, Jos\u00e9 Depetris y Javier Rojas, respectivamente. Son las \u00e1reas de la CPE m\u00e1s estrechamente vinculadas con las pol\u00edticas de salud. Tambi\u00e9n lo hicieron el gerente general, Ariel Mart\u00ednez; el vicepresidente Jos\u00e9 Piatti; y los consejeros Oscar Nocetti, Manuel Simpson, Miguel Evangelista, Antonio Exner y Julieta Carrizo S\u00e1nchez. Asimismo estuvo presente el doctor Alfredo Giordano, del \u00e1rea de Medicina Laboral de la Cooperativa.<\/p>\n<p>La CPE, adem\u00e1s de administrar un sistema integral de enfermer\u00edas en Santa Rosa y todas las localidades interconectadas, que prestan servicios de atenci\u00f3n primaria a los asociados, es parte del Foro PreSIDA de La Pampa y estimula la organizaci\u00f3n de talleres para adultos mayores para mejorar sus h\u00e1bitos de vida. En las enfermer\u00edas de la CPE tambi\u00e9n se han implementado los tests de serolog\u00eda de VIH, en coordinaci\u00f3n y de acuerdo con las condiciones pautadas por Epidemiolog\u00eda de la Provincia.<\/p>\n<p>Por otra parte, Recursos Humanos hace muchos a\u00f1os cre\u00f3 el \u00e1rea de Medicina Laboral interna destinada a tareas de seguimiento y mejora de las condiciones sanitarias de sus m\u00e1s de 500 trabajadores.<\/p>\n","protected":false},"excerpt":{"rendered":"<p>La CPE y el Ministerio de la Salud de La Pampa avanzar\u00e1n en la formalizaci\u00f3n de un convenio marco que potencie tareas conjuntas vinculadas con la promoci\u00f3n de la salud,&hellip;<\/p>\n","protected":false},"author":3,"featured_media":57491,"comment_status":"closed","ping_status":"open","sticky":false,"template":"","format":"standard","meta":{"_acf_changed":false,"footnotes":""},"categories":[11,319,12],"tags":[736,1966],"class_list":["post-57488","post","type-post","status-publish","format-standard","has-post-thumbnail","hentry","category-que-pasa","category-a-temporales","category-sociedad","tag-cpe","tag-kohan"],"acf":[],"yoast_head":"<!-- This site is optimized with the Yoast SEO plugin v27.5 - https:\/\/yoast.com\/product\/yoast-seo-wordpress\/ -->\n<title>El Ministerio de Salud y la CPE avanzar\u00e1n en un convenio sobre prevenci\u00f3n - Diario Textual<\/title>\n<meta name=\"robots\" content=\"index, follow, max-snippet:-1, max-image-preview:large, max-video-preview:-1\" \/>\n<link rel=\"canonical\" href=\"https:\/\/diariotextual.com\/inicio\/index.php\/2019\/07\/29\/ministerio-salud-la-cpe-avanzaran-convenio-prevencion\/\" \/>\n<meta property=\"og:locale\" content=\"es_ES\" \/>\n<meta property=\"og:type\" content=\"article\" \/>\n<meta property=\"og:title\" content=\"El Ministerio de Salud y la CPE avanzar\u00e1n en un convenio sobre prevenci\u00f3n - Diario Textual\" \/>\n<meta property=\"og:description\" content=\"La CPE y el Ministerio de la Salud de La Pampa avanzar\u00e1n en la formalizaci\u00f3n de un convenio marco que potencie tareas conjuntas vinculadas con la promoci\u00f3n de la salud,&hellip;\" \/>\n<meta property=\"og:url\" content=\"https:\/\/diariotextual.com\/inicio\/index.php\/2019\/07\/29\/ministerio-salud-la-cpe-avanzaran-convenio-prevencion\/\" \/>\n<meta property=\"og:site_name\" content=\"Diario Textual\" \/>\n<meta property=\"article:publisher\" content=\"https:\/\/www.facebook.com\/eltextual\" \/>\n<meta property=\"article:published_time\" content=\"2019-07-29T20:49:02+00:00\" \/>\n<meta property=\"article:modified_time\" content=\"2019-07-30T01:00:50+00:00\" \/>\n<meta property=\"og:image\" content=\"https:\/\/diariotextual.com\/inicio\/wp-content\/uploads\/2019\/07\/kohancpe2019-1.jpg\" \/>\n\t<meta property=\"og:image:width\" content=\"1100\" \/>\n\t<meta property=\"og:image:height\" content=\"631\" \/>\n\t<meta property=\"og:image:type\" content=\"image\/jpeg\" \/>\n<meta name=\"author\" content=\"Diario1 Diario1\" \/>\n<meta name=\"twitter:card\" content=\"summary_large_image\" \/>\n<meta name=\"twitter:creator\" content=\"@eltextual\" \/>\n<meta name=\"twitter:site\" content=\"@eltextual\" \/>\n<meta name=\"twitter:label1\" content=\"Escrito por\" \/>\n\t<meta name=\"twitter:data1\" content=\"Diario1 Diario1\" \/>\n\t<meta name=\"twitter:label2\" content=\"Tiempo de lectura\" \/>\n\t<meta name=\"twitter:data2\" content=\"2 minutos\" \/>\n<script type=\"application\/ld+json\" class=\"yoast-schema-graph\">{\"@context\":\"https:\\\/\\\/schema.org\",\"@graph\":[{\"@type\":\"Article\",\"@id\":\"https:\\\/\\\/diariotextual.com\\\/inicio\\\/index.php\\\/2019\\\/07\\\/29\\\/ministerio-salud-la-cpe-avanzaran-convenio-prevencion\\\/#article\",\"isPartOf\":{\"@id\":\"https:\\\/\\\/diariotextual.com\\\/inicio\\\/index.php\\\/2019\\\/07\\\/29\\\/ministerio-salud-la-cpe-avanzaran-convenio-prevencion\\\/\"},\"author\":{\"name\":\"Diario1 Diario1\",\"@id\":\"https:\\\/\\\/diariotextual.com\\\/inicio\\\/#\\\/schema\\\/person\\\/418fc4093c33e86ed41562db3508f958\"},\"headline\":\"El Ministerio de Salud y la CPE avanzar\u00e1n en un convenio sobre prevenci\u00f3n\",\"datePublished\":\"2019-07-29T20:49:02+00:00\",\"dateModified\":\"2019-07-30T01:00:50+00:00\",\"mainEntityOfPage\":{\"@id\":\"https:\\\/\\\/diariotextual.com\\\/inicio\\\/index.php\\\/2019\\\/07\\\/29\\\/ministerio-salud-la-cpe-avanzaran-convenio-prevencion\\\/\"},\"wordCount\":478,\"publisher\":{\"@id\":\"https:\\\/\\\/diariotextual.com\\\/inicio\\\/#organization\"},\"image\":{\"@id\":\"https:\\\/\\\/diariotextual.com\\\/inicio\\\/index.php\\\/2019\\\/07\\\/29\\\/ministerio-salud-la-cpe-avanzaran-convenio-prevencion\\\/#primaryimage\"},\"thumbnailUrl\":\"https:\\\/\\\/diariotextual.com\\\/inicio\\\/wp-content\\\/uploads\\\/2019\\\/07\\\/kohancpe2019-1.jpg\",\"keywords\":[\"cpe\",\"kohan\"],\"articleSection\":[\"A - QUE PASA (al costado)\",\"A - TEMPORALES\",\"SOCIEDAD\"],\"inLanguage\":\"es\"},{\"@type\":\"WebPage\",\"@id\":\"https:\\\/\\\/diariotextual.com\\\/inicio\\\/index.php\\\/2019\\\/07\\\/29\\\/ministerio-salud-la-cpe-avanzaran-convenio-prevencion\\\/\",\"url\":\"https:\\\/\\\/diariotextual.com\\\/inicio\\\/index.php\\\/2019\\\/07\\\/29\\\/ministerio-salud-la-cpe-avanzaran-convenio-prevencion\\\/\",\"name\":\"El Ministerio de Salud y la CPE avanzar\u00e1n en un convenio sobre prevenci\u00f3n - Diario Textual\",\"isPartOf\":{\"@id\":\"https:\\\/\\\/diariotextual.com\\\/inicio\\\/#website\"},\"primaryImageOfPage\":{\"@id\":\"https:\\\/\\\/diariotextual.com\\\/inicio\\\/index.php\\\/2019\\\/07\\\/29\\\/ministerio-salud-la-cpe-avanzaran-convenio-prevencion\\\/#primaryimage\"},\"image\":{\"@id\":\"https:\\\/\\\/diariotextual.com\\\/inicio\\\/index.php\\\/2019\\\/07\\\/29\\\/ministerio-salud-la-cpe-avanzaran-convenio-prevencion\\\/#primaryimage\"},\"thumbnailUrl\":\"https:\\\/\\\/diariotextual.com\\\/inicio\\\/wp-content\\\/uploads\\\/2019\\\/07\\\/kohancpe2019-1.jpg\",\"datePublished\":\"2019-07-29T20:49:02+00:00\",\"dateModified\":\"2019-07-30T01:00:50+00:00\",\"breadcrumb\":{\"@id\":\"https:\\\/\\\/diariotextual.com\\\/inicio\\\/index.php\\\/2019\\\/07\\\/29\\\/ministerio-salud-la-cpe-avanzaran-convenio-prevencion\\\/#breadcrumb\"},\"inLanguage\":\"es\",\"potentialAction\":[{\"@type\":\"ReadAction\",\"target\":[\"https:\\\/\\\/diariotextual.com\\\/inicio\\\/index.php\\\/2019\\\/07\\\/29\\\/ministerio-salud-la-cpe-avanzaran-convenio-prevencion\\\/\"]}]},{\"@type\":\"ImageObject\",\"inLanguage\":\"es\",\"@id\":\"https:\\\/\\\/diariotextual.com\\\/inicio\\\/index.php\\\/2019\\\/07\\\/29\\\/ministerio-salud-la-cpe-avanzaran-convenio-prevencion\\\/#primaryimage\",\"url\":\"https:\\\/\\\/diariotextual.com\\\/inicio\\\/wp-content\\\/uploads\\\/2019\\\/07\\\/kohancpe2019-1.jpg\",\"contentUrl\":\"https:\\\/\\\/diariotextual.com\\\/inicio\\\/wp-content\\\/uploads\\\/2019\\\/07\\\/kohancpe2019-1.jpg\",\"width\":1100,\"height\":631},{\"@type\":\"BreadcrumbList\",\"@id\":\"https:\\\/\\\/diariotextual.com\\\/inicio\\\/index.php\\\/2019\\\/07\\\/29\\\/ministerio-salud-la-cpe-avanzaran-convenio-prevencion\\\/#breadcrumb\",\"itemListElement\":[{\"@type\":\"ListItem\",\"position\":1,\"name\":\"Portada\",\"item\":\"https:\\\/\\\/diariotextual.com\\\/inicio\\\/\"},{\"@type\":\"ListItem\",\"position\":2,\"name\":\"El Ministerio de Salud y la CPE avanzar\u00e1n en un convenio sobre prevenci\u00f3n\"}]},{\"@type\":\"WebSite\",\"@id\":\"https:\\\/\\\/diariotextual.com\\\/inicio\\\/#website\",\"url\":\"https:\\\/\\\/diariotextual.com\\\/inicio\\\/\",\"name\":\"Diario Textual\",\"description\":\"\",\"publisher\":{\"@id\":\"https:\\\/\\\/diariotextual.com\\\/inicio\\\/#organization\"},\"potentialAction\":[{\"@type\":\"SearchAction\",\"target\":{\"@type\":\"EntryPoint\",\"urlTemplate\":\"https:\\\/\\\/diariotextual.com\\\/inicio\\\/?s={search_term_string}\"},\"query-input\":{\"@type\":\"PropertyValueSpecification\",\"valueRequired\":true,\"valueName\":\"search_term_string\"}}],\"inLanguage\":\"es\"},{\"@type\":\"Organization\",\"@id\":\"https:\\\/\\\/diariotextual.com\\\/inicio\\\/#organization\",\"name\":\"Diario Textual\",\"url\":\"https:\\\/\\\/diariotextual.com\\\/inicio\\\/\",\"logo\":{\"@type\":\"ImageObject\",\"inLanguage\":\"es\",\"@id\":\"https:\\\/\\\/diariotextual.com\\\/inicio\\\/#\\\/schema\\\/logo\\\/image\\\/\",\"url\":\"https:\\\/\\\/diariotextual.com\\\/inicio\\\/wp-content\\\/uploads\\\/2023\\\/05\\\/logotextual1.jpg\",\"contentUrl\":\"https:\\\/\\\/diariotextual.com\\\/inicio\\\/wp-content\\\/uploads\\\/2023\\\/05\\\/logotextual1.jpg\",\"width\":516,\"height\":76,\"caption\":\"Diario Textual\"},\"image\":{\"@id\":\"https:\\\/\\\/diariotextual.com\\\/inicio\\\/#\\\/schema\\\/logo\\\/image\\\/\"},\"sameAs\":[\"https:\\\/\\\/www.facebook.com\\\/eltextual\",\"https:\\\/\\\/x.com\\\/eltextual\",\"http:\\\/\\\/www.instagram.com\\\/eltextual\"]},{\"@type\":\"Person\",\"@id\":\"https:\\\/\\\/diariotextual.com\\\/inicio\\\/#\\\/schema\\\/person\\\/418fc4093c33e86ed41562db3508f958\",\"name\":\"Diario1 Diario1\",\"image\":{\"@type\":\"ImageObject\",\"inLanguage\":\"es\",\"@id\":\"https:\\\/\\\/secure.gravatar.com\\\/avatar\\\/9167d280179c85bc18be67aa7eda765854300033af4896dd779b608640f2ef7a?s=96&d=mm&r=g\",\"url\":\"https:\\\/\\\/secure.gravatar.com\\\/avatar\\\/9167d280179c85bc18be67aa7eda765854300033af4896dd779b608640f2ef7a?s=96&d=mm&r=g\",\"contentUrl\":\"https:\\\/\\\/secure.gravatar.com\\\/avatar\\\/9167d280179c85bc18be67aa7eda765854300033af4896dd779b608640f2ef7a?s=96&d=mm&r=g\",\"caption\":\"Diario1 Diario1\"},\"url\":\"https:\\\/\\\/diariotextual.com\\\/inicio\\\/index.php\\\/author\\\/diario1\\\/\"}]}<\/script>\n<!-- \/ Yoast SEO plugin. -->","yoast_head_json":{"title":"El Ministerio de Salud y la CPE avanzar\u00e1n en un convenio sobre prevenci\u00f3n - Diario Textual","robots":{"index":"index","follow":"follow","max-snippet":"max-snippet:-1","max-image-preview":"max-image-preview:large","max-video-preview":"max-video-preview:-1"},"canonical":"https:\/\/diariotextual.com\/inicio\/index.php\/2019\/07\/29\/ministerio-salud-la-cpe-avanzaran-convenio-prevencion\/","og_locale":"es_ES","og_type":"article","og_title":"El Ministerio de Salud y la CPE avanzar\u00e1n en un convenio sobre prevenci\u00f3n - Diario Textual","og_description":"La CPE y el Ministerio de la Salud de La Pampa avanzar\u00e1n en la formalizaci\u00f3n de un convenio marco que potencie tareas conjuntas vinculadas con la promoci\u00f3n de la salud,&hellip;","og_url":"https:\/\/diariotextual.com\/inicio\/index.php\/2019\/07\/29\/ministerio-salud-la-cpe-avanzaran-convenio-prevencion\/","og_site_name":"Diario Textual","article_publisher":"https:\/\/www.facebook.com\/eltextual","article_published_time":"2019-07-29T20:49:02+00:00","article_modified_time":"2019-07-30T01:00:50+00:00","og_image":[{"width":1100,"height":631,"url":"https:\/\/diariotextual.com\/inicio\/wp-content\/uploads\/2019\/07\/kohancpe2019-1.jpg","type":"image\/jpeg"}],"author":"Diario1 Diario1","twitter_card":"summary_large_image","twitter_creator":"@eltextual","twitter_site":"@eltextual","twitter_misc":{"Escrito por":"Diario1 Diario1","Tiempo de lectura":"2 minutos"},"schema":{"@context":"https:\/\/schema.org","@graph":[{"@type":"Article","@id":"https:\/\/diariotextual.com\/inicio\/index.php\/2019\/07\/29\/ministerio-salud-la-cpe-avanzaran-convenio-prevencion\/#article","isPartOf":{"@id":"https:\/\/diariotextual.com\/inicio\/index.php\/2019\/07\/29\/ministerio-salud-la-cpe-avanzaran-convenio-prevencion\/"},"author":{"name":"Diario1 Diario1","@id":"https:\/\/diariotextual.com\/inicio\/#\/schema\/person\/418fc4093c33e86ed41562db3508f958"},"headline":"El Ministerio de Salud y la CPE avanzar\u00e1n en un convenio sobre prevenci\u00f3n","datePublished":"2019-07-29T20:49:02+00:00","dateModified":"2019-07-30T01:00:50+00:00","mainEntityOfPage":{"@id":"https:\/\/diariotextual.com\/inicio\/index.php\/2019\/07\/29\/ministerio-salud-la-cpe-avanzaran-convenio-prevencion\/"},"wordCount":478,"publisher":{"@id":"https:\/\/diariotextual.com\/inicio\/#organization"},"image":{"@id":"https:\/\/diariotextual.com\/inicio\/index.php\/2019\/07\/29\/ministerio-salud-la-cpe-avanzaran-convenio-prevencion\/#primaryimage"},"thumbnailUrl":"https:\/\/diariotextual.com\/inicio\/wp-content\/uploads\/2019\/07\/kohancpe2019-1.jpg","keywords":["cpe","kohan"],"articleSection":["A - QUE PASA (al costado)","A - TEMPORALES","SOCIEDAD"],"inLanguage":"es"},{"@type":"WebPage","@id":"https:\/\/diariotextual.com\/inicio\/index.php\/2019\/07\/29\/ministerio-salud-la-cpe-avanzaran-convenio-prevencion\/","url":"https:\/\/diariotextual.com\/inicio\/index.php\/2019\/07\/29\/ministerio-salud-la-cpe-avanzaran-convenio-prevencion\/","name":"El Ministerio de Salud y la CPE avanzar\u00e1n en un convenio sobre prevenci\u00f3n - Diario Textual","isPartOf":{"@id":"https:\/\/diariotextual.com\/inicio\/#website"},"primaryImageOfPage":{"@id":"https:\/\/diariotextual.com\/inicio\/index.php\/2019\/07\/29\/ministerio-salud-la-cpe-avanzaran-convenio-prevencion\/#primaryimage"},"image":{"@id":"https:\/\/diariotextual.com\/inicio\/index.php\/2019\/07\/29\/ministerio-salud-la-cpe-avanzaran-convenio-prevencion\/#primaryimage"},"thumbnailUrl":"https:\/\/diariotextual.com\/inicio\/wp-content\/uploads\/2019\/07\/kohancpe2019-1.jpg","datePublished":"2019-07-29T20:49:02+00:00","dateModified":"2019-07-30T01:00:50+00:00","breadcrumb":{"@id":"https:\/\/diariotextual.com\/inicio\/index.php\/2019\/07\/29\/ministerio-salud-la-cpe-avanzaran-convenio-prevencion\/#breadcrumb"},"inLanguage":"es","potentialAction":[{"@type":"ReadAction","target":["https:\/\/diariotextual.com\/inicio\/index.php\/2019\/07\/29\/ministerio-salud-la-cpe-avanzaran-convenio-prevencion\/"]}]},{"@type":"ImageObject","inLanguage":"es","@id":"https:\/\/diariotextual.com\/inicio\/index.php\/2019\/07\/29\/ministerio-salud-la-cpe-avanzaran-convenio-prevencion\/#primaryimage","url":"https:\/\/diariotextual.com\/inicio\/wp-content\/uploads\/2019\/07\/kohancpe2019-1.jpg","contentUrl":"https:\/\/diariotextual.com\/inicio\/wp-content\/uploads\/2019\/07\/kohancpe2019-1.jpg","width":1100,"height":631},{"@type":"BreadcrumbList","@id":"https:\/\/diariotextual.com\/inicio\/index.php\/2019\/07\/29\/ministerio-salud-la-cpe-avanzaran-convenio-prevencion\/#breadcrumb","itemListElement":[{"@type":"ListItem","position":1,"name":"Portada","item":"https:\/\/diariotextual.com\/inicio\/"},{"@type":"ListItem","position":2,"name":"El Ministerio de Salud y la CPE avanzar\u00e1n en un convenio sobre prevenci\u00f3n"}]},{"@type":"WebSite","@id":"https:\/\/diariotextual.com\/inicio\/#website","url":"https:\/\/diariotextual.com\/inicio\/","name":"Diario Textual","description":"","publisher":{"@id":"https:\/\/diariotextual.com\/inicio\/#organization"},"potentialAction":[{"@type":"SearchAction","target":{"@type":"EntryPoint","urlTemplate":"https:\/\/diariotextual.com\/inicio\/?s={search_term_string}"},"query-input":{"@type":"PropertyValueSpecification","valueRequired":true,"valueName":"search_term_string"}}],"inLanguage":"es"},{"@type":"Organization","@id":"https:\/\/diariotextual.com\/inicio\/#organization","name":"Diario Textual","url":"https:\/\/diariotextual.com\/inicio\/","logo":{"@type":"ImageObject","inLanguage":"es","@id":"https:\/\/diariotextual.com\/inicio\/#\/schema\/logo\/image\/","url":"https:\/\/diariotextual.com\/inicio\/wp-content\/uploads\/2023\/05\/logotextual1.jpg","contentUrl":"https:\/\/diariotextual.com\/inicio\/wp-content\/uploads\/2023\/05\/logotextual1.jpg","width":516,"height":76,"caption":"Diario Textual"},"image":{"@id":"https:\/\/diariotextual.com\/inicio\/#\/schema\/logo\/image\/"},"sameAs":["https:\/\/www.facebook.com\/eltextual","https:\/\/x.com\/eltextual","http:\/\/www.instagram.com\/eltextual"]},{"@type":"Person","@id":"https:\/\/diariotextual.com\/inicio\/#\/schema\/person\/418fc4093c33e86ed41562db3508f958","name":"Diario1 Diario1","image":{"@type":"ImageObject","inLanguage":"es","@id":"https:\/\/secure.gravatar.com\/avatar\/9167d280179c85bc18be67aa7eda765854300033af4896dd779b608640f2ef7a?s=96&d=mm&r=g","url":"https:\/\/secure.gravatar.com\/avatar\/9167d280179c85bc18be67aa7eda765854300033af4896dd779b608640f2ef7a?s=96&d=mm&r=g","contentUrl":"https:\/\/secure.gravatar.com\/avatar\/9167d280179c85bc18be67aa7eda765854300033af4896dd779b608640f2ef7a?s=96&d=mm&r=g","caption":"Diario1 Diario1"},"url":"https:\/\/diariotextual.com\/inicio\/index.php\/author\/diario1\/"}]}},"_links":{"self":[{"href":"https:\/\/diariotextual.com\/inicio\/index.php\/wp-json\/wp\/v2\/posts\/57488","targetHints":{"allow":["GET"]}}],"collection":[{"href":"https:\/\/diariotextual.com\/inicio\/index.php\/wp-json\/wp\/v2\/posts"}],"about":[{"href":"https:\/\/diariotextual.com\/inicio\/index.php\/wp-json\/wp\/v2\/types\/post"}],"author":[{"embeddable":true,"href":"https:\/\/diariotextual.com\/inicio\/index.php\/wp-json\/wp\/v2\/users\/3"}],"replies":[{"embeddable":true,"href":"https:\/\/diariotextual.com\/inicio\/index.php\/wp-json\/wp\/v2\/comments?post=57488"}],"version-history":[{"count":2,"href":"https:\/\/diariotextual.com\/inicio\/index.php\/wp-json\/wp\/v2\/posts\/57488\/revisions"}],"predecessor-version":[{"id":57490,"href":"https:\/\/diariotextual.com\/inicio\/index.php\/wp-json\/wp\/v2\/posts\/57488\/revisions\/57490"}],"wp:featuredmedia":[{"embeddable":true,"href":"https:\/\/diariotextual.com\/inicio\/index.php\/wp-json\/wp\/v2\/media\/57491"}],"wp:attachment":[{"href":"https:\/\/diariotextual.com\/inicio\/index.php\/wp-json\/wp\/v2\/media?parent=57488"}],"wp:term":[{"taxonomy":"category","embeddable":true,"href":"https:\/\/diariotextual.com\/inicio\/index.php\/wp-json\/wp\/v2\/categories?post=57488"},{"taxonomy":"post_tag","embeddable":true,"href":"https:\/\/diariotextual.com\/inicio\/index.php\/wp-json\/wp\/v2\/tags?post=57488"}],"curies":[{"name":"wp","href":"https:\/\/api.w.org\/{rel}","templated":true}]}}