{"id":57510,"date":"2019-07-29T18:22:38","date_gmt":"2019-07-29T21:22:38","guid":{"rendered":"http:\/\/diariotextual.com\/inicio\/?p=57510"},"modified":"2019-07-30T08:20:10","modified_gmt":"2019-07-30T11:20:10","slug":"decreto-portezuelo-la-pampa-presentara-acciones-judiciales","status":"publish","type":"post","link":"https:\/\/diariotextual.com\/inicio\/index.php\/2019\/07\/29\/decreto-portezuelo-la-pampa-presentara-acciones-judiciales\/","title":{"rendered":"La Pampa anunci\u00f3 un juicio por el decreto de Macri por Portezuelo"},"content":{"rendered":"<p>El procurador general de La Pampa y precandidato a diputado nacional del Frente de Todos, <strong>Hern\u00e1n P\u00e9rez Araujo, anticip\u00f3 que, cuando termine la feria judicial en Buenos Aires, La Pampa presentar\u00e1 acciones judiciales contra el decreto presidencial de Mauricio Macri,<\/strong> que <strong><a href=\"http:\/\/diariotextual.com\/inicio\/index.php\/2019\/07\/29\/la-pampa-dice-decreto-macri-portezuelo-no-se-esta-respetando-la-ley\/\">autoriza el desembolso de 1023 millones de d\u00f3lares para construir la represa hidroel\u00e9ctrica Portezuelo del Viento<\/a> <\/strong>en Mendoza.<\/p>\n<blockquote class=\"wp-embedded-content\" data-secret=\"8OSbInqqwN\"><p><a href=\"http:\/\/diariotextual.com\/inicio\/index.php\/2019\/07\/29\/decreto-macri-aprobo-los-1023-millones-dolares-portezuelo\/\">Por decreto, Macri aprob\u00f3 los 1023 millones de d\u00f3lares para Portezuelo<\/a><\/p><\/blockquote>\n<p><iframe class=\"wp-embedded-content\" sandbox=\"allow-scripts\" security=\"restricted\" style=\"position: absolute; clip: rect(1px, 1px, 1px, 1px);\" src=\"http:\/\/diariotextual.com\/inicio\/index.php\/2019\/07\/29\/decreto-macri-aprobo-los-1023-millones-dolares-portezuelo\/embed\/#?secret=8OSbInqqwN\" data-secret=\"8OSbInqqwN\" width=\"600\" height=\"338\" title=\"&#171;Por decreto, Macri aprob\u00f3 los 1023 millones de d\u00f3lares para Portezuelo&#187; &#8212; Diario Textual\" frameborder=\"0\" marginwidth=\"0\" marginheight=\"0\" scrolling=\"no\"><\/iframe><\/p>\n<p>\u201c<strong>Ya se est\u00e1n estudiando los medidas que se llevar\u00e1n adelante con el decreto de Macri<\/strong>\u201d, dijo P\u00e9rez Araujo. \u201cNosotros <strong>defendemos La Pampa con acciones, no solo con discurso y relato<\/strong>\u201d.<\/p>\n<p>\u201cCon la firma del Decreto se ratifican todas las denuncias que viene realizando La Pampa\u201d, dijo. \u201c<strong>El presidente (Macri) nunca fue imparcial a la hora de resolver las impugnaciones realizadas por la Provincia en el seno del COIRCO<\/strong>, debiendo haber aceptado el pedido de apartamiento \u2013recusaci\u00f3n- solicitado por La Pampa\u201d.<\/p>\n<p>\u201cEl financiamiento de la obra Portezuelo del Viento demuestra que la preservaci\u00f3n y uso racional de las aguas del R\u00edo Colorado y el cuidado del ambiente no est\u00e1n dentro de la agenda nacional, <strong>privilegiando acuerdos sectoriales y pol\u00edticos con la Provincia de Mendoza por sobre el bienestar de todos los pampeanos<\/strong>\u201d, puntualiz\u00f3 el precandidato a diputado nacional.<\/p>\n<blockquote class=\"wp-embedded-content\" data-secret=\"Ofy1vwHXAk\"><p><a href=\"http:\/\/diariotextual.com\/inicio\/index.php\/2019\/07\/29\/ziliotto-sigue-macri-atuel-no-vuelve-perdemos-colorado\/\">Ziliotto: &#171;Si sigue Macri, el Atuel no vuelve y perdemos el Colorado&#187;<\/a><\/p><\/blockquote>\n<p><iframe class=\"wp-embedded-content\" sandbox=\"allow-scripts\" security=\"restricted\" style=\"position: absolute; clip: rect(1px, 1px, 1px, 1px);\" src=\"http:\/\/diariotextual.com\/inicio\/index.php\/2019\/07\/29\/ziliotto-sigue-macri-atuel-no-vuelve-perdemos-colorado\/embed\/#?secret=Ofy1vwHXAk\" data-secret=\"Ofy1vwHXAk\" width=\"600\" height=\"338\" title=\"&#171;Ziliotto: &#171;Si sigue Macri, el Atuel no vuelve y perdemos el Colorado&#187;&#187; &#8212; Diario Textual\" frameborder=\"0\" marginwidth=\"0\" marginheight=\"0\" scrolling=\"no\"><\/iframe><\/p>\n<p>\u201cPrueba de los graves perjuicios que Portezuelo ocasionara y de la complicidad de la Naci\u00f3n en el tema, es que <strong>mediante el Decreto se aprueba que la obra se realice de acuerdo a las normas provinciales de Mendoza, esquivando as\u00ed los controles naciones de la Ley General del Ambiente y de Obras Hidr\u00e1ulicas<\/strong>\u201d, explic\u00f3.<\/p>\n<p>Y a\u00f1adi\u00f3 que la ejecuci\u00f3n de acuerdo a normas provinciales significa que la Provincia de Mendoza no necesita realizar un estudio de impacto ambiental sobre toda la cuenca del R\u00edo Colorado, sino tan solo sobre su territorio. \u201cDe esta forma<strong> la Naci\u00f3n autoriz\u00f3 a Mendoza a hacer lo que mejor le sale, manejar de forma unilateral, arbitraria y no consensuado las aguas de un r\u00edo, en claro desmedro de los intereses de las dem\u00e1s provincias cond\u00f3minas y de COIRCO<\/strong>\u201d, expres\u00f3 P\u00e9rez Araujo.<\/p>\n<p>\u201cSe demuestra as\u00ed -agreg\u00f3- que <strong>ni al presidente Mauricio Macri ni a la Provincia de Mendoza les importa siquiera conocer los impactos que la obra puede generar sobre nuestro territorio, o lo que es peor a\u00fan, lo saben y por ello en forma manifiesta escapan a los controles de la Ley General de Ambiente y de la Ley de Obras Hidr\u00e1ulicas<\/strong>\u201d.<\/p>\n<p>\u201cTodos los pampeanos conocemos <strong>la historia del robo del R\u00edo Atuel por parte de la provincia de Mendoza<\/strong>, ahora, estamos presenciando un nuevo despojo\/robo, esta vez de las aguas del r\u00edo Colorado, todo ello en convivencia con el Estado nacional, a trav\u00e9s del presidente Mauricio Macri\u201d, concluy\u00f3 Hern\u00e1n P\u00e9rez Araujo.<\/p>\n<blockquote class=\"wp-embedded-content\" data-secret=\"xU6udONorH\"><p><a href=\"http:\/\/diariotextual.com\/inicio\/index.php\/2019\/07\/29\/la-pampa-dice-decreto-macri-portezuelo-no-se-esta-respetando-la-ley\/\">La Pampa dice que, con el decreto de Macri para Portezuelo, no se est\u00e1 respetando la ley<\/a><\/p><\/blockquote>\n<p><iframe class=\"wp-embedded-content\" sandbox=\"allow-scripts\" security=\"restricted\" style=\"position: absolute; clip: rect(1px, 1px, 1px, 1px);\" src=\"http:\/\/diariotextual.com\/inicio\/index.php\/2019\/07\/29\/la-pampa-dice-decreto-macri-portezuelo-no-se-esta-respetando-la-ley\/embed\/#?secret=xU6udONorH\" data-secret=\"xU6udONorH\" width=\"600\" height=\"338\" title=\"&#171;La Pampa dice que, con el decreto de Macri para Portezuelo, no se est\u00e1 respetando la ley&#187; &#8212; Diario Textual\" frameborder=\"0\" marginwidth=\"0\" marginheight=\"0\" scrolling=\"no\"><\/iframe><\/p>\n<p>&nbsp;<\/p>\n<p>&nbsp;<\/p>\n","protected":false},"excerpt":{"rendered":"<p>El procurador general de La Pampa y precandidato a diputado nacional del Frente de Todos, Hern\u00e1n P\u00e9rez Araujo, anticip\u00f3 que, cuando termine la feria judicial en Buenos Aires, La Pampa&hellip;<\/p>\n","protected":false},"author":5,"featured_media":57305,"comment_status":"closed","ping_status":"open","sticky":false,"template":"","format":"standard","meta":{"_acf_changed":false,"footnotes":""},"categories":[319,12],"tags":[],"class_list":["post-57510","post","type-post","status-publish","format-standard","has-post-thumbnail","hentry","category-a-temporales","category-sociedad"],"acf":[],"yoast_head":"<!-- This site is optimized with the Yoast SEO plugin v27.5 - https:\/\/yoast.com\/product\/yoast-seo-wordpress\/ -->\n<title>La Pampa anunci\u00f3 un juicio por el decreto de Macri por Portezuelo - Diario Textual<\/title>\n<meta name=\"robots\" content=\"index, follow, max-snippet:-1, max-image-preview:large, max-video-preview:-1\" \/>\n<link rel=\"canonical\" href=\"https:\/\/diariotextual.com\/inicio\/index.php\/2019\/07\/29\/decreto-portezuelo-la-pampa-presentara-acciones-judiciales\/\" \/>\n<meta property=\"og:locale\" content=\"es_ES\" \/>\n<meta property=\"og:type\" content=\"article\" \/>\n<meta property=\"og:title\" content=\"La Pampa anunci\u00f3 un juicio por el decreto de Macri por Portezuelo - Diario Textual\" \/>\n<meta property=\"og:description\" content=\"El procurador general de La Pampa y precandidato a diputado nacional del Frente de Todos, Hern\u00e1n P\u00e9rez Araujo, anticip\u00f3 que, cuando termine la feria judicial en Buenos Aires, La Pampa&hellip;\" \/>\n<meta property=\"og:url\" content=\"https:\/\/diariotextual.com\/inicio\/index.php\/2019\/07\/29\/decreto-portezuelo-la-pampa-presentara-acciones-judiciales\/\" \/>\n<meta property=\"og:site_name\" content=\"Diario Textual\" \/>\n<meta property=\"article:publisher\" content=\"https:\/\/www.facebook.com\/eltextual\" \/>\n<meta property=\"article:published_time\" content=\"2019-07-29T21:22:38+00:00\" \/>\n<meta property=\"article:modified_time\" content=\"2019-07-30T11:20:10+00:00\" \/>\n<meta property=\"og:image\" content=\"https:\/\/diariotextual.com\/inicio\/wp-content\/uploads\/2019\/07\/perezaraujohernan2019-789.jpg\" \/>\n\t<meta property=\"og:image:width\" content=\"960\" \/>\n\t<meta property=\"og:image:height\" content=\"738\" \/>\n\t<meta property=\"og:image:type\" content=\"image\/jpeg\" \/>\n<meta name=\"author\" content=\"diario3\" \/>\n<meta name=\"twitter:card\" content=\"summary_large_image\" \/>\n<meta name=\"twitter:creator\" content=\"@eltextual\" \/>\n<meta name=\"twitter:site\" content=\"@eltextual\" \/>\n<meta name=\"twitter:label1\" content=\"Escrito por\" \/>\n\t<meta name=\"twitter:data1\" content=\"diario3\" \/>\n\t<meta name=\"twitter:label2\" content=\"Tiempo de lectura\" \/>\n\t<meta name=\"twitter:data2\" content=\"2 minutos\" \/>\n<script type=\"application\/ld+json\" class=\"yoast-schema-graph\">{\"@context\":\"https:\\\/\\\/schema.org\",\"@graph\":[{\"@type\":\"Article\",\"@id\":\"https:\\\/\\\/diariotextual.com\\\/inicio\\\/index.php\\\/2019\\\/07\\\/29\\\/decreto-portezuelo-la-pampa-presentara-acciones-judiciales\\\/#article\",\"isPartOf\":{\"@id\":\"https:\\\/\\\/diariotextual.com\\\/inicio\\\/index.php\\\/2019\\\/07\\\/29\\\/decreto-portezuelo-la-pampa-presentara-acciones-judiciales\\\/\"},\"author\":{\"name\":\"diario3\",\"@id\":\"https:\\\/\\\/diariotextual.com\\\/inicio\\\/#\\\/schema\\\/person\\\/a1b6f563e0ee944c60f98119389a4d9f\"},\"headline\":\"La Pampa anunci\u00f3 un juicio por el decreto de Macri por Portezuelo\",\"datePublished\":\"2019-07-29T21:22:38+00:00\",\"dateModified\":\"2019-07-30T11:20:10+00:00\",\"mainEntityOfPage\":{\"@id\":\"https:\\\/\\\/diariotextual.com\\\/inicio\\\/index.php\\\/2019\\\/07\\\/29\\\/decreto-portezuelo-la-pampa-presentara-acciones-judiciales\\\/\"},\"wordCount\":509,\"publisher\":{\"@id\":\"https:\\\/\\\/diariotextual.com\\\/inicio\\\/#organization\"},\"image\":{\"@id\":\"https:\\\/\\\/diariotextual.com\\\/inicio\\\/index.php\\\/2019\\\/07\\\/29\\\/decreto-portezuelo-la-pampa-presentara-acciones-judiciales\\\/#primaryimage\"},\"thumbnailUrl\":\"https:\\\/\\\/diariotextual.com\\\/inicio\\\/wp-content\\\/uploads\\\/2019\\\/07\\\/perezaraujohernan2019-789.jpg\",\"articleSection\":[\"A - TEMPORALES\",\"SOCIEDAD\"],\"inLanguage\":\"es\"},{\"@type\":\"WebPage\",\"@id\":\"https:\\\/\\\/diariotextual.com\\\/inicio\\\/index.php\\\/2019\\\/07\\\/29\\\/decreto-portezuelo-la-pampa-presentara-acciones-judiciales\\\/\",\"url\":\"https:\\\/\\\/diariotextual.com\\\/inicio\\\/index.php\\\/2019\\\/07\\\/29\\\/decreto-portezuelo-la-pampa-presentara-acciones-judiciales\\\/\",\"name\":\"La Pampa anunci\u00f3 un juicio por el decreto de Macri por Portezuelo - Diario Textual\",\"isPartOf\":{\"@id\":\"https:\\\/\\\/diariotextual.com\\\/inicio\\\/#website\"},\"primaryImageOfPage\":{\"@id\":\"https:\\\/\\\/diariotextual.com\\\/inicio\\\/index.php\\\/2019\\\/07\\\/29\\\/decreto-portezuelo-la-pampa-presentara-acciones-judiciales\\\/#primaryimage\"},\"image\":{\"@id\":\"https:\\\/\\\/diariotextual.com\\\/inicio\\\/index.php\\\/2019\\\/07\\\/29\\\/decreto-portezuelo-la-pampa-presentara-acciones-judiciales\\\/#primaryimage\"},\"thumbnailUrl\":\"https:\\\/\\\/diariotextual.com\\\/inicio\\\/wp-content\\\/uploads\\\/2019\\\/07\\\/perezaraujohernan2019-789.jpg\",\"datePublished\":\"2019-07-29T21:22:38+00:00\",\"dateModified\":\"2019-07-30T11:20:10+00:00\",\"breadcrumb\":{\"@id\":\"https:\\\/\\\/diariotextual.com\\\/inicio\\\/index.php\\\/2019\\\/07\\\/29\\\/decreto-portezuelo-la-pampa-presentara-acciones-judiciales\\\/#breadcrumb\"},\"inLanguage\":\"es\",\"potentialAction\":[{\"@type\":\"ReadAction\",\"target\":[\"https:\\\/\\\/diariotextual.com\\\/inicio\\\/index.php\\\/2019\\\/07\\\/29\\\/decreto-portezuelo-la-pampa-presentara-acciones-judiciales\\\/\"]}]},{\"@type\":\"ImageObject\",\"inLanguage\":\"es\",\"@id\":\"https:\\\/\\\/diariotextual.com\\\/inicio\\\/index.php\\\/2019\\\/07\\\/29\\\/decreto-portezuelo-la-pampa-presentara-acciones-judiciales\\\/#primaryimage\",\"url\":\"https:\\\/\\\/diariotextual.com\\\/inicio\\\/wp-content\\\/uploads\\\/2019\\\/07\\\/perezaraujohernan2019-789.jpg\",\"contentUrl\":\"https:\\\/\\\/diariotextual.com\\\/inicio\\\/wp-content\\\/uploads\\\/2019\\\/07\\\/perezaraujohernan2019-789.jpg\",\"width\":960,\"height\":738},{\"@type\":\"BreadcrumbList\",\"@id\":\"https:\\\/\\\/diariotextual.com\\\/inicio\\\/index.php\\\/2019\\\/07\\\/29\\\/decreto-portezuelo-la-pampa-presentara-acciones-judiciales\\\/#breadcrumb\",\"itemListElement\":[{\"@type\":\"ListItem\",\"position\":1,\"name\":\"Portada\",\"item\":\"https:\\\/\\\/diariotextual.com\\\/inicio\\\/\"},{\"@type\":\"ListItem\",\"position\":2,\"name\":\"La Pampa anunci\u00f3 un juicio por el decreto de Macri por Portezuelo\"}]},{\"@type\":\"WebSite\",\"@id\":\"https:\\\/\\\/diariotextual.com\\\/inicio\\\/#website\",\"url\":\"https:\\\/\\\/diariotextual.com\\\/inicio\\\/\",\"name\":\"Diario Textual\",\"description\":\"\",\"publisher\":{\"@id\":\"https:\\\/\\\/diariotextual.com\\\/inicio\\\/#organization\"},\"potentialAction\":[{\"@type\":\"SearchAction\",\"target\":{\"@type\":\"EntryPoint\",\"urlTemplate\":\"https:\\\/\\\/diariotextual.com\\\/inicio\\\/?s={search_term_string}\"},\"query-input\":{\"@type\":\"PropertyValueSpecification\",\"valueRequired\":true,\"valueName\":\"search_term_string\"}}],\"inLanguage\":\"es\"},{\"@type\":\"Organization\",\"@id\":\"https:\\\/\\\/diariotextual.com\\\/inicio\\\/#organization\",\"name\":\"Diario Textual\",\"url\":\"https:\\\/\\\/diariotextual.com\\\/inicio\\\/\",\"logo\":{\"@type\":\"ImageObject\",\"inLanguage\":\"es\",\"@id\":\"https:\\\/\\\/diariotextual.com\\\/inicio\\\/#\\\/schema\\\/logo\\\/image\\\/\",\"url\":\"https:\\\/\\\/diariotextual.com\\\/inicio\\\/wp-content\\\/uploads\\\/2023\\\/05\\\/logotextual1.jpg\",\"contentUrl\":\"https:\\\/\\\/diariotextual.com\\\/inicio\\\/wp-content\\\/uploads\\\/2023\\\/05\\\/logotextual1.jpg\",\"width\":516,\"height\":76,\"caption\":\"Diario Textual\"},\"image\":{\"@id\":\"https:\\\/\\\/diariotextual.com\\\/inicio\\\/#\\\/schema\\\/logo\\\/image\\\/\"},\"sameAs\":[\"https:\\\/\\\/www.facebook.com\\\/eltextual\",\"https:\\\/\\\/x.com\\\/eltextual\",\"http:\\\/\\\/www.instagram.com\\\/eltextual\"]},{\"@type\":\"Person\",\"@id\":\"https:\\\/\\\/diariotextual.com\\\/inicio\\\/#\\\/schema\\\/person\\\/a1b6f563e0ee944c60f98119389a4d9f\",\"name\":\"diario3\",\"image\":{\"@type\":\"ImageObject\",\"inLanguage\":\"es\",\"@id\":\"https:\\\/\\\/secure.gravatar.com\\\/avatar\\\/5e7ee62c82fc04d9dd79d746a390d93c69c43223e5faeeb3ea9461ef752bfc5d?s=96&d=mm&r=g\",\"url\":\"https:\\\/\\\/secure.gravatar.com\\\/avatar\\\/5e7ee62c82fc04d9dd79d746a390d93c69c43223e5faeeb3ea9461ef752bfc5d?s=96&d=mm&r=g\",\"contentUrl\":\"https:\\\/\\\/secure.gravatar.com\\\/avatar\\\/5e7ee62c82fc04d9dd79d746a390d93c69c43223e5faeeb3ea9461ef752bfc5d?s=96&d=mm&r=g\",\"caption\":\"diario3\"},\"url\":\"https:\\\/\\\/diariotextual.com\\\/inicio\\\/index.php\\\/author\\\/diario3\\\/\"}]}<\/script>\n<!-- \/ Yoast SEO plugin. -->","yoast_head_json":{"title":"La Pampa anunci\u00f3 un juicio por el decreto de Macri por Portezuelo - Diario Textual","robots":{"index":"index","follow":"follow","max-snippet":"max-snippet:-1","max-image-preview":"max-image-preview:large","max-video-preview":"max-video-preview:-1"},"canonical":"https:\/\/diariotextual.com\/inicio\/index.php\/2019\/07\/29\/decreto-portezuelo-la-pampa-presentara-acciones-judiciales\/","og_locale":"es_ES","og_type":"article","og_title":"La Pampa anunci\u00f3 un juicio por el decreto de Macri por Portezuelo - Diario Textual","og_description":"El procurador general de La Pampa y precandidato a diputado nacional del Frente de Todos, Hern\u00e1n P\u00e9rez Araujo, anticip\u00f3 que, cuando termine la feria judicial en Buenos Aires, La Pampa&hellip;","og_url":"https:\/\/diariotextual.com\/inicio\/index.php\/2019\/07\/29\/decreto-portezuelo-la-pampa-presentara-acciones-judiciales\/","og_site_name":"Diario Textual","article_publisher":"https:\/\/www.facebook.com\/eltextual","article_published_time":"2019-07-29T21:22:38+00:00","article_modified_time":"2019-07-30T11:20:10+00:00","og_image":[{"width":960,"height":738,"url":"https:\/\/diariotextual.com\/inicio\/wp-content\/uploads\/2019\/07\/perezaraujohernan2019-789.jpg","type":"image\/jpeg"}],"author":"diario3","twitter_card":"summary_large_image","twitter_creator":"@eltextual","twitter_site":"@eltextual","twitter_misc":{"Escrito por":"diario3","Tiempo de lectura":"2 minutos"},"schema":{"@context":"https:\/\/schema.org","@graph":[{"@type":"Article","@id":"https:\/\/diariotextual.com\/inicio\/index.php\/2019\/07\/29\/decreto-portezuelo-la-pampa-presentara-acciones-judiciales\/#article","isPartOf":{"@id":"https:\/\/diariotextual.com\/inicio\/index.php\/2019\/07\/29\/decreto-portezuelo-la-pampa-presentara-acciones-judiciales\/"},"author":{"name":"diario3","@id":"https:\/\/diariotextual.com\/inicio\/#\/schema\/person\/a1b6f563e0ee944c60f98119389a4d9f"},"headline":"La Pampa anunci\u00f3 un juicio por el decreto de Macri por Portezuelo","datePublished":"2019-07-29T21:22:38+00:00","dateModified":"2019-07-30T11:20:10+00:00","mainEntityOfPage":{"@id":"https:\/\/diariotextual.com\/inicio\/index.php\/2019\/07\/29\/decreto-portezuelo-la-pampa-presentara-acciones-judiciales\/"},"wordCount":509,"publisher":{"@id":"https:\/\/diariotextual.com\/inicio\/#organization"},"image":{"@id":"https:\/\/diariotextual.com\/inicio\/index.php\/2019\/07\/29\/decreto-portezuelo-la-pampa-presentara-acciones-judiciales\/#primaryimage"},"thumbnailUrl":"https:\/\/diariotextual.com\/inicio\/wp-content\/uploads\/2019\/07\/perezaraujohernan2019-789.jpg","articleSection":["A - TEMPORALES","SOCIEDAD"],"inLanguage":"es"},{"@type":"WebPage","@id":"https:\/\/diariotextual.com\/inicio\/index.php\/2019\/07\/29\/decreto-portezuelo-la-pampa-presentara-acciones-judiciales\/","url":"https:\/\/diariotextual.com\/inicio\/index.php\/2019\/07\/29\/decreto-portezuelo-la-pampa-presentara-acciones-judiciales\/","name":"La Pampa anunci\u00f3 un juicio por el decreto de Macri por Portezuelo - Diario Textual","isPartOf":{"@id":"https:\/\/diariotextual.com\/inicio\/#website"},"primaryImageOfPage":{"@id":"https:\/\/diariotextual.com\/inicio\/index.php\/2019\/07\/29\/decreto-portezuelo-la-pampa-presentara-acciones-judiciales\/#primaryimage"},"image":{"@id":"https:\/\/diariotextual.com\/inicio\/index.php\/2019\/07\/29\/decreto-portezuelo-la-pampa-presentara-acciones-judiciales\/#primaryimage"},"thumbnailUrl":"https:\/\/diariotextual.com\/inicio\/wp-content\/uploads\/2019\/07\/perezaraujohernan2019-789.jpg","datePublished":"2019-07-29T21:22:38+00:00","dateModified":"2019-07-30T11:20:10+00:00","breadcrumb":{"@id":"https:\/\/diariotextual.com\/inicio\/index.php\/2019\/07\/29\/decreto-portezuelo-la-pampa-presentara-acciones-judiciales\/#breadcrumb"},"inLanguage":"es","potentialAction":[{"@type":"ReadAction","target":["https:\/\/diariotextual.com\/inicio\/index.php\/2019\/07\/29\/decreto-portezuelo-la-pampa-presentara-acciones-judiciales\/"]}]},{"@type":"ImageObject","inLanguage":"es","@id":"https:\/\/diariotextual.com\/inicio\/index.php\/2019\/07\/29\/decreto-portezuelo-la-pampa-presentara-acciones-judiciales\/#primaryimage","url":"https:\/\/diariotextual.com\/inicio\/wp-content\/uploads\/2019\/07\/perezaraujohernan2019-789.jpg","contentUrl":"https:\/\/diariotextual.com\/inicio\/wp-content\/uploads\/2019\/07\/perezaraujohernan2019-789.jpg","width":960,"height":738},{"@type":"BreadcrumbList","@id":"https:\/\/diariotextual.com\/inicio\/index.php\/2019\/07\/29\/decreto-portezuelo-la-pampa-presentara-acciones-judiciales\/#breadcrumb","itemListElement":[{"@type":"ListItem","position":1,"name":"Portada","item":"https:\/\/diariotextual.com\/inicio\/"},{"@type":"ListItem","position":2,"name":"La Pampa anunci\u00f3 un juicio por el decreto de Macri por Portezuelo"}]},{"@type":"WebSite","@id":"https:\/\/diariotextual.com\/inicio\/#website","url":"https:\/\/diariotextual.com\/inicio\/","name":"Diario Textual","description":"","publisher":{"@id":"https:\/\/diariotextual.com\/inicio\/#organization"},"potentialAction":[{"@type":"SearchAction","target":{"@type":"EntryPoint","urlTemplate":"https:\/\/diariotextual.com\/inicio\/?s={search_term_string}"},"query-input":{"@type":"PropertyValueSpecification","valueRequired":true,"valueName":"search_term_string"}}],"inLanguage":"es"},{"@type":"Organization","@id":"https:\/\/diariotextual.com\/inicio\/#organization","name":"Diario Textual","url":"https:\/\/diariotextual.com\/inicio\/","logo":{"@type":"ImageObject","inLanguage":"es","@id":"https:\/\/diariotextual.com\/inicio\/#\/schema\/logo\/image\/","url":"https:\/\/diariotextual.com\/inicio\/wp-content\/uploads\/2023\/05\/logotextual1.jpg","contentUrl":"https:\/\/diariotextual.com\/inicio\/wp-content\/uploads\/2023\/05\/logotextual1.jpg","width":516,"height":76,"caption":"Diario Textual"},"image":{"@id":"https:\/\/diariotextual.com\/inicio\/#\/schema\/logo\/image\/"},"sameAs":["https:\/\/www.facebook.com\/eltextual","https:\/\/x.com\/eltextual","http:\/\/www.instagram.com\/eltextual"]},{"@type":"Person","@id":"https:\/\/diariotextual.com\/inicio\/#\/schema\/person\/a1b6f563e0ee944c60f98119389a4d9f","name":"diario3","image":{"@type":"ImageObject","inLanguage":"es","@id":"https:\/\/secure.gravatar.com\/avatar\/5e7ee62c82fc04d9dd79d746a390d93c69c43223e5faeeb3ea9461ef752bfc5d?s=96&d=mm&r=g","url":"https:\/\/secure.gravatar.com\/avatar\/5e7ee62c82fc04d9dd79d746a390d93c69c43223e5faeeb3ea9461ef752bfc5d?s=96&d=mm&r=g","contentUrl":"https:\/\/secure.gravatar.com\/avatar\/5e7ee62c82fc04d9dd79d746a390d93c69c43223e5faeeb3ea9461ef752bfc5d?s=96&d=mm&r=g","caption":"diario3"},"url":"https:\/\/diariotextual.com\/inicio\/index.php\/author\/diario3\/"}]}},"_links":{"self":[{"href":"https:\/\/diariotextual.com\/inicio\/index.php\/wp-json\/wp\/v2\/posts\/57510","targetHints":{"allow":["GET"]}}],"collection":[{"href":"https:\/\/diariotextual.com\/inicio\/index.php\/wp-json\/wp\/v2\/posts"}],"about":[{"href":"https:\/\/diariotextual.com\/inicio\/index.php\/wp-json\/wp\/v2\/types\/post"}],"author":[{"embeddable":true,"href":"https:\/\/diariotextual.com\/inicio\/index.php\/wp-json\/wp\/v2\/users\/5"}],"replies":[{"embeddable":true,"href":"https:\/\/diariotextual.com\/inicio\/index.php\/wp-json\/wp\/v2\/comments?post=57510"}],"version-history":[{"count":5,"href":"https:\/\/diariotextual.com\/inicio\/index.php\/wp-json\/wp\/v2\/posts\/57510\/revisions"}],"predecessor-version":[{"id":57529,"href":"https:\/\/diariotextual.com\/inicio\/index.php\/wp-json\/wp\/v2\/posts\/57510\/revisions\/57529"}],"wp:featuredmedia":[{"embeddable":true,"href":"https:\/\/diariotextual.com\/inicio\/index.php\/wp-json\/wp\/v2\/media\/57305"}],"wp:attachment":[{"href":"https:\/\/diariotextual.com\/inicio\/index.php\/wp-json\/wp\/v2\/media?parent=57510"}],"wp:term":[{"taxonomy":"category","embeddable":true,"href":"https:\/\/diariotextual.com\/inicio\/index.php\/wp-json\/wp\/v2\/categories?post=57510"},{"taxonomy":"post_tag","embeddable":true,"href":"https:\/\/diariotextual.com\/inicio\/index.php\/wp-json\/wp\/v2\/tags?post=57510"}],"curies":[{"name":"wp","href":"https:\/\/api.w.org\/{rel}","templated":true}]}}