{"id":57522,"date":"2019-07-29T19:41:39","date_gmt":"2019-07-29T22:41:39","guid":{"rendered":"http:\/\/diariotextual.com\/inicio\/?p=57522"},"modified":"2019-07-30T08:20:35","modified_gmt":"2019-07-30T11:20:35","slug":"ziliotto-sigue-macri-atuel-no-vuelve-perdemos-colorado","status":"publish","type":"post","link":"https:\/\/diariotextual.com\/inicio\/index.php\/2019\/07\/29\/ziliotto-sigue-macri-atuel-no-vuelve-perdemos-colorado\/","title":{"rendered":"Ziliotto: \u00abSi sigue Macri, el Atuel no vuelve y perdemos el Colorado\u00bb"},"content":{"rendered":"<p>El gobernador electo de La Pampa,<strong> Sergio Ziliotto<\/strong>, sali\u00f3 a cuestionar <a href=\"http:\/\/diariotextual.com\/inicio\/index.php\/2019\/07\/29\/decreto-macri-aprobo-los-1023-millones-dolares-portezuelo\/\" target=\"_blank\" rel=\"noopener\"><strong>el decreto de Mauricio Macri<\/strong> <\/a>para desembolsar 1000 millones de d\u00f3lares para realizar la represa<strong> Portezuelo del Viento<\/strong>. <strong>\u00abLa continuidad de Macri al frente del Ejecutivo Nacional implicar\u00e1 que el r\u00edo Atuel no vuelva a correr por La Pampa y que se pierda definitivamente el caudal del r\u00edo Colorado\u201d<\/strong>, advirti\u00f3. Por lo pronto, el Estado pampeano ya anunci\u00f3 que<strong> presentar\u00e1 demandas judiciales<\/strong> contra ese decreto del jefe de Estado.<\/p>\n<blockquote class=\"wp-embedded-content\" data-secret=\"7pJaQU9NTH\"><p><a href=\"http:\/\/diariotextual.com\/inicio\/index.php\/2019\/07\/29\/decreto-portezuelo-la-pampa-presentara-acciones-judiciales\/\">La Pampa anunci\u00f3 un juicio por el decreto de Macri por Portezuelo<\/a><\/p><\/blockquote>\n<p><iframe class=\"wp-embedded-content\" sandbox=\"allow-scripts\" security=\"restricted\" style=\"position: absolute; clip: rect(1px, 1px, 1px, 1px);\" src=\"http:\/\/diariotextual.com\/inicio\/index.php\/2019\/07\/29\/decreto-portezuelo-la-pampa-presentara-acciones-judiciales\/embed\/#?secret=7pJaQU9NTH\" data-secret=\"7pJaQU9NTH\" width=\"600\" height=\"338\" title=\"&#171;La Pampa anunci\u00f3 un juicio por el decreto de Macri por Portezuelo&#187; &#8212; Diario Textual\" frameborder=\"0\" marginwidth=\"0\" marginheight=\"0\" scrolling=\"no\"><\/iframe><\/p>\n<p>\u00abSolamente el candidato del Frente de Todos, Alberto Fern\u00e1ndez le garantiza a La Pampa un trato igualitario con Mendoza y la posibilidad concreta de comenzar a revertir el latrocinio h\u00eddrico al que es sometida la provincia\u201d, sostuvo.<\/p>\n<p>De esta forma se refiri\u00f3 el pr\u00f3ximo gobernador de La Pampa a<a href=\"http:\/\/diariotextual.com\/inicio\/index.php\/2019\/07\/29\/decreto-macri-aprobo-los-1023-millones-dolares-portezuelo\/\" target=\"_blank\" rel=\"noopener\"><strong>l decreto presidencial que autoriza el desembolso de 1.023 millones de d\u00f3lares<\/strong> <\/a>para construir la represa hidroel\u00e9ctrica Portezuelo del Viento, bajo el manejo arbitrario de Mendoza.<\/p>\n<p>\u00abMauricio Macri y el gobernador de Mendoza, Alfredo Cornejo, anteponen sus intereses electorales al cumplimiento de la Ley\u201d, sostuvo. \u00abEl decreto de autorizaci\u00f3n de fondos para la ejecuci\u00f3n de Portezuelo del Viento es una acci\u00f3n de neto corte electoral en la que se est\u00e1 despreciando la ley y el estado de derecho, porque no se puede avanzar en la construcci\u00f3n de Portezuelo del Viento, ni de ninguna represa en la Argentina, si previamente no se realiza un estudio de impacto ambiental serio\u201d.<\/p>\n<p>\u00abUna vez m\u00e1s estamos siendo testigos de la voracidad electoral y el desprecio por las leyes que representan Macri y sus socios. Por un voto son capaces de pisar la ley y avanzar en una obra que pone en riesgo el caudal fluvio-ecol\u00f3gico del r\u00edo Colorado\u201d, dijo.<\/p>\n<p>\u201cSabemos de lo que es capaz Mendoza y no queremos imaginarnos los l\u00edmites que puede llegar a transgredir si sigue contando con el acompa\u00f1amiento del gobierno de Mauricio Macri\u201d, enfatiz\u00f3 Ziliotto.<\/p>\n<p>Dijo que, previo al anuncio del financiamiento de una obra de estas caracter\u00edsticas es \u201cimprescindible\u00bb el estudio del impacto ambiental que tendr\u00e1 la hidroel\u00e9ctrica. \u00abEso -agreg\u00f3- requiere de procesos administrativos, t\u00e9cnicos y legales en el marco del comit\u00e9 de cuenca que hoy se est\u00e1 desconociendo por completo\u201d.<\/p>\n<p>\u00abEl gobierno de Macri -manifest\u00f3- se sigue manejando con decretos y desconoce al Congreso Nacional. Lo que deber\u00eda hacer, si respetara la Constituci\u00f3n y la democracia, es convocar a los legisladores nacionales para discutir pol\u00edticas h\u00eddricas de Estado y no usar el mecanismo del decreto para beneficiar a sus amigos en desmedro del resto de los argentinos\u201d.<\/p>\n<p><strong>Macri<\/strong>\u00a0ratific\u00f3 en las \u00faltimas horas, por decreto, el acuerdo entre Naci\u00f3n y la provincia de Mendoza para financiar la represa en 1023 millones de d\u00f3lares. De esta manera, ratific\u00f3 el acuerdo alcanzado el 13 de junio por el gobernador Alfredo Cornejo y el ministro del Interior, Rogelio Frigerio.\u00a0<strong>Ahora en Mendoza aguardan por el llamado a licitaci\u00f3n de los trabajos. Sin embargo, a\u00fan quedan por resolverse varios pedidos de La Pampa.\u00a0<\/strong><\/p>\n<p>La provincia d<strong>e La Pampa se opone a la construcci\u00f3n de la represa en los t\u00e9rminos y condiciones planteados por Mendoza<\/strong>\u00a0y el Gobierno Nacional.<\/p>\n<p><strong>La situaci\u00f3n actual del cauce del r\u00edo Colorado es cr\u00edtica y podr\u00eda agravarse de hacerse la presa: podr\u00eda afectar el caudal y la calidad de agua que consumen y usan para el riego.<\/strong><\/p>\n<blockquote class=\"wp-embedded-content\" data-secret=\"UW7lSArHbp\"><p><a href=\"http:\/\/diariotextual.com\/inicio\/index.php\/2019\/07\/29\/la-pampa-dice-decreto-macri-portezuelo-no-se-esta-respetando-la-ley\/\">La Pampa dice que, con el decreto de Macri para Portezuelo, no se est\u00e1 respetando la ley<\/a><\/p><\/blockquote>\n<p><iframe class=\"wp-embedded-content\" sandbox=\"allow-scripts\" security=\"restricted\" style=\"position: absolute; clip: rect(1px, 1px, 1px, 1px);\" src=\"http:\/\/diariotextual.com\/inicio\/index.php\/2019\/07\/29\/la-pampa-dice-decreto-macri-portezuelo-no-se-esta-respetando-la-ley\/embed\/#?secret=UW7lSArHbp\" data-secret=\"UW7lSArHbp\" width=\"600\" height=\"338\" title=\"&#171;La Pampa dice que, con el decreto de Macri para Portezuelo, no se est\u00e1 respetando la ley&#187; &#8212; Diario Textual\" frameborder=\"0\" marginwidth=\"0\" marginheight=\"0\" scrolling=\"no\"><\/iframe><\/p>\n<p>&nbsp;<\/p>\n<p>&nbsp;<\/p>\n<p>&nbsp;<\/p>\n","protected":false},"excerpt":{"rendered":"<p>El gobernador electo de La Pampa, Sergio Ziliotto, sali\u00f3 a cuestionar el decreto de Mauricio Macri para desembolsar 1000 millones de d\u00f3lares para realizar la represa Portezuelo del Viento. \u00abLa&hellip;<\/p>\n","protected":false},"author":3,"featured_media":57523,"comment_status":"closed","ping_status":"open","sticky":false,"template":"","format":"standard","meta":{"_acf_changed":false,"footnotes":""},"categories":[11,8],"tags":[259,424],"class_list":["post-57522","post","type-post","status-publish","format-standard","has-post-thumbnail","hentry","category-que-pasa","category-politica","tag-portezuelo","tag-ziliotto"],"acf":[],"yoast_head":"<!-- This site is optimized with the Yoast SEO plugin v27.5 - https:\/\/yoast.com\/product\/yoast-seo-wordpress\/ -->\n<title>Ziliotto: &quot;Si sigue Macri, el Atuel no vuelve y perdemos el Colorado&quot; - Diario Textual<\/title>\n<meta name=\"robots\" content=\"index, follow, max-snippet:-1, max-image-preview:large, max-video-preview:-1\" \/>\n<link rel=\"canonical\" href=\"https:\/\/diariotextual.com\/inicio\/index.php\/2019\/07\/29\/ziliotto-sigue-macri-atuel-no-vuelve-perdemos-colorado\/\" \/>\n<meta property=\"og:locale\" content=\"es_ES\" \/>\n<meta property=\"og:type\" content=\"article\" \/>\n<meta property=\"og:title\" content=\"Ziliotto: &quot;Si sigue Macri, el Atuel no vuelve y perdemos el Colorado&quot; - Diario Textual\" \/>\n<meta property=\"og:description\" content=\"El gobernador electo de La Pampa, Sergio Ziliotto, sali\u00f3 a cuestionar el decreto de Mauricio Macri para desembolsar 1000 millones de d\u00f3lares para realizar la represa Portezuelo del Viento. \u00abLa&hellip;\" \/>\n<meta property=\"og:url\" content=\"https:\/\/diariotextual.com\/inicio\/index.php\/2019\/07\/29\/ziliotto-sigue-macri-atuel-no-vuelve-perdemos-colorado\/\" \/>\n<meta property=\"og:site_name\" content=\"Diario Textual\" \/>\n<meta property=\"article:publisher\" content=\"https:\/\/www.facebook.com\/eltextual\" \/>\n<meta property=\"article:published_time\" content=\"2019-07-29T22:41:39+00:00\" \/>\n<meta property=\"article:modified_time\" content=\"2019-07-30T11:20:35+00:00\" \/>\n<meta property=\"og:image\" content=\"https:\/\/diariotextual.com\/inicio\/wp-content\/uploads\/2019\/07\/ziliottoriocolorado444.jpg\" \/>\n\t<meta property=\"og:image:width\" content=\"1274\" \/>\n\t<meta property=\"og:image:height\" content=\"900\" \/>\n\t<meta property=\"og:image:type\" content=\"image\/jpeg\" \/>\n<meta name=\"author\" content=\"Diario1 Diario1\" \/>\n<meta name=\"twitter:card\" content=\"summary_large_image\" \/>\n<meta name=\"twitter:creator\" content=\"@eltextual\" \/>\n<meta name=\"twitter:site\" content=\"@eltextual\" \/>\n<meta name=\"twitter:label1\" content=\"Escrito por\" \/>\n\t<meta name=\"twitter:data1\" content=\"Diario1 Diario1\" \/>\n\t<meta name=\"twitter:label2\" content=\"Tiempo de lectura\" \/>\n\t<meta name=\"twitter:data2\" content=\"3 minutos\" \/>\n<script type=\"application\/ld+json\" class=\"yoast-schema-graph\">{\"@context\":\"https:\\\/\\\/schema.org\",\"@graph\":[{\"@type\":\"Article\",\"@id\":\"https:\\\/\\\/diariotextual.com\\\/inicio\\\/index.php\\\/2019\\\/07\\\/29\\\/ziliotto-sigue-macri-atuel-no-vuelve-perdemos-colorado\\\/#article\",\"isPartOf\":{\"@id\":\"https:\\\/\\\/diariotextual.com\\\/inicio\\\/index.php\\\/2019\\\/07\\\/29\\\/ziliotto-sigue-macri-atuel-no-vuelve-perdemos-colorado\\\/\"},\"author\":{\"name\":\"Diario1 Diario1\",\"@id\":\"https:\\\/\\\/diariotextual.com\\\/inicio\\\/#\\\/schema\\\/person\\\/418fc4093c33e86ed41562db3508f958\"},\"headline\":\"Ziliotto: \u00abSi sigue Macri, el Atuel no vuelve y perdemos el Colorado\u00bb\",\"datePublished\":\"2019-07-29T22:41:39+00:00\",\"dateModified\":\"2019-07-30T11:20:35+00:00\",\"mainEntityOfPage\":{\"@id\":\"https:\\\/\\\/diariotextual.com\\\/inicio\\\/index.php\\\/2019\\\/07\\\/29\\\/ziliotto-sigue-macri-atuel-no-vuelve-perdemos-colorado\\\/\"},\"wordCount\":611,\"publisher\":{\"@id\":\"https:\\\/\\\/diariotextual.com\\\/inicio\\\/#organization\"},\"image\":{\"@id\":\"https:\\\/\\\/diariotextual.com\\\/inicio\\\/index.php\\\/2019\\\/07\\\/29\\\/ziliotto-sigue-macri-atuel-no-vuelve-perdemos-colorado\\\/#primaryimage\"},\"thumbnailUrl\":\"https:\\\/\\\/diariotextual.com\\\/inicio\\\/wp-content\\\/uploads\\\/2019\\\/07\\\/ziliottoriocolorado444.jpg\",\"keywords\":[\"portezuelo\",\"ziliotto\"],\"articleSection\":[\"A - QUE PASA (al costado)\",\"POLITICA\"],\"inLanguage\":\"es\"},{\"@type\":\"WebPage\",\"@id\":\"https:\\\/\\\/diariotextual.com\\\/inicio\\\/index.php\\\/2019\\\/07\\\/29\\\/ziliotto-sigue-macri-atuel-no-vuelve-perdemos-colorado\\\/\",\"url\":\"https:\\\/\\\/diariotextual.com\\\/inicio\\\/index.php\\\/2019\\\/07\\\/29\\\/ziliotto-sigue-macri-atuel-no-vuelve-perdemos-colorado\\\/\",\"name\":\"Ziliotto: \\\"Si sigue Macri, el Atuel no vuelve y perdemos el Colorado\\\" - Diario Textual\",\"isPartOf\":{\"@id\":\"https:\\\/\\\/diariotextual.com\\\/inicio\\\/#website\"},\"primaryImageOfPage\":{\"@id\":\"https:\\\/\\\/diariotextual.com\\\/inicio\\\/index.php\\\/2019\\\/07\\\/29\\\/ziliotto-sigue-macri-atuel-no-vuelve-perdemos-colorado\\\/#primaryimage\"},\"image\":{\"@id\":\"https:\\\/\\\/diariotextual.com\\\/inicio\\\/index.php\\\/2019\\\/07\\\/29\\\/ziliotto-sigue-macri-atuel-no-vuelve-perdemos-colorado\\\/#primaryimage\"},\"thumbnailUrl\":\"https:\\\/\\\/diariotextual.com\\\/inicio\\\/wp-content\\\/uploads\\\/2019\\\/07\\\/ziliottoriocolorado444.jpg\",\"datePublished\":\"2019-07-29T22:41:39+00:00\",\"dateModified\":\"2019-07-30T11:20:35+00:00\",\"breadcrumb\":{\"@id\":\"https:\\\/\\\/diariotextual.com\\\/inicio\\\/index.php\\\/2019\\\/07\\\/29\\\/ziliotto-sigue-macri-atuel-no-vuelve-perdemos-colorado\\\/#breadcrumb\"},\"inLanguage\":\"es\",\"potentialAction\":[{\"@type\":\"ReadAction\",\"target\":[\"https:\\\/\\\/diariotextual.com\\\/inicio\\\/index.php\\\/2019\\\/07\\\/29\\\/ziliotto-sigue-macri-atuel-no-vuelve-perdemos-colorado\\\/\"]}]},{\"@type\":\"ImageObject\",\"inLanguage\":\"es\",\"@id\":\"https:\\\/\\\/diariotextual.com\\\/inicio\\\/index.php\\\/2019\\\/07\\\/29\\\/ziliotto-sigue-macri-atuel-no-vuelve-perdemos-colorado\\\/#primaryimage\",\"url\":\"https:\\\/\\\/diariotextual.com\\\/inicio\\\/wp-content\\\/uploads\\\/2019\\\/07\\\/ziliottoriocolorado444.jpg\",\"contentUrl\":\"https:\\\/\\\/diariotextual.com\\\/inicio\\\/wp-content\\\/uploads\\\/2019\\\/07\\\/ziliottoriocolorado444.jpg\",\"width\":1274,\"height\":900},{\"@type\":\"BreadcrumbList\",\"@id\":\"https:\\\/\\\/diariotextual.com\\\/inicio\\\/index.php\\\/2019\\\/07\\\/29\\\/ziliotto-sigue-macri-atuel-no-vuelve-perdemos-colorado\\\/#breadcrumb\",\"itemListElement\":[{\"@type\":\"ListItem\",\"position\":1,\"name\":\"Portada\",\"item\":\"https:\\\/\\\/diariotextual.com\\\/inicio\\\/\"},{\"@type\":\"ListItem\",\"position\":2,\"name\":\"Ziliotto: \u00abSi sigue Macri, el Atuel no vuelve y perdemos el Colorado\u00bb\"}]},{\"@type\":\"WebSite\",\"@id\":\"https:\\\/\\\/diariotextual.com\\\/inicio\\\/#website\",\"url\":\"https:\\\/\\\/diariotextual.com\\\/inicio\\\/\",\"name\":\"Diario Textual\",\"description\":\"\",\"publisher\":{\"@id\":\"https:\\\/\\\/diariotextual.com\\\/inicio\\\/#organization\"},\"potentialAction\":[{\"@type\":\"SearchAction\",\"target\":{\"@type\":\"EntryPoint\",\"urlTemplate\":\"https:\\\/\\\/diariotextual.com\\\/inicio\\\/?s={search_term_string}\"},\"query-input\":{\"@type\":\"PropertyValueSpecification\",\"valueRequired\":true,\"valueName\":\"search_term_string\"}}],\"inLanguage\":\"es\"},{\"@type\":\"Organization\",\"@id\":\"https:\\\/\\\/diariotextual.com\\\/inicio\\\/#organization\",\"name\":\"Diario Textual\",\"url\":\"https:\\\/\\\/diariotextual.com\\\/inicio\\\/\",\"logo\":{\"@type\":\"ImageObject\",\"inLanguage\":\"es\",\"@id\":\"https:\\\/\\\/diariotextual.com\\\/inicio\\\/#\\\/schema\\\/logo\\\/image\\\/\",\"url\":\"https:\\\/\\\/diariotextual.com\\\/inicio\\\/wp-content\\\/uploads\\\/2023\\\/05\\\/logotextual1.jpg\",\"contentUrl\":\"https:\\\/\\\/diariotextual.com\\\/inicio\\\/wp-content\\\/uploads\\\/2023\\\/05\\\/logotextual1.jpg\",\"width\":516,\"height\":76,\"caption\":\"Diario Textual\"},\"image\":{\"@id\":\"https:\\\/\\\/diariotextual.com\\\/inicio\\\/#\\\/schema\\\/logo\\\/image\\\/\"},\"sameAs\":[\"https:\\\/\\\/www.facebook.com\\\/eltextual\",\"https:\\\/\\\/x.com\\\/eltextual\",\"http:\\\/\\\/www.instagram.com\\\/eltextual\"]},{\"@type\":\"Person\",\"@id\":\"https:\\\/\\\/diariotextual.com\\\/inicio\\\/#\\\/schema\\\/person\\\/418fc4093c33e86ed41562db3508f958\",\"name\":\"Diario1 Diario1\",\"image\":{\"@type\":\"ImageObject\",\"inLanguage\":\"es\",\"@id\":\"https:\\\/\\\/secure.gravatar.com\\\/avatar\\\/9167d280179c85bc18be67aa7eda765854300033af4896dd779b608640f2ef7a?s=96&d=mm&r=g\",\"url\":\"https:\\\/\\\/secure.gravatar.com\\\/avatar\\\/9167d280179c85bc18be67aa7eda765854300033af4896dd779b608640f2ef7a?s=96&d=mm&r=g\",\"contentUrl\":\"https:\\\/\\\/secure.gravatar.com\\\/avatar\\\/9167d280179c85bc18be67aa7eda765854300033af4896dd779b608640f2ef7a?s=96&d=mm&r=g\",\"caption\":\"Diario1 Diario1\"},\"url\":\"https:\\\/\\\/diariotextual.com\\\/inicio\\\/index.php\\\/author\\\/diario1\\\/\"}]}<\/script>\n<!-- \/ Yoast SEO plugin. -->","yoast_head_json":{"title":"Ziliotto: \"Si sigue Macri, el Atuel no vuelve y perdemos el Colorado\" - Diario Textual","robots":{"index":"index","follow":"follow","max-snippet":"max-snippet:-1","max-image-preview":"max-image-preview:large","max-video-preview":"max-video-preview:-1"},"canonical":"https:\/\/diariotextual.com\/inicio\/index.php\/2019\/07\/29\/ziliotto-sigue-macri-atuel-no-vuelve-perdemos-colorado\/","og_locale":"es_ES","og_type":"article","og_title":"Ziliotto: \"Si sigue Macri, el Atuel no vuelve y perdemos el Colorado\" - Diario Textual","og_description":"El gobernador electo de La Pampa, Sergio Ziliotto, sali\u00f3 a cuestionar el decreto de Mauricio Macri para desembolsar 1000 millones de d\u00f3lares para realizar la represa Portezuelo del Viento. \u00abLa&hellip;","og_url":"https:\/\/diariotextual.com\/inicio\/index.php\/2019\/07\/29\/ziliotto-sigue-macri-atuel-no-vuelve-perdemos-colorado\/","og_site_name":"Diario Textual","article_publisher":"https:\/\/www.facebook.com\/eltextual","article_published_time":"2019-07-29T22:41:39+00:00","article_modified_time":"2019-07-30T11:20:35+00:00","og_image":[{"width":1274,"height":900,"url":"https:\/\/diariotextual.com\/inicio\/wp-content\/uploads\/2019\/07\/ziliottoriocolorado444.jpg","type":"image\/jpeg"}],"author":"Diario1 Diario1","twitter_card":"summary_large_image","twitter_creator":"@eltextual","twitter_site":"@eltextual","twitter_misc":{"Escrito por":"Diario1 Diario1","Tiempo de lectura":"3 minutos"},"schema":{"@context":"https:\/\/schema.org","@graph":[{"@type":"Article","@id":"https:\/\/diariotextual.com\/inicio\/index.php\/2019\/07\/29\/ziliotto-sigue-macri-atuel-no-vuelve-perdemos-colorado\/#article","isPartOf":{"@id":"https:\/\/diariotextual.com\/inicio\/index.php\/2019\/07\/29\/ziliotto-sigue-macri-atuel-no-vuelve-perdemos-colorado\/"},"author":{"name":"Diario1 Diario1","@id":"https:\/\/diariotextual.com\/inicio\/#\/schema\/person\/418fc4093c33e86ed41562db3508f958"},"headline":"Ziliotto: \u00abSi sigue Macri, el Atuel no vuelve y perdemos el Colorado\u00bb","datePublished":"2019-07-29T22:41:39+00:00","dateModified":"2019-07-30T11:20:35+00:00","mainEntityOfPage":{"@id":"https:\/\/diariotextual.com\/inicio\/index.php\/2019\/07\/29\/ziliotto-sigue-macri-atuel-no-vuelve-perdemos-colorado\/"},"wordCount":611,"publisher":{"@id":"https:\/\/diariotextual.com\/inicio\/#organization"},"image":{"@id":"https:\/\/diariotextual.com\/inicio\/index.php\/2019\/07\/29\/ziliotto-sigue-macri-atuel-no-vuelve-perdemos-colorado\/#primaryimage"},"thumbnailUrl":"https:\/\/diariotextual.com\/inicio\/wp-content\/uploads\/2019\/07\/ziliottoriocolorado444.jpg","keywords":["portezuelo","ziliotto"],"articleSection":["A - QUE PASA (al costado)","POLITICA"],"inLanguage":"es"},{"@type":"WebPage","@id":"https:\/\/diariotextual.com\/inicio\/index.php\/2019\/07\/29\/ziliotto-sigue-macri-atuel-no-vuelve-perdemos-colorado\/","url":"https:\/\/diariotextual.com\/inicio\/index.php\/2019\/07\/29\/ziliotto-sigue-macri-atuel-no-vuelve-perdemos-colorado\/","name":"Ziliotto: \"Si sigue Macri, el Atuel no vuelve y perdemos el Colorado\" - Diario Textual","isPartOf":{"@id":"https:\/\/diariotextual.com\/inicio\/#website"},"primaryImageOfPage":{"@id":"https:\/\/diariotextual.com\/inicio\/index.php\/2019\/07\/29\/ziliotto-sigue-macri-atuel-no-vuelve-perdemos-colorado\/#primaryimage"},"image":{"@id":"https:\/\/diariotextual.com\/inicio\/index.php\/2019\/07\/29\/ziliotto-sigue-macri-atuel-no-vuelve-perdemos-colorado\/#primaryimage"},"thumbnailUrl":"https:\/\/diariotextual.com\/inicio\/wp-content\/uploads\/2019\/07\/ziliottoriocolorado444.jpg","datePublished":"2019-07-29T22:41:39+00:00","dateModified":"2019-07-30T11:20:35+00:00","breadcrumb":{"@id":"https:\/\/diariotextual.com\/inicio\/index.php\/2019\/07\/29\/ziliotto-sigue-macri-atuel-no-vuelve-perdemos-colorado\/#breadcrumb"},"inLanguage":"es","potentialAction":[{"@type":"ReadAction","target":["https:\/\/diariotextual.com\/inicio\/index.php\/2019\/07\/29\/ziliotto-sigue-macri-atuel-no-vuelve-perdemos-colorado\/"]}]},{"@type":"ImageObject","inLanguage":"es","@id":"https:\/\/diariotextual.com\/inicio\/index.php\/2019\/07\/29\/ziliotto-sigue-macri-atuel-no-vuelve-perdemos-colorado\/#primaryimage","url":"https:\/\/diariotextual.com\/inicio\/wp-content\/uploads\/2019\/07\/ziliottoriocolorado444.jpg","contentUrl":"https:\/\/diariotextual.com\/inicio\/wp-content\/uploads\/2019\/07\/ziliottoriocolorado444.jpg","width":1274,"height":900},{"@type":"BreadcrumbList","@id":"https:\/\/diariotextual.com\/inicio\/index.php\/2019\/07\/29\/ziliotto-sigue-macri-atuel-no-vuelve-perdemos-colorado\/#breadcrumb","itemListElement":[{"@type":"ListItem","position":1,"name":"Portada","item":"https:\/\/diariotextual.com\/inicio\/"},{"@type":"ListItem","position":2,"name":"Ziliotto: \u00abSi sigue Macri, el Atuel no vuelve y perdemos el Colorado\u00bb"}]},{"@type":"WebSite","@id":"https:\/\/diariotextual.com\/inicio\/#website","url":"https:\/\/diariotextual.com\/inicio\/","name":"Diario Textual","description":"","publisher":{"@id":"https:\/\/diariotextual.com\/inicio\/#organization"},"potentialAction":[{"@type":"SearchAction","target":{"@type":"EntryPoint","urlTemplate":"https:\/\/diariotextual.com\/inicio\/?s={search_term_string}"},"query-input":{"@type":"PropertyValueSpecification","valueRequired":true,"valueName":"search_term_string"}}],"inLanguage":"es"},{"@type":"Organization","@id":"https:\/\/diariotextual.com\/inicio\/#organization","name":"Diario Textual","url":"https:\/\/diariotextual.com\/inicio\/","logo":{"@type":"ImageObject","inLanguage":"es","@id":"https:\/\/diariotextual.com\/inicio\/#\/schema\/logo\/image\/","url":"https:\/\/diariotextual.com\/inicio\/wp-content\/uploads\/2023\/05\/logotextual1.jpg","contentUrl":"https:\/\/diariotextual.com\/inicio\/wp-content\/uploads\/2023\/05\/logotextual1.jpg","width":516,"height":76,"caption":"Diario Textual"},"image":{"@id":"https:\/\/diariotextual.com\/inicio\/#\/schema\/logo\/image\/"},"sameAs":["https:\/\/www.facebook.com\/eltextual","https:\/\/x.com\/eltextual","http:\/\/www.instagram.com\/eltextual"]},{"@type":"Person","@id":"https:\/\/diariotextual.com\/inicio\/#\/schema\/person\/418fc4093c33e86ed41562db3508f958","name":"Diario1 Diario1","image":{"@type":"ImageObject","inLanguage":"es","@id":"https:\/\/secure.gravatar.com\/avatar\/9167d280179c85bc18be67aa7eda765854300033af4896dd779b608640f2ef7a?s=96&d=mm&r=g","url":"https:\/\/secure.gravatar.com\/avatar\/9167d280179c85bc18be67aa7eda765854300033af4896dd779b608640f2ef7a?s=96&d=mm&r=g","contentUrl":"https:\/\/secure.gravatar.com\/avatar\/9167d280179c85bc18be67aa7eda765854300033af4896dd779b608640f2ef7a?s=96&d=mm&r=g","caption":"Diario1 Diario1"},"url":"https:\/\/diariotextual.com\/inicio\/index.php\/author\/diario1\/"}]}},"_links":{"self":[{"href":"https:\/\/diariotextual.com\/inicio\/index.php\/wp-json\/wp\/v2\/posts\/57522","targetHints":{"allow":["GET"]}}],"collection":[{"href":"https:\/\/diariotextual.com\/inicio\/index.php\/wp-json\/wp\/v2\/posts"}],"about":[{"href":"https:\/\/diariotextual.com\/inicio\/index.php\/wp-json\/wp\/v2\/types\/post"}],"author":[{"embeddable":true,"href":"https:\/\/diariotextual.com\/inicio\/index.php\/wp-json\/wp\/v2\/users\/3"}],"replies":[{"embeddable":true,"href":"https:\/\/diariotextual.com\/inicio\/index.php\/wp-json\/wp\/v2\/comments?post=57522"}],"version-history":[{"count":5,"href":"https:\/\/diariotextual.com\/inicio\/index.php\/wp-json\/wp\/v2\/posts\/57522\/revisions"}],"predecessor-version":[{"id":57526,"href":"https:\/\/diariotextual.com\/inicio\/index.php\/wp-json\/wp\/v2\/posts\/57522\/revisions\/57526"}],"wp:featuredmedia":[{"embeddable":true,"href":"https:\/\/diariotextual.com\/inicio\/index.php\/wp-json\/wp\/v2\/media\/57523"}],"wp:attachment":[{"href":"https:\/\/diariotextual.com\/inicio\/index.php\/wp-json\/wp\/v2\/media?parent=57522"}],"wp:term":[{"taxonomy":"category","embeddable":true,"href":"https:\/\/diariotextual.com\/inicio\/index.php\/wp-json\/wp\/v2\/categories?post=57522"},{"taxonomy":"post_tag","embeddable":true,"href":"https:\/\/diariotextual.com\/inicio\/index.php\/wp-json\/wp\/v2\/tags?post=57522"}],"curies":[{"name":"wp","href":"https:\/\/api.w.org\/{rel}","templated":true}]}}