{"id":57565,"date":"2019-07-30T09:16:34","date_gmt":"2019-07-30T12:16:34","guid":{"rendered":"http:\/\/diariotextual.com\/inicio\/?p=57565"},"modified":"2019-07-30T20:59:02","modified_gmt":"2019-07-30T23:59:02","slug":"obesidad-infantil-la-pampa-la-sufre-32","status":"publish","type":"post","link":"https:\/\/diariotextual.com\/inicio\/index.php\/2019\/07\/30\/obesidad-infantil-la-pampa-la-sufre-32\/","title":{"rendered":"Obesidad infantil: en La Pampa la sufre el 32%"},"content":{"rendered":"<p>El <strong>sobrepeso<\/strong> y la<strong> obesidad infantil causan preocupaci\u00f3n en Salud P\u00fablica de La Pampa<\/strong>, donde<strong> el 32 por ciento de los estudiantes de nivel primario sufre la patolog\u00eda<\/strong>. Si bien los porcentajes no se incrementaron demasiado en los \u00faltimos a\u00f1os, es cierto tambi\u00e9n que<strong> la tendencia contin\u00faa en alza<\/strong>. Por ejemplo, una investigaci\u00f3n anterior sobre id\u00e9ntico universo hab\u00eda arrojado que el 25 por ciento sufr\u00eda de sobrepeso. <strong>\u00bfLa clave? Erradicar los ambientes obesog\u00e9nicos<\/strong>.<\/p>\n<p><strong>Carolina Gallo<\/strong>, nutricionista en Salud P\u00fablica, confes\u00f3 que la obesidad es uno de los problemas a nivel mundial y una epidemia para Salud provincial. Explic\u00f3 que trae consecuencias en el presente y el futuro del paciente dado que en el adulto aumenta las enfermedades cr\u00f3nicas no transmisibles. \u201c<strong>En general, un ni\u00f1o con obesidad es un adulto obeso<\/strong>. Y las enfermedades no transmisibles derivadas son la diabetes, problemas cardiovasculares y algunos tipos de c\u00e1ncer, entre otras\u201d, enumer\u00f3 la especialista.<\/p>\n<p>Resalt\u00f3 que una cuesti\u00f3n importante son los entornos en los que mueven los chicos, en alusi\u00f3n a las formas en las que se alimentan y la nula actividad f\u00edsica de la casa.<\/p>\n<p>Seg\u00fan datos del Programa Nacional de Salud Escolar (Prosane), en 2017 alrededor de un 32 por ciento de los ni\u00f1os present\u00f3 sobrepeso y obesidad en La Pampa. El relevamiento tom\u00f3 en cuenta a chicos del \u00e1mbito escolar comprendidos en primero y sexto grado. Un dato: a medida que aumenta la edad crece el sobrepeso.<\/p>\n<p>En tanto, un estudio del programa Sumar coincidi\u00f3 pr\u00e1cticamente con el anterior. Arroj\u00f3, a nivel provincial, un 34 por ciento de sobrepeso y obesidad en pacientes de dos a 19 a\u00f1os. \u201cUno de los factores que favorece la obesidad es el entorno en el que ni\u00f1o se desarrolla y las regulaciones que se impongan desde el Estado relacionadas al \u00e1mbito escolar. Me refiero a los kioscos, donde las publicidades suelen ser orientadas al consumo de gaseosas que tienen az\u00facar y alimentos ricos en grasas y sal. Si bien se viene trabajando en kioscos saludables todav\u00eda no est\u00e1n implementados ciento por ciento\u201d, reconoci\u00f3 la profesional de la salud a <strong>Noticiero 3<\/strong>.<\/p>\n<p>Explic\u00f3 que una persona tiene sobrepeso cuando posee hasta m\u00e1s de un veinte por ciento de exceso de peso ideal para su altura y edad. El di\u00e1metro de la cintura tambi\u00e9n se toma como par\u00e1metro.<\/p>\n<p>Para <strong>Soledad Dittler<\/strong>, tambi\u00e9n nutricionista,<strong> la \u201cobesidad no es nueva\u201d pero lo que ahora alarma son los n\u00fameros en creciente<\/strong>, algo que consider\u00f3 multicausal.<strong> \u201cLa poca actividad f\u00edsica, el entorno del ni\u00f1o y el influjo de la tecnolog\u00eda est\u00e1n potenciando una epidemia de obesidad\u201d<\/strong>, afirm\u00f3.<\/p>\n<p>Salud P\u00fablica ataca la regulaci\u00f3n de los alimentos industrializados, para que cumplan con ciertos requisitos sobre valores de grasas trans, sodio y az\u00facares. Argentina es gran consumidor de bebidas azucaradas y las personas generalmente no tienen noci\u00f3n de calor\u00edas en alimentos.<\/p>\n<p>De acuerdo a Dittler, la alimentaci\u00f3n del ni\u00f1o y el adulto deber ser variada, equilibrada y ordenada, que es lo principal. Recomend\u00f3 hacer las cuatro comidas diarias: desayuno, almuerzo, merienda y cena. \u201cGeneralmente ah\u00ed est\u00e1 la primera falla, cuando, al no respetar las cuatro comidas, se empieza al saltear alguna de ellas y comienzan los \u2018picoteos\u2019 que no son buenos\u201d.<\/p>\n<p>Tambi\u00e9n remarc\u00f3 la importancia de la \u201cmoderaci\u00f3n\u201d al alimentarse porque la cantidad de alimentos que se ingiere es fundamental para una buena dieta. \u201cEs esencial empezar a consumir m\u00e1s agua, frutas y verduras, que est\u00e1n bastante rezagadas, y evitar lo frito. Lo malo es que a veces se suelen privilegiar las harinas, lo prefabricado y de cocci\u00f3n simple, como hamburguesas y salchichas\u201d, lament\u00f3.<\/p>\n<p>\u201cLa encuesta revel\u00f3 tambi\u00e9n el<strong> bajo nivel de actividad f\u00edsica de la poblaci\u00f3n pampeana<\/strong>, una problem\u00e1tica que se debe atacar entre Salud, Educaci\u00f3n y la industria\u201d, concluy\u00f3.<\/p>\n<p>&nbsp;<\/p>\n<p>&nbsp;<\/p>\n<p>&nbsp;<\/p>\n","protected":false},"excerpt":{"rendered":"<p>El sobrepeso y la obesidad infantil causan preocupaci\u00f3n en Salud P\u00fablica de La Pampa, donde el 32 por ciento de los estudiantes de nivel primario sufre la patolog\u00eda. Si bien&hellip;<\/p>\n","protected":false},"author":3,"featured_media":57566,"comment_status":"closed","ping_status":"open","sticky":false,"template":"","format":"standard","meta":{"_acf_changed":false,"footnotes":""},"categories":[319,12],"tags":[2138,2137],"class_list":["post-57565","post","type-post","status-publish","format-standard","has-post-thumbnail","hentry","category-a-temporales","category-sociedad","tag-infantil","tag-obesidad"],"acf":[],"yoast_head":"<!-- This site is optimized with the Yoast SEO plugin v27.5 - https:\/\/yoast.com\/product\/yoast-seo-wordpress\/ -->\n<title>Obesidad infantil: en La Pampa la sufre el 32% - Diario Textual<\/title>\n<meta name=\"robots\" content=\"index, follow, max-snippet:-1, max-image-preview:large, max-video-preview:-1\" \/>\n<link rel=\"canonical\" href=\"https:\/\/diariotextual.com\/inicio\/index.php\/2019\/07\/30\/obesidad-infantil-la-pampa-la-sufre-32\/\" \/>\n<meta property=\"og:locale\" content=\"es_ES\" \/>\n<meta property=\"og:type\" content=\"article\" \/>\n<meta property=\"og:title\" content=\"Obesidad infantil: en La Pampa la sufre el 32% - Diario Textual\" \/>\n<meta property=\"og:description\" content=\"El sobrepeso y la obesidad infantil causan preocupaci\u00f3n en Salud P\u00fablica de La Pampa, donde el 32 por ciento de los estudiantes de nivel primario sufre la patolog\u00eda. Si bien&hellip;\" \/>\n<meta property=\"og:url\" content=\"https:\/\/diariotextual.com\/inicio\/index.php\/2019\/07\/30\/obesidad-infantil-la-pampa-la-sufre-32\/\" \/>\n<meta property=\"og:site_name\" content=\"Diario Textual\" \/>\n<meta property=\"article:publisher\" content=\"https:\/\/www.facebook.com\/eltextual\" \/>\n<meta property=\"article:published_time\" content=\"2019-07-30T12:16:34+00:00\" \/>\n<meta property=\"article:modified_time\" content=\"2019-07-30T23:59:02+00:00\" \/>\n<meta property=\"og:image\" content=\"https:\/\/diariotextual.com\/inicio\/wp-content\/uploads\/2019\/07\/obesidadinfantil22.jpg\" \/>\n\t<meta property=\"og:image:width\" content=\"800\" \/>\n\t<meta property=\"og:image:height\" content=\"491\" \/>\n\t<meta property=\"og:image:type\" content=\"image\/jpeg\" \/>\n<meta name=\"author\" content=\"Diario1 Diario1\" \/>\n<meta name=\"twitter:card\" content=\"summary_large_image\" \/>\n<meta name=\"twitter:creator\" content=\"@eltextual\" \/>\n<meta name=\"twitter:site\" content=\"@eltextual\" \/>\n<meta name=\"twitter:label1\" content=\"Escrito por\" \/>\n\t<meta name=\"twitter:data1\" content=\"Diario1 Diario1\" \/>\n\t<meta name=\"twitter:label2\" content=\"Tiempo de lectura\" \/>\n\t<meta name=\"twitter:data2\" content=\"3 minutos\" \/>\n<script type=\"application\/ld+json\" class=\"yoast-schema-graph\">{\"@context\":\"https:\\\/\\\/schema.org\",\"@graph\":[{\"@type\":\"Article\",\"@id\":\"https:\\\/\\\/diariotextual.com\\\/inicio\\\/index.php\\\/2019\\\/07\\\/30\\\/obesidad-infantil-la-pampa-la-sufre-32\\\/#article\",\"isPartOf\":{\"@id\":\"https:\\\/\\\/diariotextual.com\\\/inicio\\\/index.php\\\/2019\\\/07\\\/30\\\/obesidad-infantil-la-pampa-la-sufre-32\\\/\"},\"author\":{\"name\":\"Diario1 Diario1\",\"@id\":\"https:\\\/\\\/diariotextual.com\\\/inicio\\\/#\\\/schema\\\/person\\\/418fc4093c33e86ed41562db3508f958\"},\"headline\":\"Obesidad infantil: en La Pampa la sufre el 32%\",\"datePublished\":\"2019-07-30T12:16:34+00:00\",\"dateModified\":\"2019-07-30T23:59:02+00:00\",\"mainEntityOfPage\":{\"@id\":\"https:\\\/\\\/diariotextual.com\\\/inicio\\\/index.php\\\/2019\\\/07\\\/30\\\/obesidad-infantil-la-pampa-la-sufre-32\\\/\"},\"wordCount\":675,\"publisher\":{\"@id\":\"https:\\\/\\\/diariotextual.com\\\/inicio\\\/#organization\"},\"image\":{\"@id\":\"https:\\\/\\\/diariotextual.com\\\/inicio\\\/index.php\\\/2019\\\/07\\\/30\\\/obesidad-infantil-la-pampa-la-sufre-32\\\/#primaryimage\"},\"thumbnailUrl\":\"https:\\\/\\\/diariotextual.com\\\/inicio\\\/wp-content\\\/uploads\\\/2019\\\/07\\\/obesidadinfantil22.jpg\",\"keywords\":[\"infantil\",\"obesidad\"],\"articleSection\":[\"A - TEMPORALES\",\"SOCIEDAD\"],\"inLanguage\":\"es\"},{\"@type\":\"WebPage\",\"@id\":\"https:\\\/\\\/diariotextual.com\\\/inicio\\\/index.php\\\/2019\\\/07\\\/30\\\/obesidad-infantil-la-pampa-la-sufre-32\\\/\",\"url\":\"https:\\\/\\\/diariotextual.com\\\/inicio\\\/index.php\\\/2019\\\/07\\\/30\\\/obesidad-infantil-la-pampa-la-sufre-32\\\/\",\"name\":\"Obesidad infantil: en La Pampa la sufre el 32% - Diario Textual\",\"isPartOf\":{\"@id\":\"https:\\\/\\\/diariotextual.com\\\/inicio\\\/#website\"},\"primaryImageOfPage\":{\"@id\":\"https:\\\/\\\/diariotextual.com\\\/inicio\\\/index.php\\\/2019\\\/07\\\/30\\\/obesidad-infantil-la-pampa-la-sufre-32\\\/#primaryimage\"},\"image\":{\"@id\":\"https:\\\/\\\/diariotextual.com\\\/inicio\\\/index.php\\\/2019\\\/07\\\/30\\\/obesidad-infantil-la-pampa-la-sufre-32\\\/#primaryimage\"},\"thumbnailUrl\":\"https:\\\/\\\/diariotextual.com\\\/inicio\\\/wp-content\\\/uploads\\\/2019\\\/07\\\/obesidadinfantil22.jpg\",\"datePublished\":\"2019-07-30T12:16:34+00:00\",\"dateModified\":\"2019-07-30T23:59:02+00:00\",\"breadcrumb\":{\"@id\":\"https:\\\/\\\/diariotextual.com\\\/inicio\\\/index.php\\\/2019\\\/07\\\/30\\\/obesidad-infantil-la-pampa-la-sufre-32\\\/#breadcrumb\"},\"inLanguage\":\"es\",\"potentialAction\":[{\"@type\":\"ReadAction\",\"target\":[\"https:\\\/\\\/diariotextual.com\\\/inicio\\\/index.php\\\/2019\\\/07\\\/30\\\/obesidad-infantil-la-pampa-la-sufre-32\\\/\"]}]},{\"@type\":\"ImageObject\",\"inLanguage\":\"es\",\"@id\":\"https:\\\/\\\/diariotextual.com\\\/inicio\\\/index.php\\\/2019\\\/07\\\/30\\\/obesidad-infantil-la-pampa-la-sufre-32\\\/#primaryimage\",\"url\":\"https:\\\/\\\/diariotextual.com\\\/inicio\\\/wp-content\\\/uploads\\\/2019\\\/07\\\/obesidadinfantil22.jpg\",\"contentUrl\":\"https:\\\/\\\/diariotextual.com\\\/inicio\\\/wp-content\\\/uploads\\\/2019\\\/07\\\/obesidadinfantil22.jpg\",\"width\":800,\"height\":491},{\"@type\":\"BreadcrumbList\",\"@id\":\"https:\\\/\\\/diariotextual.com\\\/inicio\\\/index.php\\\/2019\\\/07\\\/30\\\/obesidad-infantil-la-pampa-la-sufre-32\\\/#breadcrumb\",\"itemListElement\":[{\"@type\":\"ListItem\",\"position\":1,\"name\":\"Portada\",\"item\":\"https:\\\/\\\/diariotextual.com\\\/inicio\\\/\"},{\"@type\":\"ListItem\",\"position\":2,\"name\":\"Obesidad infantil: en La Pampa la sufre el 32%\"}]},{\"@type\":\"WebSite\",\"@id\":\"https:\\\/\\\/diariotextual.com\\\/inicio\\\/#website\",\"url\":\"https:\\\/\\\/diariotextual.com\\\/inicio\\\/\",\"name\":\"Diario Textual\",\"description\":\"\",\"publisher\":{\"@id\":\"https:\\\/\\\/diariotextual.com\\\/inicio\\\/#organization\"},\"potentialAction\":[{\"@type\":\"SearchAction\",\"target\":{\"@type\":\"EntryPoint\",\"urlTemplate\":\"https:\\\/\\\/diariotextual.com\\\/inicio\\\/?s={search_term_string}\"},\"query-input\":{\"@type\":\"PropertyValueSpecification\",\"valueRequired\":true,\"valueName\":\"search_term_string\"}}],\"inLanguage\":\"es\"},{\"@type\":\"Organization\",\"@id\":\"https:\\\/\\\/diariotextual.com\\\/inicio\\\/#organization\",\"name\":\"Diario Textual\",\"url\":\"https:\\\/\\\/diariotextual.com\\\/inicio\\\/\",\"logo\":{\"@type\":\"ImageObject\",\"inLanguage\":\"es\",\"@id\":\"https:\\\/\\\/diariotextual.com\\\/inicio\\\/#\\\/schema\\\/logo\\\/image\\\/\",\"url\":\"https:\\\/\\\/diariotextual.com\\\/inicio\\\/wp-content\\\/uploads\\\/2023\\\/05\\\/logotextual1.jpg\",\"contentUrl\":\"https:\\\/\\\/diariotextual.com\\\/inicio\\\/wp-content\\\/uploads\\\/2023\\\/05\\\/logotextual1.jpg\",\"width\":516,\"height\":76,\"caption\":\"Diario Textual\"},\"image\":{\"@id\":\"https:\\\/\\\/diariotextual.com\\\/inicio\\\/#\\\/schema\\\/logo\\\/image\\\/\"},\"sameAs\":[\"https:\\\/\\\/www.facebook.com\\\/eltextual\",\"https:\\\/\\\/x.com\\\/eltextual\",\"http:\\\/\\\/www.instagram.com\\\/eltextual\"]},{\"@type\":\"Person\",\"@id\":\"https:\\\/\\\/diariotextual.com\\\/inicio\\\/#\\\/schema\\\/person\\\/418fc4093c33e86ed41562db3508f958\",\"name\":\"Diario1 Diario1\",\"image\":{\"@type\":\"ImageObject\",\"inLanguage\":\"es\",\"@id\":\"https:\\\/\\\/secure.gravatar.com\\\/avatar\\\/9167d280179c85bc18be67aa7eda765854300033af4896dd779b608640f2ef7a?s=96&d=mm&r=g\",\"url\":\"https:\\\/\\\/secure.gravatar.com\\\/avatar\\\/9167d280179c85bc18be67aa7eda765854300033af4896dd779b608640f2ef7a?s=96&d=mm&r=g\",\"contentUrl\":\"https:\\\/\\\/secure.gravatar.com\\\/avatar\\\/9167d280179c85bc18be67aa7eda765854300033af4896dd779b608640f2ef7a?s=96&d=mm&r=g\",\"caption\":\"Diario1 Diario1\"},\"url\":\"https:\\\/\\\/diariotextual.com\\\/inicio\\\/index.php\\\/author\\\/diario1\\\/\"}]}<\/script>\n<!-- \/ Yoast SEO plugin. -->","yoast_head_json":{"title":"Obesidad infantil: en La Pampa la sufre el 32% - Diario Textual","robots":{"index":"index","follow":"follow","max-snippet":"max-snippet:-1","max-image-preview":"max-image-preview:large","max-video-preview":"max-video-preview:-1"},"canonical":"https:\/\/diariotextual.com\/inicio\/index.php\/2019\/07\/30\/obesidad-infantil-la-pampa-la-sufre-32\/","og_locale":"es_ES","og_type":"article","og_title":"Obesidad infantil: en La Pampa la sufre el 32% - Diario Textual","og_description":"El sobrepeso y la obesidad infantil causan preocupaci\u00f3n en Salud P\u00fablica de La Pampa, donde el 32 por ciento de los estudiantes de nivel primario sufre la patolog\u00eda. Si bien&hellip;","og_url":"https:\/\/diariotextual.com\/inicio\/index.php\/2019\/07\/30\/obesidad-infantil-la-pampa-la-sufre-32\/","og_site_name":"Diario Textual","article_publisher":"https:\/\/www.facebook.com\/eltextual","article_published_time":"2019-07-30T12:16:34+00:00","article_modified_time":"2019-07-30T23:59:02+00:00","og_image":[{"width":800,"height":491,"url":"https:\/\/diariotextual.com\/inicio\/wp-content\/uploads\/2019\/07\/obesidadinfantil22.jpg","type":"image\/jpeg"}],"author":"Diario1 Diario1","twitter_card":"summary_large_image","twitter_creator":"@eltextual","twitter_site":"@eltextual","twitter_misc":{"Escrito por":"Diario1 Diario1","Tiempo de lectura":"3 minutos"},"schema":{"@context":"https:\/\/schema.org","@graph":[{"@type":"Article","@id":"https:\/\/diariotextual.com\/inicio\/index.php\/2019\/07\/30\/obesidad-infantil-la-pampa-la-sufre-32\/#article","isPartOf":{"@id":"https:\/\/diariotextual.com\/inicio\/index.php\/2019\/07\/30\/obesidad-infantil-la-pampa-la-sufre-32\/"},"author":{"name":"Diario1 Diario1","@id":"https:\/\/diariotextual.com\/inicio\/#\/schema\/person\/418fc4093c33e86ed41562db3508f958"},"headline":"Obesidad infantil: en La Pampa la sufre el 32%","datePublished":"2019-07-30T12:16:34+00:00","dateModified":"2019-07-30T23:59:02+00:00","mainEntityOfPage":{"@id":"https:\/\/diariotextual.com\/inicio\/index.php\/2019\/07\/30\/obesidad-infantil-la-pampa-la-sufre-32\/"},"wordCount":675,"publisher":{"@id":"https:\/\/diariotextual.com\/inicio\/#organization"},"image":{"@id":"https:\/\/diariotextual.com\/inicio\/index.php\/2019\/07\/30\/obesidad-infantil-la-pampa-la-sufre-32\/#primaryimage"},"thumbnailUrl":"https:\/\/diariotextual.com\/inicio\/wp-content\/uploads\/2019\/07\/obesidadinfantil22.jpg","keywords":["infantil","obesidad"],"articleSection":["A - TEMPORALES","SOCIEDAD"],"inLanguage":"es"},{"@type":"WebPage","@id":"https:\/\/diariotextual.com\/inicio\/index.php\/2019\/07\/30\/obesidad-infantil-la-pampa-la-sufre-32\/","url":"https:\/\/diariotextual.com\/inicio\/index.php\/2019\/07\/30\/obesidad-infantil-la-pampa-la-sufre-32\/","name":"Obesidad infantil: en La Pampa la sufre el 32% - Diario Textual","isPartOf":{"@id":"https:\/\/diariotextual.com\/inicio\/#website"},"primaryImageOfPage":{"@id":"https:\/\/diariotextual.com\/inicio\/index.php\/2019\/07\/30\/obesidad-infantil-la-pampa-la-sufre-32\/#primaryimage"},"image":{"@id":"https:\/\/diariotextual.com\/inicio\/index.php\/2019\/07\/30\/obesidad-infantil-la-pampa-la-sufre-32\/#primaryimage"},"thumbnailUrl":"https:\/\/diariotextual.com\/inicio\/wp-content\/uploads\/2019\/07\/obesidadinfantil22.jpg","datePublished":"2019-07-30T12:16:34+00:00","dateModified":"2019-07-30T23:59:02+00:00","breadcrumb":{"@id":"https:\/\/diariotextual.com\/inicio\/index.php\/2019\/07\/30\/obesidad-infantil-la-pampa-la-sufre-32\/#breadcrumb"},"inLanguage":"es","potentialAction":[{"@type":"ReadAction","target":["https:\/\/diariotextual.com\/inicio\/index.php\/2019\/07\/30\/obesidad-infantil-la-pampa-la-sufre-32\/"]}]},{"@type":"ImageObject","inLanguage":"es","@id":"https:\/\/diariotextual.com\/inicio\/index.php\/2019\/07\/30\/obesidad-infantil-la-pampa-la-sufre-32\/#primaryimage","url":"https:\/\/diariotextual.com\/inicio\/wp-content\/uploads\/2019\/07\/obesidadinfantil22.jpg","contentUrl":"https:\/\/diariotextual.com\/inicio\/wp-content\/uploads\/2019\/07\/obesidadinfantil22.jpg","width":800,"height":491},{"@type":"BreadcrumbList","@id":"https:\/\/diariotextual.com\/inicio\/index.php\/2019\/07\/30\/obesidad-infantil-la-pampa-la-sufre-32\/#breadcrumb","itemListElement":[{"@type":"ListItem","position":1,"name":"Portada","item":"https:\/\/diariotextual.com\/inicio\/"},{"@type":"ListItem","position":2,"name":"Obesidad infantil: en La Pampa la sufre el 32%"}]},{"@type":"WebSite","@id":"https:\/\/diariotextual.com\/inicio\/#website","url":"https:\/\/diariotextual.com\/inicio\/","name":"Diario Textual","description":"","publisher":{"@id":"https:\/\/diariotextual.com\/inicio\/#organization"},"potentialAction":[{"@type":"SearchAction","target":{"@type":"EntryPoint","urlTemplate":"https:\/\/diariotextual.com\/inicio\/?s={search_term_string}"},"query-input":{"@type":"PropertyValueSpecification","valueRequired":true,"valueName":"search_term_string"}}],"inLanguage":"es"},{"@type":"Organization","@id":"https:\/\/diariotextual.com\/inicio\/#organization","name":"Diario Textual","url":"https:\/\/diariotextual.com\/inicio\/","logo":{"@type":"ImageObject","inLanguage":"es","@id":"https:\/\/diariotextual.com\/inicio\/#\/schema\/logo\/image\/","url":"https:\/\/diariotextual.com\/inicio\/wp-content\/uploads\/2023\/05\/logotextual1.jpg","contentUrl":"https:\/\/diariotextual.com\/inicio\/wp-content\/uploads\/2023\/05\/logotextual1.jpg","width":516,"height":76,"caption":"Diario Textual"},"image":{"@id":"https:\/\/diariotextual.com\/inicio\/#\/schema\/logo\/image\/"},"sameAs":["https:\/\/www.facebook.com\/eltextual","https:\/\/x.com\/eltextual","http:\/\/www.instagram.com\/eltextual"]},{"@type":"Person","@id":"https:\/\/diariotextual.com\/inicio\/#\/schema\/person\/418fc4093c33e86ed41562db3508f958","name":"Diario1 Diario1","image":{"@type":"ImageObject","inLanguage":"es","@id":"https:\/\/secure.gravatar.com\/avatar\/9167d280179c85bc18be67aa7eda765854300033af4896dd779b608640f2ef7a?s=96&d=mm&r=g","url":"https:\/\/secure.gravatar.com\/avatar\/9167d280179c85bc18be67aa7eda765854300033af4896dd779b608640f2ef7a?s=96&d=mm&r=g","contentUrl":"https:\/\/secure.gravatar.com\/avatar\/9167d280179c85bc18be67aa7eda765854300033af4896dd779b608640f2ef7a?s=96&d=mm&r=g","caption":"Diario1 Diario1"},"url":"https:\/\/diariotextual.com\/inicio\/index.php\/author\/diario1\/"}]}},"_links":{"self":[{"href":"https:\/\/diariotextual.com\/inicio\/index.php\/wp-json\/wp\/v2\/posts\/57565","targetHints":{"allow":["GET"]}}],"collection":[{"href":"https:\/\/diariotextual.com\/inicio\/index.php\/wp-json\/wp\/v2\/posts"}],"about":[{"href":"https:\/\/diariotextual.com\/inicio\/index.php\/wp-json\/wp\/v2\/types\/post"}],"author":[{"embeddable":true,"href":"https:\/\/diariotextual.com\/inicio\/index.php\/wp-json\/wp\/v2\/users\/3"}],"replies":[{"embeddable":true,"href":"https:\/\/diariotextual.com\/inicio\/index.php\/wp-json\/wp\/v2\/comments?post=57565"}],"version-history":[{"count":2,"href":"https:\/\/diariotextual.com\/inicio\/index.php\/wp-json\/wp\/v2\/posts\/57565\/revisions"}],"predecessor-version":[{"id":57572,"href":"https:\/\/diariotextual.com\/inicio\/index.php\/wp-json\/wp\/v2\/posts\/57565\/revisions\/57572"}],"wp:featuredmedia":[{"embeddable":true,"href":"https:\/\/diariotextual.com\/inicio\/index.php\/wp-json\/wp\/v2\/media\/57566"}],"wp:attachment":[{"href":"https:\/\/diariotextual.com\/inicio\/index.php\/wp-json\/wp\/v2\/media?parent=57565"}],"wp:term":[{"taxonomy":"category","embeddable":true,"href":"https:\/\/diariotextual.com\/inicio\/index.php\/wp-json\/wp\/v2\/categories?post=57565"},{"taxonomy":"post_tag","embeddable":true,"href":"https:\/\/diariotextual.com\/inicio\/index.php\/wp-json\/wp\/v2\/tags?post=57565"}],"curies":[{"name":"wp","href":"https:\/\/api.w.org\/{rel}","templated":true}]}}