{"id":57619,"date":"2019-07-30T12:59:17","date_gmt":"2019-07-30T15:59:17","guid":{"rendered":"http:\/\/diariotextual.com\/inicio\/?p=57619"},"modified":"2019-07-31T11:52:13","modified_gmt":"2019-07-31T14:52:13","slug":"municipio-ratifico-la-denuncia-penal-la-ocupacion-terrenos","status":"publish","type":"post","link":"https:\/\/diariotextual.com\/inicio\/index.php\/2019\/07\/30\/municipio-ratifico-la-denuncia-penal-la-ocupacion-terrenos\/","title":{"rendered":"El municipio ratific\u00f3 las cinco denuncias penales por la ocupaci\u00f3n de terrenos"},"content":{"rendered":"<p>La municipalidad de Santa Rosa <strong>ratific\u00f3 este martes las cinco denuncias penales por la ocupaci\u00f3n terrenos<\/strong> comunales. El tr\u00e1mite fue cumplimentado por el director de Asuntos Jur\u00eddicos, Claudio P\u00e9rez De la Prida y el secretario de Gobierno, Fernando Pina.<\/p>\n<blockquote class=\"wp-embedded-content\" data-secret=\"7d6VdEBdLS\"><p><a href=\"http:\/\/diariotextual.com\/inicio\/index.php\/2019\/07\/30\/asentamiento-micaela-garcia-14-fotos\/\">El asentamiento Micaela Garc\u00eda en 14 fotos<\/a><\/p><\/blockquote>\n<p><iframe class=\"wp-embedded-content\" sandbox=\"allow-scripts\" security=\"restricted\" style=\"position: absolute; clip: rect(1px, 1px, 1px, 1px);\" src=\"http:\/\/diariotextual.com\/inicio\/index.php\/2019\/07\/30\/asentamiento-micaela-garcia-14-fotos\/embed\/#?secret=7d6VdEBdLS\" data-secret=\"7d6VdEBdLS\" width=\"600\" height=\"338\" title=\"&#171;El asentamiento Micaela Garc\u00eda en 14 fotos&#187; &#8212; Diario Textual\" frameborder=\"0\" marginwidth=\"0\" marginheight=\"0\" scrolling=\"no\"><\/iframe><\/p>\n<p>\u00abRatificamos la denuncia ante el equipo de fiscales. Lo hicimos porque de lo contrario estar\u00edamos incumpliendo con los deberes de funcionario p\u00fablico\u00bb, dijo a Diario Textual el secretario de Gobierno, Fernando Pina.<\/p>\n<p>En un primer momento denunciaron la\u00a0ocupaci\u00f3n que est\u00e1n realizando unas 300 familias\u00a0en dos sectores de la ciudad capital, el llamado asentamiento Nuevo Salitral, en cercan\u00edas de la Laguna Don Tom\u00e1s, y en el asentamiento Micaela Garc\u00eda, en tierras lindantes al barrio Santa Mar\u00eda de La Pampa. Pero luego la ampliaron a otros tres lugares, Villa Uhalde, Villa Germinal y El Molino, donde tambi\u00e9n tomaron terrenos.<\/p>\n<p>La decisi\u00f3n pol\u00edtica de ir a la Justicia la tom\u00f3 la intendencia de Leandro Altolaguirre sin\u00a0haber abordado esta grave problem\u00e1tica social y habitacional que empuj\u00f3 a decenas de familias que no pueden pagar un alquiler o no tienen adonde vivir a tomar terrenos fiscales para levantar sus precarias casas.<\/p>\n<p>Adem\u00e1s de estas denuncias de la municipalidad, hay denuncias de personas particulares por las tomas en Nuevo Salitral. Dicen ser titulares o poseedores de terrenos que ocuparon.<\/p>\n<p>&nbsp;<\/p>\n<p>&nbsp;<\/p>\n<p>&nbsp;<\/p>\n","protected":false},"excerpt":{"rendered":"<p>La municipalidad de Santa Rosa ratific\u00f3 este martes las cinco denuncias penales por la ocupaci\u00f3n terrenos comunales. El tr\u00e1mite fue cumplimentado por el director de Asuntos Jur\u00eddicos, Claudio P\u00e9rez De&hellip;<\/p>\n","protected":false},"author":7,"featured_media":55715,"comment_status":"closed","ping_status":"open","sticky":false,"template":"","format":"standard","meta":{"_acf_changed":false,"footnotes":""},"categories":[319,8],"tags":[2101],"class_list":["post-57619","post","type-post","status-publish","format-standard","has-post-thumbnail","hentry","category-a-temporales","category-politica","tag-asentamientos"],"acf":[],"yoast_head":"<!-- This site is optimized with the Yoast SEO plugin v27.5 - https:\/\/yoast.com\/product\/yoast-seo-wordpress\/ -->\n<title>El municipio ratific\u00f3 las cinco denuncias penales por la ocupaci\u00f3n de terrenos - Diario Textual<\/title>\n<meta name=\"robots\" content=\"index, follow, max-snippet:-1, max-image-preview:large, max-video-preview:-1\" \/>\n<link rel=\"canonical\" href=\"https:\/\/diariotextual.com\/inicio\/index.php\/2019\/07\/30\/municipio-ratifico-la-denuncia-penal-la-ocupacion-terrenos\/\" \/>\n<meta property=\"og:locale\" content=\"es_ES\" \/>\n<meta property=\"og:type\" content=\"article\" \/>\n<meta property=\"og:title\" content=\"El municipio ratific\u00f3 las cinco denuncias penales por la ocupaci\u00f3n de terrenos - Diario Textual\" \/>\n<meta property=\"og:description\" content=\"La municipalidad de Santa Rosa ratific\u00f3 este martes las cinco denuncias penales por la ocupaci\u00f3n terrenos comunales. El tr\u00e1mite fue cumplimentado por el director de Asuntos Jur\u00eddicos, Claudio P\u00e9rez De&hellip;\" \/>\n<meta property=\"og:url\" content=\"https:\/\/diariotextual.com\/inicio\/index.php\/2019\/07\/30\/municipio-ratifico-la-denuncia-penal-la-ocupacion-terrenos\/\" \/>\n<meta property=\"og:site_name\" content=\"Diario Textual\" \/>\n<meta property=\"article:publisher\" content=\"https:\/\/www.facebook.com\/eltextual\" \/>\n<meta property=\"article:published_time\" content=\"2019-07-30T15:59:17+00:00\" \/>\n<meta property=\"article:modified_time\" content=\"2019-07-31T14:52:13+00:00\" \/>\n<meta property=\"og:image\" content=\"https:\/\/diariotextual.com\/inicio\/wp-content\/uploads\/2019\/07\/asentamientoelsalitral2019-21.jpg\" \/>\n\t<meta property=\"og:image:width\" content=\"1100\" \/>\n\t<meta property=\"og:image:height\" content=\"672\" \/>\n\t<meta property=\"og:image:type\" content=\"image\/jpeg\" \/>\n<meta name=\"author\" content=\"diario5\" \/>\n<meta name=\"twitter:card\" content=\"summary_large_image\" \/>\n<meta name=\"twitter:creator\" content=\"@eltextual\" \/>\n<meta name=\"twitter:site\" content=\"@eltextual\" \/>\n<meta name=\"twitter:label1\" content=\"Escrito por\" \/>\n\t<meta name=\"twitter:data1\" content=\"diario5\" \/>\n\t<meta name=\"twitter:label2\" content=\"Tiempo de lectura\" \/>\n\t<meta name=\"twitter:data2\" content=\"1 minuto\" \/>\n<script type=\"application\/ld+json\" class=\"yoast-schema-graph\">{\"@context\":\"https:\\\/\\\/schema.org\",\"@graph\":[{\"@type\":\"Article\",\"@id\":\"https:\\\/\\\/diariotextual.com\\\/inicio\\\/index.php\\\/2019\\\/07\\\/30\\\/municipio-ratifico-la-denuncia-penal-la-ocupacion-terrenos\\\/#article\",\"isPartOf\":{\"@id\":\"https:\\\/\\\/diariotextual.com\\\/inicio\\\/index.php\\\/2019\\\/07\\\/30\\\/municipio-ratifico-la-denuncia-penal-la-ocupacion-terrenos\\\/\"},\"author\":{\"name\":\"diario5\",\"@id\":\"https:\\\/\\\/diariotextual.com\\\/inicio\\\/#\\\/schema\\\/person\\\/c7834961ad8b29b1d9cdbf4571299067\"},\"headline\":\"El municipio ratific\u00f3 las cinco denuncias penales por la ocupaci\u00f3n de terrenos\",\"datePublished\":\"2019-07-30T15:59:17+00:00\",\"dateModified\":\"2019-07-31T14:52:13+00:00\",\"mainEntityOfPage\":{\"@id\":\"https:\\\/\\\/diariotextual.com\\\/inicio\\\/index.php\\\/2019\\\/07\\\/30\\\/municipio-ratifico-la-denuncia-penal-la-ocupacion-terrenos\\\/\"},\"wordCount\":255,\"publisher\":{\"@id\":\"https:\\\/\\\/diariotextual.com\\\/inicio\\\/#organization\"},\"image\":{\"@id\":\"https:\\\/\\\/diariotextual.com\\\/inicio\\\/index.php\\\/2019\\\/07\\\/30\\\/municipio-ratifico-la-denuncia-penal-la-ocupacion-terrenos\\\/#primaryimage\"},\"thumbnailUrl\":\"https:\\\/\\\/diariotextual.com\\\/inicio\\\/wp-content\\\/uploads\\\/2019\\\/07\\\/asentamientoelsalitral2019-21.jpg\",\"keywords\":[\"asentamientos\"],\"articleSection\":[\"A - TEMPORALES\",\"POLITICA\"],\"inLanguage\":\"es\"},{\"@type\":\"WebPage\",\"@id\":\"https:\\\/\\\/diariotextual.com\\\/inicio\\\/index.php\\\/2019\\\/07\\\/30\\\/municipio-ratifico-la-denuncia-penal-la-ocupacion-terrenos\\\/\",\"url\":\"https:\\\/\\\/diariotextual.com\\\/inicio\\\/index.php\\\/2019\\\/07\\\/30\\\/municipio-ratifico-la-denuncia-penal-la-ocupacion-terrenos\\\/\",\"name\":\"El municipio ratific\u00f3 las cinco denuncias penales por la ocupaci\u00f3n de terrenos - Diario Textual\",\"isPartOf\":{\"@id\":\"https:\\\/\\\/diariotextual.com\\\/inicio\\\/#website\"},\"primaryImageOfPage\":{\"@id\":\"https:\\\/\\\/diariotextual.com\\\/inicio\\\/index.php\\\/2019\\\/07\\\/30\\\/municipio-ratifico-la-denuncia-penal-la-ocupacion-terrenos\\\/#primaryimage\"},\"image\":{\"@id\":\"https:\\\/\\\/diariotextual.com\\\/inicio\\\/index.php\\\/2019\\\/07\\\/30\\\/municipio-ratifico-la-denuncia-penal-la-ocupacion-terrenos\\\/#primaryimage\"},\"thumbnailUrl\":\"https:\\\/\\\/diariotextual.com\\\/inicio\\\/wp-content\\\/uploads\\\/2019\\\/07\\\/asentamientoelsalitral2019-21.jpg\",\"datePublished\":\"2019-07-30T15:59:17+00:00\",\"dateModified\":\"2019-07-31T14:52:13+00:00\",\"breadcrumb\":{\"@id\":\"https:\\\/\\\/diariotextual.com\\\/inicio\\\/index.php\\\/2019\\\/07\\\/30\\\/municipio-ratifico-la-denuncia-penal-la-ocupacion-terrenos\\\/#breadcrumb\"},\"inLanguage\":\"es\",\"potentialAction\":[{\"@type\":\"ReadAction\",\"target\":[\"https:\\\/\\\/diariotextual.com\\\/inicio\\\/index.php\\\/2019\\\/07\\\/30\\\/municipio-ratifico-la-denuncia-penal-la-ocupacion-terrenos\\\/\"]}]},{\"@type\":\"ImageObject\",\"inLanguage\":\"es\",\"@id\":\"https:\\\/\\\/diariotextual.com\\\/inicio\\\/index.php\\\/2019\\\/07\\\/30\\\/municipio-ratifico-la-denuncia-penal-la-ocupacion-terrenos\\\/#primaryimage\",\"url\":\"https:\\\/\\\/diariotextual.com\\\/inicio\\\/wp-content\\\/uploads\\\/2019\\\/07\\\/asentamientoelsalitral2019-21.jpg\",\"contentUrl\":\"https:\\\/\\\/diariotextual.com\\\/inicio\\\/wp-content\\\/uploads\\\/2019\\\/07\\\/asentamientoelsalitral2019-21.jpg\",\"width\":1100,\"height\":672},{\"@type\":\"BreadcrumbList\",\"@id\":\"https:\\\/\\\/diariotextual.com\\\/inicio\\\/index.php\\\/2019\\\/07\\\/30\\\/municipio-ratifico-la-denuncia-penal-la-ocupacion-terrenos\\\/#breadcrumb\",\"itemListElement\":[{\"@type\":\"ListItem\",\"position\":1,\"name\":\"Portada\",\"item\":\"https:\\\/\\\/diariotextual.com\\\/inicio\\\/\"},{\"@type\":\"ListItem\",\"position\":2,\"name\":\"El municipio ratific\u00f3 las cinco denuncias penales por la ocupaci\u00f3n de terrenos\"}]},{\"@type\":\"WebSite\",\"@id\":\"https:\\\/\\\/diariotextual.com\\\/inicio\\\/#website\",\"url\":\"https:\\\/\\\/diariotextual.com\\\/inicio\\\/\",\"name\":\"Diario Textual\",\"description\":\"\",\"publisher\":{\"@id\":\"https:\\\/\\\/diariotextual.com\\\/inicio\\\/#organization\"},\"potentialAction\":[{\"@type\":\"SearchAction\",\"target\":{\"@type\":\"EntryPoint\",\"urlTemplate\":\"https:\\\/\\\/diariotextual.com\\\/inicio\\\/?s={search_term_string}\"},\"query-input\":{\"@type\":\"PropertyValueSpecification\",\"valueRequired\":true,\"valueName\":\"search_term_string\"}}],\"inLanguage\":\"es\"},{\"@type\":\"Organization\",\"@id\":\"https:\\\/\\\/diariotextual.com\\\/inicio\\\/#organization\",\"name\":\"Diario Textual\",\"url\":\"https:\\\/\\\/diariotextual.com\\\/inicio\\\/\",\"logo\":{\"@type\":\"ImageObject\",\"inLanguage\":\"es\",\"@id\":\"https:\\\/\\\/diariotextual.com\\\/inicio\\\/#\\\/schema\\\/logo\\\/image\\\/\",\"url\":\"https:\\\/\\\/diariotextual.com\\\/inicio\\\/wp-content\\\/uploads\\\/2023\\\/05\\\/logotextual1.jpg\",\"contentUrl\":\"https:\\\/\\\/diariotextual.com\\\/inicio\\\/wp-content\\\/uploads\\\/2023\\\/05\\\/logotextual1.jpg\",\"width\":516,\"height\":76,\"caption\":\"Diario Textual\"},\"image\":{\"@id\":\"https:\\\/\\\/diariotextual.com\\\/inicio\\\/#\\\/schema\\\/logo\\\/image\\\/\"},\"sameAs\":[\"https:\\\/\\\/www.facebook.com\\\/eltextual\",\"https:\\\/\\\/x.com\\\/eltextual\",\"http:\\\/\\\/www.instagram.com\\\/eltextual\"]},{\"@type\":\"Person\",\"@id\":\"https:\\\/\\\/diariotextual.com\\\/inicio\\\/#\\\/schema\\\/person\\\/c7834961ad8b29b1d9cdbf4571299067\",\"name\":\"diario5\",\"image\":{\"@type\":\"ImageObject\",\"inLanguage\":\"es\",\"@id\":\"https:\\\/\\\/secure.gravatar.com\\\/avatar\\\/948c893b847ca6df68216ead81b63f363408ec9b0f600fefc0641ce78613b111?s=96&d=mm&r=g\",\"url\":\"https:\\\/\\\/secure.gravatar.com\\\/avatar\\\/948c893b847ca6df68216ead81b63f363408ec9b0f600fefc0641ce78613b111?s=96&d=mm&r=g\",\"contentUrl\":\"https:\\\/\\\/secure.gravatar.com\\\/avatar\\\/948c893b847ca6df68216ead81b63f363408ec9b0f600fefc0641ce78613b111?s=96&d=mm&r=g\",\"caption\":\"diario5\"},\"url\":\"https:\\\/\\\/diariotextual.com\\\/inicio\\\/index.php\\\/author\\\/diario5\\\/\"}]}<\/script>\n<!-- \/ Yoast SEO plugin. -->","yoast_head_json":{"title":"El municipio ratific\u00f3 las cinco denuncias penales por la ocupaci\u00f3n de terrenos - Diario Textual","robots":{"index":"index","follow":"follow","max-snippet":"max-snippet:-1","max-image-preview":"max-image-preview:large","max-video-preview":"max-video-preview:-1"},"canonical":"https:\/\/diariotextual.com\/inicio\/index.php\/2019\/07\/30\/municipio-ratifico-la-denuncia-penal-la-ocupacion-terrenos\/","og_locale":"es_ES","og_type":"article","og_title":"El municipio ratific\u00f3 las cinco denuncias penales por la ocupaci\u00f3n de terrenos - Diario Textual","og_description":"La municipalidad de Santa Rosa ratific\u00f3 este martes las cinco denuncias penales por la ocupaci\u00f3n terrenos comunales. El tr\u00e1mite fue cumplimentado por el director de Asuntos Jur\u00eddicos, Claudio P\u00e9rez De&hellip;","og_url":"https:\/\/diariotextual.com\/inicio\/index.php\/2019\/07\/30\/municipio-ratifico-la-denuncia-penal-la-ocupacion-terrenos\/","og_site_name":"Diario Textual","article_publisher":"https:\/\/www.facebook.com\/eltextual","article_published_time":"2019-07-30T15:59:17+00:00","article_modified_time":"2019-07-31T14:52:13+00:00","og_image":[{"width":1100,"height":672,"url":"https:\/\/diariotextual.com\/inicio\/wp-content\/uploads\/2019\/07\/asentamientoelsalitral2019-21.jpg","type":"image\/jpeg"}],"author":"diario5","twitter_card":"summary_large_image","twitter_creator":"@eltextual","twitter_site":"@eltextual","twitter_misc":{"Escrito por":"diario5","Tiempo de lectura":"1 minuto"},"schema":{"@context":"https:\/\/schema.org","@graph":[{"@type":"Article","@id":"https:\/\/diariotextual.com\/inicio\/index.php\/2019\/07\/30\/municipio-ratifico-la-denuncia-penal-la-ocupacion-terrenos\/#article","isPartOf":{"@id":"https:\/\/diariotextual.com\/inicio\/index.php\/2019\/07\/30\/municipio-ratifico-la-denuncia-penal-la-ocupacion-terrenos\/"},"author":{"name":"diario5","@id":"https:\/\/diariotextual.com\/inicio\/#\/schema\/person\/c7834961ad8b29b1d9cdbf4571299067"},"headline":"El municipio ratific\u00f3 las cinco denuncias penales por la ocupaci\u00f3n de terrenos","datePublished":"2019-07-30T15:59:17+00:00","dateModified":"2019-07-31T14:52:13+00:00","mainEntityOfPage":{"@id":"https:\/\/diariotextual.com\/inicio\/index.php\/2019\/07\/30\/municipio-ratifico-la-denuncia-penal-la-ocupacion-terrenos\/"},"wordCount":255,"publisher":{"@id":"https:\/\/diariotextual.com\/inicio\/#organization"},"image":{"@id":"https:\/\/diariotextual.com\/inicio\/index.php\/2019\/07\/30\/municipio-ratifico-la-denuncia-penal-la-ocupacion-terrenos\/#primaryimage"},"thumbnailUrl":"https:\/\/diariotextual.com\/inicio\/wp-content\/uploads\/2019\/07\/asentamientoelsalitral2019-21.jpg","keywords":["asentamientos"],"articleSection":["A - TEMPORALES","POLITICA"],"inLanguage":"es"},{"@type":"WebPage","@id":"https:\/\/diariotextual.com\/inicio\/index.php\/2019\/07\/30\/municipio-ratifico-la-denuncia-penal-la-ocupacion-terrenos\/","url":"https:\/\/diariotextual.com\/inicio\/index.php\/2019\/07\/30\/municipio-ratifico-la-denuncia-penal-la-ocupacion-terrenos\/","name":"El municipio ratific\u00f3 las cinco denuncias penales por la ocupaci\u00f3n de terrenos - Diario Textual","isPartOf":{"@id":"https:\/\/diariotextual.com\/inicio\/#website"},"primaryImageOfPage":{"@id":"https:\/\/diariotextual.com\/inicio\/index.php\/2019\/07\/30\/municipio-ratifico-la-denuncia-penal-la-ocupacion-terrenos\/#primaryimage"},"image":{"@id":"https:\/\/diariotextual.com\/inicio\/index.php\/2019\/07\/30\/municipio-ratifico-la-denuncia-penal-la-ocupacion-terrenos\/#primaryimage"},"thumbnailUrl":"https:\/\/diariotextual.com\/inicio\/wp-content\/uploads\/2019\/07\/asentamientoelsalitral2019-21.jpg","datePublished":"2019-07-30T15:59:17+00:00","dateModified":"2019-07-31T14:52:13+00:00","breadcrumb":{"@id":"https:\/\/diariotextual.com\/inicio\/index.php\/2019\/07\/30\/municipio-ratifico-la-denuncia-penal-la-ocupacion-terrenos\/#breadcrumb"},"inLanguage":"es","potentialAction":[{"@type":"ReadAction","target":["https:\/\/diariotextual.com\/inicio\/index.php\/2019\/07\/30\/municipio-ratifico-la-denuncia-penal-la-ocupacion-terrenos\/"]}]},{"@type":"ImageObject","inLanguage":"es","@id":"https:\/\/diariotextual.com\/inicio\/index.php\/2019\/07\/30\/municipio-ratifico-la-denuncia-penal-la-ocupacion-terrenos\/#primaryimage","url":"https:\/\/diariotextual.com\/inicio\/wp-content\/uploads\/2019\/07\/asentamientoelsalitral2019-21.jpg","contentUrl":"https:\/\/diariotextual.com\/inicio\/wp-content\/uploads\/2019\/07\/asentamientoelsalitral2019-21.jpg","width":1100,"height":672},{"@type":"BreadcrumbList","@id":"https:\/\/diariotextual.com\/inicio\/index.php\/2019\/07\/30\/municipio-ratifico-la-denuncia-penal-la-ocupacion-terrenos\/#breadcrumb","itemListElement":[{"@type":"ListItem","position":1,"name":"Portada","item":"https:\/\/diariotextual.com\/inicio\/"},{"@type":"ListItem","position":2,"name":"El municipio ratific\u00f3 las cinco denuncias penales por la ocupaci\u00f3n de terrenos"}]},{"@type":"WebSite","@id":"https:\/\/diariotextual.com\/inicio\/#website","url":"https:\/\/diariotextual.com\/inicio\/","name":"Diario Textual","description":"","publisher":{"@id":"https:\/\/diariotextual.com\/inicio\/#organization"},"potentialAction":[{"@type":"SearchAction","target":{"@type":"EntryPoint","urlTemplate":"https:\/\/diariotextual.com\/inicio\/?s={search_term_string}"},"query-input":{"@type":"PropertyValueSpecification","valueRequired":true,"valueName":"search_term_string"}}],"inLanguage":"es"},{"@type":"Organization","@id":"https:\/\/diariotextual.com\/inicio\/#organization","name":"Diario Textual","url":"https:\/\/diariotextual.com\/inicio\/","logo":{"@type":"ImageObject","inLanguage":"es","@id":"https:\/\/diariotextual.com\/inicio\/#\/schema\/logo\/image\/","url":"https:\/\/diariotextual.com\/inicio\/wp-content\/uploads\/2023\/05\/logotextual1.jpg","contentUrl":"https:\/\/diariotextual.com\/inicio\/wp-content\/uploads\/2023\/05\/logotextual1.jpg","width":516,"height":76,"caption":"Diario Textual"},"image":{"@id":"https:\/\/diariotextual.com\/inicio\/#\/schema\/logo\/image\/"},"sameAs":["https:\/\/www.facebook.com\/eltextual","https:\/\/x.com\/eltextual","http:\/\/www.instagram.com\/eltextual"]},{"@type":"Person","@id":"https:\/\/diariotextual.com\/inicio\/#\/schema\/person\/c7834961ad8b29b1d9cdbf4571299067","name":"diario5","image":{"@type":"ImageObject","inLanguage":"es","@id":"https:\/\/secure.gravatar.com\/avatar\/948c893b847ca6df68216ead81b63f363408ec9b0f600fefc0641ce78613b111?s=96&d=mm&r=g","url":"https:\/\/secure.gravatar.com\/avatar\/948c893b847ca6df68216ead81b63f363408ec9b0f600fefc0641ce78613b111?s=96&d=mm&r=g","contentUrl":"https:\/\/secure.gravatar.com\/avatar\/948c893b847ca6df68216ead81b63f363408ec9b0f600fefc0641ce78613b111?s=96&d=mm&r=g","caption":"diario5"},"url":"https:\/\/diariotextual.com\/inicio\/index.php\/author\/diario5\/"}]}},"_links":{"self":[{"href":"https:\/\/diariotextual.com\/inicio\/index.php\/wp-json\/wp\/v2\/posts\/57619","targetHints":{"allow":["GET"]}}],"collection":[{"href":"https:\/\/diariotextual.com\/inicio\/index.php\/wp-json\/wp\/v2\/posts"}],"about":[{"href":"https:\/\/diariotextual.com\/inicio\/index.php\/wp-json\/wp\/v2\/types\/post"}],"author":[{"embeddable":true,"href":"https:\/\/diariotextual.com\/inicio\/index.php\/wp-json\/wp\/v2\/users\/7"}],"replies":[{"embeddable":true,"href":"https:\/\/diariotextual.com\/inicio\/index.php\/wp-json\/wp\/v2\/comments?post=57619"}],"version-history":[{"count":5,"href":"https:\/\/diariotextual.com\/inicio\/index.php\/wp-json\/wp\/v2\/posts\/57619\/revisions"}],"predecessor-version":[{"id":57628,"href":"https:\/\/diariotextual.com\/inicio\/index.php\/wp-json\/wp\/v2\/posts\/57619\/revisions\/57628"}],"wp:featuredmedia":[{"embeddable":true,"href":"https:\/\/diariotextual.com\/inicio\/index.php\/wp-json\/wp\/v2\/media\/55715"}],"wp:attachment":[{"href":"https:\/\/diariotextual.com\/inicio\/index.php\/wp-json\/wp\/v2\/media?parent=57619"}],"wp:term":[{"taxonomy":"category","embeddable":true,"href":"https:\/\/diariotextual.com\/inicio\/index.php\/wp-json\/wp\/v2\/categories?post=57619"},{"taxonomy":"post_tag","embeddable":true,"href":"https:\/\/diariotextual.com\/inicio\/index.php\/wp-json\/wp\/v2\/tags?post=57619"}],"curies":[{"name":"wp","href":"https:\/\/api.w.org\/{rel}","templated":true}]}}