{"id":57626,"date":"2019-07-30T13:10:46","date_gmt":"2019-07-30T16:10:46","guid":{"rendered":"http:\/\/diariotextual.com\/inicio\/?p=57626"},"modified":"2019-07-31T06:47:22","modified_gmt":"2019-07-31T09:47:22","slug":"medica-denuncio-violencia-laboral-comisario-fue-sancionada","status":"publish","type":"post","link":"https:\/\/diariotextual.com\/inicio\/index.php\/2019\/07\/30\/medica-denuncio-violencia-laboral-comisario-fue-sancionada\/","title":{"rendered":"M\u00e9dica denunci\u00f3 por violencia laboral a un comisario y fue sancionada"},"content":{"rendered":"<p>La m\u00e9dica psiquiatra del Servicio de Sanidad Policial de la Provincia de La Pampa, Marcela Paladino, solicit\u00f3 a la Jefatura de Polic\u00eda que se le levante una <strong>sanci\u00f3n disciplinaria<\/strong> que se impuso luego de denunciar por violencia laboral a su jefe, el comisario Jos\u00e9 Manuel Mend\u00eda.<\/p>\n<p>En un principio, la profesional fue hostigada para que modificara o corrigiera los informes de evaluaci\u00f3n cl\u00ednica, en facetas netamente m\u00e9dicas de especialidad psiqui\u00e1trica.<\/p>\n<p>Luego, <strong>el espiral de violencia hacia Paladino fue creciendo y avanz\u00f3 hacia la desfuncionalizaci\u00f3n y luego hacia un formato m\u00e1s concreto de \u00abcoacci\u00f3n, represalias y violencia verbal\u00bb<\/strong>, seg\u00fan denunci\u00f3 la m\u00e9dica.<\/p>\n<p>Por esto, la profesional padeci\u00f3 una sanci\u00f3n de arresto de seis d\u00edas, por doce horas cada uno de ellos, sin poder cumplir tareas dentro del Servicio de Sanidad ni ejercer mi actividad profesional privada.<\/p>\n<p><strong>\u201cEl antecedente es in\u00e9dito,<\/strong> fue la primera vez en la historia del Servicio que se aplicaba una sanci\u00f3n de arresto a un profesional m\u00e9dico. Durante los d\u00edas de arresto, entre el 3 y el 8 de julio de 2018, Marcela Paladino experiment\u00f3 los nefastos efectos psicol\u00f3gicos, emocionales y simb\u00f3licos de una pena privativa de libertad que se encuentra prevista en el r\u00e9gimen disciplinario del personal policial de la Norma Jur\u00eddica de Facto 1034\/80 y es de uso frecuente en la fuerza\u201d, explic\u00f3 la abogada Mar\u00eda Julia Coito.<\/p>\n<p>\u00abFinalmente -ampli\u00f3-, frente a una situaci\u00f3n de violencia verbal padecida por el comisario mayor Jos\u00e9 Manuel Mend\u00eda, <strong>la profesional decidi\u00f3 elevar una nota a su superior con finalidad de informarlo sobre lo sucedido<\/strong> y aportar positivamente a la implementaci\u00f3n de estrategias de resoluci\u00f3n de conflicto, pautas claras de trabajo, diferenciaci\u00f3n de roles y un buen clima laboral\u00bb.<\/p>\n<p>Ante ello, por considerar que hab\u00eda cuestionado una orden de un superior, <strong>se le aplic\u00f3 una nueva sanci\u00f3n de arresto<\/strong> de ocho d\u00edas. Ahora, Paladino est\u00e1 pidiendo que se le levante esa sanci\u00f3n para poder desempe\u00f1ar su profesi\u00f3n.<\/p>\n<p>\u201cPor los padecimientos y afecciones que la violencia laboral le gener\u00f3, la profesional ya no pudo regresar a trabajar y se encuentra hasta la actualidad con una carpeta psiqui\u00e1trica\u201d, explic\u00f3 Coito.<\/p>\n<p>En la nota presentada ante la Jefatura de Polic\u00eda la m\u00e9dica cuestion\u00f3 la medida privativa de la libertad impuesta en base a una \u201cdecisi\u00f3n arbitraria, abusiva y violenta\u201d desde el punto de vista laboral.<\/p>\n<p>Por otra parte, la Fiscal\u00eda de Investigaciones Administrativas de la Provincia de La Pampa \u2013que se encuentra investigando las conductas de Jos\u00e9 Manuel Mend\u00eda- consider\u00f3 necesario apartar al comisario mayor como condici\u00f3n para que la profesional pueda regresar a su trabajo.<\/p>\n<p>\u201cLa situaci\u00f3n pone en evidencia no s\u00f3lo la violencia que la profesional ha tenido que soportar en la instituci\u00f3n sino tambi\u00e9n los abusos habilitados por la normativa policial\u201d, evidenci\u00f3 Coito.<\/p>\n<p>.<\/p>\n","protected":false},"excerpt":{"rendered":"<p>La m\u00e9dica psiquiatra del Servicio de Sanidad Policial de la Provincia de La Pampa, Marcela Paladino, solicit\u00f3 a la Jefatura de Polic\u00eda que se le levante una sanci\u00f3n disciplinaria que&hellip;<\/p>\n","protected":false},"author":4,"featured_media":628,"comment_status":"closed","ping_status":"open","sticky":false,"template":"","format":"standard","meta":{"_acf_changed":false,"footnotes":""},"categories":[11,319,12],"tags":[],"class_list":["post-57626","post","type-post","status-publish","format-standard","has-post-thumbnail","hentry","category-que-pasa","category-a-temporales","category-sociedad"],"acf":[],"yoast_head":"<!-- This site is optimized with the Yoast SEO plugin v27.5 - https:\/\/yoast.com\/product\/yoast-seo-wordpress\/ -->\n<title>M\u00e9dica denunci\u00f3 por violencia laboral a un comisario y fue sancionada - Diario Textual<\/title>\n<meta name=\"robots\" content=\"index, follow, max-snippet:-1, max-image-preview:large, max-video-preview:-1\" \/>\n<link rel=\"canonical\" href=\"https:\/\/diariotextual.com\/inicio\/index.php\/2019\/07\/30\/medica-denuncio-violencia-laboral-comisario-fue-sancionada\/\" \/>\n<meta property=\"og:locale\" content=\"es_ES\" \/>\n<meta property=\"og:type\" content=\"article\" \/>\n<meta property=\"og:title\" content=\"M\u00e9dica denunci\u00f3 por violencia laboral a un comisario y fue sancionada - Diario Textual\" \/>\n<meta property=\"og:description\" content=\"La m\u00e9dica psiquiatra del Servicio de Sanidad Policial de la Provincia de La Pampa, Marcela Paladino, solicit\u00f3 a la Jefatura de Polic\u00eda que se le levante una sanci\u00f3n disciplinaria que&hellip;\" \/>\n<meta property=\"og:url\" content=\"https:\/\/diariotextual.com\/inicio\/index.php\/2019\/07\/30\/medica-denuncio-violencia-laboral-comisario-fue-sancionada\/\" \/>\n<meta property=\"og:site_name\" content=\"Diario Textual\" \/>\n<meta property=\"article:publisher\" content=\"https:\/\/www.facebook.com\/eltextual\" \/>\n<meta property=\"article:published_time\" content=\"2019-07-30T16:10:46+00:00\" \/>\n<meta property=\"article:modified_time\" content=\"2019-07-31T09:47:22+00:00\" \/>\n<meta property=\"og:image\" content=\"https:\/\/diariotextual.com\/inicio\/wp-content\/uploads\/2018\/03\/policiapatrullero3111.jpg\" \/>\n\t<meta property=\"og:image:width\" content=\"624\" \/>\n\t<meta property=\"og:image:height\" content=\"410\" \/>\n\t<meta property=\"og:image:type\" content=\"image\/jpeg\" \/>\n<meta name=\"author\" content=\"diario2\" \/>\n<meta name=\"twitter:card\" content=\"summary_large_image\" \/>\n<meta name=\"twitter:creator\" content=\"@eltextual\" \/>\n<meta name=\"twitter:site\" content=\"@eltextual\" \/>\n<meta name=\"twitter:label1\" content=\"Escrito por\" \/>\n\t<meta name=\"twitter:data1\" content=\"diario2\" \/>\n\t<meta name=\"twitter:label2\" content=\"Tiempo de lectura\" \/>\n\t<meta name=\"twitter:data2\" content=\"2 minutos\" \/>\n<script type=\"application\/ld+json\" class=\"yoast-schema-graph\">{\"@context\":\"https:\\\/\\\/schema.org\",\"@graph\":[{\"@type\":\"Article\",\"@id\":\"https:\\\/\\\/diariotextual.com\\\/inicio\\\/index.php\\\/2019\\\/07\\\/30\\\/medica-denuncio-violencia-laboral-comisario-fue-sancionada\\\/#article\",\"isPartOf\":{\"@id\":\"https:\\\/\\\/diariotextual.com\\\/inicio\\\/index.php\\\/2019\\\/07\\\/30\\\/medica-denuncio-violencia-laboral-comisario-fue-sancionada\\\/\"},\"author\":{\"name\":\"diario2\",\"@id\":\"https:\\\/\\\/diariotextual.com\\\/inicio\\\/#\\\/schema\\\/person\\\/694f60677f23c4a530867a98f22b3768\"},\"headline\":\"M\u00e9dica denunci\u00f3 por violencia laboral a un comisario y fue sancionada\",\"datePublished\":\"2019-07-30T16:10:46+00:00\",\"dateModified\":\"2019-07-31T09:47:22+00:00\",\"mainEntityOfPage\":{\"@id\":\"https:\\\/\\\/diariotextual.com\\\/inicio\\\/index.php\\\/2019\\\/07\\\/30\\\/medica-denuncio-violencia-laboral-comisario-fue-sancionada\\\/\"},\"wordCount\":508,\"publisher\":{\"@id\":\"https:\\\/\\\/diariotextual.com\\\/inicio\\\/#organization\"},\"image\":{\"@id\":\"https:\\\/\\\/diariotextual.com\\\/inicio\\\/index.php\\\/2019\\\/07\\\/30\\\/medica-denuncio-violencia-laboral-comisario-fue-sancionada\\\/#primaryimage\"},\"thumbnailUrl\":\"https:\\\/\\\/diariotextual.com\\\/inicio\\\/wp-content\\\/uploads\\\/2018\\\/03\\\/policiapatrullero3111.jpg\",\"articleSection\":[\"A - QUE PASA (al costado)\",\"A - TEMPORALES\",\"SOCIEDAD\"],\"inLanguage\":\"es\"},{\"@type\":\"WebPage\",\"@id\":\"https:\\\/\\\/diariotextual.com\\\/inicio\\\/index.php\\\/2019\\\/07\\\/30\\\/medica-denuncio-violencia-laboral-comisario-fue-sancionada\\\/\",\"url\":\"https:\\\/\\\/diariotextual.com\\\/inicio\\\/index.php\\\/2019\\\/07\\\/30\\\/medica-denuncio-violencia-laboral-comisario-fue-sancionada\\\/\",\"name\":\"M\u00e9dica denunci\u00f3 por violencia laboral a un comisario y fue sancionada - Diario Textual\",\"isPartOf\":{\"@id\":\"https:\\\/\\\/diariotextual.com\\\/inicio\\\/#website\"},\"primaryImageOfPage\":{\"@id\":\"https:\\\/\\\/diariotextual.com\\\/inicio\\\/index.php\\\/2019\\\/07\\\/30\\\/medica-denuncio-violencia-laboral-comisario-fue-sancionada\\\/#primaryimage\"},\"image\":{\"@id\":\"https:\\\/\\\/diariotextual.com\\\/inicio\\\/index.php\\\/2019\\\/07\\\/30\\\/medica-denuncio-violencia-laboral-comisario-fue-sancionada\\\/#primaryimage\"},\"thumbnailUrl\":\"https:\\\/\\\/diariotextual.com\\\/inicio\\\/wp-content\\\/uploads\\\/2018\\\/03\\\/policiapatrullero3111.jpg\",\"datePublished\":\"2019-07-30T16:10:46+00:00\",\"dateModified\":\"2019-07-31T09:47:22+00:00\",\"breadcrumb\":{\"@id\":\"https:\\\/\\\/diariotextual.com\\\/inicio\\\/index.php\\\/2019\\\/07\\\/30\\\/medica-denuncio-violencia-laboral-comisario-fue-sancionada\\\/#breadcrumb\"},\"inLanguage\":\"es\",\"potentialAction\":[{\"@type\":\"ReadAction\",\"target\":[\"https:\\\/\\\/diariotextual.com\\\/inicio\\\/index.php\\\/2019\\\/07\\\/30\\\/medica-denuncio-violencia-laboral-comisario-fue-sancionada\\\/\"]}]},{\"@type\":\"ImageObject\",\"inLanguage\":\"es\",\"@id\":\"https:\\\/\\\/diariotextual.com\\\/inicio\\\/index.php\\\/2019\\\/07\\\/30\\\/medica-denuncio-violencia-laboral-comisario-fue-sancionada\\\/#primaryimage\",\"url\":\"https:\\\/\\\/diariotextual.com\\\/inicio\\\/wp-content\\\/uploads\\\/2018\\\/03\\\/policiapatrullero3111.jpg\",\"contentUrl\":\"https:\\\/\\\/diariotextual.com\\\/inicio\\\/wp-content\\\/uploads\\\/2018\\\/03\\\/policiapatrullero3111.jpg\",\"width\":624,\"height\":410},{\"@type\":\"BreadcrumbList\",\"@id\":\"https:\\\/\\\/diariotextual.com\\\/inicio\\\/index.php\\\/2019\\\/07\\\/30\\\/medica-denuncio-violencia-laboral-comisario-fue-sancionada\\\/#breadcrumb\",\"itemListElement\":[{\"@type\":\"ListItem\",\"position\":1,\"name\":\"Portada\",\"item\":\"https:\\\/\\\/diariotextual.com\\\/inicio\\\/\"},{\"@type\":\"ListItem\",\"position\":2,\"name\":\"M\u00e9dica denunci\u00f3 por violencia laboral a un comisario y fue sancionada\"}]},{\"@type\":\"WebSite\",\"@id\":\"https:\\\/\\\/diariotextual.com\\\/inicio\\\/#website\",\"url\":\"https:\\\/\\\/diariotextual.com\\\/inicio\\\/\",\"name\":\"Diario Textual\",\"description\":\"\",\"publisher\":{\"@id\":\"https:\\\/\\\/diariotextual.com\\\/inicio\\\/#organization\"},\"potentialAction\":[{\"@type\":\"SearchAction\",\"target\":{\"@type\":\"EntryPoint\",\"urlTemplate\":\"https:\\\/\\\/diariotextual.com\\\/inicio\\\/?s={search_term_string}\"},\"query-input\":{\"@type\":\"PropertyValueSpecification\",\"valueRequired\":true,\"valueName\":\"search_term_string\"}}],\"inLanguage\":\"es\"},{\"@type\":\"Organization\",\"@id\":\"https:\\\/\\\/diariotextual.com\\\/inicio\\\/#organization\",\"name\":\"Diario Textual\",\"url\":\"https:\\\/\\\/diariotextual.com\\\/inicio\\\/\",\"logo\":{\"@type\":\"ImageObject\",\"inLanguage\":\"es\",\"@id\":\"https:\\\/\\\/diariotextual.com\\\/inicio\\\/#\\\/schema\\\/logo\\\/image\\\/\",\"url\":\"https:\\\/\\\/diariotextual.com\\\/inicio\\\/wp-content\\\/uploads\\\/2023\\\/05\\\/logotextual1.jpg\",\"contentUrl\":\"https:\\\/\\\/diariotextual.com\\\/inicio\\\/wp-content\\\/uploads\\\/2023\\\/05\\\/logotextual1.jpg\",\"width\":516,\"height\":76,\"caption\":\"Diario Textual\"},\"image\":{\"@id\":\"https:\\\/\\\/diariotextual.com\\\/inicio\\\/#\\\/schema\\\/logo\\\/image\\\/\"},\"sameAs\":[\"https:\\\/\\\/www.facebook.com\\\/eltextual\",\"https:\\\/\\\/x.com\\\/eltextual\",\"http:\\\/\\\/www.instagram.com\\\/eltextual\"]},{\"@type\":\"Person\",\"@id\":\"https:\\\/\\\/diariotextual.com\\\/inicio\\\/#\\\/schema\\\/person\\\/694f60677f23c4a530867a98f22b3768\",\"name\":\"diario2\",\"image\":{\"@type\":\"ImageObject\",\"inLanguage\":\"es\",\"@id\":\"https:\\\/\\\/secure.gravatar.com\\\/avatar\\\/5a2567495ba16b852fcd8f1ed006a2e24fcace936018ed8237e95f488ad6e0a7?s=96&d=mm&r=g\",\"url\":\"https:\\\/\\\/secure.gravatar.com\\\/avatar\\\/5a2567495ba16b852fcd8f1ed006a2e24fcace936018ed8237e95f488ad6e0a7?s=96&d=mm&r=g\",\"contentUrl\":\"https:\\\/\\\/secure.gravatar.com\\\/avatar\\\/5a2567495ba16b852fcd8f1ed006a2e24fcace936018ed8237e95f488ad6e0a7?s=96&d=mm&r=g\",\"caption\":\"diario2\"},\"url\":\"https:\\\/\\\/diariotextual.com\\\/inicio\\\/index.php\\\/author\\\/diario2\\\/\"}]}<\/script>\n<!-- \/ Yoast SEO plugin. -->","yoast_head_json":{"title":"M\u00e9dica denunci\u00f3 por violencia laboral a un comisario y fue sancionada - Diario Textual","robots":{"index":"index","follow":"follow","max-snippet":"max-snippet:-1","max-image-preview":"max-image-preview:large","max-video-preview":"max-video-preview:-1"},"canonical":"https:\/\/diariotextual.com\/inicio\/index.php\/2019\/07\/30\/medica-denuncio-violencia-laboral-comisario-fue-sancionada\/","og_locale":"es_ES","og_type":"article","og_title":"M\u00e9dica denunci\u00f3 por violencia laboral a un comisario y fue sancionada - Diario Textual","og_description":"La m\u00e9dica psiquiatra del Servicio de Sanidad Policial de la Provincia de La Pampa, Marcela Paladino, solicit\u00f3 a la Jefatura de Polic\u00eda que se le levante una sanci\u00f3n disciplinaria que&hellip;","og_url":"https:\/\/diariotextual.com\/inicio\/index.php\/2019\/07\/30\/medica-denuncio-violencia-laboral-comisario-fue-sancionada\/","og_site_name":"Diario Textual","article_publisher":"https:\/\/www.facebook.com\/eltextual","article_published_time":"2019-07-30T16:10:46+00:00","article_modified_time":"2019-07-31T09:47:22+00:00","og_image":[{"width":624,"height":410,"url":"https:\/\/diariotextual.com\/inicio\/wp-content\/uploads\/2018\/03\/policiapatrullero3111.jpg","type":"image\/jpeg"}],"author":"diario2","twitter_card":"summary_large_image","twitter_creator":"@eltextual","twitter_site":"@eltextual","twitter_misc":{"Escrito por":"diario2","Tiempo de lectura":"2 minutos"},"schema":{"@context":"https:\/\/schema.org","@graph":[{"@type":"Article","@id":"https:\/\/diariotextual.com\/inicio\/index.php\/2019\/07\/30\/medica-denuncio-violencia-laboral-comisario-fue-sancionada\/#article","isPartOf":{"@id":"https:\/\/diariotextual.com\/inicio\/index.php\/2019\/07\/30\/medica-denuncio-violencia-laboral-comisario-fue-sancionada\/"},"author":{"name":"diario2","@id":"https:\/\/diariotextual.com\/inicio\/#\/schema\/person\/694f60677f23c4a530867a98f22b3768"},"headline":"M\u00e9dica denunci\u00f3 por violencia laboral a un comisario y fue sancionada","datePublished":"2019-07-30T16:10:46+00:00","dateModified":"2019-07-31T09:47:22+00:00","mainEntityOfPage":{"@id":"https:\/\/diariotextual.com\/inicio\/index.php\/2019\/07\/30\/medica-denuncio-violencia-laboral-comisario-fue-sancionada\/"},"wordCount":508,"publisher":{"@id":"https:\/\/diariotextual.com\/inicio\/#organization"},"image":{"@id":"https:\/\/diariotextual.com\/inicio\/index.php\/2019\/07\/30\/medica-denuncio-violencia-laboral-comisario-fue-sancionada\/#primaryimage"},"thumbnailUrl":"https:\/\/diariotextual.com\/inicio\/wp-content\/uploads\/2018\/03\/policiapatrullero3111.jpg","articleSection":["A - QUE PASA (al costado)","A - TEMPORALES","SOCIEDAD"],"inLanguage":"es"},{"@type":"WebPage","@id":"https:\/\/diariotextual.com\/inicio\/index.php\/2019\/07\/30\/medica-denuncio-violencia-laboral-comisario-fue-sancionada\/","url":"https:\/\/diariotextual.com\/inicio\/index.php\/2019\/07\/30\/medica-denuncio-violencia-laboral-comisario-fue-sancionada\/","name":"M\u00e9dica denunci\u00f3 por violencia laboral a un comisario y fue sancionada - Diario Textual","isPartOf":{"@id":"https:\/\/diariotextual.com\/inicio\/#website"},"primaryImageOfPage":{"@id":"https:\/\/diariotextual.com\/inicio\/index.php\/2019\/07\/30\/medica-denuncio-violencia-laboral-comisario-fue-sancionada\/#primaryimage"},"image":{"@id":"https:\/\/diariotextual.com\/inicio\/index.php\/2019\/07\/30\/medica-denuncio-violencia-laboral-comisario-fue-sancionada\/#primaryimage"},"thumbnailUrl":"https:\/\/diariotextual.com\/inicio\/wp-content\/uploads\/2018\/03\/policiapatrullero3111.jpg","datePublished":"2019-07-30T16:10:46+00:00","dateModified":"2019-07-31T09:47:22+00:00","breadcrumb":{"@id":"https:\/\/diariotextual.com\/inicio\/index.php\/2019\/07\/30\/medica-denuncio-violencia-laboral-comisario-fue-sancionada\/#breadcrumb"},"inLanguage":"es","potentialAction":[{"@type":"ReadAction","target":["https:\/\/diariotextual.com\/inicio\/index.php\/2019\/07\/30\/medica-denuncio-violencia-laboral-comisario-fue-sancionada\/"]}]},{"@type":"ImageObject","inLanguage":"es","@id":"https:\/\/diariotextual.com\/inicio\/index.php\/2019\/07\/30\/medica-denuncio-violencia-laboral-comisario-fue-sancionada\/#primaryimage","url":"https:\/\/diariotextual.com\/inicio\/wp-content\/uploads\/2018\/03\/policiapatrullero3111.jpg","contentUrl":"https:\/\/diariotextual.com\/inicio\/wp-content\/uploads\/2018\/03\/policiapatrullero3111.jpg","width":624,"height":410},{"@type":"BreadcrumbList","@id":"https:\/\/diariotextual.com\/inicio\/index.php\/2019\/07\/30\/medica-denuncio-violencia-laboral-comisario-fue-sancionada\/#breadcrumb","itemListElement":[{"@type":"ListItem","position":1,"name":"Portada","item":"https:\/\/diariotextual.com\/inicio\/"},{"@type":"ListItem","position":2,"name":"M\u00e9dica denunci\u00f3 por violencia laboral a un comisario y fue sancionada"}]},{"@type":"WebSite","@id":"https:\/\/diariotextual.com\/inicio\/#website","url":"https:\/\/diariotextual.com\/inicio\/","name":"Diario Textual","description":"","publisher":{"@id":"https:\/\/diariotextual.com\/inicio\/#organization"},"potentialAction":[{"@type":"SearchAction","target":{"@type":"EntryPoint","urlTemplate":"https:\/\/diariotextual.com\/inicio\/?s={search_term_string}"},"query-input":{"@type":"PropertyValueSpecification","valueRequired":true,"valueName":"search_term_string"}}],"inLanguage":"es"},{"@type":"Organization","@id":"https:\/\/diariotextual.com\/inicio\/#organization","name":"Diario Textual","url":"https:\/\/diariotextual.com\/inicio\/","logo":{"@type":"ImageObject","inLanguage":"es","@id":"https:\/\/diariotextual.com\/inicio\/#\/schema\/logo\/image\/","url":"https:\/\/diariotextual.com\/inicio\/wp-content\/uploads\/2023\/05\/logotextual1.jpg","contentUrl":"https:\/\/diariotextual.com\/inicio\/wp-content\/uploads\/2023\/05\/logotextual1.jpg","width":516,"height":76,"caption":"Diario Textual"},"image":{"@id":"https:\/\/diariotextual.com\/inicio\/#\/schema\/logo\/image\/"},"sameAs":["https:\/\/www.facebook.com\/eltextual","https:\/\/x.com\/eltextual","http:\/\/www.instagram.com\/eltextual"]},{"@type":"Person","@id":"https:\/\/diariotextual.com\/inicio\/#\/schema\/person\/694f60677f23c4a530867a98f22b3768","name":"diario2","image":{"@type":"ImageObject","inLanguage":"es","@id":"https:\/\/secure.gravatar.com\/avatar\/5a2567495ba16b852fcd8f1ed006a2e24fcace936018ed8237e95f488ad6e0a7?s=96&d=mm&r=g","url":"https:\/\/secure.gravatar.com\/avatar\/5a2567495ba16b852fcd8f1ed006a2e24fcace936018ed8237e95f488ad6e0a7?s=96&d=mm&r=g","contentUrl":"https:\/\/secure.gravatar.com\/avatar\/5a2567495ba16b852fcd8f1ed006a2e24fcace936018ed8237e95f488ad6e0a7?s=96&d=mm&r=g","caption":"diario2"},"url":"https:\/\/diariotextual.com\/inicio\/index.php\/author\/diario2\/"}]}},"_links":{"self":[{"href":"https:\/\/diariotextual.com\/inicio\/index.php\/wp-json\/wp\/v2\/posts\/57626","targetHints":{"allow":["GET"]}}],"collection":[{"href":"https:\/\/diariotextual.com\/inicio\/index.php\/wp-json\/wp\/v2\/posts"}],"about":[{"href":"https:\/\/diariotextual.com\/inicio\/index.php\/wp-json\/wp\/v2\/types\/post"}],"author":[{"embeddable":true,"href":"https:\/\/diariotextual.com\/inicio\/index.php\/wp-json\/wp\/v2\/users\/4"}],"replies":[{"embeddable":true,"href":"https:\/\/diariotextual.com\/inicio\/index.php\/wp-json\/wp\/v2\/comments?post=57626"}],"version-history":[{"count":4,"href":"https:\/\/diariotextual.com\/inicio\/index.php\/wp-json\/wp\/v2\/posts\/57626\/revisions"}],"predecessor-version":[{"id":57637,"href":"https:\/\/diariotextual.com\/inicio\/index.php\/wp-json\/wp\/v2\/posts\/57626\/revisions\/57637"}],"wp:featuredmedia":[{"embeddable":true,"href":"https:\/\/diariotextual.com\/inicio\/index.php\/wp-json\/wp\/v2\/media\/628"}],"wp:attachment":[{"href":"https:\/\/diariotextual.com\/inicio\/index.php\/wp-json\/wp\/v2\/media?parent=57626"}],"wp:term":[{"taxonomy":"category","embeddable":true,"href":"https:\/\/diariotextual.com\/inicio\/index.php\/wp-json\/wp\/v2\/categories?post=57626"},{"taxonomy":"post_tag","embeddable":true,"href":"https:\/\/diariotextual.com\/inicio\/index.php\/wp-json\/wp\/v2\/tags?post=57626"}],"curies":[{"name":"wp","href":"https:\/\/api.w.org\/{rel}","templated":true}]}}