{"id":57641,"date":"2019-07-30T16:41:07","date_gmt":"2019-07-30T19:41:07","guid":{"rendered":"http:\/\/diariotextual.com\/inicio\/?p=57641"},"modified":"2019-07-31T07:44:06","modified_gmt":"2019-07-31T10:44:06","slug":"voy-chocar-auto-vos-no-me-vas-dejar-no-sabes-capaz","status":"publish","type":"post","link":"https:\/\/diariotextual.com\/inicio\/index.php\/2019\/07\/30\/voy-chocar-auto-vos-no-me-vas-dejar-no-sabes-capaz\/","title":{"rendered":"\u201cVoy a chocar el auto. Vos no me vas a dejar a m\u00ed\u201d"},"content":{"rendered":"<p>Un carpintero de 48 a\u00f1os fue condenado, por el procedimiento de juicio abreviado, a siete meses de prisi\u00f3n de cumplimiento efectivo, por resultar autor material y penalmente responsable del delito d<strong>e amenazas simples en dos oportunidades en concurso real;<\/strong> valor\u00e1ndose los hechos en el marco de la ley 26.485 de Protecci\u00f3n Integral a las Mujeres.<\/p>\n<p>La sentencia fue dictada por el juez de control de Santa Rosa, Gabriel Lauce Tedin, y el abreviado convenido entre el fiscal Andr\u00e9s Torino, la defensora oficial Silvina Blanco G\u00f3mez y el propio imputado, quien admiti\u00f3 su culpabilidad. La damnificada, al serle comunicada la novedad, tambi\u00e9n brind\u00f3 su consentimiento.<\/p>\n<p>En la causa se prob\u00f3 que el 2 de abril, a la tarde, mientras iban en un veh\u00edculo por la ruta nacional 35, entre Winifreda y Santa Rosa, el acusado comenz\u00f3 a decirle a su pareja: <strong>\u201cvoy a chocar el auto para que veas que vos no me vas a dejar a m\u00ed. No sabes de qu\u00e9 soy capaz\u201d.<\/strong><\/p>\n<p>Ante ello, la mujer le pidi\u00f3 que detuviera la marcha, \u201cbaj\u00e1ndose en un campo y ocult\u00e1ndose por temor a que la encontrara\u201d, seg\u00fan dice el fallo. Luego de dar vueltas por el lugar, pasados unos 40 minutos, el hombre la encontr\u00f3, la v\u00edctima subi\u00f3 al veh\u00edculo y aquel, mientras la insulta, volvi\u00f3 a expresarle que no iba a dejarlo. Esa situaci\u00f3n se mantuvo hasta que llegaron a la ciudad.<\/p>\n<p>Dos d\u00edas despu\u00e9s, <strong>la pareja recibi\u00f3 un llamado telef\u00f3nico del imputado a la medianoche, pregunt\u00e1ndole si lo hab\u00eda denunciado. Ella le respondi\u00f3 afirmativamente y le agresor le manifest\u00f3 que \u201cse asegurara, porque no tengo nada que perder\u201d.<\/strong> Cort\u00f3, provoc\u00e1ndole temor a la v\u00edctima, quien se sinti\u00f3 amenazada porque \u201co\u00eda el ruido de un motor afuera de su casa\u201d.<\/p>\n<p>\u201cM\u00e1s all\u00e1 del reconocimiento realizado por el imputado, al suscribir el acuerdo de juicio abreviado, considero que los hechos fueron debidamente probados teniendo en cuenta la descripci\u00f3n detallada de las circunstancias de modo, tiempo y lugar en que ocurrieron los hechos y que fueron referidos por la damnificada al radicar sendas denuncias, expresando el gran temor y miedo que le ten\u00eda al hombre por las amenazas recibidas\u201d, dijo Ted\u00edn en el fallo.<\/p>\n<p>Por \u00faltimo, Ted\u00edn dispuso que, seg\u00fan lo que especifica, el art\u00edculo 11 bis de la ley 24.660, incorporado por la ley 27.375, se le haga saber a la v\u00edctima si quiere ser anoticiada acerca de los planteos en los que se pueda decidir la incorporaci\u00f3n del imputado a los reg\u00edmenes de salidas transitorias, de semilibertad, de prisi\u00f3n domiciliaria, de prisi\u00f3n discontinua o semidetenci\u00f3n, de libertad asistida o preparatorio para su liberaci\u00f3n.<\/p>\n<p>&nbsp;<\/p>\n<p>&nbsp;<\/p>\n","protected":false},"excerpt":{"rendered":"<p>Un carpintero de 48 a\u00f1os fue condenado, por el procedimiento de juicio abreviado, a siete meses de prisi\u00f3n de cumplimiento efectivo, por resultar autor material y penalmente responsable del delito&hellip;<\/p>\n","protected":false},"author":4,"featured_media":1435,"comment_status":"closed","ping_status":"open","sticky":false,"template":"","format":"standard","meta":{"_acf_changed":false,"footnotes":""},"categories":[319,12],"tags":[],"class_list":["post-57641","post","type-post","status-publish","format-standard","has-post-thumbnail","hentry","category-a-temporales","category-sociedad"],"acf":[],"yoast_head":"<!-- This site is optimized with the Yoast SEO plugin v27.5 - https:\/\/yoast.com\/product\/yoast-seo-wordpress\/ -->\n<title>\u201cVoy a chocar el auto. Vos no me vas a dejar a m\u00ed\u201d - Diario Textual<\/title>\n<meta name=\"robots\" content=\"index, follow, max-snippet:-1, max-image-preview:large, max-video-preview:-1\" \/>\n<link rel=\"canonical\" href=\"https:\/\/diariotextual.com\/inicio\/index.php\/2019\/07\/30\/voy-chocar-auto-vos-no-me-vas-dejar-no-sabes-capaz\/\" \/>\n<meta property=\"og:locale\" content=\"es_ES\" \/>\n<meta property=\"og:type\" content=\"article\" \/>\n<meta property=\"og:title\" content=\"\u201cVoy a chocar el auto. Vos no me vas a dejar a m\u00ed\u201d - Diario Textual\" \/>\n<meta property=\"og:description\" content=\"Un carpintero de 48 a\u00f1os fue condenado, por el procedimiento de juicio abreviado, a siete meses de prisi\u00f3n de cumplimiento efectivo, por resultar autor material y penalmente responsable del delito&hellip;\" \/>\n<meta property=\"og:url\" content=\"https:\/\/diariotextual.com\/inicio\/index.php\/2019\/07\/30\/voy-chocar-auto-vos-no-me-vas-dejar-no-sabes-capaz\/\" \/>\n<meta property=\"og:site_name\" content=\"Diario Textual\" \/>\n<meta property=\"article:publisher\" content=\"https:\/\/www.facebook.com\/eltextual\" \/>\n<meta property=\"article:published_time\" content=\"2019-07-30T19:41:07+00:00\" \/>\n<meta property=\"article:modified_time\" content=\"2019-07-31T10:44:06+00:00\" \/>\n<meta property=\"og:image\" content=\"https:\/\/diariotextual.com\/inicio\/wp-content\/uploads\/2018\/03\/trata-2-14.jpg\" \/>\n\t<meta property=\"og:image:width\" content=\"600\" \/>\n\t<meta property=\"og:image:height\" content=\"400\" \/>\n\t<meta property=\"og:image:type\" content=\"image\/jpeg\" \/>\n<meta name=\"author\" content=\"diario2\" \/>\n<meta name=\"twitter:card\" content=\"summary_large_image\" \/>\n<meta name=\"twitter:creator\" content=\"@eltextual\" \/>\n<meta name=\"twitter:site\" content=\"@eltextual\" \/>\n<meta name=\"twitter:label1\" content=\"Escrito por\" \/>\n\t<meta name=\"twitter:data1\" content=\"diario2\" \/>\n\t<meta name=\"twitter:label2\" content=\"Tiempo de lectura\" \/>\n\t<meta name=\"twitter:data2\" content=\"2 minutos\" \/>\n<script type=\"application\/ld+json\" class=\"yoast-schema-graph\">{\"@context\":\"https:\\\/\\\/schema.org\",\"@graph\":[{\"@type\":\"Article\",\"@id\":\"https:\\\/\\\/diariotextual.com\\\/inicio\\\/index.php\\\/2019\\\/07\\\/30\\\/voy-chocar-auto-vos-no-me-vas-dejar-no-sabes-capaz\\\/#article\",\"isPartOf\":{\"@id\":\"https:\\\/\\\/diariotextual.com\\\/inicio\\\/index.php\\\/2019\\\/07\\\/30\\\/voy-chocar-auto-vos-no-me-vas-dejar-no-sabes-capaz\\\/\"},\"author\":{\"name\":\"diario2\",\"@id\":\"https:\\\/\\\/diariotextual.com\\\/inicio\\\/#\\\/schema\\\/person\\\/694f60677f23c4a530867a98f22b3768\"},\"headline\":\"\u201cVoy a chocar el auto. Vos no me vas a dejar a m\u00ed\u201d\",\"datePublished\":\"2019-07-30T19:41:07+00:00\",\"dateModified\":\"2019-07-31T10:44:06+00:00\",\"mainEntityOfPage\":{\"@id\":\"https:\\\/\\\/diariotextual.com\\\/inicio\\\/index.php\\\/2019\\\/07\\\/30\\\/voy-chocar-auto-vos-no-me-vas-dejar-no-sabes-capaz\\\/\"},\"wordCount\":476,\"publisher\":{\"@id\":\"https:\\\/\\\/diariotextual.com\\\/inicio\\\/#organization\"},\"image\":{\"@id\":\"https:\\\/\\\/diariotextual.com\\\/inicio\\\/index.php\\\/2019\\\/07\\\/30\\\/voy-chocar-auto-vos-no-me-vas-dejar-no-sabes-capaz\\\/#primaryimage\"},\"thumbnailUrl\":\"https:\\\/\\\/diariotextual.com\\\/inicio\\\/wp-content\\\/uploads\\\/2018\\\/03\\\/trata-2-14.jpg\",\"articleSection\":[\"A - TEMPORALES\",\"SOCIEDAD\"],\"inLanguage\":\"es\"},{\"@type\":\"WebPage\",\"@id\":\"https:\\\/\\\/diariotextual.com\\\/inicio\\\/index.php\\\/2019\\\/07\\\/30\\\/voy-chocar-auto-vos-no-me-vas-dejar-no-sabes-capaz\\\/\",\"url\":\"https:\\\/\\\/diariotextual.com\\\/inicio\\\/index.php\\\/2019\\\/07\\\/30\\\/voy-chocar-auto-vos-no-me-vas-dejar-no-sabes-capaz\\\/\",\"name\":\"\u201cVoy a chocar el auto. Vos no me vas a dejar a m\u00ed\u201d - Diario Textual\",\"isPartOf\":{\"@id\":\"https:\\\/\\\/diariotextual.com\\\/inicio\\\/#website\"},\"primaryImageOfPage\":{\"@id\":\"https:\\\/\\\/diariotextual.com\\\/inicio\\\/index.php\\\/2019\\\/07\\\/30\\\/voy-chocar-auto-vos-no-me-vas-dejar-no-sabes-capaz\\\/#primaryimage\"},\"image\":{\"@id\":\"https:\\\/\\\/diariotextual.com\\\/inicio\\\/index.php\\\/2019\\\/07\\\/30\\\/voy-chocar-auto-vos-no-me-vas-dejar-no-sabes-capaz\\\/#primaryimage\"},\"thumbnailUrl\":\"https:\\\/\\\/diariotextual.com\\\/inicio\\\/wp-content\\\/uploads\\\/2018\\\/03\\\/trata-2-14.jpg\",\"datePublished\":\"2019-07-30T19:41:07+00:00\",\"dateModified\":\"2019-07-31T10:44:06+00:00\",\"breadcrumb\":{\"@id\":\"https:\\\/\\\/diariotextual.com\\\/inicio\\\/index.php\\\/2019\\\/07\\\/30\\\/voy-chocar-auto-vos-no-me-vas-dejar-no-sabes-capaz\\\/#breadcrumb\"},\"inLanguage\":\"es\",\"potentialAction\":[{\"@type\":\"ReadAction\",\"target\":[\"https:\\\/\\\/diariotextual.com\\\/inicio\\\/index.php\\\/2019\\\/07\\\/30\\\/voy-chocar-auto-vos-no-me-vas-dejar-no-sabes-capaz\\\/\"]}]},{\"@type\":\"ImageObject\",\"inLanguage\":\"es\",\"@id\":\"https:\\\/\\\/diariotextual.com\\\/inicio\\\/index.php\\\/2019\\\/07\\\/30\\\/voy-chocar-auto-vos-no-me-vas-dejar-no-sabes-capaz\\\/#primaryimage\",\"url\":\"https:\\\/\\\/diariotextual.com\\\/inicio\\\/wp-content\\\/uploads\\\/2018\\\/03\\\/trata-2-14.jpg\",\"contentUrl\":\"https:\\\/\\\/diariotextual.com\\\/inicio\\\/wp-content\\\/uploads\\\/2018\\\/03\\\/trata-2-14.jpg\",\"width\":600,\"height\":400},{\"@type\":\"BreadcrumbList\",\"@id\":\"https:\\\/\\\/diariotextual.com\\\/inicio\\\/index.php\\\/2019\\\/07\\\/30\\\/voy-chocar-auto-vos-no-me-vas-dejar-no-sabes-capaz\\\/#breadcrumb\",\"itemListElement\":[{\"@type\":\"ListItem\",\"position\":1,\"name\":\"Portada\",\"item\":\"https:\\\/\\\/diariotextual.com\\\/inicio\\\/\"},{\"@type\":\"ListItem\",\"position\":2,\"name\":\"\u201cVoy a chocar el auto. Vos no me vas a dejar a m\u00ed\u201d\"}]},{\"@type\":\"WebSite\",\"@id\":\"https:\\\/\\\/diariotextual.com\\\/inicio\\\/#website\",\"url\":\"https:\\\/\\\/diariotextual.com\\\/inicio\\\/\",\"name\":\"Diario Textual\",\"description\":\"\",\"publisher\":{\"@id\":\"https:\\\/\\\/diariotextual.com\\\/inicio\\\/#organization\"},\"potentialAction\":[{\"@type\":\"SearchAction\",\"target\":{\"@type\":\"EntryPoint\",\"urlTemplate\":\"https:\\\/\\\/diariotextual.com\\\/inicio\\\/?s={search_term_string}\"},\"query-input\":{\"@type\":\"PropertyValueSpecification\",\"valueRequired\":true,\"valueName\":\"search_term_string\"}}],\"inLanguage\":\"es\"},{\"@type\":\"Organization\",\"@id\":\"https:\\\/\\\/diariotextual.com\\\/inicio\\\/#organization\",\"name\":\"Diario Textual\",\"url\":\"https:\\\/\\\/diariotextual.com\\\/inicio\\\/\",\"logo\":{\"@type\":\"ImageObject\",\"inLanguage\":\"es\",\"@id\":\"https:\\\/\\\/diariotextual.com\\\/inicio\\\/#\\\/schema\\\/logo\\\/image\\\/\",\"url\":\"https:\\\/\\\/diariotextual.com\\\/inicio\\\/wp-content\\\/uploads\\\/2023\\\/05\\\/logotextual1.jpg\",\"contentUrl\":\"https:\\\/\\\/diariotextual.com\\\/inicio\\\/wp-content\\\/uploads\\\/2023\\\/05\\\/logotextual1.jpg\",\"width\":516,\"height\":76,\"caption\":\"Diario Textual\"},\"image\":{\"@id\":\"https:\\\/\\\/diariotextual.com\\\/inicio\\\/#\\\/schema\\\/logo\\\/image\\\/\"},\"sameAs\":[\"https:\\\/\\\/www.facebook.com\\\/eltextual\",\"https:\\\/\\\/x.com\\\/eltextual\",\"http:\\\/\\\/www.instagram.com\\\/eltextual\"]},{\"@type\":\"Person\",\"@id\":\"https:\\\/\\\/diariotextual.com\\\/inicio\\\/#\\\/schema\\\/person\\\/694f60677f23c4a530867a98f22b3768\",\"name\":\"diario2\",\"image\":{\"@type\":\"ImageObject\",\"inLanguage\":\"es\",\"@id\":\"https:\\\/\\\/secure.gravatar.com\\\/avatar\\\/5a2567495ba16b852fcd8f1ed006a2e24fcace936018ed8237e95f488ad6e0a7?s=96&d=mm&r=g\",\"url\":\"https:\\\/\\\/secure.gravatar.com\\\/avatar\\\/5a2567495ba16b852fcd8f1ed006a2e24fcace936018ed8237e95f488ad6e0a7?s=96&d=mm&r=g\",\"contentUrl\":\"https:\\\/\\\/secure.gravatar.com\\\/avatar\\\/5a2567495ba16b852fcd8f1ed006a2e24fcace936018ed8237e95f488ad6e0a7?s=96&d=mm&r=g\",\"caption\":\"diario2\"},\"url\":\"https:\\\/\\\/diariotextual.com\\\/inicio\\\/index.php\\\/author\\\/diario2\\\/\"}]}<\/script>\n<!-- \/ Yoast SEO plugin. -->","yoast_head_json":{"title":"\u201cVoy a chocar el auto. Vos no me vas a dejar a m\u00ed\u201d - Diario Textual","robots":{"index":"index","follow":"follow","max-snippet":"max-snippet:-1","max-image-preview":"max-image-preview:large","max-video-preview":"max-video-preview:-1"},"canonical":"https:\/\/diariotextual.com\/inicio\/index.php\/2019\/07\/30\/voy-chocar-auto-vos-no-me-vas-dejar-no-sabes-capaz\/","og_locale":"es_ES","og_type":"article","og_title":"\u201cVoy a chocar el auto. Vos no me vas a dejar a m\u00ed\u201d - Diario Textual","og_description":"Un carpintero de 48 a\u00f1os fue condenado, por el procedimiento de juicio abreviado, a siete meses de prisi\u00f3n de cumplimiento efectivo, por resultar autor material y penalmente responsable del delito&hellip;","og_url":"https:\/\/diariotextual.com\/inicio\/index.php\/2019\/07\/30\/voy-chocar-auto-vos-no-me-vas-dejar-no-sabes-capaz\/","og_site_name":"Diario Textual","article_publisher":"https:\/\/www.facebook.com\/eltextual","article_published_time":"2019-07-30T19:41:07+00:00","article_modified_time":"2019-07-31T10:44:06+00:00","og_image":[{"width":600,"height":400,"url":"https:\/\/diariotextual.com\/inicio\/wp-content\/uploads\/2018\/03\/trata-2-14.jpg","type":"image\/jpeg"}],"author":"diario2","twitter_card":"summary_large_image","twitter_creator":"@eltextual","twitter_site":"@eltextual","twitter_misc":{"Escrito por":"diario2","Tiempo de lectura":"2 minutos"},"schema":{"@context":"https:\/\/schema.org","@graph":[{"@type":"Article","@id":"https:\/\/diariotextual.com\/inicio\/index.php\/2019\/07\/30\/voy-chocar-auto-vos-no-me-vas-dejar-no-sabes-capaz\/#article","isPartOf":{"@id":"https:\/\/diariotextual.com\/inicio\/index.php\/2019\/07\/30\/voy-chocar-auto-vos-no-me-vas-dejar-no-sabes-capaz\/"},"author":{"name":"diario2","@id":"https:\/\/diariotextual.com\/inicio\/#\/schema\/person\/694f60677f23c4a530867a98f22b3768"},"headline":"\u201cVoy a chocar el auto. Vos no me vas a dejar a m\u00ed\u201d","datePublished":"2019-07-30T19:41:07+00:00","dateModified":"2019-07-31T10:44:06+00:00","mainEntityOfPage":{"@id":"https:\/\/diariotextual.com\/inicio\/index.php\/2019\/07\/30\/voy-chocar-auto-vos-no-me-vas-dejar-no-sabes-capaz\/"},"wordCount":476,"publisher":{"@id":"https:\/\/diariotextual.com\/inicio\/#organization"},"image":{"@id":"https:\/\/diariotextual.com\/inicio\/index.php\/2019\/07\/30\/voy-chocar-auto-vos-no-me-vas-dejar-no-sabes-capaz\/#primaryimage"},"thumbnailUrl":"https:\/\/diariotextual.com\/inicio\/wp-content\/uploads\/2018\/03\/trata-2-14.jpg","articleSection":["A - TEMPORALES","SOCIEDAD"],"inLanguage":"es"},{"@type":"WebPage","@id":"https:\/\/diariotextual.com\/inicio\/index.php\/2019\/07\/30\/voy-chocar-auto-vos-no-me-vas-dejar-no-sabes-capaz\/","url":"https:\/\/diariotextual.com\/inicio\/index.php\/2019\/07\/30\/voy-chocar-auto-vos-no-me-vas-dejar-no-sabes-capaz\/","name":"\u201cVoy a chocar el auto. Vos no me vas a dejar a m\u00ed\u201d - Diario Textual","isPartOf":{"@id":"https:\/\/diariotextual.com\/inicio\/#website"},"primaryImageOfPage":{"@id":"https:\/\/diariotextual.com\/inicio\/index.php\/2019\/07\/30\/voy-chocar-auto-vos-no-me-vas-dejar-no-sabes-capaz\/#primaryimage"},"image":{"@id":"https:\/\/diariotextual.com\/inicio\/index.php\/2019\/07\/30\/voy-chocar-auto-vos-no-me-vas-dejar-no-sabes-capaz\/#primaryimage"},"thumbnailUrl":"https:\/\/diariotextual.com\/inicio\/wp-content\/uploads\/2018\/03\/trata-2-14.jpg","datePublished":"2019-07-30T19:41:07+00:00","dateModified":"2019-07-31T10:44:06+00:00","breadcrumb":{"@id":"https:\/\/diariotextual.com\/inicio\/index.php\/2019\/07\/30\/voy-chocar-auto-vos-no-me-vas-dejar-no-sabes-capaz\/#breadcrumb"},"inLanguage":"es","potentialAction":[{"@type":"ReadAction","target":["https:\/\/diariotextual.com\/inicio\/index.php\/2019\/07\/30\/voy-chocar-auto-vos-no-me-vas-dejar-no-sabes-capaz\/"]}]},{"@type":"ImageObject","inLanguage":"es","@id":"https:\/\/diariotextual.com\/inicio\/index.php\/2019\/07\/30\/voy-chocar-auto-vos-no-me-vas-dejar-no-sabes-capaz\/#primaryimage","url":"https:\/\/diariotextual.com\/inicio\/wp-content\/uploads\/2018\/03\/trata-2-14.jpg","contentUrl":"https:\/\/diariotextual.com\/inicio\/wp-content\/uploads\/2018\/03\/trata-2-14.jpg","width":600,"height":400},{"@type":"BreadcrumbList","@id":"https:\/\/diariotextual.com\/inicio\/index.php\/2019\/07\/30\/voy-chocar-auto-vos-no-me-vas-dejar-no-sabes-capaz\/#breadcrumb","itemListElement":[{"@type":"ListItem","position":1,"name":"Portada","item":"https:\/\/diariotextual.com\/inicio\/"},{"@type":"ListItem","position":2,"name":"\u201cVoy a chocar el auto. Vos no me vas a dejar a m\u00ed\u201d"}]},{"@type":"WebSite","@id":"https:\/\/diariotextual.com\/inicio\/#website","url":"https:\/\/diariotextual.com\/inicio\/","name":"Diario Textual","description":"","publisher":{"@id":"https:\/\/diariotextual.com\/inicio\/#organization"},"potentialAction":[{"@type":"SearchAction","target":{"@type":"EntryPoint","urlTemplate":"https:\/\/diariotextual.com\/inicio\/?s={search_term_string}"},"query-input":{"@type":"PropertyValueSpecification","valueRequired":true,"valueName":"search_term_string"}}],"inLanguage":"es"},{"@type":"Organization","@id":"https:\/\/diariotextual.com\/inicio\/#organization","name":"Diario Textual","url":"https:\/\/diariotextual.com\/inicio\/","logo":{"@type":"ImageObject","inLanguage":"es","@id":"https:\/\/diariotextual.com\/inicio\/#\/schema\/logo\/image\/","url":"https:\/\/diariotextual.com\/inicio\/wp-content\/uploads\/2023\/05\/logotextual1.jpg","contentUrl":"https:\/\/diariotextual.com\/inicio\/wp-content\/uploads\/2023\/05\/logotextual1.jpg","width":516,"height":76,"caption":"Diario Textual"},"image":{"@id":"https:\/\/diariotextual.com\/inicio\/#\/schema\/logo\/image\/"},"sameAs":["https:\/\/www.facebook.com\/eltextual","https:\/\/x.com\/eltextual","http:\/\/www.instagram.com\/eltextual"]},{"@type":"Person","@id":"https:\/\/diariotextual.com\/inicio\/#\/schema\/person\/694f60677f23c4a530867a98f22b3768","name":"diario2","image":{"@type":"ImageObject","inLanguage":"es","@id":"https:\/\/secure.gravatar.com\/avatar\/5a2567495ba16b852fcd8f1ed006a2e24fcace936018ed8237e95f488ad6e0a7?s=96&d=mm&r=g","url":"https:\/\/secure.gravatar.com\/avatar\/5a2567495ba16b852fcd8f1ed006a2e24fcace936018ed8237e95f488ad6e0a7?s=96&d=mm&r=g","contentUrl":"https:\/\/secure.gravatar.com\/avatar\/5a2567495ba16b852fcd8f1ed006a2e24fcace936018ed8237e95f488ad6e0a7?s=96&d=mm&r=g","caption":"diario2"},"url":"https:\/\/diariotextual.com\/inicio\/index.php\/author\/diario2\/"}]}},"_links":{"self":[{"href":"https:\/\/diariotextual.com\/inicio\/index.php\/wp-json\/wp\/v2\/posts\/57641","targetHints":{"allow":["GET"]}}],"collection":[{"href":"https:\/\/diariotextual.com\/inicio\/index.php\/wp-json\/wp\/v2\/posts"}],"about":[{"href":"https:\/\/diariotextual.com\/inicio\/index.php\/wp-json\/wp\/v2\/types\/post"}],"author":[{"embeddable":true,"href":"https:\/\/diariotextual.com\/inicio\/index.php\/wp-json\/wp\/v2\/users\/4"}],"replies":[{"embeddable":true,"href":"https:\/\/diariotextual.com\/inicio\/index.php\/wp-json\/wp\/v2\/comments?post=57641"}],"version-history":[{"count":2,"href":"https:\/\/diariotextual.com\/inicio\/index.php\/wp-json\/wp\/v2\/posts\/57641\/revisions"}],"predecessor-version":[{"id":57649,"href":"https:\/\/diariotextual.com\/inicio\/index.php\/wp-json\/wp\/v2\/posts\/57641\/revisions\/57649"}],"wp:featuredmedia":[{"embeddable":true,"href":"https:\/\/diariotextual.com\/inicio\/index.php\/wp-json\/wp\/v2\/media\/1435"}],"wp:attachment":[{"href":"https:\/\/diariotextual.com\/inicio\/index.php\/wp-json\/wp\/v2\/media?parent=57641"}],"wp:term":[{"taxonomy":"category","embeddable":true,"href":"https:\/\/diariotextual.com\/inicio\/index.php\/wp-json\/wp\/v2\/categories?post=57641"},{"taxonomy":"post_tag","embeddable":true,"href":"https:\/\/diariotextual.com\/inicio\/index.php\/wp-json\/wp\/v2\/tags?post=57641"}],"curies":[{"name":"wp","href":"https:\/\/api.w.org\/{rel}","templated":true}]}}