{"id":57660,"date":"2019-07-31T06:46:47","date_gmt":"2019-07-31T09:46:47","guid":{"rendered":"http:\/\/diariotextual.com\/inicio\/?p=57660"},"modified":"2019-07-31T09:44:15","modified_gmt":"2019-07-31T12:44:15","slug":"alberto-fernandez-prometio-ayudar-campo-produzca","status":"publish","type":"post","link":"https:\/\/diariotextual.com\/inicio\/index.php\/2019\/07\/31\/alberto-fernandez-prometio-ayudar-campo-produzca\/","title":{"rendered":"Alberto Fern\u00e1ndez prometi\u00f3 \u00abayudar para que el campo produzca\u00bb"},"content":{"rendered":"<p>El precandidato a presidente del Frente de Todos, Alberto Fern\u00e1ndez, dijo desde Paran\u00e1, Entre R\u00edos, que intentar\u00e1 \u00abayudar a que el campo produzca, venda y exporte para que ingresen d\u00f3lares para pagar\u00bb las deudas.<\/p>\n<p>Tambi\u00e9n dijo que\u00a0cuando critica al presidente Mauricio Macri \u00abresponde el Fondo Monetario Internacional\u00bb y volvi\u00f3 a quejarse del inter\u00e9s que se paga con las Leliq.\u00a0\u00abDicen que las Leliq no suponen emisi\u00f3n, pero el d\u00eda que te quieran cobrar las Leliq los bancos vas a tener que emitir para pagar todo esto, el d\u00eda que no te renueven las Leliq vas a tener que hacerte cargo de esta deuda\u00bb.<\/p>\n<p>\u00abPodemos mentirle a la gente y decirle que la econom\u00eda est\u00e1 tranquila porque el d\u00f3lar est\u00e1 quieto\u00bb, expres\u00f3 Fern\u00e1ndez en una conferencia de prensa que ofreci\u00f3 en la ciudad entrerriana junto al gobernador de la provincia, Gustavo Bordet.<\/p>\n<p id=\"m147-146-148\" class=\"paragraph \">El precandidato se reuni\u00f3 con representantes de Pymes, encuentros con universitarios y deportistas, y particip\u00f3 de una recorrida por un laboratorio en el parque industrial de Paran\u00e1.<\/p>\n<p id=\"m157-156-158\" class=\"paragraph \">\u00abVengo con la vocaci\u00f3n de construir una Argentina mejor para todos, he sido muy cr\u00edtico de cosas del pasado, tambi\u00e9n reconoc\u00ed muchas otras y fui parte fundadora de ese pasado, por lo que lo he sido todo. Hay que dar vuelta la p\u00e1gina para un futuro mejor, ser mejores, aprender de lo que pas\u00f3, corregir lo que se hizo mal y profundizar lo que se hizo bien\u00bb, resalt\u00f3.<\/p>\n<p>&nbsp;<\/p>\n<p>&nbsp;<\/p>\n<p>&nbsp;<\/p>\n","protected":false},"excerpt":{"rendered":"<p>El precandidato a presidente del Frente de Todos, Alberto Fern\u00e1ndez, dijo desde Paran\u00e1, Entre R\u00edos, que intentar\u00e1 \u00abayudar a que el campo produzca, venda y exporte para que ingresen d\u00f3lares&hellip;<\/p>\n","protected":false},"author":3,"featured_media":57662,"comment_status":"closed","ping_status":"open","sticky":false,"template":"","format":"standard","meta":{"_acf_changed":false,"footnotes":""},"categories":[319,20],"tags":[],"class_list":["post-57660","post","type-post","status-publish","format-standard","has-post-thumbnail","hentry","category-a-temporales","category-campo"],"acf":[],"yoast_head":"<!-- This site is optimized with the Yoast SEO plugin v27.5 - https:\/\/yoast.com\/product\/yoast-seo-wordpress\/ -->\n<title>Alberto Fern\u00e1ndez prometi\u00f3 &quot;ayudar para que el campo produzca&quot; - Diario Textual<\/title>\n<meta name=\"robots\" content=\"index, follow, max-snippet:-1, max-image-preview:large, max-video-preview:-1\" \/>\n<link rel=\"canonical\" href=\"https:\/\/diariotextual.com\/inicio\/index.php\/2019\/07\/31\/alberto-fernandez-prometio-ayudar-campo-produzca\/\" \/>\n<meta property=\"og:locale\" content=\"es_ES\" \/>\n<meta property=\"og:type\" content=\"article\" \/>\n<meta property=\"og:title\" content=\"Alberto Fern\u00e1ndez prometi\u00f3 &quot;ayudar para que el campo produzca&quot; - Diario Textual\" \/>\n<meta property=\"og:description\" content=\"El precandidato a presidente del Frente de Todos, Alberto Fern\u00e1ndez, dijo desde Paran\u00e1, Entre R\u00edos, que intentar\u00e1 \u00abayudar a que el campo produzca, venda y exporte para que ingresen d\u00f3lares&hellip;\" \/>\n<meta property=\"og:url\" content=\"https:\/\/diariotextual.com\/inicio\/index.php\/2019\/07\/31\/alberto-fernandez-prometio-ayudar-campo-produzca\/\" \/>\n<meta property=\"og:site_name\" content=\"Diario Textual\" \/>\n<meta property=\"article:publisher\" content=\"https:\/\/www.facebook.com\/eltextual\" \/>\n<meta property=\"article:published_time\" content=\"2019-07-31T09:46:47+00:00\" \/>\n<meta property=\"article:modified_time\" content=\"2019-07-31T12:44:15+00:00\" \/>\n<meta property=\"og:image\" content=\"https:\/\/diariotextual.com\/inicio\/wp-content\/uploads\/2019\/07\/fernandezalberto2019-2005.jpg\" \/>\n\t<meta property=\"og:image:width\" content=\"960\" \/>\n\t<meta property=\"og:image:height\" content=\"640\" \/>\n\t<meta property=\"og:image:type\" content=\"image\/jpeg\" \/>\n<meta name=\"author\" content=\"Diario1 Diario1\" \/>\n<meta name=\"twitter:card\" content=\"summary_large_image\" \/>\n<meta name=\"twitter:creator\" content=\"@eltextual\" \/>\n<meta name=\"twitter:site\" content=\"@eltextual\" \/>\n<meta name=\"twitter:label1\" content=\"Escrito por\" \/>\n\t<meta name=\"twitter:data1\" content=\"Diario1 Diario1\" \/>\n\t<meta name=\"twitter:label2\" content=\"Tiempo de lectura\" \/>\n\t<meta name=\"twitter:data2\" content=\"1 minuto\" \/>\n<script type=\"application\/ld+json\" class=\"yoast-schema-graph\">{\"@context\":\"https:\\\/\\\/schema.org\",\"@graph\":[{\"@type\":\"Article\",\"@id\":\"https:\\\/\\\/diariotextual.com\\\/inicio\\\/index.php\\\/2019\\\/07\\\/31\\\/alberto-fernandez-prometio-ayudar-campo-produzca\\\/#article\",\"isPartOf\":{\"@id\":\"https:\\\/\\\/diariotextual.com\\\/inicio\\\/index.php\\\/2019\\\/07\\\/31\\\/alberto-fernandez-prometio-ayudar-campo-produzca\\\/\"},\"author\":{\"name\":\"Diario1 Diario1\",\"@id\":\"https:\\\/\\\/diariotextual.com\\\/inicio\\\/#\\\/schema\\\/person\\\/418fc4093c33e86ed41562db3508f958\"},\"headline\":\"Alberto Fern\u00e1ndez prometi\u00f3 \u00abayudar para que el campo produzca\u00bb\",\"datePublished\":\"2019-07-31T09:46:47+00:00\",\"dateModified\":\"2019-07-31T12:44:15+00:00\",\"mainEntityOfPage\":{\"@id\":\"https:\\\/\\\/diariotextual.com\\\/inicio\\\/index.php\\\/2019\\\/07\\\/31\\\/alberto-fernandez-prometio-ayudar-campo-produzca\\\/\"},\"wordCount\":265,\"publisher\":{\"@id\":\"https:\\\/\\\/diariotextual.com\\\/inicio\\\/#organization\"},\"image\":{\"@id\":\"https:\\\/\\\/diariotextual.com\\\/inicio\\\/index.php\\\/2019\\\/07\\\/31\\\/alberto-fernandez-prometio-ayudar-campo-produzca\\\/#primaryimage\"},\"thumbnailUrl\":\"https:\\\/\\\/diariotextual.com\\\/inicio\\\/wp-content\\\/uploads\\\/2019\\\/07\\\/fernandezalberto2019-2005.jpg\",\"articleSection\":[\"A - TEMPORALES\",\"CAMPO\"],\"inLanguage\":\"es\"},{\"@type\":\"WebPage\",\"@id\":\"https:\\\/\\\/diariotextual.com\\\/inicio\\\/index.php\\\/2019\\\/07\\\/31\\\/alberto-fernandez-prometio-ayudar-campo-produzca\\\/\",\"url\":\"https:\\\/\\\/diariotextual.com\\\/inicio\\\/index.php\\\/2019\\\/07\\\/31\\\/alberto-fernandez-prometio-ayudar-campo-produzca\\\/\",\"name\":\"Alberto Fern\u00e1ndez prometi\u00f3 \\\"ayudar para que el campo produzca\\\" - Diario Textual\",\"isPartOf\":{\"@id\":\"https:\\\/\\\/diariotextual.com\\\/inicio\\\/#website\"},\"primaryImageOfPage\":{\"@id\":\"https:\\\/\\\/diariotextual.com\\\/inicio\\\/index.php\\\/2019\\\/07\\\/31\\\/alberto-fernandez-prometio-ayudar-campo-produzca\\\/#primaryimage\"},\"image\":{\"@id\":\"https:\\\/\\\/diariotextual.com\\\/inicio\\\/index.php\\\/2019\\\/07\\\/31\\\/alberto-fernandez-prometio-ayudar-campo-produzca\\\/#primaryimage\"},\"thumbnailUrl\":\"https:\\\/\\\/diariotextual.com\\\/inicio\\\/wp-content\\\/uploads\\\/2019\\\/07\\\/fernandezalberto2019-2005.jpg\",\"datePublished\":\"2019-07-31T09:46:47+00:00\",\"dateModified\":\"2019-07-31T12:44:15+00:00\",\"breadcrumb\":{\"@id\":\"https:\\\/\\\/diariotextual.com\\\/inicio\\\/index.php\\\/2019\\\/07\\\/31\\\/alberto-fernandez-prometio-ayudar-campo-produzca\\\/#breadcrumb\"},\"inLanguage\":\"es\",\"potentialAction\":[{\"@type\":\"ReadAction\",\"target\":[\"https:\\\/\\\/diariotextual.com\\\/inicio\\\/index.php\\\/2019\\\/07\\\/31\\\/alberto-fernandez-prometio-ayudar-campo-produzca\\\/\"]}]},{\"@type\":\"ImageObject\",\"inLanguage\":\"es\",\"@id\":\"https:\\\/\\\/diariotextual.com\\\/inicio\\\/index.php\\\/2019\\\/07\\\/31\\\/alberto-fernandez-prometio-ayudar-campo-produzca\\\/#primaryimage\",\"url\":\"https:\\\/\\\/diariotextual.com\\\/inicio\\\/wp-content\\\/uploads\\\/2019\\\/07\\\/fernandezalberto2019-2005.jpg\",\"contentUrl\":\"https:\\\/\\\/diariotextual.com\\\/inicio\\\/wp-content\\\/uploads\\\/2019\\\/07\\\/fernandezalberto2019-2005.jpg\",\"width\":960,\"height\":640},{\"@type\":\"BreadcrumbList\",\"@id\":\"https:\\\/\\\/diariotextual.com\\\/inicio\\\/index.php\\\/2019\\\/07\\\/31\\\/alberto-fernandez-prometio-ayudar-campo-produzca\\\/#breadcrumb\",\"itemListElement\":[{\"@type\":\"ListItem\",\"position\":1,\"name\":\"Portada\",\"item\":\"https:\\\/\\\/diariotextual.com\\\/inicio\\\/\"},{\"@type\":\"ListItem\",\"position\":2,\"name\":\"Alberto Fern\u00e1ndez prometi\u00f3 \u00abayudar para que el campo produzca\u00bb\"}]},{\"@type\":\"WebSite\",\"@id\":\"https:\\\/\\\/diariotextual.com\\\/inicio\\\/#website\",\"url\":\"https:\\\/\\\/diariotextual.com\\\/inicio\\\/\",\"name\":\"Diario Textual\",\"description\":\"\",\"publisher\":{\"@id\":\"https:\\\/\\\/diariotextual.com\\\/inicio\\\/#organization\"},\"potentialAction\":[{\"@type\":\"SearchAction\",\"target\":{\"@type\":\"EntryPoint\",\"urlTemplate\":\"https:\\\/\\\/diariotextual.com\\\/inicio\\\/?s={search_term_string}\"},\"query-input\":{\"@type\":\"PropertyValueSpecification\",\"valueRequired\":true,\"valueName\":\"search_term_string\"}}],\"inLanguage\":\"es\"},{\"@type\":\"Organization\",\"@id\":\"https:\\\/\\\/diariotextual.com\\\/inicio\\\/#organization\",\"name\":\"Diario Textual\",\"url\":\"https:\\\/\\\/diariotextual.com\\\/inicio\\\/\",\"logo\":{\"@type\":\"ImageObject\",\"inLanguage\":\"es\",\"@id\":\"https:\\\/\\\/diariotextual.com\\\/inicio\\\/#\\\/schema\\\/logo\\\/image\\\/\",\"url\":\"https:\\\/\\\/diariotextual.com\\\/inicio\\\/wp-content\\\/uploads\\\/2023\\\/05\\\/logotextual1.jpg\",\"contentUrl\":\"https:\\\/\\\/diariotextual.com\\\/inicio\\\/wp-content\\\/uploads\\\/2023\\\/05\\\/logotextual1.jpg\",\"width\":516,\"height\":76,\"caption\":\"Diario Textual\"},\"image\":{\"@id\":\"https:\\\/\\\/diariotextual.com\\\/inicio\\\/#\\\/schema\\\/logo\\\/image\\\/\"},\"sameAs\":[\"https:\\\/\\\/www.facebook.com\\\/eltextual\",\"https:\\\/\\\/x.com\\\/eltextual\",\"http:\\\/\\\/www.instagram.com\\\/eltextual\"]},{\"@type\":\"Person\",\"@id\":\"https:\\\/\\\/diariotextual.com\\\/inicio\\\/#\\\/schema\\\/person\\\/418fc4093c33e86ed41562db3508f958\",\"name\":\"Diario1 Diario1\",\"image\":{\"@type\":\"ImageObject\",\"inLanguage\":\"es\",\"@id\":\"https:\\\/\\\/secure.gravatar.com\\\/avatar\\\/9167d280179c85bc18be67aa7eda765854300033af4896dd779b608640f2ef7a?s=96&d=mm&r=g\",\"url\":\"https:\\\/\\\/secure.gravatar.com\\\/avatar\\\/9167d280179c85bc18be67aa7eda765854300033af4896dd779b608640f2ef7a?s=96&d=mm&r=g\",\"contentUrl\":\"https:\\\/\\\/secure.gravatar.com\\\/avatar\\\/9167d280179c85bc18be67aa7eda765854300033af4896dd779b608640f2ef7a?s=96&d=mm&r=g\",\"caption\":\"Diario1 Diario1\"},\"url\":\"https:\\\/\\\/diariotextual.com\\\/inicio\\\/index.php\\\/author\\\/diario1\\\/\"}]}<\/script>\n<!-- \/ Yoast SEO plugin. -->","yoast_head_json":{"title":"Alberto Fern\u00e1ndez prometi\u00f3 \"ayudar para que el campo produzca\" - Diario Textual","robots":{"index":"index","follow":"follow","max-snippet":"max-snippet:-1","max-image-preview":"max-image-preview:large","max-video-preview":"max-video-preview:-1"},"canonical":"https:\/\/diariotextual.com\/inicio\/index.php\/2019\/07\/31\/alberto-fernandez-prometio-ayudar-campo-produzca\/","og_locale":"es_ES","og_type":"article","og_title":"Alberto Fern\u00e1ndez prometi\u00f3 \"ayudar para que el campo produzca\" - Diario Textual","og_description":"El precandidato a presidente del Frente de Todos, Alberto Fern\u00e1ndez, dijo desde Paran\u00e1, Entre R\u00edos, que intentar\u00e1 \u00abayudar a que el campo produzca, venda y exporte para que ingresen d\u00f3lares&hellip;","og_url":"https:\/\/diariotextual.com\/inicio\/index.php\/2019\/07\/31\/alberto-fernandez-prometio-ayudar-campo-produzca\/","og_site_name":"Diario Textual","article_publisher":"https:\/\/www.facebook.com\/eltextual","article_published_time":"2019-07-31T09:46:47+00:00","article_modified_time":"2019-07-31T12:44:15+00:00","og_image":[{"width":960,"height":640,"url":"https:\/\/diariotextual.com\/inicio\/wp-content\/uploads\/2019\/07\/fernandezalberto2019-2005.jpg","type":"image\/jpeg"}],"author":"Diario1 Diario1","twitter_card":"summary_large_image","twitter_creator":"@eltextual","twitter_site":"@eltextual","twitter_misc":{"Escrito por":"Diario1 Diario1","Tiempo de lectura":"1 minuto"},"schema":{"@context":"https:\/\/schema.org","@graph":[{"@type":"Article","@id":"https:\/\/diariotextual.com\/inicio\/index.php\/2019\/07\/31\/alberto-fernandez-prometio-ayudar-campo-produzca\/#article","isPartOf":{"@id":"https:\/\/diariotextual.com\/inicio\/index.php\/2019\/07\/31\/alberto-fernandez-prometio-ayudar-campo-produzca\/"},"author":{"name":"Diario1 Diario1","@id":"https:\/\/diariotextual.com\/inicio\/#\/schema\/person\/418fc4093c33e86ed41562db3508f958"},"headline":"Alberto Fern\u00e1ndez prometi\u00f3 \u00abayudar para que el campo produzca\u00bb","datePublished":"2019-07-31T09:46:47+00:00","dateModified":"2019-07-31T12:44:15+00:00","mainEntityOfPage":{"@id":"https:\/\/diariotextual.com\/inicio\/index.php\/2019\/07\/31\/alberto-fernandez-prometio-ayudar-campo-produzca\/"},"wordCount":265,"publisher":{"@id":"https:\/\/diariotextual.com\/inicio\/#organization"},"image":{"@id":"https:\/\/diariotextual.com\/inicio\/index.php\/2019\/07\/31\/alberto-fernandez-prometio-ayudar-campo-produzca\/#primaryimage"},"thumbnailUrl":"https:\/\/diariotextual.com\/inicio\/wp-content\/uploads\/2019\/07\/fernandezalberto2019-2005.jpg","articleSection":["A - TEMPORALES","CAMPO"],"inLanguage":"es"},{"@type":"WebPage","@id":"https:\/\/diariotextual.com\/inicio\/index.php\/2019\/07\/31\/alberto-fernandez-prometio-ayudar-campo-produzca\/","url":"https:\/\/diariotextual.com\/inicio\/index.php\/2019\/07\/31\/alberto-fernandez-prometio-ayudar-campo-produzca\/","name":"Alberto Fern\u00e1ndez prometi\u00f3 \"ayudar para que el campo produzca\" - Diario Textual","isPartOf":{"@id":"https:\/\/diariotextual.com\/inicio\/#website"},"primaryImageOfPage":{"@id":"https:\/\/diariotextual.com\/inicio\/index.php\/2019\/07\/31\/alberto-fernandez-prometio-ayudar-campo-produzca\/#primaryimage"},"image":{"@id":"https:\/\/diariotextual.com\/inicio\/index.php\/2019\/07\/31\/alberto-fernandez-prometio-ayudar-campo-produzca\/#primaryimage"},"thumbnailUrl":"https:\/\/diariotextual.com\/inicio\/wp-content\/uploads\/2019\/07\/fernandezalberto2019-2005.jpg","datePublished":"2019-07-31T09:46:47+00:00","dateModified":"2019-07-31T12:44:15+00:00","breadcrumb":{"@id":"https:\/\/diariotextual.com\/inicio\/index.php\/2019\/07\/31\/alberto-fernandez-prometio-ayudar-campo-produzca\/#breadcrumb"},"inLanguage":"es","potentialAction":[{"@type":"ReadAction","target":["https:\/\/diariotextual.com\/inicio\/index.php\/2019\/07\/31\/alberto-fernandez-prometio-ayudar-campo-produzca\/"]}]},{"@type":"ImageObject","inLanguage":"es","@id":"https:\/\/diariotextual.com\/inicio\/index.php\/2019\/07\/31\/alberto-fernandez-prometio-ayudar-campo-produzca\/#primaryimage","url":"https:\/\/diariotextual.com\/inicio\/wp-content\/uploads\/2019\/07\/fernandezalberto2019-2005.jpg","contentUrl":"https:\/\/diariotextual.com\/inicio\/wp-content\/uploads\/2019\/07\/fernandezalberto2019-2005.jpg","width":960,"height":640},{"@type":"BreadcrumbList","@id":"https:\/\/diariotextual.com\/inicio\/index.php\/2019\/07\/31\/alberto-fernandez-prometio-ayudar-campo-produzca\/#breadcrumb","itemListElement":[{"@type":"ListItem","position":1,"name":"Portada","item":"https:\/\/diariotextual.com\/inicio\/"},{"@type":"ListItem","position":2,"name":"Alberto Fern\u00e1ndez prometi\u00f3 \u00abayudar para que el campo produzca\u00bb"}]},{"@type":"WebSite","@id":"https:\/\/diariotextual.com\/inicio\/#website","url":"https:\/\/diariotextual.com\/inicio\/","name":"Diario Textual","description":"","publisher":{"@id":"https:\/\/diariotextual.com\/inicio\/#organization"},"potentialAction":[{"@type":"SearchAction","target":{"@type":"EntryPoint","urlTemplate":"https:\/\/diariotextual.com\/inicio\/?s={search_term_string}"},"query-input":{"@type":"PropertyValueSpecification","valueRequired":true,"valueName":"search_term_string"}}],"inLanguage":"es"},{"@type":"Organization","@id":"https:\/\/diariotextual.com\/inicio\/#organization","name":"Diario Textual","url":"https:\/\/diariotextual.com\/inicio\/","logo":{"@type":"ImageObject","inLanguage":"es","@id":"https:\/\/diariotextual.com\/inicio\/#\/schema\/logo\/image\/","url":"https:\/\/diariotextual.com\/inicio\/wp-content\/uploads\/2023\/05\/logotextual1.jpg","contentUrl":"https:\/\/diariotextual.com\/inicio\/wp-content\/uploads\/2023\/05\/logotextual1.jpg","width":516,"height":76,"caption":"Diario Textual"},"image":{"@id":"https:\/\/diariotextual.com\/inicio\/#\/schema\/logo\/image\/"},"sameAs":["https:\/\/www.facebook.com\/eltextual","https:\/\/x.com\/eltextual","http:\/\/www.instagram.com\/eltextual"]},{"@type":"Person","@id":"https:\/\/diariotextual.com\/inicio\/#\/schema\/person\/418fc4093c33e86ed41562db3508f958","name":"Diario1 Diario1","image":{"@type":"ImageObject","inLanguage":"es","@id":"https:\/\/secure.gravatar.com\/avatar\/9167d280179c85bc18be67aa7eda765854300033af4896dd779b608640f2ef7a?s=96&d=mm&r=g","url":"https:\/\/secure.gravatar.com\/avatar\/9167d280179c85bc18be67aa7eda765854300033af4896dd779b608640f2ef7a?s=96&d=mm&r=g","contentUrl":"https:\/\/secure.gravatar.com\/avatar\/9167d280179c85bc18be67aa7eda765854300033af4896dd779b608640f2ef7a?s=96&d=mm&r=g","caption":"Diario1 Diario1"},"url":"https:\/\/diariotextual.com\/inicio\/index.php\/author\/diario1\/"}]}},"_links":{"self":[{"href":"https:\/\/diariotextual.com\/inicio\/index.php\/wp-json\/wp\/v2\/posts\/57660","targetHints":{"allow":["GET"]}}],"collection":[{"href":"https:\/\/diariotextual.com\/inicio\/index.php\/wp-json\/wp\/v2\/posts"}],"about":[{"href":"https:\/\/diariotextual.com\/inicio\/index.php\/wp-json\/wp\/v2\/types\/post"}],"author":[{"embeddable":true,"href":"https:\/\/diariotextual.com\/inicio\/index.php\/wp-json\/wp\/v2\/users\/3"}],"replies":[{"embeddable":true,"href":"https:\/\/diariotextual.com\/inicio\/index.php\/wp-json\/wp\/v2\/comments?post=57660"}],"version-history":[{"count":1,"href":"https:\/\/diariotextual.com\/inicio\/index.php\/wp-json\/wp\/v2\/posts\/57660\/revisions"}],"predecessor-version":[{"id":57661,"href":"https:\/\/diariotextual.com\/inicio\/index.php\/wp-json\/wp\/v2\/posts\/57660\/revisions\/57661"}],"wp:featuredmedia":[{"embeddable":true,"href":"https:\/\/diariotextual.com\/inicio\/index.php\/wp-json\/wp\/v2\/media\/57662"}],"wp:attachment":[{"href":"https:\/\/diariotextual.com\/inicio\/index.php\/wp-json\/wp\/v2\/media?parent=57660"}],"wp:term":[{"taxonomy":"category","embeddable":true,"href":"https:\/\/diariotextual.com\/inicio\/index.php\/wp-json\/wp\/v2\/categories?post=57660"},{"taxonomy":"post_tag","embeddable":true,"href":"https:\/\/diariotextual.com\/inicio\/index.php\/wp-json\/wp\/v2\/tags?post=57660"}],"curies":[{"name":"wp","href":"https:\/\/api.w.org\/{rel}","templated":true}]}}