{"id":57733,"date":"2019-07-31T12:50:32","date_gmt":"2019-07-31T15:50:32","guid":{"rendered":"http:\/\/diariotextual.com\/inicio\/?p=57733"},"modified":"2019-08-01T09:10:17","modified_gmt":"2019-08-01T12:10:17","slug":"cec-revelo-primer-cuatrimestre-se-perdieron-160-empleos-comercio","status":"publish","type":"post","link":"https:\/\/diariotextual.com\/inicio\/index.php\/2019\/07\/31\/cec-revelo-primer-cuatrimestre-se-perdieron-160-empleos-comercio\/","title":{"rendered":"El CEC revel\u00f3 que en el primer cuatrimestre se perdieron 160 empleos en el comercio"},"content":{"rendered":"<p>El <strong>Centro Empleados de Comercio<\/strong> de Santa Rosa revel\u00f3 este mi\u00e9rcoles que <strong>en el primer cuatrimestre de 2019 se perdieron 160 puestos de trabajo<\/strong>, contemplando \u00fanicamente el sector comercio.<\/p>\n<p><img fetchpriority=\"high\" decoding=\"async\" class=\"alignnone size-full wp-image-57735\" src=\"http:\/\/diariotextual.com\/inicio\/wp-content\/uploads\/2019\/07\/puestostrabajocuadro.jpg\" alt=\"\" width=\"681\" height=\"472\" srcset=\"https:\/\/diariotextual.com\/inicio\/wp-content\/uploads\/2019\/07\/puestostrabajocuadro.jpg 681w, https:\/\/diariotextual.com\/inicio\/wp-content\/uploads\/2019\/07\/puestostrabajocuadro-300x208.jpg 300w, https:\/\/diariotextual.com\/inicio\/wp-content\/uploads\/2019\/07\/puestostrabajocuadro-585x405.jpg 585w\" sizes=\"(max-width: 681px) 100vw, 681px\" \/><\/p>\n<p>El gremio de los mercantiles especific\u00f3 que este n\u00famero se suma a los <strong>m\u00e1s de 500 que ya se hab\u00edan perdido en el periodo 2015-2018.<\/strong><\/p>\n<p><strong>\u00abSi bien en el sector es muy normal la rotaci\u00f3n de empleados entre comercios (renuncia y nueva alta en otro comercio), el n\u00famero refleja exclusivamente la cantidad de puestos reales\u00bb<\/strong>, precis\u00f3 el CEC en el informe al que accedi\u00f3 Diario Textual.<\/p>\n<p>\u00abEste dato puede deberse a dos realidades posibles (ambas malas para el empleado): despidos por reducci\u00f3n o cierre de locales; o paso del empleado en blanco a trabajo no registrado, situaci\u00f3n que deja al trabajador en una posici\u00f3n de extrema vulnerabilidad\u00bb, agreg\u00f3.<\/p>\n<p>&nbsp;<\/p>\n","protected":false},"excerpt":{"rendered":"<p>El Centro Empleados de Comercio de Santa Rosa revel\u00f3 este mi\u00e9rcoles que en el primer cuatrimestre de 2019 se perdieron 160 puestos de trabajo, contemplando \u00fanicamente el sector comercio. El&hellip;<\/p>\n","protected":false},"author":7,"featured_media":28993,"comment_status":"closed","ping_status":"open","sticky":false,"template":"","format":"standard","meta":{"_acf_changed":false,"footnotes":""},"categories":[319,12],"tags":[],"class_list":["post-57733","post","type-post","status-publish","format-standard","has-post-thumbnail","hentry","category-a-temporales","category-sociedad"],"acf":[],"yoast_head":"<!-- This site is optimized with the Yoast SEO plugin v27.5 - https:\/\/yoast.com\/product\/yoast-seo-wordpress\/ -->\n<title>El CEC revel\u00f3 que en el primer cuatrimestre se perdieron 160 empleos en el comercio - Diario Textual<\/title>\n<meta name=\"robots\" content=\"index, follow, max-snippet:-1, max-image-preview:large, max-video-preview:-1\" \/>\n<link rel=\"canonical\" href=\"https:\/\/diariotextual.com\/inicio\/index.php\/2019\/07\/31\/cec-revelo-primer-cuatrimestre-se-perdieron-160-empleos-comercio\/\" \/>\n<meta property=\"og:locale\" content=\"es_ES\" \/>\n<meta property=\"og:type\" content=\"article\" \/>\n<meta property=\"og:title\" content=\"El CEC revel\u00f3 que en el primer cuatrimestre se perdieron 160 empleos en el comercio - Diario Textual\" \/>\n<meta property=\"og:description\" content=\"El Centro Empleados de Comercio de Santa Rosa revel\u00f3 este mi\u00e9rcoles que en el primer cuatrimestre de 2019 se perdieron 160 puestos de trabajo, contemplando \u00fanicamente el sector comercio. El&hellip;\" \/>\n<meta property=\"og:url\" content=\"https:\/\/diariotextual.com\/inicio\/index.php\/2019\/07\/31\/cec-revelo-primer-cuatrimestre-se-perdieron-160-empleos-comercio\/\" \/>\n<meta property=\"og:site_name\" content=\"Diario Textual\" \/>\n<meta property=\"article:publisher\" content=\"https:\/\/www.facebook.com\/eltextual\" \/>\n<meta property=\"article:published_time\" content=\"2019-07-31T15:50:32+00:00\" \/>\n<meta property=\"article:modified_time\" content=\"2019-08-01T12:10:17+00:00\" \/>\n<meta property=\"og:image\" content=\"https:\/\/diariotextual.com\/inicio\/wp-content\/uploads\/2018\/11\/comerciogondolassupermercado11.jpg\" \/>\n\t<meta property=\"og:image:width\" content=\"1283\" \/>\n\t<meta property=\"og:image:height\" content=\"765\" \/>\n\t<meta property=\"og:image:type\" content=\"image\/jpeg\" \/>\n<meta name=\"author\" content=\"diario5\" \/>\n<meta name=\"twitter:card\" content=\"summary_large_image\" \/>\n<meta name=\"twitter:creator\" content=\"@eltextual\" \/>\n<meta name=\"twitter:site\" content=\"@eltextual\" \/>\n<meta name=\"twitter:label1\" content=\"Escrito por\" \/>\n\t<meta name=\"twitter:data1\" content=\"diario5\" \/>\n\t<meta name=\"twitter:label2\" content=\"Tiempo de lectura\" \/>\n\t<meta name=\"twitter:data2\" content=\"1 minuto\" \/>\n<script type=\"application\/ld+json\" class=\"yoast-schema-graph\">{\"@context\":\"https:\\\/\\\/schema.org\",\"@graph\":[{\"@type\":\"Article\",\"@id\":\"https:\\\/\\\/diariotextual.com\\\/inicio\\\/index.php\\\/2019\\\/07\\\/31\\\/cec-revelo-primer-cuatrimestre-se-perdieron-160-empleos-comercio\\\/#article\",\"isPartOf\":{\"@id\":\"https:\\\/\\\/diariotextual.com\\\/inicio\\\/index.php\\\/2019\\\/07\\\/31\\\/cec-revelo-primer-cuatrimestre-se-perdieron-160-empleos-comercio\\\/\"},\"author\":{\"name\":\"diario5\",\"@id\":\"https:\\\/\\\/diariotextual.com\\\/inicio\\\/#\\\/schema\\\/person\\\/c7834961ad8b29b1d9cdbf4571299067\"},\"headline\":\"El CEC revel\u00f3 que en el primer cuatrimestre se perdieron 160 empleos en el comercio\",\"datePublished\":\"2019-07-31T15:50:32+00:00\",\"dateModified\":\"2019-08-01T12:10:17+00:00\",\"mainEntityOfPage\":{\"@id\":\"https:\\\/\\\/diariotextual.com\\\/inicio\\\/index.php\\\/2019\\\/07\\\/31\\\/cec-revelo-primer-cuatrimestre-se-perdieron-160-empleos-comercio\\\/\"},\"wordCount\":158,\"publisher\":{\"@id\":\"https:\\\/\\\/diariotextual.com\\\/inicio\\\/#organization\"},\"image\":{\"@id\":\"https:\\\/\\\/diariotextual.com\\\/inicio\\\/index.php\\\/2019\\\/07\\\/31\\\/cec-revelo-primer-cuatrimestre-se-perdieron-160-empleos-comercio\\\/#primaryimage\"},\"thumbnailUrl\":\"https:\\\/\\\/diariotextual.com\\\/inicio\\\/wp-content\\\/uploads\\\/2018\\\/11\\\/comerciogondolassupermercado11.jpg\",\"articleSection\":[\"A - TEMPORALES\",\"SOCIEDAD\"],\"inLanguage\":\"es\"},{\"@type\":\"WebPage\",\"@id\":\"https:\\\/\\\/diariotextual.com\\\/inicio\\\/index.php\\\/2019\\\/07\\\/31\\\/cec-revelo-primer-cuatrimestre-se-perdieron-160-empleos-comercio\\\/\",\"url\":\"https:\\\/\\\/diariotextual.com\\\/inicio\\\/index.php\\\/2019\\\/07\\\/31\\\/cec-revelo-primer-cuatrimestre-se-perdieron-160-empleos-comercio\\\/\",\"name\":\"El CEC revel\u00f3 que en el primer cuatrimestre se perdieron 160 empleos en el comercio - Diario Textual\",\"isPartOf\":{\"@id\":\"https:\\\/\\\/diariotextual.com\\\/inicio\\\/#website\"},\"primaryImageOfPage\":{\"@id\":\"https:\\\/\\\/diariotextual.com\\\/inicio\\\/index.php\\\/2019\\\/07\\\/31\\\/cec-revelo-primer-cuatrimestre-se-perdieron-160-empleos-comercio\\\/#primaryimage\"},\"image\":{\"@id\":\"https:\\\/\\\/diariotextual.com\\\/inicio\\\/index.php\\\/2019\\\/07\\\/31\\\/cec-revelo-primer-cuatrimestre-se-perdieron-160-empleos-comercio\\\/#primaryimage\"},\"thumbnailUrl\":\"https:\\\/\\\/diariotextual.com\\\/inicio\\\/wp-content\\\/uploads\\\/2018\\\/11\\\/comerciogondolassupermercado11.jpg\",\"datePublished\":\"2019-07-31T15:50:32+00:00\",\"dateModified\":\"2019-08-01T12:10:17+00:00\",\"breadcrumb\":{\"@id\":\"https:\\\/\\\/diariotextual.com\\\/inicio\\\/index.php\\\/2019\\\/07\\\/31\\\/cec-revelo-primer-cuatrimestre-se-perdieron-160-empleos-comercio\\\/#breadcrumb\"},\"inLanguage\":\"es\",\"potentialAction\":[{\"@type\":\"ReadAction\",\"target\":[\"https:\\\/\\\/diariotextual.com\\\/inicio\\\/index.php\\\/2019\\\/07\\\/31\\\/cec-revelo-primer-cuatrimestre-se-perdieron-160-empleos-comercio\\\/\"]}]},{\"@type\":\"ImageObject\",\"inLanguage\":\"es\",\"@id\":\"https:\\\/\\\/diariotextual.com\\\/inicio\\\/index.php\\\/2019\\\/07\\\/31\\\/cec-revelo-primer-cuatrimestre-se-perdieron-160-empleos-comercio\\\/#primaryimage\",\"url\":\"https:\\\/\\\/diariotextual.com\\\/inicio\\\/wp-content\\\/uploads\\\/2018\\\/11\\\/comerciogondolassupermercado11.jpg\",\"contentUrl\":\"https:\\\/\\\/diariotextual.com\\\/inicio\\\/wp-content\\\/uploads\\\/2018\\\/11\\\/comerciogondolassupermercado11.jpg\",\"width\":1283,\"height\":765},{\"@type\":\"BreadcrumbList\",\"@id\":\"https:\\\/\\\/diariotextual.com\\\/inicio\\\/index.php\\\/2019\\\/07\\\/31\\\/cec-revelo-primer-cuatrimestre-se-perdieron-160-empleos-comercio\\\/#breadcrumb\",\"itemListElement\":[{\"@type\":\"ListItem\",\"position\":1,\"name\":\"Portada\",\"item\":\"https:\\\/\\\/diariotextual.com\\\/inicio\\\/\"},{\"@type\":\"ListItem\",\"position\":2,\"name\":\"El CEC revel\u00f3 que en el primer cuatrimestre se perdieron 160 empleos en el comercio\"}]},{\"@type\":\"WebSite\",\"@id\":\"https:\\\/\\\/diariotextual.com\\\/inicio\\\/#website\",\"url\":\"https:\\\/\\\/diariotextual.com\\\/inicio\\\/\",\"name\":\"Diario Textual\",\"description\":\"\",\"publisher\":{\"@id\":\"https:\\\/\\\/diariotextual.com\\\/inicio\\\/#organization\"},\"potentialAction\":[{\"@type\":\"SearchAction\",\"target\":{\"@type\":\"EntryPoint\",\"urlTemplate\":\"https:\\\/\\\/diariotextual.com\\\/inicio\\\/?s={search_term_string}\"},\"query-input\":{\"@type\":\"PropertyValueSpecification\",\"valueRequired\":true,\"valueName\":\"search_term_string\"}}],\"inLanguage\":\"es\"},{\"@type\":\"Organization\",\"@id\":\"https:\\\/\\\/diariotextual.com\\\/inicio\\\/#organization\",\"name\":\"Diario Textual\",\"url\":\"https:\\\/\\\/diariotextual.com\\\/inicio\\\/\",\"logo\":{\"@type\":\"ImageObject\",\"inLanguage\":\"es\",\"@id\":\"https:\\\/\\\/diariotextual.com\\\/inicio\\\/#\\\/schema\\\/logo\\\/image\\\/\",\"url\":\"https:\\\/\\\/diariotextual.com\\\/inicio\\\/wp-content\\\/uploads\\\/2023\\\/05\\\/logotextual1.jpg\",\"contentUrl\":\"https:\\\/\\\/diariotextual.com\\\/inicio\\\/wp-content\\\/uploads\\\/2023\\\/05\\\/logotextual1.jpg\",\"width\":516,\"height\":76,\"caption\":\"Diario Textual\"},\"image\":{\"@id\":\"https:\\\/\\\/diariotextual.com\\\/inicio\\\/#\\\/schema\\\/logo\\\/image\\\/\"},\"sameAs\":[\"https:\\\/\\\/www.facebook.com\\\/eltextual\",\"https:\\\/\\\/x.com\\\/eltextual\",\"http:\\\/\\\/www.instagram.com\\\/eltextual\"]},{\"@type\":\"Person\",\"@id\":\"https:\\\/\\\/diariotextual.com\\\/inicio\\\/#\\\/schema\\\/person\\\/c7834961ad8b29b1d9cdbf4571299067\",\"name\":\"diario5\",\"image\":{\"@type\":\"ImageObject\",\"inLanguage\":\"es\",\"@id\":\"https:\\\/\\\/secure.gravatar.com\\\/avatar\\\/948c893b847ca6df68216ead81b63f363408ec9b0f600fefc0641ce78613b111?s=96&d=mm&r=g\",\"url\":\"https:\\\/\\\/secure.gravatar.com\\\/avatar\\\/948c893b847ca6df68216ead81b63f363408ec9b0f600fefc0641ce78613b111?s=96&d=mm&r=g\",\"contentUrl\":\"https:\\\/\\\/secure.gravatar.com\\\/avatar\\\/948c893b847ca6df68216ead81b63f363408ec9b0f600fefc0641ce78613b111?s=96&d=mm&r=g\",\"caption\":\"diario5\"},\"url\":\"https:\\\/\\\/diariotextual.com\\\/inicio\\\/index.php\\\/author\\\/diario5\\\/\"}]}<\/script>\n<!-- \/ Yoast SEO plugin. -->","yoast_head_json":{"title":"El CEC revel\u00f3 que en el primer cuatrimestre se perdieron 160 empleos en el comercio - Diario Textual","robots":{"index":"index","follow":"follow","max-snippet":"max-snippet:-1","max-image-preview":"max-image-preview:large","max-video-preview":"max-video-preview:-1"},"canonical":"https:\/\/diariotextual.com\/inicio\/index.php\/2019\/07\/31\/cec-revelo-primer-cuatrimestre-se-perdieron-160-empleos-comercio\/","og_locale":"es_ES","og_type":"article","og_title":"El CEC revel\u00f3 que en el primer cuatrimestre se perdieron 160 empleos en el comercio - Diario Textual","og_description":"El Centro Empleados de Comercio de Santa Rosa revel\u00f3 este mi\u00e9rcoles que en el primer cuatrimestre de 2019 se perdieron 160 puestos de trabajo, contemplando \u00fanicamente el sector comercio. El&hellip;","og_url":"https:\/\/diariotextual.com\/inicio\/index.php\/2019\/07\/31\/cec-revelo-primer-cuatrimestre-se-perdieron-160-empleos-comercio\/","og_site_name":"Diario Textual","article_publisher":"https:\/\/www.facebook.com\/eltextual","article_published_time":"2019-07-31T15:50:32+00:00","article_modified_time":"2019-08-01T12:10:17+00:00","og_image":[{"width":1283,"height":765,"url":"https:\/\/diariotextual.com\/inicio\/wp-content\/uploads\/2018\/11\/comerciogondolassupermercado11.jpg","type":"image\/jpeg"}],"author":"diario5","twitter_card":"summary_large_image","twitter_creator":"@eltextual","twitter_site":"@eltextual","twitter_misc":{"Escrito por":"diario5","Tiempo de lectura":"1 minuto"},"schema":{"@context":"https:\/\/schema.org","@graph":[{"@type":"Article","@id":"https:\/\/diariotextual.com\/inicio\/index.php\/2019\/07\/31\/cec-revelo-primer-cuatrimestre-se-perdieron-160-empleos-comercio\/#article","isPartOf":{"@id":"https:\/\/diariotextual.com\/inicio\/index.php\/2019\/07\/31\/cec-revelo-primer-cuatrimestre-se-perdieron-160-empleos-comercio\/"},"author":{"name":"diario5","@id":"https:\/\/diariotextual.com\/inicio\/#\/schema\/person\/c7834961ad8b29b1d9cdbf4571299067"},"headline":"El CEC revel\u00f3 que en el primer cuatrimestre se perdieron 160 empleos en el comercio","datePublished":"2019-07-31T15:50:32+00:00","dateModified":"2019-08-01T12:10:17+00:00","mainEntityOfPage":{"@id":"https:\/\/diariotextual.com\/inicio\/index.php\/2019\/07\/31\/cec-revelo-primer-cuatrimestre-se-perdieron-160-empleos-comercio\/"},"wordCount":158,"publisher":{"@id":"https:\/\/diariotextual.com\/inicio\/#organization"},"image":{"@id":"https:\/\/diariotextual.com\/inicio\/index.php\/2019\/07\/31\/cec-revelo-primer-cuatrimestre-se-perdieron-160-empleos-comercio\/#primaryimage"},"thumbnailUrl":"https:\/\/diariotextual.com\/inicio\/wp-content\/uploads\/2018\/11\/comerciogondolassupermercado11.jpg","articleSection":["A - TEMPORALES","SOCIEDAD"],"inLanguage":"es"},{"@type":"WebPage","@id":"https:\/\/diariotextual.com\/inicio\/index.php\/2019\/07\/31\/cec-revelo-primer-cuatrimestre-se-perdieron-160-empleos-comercio\/","url":"https:\/\/diariotextual.com\/inicio\/index.php\/2019\/07\/31\/cec-revelo-primer-cuatrimestre-se-perdieron-160-empleos-comercio\/","name":"El CEC revel\u00f3 que en el primer cuatrimestre se perdieron 160 empleos en el comercio - Diario Textual","isPartOf":{"@id":"https:\/\/diariotextual.com\/inicio\/#website"},"primaryImageOfPage":{"@id":"https:\/\/diariotextual.com\/inicio\/index.php\/2019\/07\/31\/cec-revelo-primer-cuatrimestre-se-perdieron-160-empleos-comercio\/#primaryimage"},"image":{"@id":"https:\/\/diariotextual.com\/inicio\/index.php\/2019\/07\/31\/cec-revelo-primer-cuatrimestre-se-perdieron-160-empleos-comercio\/#primaryimage"},"thumbnailUrl":"https:\/\/diariotextual.com\/inicio\/wp-content\/uploads\/2018\/11\/comerciogondolassupermercado11.jpg","datePublished":"2019-07-31T15:50:32+00:00","dateModified":"2019-08-01T12:10:17+00:00","breadcrumb":{"@id":"https:\/\/diariotextual.com\/inicio\/index.php\/2019\/07\/31\/cec-revelo-primer-cuatrimestre-se-perdieron-160-empleos-comercio\/#breadcrumb"},"inLanguage":"es","potentialAction":[{"@type":"ReadAction","target":["https:\/\/diariotextual.com\/inicio\/index.php\/2019\/07\/31\/cec-revelo-primer-cuatrimestre-se-perdieron-160-empleos-comercio\/"]}]},{"@type":"ImageObject","inLanguage":"es","@id":"https:\/\/diariotextual.com\/inicio\/index.php\/2019\/07\/31\/cec-revelo-primer-cuatrimestre-se-perdieron-160-empleos-comercio\/#primaryimage","url":"https:\/\/diariotextual.com\/inicio\/wp-content\/uploads\/2018\/11\/comerciogondolassupermercado11.jpg","contentUrl":"https:\/\/diariotextual.com\/inicio\/wp-content\/uploads\/2018\/11\/comerciogondolassupermercado11.jpg","width":1283,"height":765},{"@type":"BreadcrumbList","@id":"https:\/\/diariotextual.com\/inicio\/index.php\/2019\/07\/31\/cec-revelo-primer-cuatrimestre-se-perdieron-160-empleos-comercio\/#breadcrumb","itemListElement":[{"@type":"ListItem","position":1,"name":"Portada","item":"https:\/\/diariotextual.com\/inicio\/"},{"@type":"ListItem","position":2,"name":"El CEC revel\u00f3 que en el primer cuatrimestre se perdieron 160 empleos en el comercio"}]},{"@type":"WebSite","@id":"https:\/\/diariotextual.com\/inicio\/#website","url":"https:\/\/diariotextual.com\/inicio\/","name":"Diario Textual","description":"","publisher":{"@id":"https:\/\/diariotextual.com\/inicio\/#organization"},"potentialAction":[{"@type":"SearchAction","target":{"@type":"EntryPoint","urlTemplate":"https:\/\/diariotextual.com\/inicio\/?s={search_term_string}"},"query-input":{"@type":"PropertyValueSpecification","valueRequired":true,"valueName":"search_term_string"}}],"inLanguage":"es"},{"@type":"Organization","@id":"https:\/\/diariotextual.com\/inicio\/#organization","name":"Diario Textual","url":"https:\/\/diariotextual.com\/inicio\/","logo":{"@type":"ImageObject","inLanguage":"es","@id":"https:\/\/diariotextual.com\/inicio\/#\/schema\/logo\/image\/","url":"https:\/\/diariotextual.com\/inicio\/wp-content\/uploads\/2023\/05\/logotextual1.jpg","contentUrl":"https:\/\/diariotextual.com\/inicio\/wp-content\/uploads\/2023\/05\/logotextual1.jpg","width":516,"height":76,"caption":"Diario Textual"},"image":{"@id":"https:\/\/diariotextual.com\/inicio\/#\/schema\/logo\/image\/"},"sameAs":["https:\/\/www.facebook.com\/eltextual","https:\/\/x.com\/eltextual","http:\/\/www.instagram.com\/eltextual"]},{"@type":"Person","@id":"https:\/\/diariotextual.com\/inicio\/#\/schema\/person\/c7834961ad8b29b1d9cdbf4571299067","name":"diario5","image":{"@type":"ImageObject","inLanguage":"es","@id":"https:\/\/secure.gravatar.com\/avatar\/948c893b847ca6df68216ead81b63f363408ec9b0f600fefc0641ce78613b111?s=96&d=mm&r=g","url":"https:\/\/secure.gravatar.com\/avatar\/948c893b847ca6df68216ead81b63f363408ec9b0f600fefc0641ce78613b111?s=96&d=mm&r=g","contentUrl":"https:\/\/secure.gravatar.com\/avatar\/948c893b847ca6df68216ead81b63f363408ec9b0f600fefc0641ce78613b111?s=96&d=mm&r=g","caption":"diario5"},"url":"https:\/\/diariotextual.com\/inicio\/index.php\/author\/diario5\/"}]}},"_links":{"self":[{"href":"https:\/\/diariotextual.com\/inicio\/index.php\/wp-json\/wp\/v2\/posts\/57733","targetHints":{"allow":["GET"]}}],"collection":[{"href":"https:\/\/diariotextual.com\/inicio\/index.php\/wp-json\/wp\/v2\/posts"}],"about":[{"href":"https:\/\/diariotextual.com\/inicio\/index.php\/wp-json\/wp\/v2\/types\/post"}],"author":[{"embeddable":true,"href":"https:\/\/diariotextual.com\/inicio\/index.php\/wp-json\/wp\/v2\/users\/7"}],"replies":[{"embeddable":true,"href":"https:\/\/diariotextual.com\/inicio\/index.php\/wp-json\/wp\/v2\/comments?post=57733"}],"version-history":[{"count":3,"href":"https:\/\/diariotextual.com\/inicio\/index.php\/wp-json\/wp\/v2\/posts\/57733\/revisions"}],"predecessor-version":[{"id":57856,"href":"https:\/\/diariotextual.com\/inicio\/index.php\/wp-json\/wp\/v2\/posts\/57733\/revisions\/57856"}],"wp:featuredmedia":[{"embeddable":true,"href":"https:\/\/diariotextual.com\/inicio\/index.php\/wp-json\/wp\/v2\/media\/28993"}],"wp:attachment":[{"href":"https:\/\/diariotextual.com\/inicio\/index.php\/wp-json\/wp\/v2\/media?parent=57733"}],"wp:term":[{"taxonomy":"category","embeddable":true,"href":"https:\/\/diariotextual.com\/inicio\/index.php\/wp-json\/wp\/v2\/categories?post=57733"},{"taxonomy":"post_tag","embeddable":true,"href":"https:\/\/diariotextual.com\/inicio\/index.php\/wp-json\/wp\/v2\/tags?post=57733"}],"curies":[{"name":"wp","href":"https:\/\/api.w.org\/{rel}","templated":true}]}}