{"id":57757,"date":"2019-07-31T16:16:50","date_gmt":"2019-07-31T19:16:50","guid":{"rendered":"http:\/\/diariotextual.com\/inicio\/?p=57757"},"modified":"2019-08-01T09:08:21","modified_gmt":"2019-08-01T12:08:21","slug":"faurie-lo-produce-la-pampa-puede-entrar-la-union-europea","status":"publish","type":"post","link":"https:\/\/diariotextual.com\/inicio\/index.php\/2019\/07\/31\/faurie-lo-produce-la-pampa-puede-entrar-la-union-europea\/","title":{"rendered":"Para Faurie todo lo que produce La Pampa puede entrar a la Uni\u00f3n Europea"},"content":{"rendered":"<p>Jorge Faurie, ministro de Relaciones Exteriores, visit\u00f3 General Pico y ante un importante p\u00fablico explic\u00f3 los alcances del hist\u00f3rico acuerdo que logr\u00f3 el Mercosur con la Uni\u00f3n Europea. Dijo que <strong>para 2021 pod\u00eda entrar en vigencia el tratado.<\/strong><\/p>\n<p><!--more--><\/p>\n<p>La charla fue organizada por la Sociedad Rural de esa ciudad y Faurie estuvo acompa\u00f1ado por el diputado nacional Mart\u00edn Maquieyra (PRO \u2013 Cambiemos), public\u00f3 el portal Infopico.<\/p>\n<p>En di\u00e1logo con la prensa, el canciller argentino expres\u00f3 que est\u00e1 participando en distintas actividades para explicar el acuerdo con la Uni\u00f3n Europea. \u201cAlgunas charlas las hemos hecho en Capital Federal con distintos sectores. Tambi\u00e9n lo hicimos en Santa Fe, C\u00f3rdoba y en La Pampa\u201d, afirm\u00f3.<\/p>\n<p>Faurie asegur\u00f3 que todos los productos que se negocian con la Uni\u00f3n Europea est\u00e1n incluidos en el acuerdo: \u201c<strong>Est\u00e1 abierta la posibilidad de exportar lo mismo que producimos y comerciamos\u201d.<\/strong><\/p>\n<p>En General Pico, <strong>el ministro dijo que visit\u00f3 un frigor\u00edfico, exportador de cuota Hilton, y que hoy paga para ingresar a Europa 20% de arancel. \u201cA partir de la entrada en vigor del tratado pasar\u00eda a tener arancel 0<\/strong>\u201d, agreg\u00f3.<\/p>\n<p>\u201cLa verdad que honra a La Pampa porque es un frigor\u00edfico que tiene un clar\u00edsimo perfil exportador y lo m\u00e1s importante de toda nuestra capacidad productiva es todo lo que dispongamos para la exportaci\u00f3n. Realmente Argentina tiene potencial, est\u00e1 exportando y obviamente tiene grandes posibilidades. Si todos los frigor\u00edficos tuvieran esa actitud estar\u00edamos en punta\u201d, expres\u00f3 el canciller argentino.<\/p>\n<p>\u201cPara nosotros,<strong> los pampeanos, este acuerdo va a ser important\u00edsimo ya que permitir\u00eda aumentar un 39% las exportaciones\u201d, destac\u00f3 Maquieyra<\/strong>, luego de la visita al frigor\u00edfico piquense.<\/p>\n<p>\u201cHemos conseguido adem\u00e1s un aumento de la cuota de compra de carne\u201d, sostuvo Faurie y explic\u00f3: <strong>\u201cTodos los productos que La Pampa produce que son b\u00e1sicamente trigo, cebada, miel, carne de liebre tienen entrada en el mercado europeo\u201d<\/strong>.<\/p>\n<p>&nbsp;<\/p>\n<p><strong>Vigencia<\/strong><\/p>\n<p>\u201c<strong>Tenemos todo un tiempo de cohesi\u00f3n legal que ser\u00e1n de meses con la explicaci\u00f3n clara que los cuatro pa\u00edses del Mercosur a nuestros parlamentos. Tambi\u00e9n va al Parlamento Europeo<\/strong> y todo lo que tenga que ver con el conjunto del acuerdo incluyendo lo comercial\u201d, a\u00f1adi\u00f3.<\/p>\n<p>Y explic\u00f3 que <strong>al resto de los parlamentos va la parte no comercial, por lo tanto demandar\u00eda un a\u00f1o y medio<\/strong>. \u201cLa idea nuestra es que <strong>para el 2021 pueda entrar en vigor<\/strong>\u201d, resalt\u00f3.<\/p>\n<p>Tambi\u00e9n remarc\u00f3 la capacidad de consumo que tiene la Uni\u00f3n Europea, con un poder adquisitivo realmente importante, en un mercado de 500 millones de habitantes.<\/p>\n<p>&nbsp;<\/p>\n","protected":false},"excerpt":{"rendered":"<p>Jorge Faurie, ministro de Relaciones Exteriores, visit\u00f3 General Pico y ante un importante p\u00fablico explic\u00f3 los alcances del hist\u00f3rico acuerdo que logr\u00f3 el Mercosur con la Uni\u00f3n Europea. Dijo que&hellip;<\/p>\n","protected":false},"author":5,"featured_media":57758,"comment_status":"closed","ping_status":"open","sticky":false,"template":"","format":"standard","meta":{"_acf_changed":false,"footnotes":""},"categories":[319,8],"tags":[],"class_list":["post-57757","post","type-post","status-publish","format-standard","has-post-thumbnail","hentry","category-a-temporales","category-politica"],"acf":[],"yoast_head":"<!-- This site is optimized with the Yoast SEO plugin v27.5 - https:\/\/yoast.com\/product\/yoast-seo-wordpress\/ -->\n<title>Para Faurie todo lo que produce La Pampa puede entrar a la Uni\u00f3n Europea - Diario Textual<\/title>\n<meta name=\"robots\" content=\"index, follow, max-snippet:-1, max-image-preview:large, max-video-preview:-1\" \/>\n<link rel=\"canonical\" href=\"https:\/\/diariotextual.com\/inicio\/index.php\/2019\/07\/31\/faurie-lo-produce-la-pampa-puede-entrar-la-union-europea\/\" \/>\n<meta property=\"og:locale\" content=\"es_ES\" \/>\n<meta property=\"og:type\" content=\"article\" \/>\n<meta property=\"og:title\" content=\"Para Faurie todo lo que produce La Pampa puede entrar a la Uni\u00f3n Europea - Diario Textual\" \/>\n<meta property=\"og:description\" content=\"Jorge Faurie, ministro de Relaciones Exteriores, visit\u00f3 General Pico y ante un importante p\u00fablico explic\u00f3 los alcances del hist\u00f3rico acuerdo que logr\u00f3 el Mercosur con la Uni\u00f3n Europea. Dijo que&hellip;\" \/>\n<meta property=\"og:url\" content=\"https:\/\/diariotextual.com\/inicio\/index.php\/2019\/07\/31\/faurie-lo-produce-la-pampa-puede-entrar-la-union-europea\/\" \/>\n<meta property=\"og:site_name\" content=\"Diario Textual\" \/>\n<meta property=\"article:publisher\" content=\"https:\/\/www.facebook.com\/eltextual\" \/>\n<meta property=\"article:published_time\" content=\"2019-07-31T19:16:50+00:00\" \/>\n<meta property=\"article:modified_time\" content=\"2019-08-01T12:08:21+00:00\" \/>\n<meta property=\"og:image\" content=\"https:\/\/diariotextual.com\/inicio\/wp-content\/uploads\/2019\/07\/fauriepico.jpeg\" \/>\n\t<meta property=\"og:image:width\" content=\"667\" \/>\n\t<meta property=\"og:image:height\" content=\"500\" \/>\n\t<meta property=\"og:image:type\" content=\"image\/jpeg\" \/>\n<meta name=\"author\" content=\"diario3\" \/>\n<meta name=\"twitter:card\" content=\"summary_large_image\" \/>\n<meta name=\"twitter:creator\" content=\"@eltextual\" \/>\n<meta name=\"twitter:site\" content=\"@eltextual\" \/>\n<meta name=\"twitter:label1\" content=\"Escrito por\" \/>\n\t<meta name=\"twitter:data1\" content=\"diario3\" \/>\n\t<meta name=\"twitter:label2\" content=\"Tiempo de lectura\" \/>\n\t<meta name=\"twitter:data2\" content=\"2 minutos\" \/>\n<script type=\"application\/ld+json\" class=\"yoast-schema-graph\">{\"@context\":\"https:\\\/\\\/schema.org\",\"@graph\":[{\"@type\":\"Article\",\"@id\":\"https:\\\/\\\/diariotextual.com\\\/inicio\\\/index.php\\\/2019\\\/07\\\/31\\\/faurie-lo-produce-la-pampa-puede-entrar-la-union-europea\\\/#article\",\"isPartOf\":{\"@id\":\"https:\\\/\\\/diariotextual.com\\\/inicio\\\/index.php\\\/2019\\\/07\\\/31\\\/faurie-lo-produce-la-pampa-puede-entrar-la-union-europea\\\/\"},\"author\":{\"name\":\"diario3\",\"@id\":\"https:\\\/\\\/diariotextual.com\\\/inicio\\\/#\\\/schema\\\/person\\\/a1b6f563e0ee944c60f98119389a4d9f\"},\"headline\":\"Para Faurie todo lo que produce La Pampa puede entrar a la Uni\u00f3n Europea\",\"datePublished\":\"2019-07-31T19:16:50+00:00\",\"dateModified\":\"2019-08-01T12:08:21+00:00\",\"mainEntityOfPage\":{\"@id\":\"https:\\\/\\\/diariotextual.com\\\/inicio\\\/index.php\\\/2019\\\/07\\\/31\\\/faurie-lo-produce-la-pampa-puede-entrar-la-union-europea\\\/\"},\"wordCount\":456,\"publisher\":{\"@id\":\"https:\\\/\\\/diariotextual.com\\\/inicio\\\/#organization\"},\"image\":{\"@id\":\"https:\\\/\\\/diariotextual.com\\\/inicio\\\/index.php\\\/2019\\\/07\\\/31\\\/faurie-lo-produce-la-pampa-puede-entrar-la-union-europea\\\/#primaryimage\"},\"thumbnailUrl\":\"https:\\\/\\\/diariotextual.com\\\/inicio\\\/wp-content\\\/uploads\\\/2019\\\/07\\\/fauriepico.jpeg\",\"articleSection\":[\"A - TEMPORALES\",\"POLITICA\"],\"inLanguage\":\"es\"},{\"@type\":\"WebPage\",\"@id\":\"https:\\\/\\\/diariotextual.com\\\/inicio\\\/index.php\\\/2019\\\/07\\\/31\\\/faurie-lo-produce-la-pampa-puede-entrar-la-union-europea\\\/\",\"url\":\"https:\\\/\\\/diariotextual.com\\\/inicio\\\/index.php\\\/2019\\\/07\\\/31\\\/faurie-lo-produce-la-pampa-puede-entrar-la-union-europea\\\/\",\"name\":\"Para Faurie todo lo que produce La Pampa puede entrar a la Uni\u00f3n Europea - Diario Textual\",\"isPartOf\":{\"@id\":\"https:\\\/\\\/diariotextual.com\\\/inicio\\\/#website\"},\"primaryImageOfPage\":{\"@id\":\"https:\\\/\\\/diariotextual.com\\\/inicio\\\/index.php\\\/2019\\\/07\\\/31\\\/faurie-lo-produce-la-pampa-puede-entrar-la-union-europea\\\/#primaryimage\"},\"image\":{\"@id\":\"https:\\\/\\\/diariotextual.com\\\/inicio\\\/index.php\\\/2019\\\/07\\\/31\\\/faurie-lo-produce-la-pampa-puede-entrar-la-union-europea\\\/#primaryimage\"},\"thumbnailUrl\":\"https:\\\/\\\/diariotextual.com\\\/inicio\\\/wp-content\\\/uploads\\\/2019\\\/07\\\/fauriepico.jpeg\",\"datePublished\":\"2019-07-31T19:16:50+00:00\",\"dateModified\":\"2019-08-01T12:08:21+00:00\",\"breadcrumb\":{\"@id\":\"https:\\\/\\\/diariotextual.com\\\/inicio\\\/index.php\\\/2019\\\/07\\\/31\\\/faurie-lo-produce-la-pampa-puede-entrar-la-union-europea\\\/#breadcrumb\"},\"inLanguage\":\"es\",\"potentialAction\":[{\"@type\":\"ReadAction\",\"target\":[\"https:\\\/\\\/diariotextual.com\\\/inicio\\\/index.php\\\/2019\\\/07\\\/31\\\/faurie-lo-produce-la-pampa-puede-entrar-la-union-europea\\\/\"]}]},{\"@type\":\"ImageObject\",\"inLanguage\":\"es\",\"@id\":\"https:\\\/\\\/diariotextual.com\\\/inicio\\\/index.php\\\/2019\\\/07\\\/31\\\/faurie-lo-produce-la-pampa-puede-entrar-la-union-europea\\\/#primaryimage\",\"url\":\"https:\\\/\\\/diariotextual.com\\\/inicio\\\/wp-content\\\/uploads\\\/2019\\\/07\\\/fauriepico.jpeg\",\"contentUrl\":\"https:\\\/\\\/diariotextual.com\\\/inicio\\\/wp-content\\\/uploads\\\/2019\\\/07\\\/fauriepico.jpeg\",\"width\":667,\"height\":500},{\"@type\":\"BreadcrumbList\",\"@id\":\"https:\\\/\\\/diariotextual.com\\\/inicio\\\/index.php\\\/2019\\\/07\\\/31\\\/faurie-lo-produce-la-pampa-puede-entrar-la-union-europea\\\/#breadcrumb\",\"itemListElement\":[{\"@type\":\"ListItem\",\"position\":1,\"name\":\"Portada\",\"item\":\"https:\\\/\\\/diariotextual.com\\\/inicio\\\/\"},{\"@type\":\"ListItem\",\"position\":2,\"name\":\"Para Faurie todo lo que produce La Pampa puede entrar a la Uni\u00f3n Europea\"}]},{\"@type\":\"WebSite\",\"@id\":\"https:\\\/\\\/diariotextual.com\\\/inicio\\\/#website\",\"url\":\"https:\\\/\\\/diariotextual.com\\\/inicio\\\/\",\"name\":\"Diario Textual\",\"description\":\"\",\"publisher\":{\"@id\":\"https:\\\/\\\/diariotextual.com\\\/inicio\\\/#organization\"},\"potentialAction\":[{\"@type\":\"SearchAction\",\"target\":{\"@type\":\"EntryPoint\",\"urlTemplate\":\"https:\\\/\\\/diariotextual.com\\\/inicio\\\/?s={search_term_string}\"},\"query-input\":{\"@type\":\"PropertyValueSpecification\",\"valueRequired\":true,\"valueName\":\"search_term_string\"}}],\"inLanguage\":\"es\"},{\"@type\":\"Organization\",\"@id\":\"https:\\\/\\\/diariotextual.com\\\/inicio\\\/#organization\",\"name\":\"Diario Textual\",\"url\":\"https:\\\/\\\/diariotextual.com\\\/inicio\\\/\",\"logo\":{\"@type\":\"ImageObject\",\"inLanguage\":\"es\",\"@id\":\"https:\\\/\\\/diariotextual.com\\\/inicio\\\/#\\\/schema\\\/logo\\\/image\\\/\",\"url\":\"https:\\\/\\\/diariotextual.com\\\/inicio\\\/wp-content\\\/uploads\\\/2023\\\/05\\\/logotextual1.jpg\",\"contentUrl\":\"https:\\\/\\\/diariotextual.com\\\/inicio\\\/wp-content\\\/uploads\\\/2023\\\/05\\\/logotextual1.jpg\",\"width\":516,\"height\":76,\"caption\":\"Diario Textual\"},\"image\":{\"@id\":\"https:\\\/\\\/diariotextual.com\\\/inicio\\\/#\\\/schema\\\/logo\\\/image\\\/\"},\"sameAs\":[\"https:\\\/\\\/www.facebook.com\\\/eltextual\",\"https:\\\/\\\/x.com\\\/eltextual\",\"http:\\\/\\\/www.instagram.com\\\/eltextual\"]},{\"@type\":\"Person\",\"@id\":\"https:\\\/\\\/diariotextual.com\\\/inicio\\\/#\\\/schema\\\/person\\\/a1b6f563e0ee944c60f98119389a4d9f\",\"name\":\"diario3\",\"image\":{\"@type\":\"ImageObject\",\"inLanguage\":\"es\",\"@id\":\"https:\\\/\\\/secure.gravatar.com\\\/avatar\\\/5e7ee62c82fc04d9dd79d746a390d93c69c43223e5faeeb3ea9461ef752bfc5d?s=96&d=mm&r=g\",\"url\":\"https:\\\/\\\/secure.gravatar.com\\\/avatar\\\/5e7ee62c82fc04d9dd79d746a390d93c69c43223e5faeeb3ea9461ef752bfc5d?s=96&d=mm&r=g\",\"contentUrl\":\"https:\\\/\\\/secure.gravatar.com\\\/avatar\\\/5e7ee62c82fc04d9dd79d746a390d93c69c43223e5faeeb3ea9461ef752bfc5d?s=96&d=mm&r=g\",\"caption\":\"diario3\"},\"url\":\"https:\\\/\\\/diariotextual.com\\\/inicio\\\/index.php\\\/author\\\/diario3\\\/\"}]}<\/script>\n<!-- \/ Yoast SEO plugin. -->","yoast_head_json":{"title":"Para Faurie todo lo que produce La Pampa puede entrar a la Uni\u00f3n Europea - Diario Textual","robots":{"index":"index","follow":"follow","max-snippet":"max-snippet:-1","max-image-preview":"max-image-preview:large","max-video-preview":"max-video-preview:-1"},"canonical":"https:\/\/diariotextual.com\/inicio\/index.php\/2019\/07\/31\/faurie-lo-produce-la-pampa-puede-entrar-la-union-europea\/","og_locale":"es_ES","og_type":"article","og_title":"Para Faurie todo lo que produce La Pampa puede entrar a la Uni\u00f3n Europea - Diario Textual","og_description":"Jorge Faurie, ministro de Relaciones Exteriores, visit\u00f3 General Pico y ante un importante p\u00fablico explic\u00f3 los alcances del hist\u00f3rico acuerdo que logr\u00f3 el Mercosur con la Uni\u00f3n Europea. Dijo que&hellip;","og_url":"https:\/\/diariotextual.com\/inicio\/index.php\/2019\/07\/31\/faurie-lo-produce-la-pampa-puede-entrar-la-union-europea\/","og_site_name":"Diario Textual","article_publisher":"https:\/\/www.facebook.com\/eltextual","article_published_time":"2019-07-31T19:16:50+00:00","article_modified_time":"2019-08-01T12:08:21+00:00","og_image":[{"width":667,"height":500,"url":"https:\/\/diariotextual.com\/inicio\/wp-content\/uploads\/2019\/07\/fauriepico.jpeg","type":"image\/jpeg"}],"author":"diario3","twitter_card":"summary_large_image","twitter_creator":"@eltextual","twitter_site":"@eltextual","twitter_misc":{"Escrito por":"diario3","Tiempo de lectura":"2 minutos"},"schema":{"@context":"https:\/\/schema.org","@graph":[{"@type":"Article","@id":"https:\/\/diariotextual.com\/inicio\/index.php\/2019\/07\/31\/faurie-lo-produce-la-pampa-puede-entrar-la-union-europea\/#article","isPartOf":{"@id":"https:\/\/diariotextual.com\/inicio\/index.php\/2019\/07\/31\/faurie-lo-produce-la-pampa-puede-entrar-la-union-europea\/"},"author":{"name":"diario3","@id":"https:\/\/diariotextual.com\/inicio\/#\/schema\/person\/a1b6f563e0ee944c60f98119389a4d9f"},"headline":"Para Faurie todo lo que produce La Pampa puede entrar a la Uni\u00f3n Europea","datePublished":"2019-07-31T19:16:50+00:00","dateModified":"2019-08-01T12:08:21+00:00","mainEntityOfPage":{"@id":"https:\/\/diariotextual.com\/inicio\/index.php\/2019\/07\/31\/faurie-lo-produce-la-pampa-puede-entrar-la-union-europea\/"},"wordCount":456,"publisher":{"@id":"https:\/\/diariotextual.com\/inicio\/#organization"},"image":{"@id":"https:\/\/diariotextual.com\/inicio\/index.php\/2019\/07\/31\/faurie-lo-produce-la-pampa-puede-entrar-la-union-europea\/#primaryimage"},"thumbnailUrl":"https:\/\/diariotextual.com\/inicio\/wp-content\/uploads\/2019\/07\/fauriepico.jpeg","articleSection":["A - TEMPORALES","POLITICA"],"inLanguage":"es"},{"@type":"WebPage","@id":"https:\/\/diariotextual.com\/inicio\/index.php\/2019\/07\/31\/faurie-lo-produce-la-pampa-puede-entrar-la-union-europea\/","url":"https:\/\/diariotextual.com\/inicio\/index.php\/2019\/07\/31\/faurie-lo-produce-la-pampa-puede-entrar-la-union-europea\/","name":"Para Faurie todo lo que produce La Pampa puede entrar a la Uni\u00f3n Europea - Diario Textual","isPartOf":{"@id":"https:\/\/diariotextual.com\/inicio\/#website"},"primaryImageOfPage":{"@id":"https:\/\/diariotextual.com\/inicio\/index.php\/2019\/07\/31\/faurie-lo-produce-la-pampa-puede-entrar-la-union-europea\/#primaryimage"},"image":{"@id":"https:\/\/diariotextual.com\/inicio\/index.php\/2019\/07\/31\/faurie-lo-produce-la-pampa-puede-entrar-la-union-europea\/#primaryimage"},"thumbnailUrl":"https:\/\/diariotextual.com\/inicio\/wp-content\/uploads\/2019\/07\/fauriepico.jpeg","datePublished":"2019-07-31T19:16:50+00:00","dateModified":"2019-08-01T12:08:21+00:00","breadcrumb":{"@id":"https:\/\/diariotextual.com\/inicio\/index.php\/2019\/07\/31\/faurie-lo-produce-la-pampa-puede-entrar-la-union-europea\/#breadcrumb"},"inLanguage":"es","potentialAction":[{"@type":"ReadAction","target":["https:\/\/diariotextual.com\/inicio\/index.php\/2019\/07\/31\/faurie-lo-produce-la-pampa-puede-entrar-la-union-europea\/"]}]},{"@type":"ImageObject","inLanguage":"es","@id":"https:\/\/diariotextual.com\/inicio\/index.php\/2019\/07\/31\/faurie-lo-produce-la-pampa-puede-entrar-la-union-europea\/#primaryimage","url":"https:\/\/diariotextual.com\/inicio\/wp-content\/uploads\/2019\/07\/fauriepico.jpeg","contentUrl":"https:\/\/diariotextual.com\/inicio\/wp-content\/uploads\/2019\/07\/fauriepico.jpeg","width":667,"height":500},{"@type":"BreadcrumbList","@id":"https:\/\/diariotextual.com\/inicio\/index.php\/2019\/07\/31\/faurie-lo-produce-la-pampa-puede-entrar-la-union-europea\/#breadcrumb","itemListElement":[{"@type":"ListItem","position":1,"name":"Portada","item":"https:\/\/diariotextual.com\/inicio\/"},{"@type":"ListItem","position":2,"name":"Para Faurie todo lo que produce La Pampa puede entrar a la Uni\u00f3n Europea"}]},{"@type":"WebSite","@id":"https:\/\/diariotextual.com\/inicio\/#website","url":"https:\/\/diariotextual.com\/inicio\/","name":"Diario Textual","description":"","publisher":{"@id":"https:\/\/diariotextual.com\/inicio\/#organization"},"potentialAction":[{"@type":"SearchAction","target":{"@type":"EntryPoint","urlTemplate":"https:\/\/diariotextual.com\/inicio\/?s={search_term_string}"},"query-input":{"@type":"PropertyValueSpecification","valueRequired":true,"valueName":"search_term_string"}}],"inLanguage":"es"},{"@type":"Organization","@id":"https:\/\/diariotextual.com\/inicio\/#organization","name":"Diario Textual","url":"https:\/\/diariotextual.com\/inicio\/","logo":{"@type":"ImageObject","inLanguage":"es","@id":"https:\/\/diariotextual.com\/inicio\/#\/schema\/logo\/image\/","url":"https:\/\/diariotextual.com\/inicio\/wp-content\/uploads\/2023\/05\/logotextual1.jpg","contentUrl":"https:\/\/diariotextual.com\/inicio\/wp-content\/uploads\/2023\/05\/logotextual1.jpg","width":516,"height":76,"caption":"Diario Textual"},"image":{"@id":"https:\/\/diariotextual.com\/inicio\/#\/schema\/logo\/image\/"},"sameAs":["https:\/\/www.facebook.com\/eltextual","https:\/\/x.com\/eltextual","http:\/\/www.instagram.com\/eltextual"]},{"@type":"Person","@id":"https:\/\/diariotextual.com\/inicio\/#\/schema\/person\/a1b6f563e0ee944c60f98119389a4d9f","name":"diario3","image":{"@type":"ImageObject","inLanguage":"es","@id":"https:\/\/secure.gravatar.com\/avatar\/5e7ee62c82fc04d9dd79d746a390d93c69c43223e5faeeb3ea9461ef752bfc5d?s=96&d=mm&r=g","url":"https:\/\/secure.gravatar.com\/avatar\/5e7ee62c82fc04d9dd79d746a390d93c69c43223e5faeeb3ea9461ef752bfc5d?s=96&d=mm&r=g","contentUrl":"https:\/\/secure.gravatar.com\/avatar\/5e7ee62c82fc04d9dd79d746a390d93c69c43223e5faeeb3ea9461ef752bfc5d?s=96&d=mm&r=g","caption":"diario3"},"url":"https:\/\/diariotextual.com\/inicio\/index.php\/author\/diario3\/"}]}},"_links":{"self":[{"href":"https:\/\/diariotextual.com\/inicio\/index.php\/wp-json\/wp\/v2\/posts\/57757","targetHints":{"allow":["GET"]}}],"collection":[{"href":"https:\/\/diariotextual.com\/inicio\/index.php\/wp-json\/wp\/v2\/posts"}],"about":[{"href":"https:\/\/diariotextual.com\/inicio\/index.php\/wp-json\/wp\/v2\/types\/post"}],"author":[{"embeddable":true,"href":"https:\/\/diariotextual.com\/inicio\/index.php\/wp-json\/wp\/v2\/users\/5"}],"replies":[{"embeddable":true,"href":"https:\/\/diariotextual.com\/inicio\/index.php\/wp-json\/wp\/v2\/comments?post=57757"}],"version-history":[{"count":2,"href":"https:\/\/diariotextual.com\/inicio\/index.php\/wp-json\/wp\/v2\/posts\/57757\/revisions"}],"predecessor-version":[{"id":57760,"href":"https:\/\/diariotextual.com\/inicio\/index.php\/wp-json\/wp\/v2\/posts\/57757\/revisions\/57760"}],"wp:featuredmedia":[{"embeddable":true,"href":"https:\/\/diariotextual.com\/inicio\/index.php\/wp-json\/wp\/v2\/media\/57758"}],"wp:attachment":[{"href":"https:\/\/diariotextual.com\/inicio\/index.php\/wp-json\/wp\/v2\/media?parent=57757"}],"wp:term":[{"taxonomy":"category","embeddable":true,"href":"https:\/\/diariotextual.com\/inicio\/index.php\/wp-json\/wp\/v2\/categories?post=57757"},{"taxonomy":"post_tag","embeddable":true,"href":"https:\/\/diariotextual.com\/inicio\/index.php\/wp-json\/wp\/v2\/tags?post=57757"}],"curies":[{"name":"wp","href":"https:\/\/api.w.org\/{rel}","templated":true}]}}