{"id":57768,"date":"2019-07-31T18:23:17","date_gmt":"2019-07-31T21:23:17","guid":{"rendered":"http:\/\/diariotextual.com\/inicio\/?p=57768"},"modified":"2019-07-31T23:34:02","modified_gmt":"2019-08-01T02:34:02","slug":"portezuelo-pone-riesgo-agua-potable-del-50-los-pampeanos","status":"publish","type":"post","link":"https:\/\/diariotextual.com\/inicio\/index.php\/2019\/07\/31\/portezuelo-pone-riesgo-agua-potable-del-50-los-pampeanos\/","title":{"rendered":"\u201cPortezuelo pone en riesgo el agua potable del 50 % de los pampeanos\u201d"},"content":{"rendered":"<p>Los candidatos a diputados nacionales del Frente de Todos La Pampa, Hern\u00e1n P\u00e9rez Araujo y Carmina Besg, coincidieron en advertir que el presidente Mauricio Macri \u201cle paga al gobernador de Mendoza sus favores pol\u00edticos con el financiamiento de Portezuelo\u00bb del Viento.<\/p>\n<p>\u00abEsta acci\u00f3n ratifica el destrato y la discriminaci\u00f3n del gobierno nacional para con los pampeanos\u201d, dijo. \u00abLa represa en manos de Mendoza pone en riesgo la provisi\u00f3n de agua de la mitad de los pampeanos\u201d.<\/p>\n<p>En el marco de la campa\u00f1a los postulantes a ocupar dos bancas en la C\u00e1mara de Diputados de la Naci\u00f3n estuvieron en General Acha, donde ratificaron el repudio a la decisi\u00f3n del gobierno de Macri de habilitar 1.023 millones de d\u00f3lares para que Mendoza construya y administre la represa Portezuelo del Viento.<\/p>\n<p>\u00abUna vez m\u00e1s el presidente le da la espalda a los pampeanos y pampeanas\u00bb, dijo el procurador. \u00abCuando se anunci\u00f3 esta posibilidad advertimos que Macri le pagaba en d\u00f3lares a Mendoza una cifra mucho m\u00e1s grande de la que le debe a La Pampa en pesos, y lamentablemente no nos equivocamos. El \u00fanico r\u00edo que nos queda vivo es el Colorado y tenemos que defenderlo ante quien sea con todos los recursos que tengamos disponibles\u201d.<\/p>\n<p>\u00abEs imperioso -dijo- ponerle freno a Portezuelo, porque debemos ser conscientes que se pone en riesgo la provisi\u00f3n de agua potable de la mitad de la poblaci\u00f3n pampeana, adem\u00e1s de la producci\u00f3n de una vasta regi\u00f3n de nuestro territorio provincial\u201d.<\/p>\n<p>P\u00e9rez Araujo, adem\u00e1s, se refiri\u00f3 a la obra de ingreso que se debe realizar en Acha. \u00abLa traves\u00eda urbana sobre la ruta 152 es un tema fundamental, no solo para los achenses, sino para todos los que transitamos esa arteria\u201d, dijo. \u00abLa iniciativa de los legisladores provinciales que impulsaron la concreci\u00f3n de esta obra, que ha sido recogida por los diputados nacionales y ahora deber\u00e1n trabajar para incluirla en el presupuesto nacional, porque yo me permito dudar de la palabra del ministro (Rogelio) Frigerio y del presidente Macri de realizar esta obra, ya que tenemos sobradas pruebas de promesas de obras que nunca cumplieron, como la segunda etapa del acueducto del r\u00edo Colorado y la obra de los Daneses en la zona de Quem\u00fa Quem\u00fa\u201d.<\/p>\n<p>\u201cDesde nuestra tarea como legisladores lo que vamos a hacer es exigir que si la obra est\u00e1 en el presupuesto 2020, realmente se haga\u201d, enfatiz\u00f3 P\u00e9rez Araujo. \u00abLa oportunidad de concretar esta obra la garantiza Alberto Fern\u00e1ndez, porque de las mentiras de Macri ya tenemos sobrados ejemplos\u201d, concluy\u00f3.<\/p>\n<p>&nbsp;<\/p>\n<p>&nbsp;<\/p>\n","protected":false},"excerpt":{"rendered":"<p>Los candidatos a diputados nacionales del Frente de Todos La Pampa, Hern\u00e1n P\u00e9rez Araujo y Carmina Besg, coincidieron en advertir que el presidente Mauricio Macri \u201cle paga al gobernador de&hellip;<\/p>\n","protected":false},"author":3,"featured_media":57770,"comment_status":"closed","ping_status":"open","sticky":false,"template":"","format":"standard","meta":{"_acf_changed":false,"footnotes":""},"categories":[319,8],"tags":[],"class_list":["post-57768","post","type-post","status-publish","format-standard","has-post-thumbnail","hentry","category-a-temporales","category-politica"],"acf":[],"yoast_head":"<!-- This site is optimized with the Yoast SEO plugin v27.5 - https:\/\/yoast.com\/product\/yoast-seo-wordpress\/ -->\n<title>\u201cPortezuelo pone en riesgo el agua potable del 50 % de los pampeanos\u201d - Diario Textual<\/title>\n<meta name=\"robots\" content=\"index, follow, max-snippet:-1, max-image-preview:large, max-video-preview:-1\" \/>\n<link rel=\"canonical\" href=\"https:\/\/diariotextual.com\/inicio\/index.php\/2019\/07\/31\/portezuelo-pone-riesgo-agua-potable-del-50-los-pampeanos\/\" \/>\n<meta property=\"og:locale\" content=\"es_ES\" \/>\n<meta property=\"og:type\" content=\"article\" \/>\n<meta property=\"og:title\" content=\"\u201cPortezuelo pone en riesgo el agua potable del 50 % de los pampeanos\u201d - Diario Textual\" \/>\n<meta property=\"og:description\" content=\"Los candidatos a diputados nacionales del Frente de Todos La Pampa, Hern\u00e1n P\u00e9rez Araujo y Carmina Besg, coincidieron en advertir que el presidente Mauricio Macri \u201cle paga al gobernador de&hellip;\" \/>\n<meta property=\"og:url\" content=\"https:\/\/diariotextual.com\/inicio\/index.php\/2019\/07\/31\/portezuelo-pone-riesgo-agua-potable-del-50-los-pampeanos\/\" \/>\n<meta property=\"og:site_name\" content=\"Diario Textual\" \/>\n<meta property=\"article:publisher\" content=\"https:\/\/www.facebook.com\/eltextual\" \/>\n<meta property=\"article:published_time\" content=\"2019-07-31T21:23:17+00:00\" \/>\n<meta property=\"article:modified_time\" content=\"2019-08-01T02:34:02+00:00\" \/>\n<meta property=\"og:image\" content=\"https:\/\/diariotextual.com\/inicio\/wp-content\/uploads\/2019\/07\/perezaraujobesgaacha2019-1.jpg\" \/>\n\t<meta property=\"og:image:width\" content=\"1280\" \/>\n\t<meta property=\"og:image:height\" content=\"853\" \/>\n\t<meta property=\"og:image:type\" content=\"image\/jpeg\" \/>\n<meta name=\"author\" content=\"Diario1 Diario1\" \/>\n<meta name=\"twitter:card\" content=\"summary_large_image\" \/>\n<meta name=\"twitter:creator\" content=\"@eltextual\" \/>\n<meta name=\"twitter:site\" content=\"@eltextual\" \/>\n<meta name=\"twitter:label1\" content=\"Escrito por\" \/>\n\t<meta name=\"twitter:data1\" content=\"Diario1 Diario1\" \/>\n\t<meta name=\"twitter:label2\" content=\"Tiempo de lectura\" \/>\n\t<meta name=\"twitter:data2\" content=\"2 minutos\" \/>\n<script type=\"application\/ld+json\" class=\"yoast-schema-graph\">{\"@context\":\"https:\\\/\\\/schema.org\",\"@graph\":[{\"@type\":\"Article\",\"@id\":\"https:\\\/\\\/diariotextual.com\\\/inicio\\\/index.php\\\/2019\\\/07\\\/31\\\/portezuelo-pone-riesgo-agua-potable-del-50-los-pampeanos\\\/#article\",\"isPartOf\":{\"@id\":\"https:\\\/\\\/diariotextual.com\\\/inicio\\\/index.php\\\/2019\\\/07\\\/31\\\/portezuelo-pone-riesgo-agua-potable-del-50-los-pampeanos\\\/\"},\"author\":{\"name\":\"Diario1 Diario1\",\"@id\":\"https:\\\/\\\/diariotextual.com\\\/inicio\\\/#\\\/schema\\\/person\\\/418fc4093c33e86ed41562db3508f958\"},\"headline\":\"\u201cPortezuelo pone en riesgo el agua potable del 50 % de los pampeanos\u201d\",\"datePublished\":\"2019-07-31T21:23:17+00:00\",\"dateModified\":\"2019-08-01T02:34:02+00:00\",\"mainEntityOfPage\":{\"@id\":\"https:\\\/\\\/diariotextual.com\\\/inicio\\\/index.php\\\/2019\\\/07\\\/31\\\/portezuelo-pone-riesgo-agua-potable-del-50-los-pampeanos\\\/\"},\"wordCount\":454,\"publisher\":{\"@id\":\"https:\\\/\\\/diariotextual.com\\\/inicio\\\/#organization\"},\"image\":{\"@id\":\"https:\\\/\\\/diariotextual.com\\\/inicio\\\/index.php\\\/2019\\\/07\\\/31\\\/portezuelo-pone-riesgo-agua-potable-del-50-los-pampeanos\\\/#primaryimage\"},\"thumbnailUrl\":\"https:\\\/\\\/diariotextual.com\\\/inicio\\\/wp-content\\\/uploads\\\/2019\\\/07\\\/perezaraujobesgaacha2019-1.jpg\",\"articleSection\":[\"A - TEMPORALES\",\"POLITICA\"],\"inLanguage\":\"es\"},{\"@type\":\"WebPage\",\"@id\":\"https:\\\/\\\/diariotextual.com\\\/inicio\\\/index.php\\\/2019\\\/07\\\/31\\\/portezuelo-pone-riesgo-agua-potable-del-50-los-pampeanos\\\/\",\"url\":\"https:\\\/\\\/diariotextual.com\\\/inicio\\\/index.php\\\/2019\\\/07\\\/31\\\/portezuelo-pone-riesgo-agua-potable-del-50-los-pampeanos\\\/\",\"name\":\"\u201cPortezuelo pone en riesgo el agua potable del 50 % de los pampeanos\u201d - Diario Textual\",\"isPartOf\":{\"@id\":\"https:\\\/\\\/diariotextual.com\\\/inicio\\\/#website\"},\"primaryImageOfPage\":{\"@id\":\"https:\\\/\\\/diariotextual.com\\\/inicio\\\/index.php\\\/2019\\\/07\\\/31\\\/portezuelo-pone-riesgo-agua-potable-del-50-los-pampeanos\\\/#primaryimage\"},\"image\":{\"@id\":\"https:\\\/\\\/diariotextual.com\\\/inicio\\\/index.php\\\/2019\\\/07\\\/31\\\/portezuelo-pone-riesgo-agua-potable-del-50-los-pampeanos\\\/#primaryimage\"},\"thumbnailUrl\":\"https:\\\/\\\/diariotextual.com\\\/inicio\\\/wp-content\\\/uploads\\\/2019\\\/07\\\/perezaraujobesgaacha2019-1.jpg\",\"datePublished\":\"2019-07-31T21:23:17+00:00\",\"dateModified\":\"2019-08-01T02:34:02+00:00\",\"breadcrumb\":{\"@id\":\"https:\\\/\\\/diariotextual.com\\\/inicio\\\/index.php\\\/2019\\\/07\\\/31\\\/portezuelo-pone-riesgo-agua-potable-del-50-los-pampeanos\\\/#breadcrumb\"},\"inLanguage\":\"es\",\"potentialAction\":[{\"@type\":\"ReadAction\",\"target\":[\"https:\\\/\\\/diariotextual.com\\\/inicio\\\/index.php\\\/2019\\\/07\\\/31\\\/portezuelo-pone-riesgo-agua-potable-del-50-los-pampeanos\\\/\"]}]},{\"@type\":\"ImageObject\",\"inLanguage\":\"es\",\"@id\":\"https:\\\/\\\/diariotextual.com\\\/inicio\\\/index.php\\\/2019\\\/07\\\/31\\\/portezuelo-pone-riesgo-agua-potable-del-50-los-pampeanos\\\/#primaryimage\",\"url\":\"https:\\\/\\\/diariotextual.com\\\/inicio\\\/wp-content\\\/uploads\\\/2019\\\/07\\\/perezaraujobesgaacha2019-1.jpg\",\"contentUrl\":\"https:\\\/\\\/diariotextual.com\\\/inicio\\\/wp-content\\\/uploads\\\/2019\\\/07\\\/perezaraujobesgaacha2019-1.jpg\",\"width\":1280,\"height\":853},{\"@type\":\"BreadcrumbList\",\"@id\":\"https:\\\/\\\/diariotextual.com\\\/inicio\\\/index.php\\\/2019\\\/07\\\/31\\\/portezuelo-pone-riesgo-agua-potable-del-50-los-pampeanos\\\/#breadcrumb\",\"itemListElement\":[{\"@type\":\"ListItem\",\"position\":1,\"name\":\"Portada\",\"item\":\"https:\\\/\\\/diariotextual.com\\\/inicio\\\/\"},{\"@type\":\"ListItem\",\"position\":2,\"name\":\"\u201cPortezuelo pone en riesgo el agua potable del 50 % de los pampeanos\u201d\"}]},{\"@type\":\"WebSite\",\"@id\":\"https:\\\/\\\/diariotextual.com\\\/inicio\\\/#website\",\"url\":\"https:\\\/\\\/diariotextual.com\\\/inicio\\\/\",\"name\":\"Diario Textual\",\"description\":\"\",\"publisher\":{\"@id\":\"https:\\\/\\\/diariotextual.com\\\/inicio\\\/#organization\"},\"potentialAction\":[{\"@type\":\"SearchAction\",\"target\":{\"@type\":\"EntryPoint\",\"urlTemplate\":\"https:\\\/\\\/diariotextual.com\\\/inicio\\\/?s={search_term_string}\"},\"query-input\":{\"@type\":\"PropertyValueSpecification\",\"valueRequired\":true,\"valueName\":\"search_term_string\"}}],\"inLanguage\":\"es\"},{\"@type\":\"Organization\",\"@id\":\"https:\\\/\\\/diariotextual.com\\\/inicio\\\/#organization\",\"name\":\"Diario Textual\",\"url\":\"https:\\\/\\\/diariotextual.com\\\/inicio\\\/\",\"logo\":{\"@type\":\"ImageObject\",\"inLanguage\":\"es\",\"@id\":\"https:\\\/\\\/diariotextual.com\\\/inicio\\\/#\\\/schema\\\/logo\\\/image\\\/\",\"url\":\"https:\\\/\\\/diariotextual.com\\\/inicio\\\/wp-content\\\/uploads\\\/2023\\\/05\\\/logotextual1.jpg\",\"contentUrl\":\"https:\\\/\\\/diariotextual.com\\\/inicio\\\/wp-content\\\/uploads\\\/2023\\\/05\\\/logotextual1.jpg\",\"width\":516,\"height\":76,\"caption\":\"Diario Textual\"},\"image\":{\"@id\":\"https:\\\/\\\/diariotextual.com\\\/inicio\\\/#\\\/schema\\\/logo\\\/image\\\/\"},\"sameAs\":[\"https:\\\/\\\/www.facebook.com\\\/eltextual\",\"https:\\\/\\\/x.com\\\/eltextual\",\"http:\\\/\\\/www.instagram.com\\\/eltextual\"]},{\"@type\":\"Person\",\"@id\":\"https:\\\/\\\/diariotextual.com\\\/inicio\\\/#\\\/schema\\\/person\\\/418fc4093c33e86ed41562db3508f958\",\"name\":\"Diario1 Diario1\",\"image\":{\"@type\":\"ImageObject\",\"inLanguage\":\"es\",\"@id\":\"https:\\\/\\\/secure.gravatar.com\\\/avatar\\\/9167d280179c85bc18be67aa7eda765854300033af4896dd779b608640f2ef7a?s=96&d=mm&r=g\",\"url\":\"https:\\\/\\\/secure.gravatar.com\\\/avatar\\\/9167d280179c85bc18be67aa7eda765854300033af4896dd779b608640f2ef7a?s=96&d=mm&r=g\",\"contentUrl\":\"https:\\\/\\\/secure.gravatar.com\\\/avatar\\\/9167d280179c85bc18be67aa7eda765854300033af4896dd779b608640f2ef7a?s=96&d=mm&r=g\",\"caption\":\"Diario1 Diario1\"},\"url\":\"https:\\\/\\\/diariotextual.com\\\/inicio\\\/index.php\\\/author\\\/diario1\\\/\"}]}<\/script>\n<!-- \/ Yoast SEO plugin. -->","yoast_head_json":{"title":"\u201cPortezuelo pone en riesgo el agua potable del 50 % de los pampeanos\u201d - Diario Textual","robots":{"index":"index","follow":"follow","max-snippet":"max-snippet:-1","max-image-preview":"max-image-preview:large","max-video-preview":"max-video-preview:-1"},"canonical":"https:\/\/diariotextual.com\/inicio\/index.php\/2019\/07\/31\/portezuelo-pone-riesgo-agua-potable-del-50-los-pampeanos\/","og_locale":"es_ES","og_type":"article","og_title":"\u201cPortezuelo pone en riesgo el agua potable del 50 % de los pampeanos\u201d - Diario Textual","og_description":"Los candidatos a diputados nacionales del Frente de Todos La Pampa, Hern\u00e1n P\u00e9rez Araujo y Carmina Besg, coincidieron en advertir que el presidente Mauricio Macri \u201cle paga al gobernador de&hellip;","og_url":"https:\/\/diariotextual.com\/inicio\/index.php\/2019\/07\/31\/portezuelo-pone-riesgo-agua-potable-del-50-los-pampeanos\/","og_site_name":"Diario Textual","article_publisher":"https:\/\/www.facebook.com\/eltextual","article_published_time":"2019-07-31T21:23:17+00:00","article_modified_time":"2019-08-01T02:34:02+00:00","og_image":[{"width":1280,"height":853,"url":"https:\/\/diariotextual.com\/inicio\/wp-content\/uploads\/2019\/07\/perezaraujobesgaacha2019-1.jpg","type":"image\/jpeg"}],"author":"Diario1 Diario1","twitter_card":"summary_large_image","twitter_creator":"@eltextual","twitter_site":"@eltextual","twitter_misc":{"Escrito por":"Diario1 Diario1","Tiempo de lectura":"2 minutos"},"schema":{"@context":"https:\/\/schema.org","@graph":[{"@type":"Article","@id":"https:\/\/diariotextual.com\/inicio\/index.php\/2019\/07\/31\/portezuelo-pone-riesgo-agua-potable-del-50-los-pampeanos\/#article","isPartOf":{"@id":"https:\/\/diariotextual.com\/inicio\/index.php\/2019\/07\/31\/portezuelo-pone-riesgo-agua-potable-del-50-los-pampeanos\/"},"author":{"name":"Diario1 Diario1","@id":"https:\/\/diariotextual.com\/inicio\/#\/schema\/person\/418fc4093c33e86ed41562db3508f958"},"headline":"\u201cPortezuelo pone en riesgo el agua potable del 50 % de los pampeanos\u201d","datePublished":"2019-07-31T21:23:17+00:00","dateModified":"2019-08-01T02:34:02+00:00","mainEntityOfPage":{"@id":"https:\/\/diariotextual.com\/inicio\/index.php\/2019\/07\/31\/portezuelo-pone-riesgo-agua-potable-del-50-los-pampeanos\/"},"wordCount":454,"publisher":{"@id":"https:\/\/diariotextual.com\/inicio\/#organization"},"image":{"@id":"https:\/\/diariotextual.com\/inicio\/index.php\/2019\/07\/31\/portezuelo-pone-riesgo-agua-potable-del-50-los-pampeanos\/#primaryimage"},"thumbnailUrl":"https:\/\/diariotextual.com\/inicio\/wp-content\/uploads\/2019\/07\/perezaraujobesgaacha2019-1.jpg","articleSection":["A - TEMPORALES","POLITICA"],"inLanguage":"es"},{"@type":"WebPage","@id":"https:\/\/diariotextual.com\/inicio\/index.php\/2019\/07\/31\/portezuelo-pone-riesgo-agua-potable-del-50-los-pampeanos\/","url":"https:\/\/diariotextual.com\/inicio\/index.php\/2019\/07\/31\/portezuelo-pone-riesgo-agua-potable-del-50-los-pampeanos\/","name":"\u201cPortezuelo pone en riesgo el agua potable del 50 % de los pampeanos\u201d - Diario Textual","isPartOf":{"@id":"https:\/\/diariotextual.com\/inicio\/#website"},"primaryImageOfPage":{"@id":"https:\/\/diariotextual.com\/inicio\/index.php\/2019\/07\/31\/portezuelo-pone-riesgo-agua-potable-del-50-los-pampeanos\/#primaryimage"},"image":{"@id":"https:\/\/diariotextual.com\/inicio\/index.php\/2019\/07\/31\/portezuelo-pone-riesgo-agua-potable-del-50-los-pampeanos\/#primaryimage"},"thumbnailUrl":"https:\/\/diariotextual.com\/inicio\/wp-content\/uploads\/2019\/07\/perezaraujobesgaacha2019-1.jpg","datePublished":"2019-07-31T21:23:17+00:00","dateModified":"2019-08-01T02:34:02+00:00","breadcrumb":{"@id":"https:\/\/diariotextual.com\/inicio\/index.php\/2019\/07\/31\/portezuelo-pone-riesgo-agua-potable-del-50-los-pampeanos\/#breadcrumb"},"inLanguage":"es","potentialAction":[{"@type":"ReadAction","target":["https:\/\/diariotextual.com\/inicio\/index.php\/2019\/07\/31\/portezuelo-pone-riesgo-agua-potable-del-50-los-pampeanos\/"]}]},{"@type":"ImageObject","inLanguage":"es","@id":"https:\/\/diariotextual.com\/inicio\/index.php\/2019\/07\/31\/portezuelo-pone-riesgo-agua-potable-del-50-los-pampeanos\/#primaryimage","url":"https:\/\/diariotextual.com\/inicio\/wp-content\/uploads\/2019\/07\/perezaraujobesgaacha2019-1.jpg","contentUrl":"https:\/\/diariotextual.com\/inicio\/wp-content\/uploads\/2019\/07\/perezaraujobesgaacha2019-1.jpg","width":1280,"height":853},{"@type":"BreadcrumbList","@id":"https:\/\/diariotextual.com\/inicio\/index.php\/2019\/07\/31\/portezuelo-pone-riesgo-agua-potable-del-50-los-pampeanos\/#breadcrumb","itemListElement":[{"@type":"ListItem","position":1,"name":"Portada","item":"https:\/\/diariotextual.com\/inicio\/"},{"@type":"ListItem","position":2,"name":"\u201cPortezuelo pone en riesgo el agua potable del 50 % de los pampeanos\u201d"}]},{"@type":"WebSite","@id":"https:\/\/diariotextual.com\/inicio\/#website","url":"https:\/\/diariotextual.com\/inicio\/","name":"Diario Textual","description":"","publisher":{"@id":"https:\/\/diariotextual.com\/inicio\/#organization"},"potentialAction":[{"@type":"SearchAction","target":{"@type":"EntryPoint","urlTemplate":"https:\/\/diariotextual.com\/inicio\/?s={search_term_string}"},"query-input":{"@type":"PropertyValueSpecification","valueRequired":true,"valueName":"search_term_string"}}],"inLanguage":"es"},{"@type":"Organization","@id":"https:\/\/diariotextual.com\/inicio\/#organization","name":"Diario Textual","url":"https:\/\/diariotextual.com\/inicio\/","logo":{"@type":"ImageObject","inLanguage":"es","@id":"https:\/\/diariotextual.com\/inicio\/#\/schema\/logo\/image\/","url":"https:\/\/diariotextual.com\/inicio\/wp-content\/uploads\/2023\/05\/logotextual1.jpg","contentUrl":"https:\/\/diariotextual.com\/inicio\/wp-content\/uploads\/2023\/05\/logotextual1.jpg","width":516,"height":76,"caption":"Diario Textual"},"image":{"@id":"https:\/\/diariotextual.com\/inicio\/#\/schema\/logo\/image\/"},"sameAs":["https:\/\/www.facebook.com\/eltextual","https:\/\/x.com\/eltextual","http:\/\/www.instagram.com\/eltextual"]},{"@type":"Person","@id":"https:\/\/diariotextual.com\/inicio\/#\/schema\/person\/418fc4093c33e86ed41562db3508f958","name":"Diario1 Diario1","image":{"@type":"ImageObject","inLanguage":"es","@id":"https:\/\/secure.gravatar.com\/avatar\/9167d280179c85bc18be67aa7eda765854300033af4896dd779b608640f2ef7a?s=96&d=mm&r=g","url":"https:\/\/secure.gravatar.com\/avatar\/9167d280179c85bc18be67aa7eda765854300033af4896dd779b608640f2ef7a?s=96&d=mm&r=g","contentUrl":"https:\/\/secure.gravatar.com\/avatar\/9167d280179c85bc18be67aa7eda765854300033af4896dd779b608640f2ef7a?s=96&d=mm&r=g","caption":"Diario1 Diario1"},"url":"https:\/\/diariotextual.com\/inicio\/index.php\/author\/diario1\/"}]}},"_links":{"self":[{"href":"https:\/\/diariotextual.com\/inicio\/index.php\/wp-json\/wp\/v2\/posts\/57768","targetHints":{"allow":["GET"]}}],"collection":[{"href":"https:\/\/diariotextual.com\/inicio\/index.php\/wp-json\/wp\/v2\/posts"}],"about":[{"href":"https:\/\/diariotextual.com\/inicio\/index.php\/wp-json\/wp\/v2\/types\/post"}],"author":[{"embeddable":true,"href":"https:\/\/diariotextual.com\/inicio\/index.php\/wp-json\/wp\/v2\/users\/3"}],"replies":[{"embeddable":true,"href":"https:\/\/diariotextual.com\/inicio\/index.php\/wp-json\/wp\/v2\/comments?post=57768"}],"version-history":[{"count":2,"href":"https:\/\/diariotextual.com\/inicio\/index.php\/wp-json\/wp\/v2\/posts\/57768\/revisions"}],"predecessor-version":[{"id":57771,"href":"https:\/\/diariotextual.com\/inicio\/index.php\/wp-json\/wp\/v2\/posts\/57768\/revisions\/57771"}],"wp:featuredmedia":[{"embeddable":true,"href":"https:\/\/diariotextual.com\/inicio\/index.php\/wp-json\/wp\/v2\/media\/57770"}],"wp:attachment":[{"href":"https:\/\/diariotextual.com\/inicio\/index.php\/wp-json\/wp\/v2\/media?parent=57768"}],"wp:term":[{"taxonomy":"category","embeddable":true,"href":"https:\/\/diariotextual.com\/inicio\/index.php\/wp-json\/wp\/v2\/categories?post=57768"},{"taxonomy":"post_tag","embeddable":true,"href":"https:\/\/diariotextual.com\/inicio\/index.php\/wp-json\/wp\/v2\/tags?post=57768"}],"curies":[{"name":"wp","href":"https:\/\/api.w.org\/{rel}","templated":true}]}}