{"id":57839,"date":"2019-08-01T08:27:44","date_gmt":"2019-08-01T11:27:44","guid":{"rendered":"http:\/\/diariotextual.com\/inicio\/?p=57839"},"modified":"2019-08-01T16:06:52","modified_gmt":"2019-08-01T19:06:52","slug":"comienza-5to-festival-nacional-cine-general-pico","status":"publish","type":"post","link":"https:\/\/diariotextual.com\/inicio\/index.php\/2019\/08\/01\/comienza-5to-festival-nacional-cine-general-pico\/","title":{"rendered":"Comienza el 5to. Festival Nacional de Cine en General Pico"},"content":{"rendered":"<p>La Asociaci\u00f3n Italiana XX de Septiembre invit\u00f3 al inicio del 5to. Festival Nacional de Cine General Pico. La ceremonia de apertura se realizar\u00e1 hoy a las 20 en el Cine &amp; Teatro Pico.<\/p>\n<p>El Festival se llevar\u00e1 a cabo del <strong>1 al 7 de agosto en las dos salas de Cine de la ciudad: Cine &amp; Teatro Pico y Cine Gran Pampa respectivamente.<\/strong><\/p>\n<p>La gala apertura estar\u00e1 conducida por la reconocida periodista <strong>Gabriela Radice,<\/strong> que acompa\u00f1a al evento desde sus comienzos y que \u00a0este a\u00f1o\u00a0 suma tambi\u00e9n a \u00a0una\u00a0 periodista de Canal 7. Durante la inauguraci\u00f3n, se proyectar\u00e1 el cortometraje Los rugidos que alejan la tormenta\u00a0 de Santiago Reale quien forma parte del jurado en la categor\u00eda de cortometrajes de esta edici\u00f3n.<\/p>\n<blockquote class=\"wp-embedded-content\" data-secret=\"iPFVKSgW2g\"><p><a href=\"http:\/\/tumacondo.com\/la-programacion-del-festival-de-cine-de-g-pico\/\">La programaci\u00f3n del Festival de Cine de G. Pico<\/a><\/p><\/blockquote>\n<p><iframe class=\"wp-embedded-content\" sandbox=\"allow-scripts\" security=\"restricted\" style=\"position: absolute; clip: rect(1px, 1px, 1px, 1px);\" src=\"http:\/\/tumacondo.com\/la-programacion-del-festival-de-cine-de-g-pico\/embed\/#?secret=iPFVKSgW2g\" data-secret=\"iPFVKSgW2g\" width=\"600\" height=\"338\" title=\"&#8220;La programaci\u00f3n del Festival de Cine de G. Pico&#8221; &#8212; Tu Macondo\" frameborder=\"0\" marginwidth=\"0\" marginheight=\"0\" scrolling=\"no\"><\/iframe><\/p>\n<p>&nbsp;<\/p>\n<p>Al finalizar la ceremonia, <strong>la asociaci\u00f3n invit\u00f3 a participar de la proyecci\u00f3n de la pel\u00edcula \u201cLa Estrella\u201d<\/strong> de Francisco Mart\u00edn, cineasta p\u00edquense.\u00a0 \u201cLa Estrella es su primer largometraje. Se trata de una producci\u00f3n \u00edntegramente independiente que aborda la vida de Victoria, madre soltera de Salvador, de 8 a\u00f1os, e hija de un fallecido gran boxeador Cordob\u00e9s. Como protagonista est\u00e1 Julieta Mart\u00edn, hermana de Francisco, que es actriz y licenciada en teatro, coment\u00f3 Claudio Mateos productor general del festival. La proyecci\u00f3n ser\u00e1 a las 22 en la sala del Cine Gran Pampa.<\/p>\n<p>Obras audiovisuales regionales, nacionales e internacionales sumado a charlas y talleres,\u00a0 dictadas por personalidades destacadas del mundo del cine, son el eje conductor del festival.\u00a0 <strong>Este a\u00f1o, adem\u00e1s, se suma la secci\u00f3n de Retrospectiva de Esteban Lamothe que contar\u00e1\u00a0 con la presencia del actor.<\/strong><\/p>\n<p>\u201cEs objetivo del Festival fortalecer la actividad audiovisual y estimular a la formaci\u00f3n de audiencia nutriendo y dando herramientas para el acto cinematogr\u00e1fico a toda su comunidad, fomentando\u00a0 de esta manera un est\u00edmulo a la industria audiovisual regional y nacional para su difusi\u00f3n en toda la zona, como as\u00ed mismo un aporte a la cultura y el turismo nacional\u201d, agrega Jos\u00e9 Angelucci, presidente de la asociaci\u00f3n.<\/p>\n<p>Esta\u00a0 <strong>5ta. Edici\u00f3n\u00a0 propone hacer y sumar cultura<\/strong> desde el espacio de entretenimiento, comunicaci\u00f3n y reflexi\u00f3n. La Asociaci\u00f3n invita a ser los protagonistas de este Festival. \u201cEn el sitio Web podr\u00e1n informarse acerca de todas las actividades y pel\u00edculas que forman parte del mismo, e inclusive cada persona podr\u00e1 armar su propia grilla eligiendo e imprimiendo el listado de las pel\u00edculas seleccionadas, el valor de las entradas es de $80 anticipadas y, \u00a0$100 al momento de la funci\u00f3n\u00a8, dice Angelucci. (<a href=\"http:\/\/www.picocinefest.com.ar\/2019\/\" target=\"_blank\" rel=\"noopener\">http:\/\/www.picocinefest.com.ar\/2019\/<\/a>)<\/p>\n<p>A partir de este momento, muchas historias est\u00e1n esperando ser contadas. General Pico se proyecta, a trav\u00e9s del cine, a todo el pa\u00eds.<\/p>\n","protected":false},"excerpt":{"rendered":"<p>La Asociaci\u00f3n Italiana XX de Septiembre invit\u00f3 al inicio del 5to. Festival Nacional de Cine General Pico. La ceremonia de apertura se realizar\u00e1 hoy a las 20 en el Cine&hellip;<\/p>\n","protected":false},"author":4,"featured_media":56737,"comment_status":"closed","ping_status":"open","sticky":false,"template":"","format":"standard","meta":{"_acf_changed":false,"footnotes":""},"categories":[319,2],"tags":[],"class_list":["post-57839","post","type-post","status-publish","format-standard","has-post-thumbnail","hentry","category-a-temporales","category-cultura"],"acf":[],"yoast_head":"<!-- This site is optimized with the Yoast SEO plugin v27.5 - https:\/\/yoast.com\/product\/yoast-seo-wordpress\/ -->\n<title>Comienza el 5to. Festival Nacional de Cine en General Pico - Diario Textual<\/title>\n<meta name=\"robots\" content=\"index, follow, max-snippet:-1, max-image-preview:large, max-video-preview:-1\" \/>\n<link rel=\"canonical\" href=\"https:\/\/diariotextual.com\/inicio\/index.php\/2019\/08\/01\/comienza-5to-festival-nacional-cine-general-pico\/\" \/>\n<meta property=\"og:locale\" content=\"es_ES\" \/>\n<meta property=\"og:type\" content=\"article\" \/>\n<meta property=\"og:title\" content=\"Comienza el 5to. Festival Nacional de Cine en General Pico - Diario Textual\" \/>\n<meta property=\"og:description\" content=\"La Asociaci\u00f3n Italiana XX de Septiembre invit\u00f3 al inicio del 5to. Festival Nacional de Cine General Pico. La ceremonia de apertura se realizar\u00e1 hoy a las 20 en el Cine&hellip;\" \/>\n<meta property=\"og:url\" content=\"https:\/\/diariotextual.com\/inicio\/index.php\/2019\/08\/01\/comienza-5to-festival-nacional-cine-general-pico\/\" \/>\n<meta property=\"og:site_name\" content=\"Diario Textual\" \/>\n<meta property=\"article:publisher\" content=\"https:\/\/www.facebook.com\/eltextual\" \/>\n<meta property=\"article:published_time\" content=\"2019-08-01T11:27:44+00:00\" \/>\n<meta property=\"article:modified_time\" content=\"2019-08-01T19:06:52+00:00\" \/>\n<meta property=\"og:image\" content=\"https:\/\/diariotextual.com\/inicio\/wp-content\/uploads\/2019\/07\/festivalcinepico5to2019.jpg\" \/>\n\t<meta property=\"og:image:width\" content=\"800\" \/>\n\t<meta property=\"og:image:height\" content=\"488\" \/>\n\t<meta property=\"og:image:type\" content=\"image\/jpeg\" \/>\n<meta name=\"author\" content=\"diario2\" \/>\n<meta name=\"twitter:card\" content=\"summary_large_image\" \/>\n<meta name=\"twitter:creator\" content=\"@eltextual\" \/>\n<meta name=\"twitter:site\" content=\"@eltextual\" \/>\n<meta name=\"twitter:label1\" content=\"Escrito por\" \/>\n\t<meta name=\"twitter:data1\" content=\"diario2\" \/>\n\t<meta name=\"twitter:label2\" content=\"Tiempo de lectura\" \/>\n\t<meta name=\"twitter:data2\" content=\"2 minutos\" \/>\n<script type=\"application\/ld+json\" class=\"yoast-schema-graph\">{\"@context\":\"https:\\\/\\\/schema.org\",\"@graph\":[{\"@type\":\"Article\",\"@id\":\"https:\\\/\\\/diariotextual.com\\\/inicio\\\/index.php\\\/2019\\\/08\\\/01\\\/comienza-5to-festival-nacional-cine-general-pico\\\/#article\",\"isPartOf\":{\"@id\":\"https:\\\/\\\/diariotextual.com\\\/inicio\\\/index.php\\\/2019\\\/08\\\/01\\\/comienza-5to-festival-nacional-cine-general-pico\\\/\"},\"author\":{\"name\":\"diario2\",\"@id\":\"https:\\\/\\\/diariotextual.com\\\/inicio\\\/#\\\/schema\\\/person\\\/694f60677f23c4a530867a98f22b3768\"},\"headline\":\"Comienza el 5to. Festival Nacional de Cine en General Pico\",\"datePublished\":\"2019-08-01T11:27:44+00:00\",\"dateModified\":\"2019-08-01T19:06:52+00:00\",\"mainEntityOfPage\":{\"@id\":\"https:\\\/\\\/diariotextual.com\\\/inicio\\\/index.php\\\/2019\\\/08\\\/01\\\/comienza-5to-festival-nacional-cine-general-pico\\\/\"},\"wordCount\":474,\"publisher\":{\"@id\":\"https:\\\/\\\/diariotextual.com\\\/inicio\\\/#organization\"},\"image\":{\"@id\":\"https:\\\/\\\/diariotextual.com\\\/inicio\\\/index.php\\\/2019\\\/08\\\/01\\\/comienza-5to-festival-nacional-cine-general-pico\\\/#primaryimage\"},\"thumbnailUrl\":\"https:\\\/\\\/diariotextual.com\\\/inicio\\\/wp-content\\\/uploads\\\/2019\\\/07\\\/festivalcinepico5to2019.jpg\",\"articleSection\":[\"A - TEMPORALES\",\"CULTURA\"],\"inLanguage\":\"es\"},{\"@type\":\"WebPage\",\"@id\":\"https:\\\/\\\/diariotextual.com\\\/inicio\\\/index.php\\\/2019\\\/08\\\/01\\\/comienza-5to-festival-nacional-cine-general-pico\\\/\",\"url\":\"https:\\\/\\\/diariotextual.com\\\/inicio\\\/index.php\\\/2019\\\/08\\\/01\\\/comienza-5to-festival-nacional-cine-general-pico\\\/\",\"name\":\"Comienza el 5to. Festival Nacional de Cine en General Pico - Diario Textual\",\"isPartOf\":{\"@id\":\"https:\\\/\\\/diariotextual.com\\\/inicio\\\/#website\"},\"primaryImageOfPage\":{\"@id\":\"https:\\\/\\\/diariotextual.com\\\/inicio\\\/index.php\\\/2019\\\/08\\\/01\\\/comienza-5to-festival-nacional-cine-general-pico\\\/#primaryimage\"},\"image\":{\"@id\":\"https:\\\/\\\/diariotextual.com\\\/inicio\\\/index.php\\\/2019\\\/08\\\/01\\\/comienza-5to-festival-nacional-cine-general-pico\\\/#primaryimage\"},\"thumbnailUrl\":\"https:\\\/\\\/diariotextual.com\\\/inicio\\\/wp-content\\\/uploads\\\/2019\\\/07\\\/festivalcinepico5to2019.jpg\",\"datePublished\":\"2019-08-01T11:27:44+00:00\",\"dateModified\":\"2019-08-01T19:06:52+00:00\",\"breadcrumb\":{\"@id\":\"https:\\\/\\\/diariotextual.com\\\/inicio\\\/index.php\\\/2019\\\/08\\\/01\\\/comienza-5to-festival-nacional-cine-general-pico\\\/#breadcrumb\"},\"inLanguage\":\"es\",\"potentialAction\":[{\"@type\":\"ReadAction\",\"target\":[\"https:\\\/\\\/diariotextual.com\\\/inicio\\\/index.php\\\/2019\\\/08\\\/01\\\/comienza-5to-festival-nacional-cine-general-pico\\\/\"]}]},{\"@type\":\"ImageObject\",\"inLanguage\":\"es\",\"@id\":\"https:\\\/\\\/diariotextual.com\\\/inicio\\\/index.php\\\/2019\\\/08\\\/01\\\/comienza-5to-festival-nacional-cine-general-pico\\\/#primaryimage\",\"url\":\"https:\\\/\\\/diariotextual.com\\\/inicio\\\/wp-content\\\/uploads\\\/2019\\\/07\\\/festivalcinepico5to2019.jpg\",\"contentUrl\":\"https:\\\/\\\/diariotextual.com\\\/inicio\\\/wp-content\\\/uploads\\\/2019\\\/07\\\/festivalcinepico5to2019.jpg\",\"width\":800,\"height\":488},{\"@type\":\"BreadcrumbList\",\"@id\":\"https:\\\/\\\/diariotextual.com\\\/inicio\\\/index.php\\\/2019\\\/08\\\/01\\\/comienza-5to-festival-nacional-cine-general-pico\\\/#breadcrumb\",\"itemListElement\":[{\"@type\":\"ListItem\",\"position\":1,\"name\":\"Portada\",\"item\":\"https:\\\/\\\/diariotextual.com\\\/inicio\\\/\"},{\"@type\":\"ListItem\",\"position\":2,\"name\":\"Comienza el 5to. Festival Nacional de Cine en General Pico\"}]},{\"@type\":\"WebSite\",\"@id\":\"https:\\\/\\\/diariotextual.com\\\/inicio\\\/#website\",\"url\":\"https:\\\/\\\/diariotextual.com\\\/inicio\\\/\",\"name\":\"Diario Textual\",\"description\":\"\",\"publisher\":{\"@id\":\"https:\\\/\\\/diariotextual.com\\\/inicio\\\/#organization\"},\"potentialAction\":[{\"@type\":\"SearchAction\",\"target\":{\"@type\":\"EntryPoint\",\"urlTemplate\":\"https:\\\/\\\/diariotextual.com\\\/inicio\\\/?s={search_term_string}\"},\"query-input\":{\"@type\":\"PropertyValueSpecification\",\"valueRequired\":true,\"valueName\":\"search_term_string\"}}],\"inLanguage\":\"es\"},{\"@type\":\"Organization\",\"@id\":\"https:\\\/\\\/diariotextual.com\\\/inicio\\\/#organization\",\"name\":\"Diario Textual\",\"url\":\"https:\\\/\\\/diariotextual.com\\\/inicio\\\/\",\"logo\":{\"@type\":\"ImageObject\",\"inLanguage\":\"es\",\"@id\":\"https:\\\/\\\/diariotextual.com\\\/inicio\\\/#\\\/schema\\\/logo\\\/image\\\/\",\"url\":\"https:\\\/\\\/diariotextual.com\\\/inicio\\\/wp-content\\\/uploads\\\/2023\\\/05\\\/logotextual1.jpg\",\"contentUrl\":\"https:\\\/\\\/diariotextual.com\\\/inicio\\\/wp-content\\\/uploads\\\/2023\\\/05\\\/logotextual1.jpg\",\"width\":516,\"height\":76,\"caption\":\"Diario Textual\"},\"image\":{\"@id\":\"https:\\\/\\\/diariotextual.com\\\/inicio\\\/#\\\/schema\\\/logo\\\/image\\\/\"},\"sameAs\":[\"https:\\\/\\\/www.facebook.com\\\/eltextual\",\"https:\\\/\\\/x.com\\\/eltextual\",\"http:\\\/\\\/www.instagram.com\\\/eltextual\"]},{\"@type\":\"Person\",\"@id\":\"https:\\\/\\\/diariotextual.com\\\/inicio\\\/#\\\/schema\\\/person\\\/694f60677f23c4a530867a98f22b3768\",\"name\":\"diario2\",\"image\":{\"@type\":\"ImageObject\",\"inLanguage\":\"es\",\"@id\":\"https:\\\/\\\/secure.gravatar.com\\\/avatar\\\/5a2567495ba16b852fcd8f1ed006a2e24fcace936018ed8237e95f488ad6e0a7?s=96&d=mm&r=g\",\"url\":\"https:\\\/\\\/secure.gravatar.com\\\/avatar\\\/5a2567495ba16b852fcd8f1ed006a2e24fcace936018ed8237e95f488ad6e0a7?s=96&d=mm&r=g\",\"contentUrl\":\"https:\\\/\\\/secure.gravatar.com\\\/avatar\\\/5a2567495ba16b852fcd8f1ed006a2e24fcace936018ed8237e95f488ad6e0a7?s=96&d=mm&r=g\",\"caption\":\"diario2\"},\"url\":\"https:\\\/\\\/diariotextual.com\\\/inicio\\\/index.php\\\/author\\\/diario2\\\/\"}]}<\/script>\n<!-- \/ Yoast SEO plugin. -->","yoast_head_json":{"title":"Comienza el 5to. Festival Nacional de Cine en General Pico - Diario Textual","robots":{"index":"index","follow":"follow","max-snippet":"max-snippet:-1","max-image-preview":"max-image-preview:large","max-video-preview":"max-video-preview:-1"},"canonical":"https:\/\/diariotextual.com\/inicio\/index.php\/2019\/08\/01\/comienza-5to-festival-nacional-cine-general-pico\/","og_locale":"es_ES","og_type":"article","og_title":"Comienza el 5to. Festival Nacional de Cine en General Pico - Diario Textual","og_description":"La Asociaci\u00f3n Italiana XX de Septiembre invit\u00f3 al inicio del 5to. Festival Nacional de Cine General Pico. La ceremonia de apertura se realizar\u00e1 hoy a las 20 en el Cine&hellip;","og_url":"https:\/\/diariotextual.com\/inicio\/index.php\/2019\/08\/01\/comienza-5to-festival-nacional-cine-general-pico\/","og_site_name":"Diario Textual","article_publisher":"https:\/\/www.facebook.com\/eltextual","article_published_time":"2019-08-01T11:27:44+00:00","article_modified_time":"2019-08-01T19:06:52+00:00","og_image":[{"width":800,"height":488,"url":"https:\/\/diariotextual.com\/inicio\/wp-content\/uploads\/2019\/07\/festivalcinepico5to2019.jpg","type":"image\/jpeg"}],"author":"diario2","twitter_card":"summary_large_image","twitter_creator":"@eltextual","twitter_site":"@eltextual","twitter_misc":{"Escrito por":"diario2","Tiempo de lectura":"2 minutos"},"schema":{"@context":"https:\/\/schema.org","@graph":[{"@type":"Article","@id":"https:\/\/diariotextual.com\/inicio\/index.php\/2019\/08\/01\/comienza-5to-festival-nacional-cine-general-pico\/#article","isPartOf":{"@id":"https:\/\/diariotextual.com\/inicio\/index.php\/2019\/08\/01\/comienza-5to-festival-nacional-cine-general-pico\/"},"author":{"name":"diario2","@id":"https:\/\/diariotextual.com\/inicio\/#\/schema\/person\/694f60677f23c4a530867a98f22b3768"},"headline":"Comienza el 5to. Festival Nacional de Cine en General Pico","datePublished":"2019-08-01T11:27:44+00:00","dateModified":"2019-08-01T19:06:52+00:00","mainEntityOfPage":{"@id":"https:\/\/diariotextual.com\/inicio\/index.php\/2019\/08\/01\/comienza-5to-festival-nacional-cine-general-pico\/"},"wordCount":474,"publisher":{"@id":"https:\/\/diariotextual.com\/inicio\/#organization"},"image":{"@id":"https:\/\/diariotextual.com\/inicio\/index.php\/2019\/08\/01\/comienza-5to-festival-nacional-cine-general-pico\/#primaryimage"},"thumbnailUrl":"https:\/\/diariotextual.com\/inicio\/wp-content\/uploads\/2019\/07\/festivalcinepico5to2019.jpg","articleSection":["A - TEMPORALES","CULTURA"],"inLanguage":"es"},{"@type":"WebPage","@id":"https:\/\/diariotextual.com\/inicio\/index.php\/2019\/08\/01\/comienza-5to-festival-nacional-cine-general-pico\/","url":"https:\/\/diariotextual.com\/inicio\/index.php\/2019\/08\/01\/comienza-5to-festival-nacional-cine-general-pico\/","name":"Comienza el 5to. Festival Nacional de Cine en General Pico - Diario Textual","isPartOf":{"@id":"https:\/\/diariotextual.com\/inicio\/#website"},"primaryImageOfPage":{"@id":"https:\/\/diariotextual.com\/inicio\/index.php\/2019\/08\/01\/comienza-5to-festival-nacional-cine-general-pico\/#primaryimage"},"image":{"@id":"https:\/\/diariotextual.com\/inicio\/index.php\/2019\/08\/01\/comienza-5to-festival-nacional-cine-general-pico\/#primaryimage"},"thumbnailUrl":"https:\/\/diariotextual.com\/inicio\/wp-content\/uploads\/2019\/07\/festivalcinepico5to2019.jpg","datePublished":"2019-08-01T11:27:44+00:00","dateModified":"2019-08-01T19:06:52+00:00","breadcrumb":{"@id":"https:\/\/diariotextual.com\/inicio\/index.php\/2019\/08\/01\/comienza-5to-festival-nacional-cine-general-pico\/#breadcrumb"},"inLanguage":"es","potentialAction":[{"@type":"ReadAction","target":["https:\/\/diariotextual.com\/inicio\/index.php\/2019\/08\/01\/comienza-5to-festival-nacional-cine-general-pico\/"]}]},{"@type":"ImageObject","inLanguage":"es","@id":"https:\/\/diariotextual.com\/inicio\/index.php\/2019\/08\/01\/comienza-5to-festival-nacional-cine-general-pico\/#primaryimage","url":"https:\/\/diariotextual.com\/inicio\/wp-content\/uploads\/2019\/07\/festivalcinepico5to2019.jpg","contentUrl":"https:\/\/diariotextual.com\/inicio\/wp-content\/uploads\/2019\/07\/festivalcinepico5to2019.jpg","width":800,"height":488},{"@type":"BreadcrumbList","@id":"https:\/\/diariotextual.com\/inicio\/index.php\/2019\/08\/01\/comienza-5to-festival-nacional-cine-general-pico\/#breadcrumb","itemListElement":[{"@type":"ListItem","position":1,"name":"Portada","item":"https:\/\/diariotextual.com\/inicio\/"},{"@type":"ListItem","position":2,"name":"Comienza el 5to. Festival Nacional de Cine en General Pico"}]},{"@type":"WebSite","@id":"https:\/\/diariotextual.com\/inicio\/#website","url":"https:\/\/diariotextual.com\/inicio\/","name":"Diario Textual","description":"","publisher":{"@id":"https:\/\/diariotextual.com\/inicio\/#organization"},"potentialAction":[{"@type":"SearchAction","target":{"@type":"EntryPoint","urlTemplate":"https:\/\/diariotextual.com\/inicio\/?s={search_term_string}"},"query-input":{"@type":"PropertyValueSpecification","valueRequired":true,"valueName":"search_term_string"}}],"inLanguage":"es"},{"@type":"Organization","@id":"https:\/\/diariotextual.com\/inicio\/#organization","name":"Diario Textual","url":"https:\/\/diariotextual.com\/inicio\/","logo":{"@type":"ImageObject","inLanguage":"es","@id":"https:\/\/diariotextual.com\/inicio\/#\/schema\/logo\/image\/","url":"https:\/\/diariotextual.com\/inicio\/wp-content\/uploads\/2023\/05\/logotextual1.jpg","contentUrl":"https:\/\/diariotextual.com\/inicio\/wp-content\/uploads\/2023\/05\/logotextual1.jpg","width":516,"height":76,"caption":"Diario Textual"},"image":{"@id":"https:\/\/diariotextual.com\/inicio\/#\/schema\/logo\/image\/"},"sameAs":["https:\/\/www.facebook.com\/eltextual","https:\/\/x.com\/eltextual","http:\/\/www.instagram.com\/eltextual"]},{"@type":"Person","@id":"https:\/\/diariotextual.com\/inicio\/#\/schema\/person\/694f60677f23c4a530867a98f22b3768","name":"diario2","image":{"@type":"ImageObject","inLanguage":"es","@id":"https:\/\/secure.gravatar.com\/avatar\/5a2567495ba16b852fcd8f1ed006a2e24fcace936018ed8237e95f488ad6e0a7?s=96&d=mm&r=g","url":"https:\/\/secure.gravatar.com\/avatar\/5a2567495ba16b852fcd8f1ed006a2e24fcace936018ed8237e95f488ad6e0a7?s=96&d=mm&r=g","contentUrl":"https:\/\/secure.gravatar.com\/avatar\/5a2567495ba16b852fcd8f1ed006a2e24fcace936018ed8237e95f488ad6e0a7?s=96&d=mm&r=g","caption":"diario2"},"url":"https:\/\/diariotextual.com\/inicio\/index.php\/author\/diario2\/"}]}},"_links":{"self":[{"href":"https:\/\/diariotextual.com\/inicio\/index.php\/wp-json\/wp\/v2\/posts\/57839","targetHints":{"allow":["GET"]}}],"collection":[{"href":"https:\/\/diariotextual.com\/inicio\/index.php\/wp-json\/wp\/v2\/posts"}],"about":[{"href":"https:\/\/diariotextual.com\/inicio\/index.php\/wp-json\/wp\/v2\/types\/post"}],"author":[{"embeddable":true,"href":"https:\/\/diariotextual.com\/inicio\/index.php\/wp-json\/wp\/v2\/users\/4"}],"replies":[{"embeddable":true,"href":"https:\/\/diariotextual.com\/inicio\/index.php\/wp-json\/wp\/v2\/comments?post=57839"}],"version-history":[{"count":1,"href":"https:\/\/diariotextual.com\/inicio\/index.php\/wp-json\/wp\/v2\/posts\/57839\/revisions"}],"predecessor-version":[{"id":57842,"href":"https:\/\/diariotextual.com\/inicio\/index.php\/wp-json\/wp\/v2\/posts\/57839\/revisions\/57842"}],"wp:featuredmedia":[{"embeddable":true,"href":"https:\/\/diariotextual.com\/inicio\/index.php\/wp-json\/wp\/v2\/media\/56737"}],"wp:attachment":[{"href":"https:\/\/diariotextual.com\/inicio\/index.php\/wp-json\/wp\/v2\/media?parent=57839"}],"wp:term":[{"taxonomy":"category","embeddable":true,"href":"https:\/\/diariotextual.com\/inicio\/index.php\/wp-json\/wp\/v2\/categories?post=57839"},{"taxonomy":"post_tag","embeddable":true,"href":"https:\/\/diariotextual.com\/inicio\/index.php\/wp-json\/wp\/v2\/tags?post=57839"}],"curies":[{"name":"wp","href":"https:\/\/api.w.org\/{rel}","templated":true}]}}