{"id":57868,"date":"2019-08-01T11:12:17","date_gmt":"2019-08-01T14:12:17","guid":{"rendered":"http:\/\/diariotextual.com\/inicio\/?p=57868"},"modified":"2019-08-01T13:32:01","modified_gmt":"2019-08-01T16:32:01","slug":"consejo-superior-la-unlpam-abre-convocatoria-la-catedra-cannabis","status":"publish","type":"post","link":"https:\/\/diariotextual.com\/inicio\/index.php\/2019\/08\/01\/consejo-superior-la-unlpam-abre-convocatoria-la-catedra-cannabis\/","title":{"rendered":"Consejo Superior de la UNLPam abre convocatoria para la c\u00e1tedra sobre cannabis"},"content":{"rendered":"<p>El Consejo Superior de la Universidad Nacional de La Pampa decidi\u00f3 abrir <strong>una convocatoria para integrar el\u00a0Consejo Asesor<\/strong> de la <strong>C\u00e1tedra Libre Extracurricular de Abordaje Interdisciplinario del Cannabis<\/strong>.<\/p>\n<p>La iniciativa se aprob\u00f3 en una nueva reuni\u00f3n del consejo, que esta vez se desarroll\u00f3 en el \u00e1mbito de la Facultad de Ingenier\u00eda con sede en General Pico. El encuentro estuvo presidido por el rector Oscar Daniel Alpa, con la participaci\u00f3n de 20 consejeras y consejeros.<\/p>\n<p>\u00abPara la nueva c\u00e1tedra, se designar\u00e1n un\/a representante del claustro de estudiantes; un\/a representante del claustro de graduados\/as; un\/a representante del sector no docente; dos representantes de organizaciones sociales y colectivos de la comunidad y un\/a representante del claustro docente\u00bb, se inform\u00f3 en un comunicado de prensa.<\/p>\n<p>La inscripci\u00f3n de aspirantes se extender\u00e1 del 2 al 20 de setiembre pr\u00f3ximo inclusive, en el horario de 8.00 a 12.00 horas, en Mesa en Entradas de Coronel Gil 353, 3\u00b0 piso, y en el Rectorado General Pico, en calle 9 N\u00b0 1056 Oeste.<\/p>\n<p>Esta iniciativa se enmarca en la <strong>declaraci\u00f3n institucional de la UNLPam, donde establece el inter\u00e9s en la extensi\u00f3n, investigaci\u00f3n, formaci\u00f3n acad\u00e9mica sobre usos medicinales del cannabis<\/strong>.<\/p>\n<p>La c\u00e1tedra tiene por objetivo <strong>promover la investigaci\u00f3n, extensi\u00f3n y ense\u00f1anza acerca del abordaje transdisciplinario de los usos de la planta de cannabis sativa y sus derivados,<\/strong> desde una perspectiva de los Derechos Humanos en todo el \u00e1mbito de la UNLPam.<\/p>\n<p>De esta manera, <strong>la UNLPam es la quinta universidad del sistema nacional que comienza a trabajar en esta tem\u00e1tica,<\/strong> asumiendo su rol social en la producci\u00f3n de conocimiento, ense\u00f1anza y extensi\u00f3n para garantizar m\u00e1s derechos.<\/p>\n<blockquote class=\"wp-embedded-content\" data-secret=\"RqJxBo9ItK\"><p><a href=\"http:\/\/diariotextual.com\/inicio\/index.php\/2019\/05\/26\/sin-cannabis-medicinal-camara-confirmo-rechazo-al-amparo\/\">Sin cannabis medicinal: C\u00e1mara confirm\u00f3 rechazo al amparo<\/a><\/p><\/blockquote>\n<p><iframe class=\"wp-embedded-content\" sandbox=\"allow-scripts\" security=\"restricted\" style=\"position: absolute; clip: rect(1px, 1px, 1px, 1px);\" src=\"http:\/\/diariotextual.com\/inicio\/index.php\/2019\/05\/26\/sin-cannabis-medicinal-camara-confirmo-rechazo-al-amparo\/embed\/#?secret=RqJxBo9ItK\" data-secret=\"RqJxBo9ItK\" width=\"600\" height=\"338\" title=\"&#171;Sin cannabis medicinal: C\u00e1mara confirm\u00f3 rechazo al amparo&#187; &#8212; Diario Textual\" frameborder=\"0\" marginwidth=\"0\" marginheight=\"0\" scrolling=\"no\"><\/iframe><\/p>\n<p>&nbsp;<\/p>\n<p>&nbsp;<\/p>\n<p>&nbsp;<\/p>\n","protected":false},"excerpt":{"rendered":"<p>El Consejo Superior de la Universidad Nacional de La Pampa decidi\u00f3 abrir una convocatoria para integrar el\u00a0Consejo Asesor de la C\u00e1tedra Libre Extracurricular de Abordaje Interdisciplinario del Cannabis. La iniciativa&hellip;<\/p>\n","protected":false},"author":3,"featured_media":12709,"comment_status":"closed","ping_status":"open","sticky":false,"template":"","format":"standard","meta":{"_acf_changed":false,"footnotes":""},"categories":[11,319,12],"tags":[315],"class_list":["post-57868","post","type-post","status-publish","format-standard","has-post-thumbnail","hentry","category-que-pasa","category-a-temporales","category-sociedad","tag-cannabis"],"acf":[],"yoast_head":"<!-- This site is optimized with the Yoast SEO plugin v27.5 - https:\/\/yoast.com\/product\/yoast-seo-wordpress\/ -->\n<title>Consejo Superior de la UNLPam abre convocatoria para la c\u00e1tedra sobre cannabis - Diario Textual<\/title>\n<meta name=\"robots\" content=\"index, follow, max-snippet:-1, max-image-preview:large, max-video-preview:-1\" \/>\n<link rel=\"canonical\" href=\"https:\/\/diariotextual.com\/inicio\/index.php\/2019\/08\/01\/consejo-superior-la-unlpam-abre-convocatoria-la-catedra-cannabis\/\" \/>\n<meta property=\"og:locale\" content=\"es_ES\" \/>\n<meta property=\"og:type\" content=\"article\" \/>\n<meta property=\"og:title\" content=\"Consejo Superior de la UNLPam abre convocatoria para la c\u00e1tedra sobre cannabis - Diario Textual\" \/>\n<meta property=\"og:description\" content=\"El Consejo Superior de la Universidad Nacional de La Pampa decidi\u00f3 abrir una convocatoria para integrar el\u00a0Consejo Asesor de la C\u00e1tedra Libre Extracurricular de Abordaje Interdisciplinario del Cannabis. La iniciativa&hellip;\" \/>\n<meta property=\"og:url\" content=\"https:\/\/diariotextual.com\/inicio\/index.php\/2019\/08\/01\/consejo-superior-la-unlpam-abre-convocatoria-la-catedra-cannabis\/\" \/>\n<meta property=\"og:site_name\" content=\"Diario Textual\" \/>\n<meta property=\"article:publisher\" content=\"https:\/\/www.facebook.com\/eltextual\" \/>\n<meta property=\"article:published_time\" content=\"2019-08-01T14:12:17+00:00\" \/>\n<meta property=\"article:modified_time\" content=\"2019-08-01T16:32:01+00:00\" \/>\n<meta property=\"og:image\" content=\"https:\/\/diariotextual.com\/inicio\/wp-content\/uploads\/2018\/07\/cannabismedicinal.jpg\" \/>\n\t<meta property=\"og:image:width\" content=\"600\" \/>\n\t<meta property=\"og:image:height\" content=\"400\" \/>\n\t<meta property=\"og:image:type\" content=\"image\/jpeg\" \/>\n<meta name=\"author\" content=\"Diario1 Diario1\" \/>\n<meta name=\"twitter:card\" content=\"summary_large_image\" \/>\n<meta name=\"twitter:creator\" content=\"@eltextual\" \/>\n<meta name=\"twitter:site\" content=\"@eltextual\" \/>\n<meta name=\"twitter:label1\" content=\"Escrito por\" \/>\n\t<meta name=\"twitter:data1\" content=\"Diario1 Diario1\" \/>\n\t<meta name=\"twitter:label2\" content=\"Tiempo de lectura\" \/>\n\t<meta name=\"twitter:data2\" content=\"1 minuto\" \/>\n<script type=\"application\/ld+json\" class=\"yoast-schema-graph\">{\"@context\":\"https:\\\/\\\/schema.org\",\"@graph\":[{\"@type\":\"Article\",\"@id\":\"https:\\\/\\\/diariotextual.com\\\/inicio\\\/index.php\\\/2019\\\/08\\\/01\\\/consejo-superior-la-unlpam-abre-convocatoria-la-catedra-cannabis\\\/#article\",\"isPartOf\":{\"@id\":\"https:\\\/\\\/diariotextual.com\\\/inicio\\\/index.php\\\/2019\\\/08\\\/01\\\/consejo-superior-la-unlpam-abre-convocatoria-la-catedra-cannabis\\\/\"},\"author\":{\"name\":\"Diario1 Diario1\",\"@id\":\"https:\\\/\\\/diariotextual.com\\\/inicio\\\/#\\\/schema\\\/person\\\/418fc4093c33e86ed41562db3508f958\"},\"headline\":\"Consejo Superior de la UNLPam abre convocatoria para la c\u00e1tedra sobre cannabis\",\"datePublished\":\"2019-08-01T14:12:17+00:00\",\"dateModified\":\"2019-08-01T16:32:01+00:00\",\"mainEntityOfPage\":{\"@id\":\"https:\\\/\\\/diariotextual.com\\\/inicio\\\/index.php\\\/2019\\\/08\\\/01\\\/consejo-superior-la-unlpam-abre-convocatoria-la-catedra-cannabis\\\/\"},\"wordCount\":310,\"publisher\":{\"@id\":\"https:\\\/\\\/diariotextual.com\\\/inicio\\\/#organization\"},\"image\":{\"@id\":\"https:\\\/\\\/diariotextual.com\\\/inicio\\\/index.php\\\/2019\\\/08\\\/01\\\/consejo-superior-la-unlpam-abre-convocatoria-la-catedra-cannabis\\\/#primaryimage\"},\"thumbnailUrl\":\"https:\\\/\\\/diariotextual.com\\\/inicio\\\/wp-content\\\/uploads\\\/2018\\\/07\\\/cannabismedicinal.jpg\",\"keywords\":[\"cannabis\"],\"articleSection\":[\"A - QUE PASA (al costado)\",\"A - TEMPORALES\",\"SOCIEDAD\"],\"inLanguage\":\"es\"},{\"@type\":\"WebPage\",\"@id\":\"https:\\\/\\\/diariotextual.com\\\/inicio\\\/index.php\\\/2019\\\/08\\\/01\\\/consejo-superior-la-unlpam-abre-convocatoria-la-catedra-cannabis\\\/\",\"url\":\"https:\\\/\\\/diariotextual.com\\\/inicio\\\/index.php\\\/2019\\\/08\\\/01\\\/consejo-superior-la-unlpam-abre-convocatoria-la-catedra-cannabis\\\/\",\"name\":\"Consejo Superior de la UNLPam abre convocatoria para la c\u00e1tedra sobre cannabis - Diario Textual\",\"isPartOf\":{\"@id\":\"https:\\\/\\\/diariotextual.com\\\/inicio\\\/#website\"},\"primaryImageOfPage\":{\"@id\":\"https:\\\/\\\/diariotextual.com\\\/inicio\\\/index.php\\\/2019\\\/08\\\/01\\\/consejo-superior-la-unlpam-abre-convocatoria-la-catedra-cannabis\\\/#primaryimage\"},\"image\":{\"@id\":\"https:\\\/\\\/diariotextual.com\\\/inicio\\\/index.php\\\/2019\\\/08\\\/01\\\/consejo-superior-la-unlpam-abre-convocatoria-la-catedra-cannabis\\\/#primaryimage\"},\"thumbnailUrl\":\"https:\\\/\\\/diariotextual.com\\\/inicio\\\/wp-content\\\/uploads\\\/2018\\\/07\\\/cannabismedicinal.jpg\",\"datePublished\":\"2019-08-01T14:12:17+00:00\",\"dateModified\":\"2019-08-01T16:32:01+00:00\",\"breadcrumb\":{\"@id\":\"https:\\\/\\\/diariotextual.com\\\/inicio\\\/index.php\\\/2019\\\/08\\\/01\\\/consejo-superior-la-unlpam-abre-convocatoria-la-catedra-cannabis\\\/#breadcrumb\"},\"inLanguage\":\"es\",\"potentialAction\":[{\"@type\":\"ReadAction\",\"target\":[\"https:\\\/\\\/diariotextual.com\\\/inicio\\\/index.php\\\/2019\\\/08\\\/01\\\/consejo-superior-la-unlpam-abre-convocatoria-la-catedra-cannabis\\\/\"]}]},{\"@type\":\"ImageObject\",\"inLanguage\":\"es\",\"@id\":\"https:\\\/\\\/diariotextual.com\\\/inicio\\\/index.php\\\/2019\\\/08\\\/01\\\/consejo-superior-la-unlpam-abre-convocatoria-la-catedra-cannabis\\\/#primaryimage\",\"url\":\"https:\\\/\\\/diariotextual.com\\\/inicio\\\/wp-content\\\/uploads\\\/2018\\\/07\\\/cannabismedicinal.jpg\",\"contentUrl\":\"https:\\\/\\\/diariotextual.com\\\/inicio\\\/wp-content\\\/uploads\\\/2018\\\/07\\\/cannabismedicinal.jpg\",\"width\":600,\"height\":400},{\"@type\":\"BreadcrumbList\",\"@id\":\"https:\\\/\\\/diariotextual.com\\\/inicio\\\/index.php\\\/2019\\\/08\\\/01\\\/consejo-superior-la-unlpam-abre-convocatoria-la-catedra-cannabis\\\/#breadcrumb\",\"itemListElement\":[{\"@type\":\"ListItem\",\"position\":1,\"name\":\"Portada\",\"item\":\"https:\\\/\\\/diariotextual.com\\\/inicio\\\/\"},{\"@type\":\"ListItem\",\"position\":2,\"name\":\"Consejo Superior de la UNLPam abre convocatoria para la c\u00e1tedra sobre cannabis\"}]},{\"@type\":\"WebSite\",\"@id\":\"https:\\\/\\\/diariotextual.com\\\/inicio\\\/#website\",\"url\":\"https:\\\/\\\/diariotextual.com\\\/inicio\\\/\",\"name\":\"Diario Textual\",\"description\":\"\",\"publisher\":{\"@id\":\"https:\\\/\\\/diariotextual.com\\\/inicio\\\/#organization\"},\"potentialAction\":[{\"@type\":\"SearchAction\",\"target\":{\"@type\":\"EntryPoint\",\"urlTemplate\":\"https:\\\/\\\/diariotextual.com\\\/inicio\\\/?s={search_term_string}\"},\"query-input\":{\"@type\":\"PropertyValueSpecification\",\"valueRequired\":true,\"valueName\":\"search_term_string\"}}],\"inLanguage\":\"es\"},{\"@type\":\"Organization\",\"@id\":\"https:\\\/\\\/diariotextual.com\\\/inicio\\\/#organization\",\"name\":\"Diario Textual\",\"url\":\"https:\\\/\\\/diariotextual.com\\\/inicio\\\/\",\"logo\":{\"@type\":\"ImageObject\",\"inLanguage\":\"es\",\"@id\":\"https:\\\/\\\/diariotextual.com\\\/inicio\\\/#\\\/schema\\\/logo\\\/image\\\/\",\"url\":\"https:\\\/\\\/diariotextual.com\\\/inicio\\\/wp-content\\\/uploads\\\/2023\\\/05\\\/logotextual1.jpg\",\"contentUrl\":\"https:\\\/\\\/diariotextual.com\\\/inicio\\\/wp-content\\\/uploads\\\/2023\\\/05\\\/logotextual1.jpg\",\"width\":516,\"height\":76,\"caption\":\"Diario Textual\"},\"image\":{\"@id\":\"https:\\\/\\\/diariotextual.com\\\/inicio\\\/#\\\/schema\\\/logo\\\/image\\\/\"},\"sameAs\":[\"https:\\\/\\\/www.facebook.com\\\/eltextual\",\"https:\\\/\\\/x.com\\\/eltextual\",\"http:\\\/\\\/www.instagram.com\\\/eltextual\"]},{\"@type\":\"Person\",\"@id\":\"https:\\\/\\\/diariotextual.com\\\/inicio\\\/#\\\/schema\\\/person\\\/418fc4093c33e86ed41562db3508f958\",\"name\":\"Diario1 Diario1\",\"image\":{\"@type\":\"ImageObject\",\"inLanguage\":\"es\",\"@id\":\"https:\\\/\\\/secure.gravatar.com\\\/avatar\\\/9167d280179c85bc18be67aa7eda765854300033af4896dd779b608640f2ef7a?s=96&d=mm&r=g\",\"url\":\"https:\\\/\\\/secure.gravatar.com\\\/avatar\\\/9167d280179c85bc18be67aa7eda765854300033af4896dd779b608640f2ef7a?s=96&d=mm&r=g\",\"contentUrl\":\"https:\\\/\\\/secure.gravatar.com\\\/avatar\\\/9167d280179c85bc18be67aa7eda765854300033af4896dd779b608640f2ef7a?s=96&d=mm&r=g\",\"caption\":\"Diario1 Diario1\"},\"url\":\"https:\\\/\\\/diariotextual.com\\\/inicio\\\/index.php\\\/author\\\/diario1\\\/\"}]}<\/script>\n<!-- \/ Yoast SEO plugin. -->","yoast_head_json":{"title":"Consejo Superior de la UNLPam abre convocatoria para la c\u00e1tedra sobre cannabis - Diario Textual","robots":{"index":"index","follow":"follow","max-snippet":"max-snippet:-1","max-image-preview":"max-image-preview:large","max-video-preview":"max-video-preview:-1"},"canonical":"https:\/\/diariotextual.com\/inicio\/index.php\/2019\/08\/01\/consejo-superior-la-unlpam-abre-convocatoria-la-catedra-cannabis\/","og_locale":"es_ES","og_type":"article","og_title":"Consejo Superior de la UNLPam abre convocatoria para la c\u00e1tedra sobre cannabis - Diario Textual","og_description":"El Consejo Superior de la Universidad Nacional de La Pampa decidi\u00f3 abrir una convocatoria para integrar el\u00a0Consejo Asesor de la C\u00e1tedra Libre Extracurricular de Abordaje Interdisciplinario del Cannabis. La iniciativa&hellip;","og_url":"https:\/\/diariotextual.com\/inicio\/index.php\/2019\/08\/01\/consejo-superior-la-unlpam-abre-convocatoria-la-catedra-cannabis\/","og_site_name":"Diario Textual","article_publisher":"https:\/\/www.facebook.com\/eltextual","article_published_time":"2019-08-01T14:12:17+00:00","article_modified_time":"2019-08-01T16:32:01+00:00","og_image":[{"width":600,"height":400,"url":"https:\/\/diariotextual.com\/inicio\/wp-content\/uploads\/2018\/07\/cannabismedicinal.jpg","type":"image\/jpeg"}],"author":"Diario1 Diario1","twitter_card":"summary_large_image","twitter_creator":"@eltextual","twitter_site":"@eltextual","twitter_misc":{"Escrito por":"Diario1 Diario1","Tiempo de lectura":"1 minuto"},"schema":{"@context":"https:\/\/schema.org","@graph":[{"@type":"Article","@id":"https:\/\/diariotextual.com\/inicio\/index.php\/2019\/08\/01\/consejo-superior-la-unlpam-abre-convocatoria-la-catedra-cannabis\/#article","isPartOf":{"@id":"https:\/\/diariotextual.com\/inicio\/index.php\/2019\/08\/01\/consejo-superior-la-unlpam-abre-convocatoria-la-catedra-cannabis\/"},"author":{"name":"Diario1 Diario1","@id":"https:\/\/diariotextual.com\/inicio\/#\/schema\/person\/418fc4093c33e86ed41562db3508f958"},"headline":"Consejo Superior de la UNLPam abre convocatoria para la c\u00e1tedra sobre cannabis","datePublished":"2019-08-01T14:12:17+00:00","dateModified":"2019-08-01T16:32:01+00:00","mainEntityOfPage":{"@id":"https:\/\/diariotextual.com\/inicio\/index.php\/2019\/08\/01\/consejo-superior-la-unlpam-abre-convocatoria-la-catedra-cannabis\/"},"wordCount":310,"publisher":{"@id":"https:\/\/diariotextual.com\/inicio\/#organization"},"image":{"@id":"https:\/\/diariotextual.com\/inicio\/index.php\/2019\/08\/01\/consejo-superior-la-unlpam-abre-convocatoria-la-catedra-cannabis\/#primaryimage"},"thumbnailUrl":"https:\/\/diariotextual.com\/inicio\/wp-content\/uploads\/2018\/07\/cannabismedicinal.jpg","keywords":["cannabis"],"articleSection":["A - QUE PASA (al costado)","A - TEMPORALES","SOCIEDAD"],"inLanguage":"es"},{"@type":"WebPage","@id":"https:\/\/diariotextual.com\/inicio\/index.php\/2019\/08\/01\/consejo-superior-la-unlpam-abre-convocatoria-la-catedra-cannabis\/","url":"https:\/\/diariotextual.com\/inicio\/index.php\/2019\/08\/01\/consejo-superior-la-unlpam-abre-convocatoria-la-catedra-cannabis\/","name":"Consejo Superior de la UNLPam abre convocatoria para la c\u00e1tedra sobre cannabis - Diario Textual","isPartOf":{"@id":"https:\/\/diariotextual.com\/inicio\/#website"},"primaryImageOfPage":{"@id":"https:\/\/diariotextual.com\/inicio\/index.php\/2019\/08\/01\/consejo-superior-la-unlpam-abre-convocatoria-la-catedra-cannabis\/#primaryimage"},"image":{"@id":"https:\/\/diariotextual.com\/inicio\/index.php\/2019\/08\/01\/consejo-superior-la-unlpam-abre-convocatoria-la-catedra-cannabis\/#primaryimage"},"thumbnailUrl":"https:\/\/diariotextual.com\/inicio\/wp-content\/uploads\/2018\/07\/cannabismedicinal.jpg","datePublished":"2019-08-01T14:12:17+00:00","dateModified":"2019-08-01T16:32:01+00:00","breadcrumb":{"@id":"https:\/\/diariotextual.com\/inicio\/index.php\/2019\/08\/01\/consejo-superior-la-unlpam-abre-convocatoria-la-catedra-cannabis\/#breadcrumb"},"inLanguage":"es","potentialAction":[{"@type":"ReadAction","target":["https:\/\/diariotextual.com\/inicio\/index.php\/2019\/08\/01\/consejo-superior-la-unlpam-abre-convocatoria-la-catedra-cannabis\/"]}]},{"@type":"ImageObject","inLanguage":"es","@id":"https:\/\/diariotextual.com\/inicio\/index.php\/2019\/08\/01\/consejo-superior-la-unlpam-abre-convocatoria-la-catedra-cannabis\/#primaryimage","url":"https:\/\/diariotextual.com\/inicio\/wp-content\/uploads\/2018\/07\/cannabismedicinal.jpg","contentUrl":"https:\/\/diariotextual.com\/inicio\/wp-content\/uploads\/2018\/07\/cannabismedicinal.jpg","width":600,"height":400},{"@type":"BreadcrumbList","@id":"https:\/\/diariotextual.com\/inicio\/index.php\/2019\/08\/01\/consejo-superior-la-unlpam-abre-convocatoria-la-catedra-cannabis\/#breadcrumb","itemListElement":[{"@type":"ListItem","position":1,"name":"Portada","item":"https:\/\/diariotextual.com\/inicio\/"},{"@type":"ListItem","position":2,"name":"Consejo Superior de la UNLPam abre convocatoria para la c\u00e1tedra sobre cannabis"}]},{"@type":"WebSite","@id":"https:\/\/diariotextual.com\/inicio\/#website","url":"https:\/\/diariotextual.com\/inicio\/","name":"Diario Textual","description":"","publisher":{"@id":"https:\/\/diariotextual.com\/inicio\/#organization"},"potentialAction":[{"@type":"SearchAction","target":{"@type":"EntryPoint","urlTemplate":"https:\/\/diariotextual.com\/inicio\/?s={search_term_string}"},"query-input":{"@type":"PropertyValueSpecification","valueRequired":true,"valueName":"search_term_string"}}],"inLanguage":"es"},{"@type":"Organization","@id":"https:\/\/diariotextual.com\/inicio\/#organization","name":"Diario Textual","url":"https:\/\/diariotextual.com\/inicio\/","logo":{"@type":"ImageObject","inLanguage":"es","@id":"https:\/\/diariotextual.com\/inicio\/#\/schema\/logo\/image\/","url":"https:\/\/diariotextual.com\/inicio\/wp-content\/uploads\/2023\/05\/logotextual1.jpg","contentUrl":"https:\/\/diariotextual.com\/inicio\/wp-content\/uploads\/2023\/05\/logotextual1.jpg","width":516,"height":76,"caption":"Diario Textual"},"image":{"@id":"https:\/\/diariotextual.com\/inicio\/#\/schema\/logo\/image\/"},"sameAs":["https:\/\/www.facebook.com\/eltextual","https:\/\/x.com\/eltextual","http:\/\/www.instagram.com\/eltextual"]},{"@type":"Person","@id":"https:\/\/diariotextual.com\/inicio\/#\/schema\/person\/418fc4093c33e86ed41562db3508f958","name":"Diario1 Diario1","image":{"@type":"ImageObject","inLanguage":"es","@id":"https:\/\/secure.gravatar.com\/avatar\/9167d280179c85bc18be67aa7eda765854300033af4896dd779b608640f2ef7a?s=96&d=mm&r=g","url":"https:\/\/secure.gravatar.com\/avatar\/9167d280179c85bc18be67aa7eda765854300033af4896dd779b608640f2ef7a?s=96&d=mm&r=g","contentUrl":"https:\/\/secure.gravatar.com\/avatar\/9167d280179c85bc18be67aa7eda765854300033af4896dd779b608640f2ef7a?s=96&d=mm&r=g","caption":"Diario1 Diario1"},"url":"https:\/\/diariotextual.com\/inicio\/index.php\/author\/diario1\/"}]}},"_links":{"self":[{"href":"https:\/\/diariotextual.com\/inicio\/index.php\/wp-json\/wp\/v2\/posts\/57868","targetHints":{"allow":["GET"]}}],"collection":[{"href":"https:\/\/diariotextual.com\/inicio\/index.php\/wp-json\/wp\/v2\/posts"}],"about":[{"href":"https:\/\/diariotextual.com\/inicio\/index.php\/wp-json\/wp\/v2\/types\/post"}],"author":[{"embeddable":true,"href":"https:\/\/diariotextual.com\/inicio\/index.php\/wp-json\/wp\/v2\/users\/3"}],"replies":[{"embeddable":true,"href":"https:\/\/diariotextual.com\/inicio\/index.php\/wp-json\/wp\/v2\/comments?post=57868"}],"version-history":[{"count":2,"href":"https:\/\/diariotextual.com\/inicio\/index.php\/wp-json\/wp\/v2\/posts\/57868\/revisions"}],"predecessor-version":[{"id":57871,"href":"https:\/\/diariotextual.com\/inicio\/index.php\/wp-json\/wp\/v2\/posts\/57868\/revisions\/57871"}],"wp:featuredmedia":[{"embeddable":true,"href":"https:\/\/diariotextual.com\/inicio\/index.php\/wp-json\/wp\/v2\/media\/12709"}],"wp:attachment":[{"href":"https:\/\/diariotextual.com\/inicio\/index.php\/wp-json\/wp\/v2\/media?parent=57868"}],"wp:term":[{"taxonomy":"category","embeddable":true,"href":"https:\/\/diariotextual.com\/inicio\/index.php\/wp-json\/wp\/v2\/categories?post=57868"},{"taxonomy":"post_tag","embeddable":true,"href":"https:\/\/diariotextual.com\/inicio\/index.php\/wp-json\/wp\/v2\/tags?post=57868"}],"curies":[{"name":"wp","href":"https:\/\/api.w.org\/{rel}","templated":true}]}}