{"id":57873,"date":"2019-08-01T11:37:09","date_gmt":"2019-08-01T14:37:09","guid":{"rendered":"http:\/\/diariotextual.com\/inicio\/?p=57873"},"modified":"2019-08-02T07:07:22","modified_gmt":"2019-08-02T10:07:22","slug":"bronca-del-pj-altolaguirre-proyecto-ordenamiento-la-ley-643","status":"publish","type":"post","link":"https:\/\/diariotextual.com\/inicio\/index.php\/2019\/08\/01\/bronca-del-pj-altolaguirre-proyecto-ordenamiento-la-ley-643\/","title":{"rendered":"Bronca del PJ con Altolaguirre por el proyecto de ordenamiento de la Ley 643"},"content":{"rendered":"<p>Los concejales del PJ, de Santa Rosa, cuestionaron al intendente Leandro Altolaguirre (Cambiemos) luego del anuncio que le hizo al Sindicato de Obreros y Empleados Municipales de que, en el marco de un proyecto de ordenanza que enviar\u00e1 al concejo, va a derogar una norma de facto que se utiliza para sancionar a empleados. Los ediles justicialistas recordaron que esa iniciativa fue presentada por el bloque el 17 de noviembre de 2017 y el oficialismo se neg\u00f3 a tratarla.<\/p>\n<blockquote class=\"wp-embedded-content\" data-secret=\"QWRT65yYUH\"><p><a href=\"http:\/\/diariotextual.com\/inicio\/index.php\/2019\/07\/31\/altolaguirre-le-anuncio-al-soem-enviara-proyecto-ordenar-articulos-la-ley-643\/\">Altolaguirre le anunci\u00f3 al Soem que enviar\u00e1 proyecto para ordenar art\u00edculos de la Ley 643<\/a><\/p><\/blockquote>\n<p><iframe class=\"wp-embedded-content\" sandbox=\"allow-scripts\" security=\"restricted\" style=\"position: absolute; clip: rect(1px, 1px, 1px, 1px);\" src=\"http:\/\/diariotextual.com\/inicio\/index.php\/2019\/07\/31\/altolaguirre-le-anuncio-al-soem-enviara-proyecto-ordenar-articulos-la-ley-643\/embed\/#?secret=QWRT65yYUH\" data-secret=\"QWRT65yYUH\" width=\"600\" height=\"338\" title=\"&#171;Altolaguirre le anunci\u00f3 al Soem que enviar\u00e1 proyecto para ordenar art\u00edculos de la Ley 643&#187; &#8212; Diario Textual\" frameborder=\"0\" marginwidth=\"0\" marginheight=\"0\" scrolling=\"no\"><\/iframe><\/p>\n<p>Desde el bloque opositor est\u00e1n molestos porque ahora Altolaguirre quiere avanzar con esta medida, pese a que en su momento el oficialismo se neg\u00f3 a hacerlo. Adem\u00e1s, recordaron que \u00e9sta era una iniciativa que anunci\u00f3 en campa\u00f1a el intendente electo Luciano Di N\u00e1poli.<\/p>\n<p>\u00bfQu\u00e9 anunci\u00f3 Altolaguirre en una reuni\u00f3n con el Soem? Que en los pr\u00f3ximos d\u00edas mandar\u00e1 un proyecto de ordenanza al CD para\u00a0ordenar algunos art\u00edculos de la Ley 643 que se aplica en el municipio. Uno de ellos est\u00e1 referido a los ascensos y contempla que cada tres a\u00f1os los trabajadores ascender\u00e1n autom\u00e1ticamente una categor\u00eda.<\/p>\n<p>La otra medida importante que les anunci\u00f3 a los gremialistas fue la derogaci\u00f3n de la Ley 807, de facto, por la cual sancionaron disciplinariamente a los trabajadores.<\/p>\n<p>&nbsp;<\/p>\n","protected":false},"excerpt":{"rendered":"<p>Los concejales del PJ, de Santa Rosa, cuestionaron al intendente Leandro Altolaguirre (Cambiemos) luego del anuncio que le hizo al Sindicato de Obreros y Empleados Municipales de que, en el&hellip;<\/p>\n","protected":false},"author":7,"featured_media":57875,"comment_status":"closed","ping_status":"open","sticky":false,"template":"","format":"standard","meta":{"_acf_changed":false,"footnotes":""},"categories":[319,8],"tags":[],"class_list":["post-57873","post","type-post","status-publish","format-standard","has-post-thumbnail","hentry","category-a-temporales","category-politica"],"acf":[],"yoast_head":"<!-- This site is optimized with the Yoast SEO plugin v27.5 - https:\/\/yoast.com\/product\/yoast-seo-wordpress\/ -->\n<title>Bronca del PJ con Altolaguirre por el proyecto de ordenamiento de la Ley 643 - Diario Textual<\/title>\n<meta name=\"robots\" content=\"index, follow, max-snippet:-1, max-image-preview:large, max-video-preview:-1\" \/>\n<link rel=\"canonical\" href=\"https:\/\/diariotextual.com\/inicio\/index.php\/2019\/08\/01\/bronca-del-pj-altolaguirre-proyecto-ordenamiento-la-ley-643\/\" \/>\n<meta property=\"og:locale\" content=\"es_ES\" \/>\n<meta property=\"og:type\" content=\"article\" \/>\n<meta property=\"og:title\" content=\"Bronca del PJ con Altolaguirre por el proyecto de ordenamiento de la Ley 643 - Diario Textual\" \/>\n<meta property=\"og:description\" content=\"Los concejales del PJ, de Santa Rosa, cuestionaron al intendente Leandro Altolaguirre (Cambiemos) luego del anuncio que le hizo al Sindicato de Obreros y Empleados Municipales de que, en el&hellip;\" \/>\n<meta property=\"og:url\" content=\"https:\/\/diariotextual.com\/inicio\/index.php\/2019\/08\/01\/bronca-del-pj-altolaguirre-proyecto-ordenamiento-la-ley-643\/\" \/>\n<meta property=\"og:site_name\" content=\"Diario Textual\" \/>\n<meta property=\"article:publisher\" content=\"https:\/\/www.facebook.com\/eltextual\" \/>\n<meta property=\"article:published_time\" content=\"2019-08-01T14:37:09+00:00\" \/>\n<meta property=\"article:modified_time\" content=\"2019-08-02T10:07:22+00:00\" \/>\n<meta property=\"og:image\" content=\"https:\/\/diariotextual.com\/inicio\/wp-content\/uploads\/2019\/08\/rodriguezyelenopj.jpg\" \/>\n\t<meta property=\"og:image:width\" content=\"960\" \/>\n\t<meta property=\"og:image:height\" content=\"720\" \/>\n\t<meta property=\"og:image:type\" content=\"image\/jpeg\" \/>\n<meta name=\"author\" content=\"diario5\" \/>\n<meta name=\"twitter:card\" content=\"summary_large_image\" \/>\n<meta name=\"twitter:creator\" content=\"@eltextual\" \/>\n<meta name=\"twitter:site\" content=\"@eltextual\" \/>\n<meta name=\"twitter:label1\" content=\"Escrito por\" \/>\n\t<meta name=\"twitter:data1\" content=\"diario5\" \/>\n\t<meta name=\"twitter:label2\" content=\"Tiempo de lectura\" \/>\n\t<meta name=\"twitter:data2\" content=\"1 minuto\" \/>\n<script type=\"application\/ld+json\" class=\"yoast-schema-graph\">{\"@context\":\"https:\\\/\\\/schema.org\",\"@graph\":[{\"@type\":\"Article\",\"@id\":\"https:\\\/\\\/diariotextual.com\\\/inicio\\\/index.php\\\/2019\\\/08\\\/01\\\/bronca-del-pj-altolaguirre-proyecto-ordenamiento-la-ley-643\\\/#article\",\"isPartOf\":{\"@id\":\"https:\\\/\\\/diariotextual.com\\\/inicio\\\/index.php\\\/2019\\\/08\\\/01\\\/bronca-del-pj-altolaguirre-proyecto-ordenamiento-la-ley-643\\\/\"},\"author\":{\"name\":\"diario5\",\"@id\":\"https:\\\/\\\/diariotextual.com\\\/inicio\\\/#\\\/schema\\\/person\\\/c7834961ad8b29b1d9cdbf4571299067\"},\"headline\":\"Bronca del PJ con Altolaguirre por el proyecto de ordenamiento de la Ley 643\",\"datePublished\":\"2019-08-01T14:37:09+00:00\",\"dateModified\":\"2019-08-02T10:07:22+00:00\",\"mainEntityOfPage\":{\"@id\":\"https:\\\/\\\/diariotextual.com\\\/inicio\\\/index.php\\\/2019\\\/08\\\/01\\\/bronca-del-pj-altolaguirre-proyecto-ordenamiento-la-ley-643\\\/\"},\"wordCount\":234,\"publisher\":{\"@id\":\"https:\\\/\\\/diariotextual.com\\\/inicio\\\/#organization\"},\"image\":{\"@id\":\"https:\\\/\\\/diariotextual.com\\\/inicio\\\/index.php\\\/2019\\\/08\\\/01\\\/bronca-del-pj-altolaguirre-proyecto-ordenamiento-la-ley-643\\\/#primaryimage\"},\"thumbnailUrl\":\"https:\\\/\\\/diariotextual.com\\\/inicio\\\/wp-content\\\/uploads\\\/2019\\\/08\\\/rodriguezyelenopj.jpg\",\"articleSection\":[\"A - TEMPORALES\",\"POLITICA\"],\"inLanguage\":\"es\"},{\"@type\":\"WebPage\",\"@id\":\"https:\\\/\\\/diariotextual.com\\\/inicio\\\/index.php\\\/2019\\\/08\\\/01\\\/bronca-del-pj-altolaguirre-proyecto-ordenamiento-la-ley-643\\\/\",\"url\":\"https:\\\/\\\/diariotextual.com\\\/inicio\\\/index.php\\\/2019\\\/08\\\/01\\\/bronca-del-pj-altolaguirre-proyecto-ordenamiento-la-ley-643\\\/\",\"name\":\"Bronca del PJ con Altolaguirre por el proyecto de ordenamiento de la Ley 643 - Diario Textual\",\"isPartOf\":{\"@id\":\"https:\\\/\\\/diariotextual.com\\\/inicio\\\/#website\"},\"primaryImageOfPage\":{\"@id\":\"https:\\\/\\\/diariotextual.com\\\/inicio\\\/index.php\\\/2019\\\/08\\\/01\\\/bronca-del-pj-altolaguirre-proyecto-ordenamiento-la-ley-643\\\/#primaryimage\"},\"image\":{\"@id\":\"https:\\\/\\\/diariotextual.com\\\/inicio\\\/index.php\\\/2019\\\/08\\\/01\\\/bronca-del-pj-altolaguirre-proyecto-ordenamiento-la-ley-643\\\/#primaryimage\"},\"thumbnailUrl\":\"https:\\\/\\\/diariotextual.com\\\/inicio\\\/wp-content\\\/uploads\\\/2019\\\/08\\\/rodriguezyelenopj.jpg\",\"datePublished\":\"2019-08-01T14:37:09+00:00\",\"dateModified\":\"2019-08-02T10:07:22+00:00\",\"breadcrumb\":{\"@id\":\"https:\\\/\\\/diariotextual.com\\\/inicio\\\/index.php\\\/2019\\\/08\\\/01\\\/bronca-del-pj-altolaguirre-proyecto-ordenamiento-la-ley-643\\\/#breadcrumb\"},\"inLanguage\":\"es\",\"potentialAction\":[{\"@type\":\"ReadAction\",\"target\":[\"https:\\\/\\\/diariotextual.com\\\/inicio\\\/index.php\\\/2019\\\/08\\\/01\\\/bronca-del-pj-altolaguirre-proyecto-ordenamiento-la-ley-643\\\/\"]}]},{\"@type\":\"ImageObject\",\"inLanguage\":\"es\",\"@id\":\"https:\\\/\\\/diariotextual.com\\\/inicio\\\/index.php\\\/2019\\\/08\\\/01\\\/bronca-del-pj-altolaguirre-proyecto-ordenamiento-la-ley-643\\\/#primaryimage\",\"url\":\"https:\\\/\\\/diariotextual.com\\\/inicio\\\/wp-content\\\/uploads\\\/2019\\\/08\\\/rodriguezyelenopj.jpg\",\"contentUrl\":\"https:\\\/\\\/diariotextual.com\\\/inicio\\\/wp-content\\\/uploads\\\/2019\\\/08\\\/rodriguezyelenopj.jpg\",\"width\":960,\"height\":720},{\"@type\":\"BreadcrumbList\",\"@id\":\"https:\\\/\\\/diariotextual.com\\\/inicio\\\/index.php\\\/2019\\\/08\\\/01\\\/bronca-del-pj-altolaguirre-proyecto-ordenamiento-la-ley-643\\\/#breadcrumb\",\"itemListElement\":[{\"@type\":\"ListItem\",\"position\":1,\"name\":\"Portada\",\"item\":\"https:\\\/\\\/diariotextual.com\\\/inicio\\\/\"},{\"@type\":\"ListItem\",\"position\":2,\"name\":\"Bronca del PJ con Altolaguirre por el proyecto de ordenamiento de la Ley 643\"}]},{\"@type\":\"WebSite\",\"@id\":\"https:\\\/\\\/diariotextual.com\\\/inicio\\\/#website\",\"url\":\"https:\\\/\\\/diariotextual.com\\\/inicio\\\/\",\"name\":\"Diario Textual\",\"description\":\"\",\"publisher\":{\"@id\":\"https:\\\/\\\/diariotextual.com\\\/inicio\\\/#organization\"},\"potentialAction\":[{\"@type\":\"SearchAction\",\"target\":{\"@type\":\"EntryPoint\",\"urlTemplate\":\"https:\\\/\\\/diariotextual.com\\\/inicio\\\/?s={search_term_string}\"},\"query-input\":{\"@type\":\"PropertyValueSpecification\",\"valueRequired\":true,\"valueName\":\"search_term_string\"}}],\"inLanguage\":\"es\"},{\"@type\":\"Organization\",\"@id\":\"https:\\\/\\\/diariotextual.com\\\/inicio\\\/#organization\",\"name\":\"Diario Textual\",\"url\":\"https:\\\/\\\/diariotextual.com\\\/inicio\\\/\",\"logo\":{\"@type\":\"ImageObject\",\"inLanguage\":\"es\",\"@id\":\"https:\\\/\\\/diariotextual.com\\\/inicio\\\/#\\\/schema\\\/logo\\\/image\\\/\",\"url\":\"https:\\\/\\\/diariotextual.com\\\/inicio\\\/wp-content\\\/uploads\\\/2023\\\/05\\\/logotextual1.jpg\",\"contentUrl\":\"https:\\\/\\\/diariotextual.com\\\/inicio\\\/wp-content\\\/uploads\\\/2023\\\/05\\\/logotextual1.jpg\",\"width\":516,\"height\":76,\"caption\":\"Diario Textual\"},\"image\":{\"@id\":\"https:\\\/\\\/diariotextual.com\\\/inicio\\\/#\\\/schema\\\/logo\\\/image\\\/\"},\"sameAs\":[\"https:\\\/\\\/www.facebook.com\\\/eltextual\",\"https:\\\/\\\/x.com\\\/eltextual\",\"http:\\\/\\\/www.instagram.com\\\/eltextual\"]},{\"@type\":\"Person\",\"@id\":\"https:\\\/\\\/diariotextual.com\\\/inicio\\\/#\\\/schema\\\/person\\\/c7834961ad8b29b1d9cdbf4571299067\",\"name\":\"diario5\",\"image\":{\"@type\":\"ImageObject\",\"inLanguage\":\"es\",\"@id\":\"https:\\\/\\\/secure.gravatar.com\\\/avatar\\\/948c893b847ca6df68216ead81b63f363408ec9b0f600fefc0641ce78613b111?s=96&d=mm&r=g\",\"url\":\"https:\\\/\\\/secure.gravatar.com\\\/avatar\\\/948c893b847ca6df68216ead81b63f363408ec9b0f600fefc0641ce78613b111?s=96&d=mm&r=g\",\"contentUrl\":\"https:\\\/\\\/secure.gravatar.com\\\/avatar\\\/948c893b847ca6df68216ead81b63f363408ec9b0f600fefc0641ce78613b111?s=96&d=mm&r=g\",\"caption\":\"diario5\"},\"url\":\"https:\\\/\\\/diariotextual.com\\\/inicio\\\/index.php\\\/author\\\/diario5\\\/\"}]}<\/script>\n<!-- \/ Yoast SEO plugin. -->","yoast_head_json":{"title":"Bronca del PJ con Altolaguirre por el proyecto de ordenamiento de la Ley 643 - Diario Textual","robots":{"index":"index","follow":"follow","max-snippet":"max-snippet:-1","max-image-preview":"max-image-preview:large","max-video-preview":"max-video-preview:-1"},"canonical":"https:\/\/diariotextual.com\/inicio\/index.php\/2019\/08\/01\/bronca-del-pj-altolaguirre-proyecto-ordenamiento-la-ley-643\/","og_locale":"es_ES","og_type":"article","og_title":"Bronca del PJ con Altolaguirre por el proyecto de ordenamiento de la Ley 643 - Diario Textual","og_description":"Los concejales del PJ, de Santa Rosa, cuestionaron al intendente Leandro Altolaguirre (Cambiemos) luego del anuncio que le hizo al Sindicato de Obreros y Empleados Municipales de que, en el&hellip;","og_url":"https:\/\/diariotextual.com\/inicio\/index.php\/2019\/08\/01\/bronca-del-pj-altolaguirre-proyecto-ordenamiento-la-ley-643\/","og_site_name":"Diario Textual","article_publisher":"https:\/\/www.facebook.com\/eltextual","article_published_time":"2019-08-01T14:37:09+00:00","article_modified_time":"2019-08-02T10:07:22+00:00","og_image":[{"width":960,"height":720,"url":"https:\/\/diariotextual.com\/inicio\/wp-content\/uploads\/2019\/08\/rodriguezyelenopj.jpg","type":"image\/jpeg"}],"author":"diario5","twitter_card":"summary_large_image","twitter_creator":"@eltextual","twitter_site":"@eltextual","twitter_misc":{"Escrito por":"diario5","Tiempo de lectura":"1 minuto"},"schema":{"@context":"https:\/\/schema.org","@graph":[{"@type":"Article","@id":"https:\/\/diariotextual.com\/inicio\/index.php\/2019\/08\/01\/bronca-del-pj-altolaguirre-proyecto-ordenamiento-la-ley-643\/#article","isPartOf":{"@id":"https:\/\/diariotextual.com\/inicio\/index.php\/2019\/08\/01\/bronca-del-pj-altolaguirre-proyecto-ordenamiento-la-ley-643\/"},"author":{"name":"diario5","@id":"https:\/\/diariotextual.com\/inicio\/#\/schema\/person\/c7834961ad8b29b1d9cdbf4571299067"},"headline":"Bronca del PJ con Altolaguirre por el proyecto de ordenamiento de la Ley 643","datePublished":"2019-08-01T14:37:09+00:00","dateModified":"2019-08-02T10:07:22+00:00","mainEntityOfPage":{"@id":"https:\/\/diariotextual.com\/inicio\/index.php\/2019\/08\/01\/bronca-del-pj-altolaguirre-proyecto-ordenamiento-la-ley-643\/"},"wordCount":234,"publisher":{"@id":"https:\/\/diariotextual.com\/inicio\/#organization"},"image":{"@id":"https:\/\/diariotextual.com\/inicio\/index.php\/2019\/08\/01\/bronca-del-pj-altolaguirre-proyecto-ordenamiento-la-ley-643\/#primaryimage"},"thumbnailUrl":"https:\/\/diariotextual.com\/inicio\/wp-content\/uploads\/2019\/08\/rodriguezyelenopj.jpg","articleSection":["A - TEMPORALES","POLITICA"],"inLanguage":"es"},{"@type":"WebPage","@id":"https:\/\/diariotextual.com\/inicio\/index.php\/2019\/08\/01\/bronca-del-pj-altolaguirre-proyecto-ordenamiento-la-ley-643\/","url":"https:\/\/diariotextual.com\/inicio\/index.php\/2019\/08\/01\/bronca-del-pj-altolaguirre-proyecto-ordenamiento-la-ley-643\/","name":"Bronca del PJ con Altolaguirre por el proyecto de ordenamiento de la Ley 643 - Diario Textual","isPartOf":{"@id":"https:\/\/diariotextual.com\/inicio\/#website"},"primaryImageOfPage":{"@id":"https:\/\/diariotextual.com\/inicio\/index.php\/2019\/08\/01\/bronca-del-pj-altolaguirre-proyecto-ordenamiento-la-ley-643\/#primaryimage"},"image":{"@id":"https:\/\/diariotextual.com\/inicio\/index.php\/2019\/08\/01\/bronca-del-pj-altolaguirre-proyecto-ordenamiento-la-ley-643\/#primaryimage"},"thumbnailUrl":"https:\/\/diariotextual.com\/inicio\/wp-content\/uploads\/2019\/08\/rodriguezyelenopj.jpg","datePublished":"2019-08-01T14:37:09+00:00","dateModified":"2019-08-02T10:07:22+00:00","breadcrumb":{"@id":"https:\/\/diariotextual.com\/inicio\/index.php\/2019\/08\/01\/bronca-del-pj-altolaguirre-proyecto-ordenamiento-la-ley-643\/#breadcrumb"},"inLanguage":"es","potentialAction":[{"@type":"ReadAction","target":["https:\/\/diariotextual.com\/inicio\/index.php\/2019\/08\/01\/bronca-del-pj-altolaguirre-proyecto-ordenamiento-la-ley-643\/"]}]},{"@type":"ImageObject","inLanguage":"es","@id":"https:\/\/diariotextual.com\/inicio\/index.php\/2019\/08\/01\/bronca-del-pj-altolaguirre-proyecto-ordenamiento-la-ley-643\/#primaryimage","url":"https:\/\/diariotextual.com\/inicio\/wp-content\/uploads\/2019\/08\/rodriguezyelenopj.jpg","contentUrl":"https:\/\/diariotextual.com\/inicio\/wp-content\/uploads\/2019\/08\/rodriguezyelenopj.jpg","width":960,"height":720},{"@type":"BreadcrumbList","@id":"https:\/\/diariotextual.com\/inicio\/index.php\/2019\/08\/01\/bronca-del-pj-altolaguirre-proyecto-ordenamiento-la-ley-643\/#breadcrumb","itemListElement":[{"@type":"ListItem","position":1,"name":"Portada","item":"https:\/\/diariotextual.com\/inicio\/"},{"@type":"ListItem","position":2,"name":"Bronca del PJ con Altolaguirre por el proyecto de ordenamiento de la Ley 643"}]},{"@type":"WebSite","@id":"https:\/\/diariotextual.com\/inicio\/#website","url":"https:\/\/diariotextual.com\/inicio\/","name":"Diario Textual","description":"","publisher":{"@id":"https:\/\/diariotextual.com\/inicio\/#organization"},"potentialAction":[{"@type":"SearchAction","target":{"@type":"EntryPoint","urlTemplate":"https:\/\/diariotextual.com\/inicio\/?s={search_term_string}"},"query-input":{"@type":"PropertyValueSpecification","valueRequired":true,"valueName":"search_term_string"}}],"inLanguage":"es"},{"@type":"Organization","@id":"https:\/\/diariotextual.com\/inicio\/#organization","name":"Diario Textual","url":"https:\/\/diariotextual.com\/inicio\/","logo":{"@type":"ImageObject","inLanguage":"es","@id":"https:\/\/diariotextual.com\/inicio\/#\/schema\/logo\/image\/","url":"https:\/\/diariotextual.com\/inicio\/wp-content\/uploads\/2023\/05\/logotextual1.jpg","contentUrl":"https:\/\/diariotextual.com\/inicio\/wp-content\/uploads\/2023\/05\/logotextual1.jpg","width":516,"height":76,"caption":"Diario Textual"},"image":{"@id":"https:\/\/diariotextual.com\/inicio\/#\/schema\/logo\/image\/"},"sameAs":["https:\/\/www.facebook.com\/eltextual","https:\/\/x.com\/eltextual","http:\/\/www.instagram.com\/eltextual"]},{"@type":"Person","@id":"https:\/\/diariotextual.com\/inicio\/#\/schema\/person\/c7834961ad8b29b1d9cdbf4571299067","name":"diario5","image":{"@type":"ImageObject","inLanguage":"es","@id":"https:\/\/secure.gravatar.com\/avatar\/948c893b847ca6df68216ead81b63f363408ec9b0f600fefc0641ce78613b111?s=96&d=mm&r=g","url":"https:\/\/secure.gravatar.com\/avatar\/948c893b847ca6df68216ead81b63f363408ec9b0f600fefc0641ce78613b111?s=96&d=mm&r=g","contentUrl":"https:\/\/secure.gravatar.com\/avatar\/948c893b847ca6df68216ead81b63f363408ec9b0f600fefc0641ce78613b111?s=96&d=mm&r=g","caption":"diario5"},"url":"https:\/\/diariotextual.com\/inicio\/index.php\/author\/diario5\/"}]}},"_links":{"self":[{"href":"https:\/\/diariotextual.com\/inicio\/index.php\/wp-json\/wp\/v2\/posts\/57873","targetHints":{"allow":["GET"]}}],"collection":[{"href":"https:\/\/diariotextual.com\/inicio\/index.php\/wp-json\/wp\/v2\/posts"}],"about":[{"href":"https:\/\/diariotextual.com\/inicio\/index.php\/wp-json\/wp\/v2\/types\/post"}],"author":[{"embeddable":true,"href":"https:\/\/diariotextual.com\/inicio\/index.php\/wp-json\/wp\/v2\/users\/7"}],"replies":[{"embeddable":true,"href":"https:\/\/diariotextual.com\/inicio\/index.php\/wp-json\/wp\/v2\/comments?post=57873"}],"version-history":[{"count":2,"href":"https:\/\/diariotextual.com\/inicio\/index.php\/wp-json\/wp\/v2\/posts\/57873\/revisions"}],"predecessor-version":[{"id":57877,"href":"https:\/\/diariotextual.com\/inicio\/index.php\/wp-json\/wp\/v2\/posts\/57873\/revisions\/57877"}],"wp:featuredmedia":[{"embeddable":true,"href":"https:\/\/diariotextual.com\/inicio\/index.php\/wp-json\/wp\/v2\/media\/57875"}],"wp:attachment":[{"href":"https:\/\/diariotextual.com\/inicio\/index.php\/wp-json\/wp\/v2\/media?parent=57873"}],"wp:term":[{"taxonomy":"category","embeddable":true,"href":"https:\/\/diariotextual.com\/inicio\/index.php\/wp-json\/wp\/v2\/categories?post=57873"},{"taxonomy":"post_tag","embeddable":true,"href":"https:\/\/diariotextual.com\/inicio\/index.php\/wp-json\/wp\/v2\/tags?post=57873"}],"curies":[{"name":"wp","href":"https:\/\/api.w.org\/{rel}","templated":true}]}}