{"id":57878,"date":"2019-08-01T11:53:37","date_gmt":"2019-08-01T14:53:37","guid":{"rendered":"http:\/\/diariotextual.com\/inicio\/?p=57878"},"modified":"2019-08-02T07:53:48","modified_gmt":"2019-08-02T10:53:48","slug":"familias-nuevo-salitral-fueron-reclamar-la-sesion-del-concejo","status":"publish","type":"post","link":"https:\/\/diariotextual.com\/inicio\/index.php\/2019\/08\/01\/familias-nuevo-salitral-fueron-reclamar-la-sesion-del-concejo\/","title":{"rendered":"Familias del Nuevo Salitral fueron a reclamar al concejo"},"content":{"rendered":"<p>Vecinos del asentamiento Nuevo Salitral asistieron a la sesi\u00f3n del concejo deliberante de Santa Rosa para reclamar por las tierras que ocupan. Insistieron en que no quieren que se las regalen, sino que pretenden pagar una cuota m\u00ednima por esos terrenos.<\/p>\n<blockquote class=\"wp-embedded-content\" data-secret=\"O1At3hqWDN\"><p><a href=\"http:\/\/diariotextual.com\/inicio\/index.php\/2019\/07\/30\/municipio-ratifico-la-denuncia-penal-la-ocupacion-terrenos\/\">El municipio ratific\u00f3 las cinco denuncias penales por la ocupaci\u00f3n de terrenos<\/a><\/p><\/blockquote>\n<p><iframe class=\"wp-embedded-content\" sandbox=\"allow-scripts\" security=\"restricted\" style=\"position: absolute; clip: rect(1px, 1px, 1px, 1px);\" src=\"http:\/\/diariotextual.com\/inicio\/index.php\/2019\/07\/30\/municipio-ratifico-la-denuncia-penal-la-ocupacion-terrenos\/embed\/#?secret=O1At3hqWDN\" data-secret=\"O1At3hqWDN\" width=\"600\" height=\"338\" title=\"&#171;El municipio ratific\u00f3 las cinco denuncias penales por la ocupaci\u00f3n de terrenos&#187; &#8212; Diario Textual\" frameborder=\"0\" marginwidth=\"0\" marginheight=\"0\" scrolling=\"no\"><\/iframe><\/p>\n<p>Hombres y mujeres que tomaron los terrenos cercanos a la Laguna Don Tom\u00e1s, sobre la calle Gobernador Duval, se sentaron en el concejo durante la sesi\u00f3n y desplegaron carteles que visibilizaron su reclamo.<\/p>\n<p>\u00abNo somos oportunistas\u00bb, \u00abNo elegimos vivir entre la basura\u00bb, \u00abSomos luchadores por una vivienda digna\u00bb y \u00abSumen sus voces a las nuestras\u00bb, fueron algunas de las consignas que exhibieron en sus pancartas.<\/p>\n<p>La presencia en el concejo de los vecinos del asentamiento m\u00e1s grande de Santa Rosa -hay otros cuatro con menos familias- se produjo dos d\u00edas despu\u00e9s de que la municipalidad ratific\u00f3 la denuncia por la ocupaci\u00f3n de las tierras donde levantaron sus precarias viviendas.<\/p>\n<p>Hasta el momento, no han recibido la ayuda del Estado, ni municipal, ni provincial. Solo la solidaridad de vecinos y vecinas que les acercan ropa y comida, aseguraron.<\/p>\n<blockquote class=\"wp-embedded-content\" data-secret=\"345s2uf4z6\"><p><a href=\"http:\/\/diariotextual.com\/inicio\/index.php\/2019\/07\/30\/asentamiento-micaela-garcia-14-fotos\/\">El asentamiento Micaela Garc\u00eda en 14 fotos<\/a><\/p><\/blockquote>\n<p><iframe class=\"wp-embedded-content\" sandbox=\"allow-scripts\" security=\"restricted\" style=\"position: absolute; clip: rect(1px, 1px, 1px, 1px);\" src=\"http:\/\/diariotextual.com\/inicio\/index.php\/2019\/07\/30\/asentamiento-micaela-garcia-14-fotos\/embed\/#?secret=345s2uf4z6\" data-secret=\"345s2uf4z6\" width=\"600\" height=\"338\" title=\"&#171;El asentamiento Micaela Garc\u00eda en 14 fotos&#187; &#8212; Diario Textual\" frameborder=\"0\" marginwidth=\"0\" marginheight=\"0\" scrolling=\"no\"><\/iframe><\/p>\n<p>&nbsp;<\/p>\n<p>&nbsp;<\/p>\n","protected":false},"excerpt":{"rendered":"<p>Vecinos del asentamiento Nuevo Salitral asistieron a la sesi\u00f3n del concejo deliberante de Santa Rosa para reclamar por las tierras que ocupan. Insistieron en que no quieren que se las&hellip;<\/p>\n","protected":false},"author":7,"featured_media":57880,"comment_status":"closed","ping_status":"open","sticky":false,"template":"","format":"standard","meta":{"_acf_changed":false,"footnotes":""},"categories":[319,8],"tags":[2074],"class_list":["post-57878","post","type-post","status-publish","format-standard","has-post-thumbnail","hentry","category-a-temporales","category-politica","tag-asentamiento"],"acf":[],"yoast_head":"<!-- This site is optimized with the Yoast SEO plugin v27.5 - https:\/\/yoast.com\/product\/yoast-seo-wordpress\/ -->\n<title>Familias del Nuevo Salitral fueron a reclamar al concejo - Diario Textual<\/title>\n<meta name=\"robots\" content=\"index, follow, max-snippet:-1, max-image-preview:large, max-video-preview:-1\" \/>\n<link rel=\"canonical\" href=\"https:\/\/diariotextual.com\/inicio\/index.php\/2019\/08\/01\/familias-nuevo-salitral-fueron-reclamar-la-sesion-del-concejo\/\" \/>\n<meta property=\"og:locale\" content=\"es_ES\" \/>\n<meta property=\"og:type\" content=\"article\" \/>\n<meta property=\"og:title\" content=\"Familias del Nuevo Salitral fueron a reclamar al concejo - Diario Textual\" \/>\n<meta property=\"og:description\" content=\"Vecinos del asentamiento Nuevo Salitral asistieron a la sesi\u00f3n del concejo deliberante de Santa Rosa para reclamar por las tierras que ocupan. Insistieron en que no quieren que se las&hellip;\" \/>\n<meta property=\"og:url\" content=\"https:\/\/diariotextual.com\/inicio\/index.php\/2019\/08\/01\/familias-nuevo-salitral-fueron-reclamar-la-sesion-del-concejo\/\" \/>\n<meta property=\"og:site_name\" content=\"Diario Textual\" \/>\n<meta property=\"article:publisher\" content=\"https:\/\/www.facebook.com\/eltextual\" \/>\n<meta property=\"article:published_time\" content=\"2019-08-01T14:53:37+00:00\" \/>\n<meta property=\"article:modified_time\" content=\"2019-08-02T10:53:48+00:00\" \/>\n<meta property=\"og:image\" content=\"https:\/\/diariotextual.com\/inicio\/wp-content\/uploads\/2019\/08\/reclamosalitralenelconcejo.jpg\" \/>\n\t<meta property=\"og:image:width\" content=\"1280\" \/>\n\t<meta property=\"og:image:height\" content=\"960\" \/>\n\t<meta property=\"og:image:type\" content=\"image\/jpeg\" \/>\n<meta name=\"author\" content=\"diario5\" \/>\n<meta name=\"twitter:card\" content=\"summary_large_image\" \/>\n<meta name=\"twitter:creator\" content=\"@eltextual\" \/>\n<meta name=\"twitter:site\" content=\"@eltextual\" \/>\n<meta name=\"twitter:label1\" content=\"Escrito por\" \/>\n\t<meta name=\"twitter:data1\" content=\"diario5\" \/>\n\t<meta name=\"twitter:label2\" content=\"Tiempo de lectura\" \/>\n\t<meta name=\"twitter:data2\" content=\"1 minuto\" \/>\n<script type=\"application\/ld+json\" class=\"yoast-schema-graph\">{\"@context\":\"https:\\\/\\\/schema.org\",\"@graph\":[{\"@type\":\"Article\",\"@id\":\"https:\\\/\\\/diariotextual.com\\\/inicio\\\/index.php\\\/2019\\\/08\\\/01\\\/familias-nuevo-salitral-fueron-reclamar-la-sesion-del-concejo\\\/#article\",\"isPartOf\":{\"@id\":\"https:\\\/\\\/diariotextual.com\\\/inicio\\\/index.php\\\/2019\\\/08\\\/01\\\/familias-nuevo-salitral-fueron-reclamar-la-sesion-del-concejo\\\/\"},\"author\":{\"name\":\"diario5\",\"@id\":\"https:\\\/\\\/diariotextual.com\\\/inicio\\\/#\\\/schema\\\/person\\\/c7834961ad8b29b1d9cdbf4571299067\"},\"headline\":\"Familias del Nuevo Salitral fueron a reclamar al concejo\",\"datePublished\":\"2019-08-01T14:53:37+00:00\",\"dateModified\":\"2019-08-02T10:53:48+00:00\",\"mainEntityOfPage\":{\"@id\":\"https:\\\/\\\/diariotextual.com\\\/inicio\\\/index.php\\\/2019\\\/08\\\/01\\\/familias-nuevo-salitral-fueron-reclamar-la-sesion-del-concejo\\\/\"},\"wordCount\":212,\"publisher\":{\"@id\":\"https:\\\/\\\/diariotextual.com\\\/inicio\\\/#organization\"},\"image\":{\"@id\":\"https:\\\/\\\/diariotextual.com\\\/inicio\\\/index.php\\\/2019\\\/08\\\/01\\\/familias-nuevo-salitral-fueron-reclamar-la-sesion-del-concejo\\\/#primaryimage\"},\"thumbnailUrl\":\"https:\\\/\\\/diariotextual.com\\\/inicio\\\/wp-content\\\/uploads\\\/2019\\\/08\\\/reclamosalitralenelconcejo.jpg\",\"keywords\":[\"asentamiento\"],\"articleSection\":[\"A - TEMPORALES\",\"POLITICA\"],\"inLanguage\":\"es\"},{\"@type\":\"WebPage\",\"@id\":\"https:\\\/\\\/diariotextual.com\\\/inicio\\\/index.php\\\/2019\\\/08\\\/01\\\/familias-nuevo-salitral-fueron-reclamar-la-sesion-del-concejo\\\/\",\"url\":\"https:\\\/\\\/diariotextual.com\\\/inicio\\\/index.php\\\/2019\\\/08\\\/01\\\/familias-nuevo-salitral-fueron-reclamar-la-sesion-del-concejo\\\/\",\"name\":\"Familias del Nuevo Salitral fueron a reclamar al concejo - Diario Textual\",\"isPartOf\":{\"@id\":\"https:\\\/\\\/diariotextual.com\\\/inicio\\\/#website\"},\"primaryImageOfPage\":{\"@id\":\"https:\\\/\\\/diariotextual.com\\\/inicio\\\/index.php\\\/2019\\\/08\\\/01\\\/familias-nuevo-salitral-fueron-reclamar-la-sesion-del-concejo\\\/#primaryimage\"},\"image\":{\"@id\":\"https:\\\/\\\/diariotextual.com\\\/inicio\\\/index.php\\\/2019\\\/08\\\/01\\\/familias-nuevo-salitral-fueron-reclamar-la-sesion-del-concejo\\\/#primaryimage\"},\"thumbnailUrl\":\"https:\\\/\\\/diariotextual.com\\\/inicio\\\/wp-content\\\/uploads\\\/2019\\\/08\\\/reclamosalitralenelconcejo.jpg\",\"datePublished\":\"2019-08-01T14:53:37+00:00\",\"dateModified\":\"2019-08-02T10:53:48+00:00\",\"breadcrumb\":{\"@id\":\"https:\\\/\\\/diariotextual.com\\\/inicio\\\/index.php\\\/2019\\\/08\\\/01\\\/familias-nuevo-salitral-fueron-reclamar-la-sesion-del-concejo\\\/#breadcrumb\"},\"inLanguage\":\"es\",\"potentialAction\":[{\"@type\":\"ReadAction\",\"target\":[\"https:\\\/\\\/diariotextual.com\\\/inicio\\\/index.php\\\/2019\\\/08\\\/01\\\/familias-nuevo-salitral-fueron-reclamar-la-sesion-del-concejo\\\/\"]}]},{\"@type\":\"ImageObject\",\"inLanguage\":\"es\",\"@id\":\"https:\\\/\\\/diariotextual.com\\\/inicio\\\/index.php\\\/2019\\\/08\\\/01\\\/familias-nuevo-salitral-fueron-reclamar-la-sesion-del-concejo\\\/#primaryimage\",\"url\":\"https:\\\/\\\/diariotextual.com\\\/inicio\\\/wp-content\\\/uploads\\\/2019\\\/08\\\/reclamosalitralenelconcejo.jpg\",\"contentUrl\":\"https:\\\/\\\/diariotextual.com\\\/inicio\\\/wp-content\\\/uploads\\\/2019\\\/08\\\/reclamosalitralenelconcejo.jpg\",\"width\":1280,\"height\":960},{\"@type\":\"BreadcrumbList\",\"@id\":\"https:\\\/\\\/diariotextual.com\\\/inicio\\\/index.php\\\/2019\\\/08\\\/01\\\/familias-nuevo-salitral-fueron-reclamar-la-sesion-del-concejo\\\/#breadcrumb\",\"itemListElement\":[{\"@type\":\"ListItem\",\"position\":1,\"name\":\"Portada\",\"item\":\"https:\\\/\\\/diariotextual.com\\\/inicio\\\/\"},{\"@type\":\"ListItem\",\"position\":2,\"name\":\"Familias del Nuevo Salitral fueron a reclamar al concejo\"}]},{\"@type\":\"WebSite\",\"@id\":\"https:\\\/\\\/diariotextual.com\\\/inicio\\\/#website\",\"url\":\"https:\\\/\\\/diariotextual.com\\\/inicio\\\/\",\"name\":\"Diario Textual\",\"description\":\"\",\"publisher\":{\"@id\":\"https:\\\/\\\/diariotextual.com\\\/inicio\\\/#organization\"},\"potentialAction\":[{\"@type\":\"SearchAction\",\"target\":{\"@type\":\"EntryPoint\",\"urlTemplate\":\"https:\\\/\\\/diariotextual.com\\\/inicio\\\/?s={search_term_string}\"},\"query-input\":{\"@type\":\"PropertyValueSpecification\",\"valueRequired\":true,\"valueName\":\"search_term_string\"}}],\"inLanguage\":\"es\"},{\"@type\":\"Organization\",\"@id\":\"https:\\\/\\\/diariotextual.com\\\/inicio\\\/#organization\",\"name\":\"Diario Textual\",\"url\":\"https:\\\/\\\/diariotextual.com\\\/inicio\\\/\",\"logo\":{\"@type\":\"ImageObject\",\"inLanguage\":\"es\",\"@id\":\"https:\\\/\\\/diariotextual.com\\\/inicio\\\/#\\\/schema\\\/logo\\\/image\\\/\",\"url\":\"https:\\\/\\\/diariotextual.com\\\/inicio\\\/wp-content\\\/uploads\\\/2023\\\/05\\\/logotextual1.jpg\",\"contentUrl\":\"https:\\\/\\\/diariotextual.com\\\/inicio\\\/wp-content\\\/uploads\\\/2023\\\/05\\\/logotextual1.jpg\",\"width\":516,\"height\":76,\"caption\":\"Diario Textual\"},\"image\":{\"@id\":\"https:\\\/\\\/diariotextual.com\\\/inicio\\\/#\\\/schema\\\/logo\\\/image\\\/\"},\"sameAs\":[\"https:\\\/\\\/www.facebook.com\\\/eltextual\",\"https:\\\/\\\/x.com\\\/eltextual\",\"http:\\\/\\\/www.instagram.com\\\/eltextual\"]},{\"@type\":\"Person\",\"@id\":\"https:\\\/\\\/diariotextual.com\\\/inicio\\\/#\\\/schema\\\/person\\\/c7834961ad8b29b1d9cdbf4571299067\",\"name\":\"diario5\",\"image\":{\"@type\":\"ImageObject\",\"inLanguage\":\"es\",\"@id\":\"https:\\\/\\\/secure.gravatar.com\\\/avatar\\\/948c893b847ca6df68216ead81b63f363408ec9b0f600fefc0641ce78613b111?s=96&d=mm&r=g\",\"url\":\"https:\\\/\\\/secure.gravatar.com\\\/avatar\\\/948c893b847ca6df68216ead81b63f363408ec9b0f600fefc0641ce78613b111?s=96&d=mm&r=g\",\"contentUrl\":\"https:\\\/\\\/secure.gravatar.com\\\/avatar\\\/948c893b847ca6df68216ead81b63f363408ec9b0f600fefc0641ce78613b111?s=96&d=mm&r=g\",\"caption\":\"diario5\"},\"url\":\"https:\\\/\\\/diariotextual.com\\\/inicio\\\/index.php\\\/author\\\/diario5\\\/\"}]}<\/script>\n<!-- \/ Yoast SEO plugin. -->","yoast_head_json":{"title":"Familias del Nuevo Salitral fueron a reclamar al concejo - Diario Textual","robots":{"index":"index","follow":"follow","max-snippet":"max-snippet:-1","max-image-preview":"max-image-preview:large","max-video-preview":"max-video-preview:-1"},"canonical":"https:\/\/diariotextual.com\/inicio\/index.php\/2019\/08\/01\/familias-nuevo-salitral-fueron-reclamar-la-sesion-del-concejo\/","og_locale":"es_ES","og_type":"article","og_title":"Familias del Nuevo Salitral fueron a reclamar al concejo - Diario Textual","og_description":"Vecinos del asentamiento Nuevo Salitral asistieron a la sesi\u00f3n del concejo deliberante de Santa Rosa para reclamar por las tierras que ocupan. Insistieron en que no quieren que se las&hellip;","og_url":"https:\/\/diariotextual.com\/inicio\/index.php\/2019\/08\/01\/familias-nuevo-salitral-fueron-reclamar-la-sesion-del-concejo\/","og_site_name":"Diario Textual","article_publisher":"https:\/\/www.facebook.com\/eltextual","article_published_time":"2019-08-01T14:53:37+00:00","article_modified_time":"2019-08-02T10:53:48+00:00","og_image":[{"width":1280,"height":960,"url":"https:\/\/diariotextual.com\/inicio\/wp-content\/uploads\/2019\/08\/reclamosalitralenelconcejo.jpg","type":"image\/jpeg"}],"author":"diario5","twitter_card":"summary_large_image","twitter_creator":"@eltextual","twitter_site":"@eltextual","twitter_misc":{"Escrito por":"diario5","Tiempo de lectura":"1 minuto"},"schema":{"@context":"https:\/\/schema.org","@graph":[{"@type":"Article","@id":"https:\/\/diariotextual.com\/inicio\/index.php\/2019\/08\/01\/familias-nuevo-salitral-fueron-reclamar-la-sesion-del-concejo\/#article","isPartOf":{"@id":"https:\/\/diariotextual.com\/inicio\/index.php\/2019\/08\/01\/familias-nuevo-salitral-fueron-reclamar-la-sesion-del-concejo\/"},"author":{"name":"diario5","@id":"https:\/\/diariotextual.com\/inicio\/#\/schema\/person\/c7834961ad8b29b1d9cdbf4571299067"},"headline":"Familias del Nuevo Salitral fueron a reclamar al concejo","datePublished":"2019-08-01T14:53:37+00:00","dateModified":"2019-08-02T10:53:48+00:00","mainEntityOfPage":{"@id":"https:\/\/diariotextual.com\/inicio\/index.php\/2019\/08\/01\/familias-nuevo-salitral-fueron-reclamar-la-sesion-del-concejo\/"},"wordCount":212,"publisher":{"@id":"https:\/\/diariotextual.com\/inicio\/#organization"},"image":{"@id":"https:\/\/diariotextual.com\/inicio\/index.php\/2019\/08\/01\/familias-nuevo-salitral-fueron-reclamar-la-sesion-del-concejo\/#primaryimage"},"thumbnailUrl":"https:\/\/diariotextual.com\/inicio\/wp-content\/uploads\/2019\/08\/reclamosalitralenelconcejo.jpg","keywords":["asentamiento"],"articleSection":["A - TEMPORALES","POLITICA"],"inLanguage":"es"},{"@type":"WebPage","@id":"https:\/\/diariotextual.com\/inicio\/index.php\/2019\/08\/01\/familias-nuevo-salitral-fueron-reclamar-la-sesion-del-concejo\/","url":"https:\/\/diariotextual.com\/inicio\/index.php\/2019\/08\/01\/familias-nuevo-salitral-fueron-reclamar-la-sesion-del-concejo\/","name":"Familias del Nuevo Salitral fueron a reclamar al concejo - Diario Textual","isPartOf":{"@id":"https:\/\/diariotextual.com\/inicio\/#website"},"primaryImageOfPage":{"@id":"https:\/\/diariotextual.com\/inicio\/index.php\/2019\/08\/01\/familias-nuevo-salitral-fueron-reclamar-la-sesion-del-concejo\/#primaryimage"},"image":{"@id":"https:\/\/diariotextual.com\/inicio\/index.php\/2019\/08\/01\/familias-nuevo-salitral-fueron-reclamar-la-sesion-del-concejo\/#primaryimage"},"thumbnailUrl":"https:\/\/diariotextual.com\/inicio\/wp-content\/uploads\/2019\/08\/reclamosalitralenelconcejo.jpg","datePublished":"2019-08-01T14:53:37+00:00","dateModified":"2019-08-02T10:53:48+00:00","breadcrumb":{"@id":"https:\/\/diariotextual.com\/inicio\/index.php\/2019\/08\/01\/familias-nuevo-salitral-fueron-reclamar-la-sesion-del-concejo\/#breadcrumb"},"inLanguage":"es","potentialAction":[{"@type":"ReadAction","target":["https:\/\/diariotextual.com\/inicio\/index.php\/2019\/08\/01\/familias-nuevo-salitral-fueron-reclamar-la-sesion-del-concejo\/"]}]},{"@type":"ImageObject","inLanguage":"es","@id":"https:\/\/diariotextual.com\/inicio\/index.php\/2019\/08\/01\/familias-nuevo-salitral-fueron-reclamar-la-sesion-del-concejo\/#primaryimage","url":"https:\/\/diariotextual.com\/inicio\/wp-content\/uploads\/2019\/08\/reclamosalitralenelconcejo.jpg","contentUrl":"https:\/\/diariotextual.com\/inicio\/wp-content\/uploads\/2019\/08\/reclamosalitralenelconcejo.jpg","width":1280,"height":960},{"@type":"BreadcrumbList","@id":"https:\/\/diariotextual.com\/inicio\/index.php\/2019\/08\/01\/familias-nuevo-salitral-fueron-reclamar-la-sesion-del-concejo\/#breadcrumb","itemListElement":[{"@type":"ListItem","position":1,"name":"Portada","item":"https:\/\/diariotextual.com\/inicio\/"},{"@type":"ListItem","position":2,"name":"Familias del Nuevo Salitral fueron a reclamar al concejo"}]},{"@type":"WebSite","@id":"https:\/\/diariotextual.com\/inicio\/#website","url":"https:\/\/diariotextual.com\/inicio\/","name":"Diario Textual","description":"","publisher":{"@id":"https:\/\/diariotextual.com\/inicio\/#organization"},"potentialAction":[{"@type":"SearchAction","target":{"@type":"EntryPoint","urlTemplate":"https:\/\/diariotextual.com\/inicio\/?s={search_term_string}"},"query-input":{"@type":"PropertyValueSpecification","valueRequired":true,"valueName":"search_term_string"}}],"inLanguage":"es"},{"@type":"Organization","@id":"https:\/\/diariotextual.com\/inicio\/#organization","name":"Diario Textual","url":"https:\/\/diariotextual.com\/inicio\/","logo":{"@type":"ImageObject","inLanguage":"es","@id":"https:\/\/diariotextual.com\/inicio\/#\/schema\/logo\/image\/","url":"https:\/\/diariotextual.com\/inicio\/wp-content\/uploads\/2023\/05\/logotextual1.jpg","contentUrl":"https:\/\/diariotextual.com\/inicio\/wp-content\/uploads\/2023\/05\/logotextual1.jpg","width":516,"height":76,"caption":"Diario Textual"},"image":{"@id":"https:\/\/diariotextual.com\/inicio\/#\/schema\/logo\/image\/"},"sameAs":["https:\/\/www.facebook.com\/eltextual","https:\/\/x.com\/eltextual","http:\/\/www.instagram.com\/eltextual"]},{"@type":"Person","@id":"https:\/\/diariotextual.com\/inicio\/#\/schema\/person\/c7834961ad8b29b1d9cdbf4571299067","name":"diario5","image":{"@type":"ImageObject","inLanguage":"es","@id":"https:\/\/secure.gravatar.com\/avatar\/948c893b847ca6df68216ead81b63f363408ec9b0f600fefc0641ce78613b111?s=96&d=mm&r=g","url":"https:\/\/secure.gravatar.com\/avatar\/948c893b847ca6df68216ead81b63f363408ec9b0f600fefc0641ce78613b111?s=96&d=mm&r=g","contentUrl":"https:\/\/secure.gravatar.com\/avatar\/948c893b847ca6df68216ead81b63f363408ec9b0f600fefc0641ce78613b111?s=96&d=mm&r=g","caption":"diario5"},"url":"https:\/\/diariotextual.com\/inicio\/index.php\/author\/diario5\/"}]}},"_links":{"self":[{"href":"https:\/\/diariotextual.com\/inicio\/index.php\/wp-json\/wp\/v2\/posts\/57878","targetHints":{"allow":["GET"]}}],"collection":[{"href":"https:\/\/diariotextual.com\/inicio\/index.php\/wp-json\/wp\/v2\/posts"}],"about":[{"href":"https:\/\/diariotextual.com\/inicio\/index.php\/wp-json\/wp\/v2\/types\/post"}],"author":[{"embeddable":true,"href":"https:\/\/diariotextual.com\/inicio\/index.php\/wp-json\/wp\/v2\/users\/7"}],"replies":[{"embeddable":true,"href":"https:\/\/diariotextual.com\/inicio\/index.php\/wp-json\/wp\/v2\/comments?post=57878"}],"version-history":[{"count":3,"href":"https:\/\/diariotextual.com\/inicio\/index.php\/wp-json\/wp\/v2\/posts\/57878\/revisions"}],"predecessor-version":[{"id":57882,"href":"https:\/\/diariotextual.com\/inicio\/index.php\/wp-json\/wp\/v2\/posts\/57878\/revisions\/57882"}],"wp:featuredmedia":[{"embeddable":true,"href":"https:\/\/diariotextual.com\/inicio\/index.php\/wp-json\/wp\/v2\/media\/57880"}],"wp:attachment":[{"href":"https:\/\/diariotextual.com\/inicio\/index.php\/wp-json\/wp\/v2\/media?parent=57878"}],"wp:term":[{"taxonomy":"category","embeddable":true,"href":"https:\/\/diariotextual.com\/inicio\/index.php\/wp-json\/wp\/v2\/categories?post=57878"},{"taxonomy":"post_tag","embeddable":true,"href":"https:\/\/diariotextual.com\/inicio\/index.php\/wp-json\/wp\/v2\/tags?post=57878"}],"curies":[{"name":"wp","href":"https:\/\/api.w.org\/{rel}","templated":true}]}}