{"id":57909,"date":"2019-08-01T20:45:29","date_gmt":"2019-08-01T23:45:29","guid":{"rendered":"http:\/\/diariotextual.com\/inicio\/?p=57909"},"modified":"2019-08-02T10:02:24","modified_gmt":"2019-08-02T13:02:24","slug":"santa-rosa-recordaron-santiago-maldonado-pidieron-justicia","status":"publish","type":"post","link":"https:\/\/diariotextual.com\/inicio\/index.php\/2019\/08\/01\/santa-rosa-recordaron-santiago-maldonado-pidieron-justicia\/","title":{"rendered":"En Santa Rosa recordaron a Santiago Maldonado y pidieron justicia"},"content":{"rendered":"<p>Este jueves, en Santa Rosa, recordaron al artesano y militante\u00a0<strong>Santiago Maldonado<\/strong>. Hubo una marcha para recordar la muerte y la represi\u00f3n de Gendarmer\u00eda, ocurridas hace dos a\u00f1os en una comunidad mapuche de Chubut.<\/p>\n<div id=\"attachment_57946\" style=\"width: 1034px\" class=\"wp-caption alignnone\"><img fetchpriority=\"high\" decoding=\"async\" aria-describedby=\"caption-attachment-57946\" class=\"wp-image-57946 size-large\" src=\"http:\/\/diariotextual.com\/inicio\/wp-content\/uploads\/2019\/08\/maldonadosantiagomarchasantarosaagosto2019-4-1024x683.jpg\" alt=\"\" width=\"1024\" height=\"683\" srcset=\"https:\/\/diariotextual.com\/inicio\/wp-content\/uploads\/2019\/08\/maldonadosantiagomarchasantarosaagosto2019-4-1024x683.jpg 1024w, https:\/\/diariotextual.com\/inicio\/wp-content\/uploads\/2019\/08\/maldonadosantiagomarchasantarosaagosto2019-4-300x200.jpg 300w, https:\/\/diariotextual.com\/inicio\/wp-content\/uploads\/2019\/08\/maldonadosantiagomarchasantarosaagosto2019-4-768x512.jpg 768w, https:\/\/diariotextual.com\/inicio\/wp-content\/uploads\/2019\/08\/maldonadosantiagomarchasantarosaagosto2019-4-585x390.jpg 585w, https:\/\/diariotextual.com\/inicio\/wp-content\/uploads\/2019\/08\/maldonadosantiagomarchasantarosaagosto2019-4-263x175.jpg 263w, https:\/\/diariotextual.com\/inicio\/wp-content\/uploads\/2019\/08\/maldonadosantiagomarchasantarosaagosto2019-4.jpg 1080w\" sizes=\"(max-width: 1024px) 100vw, 1024px\" \/><p id=\"caption-attachment-57946\" class=\"wp-caption-text\">\u201c\u00a1Basta de Impunidad!, \u00a1No al cierre de la causa! y \u00a1Justicia por Santiago!\u201d, el lema a dos a\u00f1os del caso que conmocion\u00f3 al pa\u00eds (foto de Belkis Mart\u00edn).<\/p><\/div>\n<p>&nbsp;<\/p>\n<p>La actividad fue organizada por el Movimiento Popular Pampeano por los Derechos Humanos, bajo la consigna de la convocatoria nacional \u201c\u00a1Basta de Impunidad!, \u00a1No al cierre de la causa! y \u00a1Justicia por Santiago!\u201d.<\/p>\n<p>&nbsp;<\/p>\n<div id=\"attachment_57945\" style=\"width: 1090px\" class=\"wp-caption alignnone\"><img decoding=\"async\" aria-describedby=\"caption-attachment-57945\" class=\"wp-image-57945 size-full\" src=\"http:\/\/diariotextual.com\/inicio\/wp-content\/uploads\/2019\/08\/maldonadosantiagomarchasantarosaagosto2019-3.jpg\" alt=\"\" width=\"1080\" height=\"720\" srcset=\"https:\/\/diariotextual.com\/inicio\/wp-content\/uploads\/2019\/08\/maldonadosantiagomarchasantarosaagosto2019-3.jpg 1080w, https:\/\/diariotextual.com\/inicio\/wp-content\/uploads\/2019\/08\/maldonadosantiagomarchasantarosaagosto2019-3-300x200.jpg 300w, https:\/\/diariotextual.com\/inicio\/wp-content\/uploads\/2019\/08\/maldonadosantiagomarchasantarosaagosto2019-3-768x512.jpg 768w, https:\/\/diariotextual.com\/inicio\/wp-content\/uploads\/2019\/08\/maldonadosantiagomarchasantarosaagosto2019-3-1024x683.jpg 1024w, https:\/\/diariotextual.com\/inicio\/wp-content\/uploads\/2019\/08\/maldonadosantiagomarchasantarosaagosto2019-3-585x390.jpg 585w, https:\/\/diariotextual.com\/inicio\/wp-content\/uploads\/2019\/08\/maldonadosantiagomarchasantarosaagosto2019-3-263x175.jpg 263w\" sizes=\"(max-width: 1080px) 100vw, 1080px\" \/><p id=\"caption-attachment-57945\" class=\"wp-caption-text\">Los manifestantes se concentraron en la plaza San Mart\u00edn y marcharon por el centro (foto de Belkis Mart\u00edn).<\/p><\/div>\n<p>&nbsp;<\/p>\n<p>\u00abEstamos reclamando por Memoria, Verdad y Justicia y por la memoria de Santiago Maldonado, el joven artesano que solidariamente se sum\u00f3 a un reclamo mapuche en defensa de la tierra y el medioambiente, y en ese contexto Santiago desapareci\u00f3 el 1 de agosto de 2017, tras la violenta represi\u00f3n del Estado fascista de Macri y su violenta Gendarmer\u00eda Nacional en la comunidad mapuche Pu Lof en Resistencia de Cushamen, provincia de Chubut\u201d, recordaron.<\/p>\n<p>&nbsp;<\/p>\n<div id=\"attachment_57943\" style=\"width: 1090px\" class=\"wp-caption alignnone\"><img decoding=\"async\" aria-describedby=\"caption-attachment-57943\" class=\"wp-image-57943 size-full\" src=\"http:\/\/diariotextual.com\/inicio\/wp-content\/uploads\/2019\/08\/maldonadosantiagomarchasantarosaagosto2019-2.jpg\" alt=\"\" width=\"1080\" height=\"720\" srcset=\"https:\/\/diariotextual.com\/inicio\/wp-content\/uploads\/2019\/08\/maldonadosantiagomarchasantarosaagosto2019-2.jpg 1080w, https:\/\/diariotextual.com\/inicio\/wp-content\/uploads\/2019\/08\/maldonadosantiagomarchasantarosaagosto2019-2-300x200.jpg 300w, https:\/\/diariotextual.com\/inicio\/wp-content\/uploads\/2019\/08\/maldonadosantiagomarchasantarosaagosto2019-2-768x512.jpg 768w, https:\/\/diariotextual.com\/inicio\/wp-content\/uploads\/2019\/08\/maldonadosantiagomarchasantarosaagosto2019-2-1024x683.jpg 1024w, https:\/\/diariotextual.com\/inicio\/wp-content\/uploads\/2019\/08\/maldonadosantiagomarchasantarosaagosto2019-2-585x390.jpg 585w, https:\/\/diariotextual.com\/inicio\/wp-content\/uploads\/2019\/08\/maldonadosantiagomarchasantarosaagosto2019-2-263x175.jpg 263w\" sizes=\"(max-width: 1080px) 100vw, 1080px\" \/><p id=\"caption-attachment-57943\" class=\"wp-caption-text\">Diversas organizaciones participaron de la manifestaci\u00f3n (foto de Belkis Mart\u00edn).<\/p><\/div>\n<p>&nbsp;<\/p>\n<div id=\"attachment_57950\" style=\"width: 1090px\" class=\"wp-caption alignnone\"><img loading=\"lazy\" decoding=\"async\" aria-describedby=\"caption-attachment-57950\" class=\"wp-image-57950 size-full\" src=\"http:\/\/diariotextual.com\/inicio\/wp-content\/uploads\/2019\/08\/maldonadosantiagomarchasantarosaagosto2019-5.jpg\" alt=\"\" width=\"1080\" height=\"720\" srcset=\"https:\/\/diariotextual.com\/inicio\/wp-content\/uploads\/2019\/08\/maldonadosantiagomarchasantarosaagosto2019-5.jpg 1080w, https:\/\/diariotextual.com\/inicio\/wp-content\/uploads\/2019\/08\/maldonadosantiagomarchasantarosaagosto2019-5-300x200.jpg 300w, https:\/\/diariotextual.com\/inicio\/wp-content\/uploads\/2019\/08\/maldonadosantiagomarchasantarosaagosto2019-5-768x512.jpg 768w, https:\/\/diariotextual.com\/inicio\/wp-content\/uploads\/2019\/08\/maldonadosantiagomarchasantarosaagosto2019-5-1024x683.jpg 1024w, https:\/\/diariotextual.com\/inicio\/wp-content\/uploads\/2019\/08\/maldonadosantiagomarchasantarosaagosto2019-5-585x390.jpg 585w, https:\/\/diariotextual.com\/inicio\/wp-content\/uploads\/2019\/08\/maldonadosantiagomarchasantarosaagosto2019-5-263x175.jpg 263w\" sizes=\"(max-width: 1080px) 100vw, 1080px\" \/><p id=\"caption-attachment-57950\" class=\"wp-caption-text\">Leonardo Fabio Avenda\u00f1o, diputado electo, march\u00f3 por Santiago (foto de Belkis Mart\u00edn).<\/p><\/div>\n<p>&nbsp;<\/p>\n","protected":false},"excerpt":{"rendered":"<p>Este jueves, en Santa Rosa, recordaron al artesano y militante\u00a0Santiago Maldonado. Hubo una marcha para recordar la muerte y la represi\u00f3n de Gendarmer\u00eda, ocurridas hace dos a\u00f1os en una comunidad&hellip;<\/p>\n","protected":false},"author":3,"featured_media":57947,"comment_status":"closed","ping_status":"open","sticky":false,"template":"","format":"standard","meta":{"_acf_changed":false,"footnotes":""},"categories":[11,319,8],"tags":[612],"class_list":["post-57909","post","type-post","status-publish","format-standard","has-post-thumbnail","hentry","category-que-pasa","category-a-temporales","category-politica","tag-maldonado"],"acf":[],"yoast_head":"<!-- This site is optimized with the Yoast SEO plugin v27.5 - https:\/\/yoast.com\/product\/yoast-seo-wordpress\/ -->\n<title>En Santa Rosa recordaron a Santiago Maldonado y pidieron justicia - Diario Textual<\/title>\n<meta name=\"robots\" content=\"index, follow, max-snippet:-1, max-image-preview:large, max-video-preview:-1\" \/>\n<link rel=\"canonical\" href=\"https:\/\/diariotextual.com\/inicio\/index.php\/2019\/08\/01\/santa-rosa-recordaron-santiago-maldonado-pidieron-justicia\/\" \/>\n<meta property=\"og:locale\" content=\"es_ES\" \/>\n<meta property=\"og:type\" content=\"article\" \/>\n<meta property=\"og:title\" content=\"En Santa Rosa recordaron a Santiago Maldonado y pidieron justicia - Diario Textual\" \/>\n<meta property=\"og:description\" content=\"Este jueves, en Santa Rosa, recordaron al artesano y militante\u00a0Santiago Maldonado. Hubo una marcha para recordar la muerte y la represi\u00f3n de Gendarmer\u00eda, ocurridas hace dos a\u00f1os en una comunidad&hellip;\" \/>\n<meta property=\"og:url\" content=\"https:\/\/diariotextual.com\/inicio\/index.php\/2019\/08\/01\/santa-rosa-recordaron-santiago-maldonado-pidieron-justicia\/\" \/>\n<meta property=\"og:site_name\" content=\"Diario Textual\" \/>\n<meta property=\"article:publisher\" content=\"https:\/\/www.facebook.com\/eltextual\" \/>\n<meta property=\"article:published_time\" content=\"2019-08-01T23:45:29+00:00\" \/>\n<meta property=\"article:modified_time\" content=\"2019-08-02T13:02:24+00:00\" \/>\n<meta property=\"og:image\" content=\"https:\/\/diariotextual.com\/inicio\/wp-content\/uploads\/2019\/08\/maldonadosantiagomarchasantarosajulio2019-1.jpg\" \/>\n\t<meta property=\"og:image:width\" content=\"1080\" \/>\n\t<meta property=\"og:image:height\" content=\"720\" \/>\n\t<meta property=\"og:image:type\" content=\"image\/jpeg\" \/>\n<meta name=\"author\" content=\"Diario1 Diario1\" \/>\n<meta name=\"twitter:card\" content=\"summary_large_image\" \/>\n<meta name=\"twitter:creator\" content=\"@eltextual\" \/>\n<meta name=\"twitter:site\" content=\"@eltextual\" \/>\n<meta name=\"twitter:label1\" content=\"Escrito por\" \/>\n\t<meta name=\"twitter:data1\" content=\"Diario1 Diario1\" \/>\n\t<meta name=\"twitter:label2\" content=\"Tiempo de lectura\" \/>\n\t<meta name=\"twitter:data2\" content=\"1 minuto\" \/>\n<script type=\"application\/ld+json\" class=\"yoast-schema-graph\">{\"@context\":\"https:\\\/\\\/schema.org\",\"@graph\":[{\"@type\":\"Article\",\"@id\":\"https:\\\/\\\/diariotextual.com\\\/inicio\\\/index.php\\\/2019\\\/08\\\/01\\\/santa-rosa-recordaron-santiago-maldonado-pidieron-justicia\\\/#article\",\"isPartOf\":{\"@id\":\"https:\\\/\\\/diariotextual.com\\\/inicio\\\/index.php\\\/2019\\\/08\\\/01\\\/santa-rosa-recordaron-santiago-maldonado-pidieron-justicia\\\/\"},\"author\":{\"name\":\"Diario1 Diario1\",\"@id\":\"https:\\\/\\\/diariotextual.com\\\/inicio\\\/#\\\/schema\\\/person\\\/418fc4093c33e86ed41562db3508f958\"},\"headline\":\"En Santa Rosa recordaron a Santiago Maldonado y pidieron justicia\",\"datePublished\":\"2019-08-01T23:45:29+00:00\",\"dateModified\":\"2019-08-02T13:02:24+00:00\",\"mainEntityOfPage\":{\"@id\":\"https:\\\/\\\/diariotextual.com\\\/inicio\\\/index.php\\\/2019\\\/08\\\/01\\\/santa-rosa-recordaron-santiago-maldonado-pidieron-justicia\\\/\"},\"wordCount\":264,\"publisher\":{\"@id\":\"https:\\\/\\\/diariotextual.com\\\/inicio\\\/#organization\"},\"image\":{\"@id\":\"https:\\\/\\\/diariotextual.com\\\/inicio\\\/index.php\\\/2019\\\/08\\\/01\\\/santa-rosa-recordaron-santiago-maldonado-pidieron-justicia\\\/#primaryimage\"},\"thumbnailUrl\":\"https:\\\/\\\/diariotextual.com\\\/inicio\\\/wp-content\\\/uploads\\\/2019\\\/08\\\/maldonadosantiagomarchasantarosajulio2019-1.jpg\",\"keywords\":[\"maldonado\"],\"articleSection\":[\"A - QUE PASA (al costado)\",\"A - TEMPORALES\",\"POLITICA\"],\"inLanguage\":\"es\"},{\"@type\":\"WebPage\",\"@id\":\"https:\\\/\\\/diariotextual.com\\\/inicio\\\/index.php\\\/2019\\\/08\\\/01\\\/santa-rosa-recordaron-santiago-maldonado-pidieron-justicia\\\/\",\"url\":\"https:\\\/\\\/diariotextual.com\\\/inicio\\\/index.php\\\/2019\\\/08\\\/01\\\/santa-rosa-recordaron-santiago-maldonado-pidieron-justicia\\\/\",\"name\":\"En Santa Rosa recordaron a Santiago Maldonado y pidieron justicia - Diario Textual\",\"isPartOf\":{\"@id\":\"https:\\\/\\\/diariotextual.com\\\/inicio\\\/#website\"},\"primaryImageOfPage\":{\"@id\":\"https:\\\/\\\/diariotextual.com\\\/inicio\\\/index.php\\\/2019\\\/08\\\/01\\\/santa-rosa-recordaron-santiago-maldonado-pidieron-justicia\\\/#primaryimage\"},\"image\":{\"@id\":\"https:\\\/\\\/diariotextual.com\\\/inicio\\\/index.php\\\/2019\\\/08\\\/01\\\/santa-rosa-recordaron-santiago-maldonado-pidieron-justicia\\\/#primaryimage\"},\"thumbnailUrl\":\"https:\\\/\\\/diariotextual.com\\\/inicio\\\/wp-content\\\/uploads\\\/2019\\\/08\\\/maldonadosantiagomarchasantarosajulio2019-1.jpg\",\"datePublished\":\"2019-08-01T23:45:29+00:00\",\"dateModified\":\"2019-08-02T13:02:24+00:00\",\"breadcrumb\":{\"@id\":\"https:\\\/\\\/diariotextual.com\\\/inicio\\\/index.php\\\/2019\\\/08\\\/01\\\/santa-rosa-recordaron-santiago-maldonado-pidieron-justicia\\\/#breadcrumb\"},\"inLanguage\":\"es\",\"potentialAction\":[{\"@type\":\"ReadAction\",\"target\":[\"https:\\\/\\\/diariotextual.com\\\/inicio\\\/index.php\\\/2019\\\/08\\\/01\\\/santa-rosa-recordaron-santiago-maldonado-pidieron-justicia\\\/\"]}]},{\"@type\":\"ImageObject\",\"inLanguage\":\"es\",\"@id\":\"https:\\\/\\\/diariotextual.com\\\/inicio\\\/index.php\\\/2019\\\/08\\\/01\\\/santa-rosa-recordaron-santiago-maldonado-pidieron-justicia\\\/#primaryimage\",\"url\":\"https:\\\/\\\/diariotextual.com\\\/inicio\\\/wp-content\\\/uploads\\\/2019\\\/08\\\/maldonadosantiagomarchasantarosajulio2019-1.jpg\",\"contentUrl\":\"https:\\\/\\\/diariotextual.com\\\/inicio\\\/wp-content\\\/uploads\\\/2019\\\/08\\\/maldonadosantiagomarchasantarosajulio2019-1.jpg\",\"width\":1080,\"height\":720},{\"@type\":\"BreadcrumbList\",\"@id\":\"https:\\\/\\\/diariotextual.com\\\/inicio\\\/index.php\\\/2019\\\/08\\\/01\\\/santa-rosa-recordaron-santiago-maldonado-pidieron-justicia\\\/#breadcrumb\",\"itemListElement\":[{\"@type\":\"ListItem\",\"position\":1,\"name\":\"Portada\",\"item\":\"https:\\\/\\\/diariotextual.com\\\/inicio\\\/\"},{\"@type\":\"ListItem\",\"position\":2,\"name\":\"En Santa Rosa recordaron a Santiago Maldonado y pidieron justicia\"}]},{\"@type\":\"WebSite\",\"@id\":\"https:\\\/\\\/diariotextual.com\\\/inicio\\\/#website\",\"url\":\"https:\\\/\\\/diariotextual.com\\\/inicio\\\/\",\"name\":\"Diario Textual\",\"description\":\"\",\"publisher\":{\"@id\":\"https:\\\/\\\/diariotextual.com\\\/inicio\\\/#organization\"},\"potentialAction\":[{\"@type\":\"SearchAction\",\"target\":{\"@type\":\"EntryPoint\",\"urlTemplate\":\"https:\\\/\\\/diariotextual.com\\\/inicio\\\/?s={search_term_string}\"},\"query-input\":{\"@type\":\"PropertyValueSpecification\",\"valueRequired\":true,\"valueName\":\"search_term_string\"}}],\"inLanguage\":\"es\"},{\"@type\":\"Organization\",\"@id\":\"https:\\\/\\\/diariotextual.com\\\/inicio\\\/#organization\",\"name\":\"Diario Textual\",\"url\":\"https:\\\/\\\/diariotextual.com\\\/inicio\\\/\",\"logo\":{\"@type\":\"ImageObject\",\"inLanguage\":\"es\",\"@id\":\"https:\\\/\\\/diariotextual.com\\\/inicio\\\/#\\\/schema\\\/logo\\\/image\\\/\",\"url\":\"https:\\\/\\\/diariotextual.com\\\/inicio\\\/wp-content\\\/uploads\\\/2023\\\/05\\\/logotextual1.jpg\",\"contentUrl\":\"https:\\\/\\\/diariotextual.com\\\/inicio\\\/wp-content\\\/uploads\\\/2023\\\/05\\\/logotextual1.jpg\",\"width\":516,\"height\":76,\"caption\":\"Diario Textual\"},\"image\":{\"@id\":\"https:\\\/\\\/diariotextual.com\\\/inicio\\\/#\\\/schema\\\/logo\\\/image\\\/\"},\"sameAs\":[\"https:\\\/\\\/www.facebook.com\\\/eltextual\",\"https:\\\/\\\/x.com\\\/eltextual\",\"http:\\\/\\\/www.instagram.com\\\/eltextual\"]},{\"@type\":\"Person\",\"@id\":\"https:\\\/\\\/diariotextual.com\\\/inicio\\\/#\\\/schema\\\/person\\\/418fc4093c33e86ed41562db3508f958\",\"name\":\"Diario1 Diario1\",\"image\":{\"@type\":\"ImageObject\",\"inLanguage\":\"es\",\"@id\":\"https:\\\/\\\/secure.gravatar.com\\\/avatar\\\/9167d280179c85bc18be67aa7eda765854300033af4896dd779b608640f2ef7a?s=96&d=mm&r=g\",\"url\":\"https:\\\/\\\/secure.gravatar.com\\\/avatar\\\/9167d280179c85bc18be67aa7eda765854300033af4896dd779b608640f2ef7a?s=96&d=mm&r=g\",\"contentUrl\":\"https:\\\/\\\/secure.gravatar.com\\\/avatar\\\/9167d280179c85bc18be67aa7eda765854300033af4896dd779b608640f2ef7a?s=96&d=mm&r=g\",\"caption\":\"Diario1 Diario1\"},\"url\":\"https:\\\/\\\/diariotextual.com\\\/inicio\\\/index.php\\\/author\\\/diario1\\\/\"}]}<\/script>\n<!-- \/ Yoast SEO plugin. -->","yoast_head_json":{"title":"En Santa Rosa recordaron a Santiago Maldonado y pidieron justicia - Diario Textual","robots":{"index":"index","follow":"follow","max-snippet":"max-snippet:-1","max-image-preview":"max-image-preview:large","max-video-preview":"max-video-preview:-1"},"canonical":"https:\/\/diariotextual.com\/inicio\/index.php\/2019\/08\/01\/santa-rosa-recordaron-santiago-maldonado-pidieron-justicia\/","og_locale":"es_ES","og_type":"article","og_title":"En Santa Rosa recordaron a Santiago Maldonado y pidieron justicia - Diario Textual","og_description":"Este jueves, en Santa Rosa, recordaron al artesano y militante\u00a0Santiago Maldonado. Hubo una marcha para recordar la muerte y la represi\u00f3n de Gendarmer\u00eda, ocurridas hace dos a\u00f1os en una comunidad&hellip;","og_url":"https:\/\/diariotextual.com\/inicio\/index.php\/2019\/08\/01\/santa-rosa-recordaron-santiago-maldonado-pidieron-justicia\/","og_site_name":"Diario Textual","article_publisher":"https:\/\/www.facebook.com\/eltextual","article_published_time":"2019-08-01T23:45:29+00:00","article_modified_time":"2019-08-02T13:02:24+00:00","og_image":[{"width":1080,"height":720,"url":"https:\/\/diariotextual.com\/inicio\/wp-content\/uploads\/2019\/08\/maldonadosantiagomarchasantarosajulio2019-1.jpg","type":"image\/jpeg"}],"author":"Diario1 Diario1","twitter_card":"summary_large_image","twitter_creator":"@eltextual","twitter_site":"@eltextual","twitter_misc":{"Escrito por":"Diario1 Diario1","Tiempo de lectura":"1 minuto"},"schema":{"@context":"https:\/\/schema.org","@graph":[{"@type":"Article","@id":"https:\/\/diariotextual.com\/inicio\/index.php\/2019\/08\/01\/santa-rosa-recordaron-santiago-maldonado-pidieron-justicia\/#article","isPartOf":{"@id":"https:\/\/diariotextual.com\/inicio\/index.php\/2019\/08\/01\/santa-rosa-recordaron-santiago-maldonado-pidieron-justicia\/"},"author":{"name":"Diario1 Diario1","@id":"https:\/\/diariotextual.com\/inicio\/#\/schema\/person\/418fc4093c33e86ed41562db3508f958"},"headline":"En Santa Rosa recordaron a Santiago Maldonado y pidieron justicia","datePublished":"2019-08-01T23:45:29+00:00","dateModified":"2019-08-02T13:02:24+00:00","mainEntityOfPage":{"@id":"https:\/\/diariotextual.com\/inicio\/index.php\/2019\/08\/01\/santa-rosa-recordaron-santiago-maldonado-pidieron-justicia\/"},"wordCount":264,"publisher":{"@id":"https:\/\/diariotextual.com\/inicio\/#organization"},"image":{"@id":"https:\/\/diariotextual.com\/inicio\/index.php\/2019\/08\/01\/santa-rosa-recordaron-santiago-maldonado-pidieron-justicia\/#primaryimage"},"thumbnailUrl":"https:\/\/diariotextual.com\/inicio\/wp-content\/uploads\/2019\/08\/maldonadosantiagomarchasantarosajulio2019-1.jpg","keywords":["maldonado"],"articleSection":["A - QUE PASA (al costado)","A - TEMPORALES","POLITICA"],"inLanguage":"es"},{"@type":"WebPage","@id":"https:\/\/diariotextual.com\/inicio\/index.php\/2019\/08\/01\/santa-rosa-recordaron-santiago-maldonado-pidieron-justicia\/","url":"https:\/\/diariotextual.com\/inicio\/index.php\/2019\/08\/01\/santa-rosa-recordaron-santiago-maldonado-pidieron-justicia\/","name":"En Santa Rosa recordaron a Santiago Maldonado y pidieron justicia - Diario Textual","isPartOf":{"@id":"https:\/\/diariotextual.com\/inicio\/#website"},"primaryImageOfPage":{"@id":"https:\/\/diariotextual.com\/inicio\/index.php\/2019\/08\/01\/santa-rosa-recordaron-santiago-maldonado-pidieron-justicia\/#primaryimage"},"image":{"@id":"https:\/\/diariotextual.com\/inicio\/index.php\/2019\/08\/01\/santa-rosa-recordaron-santiago-maldonado-pidieron-justicia\/#primaryimage"},"thumbnailUrl":"https:\/\/diariotextual.com\/inicio\/wp-content\/uploads\/2019\/08\/maldonadosantiagomarchasantarosajulio2019-1.jpg","datePublished":"2019-08-01T23:45:29+00:00","dateModified":"2019-08-02T13:02:24+00:00","breadcrumb":{"@id":"https:\/\/diariotextual.com\/inicio\/index.php\/2019\/08\/01\/santa-rosa-recordaron-santiago-maldonado-pidieron-justicia\/#breadcrumb"},"inLanguage":"es","potentialAction":[{"@type":"ReadAction","target":["https:\/\/diariotextual.com\/inicio\/index.php\/2019\/08\/01\/santa-rosa-recordaron-santiago-maldonado-pidieron-justicia\/"]}]},{"@type":"ImageObject","inLanguage":"es","@id":"https:\/\/diariotextual.com\/inicio\/index.php\/2019\/08\/01\/santa-rosa-recordaron-santiago-maldonado-pidieron-justicia\/#primaryimage","url":"https:\/\/diariotextual.com\/inicio\/wp-content\/uploads\/2019\/08\/maldonadosantiagomarchasantarosajulio2019-1.jpg","contentUrl":"https:\/\/diariotextual.com\/inicio\/wp-content\/uploads\/2019\/08\/maldonadosantiagomarchasantarosajulio2019-1.jpg","width":1080,"height":720},{"@type":"BreadcrumbList","@id":"https:\/\/diariotextual.com\/inicio\/index.php\/2019\/08\/01\/santa-rosa-recordaron-santiago-maldonado-pidieron-justicia\/#breadcrumb","itemListElement":[{"@type":"ListItem","position":1,"name":"Portada","item":"https:\/\/diariotextual.com\/inicio\/"},{"@type":"ListItem","position":2,"name":"En Santa Rosa recordaron a Santiago Maldonado y pidieron justicia"}]},{"@type":"WebSite","@id":"https:\/\/diariotextual.com\/inicio\/#website","url":"https:\/\/diariotextual.com\/inicio\/","name":"Diario Textual","description":"","publisher":{"@id":"https:\/\/diariotextual.com\/inicio\/#organization"},"potentialAction":[{"@type":"SearchAction","target":{"@type":"EntryPoint","urlTemplate":"https:\/\/diariotextual.com\/inicio\/?s={search_term_string}"},"query-input":{"@type":"PropertyValueSpecification","valueRequired":true,"valueName":"search_term_string"}}],"inLanguage":"es"},{"@type":"Organization","@id":"https:\/\/diariotextual.com\/inicio\/#organization","name":"Diario Textual","url":"https:\/\/diariotextual.com\/inicio\/","logo":{"@type":"ImageObject","inLanguage":"es","@id":"https:\/\/diariotextual.com\/inicio\/#\/schema\/logo\/image\/","url":"https:\/\/diariotextual.com\/inicio\/wp-content\/uploads\/2023\/05\/logotextual1.jpg","contentUrl":"https:\/\/diariotextual.com\/inicio\/wp-content\/uploads\/2023\/05\/logotextual1.jpg","width":516,"height":76,"caption":"Diario Textual"},"image":{"@id":"https:\/\/diariotextual.com\/inicio\/#\/schema\/logo\/image\/"},"sameAs":["https:\/\/www.facebook.com\/eltextual","https:\/\/x.com\/eltextual","http:\/\/www.instagram.com\/eltextual"]},{"@type":"Person","@id":"https:\/\/diariotextual.com\/inicio\/#\/schema\/person\/418fc4093c33e86ed41562db3508f958","name":"Diario1 Diario1","image":{"@type":"ImageObject","inLanguage":"es","@id":"https:\/\/secure.gravatar.com\/avatar\/9167d280179c85bc18be67aa7eda765854300033af4896dd779b608640f2ef7a?s=96&d=mm&r=g","url":"https:\/\/secure.gravatar.com\/avatar\/9167d280179c85bc18be67aa7eda765854300033af4896dd779b608640f2ef7a?s=96&d=mm&r=g","contentUrl":"https:\/\/secure.gravatar.com\/avatar\/9167d280179c85bc18be67aa7eda765854300033af4896dd779b608640f2ef7a?s=96&d=mm&r=g","caption":"Diario1 Diario1"},"url":"https:\/\/diariotextual.com\/inicio\/index.php\/author\/diario1\/"}]}},"_links":{"self":[{"href":"https:\/\/diariotextual.com\/inicio\/index.php\/wp-json\/wp\/v2\/posts\/57909","targetHints":{"allow":["GET"]}}],"collection":[{"href":"https:\/\/diariotextual.com\/inicio\/index.php\/wp-json\/wp\/v2\/posts"}],"about":[{"href":"https:\/\/diariotextual.com\/inicio\/index.php\/wp-json\/wp\/v2\/types\/post"}],"author":[{"embeddable":true,"href":"https:\/\/diariotextual.com\/inicio\/index.php\/wp-json\/wp\/v2\/users\/3"}],"replies":[{"embeddable":true,"href":"https:\/\/diariotextual.com\/inicio\/index.php\/wp-json\/wp\/v2\/comments?post=57909"}],"version-history":[{"count":6,"href":"https:\/\/diariotextual.com\/inicio\/index.php\/wp-json\/wp\/v2\/posts\/57909\/revisions"}],"predecessor-version":[{"id":57953,"href":"https:\/\/diariotextual.com\/inicio\/index.php\/wp-json\/wp\/v2\/posts\/57909\/revisions\/57953"}],"wp:featuredmedia":[{"embeddable":true,"href":"https:\/\/diariotextual.com\/inicio\/index.php\/wp-json\/wp\/v2\/media\/57947"}],"wp:attachment":[{"href":"https:\/\/diariotextual.com\/inicio\/index.php\/wp-json\/wp\/v2\/media?parent=57909"}],"wp:term":[{"taxonomy":"category","embeddable":true,"href":"https:\/\/diariotextual.com\/inicio\/index.php\/wp-json\/wp\/v2\/categories?post=57909"},{"taxonomy":"post_tag","embeddable":true,"href":"https:\/\/diariotextual.com\/inicio\/index.php\/wp-json\/wp\/v2\/tags?post=57909"}],"curies":[{"name":"wp","href":"https:\/\/api.w.org\/{rel}","templated":true}]}}