{"id":57955,"date":"2019-08-02T06:40:49","date_gmt":"2019-08-02T09:40:49","guid":{"rendered":"http:\/\/diariotextual.com\/inicio\/?p=57955"},"modified":"2019-08-03T08:42:26","modified_gmt":"2019-08-03T11:42:26","slug":"pedido-los-lonkos-volveran-enterrar-los-restos-oseos-2100-anos-hallados-telen","status":"publish","type":"post","link":"https:\/\/diariotextual.com\/inicio\/index.php\/2019\/08\/02\/pedido-los-lonkos-volveran-enterrar-los-restos-oseos-2100-anos-hallados-telen\/","title":{"rendered":"Por pedido de los lonkos, volver\u00e1n a enterrar los restos \u00f3seos de 2100 a\u00f1os hallados en Tel\u00e9n"},"content":{"rendered":"<p>El cr\u00e1neo y otros restos \u00f3seos que tienen unos 2100 a\u00f1os y que fueron hallados el a\u00f1o pasado en Tel\u00e9n volver\u00e1n a la tierra. As\u00ed lo decidieron en las \u00faltimas horas, en un<strong> \u00abtrav\u00fan\u00bb<\/strong>, integrantes del <strong>Consejo de Lonkos de La Pampa<\/strong>.<\/p>\n<p>&nbsp;<\/p>\n<blockquote class=\"wp-embedded-content\" data-secret=\"fu27cTsuFn\"><p><a href=\"http:\/\/diariotextual.com\/inicio\/index.php\/2019\/07\/22\/craneo-hallado-telen-al-menos-2100-anos\/\">El cr\u00e1neo hallado en Tel\u00e9n tiene al menos 2100 a\u00f1os<\/a><\/p><\/blockquote>\n<p><iframe class=\"wp-embedded-content\" sandbox=\"allow-scripts\" security=\"restricted\" style=\"position: absolute; clip: rect(1px, 1px, 1px, 1px);\" src=\"http:\/\/diariotextual.com\/inicio\/index.php\/2019\/07\/22\/craneo-hallado-telen-al-menos-2100-anos\/embed\/#?secret=fu27cTsuFn\" data-secret=\"fu27cTsuFn\" width=\"600\" height=\"338\" title=\"&#171;El cr\u00e1neo hallado en Tel\u00e9n tiene al menos 2100 a\u00f1os&#187; &#8212; Diario Textual\" frameborder=\"0\" marginwidth=\"0\" marginheight=\"0\" scrolling=\"no\"><\/iframe><\/p>\n<p>&nbsp;<\/p>\n<p>La informaci\u00f3n fue confirmada por la Secretar\u00eda de Cultura de La Pampa, que tambi\u00e9n particip\u00f3 del encuentro. Dijo que, por pedido de los lonkos, los restos ser\u00e1n restituidos al mismo lugar.<\/p>\n<p>\u00abUna vez realizada la dataci\u00f3n de los restos por el laboratorio de radiocarbono (LATYR) del Centro de Investigaciones Geol\u00f3gicas y determinado que el rango cronol\u00f3gico para los mismos se ubica entre los a\u00f1os 385 a.C. al 112 a.C. y trat\u00e1ndose entonces de restos arqueol\u00f3gicos, la Secretar\u00eda de Cultura- como autoridad de aplicaci\u00f3n de la Ley 3.104 de Protecci\u00f3n del Patrimonio Arqueol\u00f3gico y Paleontol\u00f3gico- da intervenci\u00f3n a las comunidades ind\u00edgenas a trav\u00e9s del Consejo de Lonkos\u00bb, comunic\u00f3. \u00abComo resultado de la consulta y de esa reuni\u00f3n, las comunidades solicitan que: los restos que fueron retirados para su fechado, sean restitu\u00eddos y que luego de eso se arbitren los medios para proteger el sitio y permitir que los ancestros sigan su descanso donde fueron enterrados por sus contempor\u00e1neos\u00bb.<\/p>\n<p>\u00abLa Secretar\u00eda de Cultura -agreg\u00f3- act\u00faa en estos casos en cumplimiento de convenios internacionales, leyes nacionales, y la ley provincial Ley N\u00b0 3104 de Protecci\u00f3n del Patrimonio Arqueol\u00f3gico y Paleontol\u00f3gico que establece en su art\u00edculo 32\u00ba que los restos mortales de personas pertenecientes a pueblos originarios, que formen parte de museos y\/o colecciones p\u00fablicas o privadas, o que sean resultado de potenciales hallazgos en el marco de excavaciones o proyectos que se est\u00e9n realizando en la provincia, deber\u00e1n ser puestos a disposici\u00f3n de los pueblos originarios y\/o comunidades de pertenencia que lo reclamen\u00bb.<\/p>\n<p>&nbsp;<\/p>\n<p>&nbsp;<\/p>\n","protected":false},"excerpt":{"rendered":"<p>El cr\u00e1neo y otros restos \u00f3seos que tienen unos 2100 a\u00f1os y que fueron hallados el a\u00f1o pasado en Tel\u00e9n volver\u00e1n a la tierra. As\u00ed lo decidieron en las \u00faltimas&hellip;<\/p>\n","protected":false},"author":3,"featured_media":26443,"comment_status":"closed","ping_status":"open","sticky":false,"template":"","format":"standard","meta":{"_acf_changed":false,"footnotes":""},"categories":[319,12],"tags":[2114,1292],"class_list":["post-57955","post","type-post","status-publish","format-standard","has-post-thumbnail","hentry","category-a-temporales","category-sociedad","tag-craneo","tag-telen"],"acf":[],"yoast_head":"<!-- This site is optimized with the Yoast SEO plugin v27.5 - https:\/\/yoast.com\/product\/yoast-seo-wordpress\/ -->\n<title>Por pedido de los lonkos, volver\u00e1n a enterrar los restos \u00f3seos de 2100 a\u00f1os hallados en Tel\u00e9n - Diario Textual<\/title>\n<meta name=\"robots\" content=\"index, follow, max-snippet:-1, max-image-preview:large, max-video-preview:-1\" \/>\n<link rel=\"canonical\" href=\"https:\/\/diariotextual.com\/inicio\/index.php\/2019\/08\/02\/pedido-los-lonkos-volveran-enterrar-los-restos-oseos-2100-anos-hallados-telen\/\" \/>\n<meta property=\"og:locale\" content=\"es_ES\" \/>\n<meta property=\"og:type\" content=\"article\" \/>\n<meta property=\"og:title\" content=\"Por pedido de los lonkos, volver\u00e1n a enterrar los restos \u00f3seos de 2100 a\u00f1os hallados en Tel\u00e9n - Diario Textual\" \/>\n<meta property=\"og:description\" content=\"El cr\u00e1neo y otros restos \u00f3seos que tienen unos 2100 a\u00f1os y que fueron hallados el a\u00f1o pasado en Tel\u00e9n volver\u00e1n a la tierra. As\u00ed lo decidieron en las \u00faltimas&hellip;\" \/>\n<meta property=\"og:url\" content=\"https:\/\/diariotextual.com\/inicio\/index.php\/2019\/08\/02\/pedido-los-lonkos-volveran-enterrar-los-restos-oseos-2100-anos-hallados-telen\/\" \/>\n<meta property=\"og:site_name\" content=\"Diario Textual\" \/>\n<meta property=\"article:publisher\" content=\"https:\/\/www.facebook.com\/eltextual\" \/>\n<meta property=\"article:published_time\" content=\"2019-08-02T09:40:49+00:00\" \/>\n<meta property=\"article:modified_time\" content=\"2019-08-03T11:42:26+00:00\" \/>\n<meta property=\"og:image\" content=\"https:\/\/diariotextual.com\/inicio\/wp-content\/uploads\/2018\/11\/restososeostelencraneo2018-1.jpg\" \/>\n\t<meta property=\"og:image:width\" content=\"1280\" \/>\n\t<meta property=\"og:image:height\" content=\"872\" \/>\n\t<meta property=\"og:image:type\" content=\"image\/jpeg\" \/>\n<meta name=\"author\" content=\"Diario1 Diario1\" \/>\n<meta name=\"twitter:card\" content=\"summary_large_image\" \/>\n<meta name=\"twitter:creator\" content=\"@eltextual\" \/>\n<meta name=\"twitter:site\" content=\"@eltextual\" \/>\n<meta name=\"twitter:label1\" content=\"Escrito por\" \/>\n\t<meta name=\"twitter:data1\" content=\"Diario1 Diario1\" \/>\n\t<meta name=\"twitter:label2\" content=\"Tiempo de lectura\" \/>\n\t<meta name=\"twitter:data2\" content=\"2 minutos\" \/>\n<script type=\"application\/ld+json\" class=\"yoast-schema-graph\">{\"@context\":\"https:\\\/\\\/schema.org\",\"@graph\":[{\"@type\":\"Article\",\"@id\":\"https:\\\/\\\/diariotextual.com\\\/inicio\\\/index.php\\\/2019\\\/08\\\/02\\\/pedido-los-lonkos-volveran-enterrar-los-restos-oseos-2100-anos-hallados-telen\\\/#article\",\"isPartOf\":{\"@id\":\"https:\\\/\\\/diariotextual.com\\\/inicio\\\/index.php\\\/2019\\\/08\\\/02\\\/pedido-los-lonkos-volveran-enterrar-los-restos-oseos-2100-anos-hallados-telen\\\/\"},\"author\":{\"name\":\"Diario1 Diario1\",\"@id\":\"https:\\\/\\\/diariotextual.com\\\/inicio\\\/#\\\/schema\\\/person\\\/418fc4093c33e86ed41562db3508f958\"},\"headline\":\"Por pedido de los lonkos, volver\u00e1n a enterrar los restos \u00f3seos de 2100 a\u00f1os hallados en Tel\u00e9n\",\"datePublished\":\"2019-08-02T09:40:49+00:00\",\"dateModified\":\"2019-08-03T11:42:26+00:00\",\"mainEntityOfPage\":{\"@id\":\"https:\\\/\\\/diariotextual.com\\\/inicio\\\/index.php\\\/2019\\\/08\\\/02\\\/pedido-los-lonkos-volveran-enterrar-los-restos-oseos-2100-anos-hallados-telen\\\/\"},\"wordCount\":359,\"publisher\":{\"@id\":\"https:\\\/\\\/diariotextual.com\\\/inicio\\\/#organization\"},\"image\":{\"@id\":\"https:\\\/\\\/diariotextual.com\\\/inicio\\\/index.php\\\/2019\\\/08\\\/02\\\/pedido-los-lonkos-volveran-enterrar-los-restos-oseos-2100-anos-hallados-telen\\\/#primaryimage\"},\"thumbnailUrl\":\"https:\\\/\\\/diariotextual.com\\\/inicio\\\/wp-content\\\/uploads\\\/2018\\\/11\\\/restososeostelencraneo2018-1.jpg\",\"keywords\":[\"craneo\",\"Tel\u00e9n\"],\"articleSection\":[\"A - TEMPORALES\",\"SOCIEDAD\"],\"inLanguage\":\"es\"},{\"@type\":\"WebPage\",\"@id\":\"https:\\\/\\\/diariotextual.com\\\/inicio\\\/index.php\\\/2019\\\/08\\\/02\\\/pedido-los-lonkos-volveran-enterrar-los-restos-oseos-2100-anos-hallados-telen\\\/\",\"url\":\"https:\\\/\\\/diariotextual.com\\\/inicio\\\/index.php\\\/2019\\\/08\\\/02\\\/pedido-los-lonkos-volveran-enterrar-los-restos-oseos-2100-anos-hallados-telen\\\/\",\"name\":\"Por pedido de los lonkos, volver\u00e1n a enterrar los restos \u00f3seos de 2100 a\u00f1os hallados en Tel\u00e9n - Diario Textual\",\"isPartOf\":{\"@id\":\"https:\\\/\\\/diariotextual.com\\\/inicio\\\/#website\"},\"primaryImageOfPage\":{\"@id\":\"https:\\\/\\\/diariotextual.com\\\/inicio\\\/index.php\\\/2019\\\/08\\\/02\\\/pedido-los-lonkos-volveran-enterrar-los-restos-oseos-2100-anos-hallados-telen\\\/#primaryimage\"},\"image\":{\"@id\":\"https:\\\/\\\/diariotextual.com\\\/inicio\\\/index.php\\\/2019\\\/08\\\/02\\\/pedido-los-lonkos-volveran-enterrar-los-restos-oseos-2100-anos-hallados-telen\\\/#primaryimage\"},\"thumbnailUrl\":\"https:\\\/\\\/diariotextual.com\\\/inicio\\\/wp-content\\\/uploads\\\/2018\\\/11\\\/restososeostelencraneo2018-1.jpg\",\"datePublished\":\"2019-08-02T09:40:49+00:00\",\"dateModified\":\"2019-08-03T11:42:26+00:00\",\"breadcrumb\":{\"@id\":\"https:\\\/\\\/diariotextual.com\\\/inicio\\\/index.php\\\/2019\\\/08\\\/02\\\/pedido-los-lonkos-volveran-enterrar-los-restos-oseos-2100-anos-hallados-telen\\\/#breadcrumb\"},\"inLanguage\":\"es\",\"potentialAction\":[{\"@type\":\"ReadAction\",\"target\":[\"https:\\\/\\\/diariotextual.com\\\/inicio\\\/index.php\\\/2019\\\/08\\\/02\\\/pedido-los-lonkos-volveran-enterrar-los-restos-oseos-2100-anos-hallados-telen\\\/\"]}]},{\"@type\":\"ImageObject\",\"inLanguage\":\"es\",\"@id\":\"https:\\\/\\\/diariotextual.com\\\/inicio\\\/index.php\\\/2019\\\/08\\\/02\\\/pedido-los-lonkos-volveran-enterrar-los-restos-oseos-2100-anos-hallados-telen\\\/#primaryimage\",\"url\":\"https:\\\/\\\/diariotextual.com\\\/inicio\\\/wp-content\\\/uploads\\\/2018\\\/11\\\/restososeostelencraneo2018-1.jpg\",\"contentUrl\":\"https:\\\/\\\/diariotextual.com\\\/inicio\\\/wp-content\\\/uploads\\\/2018\\\/11\\\/restososeostelencraneo2018-1.jpg\",\"width\":1280,\"height\":872},{\"@type\":\"BreadcrumbList\",\"@id\":\"https:\\\/\\\/diariotextual.com\\\/inicio\\\/index.php\\\/2019\\\/08\\\/02\\\/pedido-los-lonkos-volveran-enterrar-los-restos-oseos-2100-anos-hallados-telen\\\/#breadcrumb\",\"itemListElement\":[{\"@type\":\"ListItem\",\"position\":1,\"name\":\"Portada\",\"item\":\"https:\\\/\\\/diariotextual.com\\\/inicio\\\/\"},{\"@type\":\"ListItem\",\"position\":2,\"name\":\"Por pedido de los lonkos, volver\u00e1n a enterrar los restos \u00f3seos de 2100 a\u00f1os hallados en Tel\u00e9n\"}]},{\"@type\":\"WebSite\",\"@id\":\"https:\\\/\\\/diariotextual.com\\\/inicio\\\/#website\",\"url\":\"https:\\\/\\\/diariotextual.com\\\/inicio\\\/\",\"name\":\"Diario Textual\",\"description\":\"\",\"publisher\":{\"@id\":\"https:\\\/\\\/diariotextual.com\\\/inicio\\\/#organization\"},\"potentialAction\":[{\"@type\":\"SearchAction\",\"target\":{\"@type\":\"EntryPoint\",\"urlTemplate\":\"https:\\\/\\\/diariotextual.com\\\/inicio\\\/?s={search_term_string}\"},\"query-input\":{\"@type\":\"PropertyValueSpecification\",\"valueRequired\":true,\"valueName\":\"search_term_string\"}}],\"inLanguage\":\"es\"},{\"@type\":\"Organization\",\"@id\":\"https:\\\/\\\/diariotextual.com\\\/inicio\\\/#organization\",\"name\":\"Diario Textual\",\"url\":\"https:\\\/\\\/diariotextual.com\\\/inicio\\\/\",\"logo\":{\"@type\":\"ImageObject\",\"inLanguage\":\"es\",\"@id\":\"https:\\\/\\\/diariotextual.com\\\/inicio\\\/#\\\/schema\\\/logo\\\/image\\\/\",\"url\":\"https:\\\/\\\/diariotextual.com\\\/inicio\\\/wp-content\\\/uploads\\\/2023\\\/05\\\/logotextual1.jpg\",\"contentUrl\":\"https:\\\/\\\/diariotextual.com\\\/inicio\\\/wp-content\\\/uploads\\\/2023\\\/05\\\/logotextual1.jpg\",\"width\":516,\"height\":76,\"caption\":\"Diario Textual\"},\"image\":{\"@id\":\"https:\\\/\\\/diariotextual.com\\\/inicio\\\/#\\\/schema\\\/logo\\\/image\\\/\"},\"sameAs\":[\"https:\\\/\\\/www.facebook.com\\\/eltextual\",\"https:\\\/\\\/x.com\\\/eltextual\",\"http:\\\/\\\/www.instagram.com\\\/eltextual\"]},{\"@type\":\"Person\",\"@id\":\"https:\\\/\\\/diariotextual.com\\\/inicio\\\/#\\\/schema\\\/person\\\/418fc4093c33e86ed41562db3508f958\",\"name\":\"Diario1 Diario1\",\"image\":{\"@type\":\"ImageObject\",\"inLanguage\":\"es\",\"@id\":\"https:\\\/\\\/secure.gravatar.com\\\/avatar\\\/9167d280179c85bc18be67aa7eda765854300033af4896dd779b608640f2ef7a?s=96&d=mm&r=g\",\"url\":\"https:\\\/\\\/secure.gravatar.com\\\/avatar\\\/9167d280179c85bc18be67aa7eda765854300033af4896dd779b608640f2ef7a?s=96&d=mm&r=g\",\"contentUrl\":\"https:\\\/\\\/secure.gravatar.com\\\/avatar\\\/9167d280179c85bc18be67aa7eda765854300033af4896dd779b608640f2ef7a?s=96&d=mm&r=g\",\"caption\":\"Diario1 Diario1\"},\"url\":\"https:\\\/\\\/diariotextual.com\\\/inicio\\\/index.php\\\/author\\\/diario1\\\/\"}]}<\/script>\n<!-- \/ Yoast SEO plugin. -->","yoast_head_json":{"title":"Por pedido de los lonkos, volver\u00e1n a enterrar los restos \u00f3seos de 2100 a\u00f1os hallados en Tel\u00e9n - Diario Textual","robots":{"index":"index","follow":"follow","max-snippet":"max-snippet:-1","max-image-preview":"max-image-preview:large","max-video-preview":"max-video-preview:-1"},"canonical":"https:\/\/diariotextual.com\/inicio\/index.php\/2019\/08\/02\/pedido-los-lonkos-volveran-enterrar-los-restos-oseos-2100-anos-hallados-telen\/","og_locale":"es_ES","og_type":"article","og_title":"Por pedido de los lonkos, volver\u00e1n a enterrar los restos \u00f3seos de 2100 a\u00f1os hallados en Tel\u00e9n - Diario Textual","og_description":"El cr\u00e1neo y otros restos \u00f3seos que tienen unos 2100 a\u00f1os y que fueron hallados el a\u00f1o pasado en Tel\u00e9n volver\u00e1n a la tierra. As\u00ed lo decidieron en las \u00faltimas&hellip;","og_url":"https:\/\/diariotextual.com\/inicio\/index.php\/2019\/08\/02\/pedido-los-lonkos-volveran-enterrar-los-restos-oseos-2100-anos-hallados-telen\/","og_site_name":"Diario Textual","article_publisher":"https:\/\/www.facebook.com\/eltextual","article_published_time":"2019-08-02T09:40:49+00:00","article_modified_time":"2019-08-03T11:42:26+00:00","og_image":[{"width":1280,"height":872,"url":"https:\/\/diariotextual.com\/inicio\/wp-content\/uploads\/2018\/11\/restososeostelencraneo2018-1.jpg","type":"image\/jpeg"}],"author":"Diario1 Diario1","twitter_card":"summary_large_image","twitter_creator":"@eltextual","twitter_site":"@eltextual","twitter_misc":{"Escrito por":"Diario1 Diario1","Tiempo de lectura":"2 minutos"},"schema":{"@context":"https:\/\/schema.org","@graph":[{"@type":"Article","@id":"https:\/\/diariotextual.com\/inicio\/index.php\/2019\/08\/02\/pedido-los-lonkos-volveran-enterrar-los-restos-oseos-2100-anos-hallados-telen\/#article","isPartOf":{"@id":"https:\/\/diariotextual.com\/inicio\/index.php\/2019\/08\/02\/pedido-los-lonkos-volveran-enterrar-los-restos-oseos-2100-anos-hallados-telen\/"},"author":{"name":"Diario1 Diario1","@id":"https:\/\/diariotextual.com\/inicio\/#\/schema\/person\/418fc4093c33e86ed41562db3508f958"},"headline":"Por pedido de los lonkos, volver\u00e1n a enterrar los restos \u00f3seos de 2100 a\u00f1os hallados en Tel\u00e9n","datePublished":"2019-08-02T09:40:49+00:00","dateModified":"2019-08-03T11:42:26+00:00","mainEntityOfPage":{"@id":"https:\/\/diariotextual.com\/inicio\/index.php\/2019\/08\/02\/pedido-los-lonkos-volveran-enterrar-los-restos-oseos-2100-anos-hallados-telen\/"},"wordCount":359,"publisher":{"@id":"https:\/\/diariotextual.com\/inicio\/#organization"},"image":{"@id":"https:\/\/diariotextual.com\/inicio\/index.php\/2019\/08\/02\/pedido-los-lonkos-volveran-enterrar-los-restos-oseos-2100-anos-hallados-telen\/#primaryimage"},"thumbnailUrl":"https:\/\/diariotextual.com\/inicio\/wp-content\/uploads\/2018\/11\/restososeostelencraneo2018-1.jpg","keywords":["craneo","Tel\u00e9n"],"articleSection":["A - TEMPORALES","SOCIEDAD"],"inLanguage":"es"},{"@type":"WebPage","@id":"https:\/\/diariotextual.com\/inicio\/index.php\/2019\/08\/02\/pedido-los-lonkos-volveran-enterrar-los-restos-oseos-2100-anos-hallados-telen\/","url":"https:\/\/diariotextual.com\/inicio\/index.php\/2019\/08\/02\/pedido-los-lonkos-volveran-enterrar-los-restos-oseos-2100-anos-hallados-telen\/","name":"Por pedido de los lonkos, volver\u00e1n a enterrar los restos \u00f3seos de 2100 a\u00f1os hallados en Tel\u00e9n - Diario Textual","isPartOf":{"@id":"https:\/\/diariotextual.com\/inicio\/#website"},"primaryImageOfPage":{"@id":"https:\/\/diariotextual.com\/inicio\/index.php\/2019\/08\/02\/pedido-los-lonkos-volveran-enterrar-los-restos-oseos-2100-anos-hallados-telen\/#primaryimage"},"image":{"@id":"https:\/\/diariotextual.com\/inicio\/index.php\/2019\/08\/02\/pedido-los-lonkos-volveran-enterrar-los-restos-oseos-2100-anos-hallados-telen\/#primaryimage"},"thumbnailUrl":"https:\/\/diariotextual.com\/inicio\/wp-content\/uploads\/2018\/11\/restososeostelencraneo2018-1.jpg","datePublished":"2019-08-02T09:40:49+00:00","dateModified":"2019-08-03T11:42:26+00:00","breadcrumb":{"@id":"https:\/\/diariotextual.com\/inicio\/index.php\/2019\/08\/02\/pedido-los-lonkos-volveran-enterrar-los-restos-oseos-2100-anos-hallados-telen\/#breadcrumb"},"inLanguage":"es","potentialAction":[{"@type":"ReadAction","target":["https:\/\/diariotextual.com\/inicio\/index.php\/2019\/08\/02\/pedido-los-lonkos-volveran-enterrar-los-restos-oseos-2100-anos-hallados-telen\/"]}]},{"@type":"ImageObject","inLanguage":"es","@id":"https:\/\/diariotextual.com\/inicio\/index.php\/2019\/08\/02\/pedido-los-lonkos-volveran-enterrar-los-restos-oseos-2100-anos-hallados-telen\/#primaryimage","url":"https:\/\/diariotextual.com\/inicio\/wp-content\/uploads\/2018\/11\/restososeostelencraneo2018-1.jpg","contentUrl":"https:\/\/diariotextual.com\/inicio\/wp-content\/uploads\/2018\/11\/restososeostelencraneo2018-1.jpg","width":1280,"height":872},{"@type":"BreadcrumbList","@id":"https:\/\/diariotextual.com\/inicio\/index.php\/2019\/08\/02\/pedido-los-lonkos-volveran-enterrar-los-restos-oseos-2100-anos-hallados-telen\/#breadcrumb","itemListElement":[{"@type":"ListItem","position":1,"name":"Portada","item":"https:\/\/diariotextual.com\/inicio\/"},{"@type":"ListItem","position":2,"name":"Por pedido de los lonkos, volver\u00e1n a enterrar los restos \u00f3seos de 2100 a\u00f1os hallados en Tel\u00e9n"}]},{"@type":"WebSite","@id":"https:\/\/diariotextual.com\/inicio\/#website","url":"https:\/\/diariotextual.com\/inicio\/","name":"Diario Textual","description":"","publisher":{"@id":"https:\/\/diariotextual.com\/inicio\/#organization"},"potentialAction":[{"@type":"SearchAction","target":{"@type":"EntryPoint","urlTemplate":"https:\/\/diariotextual.com\/inicio\/?s={search_term_string}"},"query-input":{"@type":"PropertyValueSpecification","valueRequired":true,"valueName":"search_term_string"}}],"inLanguage":"es"},{"@type":"Organization","@id":"https:\/\/diariotextual.com\/inicio\/#organization","name":"Diario Textual","url":"https:\/\/diariotextual.com\/inicio\/","logo":{"@type":"ImageObject","inLanguage":"es","@id":"https:\/\/diariotextual.com\/inicio\/#\/schema\/logo\/image\/","url":"https:\/\/diariotextual.com\/inicio\/wp-content\/uploads\/2023\/05\/logotextual1.jpg","contentUrl":"https:\/\/diariotextual.com\/inicio\/wp-content\/uploads\/2023\/05\/logotextual1.jpg","width":516,"height":76,"caption":"Diario Textual"},"image":{"@id":"https:\/\/diariotextual.com\/inicio\/#\/schema\/logo\/image\/"},"sameAs":["https:\/\/www.facebook.com\/eltextual","https:\/\/x.com\/eltextual","http:\/\/www.instagram.com\/eltextual"]},{"@type":"Person","@id":"https:\/\/diariotextual.com\/inicio\/#\/schema\/person\/418fc4093c33e86ed41562db3508f958","name":"Diario1 Diario1","image":{"@type":"ImageObject","inLanguage":"es","@id":"https:\/\/secure.gravatar.com\/avatar\/9167d280179c85bc18be67aa7eda765854300033af4896dd779b608640f2ef7a?s=96&d=mm&r=g","url":"https:\/\/secure.gravatar.com\/avatar\/9167d280179c85bc18be67aa7eda765854300033af4896dd779b608640f2ef7a?s=96&d=mm&r=g","contentUrl":"https:\/\/secure.gravatar.com\/avatar\/9167d280179c85bc18be67aa7eda765854300033af4896dd779b608640f2ef7a?s=96&d=mm&r=g","caption":"Diario1 Diario1"},"url":"https:\/\/diariotextual.com\/inicio\/index.php\/author\/diario1\/"}]}},"_links":{"self":[{"href":"https:\/\/diariotextual.com\/inicio\/index.php\/wp-json\/wp\/v2\/posts\/57955","targetHints":{"allow":["GET"]}}],"collection":[{"href":"https:\/\/diariotextual.com\/inicio\/index.php\/wp-json\/wp\/v2\/posts"}],"about":[{"href":"https:\/\/diariotextual.com\/inicio\/index.php\/wp-json\/wp\/v2\/types\/post"}],"author":[{"embeddable":true,"href":"https:\/\/diariotextual.com\/inicio\/index.php\/wp-json\/wp\/v2\/users\/3"}],"replies":[{"embeddable":true,"href":"https:\/\/diariotextual.com\/inicio\/index.php\/wp-json\/wp\/v2\/comments?post=57955"}],"version-history":[{"count":3,"href":"https:\/\/diariotextual.com\/inicio\/index.php\/wp-json\/wp\/v2\/posts\/57955\/revisions"}],"predecessor-version":[{"id":57958,"href":"https:\/\/diariotextual.com\/inicio\/index.php\/wp-json\/wp\/v2\/posts\/57955\/revisions\/57958"}],"wp:featuredmedia":[{"embeddable":true,"href":"https:\/\/diariotextual.com\/inicio\/index.php\/wp-json\/wp\/v2\/media\/26443"}],"wp:attachment":[{"href":"https:\/\/diariotextual.com\/inicio\/index.php\/wp-json\/wp\/v2\/media?parent=57955"}],"wp:term":[{"taxonomy":"category","embeddable":true,"href":"https:\/\/diariotextual.com\/inicio\/index.php\/wp-json\/wp\/v2\/categories?post=57955"},{"taxonomy":"post_tag","embeddable":true,"href":"https:\/\/diariotextual.com\/inicio\/index.php\/wp-json\/wp\/v2\/tags?post=57955"}],"curies":[{"name":"wp","href":"https:\/\/api.w.org\/{rel}","templated":true}]}}