{"id":58004,"date":"2019-08-02T10:09:51","date_gmt":"2019-08-02T13:09:51","guid":{"rendered":"http:\/\/diariotextual.com\/inicio\/?p=58004"},"modified":"2019-08-02T10:09:51","modified_gmt":"2019-08-02T13:09:51","slug":"camara-electoral-pidio-al-gobierno-transparencia-escrutinio","status":"publish","type":"post","link":"https:\/\/diariotextual.com\/inicio\/index.php\/2019\/08\/02\/camara-electoral-pidio-al-gobierno-transparencia-escrutinio\/","title":{"rendered":"C\u00e1mara Electoral pidi\u00f3 al Gobierno transparencia en el escrutinio"},"content":{"rendered":"<p>La\u00a0C\u00e1mara Nacional Electoral le\u00a0pidi\u00f3 al Gobierno que adopte las medidas solicitadas por la oposici\u00f3n para garantizar la transparencia del escrutinio provisorio de las\u00a0PASO.<\/p>\n<p>La resoluci\u00f3n del tribunal integrado por los jueces Santiago Corcuera y Alberto Dalla V\u00eda atendi\u00f3 el planteo hecho por el\u00a0Frente de Todos\u00a0y Consenso Federal que cuestionaron varios elementos del nuevo sistema de digitalizaci\u00f3n de telegramas y transmisi\u00f3n de resultados.<\/p>\n<p>En una acordada, la C\u00e1mara resolvi\u00f3 \u00abhacer saber al\u00a0Correo\u00a0Oficial de la Rep\u00fablica Argentina y a la Direcci\u00f3n Nacional Electoral del Ministerio del Interior, Obras P\u00fablicas y Vivienda, que deber\u00e1n arbitrar los medios para asegurar como m\u00ednimo- las instancias de fiscalizaci\u00f3n del recuento provisional de resultados\u00bb pedidas por los apoderados de los frentes opositores.<\/p>\n<p>Entre esas medidas, el tribunal le pidi\u00f3 al\u00a0Correo\u00a0y la Direcci\u00f3n Nacional Electoral que arbitren \u00abun mecanismo de acreditaci\u00f3n previa de los fiscales partidarios autorizados a presenciar el escaneo y transmisi\u00f3n desde los establecimientos de votaci\u00f3n\u00bb.<\/p>\n<p>Tambi\u00e9n que \u00aben cada centro de transmisi\u00f3n se coloquen -en lugares visibles- afiches informativos que describan claramente cada uno de los pasos necesarios para el escaneo y la transmisi\u00f3n de los telegramas desde los establecimientos de votaci\u00f3n\u00bb.<\/p>\n<p>La C\u00e1mara advirti\u00f3 adem\u00e1s que \u00abse deber\u00e1 garantizar a las agrupaciones pol\u00edticas contendientes una herramienta o acceso que les permita efectuar un seguimiento en tiempo real de los telegramas correspondientes a cada distrito, conociendo el estado de carga de los mismos, los datos cargados al sistema\u00bb y \u00abla posibilidad de visualizaci\u00f3n de la imagen escaneada de cada uno\u00bb.<\/p>\n<p>En este punto, los jueces contemplaron los reparos que manifest\u00f3 el apoderado del\u00a0PJ\/Frente de Todos, Jorge Landau, frente a la conversi\u00f3n de los archivos de imagen obtenidos a partir del escaneo de los telegramas.<\/p>\n<p>Al respecto, el tribunal se\u00f1al\u00f3 que la Direcci\u00f3n Electoral \u00abdeber\u00e1 asegurar que las agrupaciones pol\u00edticas cuenten con los mecanismos o el acceso a la informaci\u00f3n suficiente que permita comprobar la integridad e inalterabilidad del archivo y la trazabilidad del documento desde su escaneo hasta su puesta a disposici\u00f3n para la carga por parte de los agentes responsables de esa tarea\u00bb.<\/p>\n<p>Respecto de la verificaci\u00f3n de la puesta en cero de la base de datos del sistema de totalizaci\u00f3n de resultados, la resoluci\u00f3n indic\u00f3 que \u00abes indispensable que la Direcci\u00f3n Nacional Electoral y el\u00a0Correo\u00a0Oficial prevean, documenten e informen dicho procedimiento, que deber\u00e1 ser p\u00fablico y con posibilidad de participaci\u00f3n de los representantes partidarios con aptitud t\u00e9cnica espec\u00edfica (fiscales inform\u00e1ticos o tecnol\u00f3gicos)\u00bb.<\/p>\n","protected":false},"excerpt":{"rendered":"<p>La\u00a0C\u00e1mara Nacional Electoral le\u00a0pidi\u00f3 al Gobierno que adopte las medidas solicitadas por la oposici\u00f3n para garantizar la transparencia del escrutinio provisorio de las\u00a0PASO. La resoluci\u00f3n del tribunal integrado por los&hellip;<\/p>\n","protected":false},"author":7,"featured_media":58005,"comment_status":"closed","ping_status":"open","sticky":false,"template":"","format":"standard","meta":{"_acf_changed":false,"footnotes":""},"categories":[11,8],"tags":[],"class_list":["post-58004","post","type-post","status-publish","format-standard","has-post-thumbnail","hentry","category-que-pasa","category-politica"],"acf":[],"yoast_head":"<!-- This site is optimized with the Yoast SEO plugin v27.5 - https:\/\/yoast.com\/product\/yoast-seo-wordpress\/ -->\n<title>C\u00e1mara Electoral pidi\u00f3 al Gobierno transparencia en el escrutinio - Diario Textual<\/title>\n<meta name=\"robots\" content=\"index, follow, max-snippet:-1, max-image-preview:large, max-video-preview:-1\" \/>\n<link rel=\"canonical\" href=\"https:\/\/diariotextual.com\/inicio\/index.php\/2019\/08\/02\/camara-electoral-pidio-al-gobierno-transparencia-escrutinio\/\" \/>\n<meta property=\"og:locale\" content=\"es_ES\" \/>\n<meta property=\"og:type\" content=\"article\" \/>\n<meta property=\"og:title\" content=\"C\u00e1mara Electoral pidi\u00f3 al Gobierno transparencia en el escrutinio - Diario Textual\" \/>\n<meta property=\"og:description\" content=\"La\u00a0C\u00e1mara Nacional Electoral le\u00a0pidi\u00f3 al Gobierno que adopte las medidas solicitadas por la oposici\u00f3n para garantizar la transparencia del escrutinio provisorio de las\u00a0PASO. La resoluci\u00f3n del tribunal integrado por los&hellip;\" \/>\n<meta property=\"og:url\" content=\"https:\/\/diariotextual.com\/inicio\/index.php\/2019\/08\/02\/camara-electoral-pidio-al-gobierno-transparencia-escrutinio\/\" \/>\n<meta property=\"og:site_name\" content=\"Diario Textual\" \/>\n<meta property=\"article:publisher\" content=\"https:\/\/www.facebook.com\/eltextual\" \/>\n<meta property=\"article:published_time\" content=\"2019-08-02T13:09:51+00:00\" \/>\n<meta property=\"og:image\" content=\"https:\/\/diariotextual.com\/inicio\/wp-content\/uploads\/2019\/08\/escrutiniopaso1.jpg\" \/>\n\t<meta property=\"og:image:width\" content=\"680\" \/>\n\t<meta property=\"og:image:height\" content=\"365\" \/>\n\t<meta property=\"og:image:type\" content=\"image\/jpeg\" \/>\n<meta name=\"author\" content=\"diario5\" \/>\n<meta name=\"twitter:card\" content=\"summary_large_image\" \/>\n<meta name=\"twitter:creator\" content=\"@eltextual\" \/>\n<meta name=\"twitter:site\" content=\"@eltextual\" \/>\n<meta name=\"twitter:label1\" content=\"Escrito por\" \/>\n\t<meta name=\"twitter:data1\" content=\"diario5\" \/>\n\t<meta name=\"twitter:label2\" content=\"Tiempo de lectura\" \/>\n\t<meta name=\"twitter:data2\" content=\"2 minutos\" \/>\n<script type=\"application\/ld+json\" class=\"yoast-schema-graph\">{\"@context\":\"https:\\\/\\\/schema.org\",\"@graph\":[{\"@type\":\"Article\",\"@id\":\"https:\\\/\\\/diariotextual.com\\\/inicio\\\/index.php\\\/2019\\\/08\\\/02\\\/camara-electoral-pidio-al-gobierno-transparencia-escrutinio\\\/#article\",\"isPartOf\":{\"@id\":\"https:\\\/\\\/diariotextual.com\\\/inicio\\\/index.php\\\/2019\\\/08\\\/02\\\/camara-electoral-pidio-al-gobierno-transparencia-escrutinio\\\/\"},\"author\":{\"name\":\"diario5\",\"@id\":\"https:\\\/\\\/diariotextual.com\\\/inicio\\\/#\\\/schema\\\/person\\\/c7834961ad8b29b1d9cdbf4571299067\"},\"headline\":\"C\u00e1mara Electoral pidi\u00f3 al Gobierno transparencia en el escrutinio\",\"datePublished\":\"2019-08-02T13:09:51+00:00\",\"mainEntityOfPage\":{\"@id\":\"https:\\\/\\\/diariotextual.com\\\/inicio\\\/index.php\\\/2019\\\/08\\\/02\\\/camara-electoral-pidio-al-gobierno-transparencia-escrutinio\\\/\"},\"wordCount\":463,\"publisher\":{\"@id\":\"https:\\\/\\\/diariotextual.com\\\/inicio\\\/#organization\"},\"image\":{\"@id\":\"https:\\\/\\\/diariotextual.com\\\/inicio\\\/index.php\\\/2019\\\/08\\\/02\\\/camara-electoral-pidio-al-gobierno-transparencia-escrutinio\\\/#primaryimage\"},\"thumbnailUrl\":\"https:\\\/\\\/diariotextual.com\\\/inicio\\\/wp-content\\\/uploads\\\/2019\\\/08\\\/escrutiniopaso1.jpg\",\"articleSection\":[\"A - QUE PASA (al costado)\",\"POLITICA\"],\"inLanguage\":\"es\"},{\"@type\":\"WebPage\",\"@id\":\"https:\\\/\\\/diariotextual.com\\\/inicio\\\/index.php\\\/2019\\\/08\\\/02\\\/camara-electoral-pidio-al-gobierno-transparencia-escrutinio\\\/\",\"url\":\"https:\\\/\\\/diariotextual.com\\\/inicio\\\/index.php\\\/2019\\\/08\\\/02\\\/camara-electoral-pidio-al-gobierno-transparencia-escrutinio\\\/\",\"name\":\"C\u00e1mara Electoral pidi\u00f3 al Gobierno transparencia en el escrutinio - Diario Textual\",\"isPartOf\":{\"@id\":\"https:\\\/\\\/diariotextual.com\\\/inicio\\\/#website\"},\"primaryImageOfPage\":{\"@id\":\"https:\\\/\\\/diariotextual.com\\\/inicio\\\/index.php\\\/2019\\\/08\\\/02\\\/camara-electoral-pidio-al-gobierno-transparencia-escrutinio\\\/#primaryimage\"},\"image\":{\"@id\":\"https:\\\/\\\/diariotextual.com\\\/inicio\\\/index.php\\\/2019\\\/08\\\/02\\\/camara-electoral-pidio-al-gobierno-transparencia-escrutinio\\\/#primaryimage\"},\"thumbnailUrl\":\"https:\\\/\\\/diariotextual.com\\\/inicio\\\/wp-content\\\/uploads\\\/2019\\\/08\\\/escrutiniopaso1.jpg\",\"datePublished\":\"2019-08-02T13:09:51+00:00\",\"breadcrumb\":{\"@id\":\"https:\\\/\\\/diariotextual.com\\\/inicio\\\/index.php\\\/2019\\\/08\\\/02\\\/camara-electoral-pidio-al-gobierno-transparencia-escrutinio\\\/#breadcrumb\"},\"inLanguage\":\"es\",\"potentialAction\":[{\"@type\":\"ReadAction\",\"target\":[\"https:\\\/\\\/diariotextual.com\\\/inicio\\\/index.php\\\/2019\\\/08\\\/02\\\/camara-electoral-pidio-al-gobierno-transparencia-escrutinio\\\/\"]}]},{\"@type\":\"ImageObject\",\"inLanguage\":\"es\",\"@id\":\"https:\\\/\\\/diariotextual.com\\\/inicio\\\/index.php\\\/2019\\\/08\\\/02\\\/camara-electoral-pidio-al-gobierno-transparencia-escrutinio\\\/#primaryimage\",\"url\":\"https:\\\/\\\/diariotextual.com\\\/inicio\\\/wp-content\\\/uploads\\\/2019\\\/08\\\/escrutiniopaso1.jpg\",\"contentUrl\":\"https:\\\/\\\/diariotextual.com\\\/inicio\\\/wp-content\\\/uploads\\\/2019\\\/08\\\/escrutiniopaso1.jpg\",\"width\":680,\"height\":365},{\"@type\":\"BreadcrumbList\",\"@id\":\"https:\\\/\\\/diariotextual.com\\\/inicio\\\/index.php\\\/2019\\\/08\\\/02\\\/camara-electoral-pidio-al-gobierno-transparencia-escrutinio\\\/#breadcrumb\",\"itemListElement\":[{\"@type\":\"ListItem\",\"position\":1,\"name\":\"Portada\",\"item\":\"https:\\\/\\\/diariotextual.com\\\/inicio\\\/\"},{\"@type\":\"ListItem\",\"position\":2,\"name\":\"C\u00e1mara Electoral pidi\u00f3 al Gobierno transparencia en el escrutinio\"}]},{\"@type\":\"WebSite\",\"@id\":\"https:\\\/\\\/diariotextual.com\\\/inicio\\\/#website\",\"url\":\"https:\\\/\\\/diariotextual.com\\\/inicio\\\/\",\"name\":\"Diario Textual\",\"description\":\"\",\"publisher\":{\"@id\":\"https:\\\/\\\/diariotextual.com\\\/inicio\\\/#organization\"},\"potentialAction\":[{\"@type\":\"SearchAction\",\"target\":{\"@type\":\"EntryPoint\",\"urlTemplate\":\"https:\\\/\\\/diariotextual.com\\\/inicio\\\/?s={search_term_string}\"},\"query-input\":{\"@type\":\"PropertyValueSpecification\",\"valueRequired\":true,\"valueName\":\"search_term_string\"}}],\"inLanguage\":\"es\"},{\"@type\":\"Organization\",\"@id\":\"https:\\\/\\\/diariotextual.com\\\/inicio\\\/#organization\",\"name\":\"Diario Textual\",\"url\":\"https:\\\/\\\/diariotextual.com\\\/inicio\\\/\",\"logo\":{\"@type\":\"ImageObject\",\"inLanguage\":\"es\",\"@id\":\"https:\\\/\\\/diariotextual.com\\\/inicio\\\/#\\\/schema\\\/logo\\\/image\\\/\",\"url\":\"https:\\\/\\\/diariotextual.com\\\/inicio\\\/wp-content\\\/uploads\\\/2023\\\/05\\\/logotextual1.jpg\",\"contentUrl\":\"https:\\\/\\\/diariotextual.com\\\/inicio\\\/wp-content\\\/uploads\\\/2023\\\/05\\\/logotextual1.jpg\",\"width\":516,\"height\":76,\"caption\":\"Diario Textual\"},\"image\":{\"@id\":\"https:\\\/\\\/diariotextual.com\\\/inicio\\\/#\\\/schema\\\/logo\\\/image\\\/\"},\"sameAs\":[\"https:\\\/\\\/www.facebook.com\\\/eltextual\",\"https:\\\/\\\/x.com\\\/eltextual\",\"http:\\\/\\\/www.instagram.com\\\/eltextual\"]},{\"@type\":\"Person\",\"@id\":\"https:\\\/\\\/diariotextual.com\\\/inicio\\\/#\\\/schema\\\/person\\\/c7834961ad8b29b1d9cdbf4571299067\",\"name\":\"diario5\",\"image\":{\"@type\":\"ImageObject\",\"inLanguage\":\"es\",\"@id\":\"https:\\\/\\\/secure.gravatar.com\\\/avatar\\\/948c893b847ca6df68216ead81b63f363408ec9b0f600fefc0641ce78613b111?s=96&d=mm&r=g\",\"url\":\"https:\\\/\\\/secure.gravatar.com\\\/avatar\\\/948c893b847ca6df68216ead81b63f363408ec9b0f600fefc0641ce78613b111?s=96&d=mm&r=g\",\"contentUrl\":\"https:\\\/\\\/secure.gravatar.com\\\/avatar\\\/948c893b847ca6df68216ead81b63f363408ec9b0f600fefc0641ce78613b111?s=96&d=mm&r=g\",\"caption\":\"diario5\"},\"url\":\"https:\\\/\\\/diariotextual.com\\\/inicio\\\/index.php\\\/author\\\/diario5\\\/\"}]}<\/script>\n<!-- \/ Yoast SEO plugin. -->","yoast_head_json":{"title":"C\u00e1mara Electoral pidi\u00f3 al Gobierno transparencia en el escrutinio - Diario Textual","robots":{"index":"index","follow":"follow","max-snippet":"max-snippet:-1","max-image-preview":"max-image-preview:large","max-video-preview":"max-video-preview:-1"},"canonical":"https:\/\/diariotextual.com\/inicio\/index.php\/2019\/08\/02\/camara-electoral-pidio-al-gobierno-transparencia-escrutinio\/","og_locale":"es_ES","og_type":"article","og_title":"C\u00e1mara Electoral pidi\u00f3 al Gobierno transparencia en el escrutinio - Diario Textual","og_description":"La\u00a0C\u00e1mara Nacional Electoral le\u00a0pidi\u00f3 al Gobierno que adopte las medidas solicitadas por la oposici\u00f3n para garantizar la transparencia del escrutinio provisorio de las\u00a0PASO. La resoluci\u00f3n del tribunal integrado por los&hellip;","og_url":"https:\/\/diariotextual.com\/inicio\/index.php\/2019\/08\/02\/camara-electoral-pidio-al-gobierno-transparencia-escrutinio\/","og_site_name":"Diario Textual","article_publisher":"https:\/\/www.facebook.com\/eltextual","article_published_time":"2019-08-02T13:09:51+00:00","og_image":[{"width":680,"height":365,"url":"https:\/\/diariotextual.com\/inicio\/wp-content\/uploads\/2019\/08\/escrutiniopaso1.jpg","type":"image\/jpeg"}],"author":"diario5","twitter_card":"summary_large_image","twitter_creator":"@eltextual","twitter_site":"@eltextual","twitter_misc":{"Escrito por":"diario5","Tiempo de lectura":"2 minutos"},"schema":{"@context":"https:\/\/schema.org","@graph":[{"@type":"Article","@id":"https:\/\/diariotextual.com\/inicio\/index.php\/2019\/08\/02\/camara-electoral-pidio-al-gobierno-transparencia-escrutinio\/#article","isPartOf":{"@id":"https:\/\/diariotextual.com\/inicio\/index.php\/2019\/08\/02\/camara-electoral-pidio-al-gobierno-transparencia-escrutinio\/"},"author":{"name":"diario5","@id":"https:\/\/diariotextual.com\/inicio\/#\/schema\/person\/c7834961ad8b29b1d9cdbf4571299067"},"headline":"C\u00e1mara Electoral pidi\u00f3 al Gobierno transparencia en el escrutinio","datePublished":"2019-08-02T13:09:51+00:00","mainEntityOfPage":{"@id":"https:\/\/diariotextual.com\/inicio\/index.php\/2019\/08\/02\/camara-electoral-pidio-al-gobierno-transparencia-escrutinio\/"},"wordCount":463,"publisher":{"@id":"https:\/\/diariotextual.com\/inicio\/#organization"},"image":{"@id":"https:\/\/diariotextual.com\/inicio\/index.php\/2019\/08\/02\/camara-electoral-pidio-al-gobierno-transparencia-escrutinio\/#primaryimage"},"thumbnailUrl":"https:\/\/diariotextual.com\/inicio\/wp-content\/uploads\/2019\/08\/escrutiniopaso1.jpg","articleSection":["A - QUE PASA (al costado)","POLITICA"],"inLanguage":"es"},{"@type":"WebPage","@id":"https:\/\/diariotextual.com\/inicio\/index.php\/2019\/08\/02\/camara-electoral-pidio-al-gobierno-transparencia-escrutinio\/","url":"https:\/\/diariotextual.com\/inicio\/index.php\/2019\/08\/02\/camara-electoral-pidio-al-gobierno-transparencia-escrutinio\/","name":"C\u00e1mara Electoral pidi\u00f3 al Gobierno transparencia en el escrutinio - Diario Textual","isPartOf":{"@id":"https:\/\/diariotextual.com\/inicio\/#website"},"primaryImageOfPage":{"@id":"https:\/\/diariotextual.com\/inicio\/index.php\/2019\/08\/02\/camara-electoral-pidio-al-gobierno-transparencia-escrutinio\/#primaryimage"},"image":{"@id":"https:\/\/diariotextual.com\/inicio\/index.php\/2019\/08\/02\/camara-electoral-pidio-al-gobierno-transparencia-escrutinio\/#primaryimage"},"thumbnailUrl":"https:\/\/diariotextual.com\/inicio\/wp-content\/uploads\/2019\/08\/escrutiniopaso1.jpg","datePublished":"2019-08-02T13:09:51+00:00","breadcrumb":{"@id":"https:\/\/diariotextual.com\/inicio\/index.php\/2019\/08\/02\/camara-electoral-pidio-al-gobierno-transparencia-escrutinio\/#breadcrumb"},"inLanguage":"es","potentialAction":[{"@type":"ReadAction","target":["https:\/\/diariotextual.com\/inicio\/index.php\/2019\/08\/02\/camara-electoral-pidio-al-gobierno-transparencia-escrutinio\/"]}]},{"@type":"ImageObject","inLanguage":"es","@id":"https:\/\/diariotextual.com\/inicio\/index.php\/2019\/08\/02\/camara-electoral-pidio-al-gobierno-transparencia-escrutinio\/#primaryimage","url":"https:\/\/diariotextual.com\/inicio\/wp-content\/uploads\/2019\/08\/escrutiniopaso1.jpg","contentUrl":"https:\/\/diariotextual.com\/inicio\/wp-content\/uploads\/2019\/08\/escrutiniopaso1.jpg","width":680,"height":365},{"@type":"BreadcrumbList","@id":"https:\/\/diariotextual.com\/inicio\/index.php\/2019\/08\/02\/camara-electoral-pidio-al-gobierno-transparencia-escrutinio\/#breadcrumb","itemListElement":[{"@type":"ListItem","position":1,"name":"Portada","item":"https:\/\/diariotextual.com\/inicio\/"},{"@type":"ListItem","position":2,"name":"C\u00e1mara Electoral pidi\u00f3 al Gobierno transparencia en el escrutinio"}]},{"@type":"WebSite","@id":"https:\/\/diariotextual.com\/inicio\/#website","url":"https:\/\/diariotextual.com\/inicio\/","name":"Diario Textual","description":"","publisher":{"@id":"https:\/\/diariotextual.com\/inicio\/#organization"},"potentialAction":[{"@type":"SearchAction","target":{"@type":"EntryPoint","urlTemplate":"https:\/\/diariotextual.com\/inicio\/?s={search_term_string}"},"query-input":{"@type":"PropertyValueSpecification","valueRequired":true,"valueName":"search_term_string"}}],"inLanguage":"es"},{"@type":"Organization","@id":"https:\/\/diariotextual.com\/inicio\/#organization","name":"Diario Textual","url":"https:\/\/diariotextual.com\/inicio\/","logo":{"@type":"ImageObject","inLanguage":"es","@id":"https:\/\/diariotextual.com\/inicio\/#\/schema\/logo\/image\/","url":"https:\/\/diariotextual.com\/inicio\/wp-content\/uploads\/2023\/05\/logotextual1.jpg","contentUrl":"https:\/\/diariotextual.com\/inicio\/wp-content\/uploads\/2023\/05\/logotextual1.jpg","width":516,"height":76,"caption":"Diario Textual"},"image":{"@id":"https:\/\/diariotextual.com\/inicio\/#\/schema\/logo\/image\/"},"sameAs":["https:\/\/www.facebook.com\/eltextual","https:\/\/x.com\/eltextual","http:\/\/www.instagram.com\/eltextual"]},{"@type":"Person","@id":"https:\/\/diariotextual.com\/inicio\/#\/schema\/person\/c7834961ad8b29b1d9cdbf4571299067","name":"diario5","image":{"@type":"ImageObject","inLanguage":"es","@id":"https:\/\/secure.gravatar.com\/avatar\/948c893b847ca6df68216ead81b63f363408ec9b0f600fefc0641ce78613b111?s=96&d=mm&r=g","url":"https:\/\/secure.gravatar.com\/avatar\/948c893b847ca6df68216ead81b63f363408ec9b0f600fefc0641ce78613b111?s=96&d=mm&r=g","contentUrl":"https:\/\/secure.gravatar.com\/avatar\/948c893b847ca6df68216ead81b63f363408ec9b0f600fefc0641ce78613b111?s=96&d=mm&r=g","caption":"diario5"},"url":"https:\/\/diariotextual.com\/inicio\/index.php\/author\/diario5\/"}]}},"_links":{"self":[{"href":"https:\/\/diariotextual.com\/inicio\/index.php\/wp-json\/wp\/v2\/posts\/58004","targetHints":{"allow":["GET"]}}],"collection":[{"href":"https:\/\/diariotextual.com\/inicio\/index.php\/wp-json\/wp\/v2\/posts"}],"about":[{"href":"https:\/\/diariotextual.com\/inicio\/index.php\/wp-json\/wp\/v2\/types\/post"}],"author":[{"embeddable":true,"href":"https:\/\/diariotextual.com\/inicio\/index.php\/wp-json\/wp\/v2\/users\/7"}],"replies":[{"embeddable":true,"href":"https:\/\/diariotextual.com\/inicio\/index.php\/wp-json\/wp\/v2\/comments?post=58004"}],"version-history":[{"count":1,"href":"https:\/\/diariotextual.com\/inicio\/index.php\/wp-json\/wp\/v2\/posts\/58004\/revisions"}],"predecessor-version":[{"id":58006,"href":"https:\/\/diariotextual.com\/inicio\/index.php\/wp-json\/wp\/v2\/posts\/58004\/revisions\/58006"}],"wp:featuredmedia":[{"embeddable":true,"href":"https:\/\/diariotextual.com\/inicio\/index.php\/wp-json\/wp\/v2\/media\/58005"}],"wp:attachment":[{"href":"https:\/\/diariotextual.com\/inicio\/index.php\/wp-json\/wp\/v2\/media?parent=58004"}],"wp:term":[{"taxonomy":"category","embeddable":true,"href":"https:\/\/diariotextual.com\/inicio\/index.php\/wp-json\/wp\/v2\/categories?post=58004"},{"taxonomy":"post_tag","embeddable":true,"href":"https:\/\/diariotextual.com\/inicio\/index.php\/wp-json\/wp\/v2\/tags?post=58004"}],"curies":[{"name":"wp","href":"https:\/\/api.w.org\/{rel}","templated":true}]}}