{"id":58016,"date":"2019-08-02T12:49:38","date_gmt":"2019-08-02T15:49:38","guid":{"rendered":"http:\/\/diariotextual.com\/inicio\/?p=58016"},"modified":"2019-08-02T16:22:28","modified_gmt":"2019-08-02T19:22:28","slug":"tip-ratifico-la-condena-9-anos-prision-abuso-sexual","status":"publish","type":"post","link":"https:\/\/diariotextual.com\/inicio\/index.php\/2019\/08\/02\/tip-ratifico-la-condena-9-anos-prision-abuso-sexual\/","title":{"rendered":"El TIP ratific\u00f3 la condena a 9 a\u00f1os de prisi\u00f3n por abuso sexual"},"content":{"rendered":"<p>El Tribunal de Impugnaci\u00f3n Penal no hizo lugar al recurso de impugnaci\u00f3n interpuesto por la defensa de un reparador de computadoras y confirm\u00f3 la sentencia dictada en su contra, por el juez de audiencia de General Pico, Carlos Federico Pellegrino, a nueve a\u00f1os de prisi\u00f3n.<\/p>\n<p>Fue encontrado autor material y penalmente responsable de los delitos de abuso sexual con acceso carnal, agravado por la situaci\u00f3n de guarda, como delito continuado y tenencia de representaciones de partes genitales de menores de edad, en concurso real.<\/p>\n<p>El fallo fue dictado por los integrantes de la Sala A, los jueces Mauricio Piombi y Pablo Balaguer, quienes ratificaron en un todo la sentencia que Pellegrino dictara el pasado 2 de abril. Este \u00faltimo hab\u00eda dado por probado que \u201csin precisar fecha exacta, el imputado manose\u00f3 en reiteradas oportunidades\u201d a una ni\u00f1a cuando ten\u00eda entre cuatro y cinco a\u00f1os, cometi\u00f3 otros vej\u00e1menes y, adem\u00e1s, ten\u00eda \u00a0\u201cen su poder im\u00e1genes fotogr\u00e1ficas pornogr\u00e1ficas de menores de edad en su notebook\u201d, inform\u00f3 el \u00e1rea de Prensa de la Justicia.<\/p>\n<p>El defensor Abel Tanus Mafud cuestion\u00f3 la valoraci\u00f3n de las pruebas que efectu\u00f3 el Tribunal de Audiencia piquense, los relatos de algunos testigos y las conclusiones de psic\u00f3logos que intervinieron en el caso. Por ello, consider\u00f3 que no qued\u00f3 demostrado el abuso enrostrado a su defendido.<\/p>\n<p>\u201cSi bien la defensa cuestion\u00f3 las conclusiones de los profesionales y el alcance que el Tribunal asign\u00f3 a ellas, se entiende que m\u00e1s all\u00e1 de la dis\u00edmil opini\u00f3n; la sentencia tradujo lo que las psic\u00f3logas depusieron en el debate\u201d, dijo Piombi, autor del voto inicial, al que Balaguer se adhiri\u00f3.<\/p>\n<p>\u201cLas conclusiones fueron el resultado de sus conocimientos y experiencias y no fueron controvertidas por otras opiniones de profesionales en la materia. Ser\u00e1 a partir de la informaci\u00f3n aportada por ellos, en conjunto al an\u00e1lisis de otros elementos, que el sentenciante tuvo la convicci\u00f3n y certeza para concluir\u201d que el imputado era la persona a la que se mencion\u00f3 con un apodo.<\/p>\n<p>\u201cM\u00e1s all\u00e1 del esfuerzo del defensor, no se observ\u00f3 que existiera la ausencia de precisiones o una err\u00f3nea valoraci\u00f3n de la prueba en la sentencia \u2013remarc\u00f3 el TIP-. Surgi\u00f3 claramente que las conclusiones del juez (Pellegrino) fueron el resultado de un examen global de la prueba, habiendo tenido en cuenta no solo testimonios (objetados por Tanus Mafud), sino el de la propia v\u00edctima a trav\u00e9s de sus familiares y los profesionales que la escucharon, y lograron transmitir lo que la menor cont\u00f3; y fundamentalmente\u201d de dos hermanos en C\u00e1mara Gesell.<\/p>\n<p>&nbsp;<\/p>\n<p>&nbsp;<\/p>\n<p>&nbsp;<\/p>\n<p>\u200b<\/p>\n","protected":false},"excerpt":{"rendered":"<p>El Tribunal de Impugnaci\u00f3n Penal no hizo lugar al recurso de impugnaci\u00f3n interpuesto por la defensa de un reparador de computadoras y confirm\u00f3 la sentencia dictada en su contra, por&hellip;<\/p>\n","protected":false},"author":3,"featured_media":31918,"comment_status":"closed","ping_status":"open","sticky":false,"template":"","format":"standard","meta":{"_acf_changed":false,"footnotes":""},"categories":[11,319,12],"tags":[],"class_list":["post-58016","post","type-post","status-publish","format-standard","has-post-thumbnail","hentry","category-que-pasa","category-a-temporales","category-sociedad"],"acf":[],"yoast_head":"<!-- This site is optimized with the Yoast SEO plugin v27.5 - https:\/\/yoast.com\/product\/yoast-seo-wordpress\/ -->\n<title>El TIP ratific\u00f3 la condena a 9 a\u00f1os de prisi\u00f3n por abuso sexual - Diario Textual<\/title>\n<meta name=\"robots\" content=\"index, follow, max-snippet:-1, max-image-preview:large, max-video-preview:-1\" \/>\n<link rel=\"canonical\" href=\"https:\/\/diariotextual.com\/inicio\/index.php\/2019\/08\/02\/tip-ratifico-la-condena-9-anos-prision-abuso-sexual\/\" \/>\n<meta property=\"og:locale\" content=\"es_ES\" \/>\n<meta property=\"og:type\" content=\"article\" \/>\n<meta property=\"og:title\" content=\"El TIP ratific\u00f3 la condena a 9 a\u00f1os de prisi\u00f3n por abuso sexual - Diario Textual\" \/>\n<meta property=\"og:description\" content=\"El Tribunal de Impugnaci\u00f3n Penal no hizo lugar al recurso de impugnaci\u00f3n interpuesto por la defensa de un reparador de computadoras y confirm\u00f3 la sentencia dictada en su contra, por&hellip;\" \/>\n<meta property=\"og:url\" content=\"https:\/\/diariotextual.com\/inicio\/index.php\/2019\/08\/02\/tip-ratifico-la-condena-9-anos-prision-abuso-sexual\/\" \/>\n<meta property=\"og:site_name\" content=\"Diario Textual\" \/>\n<meta property=\"article:publisher\" content=\"https:\/\/www.facebook.com\/eltextual\" \/>\n<meta property=\"article:published_time\" content=\"2019-08-02T15:49:38+00:00\" \/>\n<meta property=\"article:modified_time\" content=\"2019-08-02T19:22:28+00:00\" \/>\n<meta property=\"og:image\" content=\"https:\/\/diariotextual.com\/inicio\/wp-content\/uploads\/2018\/12\/abusodibujo111.jpg\" \/>\n\t<meta property=\"og:image:width\" content=\"399\" \/>\n\t<meta property=\"og:image:height\" content=\"279\" \/>\n\t<meta property=\"og:image:type\" content=\"image\/jpeg\" \/>\n<meta name=\"author\" content=\"Diario1 Diario1\" \/>\n<meta name=\"twitter:card\" content=\"summary_large_image\" \/>\n<meta name=\"twitter:creator\" content=\"@eltextual\" \/>\n<meta name=\"twitter:site\" content=\"@eltextual\" \/>\n<meta name=\"twitter:label1\" content=\"Escrito por\" \/>\n\t<meta name=\"twitter:data1\" content=\"Diario1 Diario1\" \/>\n\t<meta name=\"twitter:label2\" content=\"Tiempo de lectura\" \/>\n\t<meta name=\"twitter:data2\" content=\"2 minutos\" \/>\n<script type=\"application\/ld+json\" class=\"yoast-schema-graph\">{\"@context\":\"https:\\\/\\\/schema.org\",\"@graph\":[{\"@type\":\"Article\",\"@id\":\"https:\\\/\\\/diariotextual.com\\\/inicio\\\/index.php\\\/2019\\\/08\\\/02\\\/tip-ratifico-la-condena-9-anos-prision-abuso-sexual\\\/#article\",\"isPartOf\":{\"@id\":\"https:\\\/\\\/diariotextual.com\\\/inicio\\\/index.php\\\/2019\\\/08\\\/02\\\/tip-ratifico-la-condena-9-anos-prision-abuso-sexual\\\/\"},\"author\":{\"name\":\"Diario1 Diario1\",\"@id\":\"https:\\\/\\\/diariotextual.com\\\/inicio\\\/#\\\/schema\\\/person\\\/418fc4093c33e86ed41562db3508f958\"},\"headline\":\"El TIP ratific\u00f3 la condena a 9 a\u00f1os de prisi\u00f3n por abuso sexual\",\"datePublished\":\"2019-08-02T15:49:38+00:00\",\"dateModified\":\"2019-08-02T19:22:28+00:00\",\"mainEntityOfPage\":{\"@id\":\"https:\\\/\\\/diariotextual.com\\\/inicio\\\/index.php\\\/2019\\\/08\\\/02\\\/tip-ratifico-la-condena-9-anos-prision-abuso-sexual\\\/\"},\"wordCount\":465,\"publisher\":{\"@id\":\"https:\\\/\\\/diariotextual.com\\\/inicio\\\/#organization\"},\"image\":{\"@id\":\"https:\\\/\\\/diariotextual.com\\\/inicio\\\/index.php\\\/2019\\\/08\\\/02\\\/tip-ratifico-la-condena-9-anos-prision-abuso-sexual\\\/#primaryimage\"},\"thumbnailUrl\":\"https:\\\/\\\/diariotextual.com\\\/inicio\\\/wp-content\\\/uploads\\\/2018\\\/12\\\/abusodibujo111.jpg\",\"articleSection\":[\"A - QUE PASA (al costado)\",\"A - TEMPORALES\",\"SOCIEDAD\"],\"inLanguage\":\"es\"},{\"@type\":\"WebPage\",\"@id\":\"https:\\\/\\\/diariotextual.com\\\/inicio\\\/index.php\\\/2019\\\/08\\\/02\\\/tip-ratifico-la-condena-9-anos-prision-abuso-sexual\\\/\",\"url\":\"https:\\\/\\\/diariotextual.com\\\/inicio\\\/index.php\\\/2019\\\/08\\\/02\\\/tip-ratifico-la-condena-9-anos-prision-abuso-sexual\\\/\",\"name\":\"El TIP ratific\u00f3 la condena a 9 a\u00f1os de prisi\u00f3n por abuso sexual - Diario Textual\",\"isPartOf\":{\"@id\":\"https:\\\/\\\/diariotextual.com\\\/inicio\\\/#website\"},\"primaryImageOfPage\":{\"@id\":\"https:\\\/\\\/diariotextual.com\\\/inicio\\\/index.php\\\/2019\\\/08\\\/02\\\/tip-ratifico-la-condena-9-anos-prision-abuso-sexual\\\/#primaryimage\"},\"image\":{\"@id\":\"https:\\\/\\\/diariotextual.com\\\/inicio\\\/index.php\\\/2019\\\/08\\\/02\\\/tip-ratifico-la-condena-9-anos-prision-abuso-sexual\\\/#primaryimage\"},\"thumbnailUrl\":\"https:\\\/\\\/diariotextual.com\\\/inicio\\\/wp-content\\\/uploads\\\/2018\\\/12\\\/abusodibujo111.jpg\",\"datePublished\":\"2019-08-02T15:49:38+00:00\",\"dateModified\":\"2019-08-02T19:22:28+00:00\",\"breadcrumb\":{\"@id\":\"https:\\\/\\\/diariotextual.com\\\/inicio\\\/index.php\\\/2019\\\/08\\\/02\\\/tip-ratifico-la-condena-9-anos-prision-abuso-sexual\\\/#breadcrumb\"},\"inLanguage\":\"es\",\"potentialAction\":[{\"@type\":\"ReadAction\",\"target\":[\"https:\\\/\\\/diariotextual.com\\\/inicio\\\/index.php\\\/2019\\\/08\\\/02\\\/tip-ratifico-la-condena-9-anos-prision-abuso-sexual\\\/\"]}]},{\"@type\":\"ImageObject\",\"inLanguage\":\"es\",\"@id\":\"https:\\\/\\\/diariotextual.com\\\/inicio\\\/index.php\\\/2019\\\/08\\\/02\\\/tip-ratifico-la-condena-9-anos-prision-abuso-sexual\\\/#primaryimage\",\"url\":\"https:\\\/\\\/diariotextual.com\\\/inicio\\\/wp-content\\\/uploads\\\/2018\\\/12\\\/abusodibujo111.jpg\",\"contentUrl\":\"https:\\\/\\\/diariotextual.com\\\/inicio\\\/wp-content\\\/uploads\\\/2018\\\/12\\\/abusodibujo111.jpg\",\"width\":399,\"height\":279},{\"@type\":\"BreadcrumbList\",\"@id\":\"https:\\\/\\\/diariotextual.com\\\/inicio\\\/index.php\\\/2019\\\/08\\\/02\\\/tip-ratifico-la-condena-9-anos-prision-abuso-sexual\\\/#breadcrumb\",\"itemListElement\":[{\"@type\":\"ListItem\",\"position\":1,\"name\":\"Portada\",\"item\":\"https:\\\/\\\/diariotextual.com\\\/inicio\\\/\"},{\"@type\":\"ListItem\",\"position\":2,\"name\":\"El TIP ratific\u00f3 la condena a 9 a\u00f1os de prisi\u00f3n por abuso sexual\"}]},{\"@type\":\"WebSite\",\"@id\":\"https:\\\/\\\/diariotextual.com\\\/inicio\\\/#website\",\"url\":\"https:\\\/\\\/diariotextual.com\\\/inicio\\\/\",\"name\":\"Diario Textual\",\"description\":\"\",\"publisher\":{\"@id\":\"https:\\\/\\\/diariotextual.com\\\/inicio\\\/#organization\"},\"potentialAction\":[{\"@type\":\"SearchAction\",\"target\":{\"@type\":\"EntryPoint\",\"urlTemplate\":\"https:\\\/\\\/diariotextual.com\\\/inicio\\\/?s={search_term_string}\"},\"query-input\":{\"@type\":\"PropertyValueSpecification\",\"valueRequired\":true,\"valueName\":\"search_term_string\"}}],\"inLanguage\":\"es\"},{\"@type\":\"Organization\",\"@id\":\"https:\\\/\\\/diariotextual.com\\\/inicio\\\/#organization\",\"name\":\"Diario Textual\",\"url\":\"https:\\\/\\\/diariotextual.com\\\/inicio\\\/\",\"logo\":{\"@type\":\"ImageObject\",\"inLanguage\":\"es\",\"@id\":\"https:\\\/\\\/diariotextual.com\\\/inicio\\\/#\\\/schema\\\/logo\\\/image\\\/\",\"url\":\"https:\\\/\\\/diariotextual.com\\\/inicio\\\/wp-content\\\/uploads\\\/2023\\\/05\\\/logotextual1.jpg\",\"contentUrl\":\"https:\\\/\\\/diariotextual.com\\\/inicio\\\/wp-content\\\/uploads\\\/2023\\\/05\\\/logotextual1.jpg\",\"width\":516,\"height\":76,\"caption\":\"Diario Textual\"},\"image\":{\"@id\":\"https:\\\/\\\/diariotextual.com\\\/inicio\\\/#\\\/schema\\\/logo\\\/image\\\/\"},\"sameAs\":[\"https:\\\/\\\/www.facebook.com\\\/eltextual\",\"https:\\\/\\\/x.com\\\/eltextual\",\"http:\\\/\\\/www.instagram.com\\\/eltextual\"]},{\"@type\":\"Person\",\"@id\":\"https:\\\/\\\/diariotextual.com\\\/inicio\\\/#\\\/schema\\\/person\\\/418fc4093c33e86ed41562db3508f958\",\"name\":\"Diario1 Diario1\",\"image\":{\"@type\":\"ImageObject\",\"inLanguage\":\"es\",\"@id\":\"https:\\\/\\\/secure.gravatar.com\\\/avatar\\\/9167d280179c85bc18be67aa7eda765854300033af4896dd779b608640f2ef7a?s=96&d=mm&r=g\",\"url\":\"https:\\\/\\\/secure.gravatar.com\\\/avatar\\\/9167d280179c85bc18be67aa7eda765854300033af4896dd779b608640f2ef7a?s=96&d=mm&r=g\",\"contentUrl\":\"https:\\\/\\\/secure.gravatar.com\\\/avatar\\\/9167d280179c85bc18be67aa7eda765854300033af4896dd779b608640f2ef7a?s=96&d=mm&r=g\",\"caption\":\"Diario1 Diario1\"},\"url\":\"https:\\\/\\\/diariotextual.com\\\/inicio\\\/index.php\\\/author\\\/diario1\\\/\"}]}<\/script>\n<!-- \/ Yoast SEO plugin. -->","yoast_head_json":{"title":"El TIP ratific\u00f3 la condena a 9 a\u00f1os de prisi\u00f3n por abuso sexual - Diario Textual","robots":{"index":"index","follow":"follow","max-snippet":"max-snippet:-1","max-image-preview":"max-image-preview:large","max-video-preview":"max-video-preview:-1"},"canonical":"https:\/\/diariotextual.com\/inicio\/index.php\/2019\/08\/02\/tip-ratifico-la-condena-9-anos-prision-abuso-sexual\/","og_locale":"es_ES","og_type":"article","og_title":"El TIP ratific\u00f3 la condena a 9 a\u00f1os de prisi\u00f3n por abuso sexual - Diario Textual","og_description":"El Tribunal de Impugnaci\u00f3n Penal no hizo lugar al recurso de impugnaci\u00f3n interpuesto por la defensa de un reparador de computadoras y confirm\u00f3 la sentencia dictada en su contra, por&hellip;","og_url":"https:\/\/diariotextual.com\/inicio\/index.php\/2019\/08\/02\/tip-ratifico-la-condena-9-anos-prision-abuso-sexual\/","og_site_name":"Diario Textual","article_publisher":"https:\/\/www.facebook.com\/eltextual","article_published_time":"2019-08-02T15:49:38+00:00","article_modified_time":"2019-08-02T19:22:28+00:00","og_image":[{"width":399,"height":279,"url":"https:\/\/diariotextual.com\/inicio\/wp-content\/uploads\/2018\/12\/abusodibujo111.jpg","type":"image\/jpeg"}],"author":"Diario1 Diario1","twitter_card":"summary_large_image","twitter_creator":"@eltextual","twitter_site":"@eltextual","twitter_misc":{"Escrito por":"Diario1 Diario1","Tiempo de lectura":"2 minutos"},"schema":{"@context":"https:\/\/schema.org","@graph":[{"@type":"Article","@id":"https:\/\/diariotextual.com\/inicio\/index.php\/2019\/08\/02\/tip-ratifico-la-condena-9-anos-prision-abuso-sexual\/#article","isPartOf":{"@id":"https:\/\/diariotextual.com\/inicio\/index.php\/2019\/08\/02\/tip-ratifico-la-condena-9-anos-prision-abuso-sexual\/"},"author":{"name":"Diario1 Diario1","@id":"https:\/\/diariotextual.com\/inicio\/#\/schema\/person\/418fc4093c33e86ed41562db3508f958"},"headline":"El TIP ratific\u00f3 la condena a 9 a\u00f1os de prisi\u00f3n por abuso sexual","datePublished":"2019-08-02T15:49:38+00:00","dateModified":"2019-08-02T19:22:28+00:00","mainEntityOfPage":{"@id":"https:\/\/diariotextual.com\/inicio\/index.php\/2019\/08\/02\/tip-ratifico-la-condena-9-anos-prision-abuso-sexual\/"},"wordCount":465,"publisher":{"@id":"https:\/\/diariotextual.com\/inicio\/#organization"},"image":{"@id":"https:\/\/diariotextual.com\/inicio\/index.php\/2019\/08\/02\/tip-ratifico-la-condena-9-anos-prision-abuso-sexual\/#primaryimage"},"thumbnailUrl":"https:\/\/diariotextual.com\/inicio\/wp-content\/uploads\/2018\/12\/abusodibujo111.jpg","articleSection":["A - QUE PASA (al costado)","A - TEMPORALES","SOCIEDAD"],"inLanguage":"es"},{"@type":"WebPage","@id":"https:\/\/diariotextual.com\/inicio\/index.php\/2019\/08\/02\/tip-ratifico-la-condena-9-anos-prision-abuso-sexual\/","url":"https:\/\/diariotextual.com\/inicio\/index.php\/2019\/08\/02\/tip-ratifico-la-condena-9-anos-prision-abuso-sexual\/","name":"El TIP ratific\u00f3 la condena a 9 a\u00f1os de prisi\u00f3n por abuso sexual - Diario Textual","isPartOf":{"@id":"https:\/\/diariotextual.com\/inicio\/#website"},"primaryImageOfPage":{"@id":"https:\/\/diariotextual.com\/inicio\/index.php\/2019\/08\/02\/tip-ratifico-la-condena-9-anos-prision-abuso-sexual\/#primaryimage"},"image":{"@id":"https:\/\/diariotextual.com\/inicio\/index.php\/2019\/08\/02\/tip-ratifico-la-condena-9-anos-prision-abuso-sexual\/#primaryimage"},"thumbnailUrl":"https:\/\/diariotextual.com\/inicio\/wp-content\/uploads\/2018\/12\/abusodibujo111.jpg","datePublished":"2019-08-02T15:49:38+00:00","dateModified":"2019-08-02T19:22:28+00:00","breadcrumb":{"@id":"https:\/\/diariotextual.com\/inicio\/index.php\/2019\/08\/02\/tip-ratifico-la-condena-9-anos-prision-abuso-sexual\/#breadcrumb"},"inLanguage":"es","potentialAction":[{"@type":"ReadAction","target":["https:\/\/diariotextual.com\/inicio\/index.php\/2019\/08\/02\/tip-ratifico-la-condena-9-anos-prision-abuso-sexual\/"]}]},{"@type":"ImageObject","inLanguage":"es","@id":"https:\/\/diariotextual.com\/inicio\/index.php\/2019\/08\/02\/tip-ratifico-la-condena-9-anos-prision-abuso-sexual\/#primaryimage","url":"https:\/\/diariotextual.com\/inicio\/wp-content\/uploads\/2018\/12\/abusodibujo111.jpg","contentUrl":"https:\/\/diariotextual.com\/inicio\/wp-content\/uploads\/2018\/12\/abusodibujo111.jpg","width":399,"height":279},{"@type":"BreadcrumbList","@id":"https:\/\/diariotextual.com\/inicio\/index.php\/2019\/08\/02\/tip-ratifico-la-condena-9-anos-prision-abuso-sexual\/#breadcrumb","itemListElement":[{"@type":"ListItem","position":1,"name":"Portada","item":"https:\/\/diariotextual.com\/inicio\/"},{"@type":"ListItem","position":2,"name":"El TIP ratific\u00f3 la condena a 9 a\u00f1os de prisi\u00f3n por abuso sexual"}]},{"@type":"WebSite","@id":"https:\/\/diariotextual.com\/inicio\/#website","url":"https:\/\/diariotextual.com\/inicio\/","name":"Diario Textual","description":"","publisher":{"@id":"https:\/\/diariotextual.com\/inicio\/#organization"},"potentialAction":[{"@type":"SearchAction","target":{"@type":"EntryPoint","urlTemplate":"https:\/\/diariotextual.com\/inicio\/?s={search_term_string}"},"query-input":{"@type":"PropertyValueSpecification","valueRequired":true,"valueName":"search_term_string"}}],"inLanguage":"es"},{"@type":"Organization","@id":"https:\/\/diariotextual.com\/inicio\/#organization","name":"Diario Textual","url":"https:\/\/diariotextual.com\/inicio\/","logo":{"@type":"ImageObject","inLanguage":"es","@id":"https:\/\/diariotextual.com\/inicio\/#\/schema\/logo\/image\/","url":"https:\/\/diariotextual.com\/inicio\/wp-content\/uploads\/2023\/05\/logotextual1.jpg","contentUrl":"https:\/\/diariotextual.com\/inicio\/wp-content\/uploads\/2023\/05\/logotextual1.jpg","width":516,"height":76,"caption":"Diario Textual"},"image":{"@id":"https:\/\/diariotextual.com\/inicio\/#\/schema\/logo\/image\/"},"sameAs":["https:\/\/www.facebook.com\/eltextual","https:\/\/x.com\/eltextual","http:\/\/www.instagram.com\/eltextual"]},{"@type":"Person","@id":"https:\/\/diariotextual.com\/inicio\/#\/schema\/person\/418fc4093c33e86ed41562db3508f958","name":"Diario1 Diario1","image":{"@type":"ImageObject","inLanguage":"es","@id":"https:\/\/secure.gravatar.com\/avatar\/9167d280179c85bc18be67aa7eda765854300033af4896dd779b608640f2ef7a?s=96&d=mm&r=g","url":"https:\/\/secure.gravatar.com\/avatar\/9167d280179c85bc18be67aa7eda765854300033af4896dd779b608640f2ef7a?s=96&d=mm&r=g","contentUrl":"https:\/\/secure.gravatar.com\/avatar\/9167d280179c85bc18be67aa7eda765854300033af4896dd779b608640f2ef7a?s=96&d=mm&r=g","caption":"Diario1 Diario1"},"url":"https:\/\/diariotextual.com\/inicio\/index.php\/author\/diario1\/"}]}},"_links":{"self":[{"href":"https:\/\/diariotextual.com\/inicio\/index.php\/wp-json\/wp\/v2\/posts\/58016","targetHints":{"allow":["GET"]}}],"collection":[{"href":"https:\/\/diariotextual.com\/inicio\/index.php\/wp-json\/wp\/v2\/posts"}],"about":[{"href":"https:\/\/diariotextual.com\/inicio\/index.php\/wp-json\/wp\/v2\/types\/post"}],"author":[{"embeddable":true,"href":"https:\/\/diariotextual.com\/inicio\/index.php\/wp-json\/wp\/v2\/users\/3"}],"replies":[{"embeddable":true,"href":"https:\/\/diariotextual.com\/inicio\/index.php\/wp-json\/wp\/v2\/comments?post=58016"}],"version-history":[{"count":2,"href":"https:\/\/diariotextual.com\/inicio\/index.php\/wp-json\/wp\/v2\/posts\/58016\/revisions"}],"predecessor-version":[{"id":58018,"href":"https:\/\/diariotextual.com\/inicio\/index.php\/wp-json\/wp\/v2\/posts\/58016\/revisions\/58018"}],"wp:featuredmedia":[{"embeddable":true,"href":"https:\/\/diariotextual.com\/inicio\/index.php\/wp-json\/wp\/v2\/media\/31918"}],"wp:attachment":[{"href":"https:\/\/diariotextual.com\/inicio\/index.php\/wp-json\/wp\/v2\/media?parent=58016"}],"wp:term":[{"taxonomy":"category","embeddable":true,"href":"https:\/\/diariotextual.com\/inicio\/index.php\/wp-json\/wp\/v2\/categories?post=58016"},{"taxonomy":"post_tag","embeddable":true,"href":"https:\/\/diariotextual.com\/inicio\/index.php\/wp-json\/wp\/v2\/tags?post=58016"}],"curies":[{"name":"wp","href":"https:\/\/api.w.org\/{rel}","templated":true}]}}