{"id":58019,"date":"2019-08-02T12:57:46","date_gmt":"2019-08-02T15:57:46","guid":{"rendered":"http:\/\/diariotextual.com\/inicio\/?p=58019"},"modified":"2019-08-03T09:57:17","modified_gmt":"2019-08-03T12:57:17","slug":"le-dijo-hijo-iba-matar-mama-seis-meses-suspenso","status":"publish","type":"post","link":"https:\/\/diariotextual.com\/inicio\/index.php\/2019\/08\/02\/le-dijo-hijo-iba-matar-mama-seis-meses-suspenso\/","title":{"rendered":"Le dijo a su hijo que iba a matar a su mam\u00e1: seis meses en suspenso"},"content":{"rendered":"<p><strong>\u201cM\u00edrame bien\u2026 el mi\u00e9rcoles estoy citado a Defensor\u00eda y si me llegan a perjudicar, la mato a tu madre. Y esto te lo digo mir\u00e1ndote a los ojos\u201d<\/strong>. La amenaza, brutal, se la dijo un hombre de 39 a\u00f1os de edad a un nene de 9. Ahora el\u00a0juez de control santarrose\u00f1o Carlos Mat\u00edas Chapalcaz conden\u00f3 al agresor a seis meses de prisi\u00f3n en suspenso por el delito de amenazas.<\/p>\n<p>La causa se resolvi\u00f3 a trav\u00e9s de un abreviado convenido entre el fiscal Walter Antonio Martos, la defensora oficial Mar\u00eda Silvina Blanco G\u00f3mez y el propio imputado, un plomero, quien admiti\u00f3 la autor\u00eda del hecho, inform\u00f3 el \u00e1rea de Prensa de la Justicia.<\/p>\n<p>La amenaza la hizo el 15 de diciembre pasado. Ese d\u00eda el acusado fue hasta la casa de su expareja, sin previo aviso, aduciendo que quer\u00eda ver al hijo de nueve a\u00f1os.<\/p>\n<p><strong>Una vez all\u00ed empuj\u00f3 a la mujer, la insult\u00f3, la denigr\u00f3 y le dijo que no iba a pasarle la cuota alimentaria.<\/strong><\/p>\n<p>A su vez, amenaz\u00f3 con asesinar a la mujer. \u201cM\u00edrame bien\u2026\u00bb, le dijo al hijo. \u00abEl mi\u00e9rcoles estoy citado a Defensor\u00eda, y si me llegan a perjudicar, la mato a tu madre, y esto te lo digo mir\u00e1ndote a los ojos\u201d. El peque\u00f1o llor\u00f3, le pidi\u00f3 que se fuera y el padre se alej\u00f3 del lugar.<\/p>\n<p>La expareja, al ser notificada del acuerdo de juicio abreviado, tambi\u00e9n prest\u00f3 su conformidad.<\/p>\n<p>Chapalcaz, de acuerdo a lo establecido entre las partes, le orden\u00f3 al agresor el cumplimiento de las siguientes reglas de conducta por dos a\u00f1os: fijar domicilio, del que no podr\u00e1 ausentarse sin autorizaci\u00f3n judicial, someterse al cuidado de la Unidad de Abordaje, Orientaci\u00f3n y Supervisi\u00f3n de personas en conflicto con la ley penal, abstenerse de relacionarse de modo alguno con la v\u00edctima y realizar un tratamiento psicol\u00f3gico especializado en la tem\u00e1tica de violencia de g\u00e9nero.<\/p>\n<p>El juez, para dictar la condena, tuvo en cuenta \u2013entre otras pruebas\u2013 el testimonio del menor en C\u00e1mara Gesell, e indic\u00f3 que \u201cde acuerdo a lo que se desprende de \u00e9l, el imputado realiz\u00f3 manifestaciones amenazantes, las cuales si bien se las formul\u00f3 a su hijo, estaban dirigidas a la expareja, por lo que resultaron claramente id\u00f3neas para generar un verdadero y fundado temor a la v\u00edctima\u201d.<\/p>\n<p>&nbsp;<\/p>\n<p>&nbsp;<\/p>\n","protected":false},"excerpt":{"rendered":"<p>\u201cM\u00edrame bien\u2026 el mi\u00e9rcoles estoy citado a Defensor\u00eda y si me llegan a perjudicar, la mato a tu madre. Y esto te lo digo mir\u00e1ndote a los ojos\u201d. La amenaza,&hellip;<\/p>\n","protected":false},"author":3,"featured_media":41880,"comment_status":"closed","ping_status":"open","sticky":false,"template":"","format":"standard","meta":{"_acf_changed":false,"footnotes":""},"categories":[319,12],"tags":[1622,2154],"class_list":["post-58019","post","type-post","status-publish","format-standard","has-post-thumbnail","hentry","category-a-temporales","category-sociedad","tag-amenazas","tag-niunamenos"],"acf":[],"yoast_head":"<!-- This site is optimized with the Yoast SEO plugin v27.5 - https:\/\/yoast.com\/product\/yoast-seo-wordpress\/ -->\n<title>Le dijo a su hijo que iba a matar a su mam\u00e1: seis meses en suspenso - Diario Textual<\/title>\n<meta name=\"robots\" content=\"index, follow, max-snippet:-1, max-image-preview:large, max-video-preview:-1\" \/>\n<link rel=\"canonical\" href=\"https:\/\/diariotextual.com\/inicio\/index.php\/2019\/08\/02\/le-dijo-hijo-iba-matar-mama-seis-meses-suspenso\/\" \/>\n<meta property=\"og:locale\" content=\"es_ES\" \/>\n<meta property=\"og:type\" content=\"article\" \/>\n<meta property=\"og:title\" content=\"Le dijo a su hijo que iba a matar a su mam\u00e1: seis meses en suspenso - Diario Textual\" \/>\n<meta property=\"og:description\" content=\"\u201cM\u00edrame bien\u2026 el mi\u00e9rcoles estoy citado a Defensor\u00eda y si me llegan a perjudicar, la mato a tu madre. Y esto te lo digo mir\u00e1ndote a los ojos\u201d. La amenaza,&hellip;\" \/>\n<meta property=\"og:url\" content=\"https:\/\/diariotextual.com\/inicio\/index.php\/2019\/08\/02\/le-dijo-hijo-iba-matar-mama-seis-meses-suspenso\/\" \/>\n<meta property=\"og:site_name\" content=\"Diario Textual\" \/>\n<meta property=\"article:publisher\" content=\"https:\/\/www.facebook.com\/eltextual\" \/>\n<meta property=\"article:published_time\" content=\"2019-08-02T15:57:46+00:00\" \/>\n<meta property=\"article:modified_time\" content=\"2019-08-03T12:57:17+00:00\" \/>\n<meta property=\"og:image\" content=\"https:\/\/diariotextual.com\/inicio\/wp-content\/uploads\/2019\/03\/niunamenostelam0222.jpg\" \/>\n\t<meta property=\"og:image:width\" content=\"530\" \/>\n\t<meta property=\"og:image:height\" content=\"353\" \/>\n\t<meta property=\"og:image:type\" content=\"image\/jpeg\" \/>\n<meta name=\"author\" content=\"Diario1 Diario1\" \/>\n<meta name=\"twitter:card\" content=\"summary_large_image\" \/>\n<meta name=\"twitter:creator\" content=\"@eltextual\" \/>\n<meta name=\"twitter:site\" content=\"@eltextual\" \/>\n<meta name=\"twitter:label1\" content=\"Escrito por\" \/>\n\t<meta name=\"twitter:data1\" content=\"Diario1 Diario1\" \/>\n\t<meta name=\"twitter:label2\" content=\"Tiempo de lectura\" \/>\n\t<meta name=\"twitter:data2\" content=\"2 minutos\" \/>\n<script type=\"application\/ld+json\" class=\"yoast-schema-graph\">{\"@context\":\"https:\\\/\\\/schema.org\",\"@graph\":[{\"@type\":\"Article\",\"@id\":\"https:\\\/\\\/diariotextual.com\\\/inicio\\\/index.php\\\/2019\\\/08\\\/02\\\/le-dijo-hijo-iba-matar-mama-seis-meses-suspenso\\\/#article\",\"isPartOf\":{\"@id\":\"https:\\\/\\\/diariotextual.com\\\/inicio\\\/index.php\\\/2019\\\/08\\\/02\\\/le-dijo-hijo-iba-matar-mama-seis-meses-suspenso\\\/\"},\"author\":{\"name\":\"Diario1 Diario1\",\"@id\":\"https:\\\/\\\/diariotextual.com\\\/inicio\\\/#\\\/schema\\\/person\\\/418fc4093c33e86ed41562db3508f958\"},\"headline\":\"Le dijo a su hijo que iba a matar a su mam\u00e1: seis meses en suspenso\",\"datePublished\":\"2019-08-02T15:57:46+00:00\",\"dateModified\":\"2019-08-03T12:57:17+00:00\",\"mainEntityOfPage\":{\"@id\":\"https:\\\/\\\/diariotextual.com\\\/inicio\\\/index.php\\\/2019\\\/08\\\/02\\\/le-dijo-hijo-iba-matar-mama-seis-meses-suspenso\\\/\"},\"wordCount\":426,\"publisher\":{\"@id\":\"https:\\\/\\\/diariotextual.com\\\/inicio\\\/#organization\"},\"image\":{\"@id\":\"https:\\\/\\\/diariotextual.com\\\/inicio\\\/index.php\\\/2019\\\/08\\\/02\\\/le-dijo-hijo-iba-matar-mama-seis-meses-suspenso\\\/#primaryimage\"},\"thumbnailUrl\":\"https:\\\/\\\/diariotextual.com\\\/inicio\\\/wp-content\\\/uploads\\\/2019\\\/03\\\/niunamenostelam0222.jpg\",\"keywords\":[\"amenazas\",\"niunamenos\"],\"articleSection\":[\"A - TEMPORALES\",\"SOCIEDAD\"],\"inLanguage\":\"es\"},{\"@type\":\"WebPage\",\"@id\":\"https:\\\/\\\/diariotextual.com\\\/inicio\\\/index.php\\\/2019\\\/08\\\/02\\\/le-dijo-hijo-iba-matar-mama-seis-meses-suspenso\\\/\",\"url\":\"https:\\\/\\\/diariotextual.com\\\/inicio\\\/index.php\\\/2019\\\/08\\\/02\\\/le-dijo-hijo-iba-matar-mama-seis-meses-suspenso\\\/\",\"name\":\"Le dijo a su hijo que iba a matar a su mam\u00e1: seis meses en suspenso - Diario Textual\",\"isPartOf\":{\"@id\":\"https:\\\/\\\/diariotextual.com\\\/inicio\\\/#website\"},\"primaryImageOfPage\":{\"@id\":\"https:\\\/\\\/diariotextual.com\\\/inicio\\\/index.php\\\/2019\\\/08\\\/02\\\/le-dijo-hijo-iba-matar-mama-seis-meses-suspenso\\\/#primaryimage\"},\"image\":{\"@id\":\"https:\\\/\\\/diariotextual.com\\\/inicio\\\/index.php\\\/2019\\\/08\\\/02\\\/le-dijo-hijo-iba-matar-mama-seis-meses-suspenso\\\/#primaryimage\"},\"thumbnailUrl\":\"https:\\\/\\\/diariotextual.com\\\/inicio\\\/wp-content\\\/uploads\\\/2019\\\/03\\\/niunamenostelam0222.jpg\",\"datePublished\":\"2019-08-02T15:57:46+00:00\",\"dateModified\":\"2019-08-03T12:57:17+00:00\",\"breadcrumb\":{\"@id\":\"https:\\\/\\\/diariotextual.com\\\/inicio\\\/index.php\\\/2019\\\/08\\\/02\\\/le-dijo-hijo-iba-matar-mama-seis-meses-suspenso\\\/#breadcrumb\"},\"inLanguage\":\"es\",\"potentialAction\":[{\"@type\":\"ReadAction\",\"target\":[\"https:\\\/\\\/diariotextual.com\\\/inicio\\\/index.php\\\/2019\\\/08\\\/02\\\/le-dijo-hijo-iba-matar-mama-seis-meses-suspenso\\\/\"]}]},{\"@type\":\"ImageObject\",\"inLanguage\":\"es\",\"@id\":\"https:\\\/\\\/diariotextual.com\\\/inicio\\\/index.php\\\/2019\\\/08\\\/02\\\/le-dijo-hijo-iba-matar-mama-seis-meses-suspenso\\\/#primaryimage\",\"url\":\"https:\\\/\\\/diariotextual.com\\\/inicio\\\/wp-content\\\/uploads\\\/2019\\\/03\\\/niunamenostelam0222.jpg\",\"contentUrl\":\"https:\\\/\\\/diariotextual.com\\\/inicio\\\/wp-content\\\/uploads\\\/2019\\\/03\\\/niunamenostelam0222.jpg\",\"width\":530,\"height\":353},{\"@type\":\"BreadcrumbList\",\"@id\":\"https:\\\/\\\/diariotextual.com\\\/inicio\\\/index.php\\\/2019\\\/08\\\/02\\\/le-dijo-hijo-iba-matar-mama-seis-meses-suspenso\\\/#breadcrumb\",\"itemListElement\":[{\"@type\":\"ListItem\",\"position\":1,\"name\":\"Portada\",\"item\":\"https:\\\/\\\/diariotextual.com\\\/inicio\\\/\"},{\"@type\":\"ListItem\",\"position\":2,\"name\":\"Le dijo a su hijo que iba a matar a su mam\u00e1: seis meses en suspenso\"}]},{\"@type\":\"WebSite\",\"@id\":\"https:\\\/\\\/diariotextual.com\\\/inicio\\\/#website\",\"url\":\"https:\\\/\\\/diariotextual.com\\\/inicio\\\/\",\"name\":\"Diario Textual\",\"description\":\"\",\"publisher\":{\"@id\":\"https:\\\/\\\/diariotextual.com\\\/inicio\\\/#organization\"},\"potentialAction\":[{\"@type\":\"SearchAction\",\"target\":{\"@type\":\"EntryPoint\",\"urlTemplate\":\"https:\\\/\\\/diariotextual.com\\\/inicio\\\/?s={search_term_string}\"},\"query-input\":{\"@type\":\"PropertyValueSpecification\",\"valueRequired\":true,\"valueName\":\"search_term_string\"}}],\"inLanguage\":\"es\"},{\"@type\":\"Organization\",\"@id\":\"https:\\\/\\\/diariotextual.com\\\/inicio\\\/#organization\",\"name\":\"Diario Textual\",\"url\":\"https:\\\/\\\/diariotextual.com\\\/inicio\\\/\",\"logo\":{\"@type\":\"ImageObject\",\"inLanguage\":\"es\",\"@id\":\"https:\\\/\\\/diariotextual.com\\\/inicio\\\/#\\\/schema\\\/logo\\\/image\\\/\",\"url\":\"https:\\\/\\\/diariotextual.com\\\/inicio\\\/wp-content\\\/uploads\\\/2023\\\/05\\\/logotextual1.jpg\",\"contentUrl\":\"https:\\\/\\\/diariotextual.com\\\/inicio\\\/wp-content\\\/uploads\\\/2023\\\/05\\\/logotextual1.jpg\",\"width\":516,\"height\":76,\"caption\":\"Diario Textual\"},\"image\":{\"@id\":\"https:\\\/\\\/diariotextual.com\\\/inicio\\\/#\\\/schema\\\/logo\\\/image\\\/\"},\"sameAs\":[\"https:\\\/\\\/www.facebook.com\\\/eltextual\",\"https:\\\/\\\/x.com\\\/eltextual\",\"http:\\\/\\\/www.instagram.com\\\/eltextual\"]},{\"@type\":\"Person\",\"@id\":\"https:\\\/\\\/diariotextual.com\\\/inicio\\\/#\\\/schema\\\/person\\\/418fc4093c33e86ed41562db3508f958\",\"name\":\"Diario1 Diario1\",\"image\":{\"@type\":\"ImageObject\",\"inLanguage\":\"es\",\"@id\":\"https:\\\/\\\/secure.gravatar.com\\\/avatar\\\/9167d280179c85bc18be67aa7eda765854300033af4896dd779b608640f2ef7a?s=96&d=mm&r=g\",\"url\":\"https:\\\/\\\/secure.gravatar.com\\\/avatar\\\/9167d280179c85bc18be67aa7eda765854300033af4896dd779b608640f2ef7a?s=96&d=mm&r=g\",\"contentUrl\":\"https:\\\/\\\/secure.gravatar.com\\\/avatar\\\/9167d280179c85bc18be67aa7eda765854300033af4896dd779b608640f2ef7a?s=96&d=mm&r=g\",\"caption\":\"Diario1 Diario1\"},\"url\":\"https:\\\/\\\/diariotextual.com\\\/inicio\\\/index.php\\\/author\\\/diario1\\\/\"}]}<\/script>\n<!-- \/ Yoast SEO plugin. -->","yoast_head_json":{"title":"Le dijo a su hijo que iba a matar a su mam\u00e1: seis meses en suspenso - Diario Textual","robots":{"index":"index","follow":"follow","max-snippet":"max-snippet:-1","max-image-preview":"max-image-preview:large","max-video-preview":"max-video-preview:-1"},"canonical":"https:\/\/diariotextual.com\/inicio\/index.php\/2019\/08\/02\/le-dijo-hijo-iba-matar-mama-seis-meses-suspenso\/","og_locale":"es_ES","og_type":"article","og_title":"Le dijo a su hijo que iba a matar a su mam\u00e1: seis meses en suspenso - Diario Textual","og_description":"\u201cM\u00edrame bien\u2026 el mi\u00e9rcoles estoy citado a Defensor\u00eda y si me llegan a perjudicar, la mato a tu madre. Y esto te lo digo mir\u00e1ndote a los ojos\u201d. La amenaza,&hellip;","og_url":"https:\/\/diariotextual.com\/inicio\/index.php\/2019\/08\/02\/le-dijo-hijo-iba-matar-mama-seis-meses-suspenso\/","og_site_name":"Diario Textual","article_publisher":"https:\/\/www.facebook.com\/eltextual","article_published_time":"2019-08-02T15:57:46+00:00","article_modified_time":"2019-08-03T12:57:17+00:00","og_image":[{"width":530,"height":353,"url":"https:\/\/diariotextual.com\/inicio\/wp-content\/uploads\/2019\/03\/niunamenostelam0222.jpg","type":"image\/jpeg"}],"author":"Diario1 Diario1","twitter_card":"summary_large_image","twitter_creator":"@eltextual","twitter_site":"@eltextual","twitter_misc":{"Escrito por":"Diario1 Diario1","Tiempo de lectura":"2 minutos"},"schema":{"@context":"https:\/\/schema.org","@graph":[{"@type":"Article","@id":"https:\/\/diariotextual.com\/inicio\/index.php\/2019\/08\/02\/le-dijo-hijo-iba-matar-mama-seis-meses-suspenso\/#article","isPartOf":{"@id":"https:\/\/diariotextual.com\/inicio\/index.php\/2019\/08\/02\/le-dijo-hijo-iba-matar-mama-seis-meses-suspenso\/"},"author":{"name":"Diario1 Diario1","@id":"https:\/\/diariotextual.com\/inicio\/#\/schema\/person\/418fc4093c33e86ed41562db3508f958"},"headline":"Le dijo a su hijo que iba a matar a su mam\u00e1: seis meses en suspenso","datePublished":"2019-08-02T15:57:46+00:00","dateModified":"2019-08-03T12:57:17+00:00","mainEntityOfPage":{"@id":"https:\/\/diariotextual.com\/inicio\/index.php\/2019\/08\/02\/le-dijo-hijo-iba-matar-mama-seis-meses-suspenso\/"},"wordCount":426,"publisher":{"@id":"https:\/\/diariotextual.com\/inicio\/#organization"},"image":{"@id":"https:\/\/diariotextual.com\/inicio\/index.php\/2019\/08\/02\/le-dijo-hijo-iba-matar-mama-seis-meses-suspenso\/#primaryimage"},"thumbnailUrl":"https:\/\/diariotextual.com\/inicio\/wp-content\/uploads\/2019\/03\/niunamenostelam0222.jpg","keywords":["amenazas","niunamenos"],"articleSection":["A - TEMPORALES","SOCIEDAD"],"inLanguage":"es"},{"@type":"WebPage","@id":"https:\/\/diariotextual.com\/inicio\/index.php\/2019\/08\/02\/le-dijo-hijo-iba-matar-mama-seis-meses-suspenso\/","url":"https:\/\/diariotextual.com\/inicio\/index.php\/2019\/08\/02\/le-dijo-hijo-iba-matar-mama-seis-meses-suspenso\/","name":"Le dijo a su hijo que iba a matar a su mam\u00e1: seis meses en suspenso - Diario Textual","isPartOf":{"@id":"https:\/\/diariotextual.com\/inicio\/#website"},"primaryImageOfPage":{"@id":"https:\/\/diariotextual.com\/inicio\/index.php\/2019\/08\/02\/le-dijo-hijo-iba-matar-mama-seis-meses-suspenso\/#primaryimage"},"image":{"@id":"https:\/\/diariotextual.com\/inicio\/index.php\/2019\/08\/02\/le-dijo-hijo-iba-matar-mama-seis-meses-suspenso\/#primaryimage"},"thumbnailUrl":"https:\/\/diariotextual.com\/inicio\/wp-content\/uploads\/2019\/03\/niunamenostelam0222.jpg","datePublished":"2019-08-02T15:57:46+00:00","dateModified":"2019-08-03T12:57:17+00:00","breadcrumb":{"@id":"https:\/\/diariotextual.com\/inicio\/index.php\/2019\/08\/02\/le-dijo-hijo-iba-matar-mama-seis-meses-suspenso\/#breadcrumb"},"inLanguage":"es","potentialAction":[{"@type":"ReadAction","target":["https:\/\/diariotextual.com\/inicio\/index.php\/2019\/08\/02\/le-dijo-hijo-iba-matar-mama-seis-meses-suspenso\/"]}]},{"@type":"ImageObject","inLanguage":"es","@id":"https:\/\/diariotextual.com\/inicio\/index.php\/2019\/08\/02\/le-dijo-hijo-iba-matar-mama-seis-meses-suspenso\/#primaryimage","url":"https:\/\/diariotextual.com\/inicio\/wp-content\/uploads\/2019\/03\/niunamenostelam0222.jpg","contentUrl":"https:\/\/diariotextual.com\/inicio\/wp-content\/uploads\/2019\/03\/niunamenostelam0222.jpg","width":530,"height":353},{"@type":"BreadcrumbList","@id":"https:\/\/diariotextual.com\/inicio\/index.php\/2019\/08\/02\/le-dijo-hijo-iba-matar-mama-seis-meses-suspenso\/#breadcrumb","itemListElement":[{"@type":"ListItem","position":1,"name":"Portada","item":"https:\/\/diariotextual.com\/inicio\/"},{"@type":"ListItem","position":2,"name":"Le dijo a su hijo que iba a matar a su mam\u00e1: seis meses en suspenso"}]},{"@type":"WebSite","@id":"https:\/\/diariotextual.com\/inicio\/#website","url":"https:\/\/diariotextual.com\/inicio\/","name":"Diario Textual","description":"","publisher":{"@id":"https:\/\/diariotextual.com\/inicio\/#organization"},"potentialAction":[{"@type":"SearchAction","target":{"@type":"EntryPoint","urlTemplate":"https:\/\/diariotextual.com\/inicio\/?s={search_term_string}"},"query-input":{"@type":"PropertyValueSpecification","valueRequired":true,"valueName":"search_term_string"}}],"inLanguage":"es"},{"@type":"Organization","@id":"https:\/\/diariotextual.com\/inicio\/#organization","name":"Diario Textual","url":"https:\/\/diariotextual.com\/inicio\/","logo":{"@type":"ImageObject","inLanguage":"es","@id":"https:\/\/diariotextual.com\/inicio\/#\/schema\/logo\/image\/","url":"https:\/\/diariotextual.com\/inicio\/wp-content\/uploads\/2023\/05\/logotextual1.jpg","contentUrl":"https:\/\/diariotextual.com\/inicio\/wp-content\/uploads\/2023\/05\/logotextual1.jpg","width":516,"height":76,"caption":"Diario Textual"},"image":{"@id":"https:\/\/diariotextual.com\/inicio\/#\/schema\/logo\/image\/"},"sameAs":["https:\/\/www.facebook.com\/eltextual","https:\/\/x.com\/eltextual","http:\/\/www.instagram.com\/eltextual"]},{"@type":"Person","@id":"https:\/\/diariotextual.com\/inicio\/#\/schema\/person\/418fc4093c33e86ed41562db3508f958","name":"Diario1 Diario1","image":{"@type":"ImageObject","inLanguage":"es","@id":"https:\/\/secure.gravatar.com\/avatar\/9167d280179c85bc18be67aa7eda765854300033af4896dd779b608640f2ef7a?s=96&d=mm&r=g","url":"https:\/\/secure.gravatar.com\/avatar\/9167d280179c85bc18be67aa7eda765854300033af4896dd779b608640f2ef7a?s=96&d=mm&r=g","contentUrl":"https:\/\/secure.gravatar.com\/avatar\/9167d280179c85bc18be67aa7eda765854300033af4896dd779b608640f2ef7a?s=96&d=mm&r=g","caption":"Diario1 Diario1"},"url":"https:\/\/diariotextual.com\/inicio\/index.php\/author\/diario1\/"}]}},"_links":{"self":[{"href":"https:\/\/diariotextual.com\/inicio\/index.php\/wp-json\/wp\/v2\/posts\/58019","targetHints":{"allow":["GET"]}}],"collection":[{"href":"https:\/\/diariotextual.com\/inicio\/index.php\/wp-json\/wp\/v2\/posts"}],"about":[{"href":"https:\/\/diariotextual.com\/inicio\/index.php\/wp-json\/wp\/v2\/types\/post"}],"author":[{"embeddable":true,"href":"https:\/\/diariotextual.com\/inicio\/index.php\/wp-json\/wp\/v2\/users\/3"}],"replies":[{"embeddable":true,"href":"https:\/\/diariotextual.com\/inicio\/index.php\/wp-json\/wp\/v2\/comments?post=58019"}],"version-history":[{"count":2,"href":"https:\/\/diariotextual.com\/inicio\/index.php\/wp-json\/wp\/v2\/posts\/58019\/revisions"}],"predecessor-version":[{"id":58021,"href":"https:\/\/diariotextual.com\/inicio\/index.php\/wp-json\/wp\/v2\/posts\/58019\/revisions\/58021"}],"wp:featuredmedia":[{"embeddable":true,"href":"https:\/\/diariotextual.com\/inicio\/index.php\/wp-json\/wp\/v2\/media\/41880"}],"wp:attachment":[{"href":"https:\/\/diariotextual.com\/inicio\/index.php\/wp-json\/wp\/v2\/media?parent=58019"}],"wp:term":[{"taxonomy":"category","embeddable":true,"href":"https:\/\/diariotextual.com\/inicio\/index.php\/wp-json\/wp\/v2\/categories?post=58019"},{"taxonomy":"post_tag","embeddable":true,"href":"https:\/\/diariotextual.com\/inicio\/index.php\/wp-json\/wp\/v2\/tags?post=58019"}],"curies":[{"name":"wp","href":"https:\/\/api.w.org\/{rel}","templated":true}]}}