{"id":58033,"date":"2019-08-02T16:18:41","date_gmt":"2019-08-02T19:18:41","guid":{"rendered":"http:\/\/diariotextual.com\/inicio\/?p=58033"},"modified":"2019-08-03T11:52:38","modified_gmt":"2019-08-03T14:52:38","slug":"haran-nuevo-juicio-fiscales-habian-acusados-espiar-legajos","status":"publish","type":"post","link":"https:\/\/diariotextual.com\/inicio\/index.php\/2019\/08\/02\/haran-nuevo-juicio-fiscales-habian-acusados-espiar-legajos\/","title":{"rendered":"Har\u00e1n nuevo juicio a fiscales que hab\u00edan sido acusados de espiar legajos"},"content":{"rendered":"<p>El <strong>Tribunal de Impugnaci\u00f3n Penal (TIP)<\/strong> hizo lugar hoy al recurso de impugnaci\u00f3n interpuesto por el fiscal general de Santa Rosa, Guillermo Sancho, y declar\u00f3 la invalidez de la sentencia por la que los exfiscales sustitutos Fernando Iv\u00e1n Fassina y Romina Valeria Fern\u00e1ndez hab\u00edan sido<strong> absueltos<\/strong> en la causa en la que<strong> se los acusaba de haber espiado legajos<\/strong>. Por ello <strong>orden\u00f3 que la Audiencia de Juicio, con otra conformaci\u00f3n, realice un nuevo juicio<\/strong>.<\/p>\n<p>Fassina y Fern\u00e1ndez \u2013a la que se les imput\u00f3 los delitos de incumplimiento de los deberes de funcionarios p\u00fablicos y de enriquecimiento il\u00edcito por el uso, con fines de lucro, de informaci\u00f3n y\/o datos reservados\u2013<strong> hab\u00edan sido absueltos el pasado 6 de mayo por la Audiencia de Santa Rosa, conformada por los jueces Daniel Alfredo S\u00e1ez Zamora, Carlos Alberto Besi y Flavia Alejandra Ongaro, tras la realizaci\u00f3n del juicio oral.<\/strong><\/p>\n<p><strong>Los jueces de la Sala B del TIP que ahora le dieron la raz\u00f3n a la fiscal\u00eda fueron Fernando Rivarola y Filinto Rebechi.<\/strong> El Ministerio P\u00fablico Fiscal, durante los alegatos del debate, hab\u00eda solicitado para Fassina una pena de dos a\u00f1os de prisi\u00f3n de ejecuci\u00f3n condicional y el doble de tiempo de inhabilitaci\u00f3n especial para ocupar cargo o empleo p\u00fablico, y un a\u00f1o y tres meses en suspenso para Fern\u00e1ndez e inhabilitaci\u00f3n especial perpetua para ocupar cargos p\u00fablicos.<\/p>\n<p>Sancho cuestion\u00f3 el fallo de la Audiencia aduciendo que existi\u00f3 una aplicaci\u00f3n err\u00f3nea de la ley sustantiva y de valoraci\u00f3n de la prueba, y requiri\u00f3 su nulidad y el reenv\u00edo para que se sustancie un nuevo juicio y se dicte una sentencia debidamente fundada.<\/p>\n<p>&nbsp;<\/p>\n<p><strong>El ingreso a los legajos<\/strong><\/p>\n<p>La Audiencia dijo en el fallo absolutorio que hab\u00eda quedado \u201cperfectamente acreditado\u201d el ingreso de los exfiscales a cuatro legajos, y agreg\u00f3 que \u201ctambi\u00e9n se prob\u00f3 y as\u00ed se demostr\u00f3, que todos los integrantes del Ministerio P\u00fablico Fiscal ten\u00edan acceso irrestricto a los legajos e ingresaban, por el motivo que fuere, a ellos\u201d.<\/p>\n<p>Sancho, en cambio, sostuvo en el recurso de impugnaci\u00f3n que el propio Fassina neg\u00f3 que hubiese ingresado a todos esos legajos, y en cambio afirm\u00f3 que \u201cingres\u00e9 \u00fanicamente a un legajo que me estaba asignado\u2026 no entr\u00e9 en ninguno m\u00e1s\u201d. \u201cEn este sentido le asiste raz\u00f3n al Ministerio Fiscal en relaci\u00f3n a que Fassina, solamente reconoci\u00f3 haber ingresado a solo uno de esos legajos\u201d, sostuvo el TIP, en contraposici\u00f3n a lo afirmado por los sentenciantes.<\/p>\n<p>La fiscal\u00eda tambi\u00e9n cuestion\u00f3 c\u00f3mo se valoraron los dichos de funcionarios del Ministerio P\u00fablico Fiscal en relaci\u00f3n a que por diferentes motivos ingresaban a legajos en los que no interven\u00edan. \u201cEn relaci\u00f3n a este t\u00f3pico, el recurrente (con raz\u00f3n), aduce que el Tribunal de Audiencia omiti\u00f3 mencionar que dichos testigos manifestaron que el ingreso a legajos que no ten\u00edan asignados, pod\u00eda efectuarse cuando existiera un inter\u00e9s funcional y\/o laboral, es decir una estrecha relaci\u00f3n con alguna investigaci\u00f3n en curso que justificara la compulsa de un legajo asignado a otro funcionario\u201d, subrayaron Rivarola y Rebechi.<\/p>\n<p>\u201cEsta postura del recurrente, indudablemente, resulta de gran importancia a los fines de determinar si el ingreso a los legajos, por parte de los imputados, se encontraba justificado (\u2026) Tal como adujo el fiscal general, lo importante es establecer si existi\u00f3 un motivo funcional, una raz\u00f3n laboral que ameritara tal proceder\u201d, acotaron.<\/p>\n<p>\u201cLa omisi\u00f3n por parte d la Audiencia de realizar un an\u00e1lisis global de los testimonios que se aludieron precedentemente, a los efectos de determinar fehacientemente cu\u00e1les fueron los motivos por los cuales los imputados ingresaron a legajos que no ten\u00edan asignados, conlleva a que la sentencia recurrida resulta ser arbitraria\u201d, afirm\u00f3 el TIP en otro de los p\u00e1rrafos del fallo dictado hoy.<\/p>\n<p>&nbsp;<\/p>\n<p><strong>Los dichos de una testigo<\/strong><\/p>\n<p>Otro punto objetado por Sancho fue la declaraci\u00f3n de la testigo Lorena Catoia, la cual consider\u00f3 de \u201cfundamental importancia\u201d para evaluar el proceder de Fern\u00e1ndez. En tal sentido plante\u00f3 que los dichos de Catoia se contradijeron con los de la imputada durante el juicio. Por eso en el alegato final la fiscal\u00eda hab\u00eda requerido que desde la Oficina Judicial se remitieran los informes correspondientes para investigar si Catoia hab\u00eda cometido el delito de falso testimonio. Para ello, Sancho dijo que ten\u00eda probado que entre los \u00faltimos d\u00edas de octubre y los primeros de noviembre de 2015 \u201cno existieron ingresos\u201d a un determinado expediente \u201cpor parte de ning\u00fan empleado de la mesa de entradas del Ministerio P\u00fablico Fiscal\u201d, y a\u00f1adi\u00f3 que \u201cde esa petici\u00f3n no se dijo ni una palabra en la sentencia\u201d.<\/p>\n<p>\u201cEl agravio est\u00e1 centrado en que se le impidi\u00f3 incorporar prueba nueva (\u2026) a los efectos de desacreditar los dichos de Catoia\u201d, expres\u00f3 el TIP, atento a que la testigo hab\u00eda dicho que una determinada informaci\u00f3n la hab\u00eda obtenido a trav\u00e9s de un empleado de la mesa de entradas que hab\u00eda ingreso al expediente en esos d\u00edas.<\/p>\n<p>\u201cEs indudable que la solicitud de la fiscal\u00eda resultaba de fundamental importancia a los efectos de poder establecer si Fern\u00e1ndez le hab\u00eda dado alg\u00fan tipo de informaci\u00f3n a Catoia en relaci\u00f3n al pedido de falso testimonio\u201d de un comisario en un expediente que se tramitaba en el Juzgado en lo Civil 3, remarcaron los jueces de Impugnaci\u00f3n.<\/p>\n<p>\u201cSi bien es cierto que era una facultad del Tribunal de Audiencia ordenar la recepci\u00f3n de la prueba pedida por la fiscal\u00eda, tambi\u00e9n es indudable que dicha solicitud (\u2026) debi\u00f3 haber sido efectivizada, por tratarse de una prueba de fundamental importancia a los fines de determinar en qu\u00e9 circunstancia tom\u00f3 conocimiento Catoia\u201d de lo declarado por el comisario en el expediente civil, puede leerse en el fallo del TIP.<\/p>\n<p>Por todo ello, Rivarola y Rebechi hicieron lugar a la impugnaci\u00f3n de Sancho, invalidaron la sentencia y ordenaron que el expediente se remita a la Audiencia de Juicio para que efect\u00fae un nuevo juicio con otra conformaci\u00f3n y dicte una nueva sentencia.\u200b<\/p>\n<p>&nbsp;<\/p>\n<p>&nbsp;<\/p>\n","protected":false},"excerpt":{"rendered":"<p>El Tribunal de Impugnaci\u00f3n Penal (TIP) hizo lugar hoy al recurso de impugnaci\u00f3n interpuesto por el fiscal general de Santa Rosa, Guillermo Sancho, y declar\u00f3 la invalidez de la sentencia&hellip;<\/p>\n","protected":false},"author":3,"featured_media":46474,"comment_status":"closed","ping_status":"open","sticky":false,"template":"","format":"standard","meta":{"_acf_changed":false,"footnotes":""},"categories":[319,12],"tags":[1973],"class_list":["post-58033","post","type-post","status-publish","format-standard","has-post-thumbnail","hentry","category-a-temporales","category-sociedad","tag-fassina"],"acf":[],"yoast_head":"<!-- This site is optimized with the Yoast SEO plugin v27.5 - https:\/\/yoast.com\/product\/yoast-seo-wordpress\/ -->\n<title>Har\u00e1n nuevo juicio a fiscales que hab\u00edan sido acusados de espiar legajos - Diario Textual<\/title>\n<meta name=\"robots\" content=\"index, follow, max-snippet:-1, max-image-preview:large, max-video-preview:-1\" \/>\n<link rel=\"canonical\" href=\"https:\/\/diariotextual.com\/inicio\/index.php\/2019\/08\/02\/haran-nuevo-juicio-fiscales-habian-acusados-espiar-legajos\/\" \/>\n<meta property=\"og:locale\" content=\"es_ES\" \/>\n<meta property=\"og:type\" content=\"article\" \/>\n<meta property=\"og:title\" content=\"Har\u00e1n nuevo juicio a fiscales que hab\u00edan sido acusados de espiar legajos - Diario Textual\" \/>\n<meta property=\"og:description\" content=\"El Tribunal de Impugnaci\u00f3n Penal (TIP) hizo lugar hoy al recurso de impugnaci\u00f3n interpuesto por el fiscal general de Santa Rosa, Guillermo Sancho, y declar\u00f3 la invalidez de la sentencia&hellip;\" \/>\n<meta property=\"og:url\" content=\"https:\/\/diariotextual.com\/inicio\/index.php\/2019\/08\/02\/haran-nuevo-juicio-fiscales-habian-acusados-espiar-legajos\/\" \/>\n<meta property=\"og:site_name\" content=\"Diario Textual\" \/>\n<meta property=\"article:publisher\" content=\"https:\/\/www.facebook.com\/eltextual\" \/>\n<meta property=\"article:published_time\" content=\"2019-08-02T19:18:41+00:00\" \/>\n<meta property=\"article:modified_time\" content=\"2019-08-03T14:52:38+00:00\" \/>\n<meta property=\"og:image\" content=\"https:\/\/diariotextual.com\/inicio\/wp-content\/uploads\/2019\/04\/fassinajuicio1.jpg\" \/>\n\t<meta property=\"og:image:width\" content=\"3568\" \/>\n\t<meta property=\"og:image:height\" content=\"2340\" \/>\n\t<meta property=\"og:image:type\" content=\"image\/jpeg\" \/>\n<meta name=\"author\" content=\"Diario1 Diario1\" \/>\n<meta name=\"twitter:card\" content=\"summary_large_image\" \/>\n<meta name=\"twitter:creator\" content=\"@eltextual\" \/>\n<meta name=\"twitter:site\" content=\"@eltextual\" \/>\n<meta name=\"twitter:label1\" content=\"Escrito por\" \/>\n\t<meta name=\"twitter:data1\" content=\"Diario1 Diario1\" \/>\n\t<meta name=\"twitter:label2\" content=\"Tiempo de lectura\" \/>\n\t<meta name=\"twitter:data2\" content=\"5 minutos\" \/>\n<script type=\"application\/ld+json\" class=\"yoast-schema-graph\">{\"@context\":\"https:\\\/\\\/schema.org\",\"@graph\":[{\"@type\":\"Article\",\"@id\":\"https:\\\/\\\/diariotextual.com\\\/inicio\\\/index.php\\\/2019\\\/08\\\/02\\\/haran-nuevo-juicio-fiscales-habian-acusados-espiar-legajos\\\/#article\",\"isPartOf\":{\"@id\":\"https:\\\/\\\/diariotextual.com\\\/inicio\\\/index.php\\\/2019\\\/08\\\/02\\\/haran-nuevo-juicio-fiscales-habian-acusados-espiar-legajos\\\/\"},\"author\":{\"name\":\"Diario1 Diario1\",\"@id\":\"https:\\\/\\\/diariotextual.com\\\/inicio\\\/#\\\/schema\\\/person\\\/418fc4093c33e86ed41562db3508f958\"},\"headline\":\"Har\u00e1n nuevo juicio a fiscales que hab\u00edan sido acusados de espiar legajos\",\"datePublished\":\"2019-08-02T19:18:41+00:00\",\"dateModified\":\"2019-08-03T14:52:38+00:00\",\"mainEntityOfPage\":{\"@id\":\"https:\\\/\\\/diariotextual.com\\\/inicio\\\/index.php\\\/2019\\\/08\\\/02\\\/haran-nuevo-juicio-fiscales-habian-acusados-espiar-legajos\\\/\"},\"wordCount\":1072,\"publisher\":{\"@id\":\"https:\\\/\\\/diariotextual.com\\\/inicio\\\/#organization\"},\"image\":{\"@id\":\"https:\\\/\\\/diariotextual.com\\\/inicio\\\/index.php\\\/2019\\\/08\\\/02\\\/haran-nuevo-juicio-fiscales-habian-acusados-espiar-legajos\\\/#primaryimage\"},\"thumbnailUrl\":\"https:\\\/\\\/diariotextual.com\\\/inicio\\\/wp-content\\\/uploads\\\/2019\\\/04\\\/fassinajuicio1.jpg\",\"keywords\":[\"fassina\"],\"articleSection\":[\"A - TEMPORALES\",\"SOCIEDAD\"],\"inLanguage\":\"es\"},{\"@type\":\"WebPage\",\"@id\":\"https:\\\/\\\/diariotextual.com\\\/inicio\\\/index.php\\\/2019\\\/08\\\/02\\\/haran-nuevo-juicio-fiscales-habian-acusados-espiar-legajos\\\/\",\"url\":\"https:\\\/\\\/diariotextual.com\\\/inicio\\\/index.php\\\/2019\\\/08\\\/02\\\/haran-nuevo-juicio-fiscales-habian-acusados-espiar-legajos\\\/\",\"name\":\"Har\u00e1n nuevo juicio a fiscales que hab\u00edan sido acusados de espiar legajos - Diario Textual\",\"isPartOf\":{\"@id\":\"https:\\\/\\\/diariotextual.com\\\/inicio\\\/#website\"},\"primaryImageOfPage\":{\"@id\":\"https:\\\/\\\/diariotextual.com\\\/inicio\\\/index.php\\\/2019\\\/08\\\/02\\\/haran-nuevo-juicio-fiscales-habian-acusados-espiar-legajos\\\/#primaryimage\"},\"image\":{\"@id\":\"https:\\\/\\\/diariotextual.com\\\/inicio\\\/index.php\\\/2019\\\/08\\\/02\\\/haran-nuevo-juicio-fiscales-habian-acusados-espiar-legajos\\\/#primaryimage\"},\"thumbnailUrl\":\"https:\\\/\\\/diariotextual.com\\\/inicio\\\/wp-content\\\/uploads\\\/2019\\\/04\\\/fassinajuicio1.jpg\",\"datePublished\":\"2019-08-02T19:18:41+00:00\",\"dateModified\":\"2019-08-03T14:52:38+00:00\",\"breadcrumb\":{\"@id\":\"https:\\\/\\\/diariotextual.com\\\/inicio\\\/index.php\\\/2019\\\/08\\\/02\\\/haran-nuevo-juicio-fiscales-habian-acusados-espiar-legajos\\\/#breadcrumb\"},\"inLanguage\":\"es\",\"potentialAction\":[{\"@type\":\"ReadAction\",\"target\":[\"https:\\\/\\\/diariotextual.com\\\/inicio\\\/index.php\\\/2019\\\/08\\\/02\\\/haran-nuevo-juicio-fiscales-habian-acusados-espiar-legajos\\\/\"]}]},{\"@type\":\"ImageObject\",\"inLanguage\":\"es\",\"@id\":\"https:\\\/\\\/diariotextual.com\\\/inicio\\\/index.php\\\/2019\\\/08\\\/02\\\/haran-nuevo-juicio-fiscales-habian-acusados-espiar-legajos\\\/#primaryimage\",\"url\":\"https:\\\/\\\/diariotextual.com\\\/inicio\\\/wp-content\\\/uploads\\\/2019\\\/04\\\/fassinajuicio1.jpg\",\"contentUrl\":\"https:\\\/\\\/diariotextual.com\\\/inicio\\\/wp-content\\\/uploads\\\/2019\\\/04\\\/fassinajuicio1.jpg\",\"width\":3568,\"height\":2340},{\"@type\":\"BreadcrumbList\",\"@id\":\"https:\\\/\\\/diariotextual.com\\\/inicio\\\/index.php\\\/2019\\\/08\\\/02\\\/haran-nuevo-juicio-fiscales-habian-acusados-espiar-legajos\\\/#breadcrumb\",\"itemListElement\":[{\"@type\":\"ListItem\",\"position\":1,\"name\":\"Portada\",\"item\":\"https:\\\/\\\/diariotextual.com\\\/inicio\\\/\"},{\"@type\":\"ListItem\",\"position\":2,\"name\":\"Har\u00e1n nuevo juicio a fiscales que hab\u00edan sido acusados de espiar legajos\"}]},{\"@type\":\"WebSite\",\"@id\":\"https:\\\/\\\/diariotextual.com\\\/inicio\\\/#website\",\"url\":\"https:\\\/\\\/diariotextual.com\\\/inicio\\\/\",\"name\":\"Diario Textual\",\"description\":\"\",\"publisher\":{\"@id\":\"https:\\\/\\\/diariotextual.com\\\/inicio\\\/#organization\"},\"potentialAction\":[{\"@type\":\"SearchAction\",\"target\":{\"@type\":\"EntryPoint\",\"urlTemplate\":\"https:\\\/\\\/diariotextual.com\\\/inicio\\\/?s={search_term_string}\"},\"query-input\":{\"@type\":\"PropertyValueSpecification\",\"valueRequired\":true,\"valueName\":\"search_term_string\"}}],\"inLanguage\":\"es\"},{\"@type\":\"Organization\",\"@id\":\"https:\\\/\\\/diariotextual.com\\\/inicio\\\/#organization\",\"name\":\"Diario Textual\",\"url\":\"https:\\\/\\\/diariotextual.com\\\/inicio\\\/\",\"logo\":{\"@type\":\"ImageObject\",\"inLanguage\":\"es\",\"@id\":\"https:\\\/\\\/diariotextual.com\\\/inicio\\\/#\\\/schema\\\/logo\\\/image\\\/\",\"url\":\"https:\\\/\\\/diariotextual.com\\\/inicio\\\/wp-content\\\/uploads\\\/2023\\\/05\\\/logotextual1.jpg\",\"contentUrl\":\"https:\\\/\\\/diariotextual.com\\\/inicio\\\/wp-content\\\/uploads\\\/2023\\\/05\\\/logotextual1.jpg\",\"width\":516,\"height\":76,\"caption\":\"Diario Textual\"},\"image\":{\"@id\":\"https:\\\/\\\/diariotextual.com\\\/inicio\\\/#\\\/schema\\\/logo\\\/image\\\/\"},\"sameAs\":[\"https:\\\/\\\/www.facebook.com\\\/eltextual\",\"https:\\\/\\\/x.com\\\/eltextual\",\"http:\\\/\\\/www.instagram.com\\\/eltextual\"]},{\"@type\":\"Person\",\"@id\":\"https:\\\/\\\/diariotextual.com\\\/inicio\\\/#\\\/schema\\\/person\\\/418fc4093c33e86ed41562db3508f958\",\"name\":\"Diario1 Diario1\",\"image\":{\"@type\":\"ImageObject\",\"inLanguage\":\"es\",\"@id\":\"https:\\\/\\\/secure.gravatar.com\\\/avatar\\\/9167d280179c85bc18be67aa7eda765854300033af4896dd779b608640f2ef7a?s=96&d=mm&r=g\",\"url\":\"https:\\\/\\\/secure.gravatar.com\\\/avatar\\\/9167d280179c85bc18be67aa7eda765854300033af4896dd779b608640f2ef7a?s=96&d=mm&r=g\",\"contentUrl\":\"https:\\\/\\\/secure.gravatar.com\\\/avatar\\\/9167d280179c85bc18be67aa7eda765854300033af4896dd779b608640f2ef7a?s=96&d=mm&r=g\",\"caption\":\"Diario1 Diario1\"},\"url\":\"https:\\\/\\\/diariotextual.com\\\/inicio\\\/index.php\\\/author\\\/diario1\\\/\"}]}<\/script>\n<!-- \/ Yoast SEO plugin. -->","yoast_head_json":{"title":"Har\u00e1n nuevo juicio a fiscales que hab\u00edan sido acusados de espiar legajos - Diario Textual","robots":{"index":"index","follow":"follow","max-snippet":"max-snippet:-1","max-image-preview":"max-image-preview:large","max-video-preview":"max-video-preview:-1"},"canonical":"https:\/\/diariotextual.com\/inicio\/index.php\/2019\/08\/02\/haran-nuevo-juicio-fiscales-habian-acusados-espiar-legajos\/","og_locale":"es_ES","og_type":"article","og_title":"Har\u00e1n nuevo juicio a fiscales que hab\u00edan sido acusados de espiar legajos - Diario Textual","og_description":"El Tribunal de Impugnaci\u00f3n Penal (TIP) hizo lugar hoy al recurso de impugnaci\u00f3n interpuesto por el fiscal general de Santa Rosa, Guillermo Sancho, y declar\u00f3 la invalidez de la sentencia&hellip;","og_url":"https:\/\/diariotextual.com\/inicio\/index.php\/2019\/08\/02\/haran-nuevo-juicio-fiscales-habian-acusados-espiar-legajos\/","og_site_name":"Diario Textual","article_publisher":"https:\/\/www.facebook.com\/eltextual","article_published_time":"2019-08-02T19:18:41+00:00","article_modified_time":"2019-08-03T14:52:38+00:00","og_image":[{"width":3568,"height":2340,"url":"https:\/\/diariotextual.com\/inicio\/wp-content\/uploads\/2019\/04\/fassinajuicio1.jpg","type":"image\/jpeg"}],"author":"Diario1 Diario1","twitter_card":"summary_large_image","twitter_creator":"@eltextual","twitter_site":"@eltextual","twitter_misc":{"Escrito por":"Diario1 Diario1","Tiempo de lectura":"5 minutos"},"schema":{"@context":"https:\/\/schema.org","@graph":[{"@type":"Article","@id":"https:\/\/diariotextual.com\/inicio\/index.php\/2019\/08\/02\/haran-nuevo-juicio-fiscales-habian-acusados-espiar-legajos\/#article","isPartOf":{"@id":"https:\/\/diariotextual.com\/inicio\/index.php\/2019\/08\/02\/haran-nuevo-juicio-fiscales-habian-acusados-espiar-legajos\/"},"author":{"name":"Diario1 Diario1","@id":"https:\/\/diariotextual.com\/inicio\/#\/schema\/person\/418fc4093c33e86ed41562db3508f958"},"headline":"Har\u00e1n nuevo juicio a fiscales que hab\u00edan sido acusados de espiar legajos","datePublished":"2019-08-02T19:18:41+00:00","dateModified":"2019-08-03T14:52:38+00:00","mainEntityOfPage":{"@id":"https:\/\/diariotextual.com\/inicio\/index.php\/2019\/08\/02\/haran-nuevo-juicio-fiscales-habian-acusados-espiar-legajos\/"},"wordCount":1072,"publisher":{"@id":"https:\/\/diariotextual.com\/inicio\/#organization"},"image":{"@id":"https:\/\/diariotextual.com\/inicio\/index.php\/2019\/08\/02\/haran-nuevo-juicio-fiscales-habian-acusados-espiar-legajos\/#primaryimage"},"thumbnailUrl":"https:\/\/diariotextual.com\/inicio\/wp-content\/uploads\/2019\/04\/fassinajuicio1.jpg","keywords":["fassina"],"articleSection":["A - TEMPORALES","SOCIEDAD"],"inLanguage":"es"},{"@type":"WebPage","@id":"https:\/\/diariotextual.com\/inicio\/index.php\/2019\/08\/02\/haran-nuevo-juicio-fiscales-habian-acusados-espiar-legajos\/","url":"https:\/\/diariotextual.com\/inicio\/index.php\/2019\/08\/02\/haran-nuevo-juicio-fiscales-habian-acusados-espiar-legajos\/","name":"Har\u00e1n nuevo juicio a fiscales que hab\u00edan sido acusados de espiar legajos - Diario Textual","isPartOf":{"@id":"https:\/\/diariotextual.com\/inicio\/#website"},"primaryImageOfPage":{"@id":"https:\/\/diariotextual.com\/inicio\/index.php\/2019\/08\/02\/haran-nuevo-juicio-fiscales-habian-acusados-espiar-legajos\/#primaryimage"},"image":{"@id":"https:\/\/diariotextual.com\/inicio\/index.php\/2019\/08\/02\/haran-nuevo-juicio-fiscales-habian-acusados-espiar-legajos\/#primaryimage"},"thumbnailUrl":"https:\/\/diariotextual.com\/inicio\/wp-content\/uploads\/2019\/04\/fassinajuicio1.jpg","datePublished":"2019-08-02T19:18:41+00:00","dateModified":"2019-08-03T14:52:38+00:00","breadcrumb":{"@id":"https:\/\/diariotextual.com\/inicio\/index.php\/2019\/08\/02\/haran-nuevo-juicio-fiscales-habian-acusados-espiar-legajos\/#breadcrumb"},"inLanguage":"es","potentialAction":[{"@type":"ReadAction","target":["https:\/\/diariotextual.com\/inicio\/index.php\/2019\/08\/02\/haran-nuevo-juicio-fiscales-habian-acusados-espiar-legajos\/"]}]},{"@type":"ImageObject","inLanguage":"es","@id":"https:\/\/diariotextual.com\/inicio\/index.php\/2019\/08\/02\/haran-nuevo-juicio-fiscales-habian-acusados-espiar-legajos\/#primaryimage","url":"https:\/\/diariotextual.com\/inicio\/wp-content\/uploads\/2019\/04\/fassinajuicio1.jpg","contentUrl":"https:\/\/diariotextual.com\/inicio\/wp-content\/uploads\/2019\/04\/fassinajuicio1.jpg","width":3568,"height":2340},{"@type":"BreadcrumbList","@id":"https:\/\/diariotextual.com\/inicio\/index.php\/2019\/08\/02\/haran-nuevo-juicio-fiscales-habian-acusados-espiar-legajos\/#breadcrumb","itemListElement":[{"@type":"ListItem","position":1,"name":"Portada","item":"https:\/\/diariotextual.com\/inicio\/"},{"@type":"ListItem","position":2,"name":"Har\u00e1n nuevo juicio a fiscales que hab\u00edan sido acusados de espiar legajos"}]},{"@type":"WebSite","@id":"https:\/\/diariotextual.com\/inicio\/#website","url":"https:\/\/diariotextual.com\/inicio\/","name":"Diario Textual","description":"","publisher":{"@id":"https:\/\/diariotextual.com\/inicio\/#organization"},"potentialAction":[{"@type":"SearchAction","target":{"@type":"EntryPoint","urlTemplate":"https:\/\/diariotextual.com\/inicio\/?s={search_term_string}"},"query-input":{"@type":"PropertyValueSpecification","valueRequired":true,"valueName":"search_term_string"}}],"inLanguage":"es"},{"@type":"Organization","@id":"https:\/\/diariotextual.com\/inicio\/#organization","name":"Diario Textual","url":"https:\/\/diariotextual.com\/inicio\/","logo":{"@type":"ImageObject","inLanguage":"es","@id":"https:\/\/diariotextual.com\/inicio\/#\/schema\/logo\/image\/","url":"https:\/\/diariotextual.com\/inicio\/wp-content\/uploads\/2023\/05\/logotextual1.jpg","contentUrl":"https:\/\/diariotextual.com\/inicio\/wp-content\/uploads\/2023\/05\/logotextual1.jpg","width":516,"height":76,"caption":"Diario Textual"},"image":{"@id":"https:\/\/diariotextual.com\/inicio\/#\/schema\/logo\/image\/"},"sameAs":["https:\/\/www.facebook.com\/eltextual","https:\/\/x.com\/eltextual","http:\/\/www.instagram.com\/eltextual"]},{"@type":"Person","@id":"https:\/\/diariotextual.com\/inicio\/#\/schema\/person\/418fc4093c33e86ed41562db3508f958","name":"Diario1 Diario1","image":{"@type":"ImageObject","inLanguage":"es","@id":"https:\/\/secure.gravatar.com\/avatar\/9167d280179c85bc18be67aa7eda765854300033af4896dd779b608640f2ef7a?s=96&d=mm&r=g","url":"https:\/\/secure.gravatar.com\/avatar\/9167d280179c85bc18be67aa7eda765854300033af4896dd779b608640f2ef7a?s=96&d=mm&r=g","contentUrl":"https:\/\/secure.gravatar.com\/avatar\/9167d280179c85bc18be67aa7eda765854300033af4896dd779b608640f2ef7a?s=96&d=mm&r=g","caption":"Diario1 Diario1"},"url":"https:\/\/diariotextual.com\/inicio\/index.php\/author\/diario1\/"}]}},"_links":{"self":[{"href":"https:\/\/diariotextual.com\/inicio\/index.php\/wp-json\/wp\/v2\/posts\/58033","targetHints":{"allow":["GET"]}}],"collection":[{"href":"https:\/\/diariotextual.com\/inicio\/index.php\/wp-json\/wp\/v2\/posts"}],"about":[{"href":"https:\/\/diariotextual.com\/inicio\/index.php\/wp-json\/wp\/v2\/types\/post"}],"author":[{"embeddable":true,"href":"https:\/\/diariotextual.com\/inicio\/index.php\/wp-json\/wp\/v2\/users\/3"}],"replies":[{"embeddable":true,"href":"https:\/\/diariotextual.com\/inicio\/index.php\/wp-json\/wp\/v2\/comments?post=58033"}],"version-history":[{"count":3,"href":"https:\/\/diariotextual.com\/inicio\/index.php\/wp-json\/wp\/v2\/posts\/58033\/revisions"}],"predecessor-version":[{"id":58038,"href":"https:\/\/diariotextual.com\/inicio\/index.php\/wp-json\/wp\/v2\/posts\/58033\/revisions\/58038"}],"wp:featuredmedia":[{"embeddable":true,"href":"https:\/\/diariotextual.com\/inicio\/index.php\/wp-json\/wp\/v2\/media\/46474"}],"wp:attachment":[{"href":"https:\/\/diariotextual.com\/inicio\/index.php\/wp-json\/wp\/v2\/media?parent=58033"}],"wp:term":[{"taxonomy":"category","embeddable":true,"href":"https:\/\/diariotextual.com\/inicio\/index.php\/wp-json\/wp\/v2\/categories?post=58033"},{"taxonomy":"post_tag","embeddable":true,"href":"https:\/\/diariotextual.com\/inicio\/index.php\/wp-json\/wp\/v2\/tags?post=58033"}],"curies":[{"name":"wp","href":"https:\/\/api.w.org\/{rel}","templated":true}]}}