{"id":58063,"date":"2019-08-03T09:51:03","date_gmt":"2019-08-03T12:51:03","guid":{"rendered":"http:\/\/diariotextual.com\/inicio\/?p=58063"},"modified":"2019-08-04T08:23:31","modified_gmt":"2019-08-04T11:23:31","slug":"pj-puede-meter-los-dos-diputados-besga-se-ilusiona-una-eleccion-historica","status":"publish","type":"post","link":"https:\/\/diariotextual.com\/inicio\/index.php\/2019\/08\/03\/pj-puede-meter-los-dos-diputados-besga-se-ilusiona-una-eleccion-historica\/","title":{"rendered":"\u00bfEl PJ puede meter los dos diputados? Besga se ilusiona con hacer una \u201celecci\u00f3n hist\u00f3rica\u201d"},"content":{"rendered":"<p><strong>Carmina Besga<\/strong>, precandidata a diputada nacional por el Frente de Todos, pronostic\u00f3 que<strong> los pampeanos apoyar\u00e1n en forma \u201crotunda\u201d al peronismo<\/strong> en las elecciones PASO y las generales de octubre. <strong>\u201cEstamos trabajando por una elecci\u00f3n hist\u00f3rica\u201d<\/strong>, dijo a <strong>Radio Textual<\/strong> (FM Sonar).<\/p>\n<p>Besga es oriunda de Rancul y militante de la agrupaci\u00f3n La C\u00e1mpora. Acompa\u00f1a en la f\u00f3rmula a Hern\u00e1n P\u00e9rez Araujo, procurador general de Rentas y dirigente del vernismo.<\/p>\n<p>En estas elecciones, La Pampa elige a dos diputados nacionales. El peronismo, envalentonado por los resultados de mayo, aspira a doblar en votos al frente Juntos por el Cambio -que lleva a Mart\u00edn Berhongaray-. En ese caso, se podr\u00eda quedar con los dos cargos. Muy dif\u00edcil, pero no imposible, dicen en Casa de Gobierno.<\/p>\n<p>\u201cLa mayor\u00eda se sorprendi\u00f3 con mi nombre, pero particip\u00e9 de la pol\u00edtica desde muy chica\u201d, cont\u00f3 hoy Besga, antes de iniciar una recorrida por su pueblo y Caleuf\u00fa junto a P\u00e9rez Araujo. \u201c<strong>Vengo de una familia muy politizada y desde chica abrac\u00e9 al kirchnerismo<\/strong>. Creo que la pol\u00edtica ven\u00eda con un cierto desanclaje de las bases y<strong> la verdad es que el gobernador (Carlos Verna) logr\u00f3 sintetizar, en esta f\u00f3rmula, mucho de los que ven\u00eda demandando la juventud<\/strong>: hacernos cargos y formarnos de la mano de quienes vienen pensando este modelo de provincia hace 36 a\u00f1os y que los pampeanos vienen respaldando, elecci\u00f3n tras elecci\u00f3n\u201d.<\/p>\n<p>\u00bfPuede el frente que encabeza el peronismo doblar al candidato del radicalismo y quedarse con los dos legisladores? \u201cLa pol\u00edtica es el arte de lo posible. En ese contexto,<strong> trabajamos por hacer una elecci\u00f3n hist\u00f3rica: porque no es necesario reafirmar un modelo econ\u00f3mico del pa\u00eds, sino tambi\u00e9n un modelo econ\u00f3mico de la provincia.<\/strong> Nos estamos jugando eso. Del otro lado, se ven concepciones muy individualistas y no queda muy en claro cu\u00e1les son los intereses que se van a defender. Por eso no tenemos dudas de que el acompa\u00f1amiento de los pampeanos va a ser rotundo. Adem\u00e1s, <strong>queremos que haya otra voz femenina de La Pampa en el Congreso porque a\u00fan quedan much\u00edsimos derechos de las mujeres por conquistar<\/strong>\u201d.<\/p>\n<p><strong>-\u00bfQu\u00e9 les dice la gente en la calle o los actos?<\/strong><\/p>\n<p>&#8211; La gente nos dice que hay que aguantar porque Macri ya se va. Y se sabe que no va a haber obras p\u00fablicas ni viviendas sociales si sigue este modelo de pa\u00eds. La actividad econ\u00f3mica es acuciante para todos los pampeanos. \u00a0Pero tambi\u00e9n afecta a empresas porque, con el nivel de inflaci\u00f3n y la falta de acceso al cr\u00e9dito, no se puede producir. Estos tipos ya han demostrado que no tienen coraz\u00f3n, que no les importa la gente y que no es torpeza: vinieron a hacer beneficios para las grandes empresas.<\/p>\n<p><strong>-\u00bfCu\u00e1l es tu opini\u00f3n sobre la legalizaci\u00f3n del aborto?<\/strong><\/p>\n<p>-Estoy a favor. No es una lucha que quedar\u00e1 en vano. Pero adem\u00e1s de eso considero que <strong>es una cuesti\u00f3n de salud p\u00fablica<\/strong>. Puntualmente concibo a la maternidad como un deseo. Soy respetuosa de aquellas que no est\u00e1n de acuerdo: pero lo bueno es que este cambio cultural, se hizo desde las bases y es la pol\u00edtica la que debe tratar y responder a las demandas del pueblo.<\/p>\n<p>&nbsp;<\/p>\n<p>&nbsp;<\/p>\n<p>&nbsp;<\/p>\n<p>&nbsp;<\/p>\n<p>&nbsp;<\/p>\n","protected":false},"excerpt":{"rendered":"<p>Carmina Besga, precandidata a diputada nacional por el Frente de Todos, pronostic\u00f3 que los pampeanos apoyar\u00e1n en forma \u201crotunda\u201d al peronismo en las elecciones PASO y las generales de octubre.&hellip;<\/p>\n","protected":false},"author":3,"featured_media":57303,"comment_status":"closed","ping_status":"open","sticky":false,"template":"","format":"standard","meta":{"_acf_changed":false,"footnotes":""},"categories":[319,8],"tags":[72,2042,1609],"class_list":["post-58063","post","type-post","status-publish","format-standard","has-post-thumbnail","hentry","category-a-temporales","category-politica","tag-araujo","tag-besga","tag-perez"],"acf":[],"yoast_head":"<!-- This site is optimized with the Yoast SEO plugin v27.5 - https:\/\/yoast.com\/product\/yoast-seo-wordpress\/ -->\n<title>\u00bfEl PJ puede meter los dos diputados? Besga se ilusiona con hacer una \u201celecci\u00f3n hist\u00f3rica\u201d - Diario Textual<\/title>\n<meta name=\"robots\" content=\"index, follow, max-snippet:-1, max-image-preview:large, max-video-preview:-1\" \/>\n<link rel=\"canonical\" href=\"https:\/\/diariotextual.com\/inicio\/index.php\/2019\/08\/03\/pj-puede-meter-los-dos-diputados-besga-se-ilusiona-una-eleccion-historica\/\" \/>\n<meta property=\"og:locale\" content=\"es_ES\" \/>\n<meta property=\"og:type\" content=\"article\" \/>\n<meta property=\"og:title\" content=\"\u00bfEl PJ puede meter los dos diputados? Besga se ilusiona con hacer una \u201celecci\u00f3n hist\u00f3rica\u201d - Diario Textual\" \/>\n<meta property=\"og:description\" content=\"Carmina Besga, precandidata a diputada nacional por el Frente de Todos, pronostic\u00f3 que los pampeanos apoyar\u00e1n en forma \u201crotunda\u201d al peronismo en las elecciones PASO y las generales de octubre.&hellip;\" \/>\n<meta property=\"og:url\" content=\"https:\/\/diariotextual.com\/inicio\/index.php\/2019\/08\/03\/pj-puede-meter-los-dos-diputados-besga-se-ilusiona-una-eleccion-historica\/\" \/>\n<meta property=\"og:site_name\" content=\"Diario Textual\" \/>\n<meta property=\"article:publisher\" content=\"https:\/\/www.facebook.com\/eltextual\" \/>\n<meta property=\"article:published_time\" content=\"2019-08-03T12:51:03+00:00\" \/>\n<meta property=\"article:modified_time\" content=\"2019-08-04T11:23:31+00:00\" \/>\n<meta property=\"og:image\" content=\"https:\/\/diariotextual.com\/inicio\/wp-content\/uploads\/2019\/07\/besgacarmina2019-33.jpg\" \/>\n\t<meta property=\"og:image:width\" content=\"955\" \/>\n\t<meta property=\"og:image:height\" content=\"670\" \/>\n\t<meta property=\"og:image:type\" content=\"image\/jpeg\" \/>\n<meta name=\"author\" content=\"Diario1 Diario1\" \/>\n<meta name=\"twitter:card\" content=\"summary_large_image\" \/>\n<meta name=\"twitter:creator\" content=\"@eltextual\" \/>\n<meta name=\"twitter:site\" content=\"@eltextual\" \/>\n<meta name=\"twitter:label1\" content=\"Escrito por\" \/>\n\t<meta name=\"twitter:data1\" content=\"Diario1 Diario1\" \/>\n\t<meta name=\"twitter:label2\" content=\"Tiempo de lectura\" \/>\n\t<meta name=\"twitter:data2\" content=\"3 minutos\" \/>\n<script type=\"application\/ld+json\" class=\"yoast-schema-graph\">{\"@context\":\"https:\\\/\\\/schema.org\",\"@graph\":[{\"@type\":\"Article\",\"@id\":\"https:\\\/\\\/diariotextual.com\\\/inicio\\\/index.php\\\/2019\\\/08\\\/03\\\/pj-puede-meter-los-dos-diputados-besga-se-ilusiona-una-eleccion-historica\\\/#article\",\"isPartOf\":{\"@id\":\"https:\\\/\\\/diariotextual.com\\\/inicio\\\/index.php\\\/2019\\\/08\\\/03\\\/pj-puede-meter-los-dos-diputados-besga-se-ilusiona-una-eleccion-historica\\\/\"},\"author\":{\"name\":\"Diario1 Diario1\",\"@id\":\"https:\\\/\\\/diariotextual.com\\\/inicio\\\/#\\\/schema\\\/person\\\/418fc4093c33e86ed41562db3508f958\"},\"headline\":\"\u00bfEl PJ puede meter los dos diputados? Besga se ilusiona con hacer una \u201celecci\u00f3n hist\u00f3rica\u201d\",\"datePublished\":\"2019-08-03T12:51:03+00:00\",\"dateModified\":\"2019-08-04T11:23:31+00:00\",\"mainEntityOfPage\":{\"@id\":\"https:\\\/\\\/diariotextual.com\\\/inicio\\\/index.php\\\/2019\\\/08\\\/03\\\/pj-puede-meter-los-dos-diputados-besga-se-ilusiona-una-eleccion-historica\\\/\"},\"wordCount\":600,\"publisher\":{\"@id\":\"https:\\\/\\\/diariotextual.com\\\/inicio\\\/#organization\"},\"image\":{\"@id\":\"https:\\\/\\\/diariotextual.com\\\/inicio\\\/index.php\\\/2019\\\/08\\\/03\\\/pj-puede-meter-los-dos-diputados-besga-se-ilusiona-una-eleccion-historica\\\/#primaryimage\"},\"thumbnailUrl\":\"https:\\\/\\\/diariotextual.com\\\/inicio\\\/wp-content\\\/uploads\\\/2019\\\/07\\\/besgacarmina2019-33.jpg\",\"keywords\":[\"araujo\",\"besga\",\"perez\"],\"articleSection\":[\"A - TEMPORALES\",\"POLITICA\"],\"inLanguage\":\"es\"},{\"@type\":\"WebPage\",\"@id\":\"https:\\\/\\\/diariotextual.com\\\/inicio\\\/index.php\\\/2019\\\/08\\\/03\\\/pj-puede-meter-los-dos-diputados-besga-se-ilusiona-una-eleccion-historica\\\/\",\"url\":\"https:\\\/\\\/diariotextual.com\\\/inicio\\\/index.php\\\/2019\\\/08\\\/03\\\/pj-puede-meter-los-dos-diputados-besga-se-ilusiona-una-eleccion-historica\\\/\",\"name\":\"\u00bfEl PJ puede meter los dos diputados? Besga se ilusiona con hacer una \u201celecci\u00f3n hist\u00f3rica\u201d - Diario Textual\",\"isPartOf\":{\"@id\":\"https:\\\/\\\/diariotextual.com\\\/inicio\\\/#website\"},\"primaryImageOfPage\":{\"@id\":\"https:\\\/\\\/diariotextual.com\\\/inicio\\\/index.php\\\/2019\\\/08\\\/03\\\/pj-puede-meter-los-dos-diputados-besga-se-ilusiona-una-eleccion-historica\\\/#primaryimage\"},\"image\":{\"@id\":\"https:\\\/\\\/diariotextual.com\\\/inicio\\\/index.php\\\/2019\\\/08\\\/03\\\/pj-puede-meter-los-dos-diputados-besga-se-ilusiona-una-eleccion-historica\\\/#primaryimage\"},\"thumbnailUrl\":\"https:\\\/\\\/diariotextual.com\\\/inicio\\\/wp-content\\\/uploads\\\/2019\\\/07\\\/besgacarmina2019-33.jpg\",\"datePublished\":\"2019-08-03T12:51:03+00:00\",\"dateModified\":\"2019-08-04T11:23:31+00:00\",\"breadcrumb\":{\"@id\":\"https:\\\/\\\/diariotextual.com\\\/inicio\\\/index.php\\\/2019\\\/08\\\/03\\\/pj-puede-meter-los-dos-diputados-besga-se-ilusiona-una-eleccion-historica\\\/#breadcrumb\"},\"inLanguage\":\"es\",\"potentialAction\":[{\"@type\":\"ReadAction\",\"target\":[\"https:\\\/\\\/diariotextual.com\\\/inicio\\\/index.php\\\/2019\\\/08\\\/03\\\/pj-puede-meter-los-dos-diputados-besga-se-ilusiona-una-eleccion-historica\\\/\"]}]},{\"@type\":\"ImageObject\",\"inLanguage\":\"es\",\"@id\":\"https:\\\/\\\/diariotextual.com\\\/inicio\\\/index.php\\\/2019\\\/08\\\/03\\\/pj-puede-meter-los-dos-diputados-besga-se-ilusiona-una-eleccion-historica\\\/#primaryimage\",\"url\":\"https:\\\/\\\/diariotextual.com\\\/inicio\\\/wp-content\\\/uploads\\\/2019\\\/07\\\/besgacarmina2019-33.jpg\",\"contentUrl\":\"https:\\\/\\\/diariotextual.com\\\/inicio\\\/wp-content\\\/uploads\\\/2019\\\/07\\\/besgacarmina2019-33.jpg\",\"width\":955,\"height\":670},{\"@type\":\"BreadcrumbList\",\"@id\":\"https:\\\/\\\/diariotextual.com\\\/inicio\\\/index.php\\\/2019\\\/08\\\/03\\\/pj-puede-meter-los-dos-diputados-besga-se-ilusiona-una-eleccion-historica\\\/#breadcrumb\",\"itemListElement\":[{\"@type\":\"ListItem\",\"position\":1,\"name\":\"Portada\",\"item\":\"https:\\\/\\\/diariotextual.com\\\/inicio\\\/\"},{\"@type\":\"ListItem\",\"position\":2,\"name\":\"\u00bfEl PJ puede meter los dos diputados? Besga se ilusiona con hacer una \u201celecci\u00f3n hist\u00f3rica\u201d\"}]},{\"@type\":\"WebSite\",\"@id\":\"https:\\\/\\\/diariotextual.com\\\/inicio\\\/#website\",\"url\":\"https:\\\/\\\/diariotextual.com\\\/inicio\\\/\",\"name\":\"Diario Textual\",\"description\":\"\",\"publisher\":{\"@id\":\"https:\\\/\\\/diariotextual.com\\\/inicio\\\/#organization\"},\"potentialAction\":[{\"@type\":\"SearchAction\",\"target\":{\"@type\":\"EntryPoint\",\"urlTemplate\":\"https:\\\/\\\/diariotextual.com\\\/inicio\\\/?s={search_term_string}\"},\"query-input\":{\"@type\":\"PropertyValueSpecification\",\"valueRequired\":true,\"valueName\":\"search_term_string\"}}],\"inLanguage\":\"es\"},{\"@type\":\"Organization\",\"@id\":\"https:\\\/\\\/diariotextual.com\\\/inicio\\\/#organization\",\"name\":\"Diario Textual\",\"url\":\"https:\\\/\\\/diariotextual.com\\\/inicio\\\/\",\"logo\":{\"@type\":\"ImageObject\",\"inLanguage\":\"es\",\"@id\":\"https:\\\/\\\/diariotextual.com\\\/inicio\\\/#\\\/schema\\\/logo\\\/image\\\/\",\"url\":\"https:\\\/\\\/diariotextual.com\\\/inicio\\\/wp-content\\\/uploads\\\/2023\\\/05\\\/logotextual1.jpg\",\"contentUrl\":\"https:\\\/\\\/diariotextual.com\\\/inicio\\\/wp-content\\\/uploads\\\/2023\\\/05\\\/logotextual1.jpg\",\"width\":516,\"height\":76,\"caption\":\"Diario Textual\"},\"image\":{\"@id\":\"https:\\\/\\\/diariotextual.com\\\/inicio\\\/#\\\/schema\\\/logo\\\/image\\\/\"},\"sameAs\":[\"https:\\\/\\\/www.facebook.com\\\/eltextual\",\"https:\\\/\\\/x.com\\\/eltextual\",\"http:\\\/\\\/www.instagram.com\\\/eltextual\"]},{\"@type\":\"Person\",\"@id\":\"https:\\\/\\\/diariotextual.com\\\/inicio\\\/#\\\/schema\\\/person\\\/418fc4093c33e86ed41562db3508f958\",\"name\":\"Diario1 Diario1\",\"image\":{\"@type\":\"ImageObject\",\"inLanguage\":\"es\",\"@id\":\"https:\\\/\\\/secure.gravatar.com\\\/avatar\\\/9167d280179c85bc18be67aa7eda765854300033af4896dd779b608640f2ef7a?s=96&d=mm&r=g\",\"url\":\"https:\\\/\\\/secure.gravatar.com\\\/avatar\\\/9167d280179c85bc18be67aa7eda765854300033af4896dd779b608640f2ef7a?s=96&d=mm&r=g\",\"contentUrl\":\"https:\\\/\\\/secure.gravatar.com\\\/avatar\\\/9167d280179c85bc18be67aa7eda765854300033af4896dd779b608640f2ef7a?s=96&d=mm&r=g\",\"caption\":\"Diario1 Diario1\"},\"url\":\"https:\\\/\\\/diariotextual.com\\\/inicio\\\/index.php\\\/author\\\/diario1\\\/\"}]}<\/script>\n<!-- \/ Yoast SEO plugin. -->","yoast_head_json":{"title":"\u00bfEl PJ puede meter los dos diputados? Besga se ilusiona con hacer una \u201celecci\u00f3n hist\u00f3rica\u201d - Diario Textual","robots":{"index":"index","follow":"follow","max-snippet":"max-snippet:-1","max-image-preview":"max-image-preview:large","max-video-preview":"max-video-preview:-1"},"canonical":"https:\/\/diariotextual.com\/inicio\/index.php\/2019\/08\/03\/pj-puede-meter-los-dos-diputados-besga-se-ilusiona-una-eleccion-historica\/","og_locale":"es_ES","og_type":"article","og_title":"\u00bfEl PJ puede meter los dos diputados? Besga se ilusiona con hacer una \u201celecci\u00f3n hist\u00f3rica\u201d - Diario Textual","og_description":"Carmina Besga, precandidata a diputada nacional por el Frente de Todos, pronostic\u00f3 que los pampeanos apoyar\u00e1n en forma \u201crotunda\u201d al peronismo en las elecciones PASO y las generales de octubre.&hellip;","og_url":"https:\/\/diariotextual.com\/inicio\/index.php\/2019\/08\/03\/pj-puede-meter-los-dos-diputados-besga-se-ilusiona-una-eleccion-historica\/","og_site_name":"Diario Textual","article_publisher":"https:\/\/www.facebook.com\/eltextual","article_published_time":"2019-08-03T12:51:03+00:00","article_modified_time":"2019-08-04T11:23:31+00:00","og_image":[{"width":955,"height":670,"url":"https:\/\/diariotextual.com\/inicio\/wp-content\/uploads\/2019\/07\/besgacarmina2019-33.jpg","type":"image\/jpeg"}],"author":"Diario1 Diario1","twitter_card":"summary_large_image","twitter_creator":"@eltextual","twitter_site":"@eltextual","twitter_misc":{"Escrito por":"Diario1 Diario1","Tiempo de lectura":"3 minutos"},"schema":{"@context":"https:\/\/schema.org","@graph":[{"@type":"Article","@id":"https:\/\/diariotextual.com\/inicio\/index.php\/2019\/08\/03\/pj-puede-meter-los-dos-diputados-besga-se-ilusiona-una-eleccion-historica\/#article","isPartOf":{"@id":"https:\/\/diariotextual.com\/inicio\/index.php\/2019\/08\/03\/pj-puede-meter-los-dos-diputados-besga-se-ilusiona-una-eleccion-historica\/"},"author":{"name":"Diario1 Diario1","@id":"https:\/\/diariotextual.com\/inicio\/#\/schema\/person\/418fc4093c33e86ed41562db3508f958"},"headline":"\u00bfEl PJ puede meter los dos diputados? Besga se ilusiona con hacer una \u201celecci\u00f3n hist\u00f3rica\u201d","datePublished":"2019-08-03T12:51:03+00:00","dateModified":"2019-08-04T11:23:31+00:00","mainEntityOfPage":{"@id":"https:\/\/diariotextual.com\/inicio\/index.php\/2019\/08\/03\/pj-puede-meter-los-dos-diputados-besga-se-ilusiona-una-eleccion-historica\/"},"wordCount":600,"publisher":{"@id":"https:\/\/diariotextual.com\/inicio\/#organization"},"image":{"@id":"https:\/\/diariotextual.com\/inicio\/index.php\/2019\/08\/03\/pj-puede-meter-los-dos-diputados-besga-se-ilusiona-una-eleccion-historica\/#primaryimage"},"thumbnailUrl":"https:\/\/diariotextual.com\/inicio\/wp-content\/uploads\/2019\/07\/besgacarmina2019-33.jpg","keywords":["araujo","besga","perez"],"articleSection":["A - TEMPORALES","POLITICA"],"inLanguage":"es"},{"@type":"WebPage","@id":"https:\/\/diariotextual.com\/inicio\/index.php\/2019\/08\/03\/pj-puede-meter-los-dos-diputados-besga-se-ilusiona-una-eleccion-historica\/","url":"https:\/\/diariotextual.com\/inicio\/index.php\/2019\/08\/03\/pj-puede-meter-los-dos-diputados-besga-se-ilusiona-una-eleccion-historica\/","name":"\u00bfEl PJ puede meter los dos diputados? Besga se ilusiona con hacer una \u201celecci\u00f3n hist\u00f3rica\u201d - Diario Textual","isPartOf":{"@id":"https:\/\/diariotextual.com\/inicio\/#website"},"primaryImageOfPage":{"@id":"https:\/\/diariotextual.com\/inicio\/index.php\/2019\/08\/03\/pj-puede-meter-los-dos-diputados-besga-se-ilusiona-una-eleccion-historica\/#primaryimage"},"image":{"@id":"https:\/\/diariotextual.com\/inicio\/index.php\/2019\/08\/03\/pj-puede-meter-los-dos-diputados-besga-se-ilusiona-una-eleccion-historica\/#primaryimage"},"thumbnailUrl":"https:\/\/diariotextual.com\/inicio\/wp-content\/uploads\/2019\/07\/besgacarmina2019-33.jpg","datePublished":"2019-08-03T12:51:03+00:00","dateModified":"2019-08-04T11:23:31+00:00","breadcrumb":{"@id":"https:\/\/diariotextual.com\/inicio\/index.php\/2019\/08\/03\/pj-puede-meter-los-dos-diputados-besga-se-ilusiona-una-eleccion-historica\/#breadcrumb"},"inLanguage":"es","potentialAction":[{"@type":"ReadAction","target":["https:\/\/diariotextual.com\/inicio\/index.php\/2019\/08\/03\/pj-puede-meter-los-dos-diputados-besga-se-ilusiona-una-eleccion-historica\/"]}]},{"@type":"ImageObject","inLanguage":"es","@id":"https:\/\/diariotextual.com\/inicio\/index.php\/2019\/08\/03\/pj-puede-meter-los-dos-diputados-besga-se-ilusiona-una-eleccion-historica\/#primaryimage","url":"https:\/\/diariotextual.com\/inicio\/wp-content\/uploads\/2019\/07\/besgacarmina2019-33.jpg","contentUrl":"https:\/\/diariotextual.com\/inicio\/wp-content\/uploads\/2019\/07\/besgacarmina2019-33.jpg","width":955,"height":670},{"@type":"BreadcrumbList","@id":"https:\/\/diariotextual.com\/inicio\/index.php\/2019\/08\/03\/pj-puede-meter-los-dos-diputados-besga-se-ilusiona-una-eleccion-historica\/#breadcrumb","itemListElement":[{"@type":"ListItem","position":1,"name":"Portada","item":"https:\/\/diariotextual.com\/inicio\/"},{"@type":"ListItem","position":2,"name":"\u00bfEl PJ puede meter los dos diputados? Besga se ilusiona con hacer una \u201celecci\u00f3n hist\u00f3rica\u201d"}]},{"@type":"WebSite","@id":"https:\/\/diariotextual.com\/inicio\/#website","url":"https:\/\/diariotextual.com\/inicio\/","name":"Diario Textual","description":"","publisher":{"@id":"https:\/\/diariotextual.com\/inicio\/#organization"},"potentialAction":[{"@type":"SearchAction","target":{"@type":"EntryPoint","urlTemplate":"https:\/\/diariotextual.com\/inicio\/?s={search_term_string}"},"query-input":{"@type":"PropertyValueSpecification","valueRequired":true,"valueName":"search_term_string"}}],"inLanguage":"es"},{"@type":"Organization","@id":"https:\/\/diariotextual.com\/inicio\/#organization","name":"Diario Textual","url":"https:\/\/diariotextual.com\/inicio\/","logo":{"@type":"ImageObject","inLanguage":"es","@id":"https:\/\/diariotextual.com\/inicio\/#\/schema\/logo\/image\/","url":"https:\/\/diariotextual.com\/inicio\/wp-content\/uploads\/2023\/05\/logotextual1.jpg","contentUrl":"https:\/\/diariotextual.com\/inicio\/wp-content\/uploads\/2023\/05\/logotextual1.jpg","width":516,"height":76,"caption":"Diario Textual"},"image":{"@id":"https:\/\/diariotextual.com\/inicio\/#\/schema\/logo\/image\/"},"sameAs":["https:\/\/www.facebook.com\/eltextual","https:\/\/x.com\/eltextual","http:\/\/www.instagram.com\/eltextual"]},{"@type":"Person","@id":"https:\/\/diariotextual.com\/inicio\/#\/schema\/person\/418fc4093c33e86ed41562db3508f958","name":"Diario1 Diario1","image":{"@type":"ImageObject","inLanguage":"es","@id":"https:\/\/secure.gravatar.com\/avatar\/9167d280179c85bc18be67aa7eda765854300033af4896dd779b608640f2ef7a?s=96&d=mm&r=g","url":"https:\/\/secure.gravatar.com\/avatar\/9167d280179c85bc18be67aa7eda765854300033af4896dd779b608640f2ef7a?s=96&d=mm&r=g","contentUrl":"https:\/\/secure.gravatar.com\/avatar\/9167d280179c85bc18be67aa7eda765854300033af4896dd779b608640f2ef7a?s=96&d=mm&r=g","caption":"Diario1 Diario1"},"url":"https:\/\/diariotextual.com\/inicio\/index.php\/author\/diario1\/"}]}},"_links":{"self":[{"href":"https:\/\/diariotextual.com\/inicio\/index.php\/wp-json\/wp\/v2\/posts\/58063","targetHints":{"allow":["GET"]}}],"collection":[{"href":"https:\/\/diariotextual.com\/inicio\/index.php\/wp-json\/wp\/v2\/posts"}],"about":[{"href":"https:\/\/diariotextual.com\/inicio\/index.php\/wp-json\/wp\/v2\/types\/post"}],"author":[{"embeddable":true,"href":"https:\/\/diariotextual.com\/inicio\/index.php\/wp-json\/wp\/v2\/users\/3"}],"replies":[{"embeddable":true,"href":"https:\/\/diariotextual.com\/inicio\/index.php\/wp-json\/wp\/v2\/comments?post=58063"}],"version-history":[{"count":8,"href":"https:\/\/diariotextual.com\/inicio\/index.php\/wp-json\/wp\/v2\/posts\/58063\/revisions"}],"predecessor-version":[{"id":58075,"href":"https:\/\/diariotextual.com\/inicio\/index.php\/wp-json\/wp\/v2\/posts\/58063\/revisions\/58075"}],"wp:featuredmedia":[{"embeddable":true,"href":"https:\/\/diariotextual.com\/inicio\/index.php\/wp-json\/wp\/v2\/media\/57303"}],"wp:attachment":[{"href":"https:\/\/diariotextual.com\/inicio\/index.php\/wp-json\/wp\/v2\/media?parent=58063"}],"wp:term":[{"taxonomy":"category","embeddable":true,"href":"https:\/\/diariotextual.com\/inicio\/index.php\/wp-json\/wp\/v2\/categories?post=58063"},{"taxonomy":"post_tag","embeddable":true,"href":"https:\/\/diariotextual.com\/inicio\/index.php\/wp-json\/wp\/v2\/tags?post=58063"}],"curies":[{"name":"wp","href":"https:\/\/api.w.org\/{rel}","templated":true}]}}