{"id":58205,"date":"2019-08-05T08:40:42","date_gmt":"2019-08-05T11:40:42","guid":{"rendered":"http:\/\/diariotextual.com\/inicio\/?p=58205"},"modified":"2019-08-05T19:16:30","modified_gmt":"2019-08-05T22:16:30","slug":"escrutinio-apoderada-del-pj-sembro-dudas-transmision-datos","status":"publish","type":"post","link":"https:\/\/diariotextual.com\/inicio\/index.php\/2019\/08\/05\/escrutinio-apoderada-del-pj-sembro-dudas-transmision-datos\/","title":{"rendered":"Escrutinio: apoderada del PJ sembr\u00f3 dudas sobre transmisi\u00f3n de datos"},"content":{"rendered":"<p>La apoderada del PJ nacional, <strong>Patricia Garc\u00eda Blanco<\/strong>, sembr\u00f3 <strong>dudas sobre el nuevo sistema digital de transmisi\u00f3n de datos del escrutinio provisorio<\/strong> que se pondr\u00e1 en marcha en las elecciones Primarias, Abiertas, Simult\u00e1neas y Obligatorias del domingo que viene. Advirti\u00f3 que <strong>la oposici\u00f3n \u00abno pudo auditar\u00bb el software<\/strong> que se utilizar\u00e1, no saben qu\u00e9 personas lo manejar\u00e1n, ni tampoco si todas las escuelas tendr\u00e1n conectividad.\u00a0<strong>\u00abQueremos es que se asegure que el voto del pueblo est\u00e9 reflejado. Pretendemos acceder a los datos crudos, no a lo que una m\u00e1quina manejada por una persona ya proces\u00f3<\/strong>, dijo.<\/p>\n<blockquote class=\"wp-embedded-content\" data-secret=\"7wlV5kzmei\"><p><a href=\"http:\/\/diariotextual.com\/inicio\/index.php\/2019\/08\/02\/camara-electoral-pidio-al-gobierno-transparencia-escrutinio\/\">C\u00e1mara Electoral pidi\u00f3 al Gobierno transparencia en el escrutinio<\/a><\/p><\/blockquote>\n<p><iframe class=\"wp-embedded-content\" sandbox=\"allow-scripts\" security=\"restricted\" style=\"position: absolute; clip: rect(1px, 1px, 1px, 1px);\" src=\"http:\/\/diariotextual.com\/inicio\/index.php\/2019\/08\/02\/camara-electoral-pidio-al-gobierno-transparencia-escrutinio\/embed\/#?secret=7wlV5kzmei\" data-secret=\"7wlV5kzmei\" width=\"600\" height=\"338\" title=\"&#171;C\u00e1mara Electoral pidi\u00f3 al Gobierno transparencia en el escrutinio&#187; &#8212; Diario Textual\" frameborder=\"0\" marginwidth=\"0\" marginheight=\"0\" scrolling=\"no\"><\/iframe><\/p>\n<p>La empresa encargada de la digitalizaci\u00f3n de la transmisi\u00f3n de datos de las PASO es <strong>Smartmatic.<\/strong> Es una empresa venezolana que\u00a0reemplazar\u00e1 por v\u00eda digital la carga de datos, dejando as\u00ed atr\u00e1s la v\u00eda terrestre en manos del Correo Argentino, como funcion\u00f3 en todos los comicios de nuestro pa\u00eds.\u00a0<strong>SmartTally<\/strong> se llama el software que cre\u00f3 la compa\u00f1\u00eda para esta elecci\u00f3n.<\/p>\n<p>Desde la oposici\u00f3n plantearon dudas respecto al nuevo sistema de transmisi\u00f3n de datos y la semana pasada <strong>la C\u00e1mara Nacional Electoral le\u00a0pidi\u00f3 al Gobierno que adopte las medidas necesarias para garantizar la transparencia del escrutinio provisorio.<\/strong><\/p>\n<p>Una de las apoderadas del PJ a nivel nacional, que realiz\u00f3 esta presentaci\u00f3n en la justicia electoral es Patricia Garc\u00eda Blanco, que en di\u00e1logo con <strong>Radio Textual (FM Sonar 97.9)<\/strong> explic\u00f3 las dudas y los temores que hay en los partidos de la oposici\u00f3n respecto a la manipulaci\u00f3n de los datos.<\/p>\n<p><strong>\u201cFraude no habr\u00e1 porque eso ser\u00eda en una instancia de un escrutinio definitivo y eso lo hace la justicia, en la cual confiamos. El tema es la nueva aplicaci\u00f3n del sistema inform\u00e1tico que transforma archivos y la lectura del escaneo. Ac\u00e1 ingresa un protagonista m\u00e1s que es el transmisor del telegrama, que se hace en una sala dentro de una escuela con equipos inform\u00e1ticos que no est\u00e1n verificados\u00bb<\/strong>, explic\u00f3.<\/p>\n<p>\u00abHasta el d\u00eda de hoy <strong>no se ha presentado a la justicia el software que se va a utilizar. Lo ten\u00edan que poner 30 d\u00edas antes a disposici\u00f3n de los partidos y a una semana no lo hicieron.<\/strong> Ellos (el Gobierno) dicen que falta la puesta a punto, pero no tenemos manera de auditarlo con nuestros analistas inform\u00e1ticos\u00bb, advirti\u00f3.<\/p>\n<p><img fetchpriority=\"high\" decoding=\"async\" class=\"alignnone size-full wp-image-58209\" src=\"http:\/\/diariotextual.com\/inicio\/wp-content\/uploads\/2019\/08\/patriciagarciablanco.jpg\" alt=\"\" width=\"760\" height=\"428\" srcset=\"https:\/\/diariotextual.com\/inicio\/wp-content\/uploads\/2019\/08\/patriciagarciablanco.jpg 760w, https:\/\/diariotextual.com\/inicio\/wp-content\/uploads\/2019\/08\/patriciagarciablanco-300x169.jpg 300w, https:\/\/diariotextual.com\/inicio\/wp-content\/uploads\/2019\/08\/patriciagarciablanco-585x329.jpg 585w\" sizes=\"(max-width: 760px) 100vw, 760px\" \/><\/p>\n<p>Garc\u00eda Blanco explic\u00f3 c\u00f3mo ser\u00e1 el nuevo mecanismo de transmisi\u00f3n de datos: \u00abHabr\u00e1 una sala en la escuela desde donde se transmitir\u00e1n los datos. Eso lo manejar\u00e1 una persona contratada para hacer esa funci\u00f3n. Desconocemos la n\u00f3mina de esas personas porque el Gobierno no inform\u00f3 qui\u00e9nes ser\u00e1n los encargados en cada provincia\u00bb, dijo la apoderada.<\/p>\n<p><strong>\u00abA una semana de la elecci\u00f3n todav\u00eda\u00a0est\u00e1n haci\u00e9ndoles pruebas y actualizaciones al software. No sabemos si todas las escuelas tendr\u00e1n conectividad porque de 11 mil escuelas que participaron de la \u00faltima prueba, solamente pudimos auditar 31\u00bb<\/strong>, revel\u00f3.<\/p>\n<p>\u00abLo que queremos es que se asegure que el voto del pueblo est\u00e9 reflejado. Por eso pretendemos acceder a los datos crudos, no a lo que una m\u00e1quina manejada por una persona ya proces\u00f3. En definitiva, no sabemos c\u00f3mo va a funcionar el nuevo sistema, no tenemos antecedentes y nos preocupa\u00bb, cerr\u00f3..<\/p>\n<p>&nbsp;<\/p>\n","protected":false},"excerpt":{"rendered":"<p>La apoderada del PJ nacional, Patricia Garc\u00eda Blanco, sembr\u00f3 dudas sobre el nuevo sistema digital de transmisi\u00f3n de datos del escrutinio provisorio que se pondr\u00e1 en marcha en las elecciones&hellip;<\/p>\n","protected":false},"author":7,"featured_media":58207,"comment_status":"closed","ping_status":"open","sticky":false,"template":"","format":"standard","meta":{"_acf_changed":false,"footnotes":""},"categories":[319,8],"tags":[2157],"class_list":["post-58205","post","type-post","status-publish","format-standard","has-post-thumbnail","hentry","category-a-temporales","category-politica","tag-escrutinio"],"acf":[],"yoast_head":"<!-- This site is optimized with the Yoast SEO plugin v27.5 - https:\/\/yoast.com\/product\/yoast-seo-wordpress\/ -->\n<title>Escrutinio: apoderada del PJ sembr\u00f3 dudas sobre transmisi\u00f3n de datos - Diario Textual<\/title>\n<meta name=\"robots\" content=\"index, follow, max-snippet:-1, max-image-preview:large, max-video-preview:-1\" \/>\n<link rel=\"canonical\" href=\"https:\/\/diariotextual.com\/inicio\/index.php\/2019\/08\/05\/escrutinio-apoderada-del-pj-sembro-dudas-transmision-datos\/\" \/>\n<meta property=\"og:locale\" content=\"es_ES\" \/>\n<meta property=\"og:type\" content=\"article\" \/>\n<meta property=\"og:title\" content=\"Escrutinio: apoderada del PJ sembr\u00f3 dudas sobre transmisi\u00f3n de datos - Diario Textual\" \/>\n<meta property=\"og:description\" content=\"La apoderada del PJ nacional, Patricia Garc\u00eda Blanco, sembr\u00f3 dudas sobre el nuevo sistema digital de transmisi\u00f3n de datos del escrutinio provisorio que se pondr\u00e1 en marcha en las elecciones&hellip;\" \/>\n<meta property=\"og:url\" content=\"https:\/\/diariotextual.com\/inicio\/index.php\/2019\/08\/05\/escrutinio-apoderada-del-pj-sembro-dudas-transmision-datos\/\" \/>\n<meta property=\"og:site_name\" content=\"Diario Textual\" \/>\n<meta property=\"article:publisher\" content=\"https:\/\/www.facebook.com\/eltextual\" \/>\n<meta property=\"article:published_time\" content=\"2019-08-05T11:40:42+00:00\" \/>\n<meta property=\"article:modified_time\" content=\"2019-08-05T22:16:30+00:00\" \/>\n<meta property=\"og:image\" content=\"https:\/\/diariotextual.com\/inicio\/wp-content\/uploads\/2019\/08\/escrutiniopaso2222.jpg\" \/>\n\t<meta property=\"og:image:width\" content=\"1200\" \/>\n\t<meta property=\"og:image:height\" content=\"592\" \/>\n\t<meta property=\"og:image:type\" content=\"image\/jpeg\" \/>\n<meta name=\"author\" content=\"diario5\" \/>\n<meta name=\"twitter:card\" content=\"summary_large_image\" \/>\n<meta name=\"twitter:creator\" content=\"@eltextual\" \/>\n<meta name=\"twitter:site\" content=\"@eltextual\" \/>\n<meta name=\"twitter:label1\" content=\"Escrito por\" \/>\n\t<meta name=\"twitter:data1\" content=\"diario5\" \/>\n\t<meta name=\"twitter:label2\" content=\"Tiempo de lectura\" \/>\n\t<meta name=\"twitter:data2\" content=\"3 minutos\" \/>\n<script type=\"application\/ld+json\" class=\"yoast-schema-graph\">{\"@context\":\"https:\\\/\\\/schema.org\",\"@graph\":[{\"@type\":\"Article\",\"@id\":\"https:\\\/\\\/diariotextual.com\\\/inicio\\\/index.php\\\/2019\\\/08\\\/05\\\/escrutinio-apoderada-del-pj-sembro-dudas-transmision-datos\\\/#article\",\"isPartOf\":{\"@id\":\"https:\\\/\\\/diariotextual.com\\\/inicio\\\/index.php\\\/2019\\\/08\\\/05\\\/escrutinio-apoderada-del-pj-sembro-dudas-transmision-datos\\\/\"},\"author\":{\"name\":\"diario5\",\"@id\":\"https:\\\/\\\/diariotextual.com\\\/inicio\\\/#\\\/schema\\\/person\\\/c7834961ad8b29b1d9cdbf4571299067\"},\"headline\":\"Escrutinio: apoderada del PJ sembr\u00f3 dudas sobre transmisi\u00f3n de datos\",\"datePublished\":\"2019-08-05T11:40:42+00:00\",\"dateModified\":\"2019-08-05T22:16:30+00:00\",\"mainEntityOfPage\":{\"@id\":\"https:\\\/\\\/diariotextual.com\\\/inicio\\\/index.php\\\/2019\\\/08\\\/05\\\/escrutinio-apoderada-del-pj-sembro-dudas-transmision-datos\\\/\"},\"wordCount\":582,\"publisher\":{\"@id\":\"https:\\\/\\\/diariotextual.com\\\/inicio\\\/#organization\"},\"image\":{\"@id\":\"https:\\\/\\\/diariotextual.com\\\/inicio\\\/index.php\\\/2019\\\/08\\\/05\\\/escrutinio-apoderada-del-pj-sembro-dudas-transmision-datos\\\/#primaryimage\"},\"thumbnailUrl\":\"https:\\\/\\\/diariotextual.com\\\/inicio\\\/wp-content\\\/uploads\\\/2019\\\/08\\\/escrutiniopaso2222.jpg\",\"keywords\":[\"escrutinio\"],\"articleSection\":[\"A - TEMPORALES\",\"POLITICA\"],\"inLanguage\":\"es\"},{\"@type\":\"WebPage\",\"@id\":\"https:\\\/\\\/diariotextual.com\\\/inicio\\\/index.php\\\/2019\\\/08\\\/05\\\/escrutinio-apoderada-del-pj-sembro-dudas-transmision-datos\\\/\",\"url\":\"https:\\\/\\\/diariotextual.com\\\/inicio\\\/index.php\\\/2019\\\/08\\\/05\\\/escrutinio-apoderada-del-pj-sembro-dudas-transmision-datos\\\/\",\"name\":\"Escrutinio: apoderada del PJ sembr\u00f3 dudas sobre transmisi\u00f3n de datos - Diario Textual\",\"isPartOf\":{\"@id\":\"https:\\\/\\\/diariotextual.com\\\/inicio\\\/#website\"},\"primaryImageOfPage\":{\"@id\":\"https:\\\/\\\/diariotextual.com\\\/inicio\\\/index.php\\\/2019\\\/08\\\/05\\\/escrutinio-apoderada-del-pj-sembro-dudas-transmision-datos\\\/#primaryimage\"},\"image\":{\"@id\":\"https:\\\/\\\/diariotextual.com\\\/inicio\\\/index.php\\\/2019\\\/08\\\/05\\\/escrutinio-apoderada-del-pj-sembro-dudas-transmision-datos\\\/#primaryimage\"},\"thumbnailUrl\":\"https:\\\/\\\/diariotextual.com\\\/inicio\\\/wp-content\\\/uploads\\\/2019\\\/08\\\/escrutiniopaso2222.jpg\",\"datePublished\":\"2019-08-05T11:40:42+00:00\",\"dateModified\":\"2019-08-05T22:16:30+00:00\",\"breadcrumb\":{\"@id\":\"https:\\\/\\\/diariotextual.com\\\/inicio\\\/index.php\\\/2019\\\/08\\\/05\\\/escrutinio-apoderada-del-pj-sembro-dudas-transmision-datos\\\/#breadcrumb\"},\"inLanguage\":\"es\",\"potentialAction\":[{\"@type\":\"ReadAction\",\"target\":[\"https:\\\/\\\/diariotextual.com\\\/inicio\\\/index.php\\\/2019\\\/08\\\/05\\\/escrutinio-apoderada-del-pj-sembro-dudas-transmision-datos\\\/\"]}]},{\"@type\":\"ImageObject\",\"inLanguage\":\"es\",\"@id\":\"https:\\\/\\\/diariotextual.com\\\/inicio\\\/index.php\\\/2019\\\/08\\\/05\\\/escrutinio-apoderada-del-pj-sembro-dudas-transmision-datos\\\/#primaryimage\",\"url\":\"https:\\\/\\\/diariotextual.com\\\/inicio\\\/wp-content\\\/uploads\\\/2019\\\/08\\\/escrutiniopaso2222.jpg\",\"contentUrl\":\"https:\\\/\\\/diariotextual.com\\\/inicio\\\/wp-content\\\/uploads\\\/2019\\\/08\\\/escrutiniopaso2222.jpg\",\"width\":1200,\"height\":592},{\"@type\":\"BreadcrumbList\",\"@id\":\"https:\\\/\\\/diariotextual.com\\\/inicio\\\/index.php\\\/2019\\\/08\\\/05\\\/escrutinio-apoderada-del-pj-sembro-dudas-transmision-datos\\\/#breadcrumb\",\"itemListElement\":[{\"@type\":\"ListItem\",\"position\":1,\"name\":\"Portada\",\"item\":\"https:\\\/\\\/diariotextual.com\\\/inicio\\\/\"},{\"@type\":\"ListItem\",\"position\":2,\"name\":\"Escrutinio: apoderada del PJ sembr\u00f3 dudas sobre transmisi\u00f3n de datos\"}]},{\"@type\":\"WebSite\",\"@id\":\"https:\\\/\\\/diariotextual.com\\\/inicio\\\/#website\",\"url\":\"https:\\\/\\\/diariotextual.com\\\/inicio\\\/\",\"name\":\"Diario Textual\",\"description\":\"\",\"publisher\":{\"@id\":\"https:\\\/\\\/diariotextual.com\\\/inicio\\\/#organization\"},\"potentialAction\":[{\"@type\":\"SearchAction\",\"target\":{\"@type\":\"EntryPoint\",\"urlTemplate\":\"https:\\\/\\\/diariotextual.com\\\/inicio\\\/?s={search_term_string}\"},\"query-input\":{\"@type\":\"PropertyValueSpecification\",\"valueRequired\":true,\"valueName\":\"search_term_string\"}}],\"inLanguage\":\"es\"},{\"@type\":\"Organization\",\"@id\":\"https:\\\/\\\/diariotextual.com\\\/inicio\\\/#organization\",\"name\":\"Diario Textual\",\"url\":\"https:\\\/\\\/diariotextual.com\\\/inicio\\\/\",\"logo\":{\"@type\":\"ImageObject\",\"inLanguage\":\"es\",\"@id\":\"https:\\\/\\\/diariotextual.com\\\/inicio\\\/#\\\/schema\\\/logo\\\/image\\\/\",\"url\":\"https:\\\/\\\/diariotextual.com\\\/inicio\\\/wp-content\\\/uploads\\\/2023\\\/05\\\/logotextual1.jpg\",\"contentUrl\":\"https:\\\/\\\/diariotextual.com\\\/inicio\\\/wp-content\\\/uploads\\\/2023\\\/05\\\/logotextual1.jpg\",\"width\":516,\"height\":76,\"caption\":\"Diario Textual\"},\"image\":{\"@id\":\"https:\\\/\\\/diariotextual.com\\\/inicio\\\/#\\\/schema\\\/logo\\\/image\\\/\"},\"sameAs\":[\"https:\\\/\\\/www.facebook.com\\\/eltextual\",\"https:\\\/\\\/x.com\\\/eltextual\",\"http:\\\/\\\/www.instagram.com\\\/eltextual\"]},{\"@type\":\"Person\",\"@id\":\"https:\\\/\\\/diariotextual.com\\\/inicio\\\/#\\\/schema\\\/person\\\/c7834961ad8b29b1d9cdbf4571299067\",\"name\":\"diario5\",\"image\":{\"@type\":\"ImageObject\",\"inLanguage\":\"es\",\"@id\":\"https:\\\/\\\/secure.gravatar.com\\\/avatar\\\/948c893b847ca6df68216ead81b63f363408ec9b0f600fefc0641ce78613b111?s=96&d=mm&r=g\",\"url\":\"https:\\\/\\\/secure.gravatar.com\\\/avatar\\\/948c893b847ca6df68216ead81b63f363408ec9b0f600fefc0641ce78613b111?s=96&d=mm&r=g\",\"contentUrl\":\"https:\\\/\\\/secure.gravatar.com\\\/avatar\\\/948c893b847ca6df68216ead81b63f363408ec9b0f600fefc0641ce78613b111?s=96&d=mm&r=g\",\"caption\":\"diario5\"},\"url\":\"https:\\\/\\\/diariotextual.com\\\/inicio\\\/index.php\\\/author\\\/diario5\\\/\"}]}<\/script>\n<!-- \/ Yoast SEO plugin. -->","yoast_head_json":{"title":"Escrutinio: apoderada del PJ sembr\u00f3 dudas sobre transmisi\u00f3n de datos - Diario Textual","robots":{"index":"index","follow":"follow","max-snippet":"max-snippet:-1","max-image-preview":"max-image-preview:large","max-video-preview":"max-video-preview:-1"},"canonical":"https:\/\/diariotextual.com\/inicio\/index.php\/2019\/08\/05\/escrutinio-apoderada-del-pj-sembro-dudas-transmision-datos\/","og_locale":"es_ES","og_type":"article","og_title":"Escrutinio: apoderada del PJ sembr\u00f3 dudas sobre transmisi\u00f3n de datos - Diario Textual","og_description":"La apoderada del PJ nacional, Patricia Garc\u00eda Blanco, sembr\u00f3 dudas sobre el nuevo sistema digital de transmisi\u00f3n de datos del escrutinio provisorio que se pondr\u00e1 en marcha en las elecciones&hellip;","og_url":"https:\/\/diariotextual.com\/inicio\/index.php\/2019\/08\/05\/escrutinio-apoderada-del-pj-sembro-dudas-transmision-datos\/","og_site_name":"Diario Textual","article_publisher":"https:\/\/www.facebook.com\/eltextual","article_published_time":"2019-08-05T11:40:42+00:00","article_modified_time":"2019-08-05T22:16:30+00:00","og_image":[{"width":1200,"height":592,"url":"https:\/\/diariotextual.com\/inicio\/wp-content\/uploads\/2019\/08\/escrutiniopaso2222.jpg","type":"image\/jpeg"}],"author":"diario5","twitter_card":"summary_large_image","twitter_creator":"@eltextual","twitter_site":"@eltextual","twitter_misc":{"Escrito por":"diario5","Tiempo de lectura":"3 minutos"},"schema":{"@context":"https:\/\/schema.org","@graph":[{"@type":"Article","@id":"https:\/\/diariotextual.com\/inicio\/index.php\/2019\/08\/05\/escrutinio-apoderada-del-pj-sembro-dudas-transmision-datos\/#article","isPartOf":{"@id":"https:\/\/diariotextual.com\/inicio\/index.php\/2019\/08\/05\/escrutinio-apoderada-del-pj-sembro-dudas-transmision-datos\/"},"author":{"name":"diario5","@id":"https:\/\/diariotextual.com\/inicio\/#\/schema\/person\/c7834961ad8b29b1d9cdbf4571299067"},"headline":"Escrutinio: apoderada del PJ sembr\u00f3 dudas sobre transmisi\u00f3n de datos","datePublished":"2019-08-05T11:40:42+00:00","dateModified":"2019-08-05T22:16:30+00:00","mainEntityOfPage":{"@id":"https:\/\/diariotextual.com\/inicio\/index.php\/2019\/08\/05\/escrutinio-apoderada-del-pj-sembro-dudas-transmision-datos\/"},"wordCount":582,"publisher":{"@id":"https:\/\/diariotextual.com\/inicio\/#organization"},"image":{"@id":"https:\/\/diariotextual.com\/inicio\/index.php\/2019\/08\/05\/escrutinio-apoderada-del-pj-sembro-dudas-transmision-datos\/#primaryimage"},"thumbnailUrl":"https:\/\/diariotextual.com\/inicio\/wp-content\/uploads\/2019\/08\/escrutiniopaso2222.jpg","keywords":["escrutinio"],"articleSection":["A - TEMPORALES","POLITICA"],"inLanguage":"es"},{"@type":"WebPage","@id":"https:\/\/diariotextual.com\/inicio\/index.php\/2019\/08\/05\/escrutinio-apoderada-del-pj-sembro-dudas-transmision-datos\/","url":"https:\/\/diariotextual.com\/inicio\/index.php\/2019\/08\/05\/escrutinio-apoderada-del-pj-sembro-dudas-transmision-datos\/","name":"Escrutinio: apoderada del PJ sembr\u00f3 dudas sobre transmisi\u00f3n de datos - Diario Textual","isPartOf":{"@id":"https:\/\/diariotextual.com\/inicio\/#website"},"primaryImageOfPage":{"@id":"https:\/\/diariotextual.com\/inicio\/index.php\/2019\/08\/05\/escrutinio-apoderada-del-pj-sembro-dudas-transmision-datos\/#primaryimage"},"image":{"@id":"https:\/\/diariotextual.com\/inicio\/index.php\/2019\/08\/05\/escrutinio-apoderada-del-pj-sembro-dudas-transmision-datos\/#primaryimage"},"thumbnailUrl":"https:\/\/diariotextual.com\/inicio\/wp-content\/uploads\/2019\/08\/escrutiniopaso2222.jpg","datePublished":"2019-08-05T11:40:42+00:00","dateModified":"2019-08-05T22:16:30+00:00","breadcrumb":{"@id":"https:\/\/diariotextual.com\/inicio\/index.php\/2019\/08\/05\/escrutinio-apoderada-del-pj-sembro-dudas-transmision-datos\/#breadcrumb"},"inLanguage":"es","potentialAction":[{"@type":"ReadAction","target":["https:\/\/diariotextual.com\/inicio\/index.php\/2019\/08\/05\/escrutinio-apoderada-del-pj-sembro-dudas-transmision-datos\/"]}]},{"@type":"ImageObject","inLanguage":"es","@id":"https:\/\/diariotextual.com\/inicio\/index.php\/2019\/08\/05\/escrutinio-apoderada-del-pj-sembro-dudas-transmision-datos\/#primaryimage","url":"https:\/\/diariotextual.com\/inicio\/wp-content\/uploads\/2019\/08\/escrutiniopaso2222.jpg","contentUrl":"https:\/\/diariotextual.com\/inicio\/wp-content\/uploads\/2019\/08\/escrutiniopaso2222.jpg","width":1200,"height":592},{"@type":"BreadcrumbList","@id":"https:\/\/diariotextual.com\/inicio\/index.php\/2019\/08\/05\/escrutinio-apoderada-del-pj-sembro-dudas-transmision-datos\/#breadcrumb","itemListElement":[{"@type":"ListItem","position":1,"name":"Portada","item":"https:\/\/diariotextual.com\/inicio\/"},{"@type":"ListItem","position":2,"name":"Escrutinio: apoderada del PJ sembr\u00f3 dudas sobre transmisi\u00f3n de datos"}]},{"@type":"WebSite","@id":"https:\/\/diariotextual.com\/inicio\/#website","url":"https:\/\/diariotextual.com\/inicio\/","name":"Diario Textual","description":"","publisher":{"@id":"https:\/\/diariotextual.com\/inicio\/#organization"},"potentialAction":[{"@type":"SearchAction","target":{"@type":"EntryPoint","urlTemplate":"https:\/\/diariotextual.com\/inicio\/?s={search_term_string}"},"query-input":{"@type":"PropertyValueSpecification","valueRequired":true,"valueName":"search_term_string"}}],"inLanguage":"es"},{"@type":"Organization","@id":"https:\/\/diariotextual.com\/inicio\/#organization","name":"Diario Textual","url":"https:\/\/diariotextual.com\/inicio\/","logo":{"@type":"ImageObject","inLanguage":"es","@id":"https:\/\/diariotextual.com\/inicio\/#\/schema\/logo\/image\/","url":"https:\/\/diariotextual.com\/inicio\/wp-content\/uploads\/2023\/05\/logotextual1.jpg","contentUrl":"https:\/\/diariotextual.com\/inicio\/wp-content\/uploads\/2023\/05\/logotextual1.jpg","width":516,"height":76,"caption":"Diario Textual"},"image":{"@id":"https:\/\/diariotextual.com\/inicio\/#\/schema\/logo\/image\/"},"sameAs":["https:\/\/www.facebook.com\/eltextual","https:\/\/x.com\/eltextual","http:\/\/www.instagram.com\/eltextual"]},{"@type":"Person","@id":"https:\/\/diariotextual.com\/inicio\/#\/schema\/person\/c7834961ad8b29b1d9cdbf4571299067","name":"diario5","image":{"@type":"ImageObject","inLanguage":"es","@id":"https:\/\/secure.gravatar.com\/avatar\/948c893b847ca6df68216ead81b63f363408ec9b0f600fefc0641ce78613b111?s=96&d=mm&r=g","url":"https:\/\/secure.gravatar.com\/avatar\/948c893b847ca6df68216ead81b63f363408ec9b0f600fefc0641ce78613b111?s=96&d=mm&r=g","contentUrl":"https:\/\/secure.gravatar.com\/avatar\/948c893b847ca6df68216ead81b63f363408ec9b0f600fefc0641ce78613b111?s=96&d=mm&r=g","caption":"diario5"},"url":"https:\/\/diariotextual.com\/inicio\/index.php\/author\/diario5\/"}]}},"_links":{"self":[{"href":"https:\/\/diariotextual.com\/inicio\/index.php\/wp-json\/wp\/v2\/posts\/58205","targetHints":{"allow":["GET"]}}],"collection":[{"href":"https:\/\/diariotextual.com\/inicio\/index.php\/wp-json\/wp\/v2\/posts"}],"about":[{"href":"https:\/\/diariotextual.com\/inicio\/index.php\/wp-json\/wp\/v2\/types\/post"}],"author":[{"embeddable":true,"href":"https:\/\/diariotextual.com\/inicio\/index.php\/wp-json\/wp\/v2\/users\/7"}],"replies":[{"embeddable":true,"href":"https:\/\/diariotextual.com\/inicio\/index.php\/wp-json\/wp\/v2\/comments?post=58205"}],"version-history":[{"count":3,"href":"https:\/\/diariotextual.com\/inicio\/index.php\/wp-json\/wp\/v2\/posts\/58205\/revisions"}],"predecessor-version":[{"id":58254,"href":"https:\/\/diariotextual.com\/inicio\/index.php\/wp-json\/wp\/v2\/posts\/58205\/revisions\/58254"}],"wp:featuredmedia":[{"embeddable":true,"href":"https:\/\/diariotextual.com\/inicio\/index.php\/wp-json\/wp\/v2\/media\/58207"}],"wp:attachment":[{"href":"https:\/\/diariotextual.com\/inicio\/index.php\/wp-json\/wp\/v2\/media?parent=58205"}],"wp:term":[{"taxonomy":"category","embeddable":true,"href":"https:\/\/diariotextual.com\/inicio\/index.php\/wp-json\/wp\/v2\/categories?post=58205"},{"taxonomy":"post_tag","embeddable":true,"href":"https:\/\/diariotextual.com\/inicio\/index.php\/wp-json\/wp\/v2\/tags?post=58205"}],"curies":[{"name":"wp","href":"https:\/\/api.w.org\/{rel}","templated":true}]}}