{"id":58219,"date":"2019-08-05T10:07:37","date_gmt":"2019-08-05T13:07:37","guid":{"rendered":"http:\/\/diariotextual.com\/inicio\/?p=58219"},"modified":"2019-08-05T13:11:16","modified_gmt":"2019-08-05T16:11:16","slug":"una-pericia-la-corte-desmiente-la-afip-juicio-oil","status":"publish","type":"post","link":"https:\/\/diariotextual.com\/inicio\/index.php\/2019\/08\/05\/una-pericia-la-corte-desmiente-la-afip-juicio-oil\/","title":{"rendered":"Una pericia de la Corte desmiente a la AFIP en el juicio a Oil"},"content":{"rendered":"<p>La pericia oficial realizada por contadores de la Corte Suprema que se incorpor\u00f3 al juicio oral por la presunta defraudaci\u00f3n de la petrolera Oil Combustibles cuestion\u00f3 la acusaci\u00f3n de la AFIP contra el extitular del organismo recaudador <strong>Ricardo Echegaray<\/strong> y los empresarios <strong>Crist\u00f3bal L\u00f3pez<\/strong> y <strong>Fabi\u00e1n De Sousa<\/strong>:<strong> se demuestra que el reclamo de deuda por el Impuesto a la Transferencia de Combustibles (ITC) no fue de $8.000 millones y que para diciembre 2015 estaban todos los planes regularizados y con cuotas al d\u00eda.<\/strong><\/p>\n<p>Seg\u00fan informa el periodista Gabriel Mornini en \u00c1mbito Financiero, e<strong>l monto refinanciado en planes especiales era de $2.200 millones de los cuales $1.600 millones se pagaron.<\/strong><\/p>\n<p>Adem\u00e1s, en diciembre de 2015 no exist\u00eda deuda exigible y que los planes de pago con los que se hab\u00eda financiado la firma estaban regularizados. Los expertos destacaron tambi\u00e9n que una serie de disposiciones del administrador federal Alberto Abad apenas asumi\u00f3 Cambiemos, generaron la ca\u00edda de los planes de pago y ocasionaron que la deuda se tornara de imposible cumplimiento.<\/p>\n<p>Por orden del Tribunal Oral Federal N\u00b03, la pericia fue incorporada como prueba al juicio d\u00edas antes de la feria. Los expertos de la Corte, el Ministerio P\u00fablico Fiscal, de la querella de AFIP, adem\u00e1s de los representantes de la defensa, entregaron el informe el 17 de julio pasado.<\/p>\n<p>El documento explica que \u201cen el per\u00edodo que va desde el inicio de actividades de Oil Combustibles hasta el d\u00eda en el que \u00e9sta presentara su concurso preventivo, se abonaron por todo concepto $7.175.646.906,18\u201d. \u00c9sto cuestiona una de las principales hip\u00f3tesis de la investigaci\u00f3n que fue que la empresa jam\u00e1s hab\u00eda abonado el ITC -a excepci\u00f3n de s\u00f3lo 7 meses- y que con esos montos hab\u00eda financiado el conglomerado empresario del Grupo Indalo.<\/p>\n<p>Se detalla tambi\u00e9n que en los Planes por el denominado Art\u00edculo 32, se pagaron m\u00e1s de $5.333 millones de capital m\u00e1s $1841 millones de intereses por financiaci\u00f3n.<\/p>\n<p>Los expertos se\u00f1alan que fueron resoluciones de Abad las que hicieron caer los planes de pago vigentes hasta fines de 2015 lo que generaron la acumulaci\u00f3n de deuda que se volvi\u00f3 inmediatamente exigible y gener\u00f3 la quiebra de la empresa.<\/p>\n<p>&nbsp;<\/p>\n<p>&nbsp;<\/p>\n<p>&nbsp;<\/p>\n","protected":false},"excerpt":{"rendered":"<p>La pericia oficial realizada por contadores de la Corte Suprema que se incorpor\u00f3 al juicio oral por la presunta defraudaci\u00f3n de la petrolera Oil Combustibles cuestion\u00f3 la acusaci\u00f3n de la&hellip;<\/p>\n","protected":false},"author":3,"featured_media":3017,"comment_status":"closed","ping_status":"open","sticky":false,"template":"","format":"standard","meta":{"_acf_changed":false,"footnotes":""},"categories":[319,8],"tags":[],"class_list":["post-58219","post","type-post","status-publish","format-standard","has-post-thumbnail","hentry","category-a-temporales","category-politica"],"acf":[],"yoast_head":"<!-- This site is optimized with the Yoast SEO plugin v27.5 - https:\/\/yoast.com\/product\/yoast-seo-wordpress\/ -->\n<title>Una pericia de la Corte desmiente a la AFIP en el juicio a Oil - Diario Textual<\/title>\n<meta name=\"robots\" content=\"index, follow, max-snippet:-1, max-image-preview:large, max-video-preview:-1\" \/>\n<link rel=\"canonical\" href=\"https:\/\/diariotextual.com\/inicio\/index.php\/2019\/08\/05\/una-pericia-la-corte-desmiente-la-afip-juicio-oil\/\" \/>\n<meta property=\"og:locale\" content=\"es_ES\" \/>\n<meta property=\"og:type\" content=\"article\" \/>\n<meta property=\"og:title\" content=\"Una pericia de la Corte desmiente a la AFIP en el juicio a Oil - Diario Textual\" \/>\n<meta property=\"og:description\" content=\"La pericia oficial realizada por contadores de la Corte Suprema que se incorpor\u00f3 al juicio oral por la presunta defraudaci\u00f3n de la petrolera Oil Combustibles cuestion\u00f3 la acusaci\u00f3n de la&hellip;\" \/>\n<meta property=\"og:url\" content=\"https:\/\/diariotextual.com\/inicio\/index.php\/2019\/08\/05\/una-pericia-la-corte-desmiente-la-afip-juicio-oil\/\" \/>\n<meta property=\"og:site_name\" content=\"Diario Textual\" \/>\n<meta property=\"article:publisher\" content=\"https:\/\/www.facebook.com\/eltextual\" \/>\n<meta property=\"article:published_time\" content=\"2019-08-05T13:07:37+00:00\" \/>\n<meta property=\"article:modified_time\" content=\"2019-08-05T16:11:16+00:00\" \/>\n<meta property=\"og:image\" content=\"https:\/\/diariotextual.com\/inicio\/wp-content\/uploads\/2018\/03\/lopezcristoballopezsaliodelacarcel.jpg\" \/>\n\t<meta property=\"og:image:width\" content=\"750\" \/>\n\t<meta property=\"og:image:height\" content=\"500\" \/>\n\t<meta property=\"og:image:type\" content=\"image\/jpeg\" \/>\n<meta name=\"author\" content=\"Diario1 Diario1\" \/>\n<meta name=\"twitter:card\" content=\"summary_large_image\" \/>\n<meta name=\"twitter:creator\" content=\"@eltextual\" \/>\n<meta name=\"twitter:site\" content=\"@eltextual\" \/>\n<meta name=\"twitter:label1\" content=\"Escrito por\" \/>\n\t<meta name=\"twitter:data1\" content=\"Diario1 Diario1\" \/>\n\t<meta name=\"twitter:label2\" content=\"Tiempo de lectura\" \/>\n\t<meta name=\"twitter:data2\" content=\"2 minutos\" \/>\n<script type=\"application\/ld+json\" class=\"yoast-schema-graph\">{\"@context\":\"https:\\\/\\\/schema.org\",\"@graph\":[{\"@type\":\"Article\",\"@id\":\"https:\\\/\\\/diariotextual.com\\\/inicio\\\/index.php\\\/2019\\\/08\\\/05\\\/una-pericia-la-corte-desmiente-la-afip-juicio-oil\\\/#article\",\"isPartOf\":{\"@id\":\"https:\\\/\\\/diariotextual.com\\\/inicio\\\/index.php\\\/2019\\\/08\\\/05\\\/una-pericia-la-corte-desmiente-la-afip-juicio-oil\\\/\"},\"author\":{\"name\":\"Diario1 Diario1\",\"@id\":\"https:\\\/\\\/diariotextual.com\\\/inicio\\\/#\\\/schema\\\/person\\\/418fc4093c33e86ed41562db3508f958\"},\"headline\":\"Una pericia de la Corte desmiente a la AFIP en el juicio a Oil\",\"datePublished\":\"2019-08-05T13:07:37+00:00\",\"dateModified\":\"2019-08-05T16:11:16+00:00\",\"mainEntityOfPage\":{\"@id\":\"https:\\\/\\\/diariotextual.com\\\/inicio\\\/index.php\\\/2019\\\/08\\\/05\\\/una-pericia-la-corte-desmiente-la-afip-juicio-oil\\\/\"},\"wordCount\":395,\"publisher\":{\"@id\":\"https:\\\/\\\/diariotextual.com\\\/inicio\\\/#organization\"},\"image\":{\"@id\":\"https:\\\/\\\/diariotextual.com\\\/inicio\\\/index.php\\\/2019\\\/08\\\/05\\\/una-pericia-la-corte-desmiente-la-afip-juicio-oil\\\/#primaryimage\"},\"thumbnailUrl\":\"https:\\\/\\\/diariotextual.com\\\/inicio\\\/wp-content\\\/uploads\\\/2018\\\/03\\\/lopezcristoballopezsaliodelacarcel.jpg\",\"articleSection\":[\"A - TEMPORALES\",\"POLITICA\"],\"inLanguage\":\"es\"},{\"@type\":\"WebPage\",\"@id\":\"https:\\\/\\\/diariotextual.com\\\/inicio\\\/index.php\\\/2019\\\/08\\\/05\\\/una-pericia-la-corte-desmiente-la-afip-juicio-oil\\\/\",\"url\":\"https:\\\/\\\/diariotextual.com\\\/inicio\\\/index.php\\\/2019\\\/08\\\/05\\\/una-pericia-la-corte-desmiente-la-afip-juicio-oil\\\/\",\"name\":\"Una pericia de la Corte desmiente a la AFIP en el juicio a Oil - Diario Textual\",\"isPartOf\":{\"@id\":\"https:\\\/\\\/diariotextual.com\\\/inicio\\\/#website\"},\"primaryImageOfPage\":{\"@id\":\"https:\\\/\\\/diariotextual.com\\\/inicio\\\/index.php\\\/2019\\\/08\\\/05\\\/una-pericia-la-corte-desmiente-la-afip-juicio-oil\\\/#primaryimage\"},\"image\":{\"@id\":\"https:\\\/\\\/diariotextual.com\\\/inicio\\\/index.php\\\/2019\\\/08\\\/05\\\/una-pericia-la-corte-desmiente-la-afip-juicio-oil\\\/#primaryimage\"},\"thumbnailUrl\":\"https:\\\/\\\/diariotextual.com\\\/inicio\\\/wp-content\\\/uploads\\\/2018\\\/03\\\/lopezcristoballopezsaliodelacarcel.jpg\",\"datePublished\":\"2019-08-05T13:07:37+00:00\",\"dateModified\":\"2019-08-05T16:11:16+00:00\",\"breadcrumb\":{\"@id\":\"https:\\\/\\\/diariotextual.com\\\/inicio\\\/index.php\\\/2019\\\/08\\\/05\\\/una-pericia-la-corte-desmiente-la-afip-juicio-oil\\\/#breadcrumb\"},\"inLanguage\":\"es\",\"potentialAction\":[{\"@type\":\"ReadAction\",\"target\":[\"https:\\\/\\\/diariotextual.com\\\/inicio\\\/index.php\\\/2019\\\/08\\\/05\\\/una-pericia-la-corte-desmiente-la-afip-juicio-oil\\\/\"]}]},{\"@type\":\"ImageObject\",\"inLanguage\":\"es\",\"@id\":\"https:\\\/\\\/diariotextual.com\\\/inicio\\\/index.php\\\/2019\\\/08\\\/05\\\/una-pericia-la-corte-desmiente-la-afip-juicio-oil\\\/#primaryimage\",\"url\":\"https:\\\/\\\/diariotextual.com\\\/inicio\\\/wp-content\\\/uploads\\\/2018\\\/03\\\/lopezcristoballopezsaliodelacarcel.jpg\",\"contentUrl\":\"https:\\\/\\\/diariotextual.com\\\/inicio\\\/wp-content\\\/uploads\\\/2018\\\/03\\\/lopezcristoballopezsaliodelacarcel.jpg\",\"width\":750,\"height\":500},{\"@type\":\"BreadcrumbList\",\"@id\":\"https:\\\/\\\/diariotextual.com\\\/inicio\\\/index.php\\\/2019\\\/08\\\/05\\\/una-pericia-la-corte-desmiente-la-afip-juicio-oil\\\/#breadcrumb\",\"itemListElement\":[{\"@type\":\"ListItem\",\"position\":1,\"name\":\"Portada\",\"item\":\"https:\\\/\\\/diariotextual.com\\\/inicio\\\/\"},{\"@type\":\"ListItem\",\"position\":2,\"name\":\"Una pericia de la Corte desmiente a la AFIP en el juicio a Oil\"}]},{\"@type\":\"WebSite\",\"@id\":\"https:\\\/\\\/diariotextual.com\\\/inicio\\\/#website\",\"url\":\"https:\\\/\\\/diariotextual.com\\\/inicio\\\/\",\"name\":\"Diario Textual\",\"description\":\"\",\"publisher\":{\"@id\":\"https:\\\/\\\/diariotextual.com\\\/inicio\\\/#organization\"},\"potentialAction\":[{\"@type\":\"SearchAction\",\"target\":{\"@type\":\"EntryPoint\",\"urlTemplate\":\"https:\\\/\\\/diariotextual.com\\\/inicio\\\/?s={search_term_string}\"},\"query-input\":{\"@type\":\"PropertyValueSpecification\",\"valueRequired\":true,\"valueName\":\"search_term_string\"}}],\"inLanguage\":\"es\"},{\"@type\":\"Organization\",\"@id\":\"https:\\\/\\\/diariotextual.com\\\/inicio\\\/#organization\",\"name\":\"Diario Textual\",\"url\":\"https:\\\/\\\/diariotextual.com\\\/inicio\\\/\",\"logo\":{\"@type\":\"ImageObject\",\"inLanguage\":\"es\",\"@id\":\"https:\\\/\\\/diariotextual.com\\\/inicio\\\/#\\\/schema\\\/logo\\\/image\\\/\",\"url\":\"https:\\\/\\\/diariotextual.com\\\/inicio\\\/wp-content\\\/uploads\\\/2023\\\/05\\\/logotextual1.jpg\",\"contentUrl\":\"https:\\\/\\\/diariotextual.com\\\/inicio\\\/wp-content\\\/uploads\\\/2023\\\/05\\\/logotextual1.jpg\",\"width\":516,\"height\":76,\"caption\":\"Diario Textual\"},\"image\":{\"@id\":\"https:\\\/\\\/diariotextual.com\\\/inicio\\\/#\\\/schema\\\/logo\\\/image\\\/\"},\"sameAs\":[\"https:\\\/\\\/www.facebook.com\\\/eltextual\",\"https:\\\/\\\/x.com\\\/eltextual\",\"http:\\\/\\\/www.instagram.com\\\/eltextual\"]},{\"@type\":\"Person\",\"@id\":\"https:\\\/\\\/diariotextual.com\\\/inicio\\\/#\\\/schema\\\/person\\\/418fc4093c33e86ed41562db3508f958\",\"name\":\"Diario1 Diario1\",\"image\":{\"@type\":\"ImageObject\",\"inLanguage\":\"es\",\"@id\":\"https:\\\/\\\/secure.gravatar.com\\\/avatar\\\/9167d280179c85bc18be67aa7eda765854300033af4896dd779b608640f2ef7a?s=96&d=mm&r=g\",\"url\":\"https:\\\/\\\/secure.gravatar.com\\\/avatar\\\/9167d280179c85bc18be67aa7eda765854300033af4896dd779b608640f2ef7a?s=96&d=mm&r=g\",\"contentUrl\":\"https:\\\/\\\/secure.gravatar.com\\\/avatar\\\/9167d280179c85bc18be67aa7eda765854300033af4896dd779b608640f2ef7a?s=96&d=mm&r=g\",\"caption\":\"Diario1 Diario1\"},\"url\":\"https:\\\/\\\/diariotextual.com\\\/inicio\\\/index.php\\\/author\\\/diario1\\\/\"}]}<\/script>\n<!-- \/ Yoast SEO plugin. -->","yoast_head_json":{"title":"Una pericia de la Corte desmiente a la AFIP en el juicio a Oil - Diario Textual","robots":{"index":"index","follow":"follow","max-snippet":"max-snippet:-1","max-image-preview":"max-image-preview:large","max-video-preview":"max-video-preview:-1"},"canonical":"https:\/\/diariotextual.com\/inicio\/index.php\/2019\/08\/05\/una-pericia-la-corte-desmiente-la-afip-juicio-oil\/","og_locale":"es_ES","og_type":"article","og_title":"Una pericia de la Corte desmiente a la AFIP en el juicio a Oil - Diario Textual","og_description":"La pericia oficial realizada por contadores de la Corte Suprema que se incorpor\u00f3 al juicio oral por la presunta defraudaci\u00f3n de la petrolera Oil Combustibles cuestion\u00f3 la acusaci\u00f3n de la&hellip;","og_url":"https:\/\/diariotextual.com\/inicio\/index.php\/2019\/08\/05\/una-pericia-la-corte-desmiente-la-afip-juicio-oil\/","og_site_name":"Diario Textual","article_publisher":"https:\/\/www.facebook.com\/eltextual","article_published_time":"2019-08-05T13:07:37+00:00","article_modified_time":"2019-08-05T16:11:16+00:00","og_image":[{"width":750,"height":500,"url":"https:\/\/diariotextual.com\/inicio\/wp-content\/uploads\/2018\/03\/lopezcristoballopezsaliodelacarcel.jpg","type":"image\/jpeg"}],"author":"Diario1 Diario1","twitter_card":"summary_large_image","twitter_creator":"@eltextual","twitter_site":"@eltextual","twitter_misc":{"Escrito por":"Diario1 Diario1","Tiempo de lectura":"2 minutos"},"schema":{"@context":"https:\/\/schema.org","@graph":[{"@type":"Article","@id":"https:\/\/diariotextual.com\/inicio\/index.php\/2019\/08\/05\/una-pericia-la-corte-desmiente-la-afip-juicio-oil\/#article","isPartOf":{"@id":"https:\/\/diariotextual.com\/inicio\/index.php\/2019\/08\/05\/una-pericia-la-corte-desmiente-la-afip-juicio-oil\/"},"author":{"name":"Diario1 Diario1","@id":"https:\/\/diariotextual.com\/inicio\/#\/schema\/person\/418fc4093c33e86ed41562db3508f958"},"headline":"Una pericia de la Corte desmiente a la AFIP en el juicio a Oil","datePublished":"2019-08-05T13:07:37+00:00","dateModified":"2019-08-05T16:11:16+00:00","mainEntityOfPage":{"@id":"https:\/\/diariotextual.com\/inicio\/index.php\/2019\/08\/05\/una-pericia-la-corte-desmiente-la-afip-juicio-oil\/"},"wordCount":395,"publisher":{"@id":"https:\/\/diariotextual.com\/inicio\/#organization"},"image":{"@id":"https:\/\/diariotextual.com\/inicio\/index.php\/2019\/08\/05\/una-pericia-la-corte-desmiente-la-afip-juicio-oil\/#primaryimage"},"thumbnailUrl":"https:\/\/diariotextual.com\/inicio\/wp-content\/uploads\/2018\/03\/lopezcristoballopezsaliodelacarcel.jpg","articleSection":["A - TEMPORALES","POLITICA"],"inLanguage":"es"},{"@type":"WebPage","@id":"https:\/\/diariotextual.com\/inicio\/index.php\/2019\/08\/05\/una-pericia-la-corte-desmiente-la-afip-juicio-oil\/","url":"https:\/\/diariotextual.com\/inicio\/index.php\/2019\/08\/05\/una-pericia-la-corte-desmiente-la-afip-juicio-oil\/","name":"Una pericia de la Corte desmiente a la AFIP en el juicio a Oil - Diario Textual","isPartOf":{"@id":"https:\/\/diariotextual.com\/inicio\/#website"},"primaryImageOfPage":{"@id":"https:\/\/diariotextual.com\/inicio\/index.php\/2019\/08\/05\/una-pericia-la-corte-desmiente-la-afip-juicio-oil\/#primaryimage"},"image":{"@id":"https:\/\/diariotextual.com\/inicio\/index.php\/2019\/08\/05\/una-pericia-la-corte-desmiente-la-afip-juicio-oil\/#primaryimage"},"thumbnailUrl":"https:\/\/diariotextual.com\/inicio\/wp-content\/uploads\/2018\/03\/lopezcristoballopezsaliodelacarcel.jpg","datePublished":"2019-08-05T13:07:37+00:00","dateModified":"2019-08-05T16:11:16+00:00","breadcrumb":{"@id":"https:\/\/diariotextual.com\/inicio\/index.php\/2019\/08\/05\/una-pericia-la-corte-desmiente-la-afip-juicio-oil\/#breadcrumb"},"inLanguage":"es","potentialAction":[{"@type":"ReadAction","target":["https:\/\/diariotextual.com\/inicio\/index.php\/2019\/08\/05\/una-pericia-la-corte-desmiente-la-afip-juicio-oil\/"]}]},{"@type":"ImageObject","inLanguage":"es","@id":"https:\/\/diariotextual.com\/inicio\/index.php\/2019\/08\/05\/una-pericia-la-corte-desmiente-la-afip-juicio-oil\/#primaryimage","url":"https:\/\/diariotextual.com\/inicio\/wp-content\/uploads\/2018\/03\/lopezcristoballopezsaliodelacarcel.jpg","contentUrl":"https:\/\/diariotextual.com\/inicio\/wp-content\/uploads\/2018\/03\/lopezcristoballopezsaliodelacarcel.jpg","width":750,"height":500},{"@type":"BreadcrumbList","@id":"https:\/\/diariotextual.com\/inicio\/index.php\/2019\/08\/05\/una-pericia-la-corte-desmiente-la-afip-juicio-oil\/#breadcrumb","itemListElement":[{"@type":"ListItem","position":1,"name":"Portada","item":"https:\/\/diariotextual.com\/inicio\/"},{"@type":"ListItem","position":2,"name":"Una pericia de la Corte desmiente a la AFIP en el juicio a Oil"}]},{"@type":"WebSite","@id":"https:\/\/diariotextual.com\/inicio\/#website","url":"https:\/\/diariotextual.com\/inicio\/","name":"Diario Textual","description":"","publisher":{"@id":"https:\/\/diariotextual.com\/inicio\/#organization"},"potentialAction":[{"@type":"SearchAction","target":{"@type":"EntryPoint","urlTemplate":"https:\/\/diariotextual.com\/inicio\/?s={search_term_string}"},"query-input":{"@type":"PropertyValueSpecification","valueRequired":true,"valueName":"search_term_string"}}],"inLanguage":"es"},{"@type":"Organization","@id":"https:\/\/diariotextual.com\/inicio\/#organization","name":"Diario Textual","url":"https:\/\/diariotextual.com\/inicio\/","logo":{"@type":"ImageObject","inLanguage":"es","@id":"https:\/\/diariotextual.com\/inicio\/#\/schema\/logo\/image\/","url":"https:\/\/diariotextual.com\/inicio\/wp-content\/uploads\/2023\/05\/logotextual1.jpg","contentUrl":"https:\/\/diariotextual.com\/inicio\/wp-content\/uploads\/2023\/05\/logotextual1.jpg","width":516,"height":76,"caption":"Diario Textual"},"image":{"@id":"https:\/\/diariotextual.com\/inicio\/#\/schema\/logo\/image\/"},"sameAs":["https:\/\/www.facebook.com\/eltextual","https:\/\/x.com\/eltextual","http:\/\/www.instagram.com\/eltextual"]},{"@type":"Person","@id":"https:\/\/diariotextual.com\/inicio\/#\/schema\/person\/418fc4093c33e86ed41562db3508f958","name":"Diario1 Diario1","image":{"@type":"ImageObject","inLanguage":"es","@id":"https:\/\/secure.gravatar.com\/avatar\/9167d280179c85bc18be67aa7eda765854300033af4896dd779b608640f2ef7a?s=96&d=mm&r=g","url":"https:\/\/secure.gravatar.com\/avatar\/9167d280179c85bc18be67aa7eda765854300033af4896dd779b608640f2ef7a?s=96&d=mm&r=g","contentUrl":"https:\/\/secure.gravatar.com\/avatar\/9167d280179c85bc18be67aa7eda765854300033af4896dd779b608640f2ef7a?s=96&d=mm&r=g","caption":"Diario1 Diario1"},"url":"https:\/\/diariotextual.com\/inicio\/index.php\/author\/diario1\/"}]}},"_links":{"self":[{"href":"https:\/\/diariotextual.com\/inicio\/index.php\/wp-json\/wp\/v2\/posts\/58219","targetHints":{"allow":["GET"]}}],"collection":[{"href":"https:\/\/diariotextual.com\/inicio\/index.php\/wp-json\/wp\/v2\/posts"}],"about":[{"href":"https:\/\/diariotextual.com\/inicio\/index.php\/wp-json\/wp\/v2\/types\/post"}],"author":[{"embeddable":true,"href":"https:\/\/diariotextual.com\/inicio\/index.php\/wp-json\/wp\/v2\/users\/3"}],"replies":[{"embeddable":true,"href":"https:\/\/diariotextual.com\/inicio\/index.php\/wp-json\/wp\/v2\/comments?post=58219"}],"version-history":[{"count":1,"href":"https:\/\/diariotextual.com\/inicio\/index.php\/wp-json\/wp\/v2\/posts\/58219\/revisions"}],"predecessor-version":[{"id":58220,"href":"https:\/\/diariotextual.com\/inicio\/index.php\/wp-json\/wp\/v2\/posts\/58219\/revisions\/58220"}],"wp:featuredmedia":[{"embeddable":true,"href":"https:\/\/diariotextual.com\/inicio\/index.php\/wp-json\/wp\/v2\/media\/3017"}],"wp:attachment":[{"href":"https:\/\/diariotextual.com\/inicio\/index.php\/wp-json\/wp\/v2\/media?parent=58219"}],"wp:term":[{"taxonomy":"category","embeddable":true,"href":"https:\/\/diariotextual.com\/inicio\/index.php\/wp-json\/wp\/v2\/categories?post=58219"},{"taxonomy":"post_tag","embeddable":true,"href":"https:\/\/diariotextual.com\/inicio\/index.php\/wp-json\/wp\/v2\/tags?post=58219"}],"curies":[{"name":"wp","href":"https:\/\/api.w.org\/{rel}","templated":true}]}}