{"id":58223,"date":"2019-08-05T10:26:23","date_gmt":"2019-08-05T13:26:23","guid":{"rendered":"http:\/\/diariotextual.com\/inicio\/?p=58223"},"modified":"2019-08-06T09:25:01","modified_gmt":"2019-08-06T12:25:01","slug":"asentamientos-altolaguirre-pidio-audiencia-verna-acordar-proyecto-casas-2","status":"publish","type":"post","link":"https:\/\/diariotextual.com\/inicio\/index.php\/2019\/08\/05\/asentamientos-altolaguirre-pidio-audiencia-verna-acordar-proyecto-casas-2\/","title":{"rendered":"Asentamientos: Altolaguirre pidi\u00f3 audiencia a Verna para acordar un proyecto de casas"},"content":{"rendered":"<p>El intendente <strong>Leandro Altolaguirre<\/strong> le pidi\u00f3 una audiencia al gobernador <strong>Carlos Verna<\/strong> para<strong> empezar a solucionar la problem\u00e1tica de las tomas de terrenos y asentamientos<\/strong> en Santa Rosa. La intenci\u00f3n es<strong> generar un plan similar al Mi Casa<\/strong>, que lanz\u00f3 el a\u00f1o pasado el Gobierno provincial en localidades de menos de 10 mil habitantes.<\/p>\n<p><strong>En Casa de Gobierno a\u00fan no respondieron al llamado del jefe comunal.<\/strong> Se espera que esta semana se inicien los contactos.<\/p>\n<p>\u00bfQu\u00e9 es el programa Mi Casa? Un plan lanzado por Verna, frente al corte de env\u00edo de fondos de Naci\u00f3n para construir viviendas. Una parte es financiada por la Provincia y otra por cada municipalidad. Pero es solo para localidades de menos de 10 mil habitantes. As\u00ed quedan fuera Santa Rosa, Pico, Toay y Acha, entre otras.<\/p>\n<p>La intenci\u00f3n de Altolaguirre es replicar un plan similar en Santa Rosa, donde hubo tomas en diferentes sectores de la ciudad de Santa Rosa.<\/p>\n<p><strong>Actualmente hay cinco tomas de terrenos fiscales. Muchos de los ocupantes, en los \u00faltimos d\u00edas, no siguen en los asentamientos.<\/strong><\/p>\n<p>El primero de los asentamientos -y uno de los m\u00e1s grandes- es el Nuevo Salitral -al lado de la laguna Don Tom\u00e1s, al noroeste-, con unas 150 familias.<\/p>\n<p>El otro es el asentamiento Micaela Garc\u00eda -contiguo al barrio Santa Mar\u00eda de la Pampa, al noreste-, con otras 150 familias.<\/p>\n<p>Tambi\u00e9n unas diez familias tomaron terrenos -aunque sin instalarse- en Italia y Farinatti, en Villa Germinal.<\/p>\n<p>Adem\u00e1s, cuatro familias tomaron un terreno en la esquina de Tom\u00e1s Mason y Discepolo, en Villa Uhalde.<\/p>\n<p>La \u00faltima toma se registr\u00f3 hace diez d\u00edas por nueve familias: son dos cuadras ubicadas en Stieben y 1\u00b0 de Mayo, a metros del Megaestadio y del predio del ex Molino Werner.<\/p>\n<p>&nbsp;<\/p>\n<p>&nbsp;<\/p>\n","protected":false},"excerpt":{"rendered":"<p>El intendente Leandro Altolaguirre le pidi\u00f3 una audiencia al gobernador Carlos Verna para empezar a solucionar la problem\u00e1tica de las tomas de terrenos y asentamientos en Santa Rosa. La intenci\u00f3n&hellip;<\/p>\n","protected":false},"author":3,"featured_media":55715,"comment_status":"closed","ping_status":"open","sticky":false,"template":"","format":"standard","meta":{"_acf_changed":false,"footnotes":""},"categories":[319,12],"tags":[],"class_list":["post-58223","post","type-post","status-publish","format-standard","has-post-thumbnail","hentry","category-a-temporales","category-sociedad"],"acf":[],"yoast_head":"<!-- This site is optimized with the Yoast SEO plugin v27.5 - https:\/\/yoast.com\/product\/yoast-seo-wordpress\/ -->\n<title>Asentamientos: Altolaguirre pidi\u00f3 audiencia a Verna para acordar un proyecto de casas - Diario Textual<\/title>\n<meta name=\"robots\" content=\"index, follow, max-snippet:-1, max-image-preview:large, max-video-preview:-1\" \/>\n<link rel=\"canonical\" href=\"https:\/\/diariotextual.com\/inicio\/index.php\/2019\/08\/05\/asentamientos-altolaguirre-pidio-audiencia-verna-acordar-proyecto-casas-2\/\" \/>\n<meta property=\"og:locale\" content=\"es_ES\" \/>\n<meta property=\"og:type\" content=\"article\" \/>\n<meta property=\"og:title\" content=\"Asentamientos: Altolaguirre pidi\u00f3 audiencia a Verna para acordar un proyecto de casas - Diario Textual\" \/>\n<meta property=\"og:description\" content=\"El intendente Leandro Altolaguirre le pidi\u00f3 una audiencia al gobernador Carlos Verna para empezar a solucionar la problem\u00e1tica de las tomas de terrenos y asentamientos en Santa Rosa. La intenci\u00f3n&hellip;\" \/>\n<meta property=\"og:url\" content=\"https:\/\/diariotextual.com\/inicio\/index.php\/2019\/08\/05\/asentamientos-altolaguirre-pidio-audiencia-verna-acordar-proyecto-casas-2\/\" \/>\n<meta property=\"og:site_name\" content=\"Diario Textual\" \/>\n<meta property=\"article:publisher\" content=\"https:\/\/www.facebook.com\/eltextual\" \/>\n<meta property=\"article:published_time\" content=\"2019-08-05T13:26:23+00:00\" \/>\n<meta property=\"article:modified_time\" content=\"2019-08-06T12:25:01+00:00\" \/>\n<meta property=\"og:image\" content=\"https:\/\/diariotextual.com\/inicio\/wp-content\/uploads\/2019\/07\/asentamientoelsalitral2019-21.jpg\" \/>\n\t<meta property=\"og:image:width\" content=\"1100\" \/>\n\t<meta property=\"og:image:height\" content=\"672\" \/>\n\t<meta property=\"og:image:type\" content=\"image\/jpeg\" \/>\n<meta name=\"author\" content=\"Diario1 Diario1\" \/>\n<meta name=\"twitter:card\" content=\"summary_large_image\" \/>\n<meta name=\"twitter:creator\" content=\"@eltextual\" \/>\n<meta name=\"twitter:site\" content=\"@eltextual\" \/>\n<meta name=\"twitter:label1\" content=\"Escrito por\" \/>\n\t<meta name=\"twitter:data1\" content=\"Diario1 Diario1\" \/>\n\t<meta name=\"twitter:label2\" content=\"Tiempo de lectura\" \/>\n\t<meta name=\"twitter:data2\" content=\"2 minutos\" \/>\n<script type=\"application\/ld+json\" class=\"yoast-schema-graph\">{\"@context\":\"https:\\\/\\\/schema.org\",\"@graph\":[{\"@type\":\"Article\",\"@id\":\"https:\\\/\\\/diariotextual.com\\\/inicio\\\/index.php\\\/2019\\\/08\\\/05\\\/asentamientos-altolaguirre-pidio-audiencia-verna-acordar-proyecto-casas-2\\\/#article\",\"isPartOf\":{\"@id\":\"https:\\\/\\\/diariotextual.com\\\/inicio\\\/index.php\\\/2019\\\/08\\\/05\\\/asentamientos-altolaguirre-pidio-audiencia-verna-acordar-proyecto-casas-2\\\/\"},\"author\":{\"name\":\"Diario1 Diario1\",\"@id\":\"https:\\\/\\\/diariotextual.com\\\/inicio\\\/#\\\/schema\\\/person\\\/418fc4093c33e86ed41562db3508f958\"},\"headline\":\"Asentamientos: Altolaguirre pidi\u00f3 audiencia a Verna para acordar un proyecto de casas\",\"datePublished\":\"2019-08-05T13:26:23+00:00\",\"dateModified\":\"2019-08-06T12:25:01+00:00\",\"mainEntityOfPage\":{\"@id\":\"https:\\\/\\\/diariotextual.com\\\/inicio\\\/index.php\\\/2019\\\/08\\\/05\\\/asentamientos-altolaguirre-pidio-audiencia-verna-acordar-proyecto-casas-2\\\/\"},\"wordCount\":315,\"publisher\":{\"@id\":\"https:\\\/\\\/diariotextual.com\\\/inicio\\\/#organization\"},\"image\":{\"@id\":\"https:\\\/\\\/diariotextual.com\\\/inicio\\\/index.php\\\/2019\\\/08\\\/05\\\/asentamientos-altolaguirre-pidio-audiencia-verna-acordar-proyecto-casas-2\\\/#primaryimage\"},\"thumbnailUrl\":\"https:\\\/\\\/diariotextual.com\\\/inicio\\\/wp-content\\\/uploads\\\/2019\\\/07\\\/asentamientoelsalitral2019-21.jpg\",\"articleSection\":[\"A - TEMPORALES\",\"SOCIEDAD\"],\"inLanguage\":\"es\"},{\"@type\":\"WebPage\",\"@id\":\"https:\\\/\\\/diariotextual.com\\\/inicio\\\/index.php\\\/2019\\\/08\\\/05\\\/asentamientos-altolaguirre-pidio-audiencia-verna-acordar-proyecto-casas-2\\\/\",\"url\":\"https:\\\/\\\/diariotextual.com\\\/inicio\\\/index.php\\\/2019\\\/08\\\/05\\\/asentamientos-altolaguirre-pidio-audiencia-verna-acordar-proyecto-casas-2\\\/\",\"name\":\"Asentamientos: Altolaguirre pidi\u00f3 audiencia a Verna para acordar un proyecto de casas - Diario Textual\",\"isPartOf\":{\"@id\":\"https:\\\/\\\/diariotextual.com\\\/inicio\\\/#website\"},\"primaryImageOfPage\":{\"@id\":\"https:\\\/\\\/diariotextual.com\\\/inicio\\\/index.php\\\/2019\\\/08\\\/05\\\/asentamientos-altolaguirre-pidio-audiencia-verna-acordar-proyecto-casas-2\\\/#primaryimage\"},\"image\":{\"@id\":\"https:\\\/\\\/diariotextual.com\\\/inicio\\\/index.php\\\/2019\\\/08\\\/05\\\/asentamientos-altolaguirre-pidio-audiencia-verna-acordar-proyecto-casas-2\\\/#primaryimage\"},\"thumbnailUrl\":\"https:\\\/\\\/diariotextual.com\\\/inicio\\\/wp-content\\\/uploads\\\/2019\\\/07\\\/asentamientoelsalitral2019-21.jpg\",\"datePublished\":\"2019-08-05T13:26:23+00:00\",\"dateModified\":\"2019-08-06T12:25:01+00:00\",\"breadcrumb\":{\"@id\":\"https:\\\/\\\/diariotextual.com\\\/inicio\\\/index.php\\\/2019\\\/08\\\/05\\\/asentamientos-altolaguirre-pidio-audiencia-verna-acordar-proyecto-casas-2\\\/#breadcrumb\"},\"inLanguage\":\"es\",\"potentialAction\":[{\"@type\":\"ReadAction\",\"target\":[\"https:\\\/\\\/diariotextual.com\\\/inicio\\\/index.php\\\/2019\\\/08\\\/05\\\/asentamientos-altolaguirre-pidio-audiencia-verna-acordar-proyecto-casas-2\\\/\"]}]},{\"@type\":\"ImageObject\",\"inLanguage\":\"es\",\"@id\":\"https:\\\/\\\/diariotextual.com\\\/inicio\\\/index.php\\\/2019\\\/08\\\/05\\\/asentamientos-altolaguirre-pidio-audiencia-verna-acordar-proyecto-casas-2\\\/#primaryimage\",\"url\":\"https:\\\/\\\/diariotextual.com\\\/inicio\\\/wp-content\\\/uploads\\\/2019\\\/07\\\/asentamientoelsalitral2019-21.jpg\",\"contentUrl\":\"https:\\\/\\\/diariotextual.com\\\/inicio\\\/wp-content\\\/uploads\\\/2019\\\/07\\\/asentamientoelsalitral2019-21.jpg\",\"width\":1100,\"height\":672},{\"@type\":\"BreadcrumbList\",\"@id\":\"https:\\\/\\\/diariotextual.com\\\/inicio\\\/index.php\\\/2019\\\/08\\\/05\\\/asentamientos-altolaguirre-pidio-audiencia-verna-acordar-proyecto-casas-2\\\/#breadcrumb\",\"itemListElement\":[{\"@type\":\"ListItem\",\"position\":1,\"name\":\"Portada\",\"item\":\"https:\\\/\\\/diariotextual.com\\\/inicio\\\/\"},{\"@type\":\"ListItem\",\"position\":2,\"name\":\"Asentamientos: Altolaguirre pidi\u00f3 audiencia a Verna para acordar un proyecto de casas\"}]},{\"@type\":\"WebSite\",\"@id\":\"https:\\\/\\\/diariotextual.com\\\/inicio\\\/#website\",\"url\":\"https:\\\/\\\/diariotextual.com\\\/inicio\\\/\",\"name\":\"Diario Textual\",\"description\":\"\",\"publisher\":{\"@id\":\"https:\\\/\\\/diariotextual.com\\\/inicio\\\/#organization\"},\"potentialAction\":[{\"@type\":\"SearchAction\",\"target\":{\"@type\":\"EntryPoint\",\"urlTemplate\":\"https:\\\/\\\/diariotextual.com\\\/inicio\\\/?s={search_term_string}\"},\"query-input\":{\"@type\":\"PropertyValueSpecification\",\"valueRequired\":true,\"valueName\":\"search_term_string\"}}],\"inLanguage\":\"es\"},{\"@type\":\"Organization\",\"@id\":\"https:\\\/\\\/diariotextual.com\\\/inicio\\\/#organization\",\"name\":\"Diario Textual\",\"url\":\"https:\\\/\\\/diariotextual.com\\\/inicio\\\/\",\"logo\":{\"@type\":\"ImageObject\",\"inLanguage\":\"es\",\"@id\":\"https:\\\/\\\/diariotextual.com\\\/inicio\\\/#\\\/schema\\\/logo\\\/image\\\/\",\"url\":\"https:\\\/\\\/diariotextual.com\\\/inicio\\\/wp-content\\\/uploads\\\/2023\\\/05\\\/logotextual1.jpg\",\"contentUrl\":\"https:\\\/\\\/diariotextual.com\\\/inicio\\\/wp-content\\\/uploads\\\/2023\\\/05\\\/logotextual1.jpg\",\"width\":516,\"height\":76,\"caption\":\"Diario Textual\"},\"image\":{\"@id\":\"https:\\\/\\\/diariotextual.com\\\/inicio\\\/#\\\/schema\\\/logo\\\/image\\\/\"},\"sameAs\":[\"https:\\\/\\\/www.facebook.com\\\/eltextual\",\"https:\\\/\\\/x.com\\\/eltextual\",\"http:\\\/\\\/www.instagram.com\\\/eltextual\"]},{\"@type\":\"Person\",\"@id\":\"https:\\\/\\\/diariotextual.com\\\/inicio\\\/#\\\/schema\\\/person\\\/418fc4093c33e86ed41562db3508f958\",\"name\":\"Diario1 Diario1\",\"image\":{\"@type\":\"ImageObject\",\"inLanguage\":\"es\",\"@id\":\"https:\\\/\\\/secure.gravatar.com\\\/avatar\\\/9167d280179c85bc18be67aa7eda765854300033af4896dd779b608640f2ef7a?s=96&d=mm&r=g\",\"url\":\"https:\\\/\\\/secure.gravatar.com\\\/avatar\\\/9167d280179c85bc18be67aa7eda765854300033af4896dd779b608640f2ef7a?s=96&d=mm&r=g\",\"contentUrl\":\"https:\\\/\\\/secure.gravatar.com\\\/avatar\\\/9167d280179c85bc18be67aa7eda765854300033af4896dd779b608640f2ef7a?s=96&d=mm&r=g\",\"caption\":\"Diario1 Diario1\"},\"url\":\"https:\\\/\\\/diariotextual.com\\\/inicio\\\/index.php\\\/author\\\/diario1\\\/\"}]}<\/script>\n<!-- \/ Yoast SEO plugin. -->","yoast_head_json":{"title":"Asentamientos: Altolaguirre pidi\u00f3 audiencia a Verna para acordar un proyecto de casas - Diario Textual","robots":{"index":"index","follow":"follow","max-snippet":"max-snippet:-1","max-image-preview":"max-image-preview:large","max-video-preview":"max-video-preview:-1"},"canonical":"https:\/\/diariotextual.com\/inicio\/index.php\/2019\/08\/05\/asentamientos-altolaguirre-pidio-audiencia-verna-acordar-proyecto-casas-2\/","og_locale":"es_ES","og_type":"article","og_title":"Asentamientos: Altolaguirre pidi\u00f3 audiencia a Verna para acordar un proyecto de casas - Diario Textual","og_description":"El intendente Leandro Altolaguirre le pidi\u00f3 una audiencia al gobernador Carlos Verna para empezar a solucionar la problem\u00e1tica de las tomas de terrenos y asentamientos en Santa Rosa. La intenci\u00f3n&hellip;","og_url":"https:\/\/diariotextual.com\/inicio\/index.php\/2019\/08\/05\/asentamientos-altolaguirre-pidio-audiencia-verna-acordar-proyecto-casas-2\/","og_site_name":"Diario Textual","article_publisher":"https:\/\/www.facebook.com\/eltextual","article_published_time":"2019-08-05T13:26:23+00:00","article_modified_time":"2019-08-06T12:25:01+00:00","og_image":[{"width":1100,"height":672,"url":"https:\/\/diariotextual.com\/inicio\/wp-content\/uploads\/2019\/07\/asentamientoelsalitral2019-21.jpg","type":"image\/jpeg"}],"author":"Diario1 Diario1","twitter_card":"summary_large_image","twitter_creator":"@eltextual","twitter_site":"@eltextual","twitter_misc":{"Escrito por":"Diario1 Diario1","Tiempo de lectura":"2 minutos"},"schema":{"@context":"https:\/\/schema.org","@graph":[{"@type":"Article","@id":"https:\/\/diariotextual.com\/inicio\/index.php\/2019\/08\/05\/asentamientos-altolaguirre-pidio-audiencia-verna-acordar-proyecto-casas-2\/#article","isPartOf":{"@id":"https:\/\/diariotextual.com\/inicio\/index.php\/2019\/08\/05\/asentamientos-altolaguirre-pidio-audiencia-verna-acordar-proyecto-casas-2\/"},"author":{"name":"Diario1 Diario1","@id":"https:\/\/diariotextual.com\/inicio\/#\/schema\/person\/418fc4093c33e86ed41562db3508f958"},"headline":"Asentamientos: Altolaguirre pidi\u00f3 audiencia a Verna para acordar un proyecto de casas","datePublished":"2019-08-05T13:26:23+00:00","dateModified":"2019-08-06T12:25:01+00:00","mainEntityOfPage":{"@id":"https:\/\/diariotextual.com\/inicio\/index.php\/2019\/08\/05\/asentamientos-altolaguirre-pidio-audiencia-verna-acordar-proyecto-casas-2\/"},"wordCount":315,"publisher":{"@id":"https:\/\/diariotextual.com\/inicio\/#organization"},"image":{"@id":"https:\/\/diariotextual.com\/inicio\/index.php\/2019\/08\/05\/asentamientos-altolaguirre-pidio-audiencia-verna-acordar-proyecto-casas-2\/#primaryimage"},"thumbnailUrl":"https:\/\/diariotextual.com\/inicio\/wp-content\/uploads\/2019\/07\/asentamientoelsalitral2019-21.jpg","articleSection":["A - TEMPORALES","SOCIEDAD"],"inLanguage":"es"},{"@type":"WebPage","@id":"https:\/\/diariotextual.com\/inicio\/index.php\/2019\/08\/05\/asentamientos-altolaguirre-pidio-audiencia-verna-acordar-proyecto-casas-2\/","url":"https:\/\/diariotextual.com\/inicio\/index.php\/2019\/08\/05\/asentamientos-altolaguirre-pidio-audiencia-verna-acordar-proyecto-casas-2\/","name":"Asentamientos: Altolaguirre pidi\u00f3 audiencia a Verna para acordar un proyecto de casas - Diario Textual","isPartOf":{"@id":"https:\/\/diariotextual.com\/inicio\/#website"},"primaryImageOfPage":{"@id":"https:\/\/diariotextual.com\/inicio\/index.php\/2019\/08\/05\/asentamientos-altolaguirre-pidio-audiencia-verna-acordar-proyecto-casas-2\/#primaryimage"},"image":{"@id":"https:\/\/diariotextual.com\/inicio\/index.php\/2019\/08\/05\/asentamientos-altolaguirre-pidio-audiencia-verna-acordar-proyecto-casas-2\/#primaryimage"},"thumbnailUrl":"https:\/\/diariotextual.com\/inicio\/wp-content\/uploads\/2019\/07\/asentamientoelsalitral2019-21.jpg","datePublished":"2019-08-05T13:26:23+00:00","dateModified":"2019-08-06T12:25:01+00:00","breadcrumb":{"@id":"https:\/\/diariotextual.com\/inicio\/index.php\/2019\/08\/05\/asentamientos-altolaguirre-pidio-audiencia-verna-acordar-proyecto-casas-2\/#breadcrumb"},"inLanguage":"es","potentialAction":[{"@type":"ReadAction","target":["https:\/\/diariotextual.com\/inicio\/index.php\/2019\/08\/05\/asentamientos-altolaguirre-pidio-audiencia-verna-acordar-proyecto-casas-2\/"]}]},{"@type":"ImageObject","inLanguage":"es","@id":"https:\/\/diariotextual.com\/inicio\/index.php\/2019\/08\/05\/asentamientos-altolaguirre-pidio-audiencia-verna-acordar-proyecto-casas-2\/#primaryimage","url":"https:\/\/diariotextual.com\/inicio\/wp-content\/uploads\/2019\/07\/asentamientoelsalitral2019-21.jpg","contentUrl":"https:\/\/diariotextual.com\/inicio\/wp-content\/uploads\/2019\/07\/asentamientoelsalitral2019-21.jpg","width":1100,"height":672},{"@type":"BreadcrumbList","@id":"https:\/\/diariotextual.com\/inicio\/index.php\/2019\/08\/05\/asentamientos-altolaguirre-pidio-audiencia-verna-acordar-proyecto-casas-2\/#breadcrumb","itemListElement":[{"@type":"ListItem","position":1,"name":"Portada","item":"https:\/\/diariotextual.com\/inicio\/"},{"@type":"ListItem","position":2,"name":"Asentamientos: Altolaguirre pidi\u00f3 audiencia a Verna para acordar un proyecto de casas"}]},{"@type":"WebSite","@id":"https:\/\/diariotextual.com\/inicio\/#website","url":"https:\/\/diariotextual.com\/inicio\/","name":"Diario Textual","description":"","publisher":{"@id":"https:\/\/diariotextual.com\/inicio\/#organization"},"potentialAction":[{"@type":"SearchAction","target":{"@type":"EntryPoint","urlTemplate":"https:\/\/diariotextual.com\/inicio\/?s={search_term_string}"},"query-input":{"@type":"PropertyValueSpecification","valueRequired":true,"valueName":"search_term_string"}}],"inLanguage":"es"},{"@type":"Organization","@id":"https:\/\/diariotextual.com\/inicio\/#organization","name":"Diario Textual","url":"https:\/\/diariotextual.com\/inicio\/","logo":{"@type":"ImageObject","inLanguage":"es","@id":"https:\/\/diariotextual.com\/inicio\/#\/schema\/logo\/image\/","url":"https:\/\/diariotextual.com\/inicio\/wp-content\/uploads\/2023\/05\/logotextual1.jpg","contentUrl":"https:\/\/diariotextual.com\/inicio\/wp-content\/uploads\/2023\/05\/logotextual1.jpg","width":516,"height":76,"caption":"Diario Textual"},"image":{"@id":"https:\/\/diariotextual.com\/inicio\/#\/schema\/logo\/image\/"},"sameAs":["https:\/\/www.facebook.com\/eltextual","https:\/\/x.com\/eltextual","http:\/\/www.instagram.com\/eltextual"]},{"@type":"Person","@id":"https:\/\/diariotextual.com\/inicio\/#\/schema\/person\/418fc4093c33e86ed41562db3508f958","name":"Diario1 Diario1","image":{"@type":"ImageObject","inLanguage":"es","@id":"https:\/\/secure.gravatar.com\/avatar\/9167d280179c85bc18be67aa7eda765854300033af4896dd779b608640f2ef7a?s=96&d=mm&r=g","url":"https:\/\/secure.gravatar.com\/avatar\/9167d280179c85bc18be67aa7eda765854300033af4896dd779b608640f2ef7a?s=96&d=mm&r=g","contentUrl":"https:\/\/secure.gravatar.com\/avatar\/9167d280179c85bc18be67aa7eda765854300033af4896dd779b608640f2ef7a?s=96&d=mm&r=g","caption":"Diario1 Diario1"},"url":"https:\/\/diariotextual.com\/inicio\/index.php\/author\/diario1\/"}]}},"_links":{"self":[{"href":"https:\/\/diariotextual.com\/inicio\/index.php\/wp-json\/wp\/v2\/posts\/58223","targetHints":{"allow":["GET"]}}],"collection":[{"href":"https:\/\/diariotextual.com\/inicio\/index.php\/wp-json\/wp\/v2\/posts"}],"about":[{"href":"https:\/\/diariotextual.com\/inicio\/index.php\/wp-json\/wp\/v2\/types\/post"}],"author":[{"embeddable":true,"href":"https:\/\/diariotextual.com\/inicio\/index.php\/wp-json\/wp\/v2\/users\/3"}],"replies":[{"embeddable":true,"href":"https:\/\/diariotextual.com\/inicio\/index.php\/wp-json\/wp\/v2\/comments?post=58223"}],"version-history":[{"count":4,"href":"https:\/\/diariotextual.com\/inicio\/index.php\/wp-json\/wp\/v2\/posts\/58223\/revisions"}],"predecessor-version":[{"id":58227,"href":"https:\/\/diariotextual.com\/inicio\/index.php\/wp-json\/wp\/v2\/posts\/58223\/revisions\/58227"}],"wp:featuredmedia":[{"embeddable":true,"href":"https:\/\/diariotextual.com\/inicio\/index.php\/wp-json\/wp\/v2\/media\/55715"}],"wp:attachment":[{"href":"https:\/\/diariotextual.com\/inicio\/index.php\/wp-json\/wp\/v2\/media?parent=58223"}],"wp:term":[{"taxonomy":"category","embeddable":true,"href":"https:\/\/diariotextual.com\/inicio\/index.php\/wp-json\/wp\/v2\/categories?post=58223"},{"taxonomy":"post_tag","embeddable":true,"href":"https:\/\/diariotextual.com\/inicio\/index.php\/wp-json\/wp\/v2\/tags?post=58223"}],"curies":[{"name":"wp","href":"https:\/\/api.w.org\/{rel}","templated":true}]}}