{"id":58264,"date":"2019-08-05T17:34:08","date_gmt":"2019-08-05T20:34:08","guid":{"rendered":"http:\/\/diariotextual.com\/inicio\/?p=58264"},"modified":"2019-08-06T09:08:50","modified_gmt":"2019-08-06T12:08:50","slug":"video-del-acelera-maricon-no-delito-una-contravencion","status":"publish","type":"post","link":"https:\/\/diariotextual.com\/inicio\/index.php\/2019\/08\/05\/video-del-acelera-maricon-no-delito-una-contravencion\/","title":{"rendered":"Video del \u00abAceler\u00e1 maric\u00f3n\u00bb: identificaron al hombre que hizo manejar al nene"},"content":{"rendered":"<p>El fiscal <strong>Armando Ag\u00fcero<\/strong> dijo que es una contravenci\u00f3n lo realizado por el hombre que hace manejar, en una ruta de la provincia, a un nene de 10 a\u00f1os, presumiblemente un hijastro. \u00abEs una contravenci\u00f3n, no es un delito. <strong>Podr\u00eda caberle entre 60 y 120 d\u00edas de prisi\u00f3n<\/strong>. Pero para eso hay que identificarlo y eso a\u00fan no pas\u00f3. S\u00ed sabemos que el auto en un Renault 19&#8243;, dijo en TN. Ya por la tarde, se confirm\u00f3 que fue identificado: se tratar\u00eda del novio de la t\u00eda del chico.<\/p>\n<p>&nbsp;<\/p>\n<p><iframe style=\"border: none; overflow: hidden;\" src=\"https:\/\/www.facebook.com\/plugins\/video.php?href=https%3A%2F%2Fwww.facebook.com%2Feltextual%2Fvideos%2F743216466134162%2F&amp;show_text=1&amp;width=560\" width=\"560\" height=\"512\" frameborder=\"0\" scrolling=\"no\" allowfullscreen=\"allowfullscreen\"><\/iframe><\/p>\n<p>&nbsp;<\/p>\n<p>\u00abEsto pasa, sucede\u00bb, dijo.<strong> \u00abEsta vez lo vemos todos por que hay un video que se viraliz\u00f3, pero es moneda corriente\u00bb, sostuvo.<\/strong><\/p>\n<p>La realidad indica que es muy com\u00fan ense\u00f1arles a los m\u00e1s peque\u00f1os manejar a temprana edad, aunque suele hacerse en caminos vecinales, no en una ruta con tanto tr\u00e1nsito.<\/p>\n<p>El hecho ocurri\u00f3 <strong>en la ruta 101 que une la ciudad de General Pico y Speluzzi<\/strong> y fue difundido por el propio hombre, quien subi\u00f3 el video a su red social. \u00abUn saludito para la c\u00e1mara\u00bb, pide, y el menor saca una mano del volante y saluda.<\/p>\n<p>El video, que dura casi tres minutos, muestra varias situaciones en las que autos y camiones cruzan el auto en el sentido contrario y otros autom\u00f3viles pasan el auto conducido por el menor.<\/p>\n<p>En otro acto de imprudencia, coloca el celular frente al menor para filmarle la cara mientras se r\u00ede. \u00abNo me dejas ver\u00bb, dice el nene.<\/p>\n<p>\u00abNo desaceleres, fijate que la aguja marque 70\u00bb, dice el hombre al iniciar el video. El peque\u00f1o, que apenas llega al volante y casi no puede ver por el vidrio, le responde preocupado: \u00abViene un cami\u00f3n, mir\u00e1\u00bb. El hombre, con la mano en el celular, no lo ayuda y, en cambio, lo vuelve a agredir: \u00ab<strong>Vos dale, si vas bien ah\u00ed. \u00bfCierto, negro? No te vengas para la banquina, maric\u00f3n, que vamos a romper las gomas<\/strong>\u00ab.<\/p>\n<p>\u00abGuarda que no se caiga a la banquina que te das vuelta como una media\u00bb, le advierte mientras incita al menor a que acelere.<\/p>\n<p>\u00abNo te comas los pozos\u00bb, pide el hombre mientras que en el video se escucha c\u00f3mo las ruedas del auto impactan con los pozos de la ruta. El menor, en el susto, maneja y responde: <strong>\u00abEs que no se esquivarlos, si los esquivo choco contra ese auto\u00bb.<\/strong><\/p>\n<blockquote class=\"wp-embedded-content\" data-secret=\"iL9HYN79LS\"><p><a href=\"http:\/\/diariotextual.com\/inicio\/index.php\/2019\/08\/05\/inconsciencia-al-volante-pico-saco-manejar-la-ruta-nene-10\/\">Inconsciencia al volante en Pico: sac\u00f3 a manejar en la ruta a un nene de 10<\/a><\/p><\/blockquote>\n<p><iframe class=\"wp-embedded-content\" sandbox=\"allow-scripts\" security=\"restricted\" style=\"position: absolute; clip: rect(1px, 1px, 1px, 1px);\" src=\"http:\/\/diariotextual.com\/inicio\/index.php\/2019\/08\/05\/inconsciencia-al-volante-pico-saco-manejar-la-ruta-nene-10\/embed\/#?secret=iL9HYN79LS\" data-secret=\"iL9HYN79LS\" width=\"600\" height=\"338\" title=\"&#171;Inconsciencia al volante en Pico: sac\u00f3 a manejar en la ruta a un nene de 10&#187; &#8212; Diario Textual\" frameborder=\"0\" marginwidth=\"0\" marginheight=\"0\" scrolling=\"no\"><\/iframe><\/p>\n<p>&nbsp;<\/p>\n<p>&nbsp;<\/p>\n<p>&nbsp;<\/p>\n","protected":false},"excerpt":{"rendered":"<p>El fiscal Armando Ag\u00fcero dijo que es una contravenci\u00f3n lo realizado por el hombre que hace manejar, en una ruta de la provincia, a un nene de 10 a\u00f1os, presumiblemente&hellip;<\/p>\n","protected":false},"author":3,"featured_media":58239,"comment_status":"closed","ping_status":"open","sticky":false,"template":"","format":"standard","meta":{"_acf_changed":false,"footnotes":""},"categories":[11,319,12],"tags":[],"class_list":["post-58264","post","type-post","status-publish","format-standard","has-post-thumbnail","hentry","category-que-pasa","category-a-temporales","category-sociedad"],"acf":[],"yoast_head":"<!-- This site is optimized with the Yoast SEO plugin v27.5 - https:\/\/yoast.com\/product\/yoast-seo-wordpress\/ -->\n<title>Video del &quot;Aceler\u00e1 maric\u00f3n&quot;: identificaron al hombre que hizo manejar al nene - Diario Textual<\/title>\n<meta name=\"robots\" content=\"index, follow, max-snippet:-1, max-image-preview:large, max-video-preview:-1\" \/>\n<link rel=\"canonical\" href=\"https:\/\/diariotextual.com\/inicio\/index.php\/2019\/08\/05\/video-del-acelera-maricon-no-delito-una-contravencion\/\" \/>\n<meta property=\"og:locale\" content=\"es_ES\" \/>\n<meta property=\"og:type\" content=\"article\" \/>\n<meta property=\"og:title\" content=\"Video del &quot;Aceler\u00e1 maric\u00f3n&quot;: identificaron al hombre que hizo manejar al nene - Diario Textual\" \/>\n<meta property=\"og:description\" content=\"El fiscal Armando Ag\u00fcero dijo que es una contravenci\u00f3n lo realizado por el hombre que hace manejar, en una ruta de la provincia, a un nene de 10 a\u00f1os, presumiblemente&hellip;\" \/>\n<meta property=\"og:url\" content=\"https:\/\/diariotextual.com\/inicio\/index.php\/2019\/08\/05\/video-del-acelera-maricon-no-delito-una-contravencion\/\" \/>\n<meta property=\"og:site_name\" content=\"Diario Textual\" \/>\n<meta property=\"article:publisher\" content=\"https:\/\/www.facebook.com\/eltextual\" \/>\n<meta property=\"article:published_time\" content=\"2019-08-05T20:34:08+00:00\" \/>\n<meta property=\"article:modified_time\" content=\"2019-08-06T12:08:50+00:00\" \/>\n<meta property=\"og:image\" content=\"https:\/\/diariotextual.com\/inicio\/wp-content\/uploads\/2019\/08\/conduccionneneruta101enboca2019-1.jpg\" \/>\n\t<meta property=\"og:image:width\" content=\"870\" \/>\n\t<meta property=\"og:image:height\" content=\"519\" \/>\n\t<meta property=\"og:image:type\" content=\"image\/jpeg\" \/>\n<meta name=\"author\" content=\"Diario1 Diario1\" \/>\n<meta name=\"twitter:card\" content=\"summary_large_image\" \/>\n<meta name=\"twitter:creator\" content=\"@eltextual\" \/>\n<meta name=\"twitter:site\" content=\"@eltextual\" \/>\n<meta name=\"twitter:label1\" content=\"Escrito por\" \/>\n\t<meta name=\"twitter:data1\" content=\"Diario1 Diario1\" \/>\n\t<meta name=\"twitter:label2\" content=\"Tiempo de lectura\" \/>\n\t<meta name=\"twitter:data2\" content=\"2 minutos\" \/>\n<script type=\"application\/ld+json\" class=\"yoast-schema-graph\">{\"@context\":\"https:\\\/\\\/schema.org\",\"@graph\":[{\"@type\":\"Article\",\"@id\":\"https:\\\/\\\/diariotextual.com\\\/inicio\\\/index.php\\\/2019\\\/08\\\/05\\\/video-del-acelera-maricon-no-delito-una-contravencion\\\/#article\",\"isPartOf\":{\"@id\":\"https:\\\/\\\/diariotextual.com\\\/inicio\\\/index.php\\\/2019\\\/08\\\/05\\\/video-del-acelera-maricon-no-delito-una-contravencion\\\/\"},\"author\":{\"name\":\"Diario1 Diario1\",\"@id\":\"https:\\\/\\\/diariotextual.com\\\/inicio\\\/#\\\/schema\\\/person\\\/418fc4093c33e86ed41562db3508f958\"},\"headline\":\"Video del \u00abAceler\u00e1 maric\u00f3n\u00bb: identificaron al hombre que hizo manejar al nene\",\"datePublished\":\"2019-08-05T20:34:08+00:00\",\"dateModified\":\"2019-08-06T12:08:50+00:00\",\"mainEntityOfPage\":{\"@id\":\"https:\\\/\\\/diariotextual.com\\\/inicio\\\/index.php\\\/2019\\\/08\\\/05\\\/video-del-acelera-maricon-no-delito-una-contravencion\\\/\"},\"wordCount\":433,\"publisher\":{\"@id\":\"https:\\\/\\\/diariotextual.com\\\/inicio\\\/#organization\"},\"image\":{\"@id\":\"https:\\\/\\\/diariotextual.com\\\/inicio\\\/index.php\\\/2019\\\/08\\\/05\\\/video-del-acelera-maricon-no-delito-una-contravencion\\\/#primaryimage\"},\"thumbnailUrl\":\"https:\\\/\\\/diariotextual.com\\\/inicio\\\/wp-content\\\/uploads\\\/2019\\\/08\\\/conduccionneneruta101enboca2019-1.jpg\",\"articleSection\":[\"A - QUE PASA (al costado)\",\"A - TEMPORALES\",\"SOCIEDAD\"],\"inLanguage\":\"es\"},{\"@type\":\"WebPage\",\"@id\":\"https:\\\/\\\/diariotextual.com\\\/inicio\\\/index.php\\\/2019\\\/08\\\/05\\\/video-del-acelera-maricon-no-delito-una-contravencion\\\/\",\"url\":\"https:\\\/\\\/diariotextual.com\\\/inicio\\\/index.php\\\/2019\\\/08\\\/05\\\/video-del-acelera-maricon-no-delito-una-contravencion\\\/\",\"name\":\"Video del \\\"Aceler\u00e1 maric\u00f3n\\\": identificaron al hombre que hizo manejar al nene - Diario Textual\",\"isPartOf\":{\"@id\":\"https:\\\/\\\/diariotextual.com\\\/inicio\\\/#website\"},\"primaryImageOfPage\":{\"@id\":\"https:\\\/\\\/diariotextual.com\\\/inicio\\\/index.php\\\/2019\\\/08\\\/05\\\/video-del-acelera-maricon-no-delito-una-contravencion\\\/#primaryimage\"},\"image\":{\"@id\":\"https:\\\/\\\/diariotextual.com\\\/inicio\\\/index.php\\\/2019\\\/08\\\/05\\\/video-del-acelera-maricon-no-delito-una-contravencion\\\/#primaryimage\"},\"thumbnailUrl\":\"https:\\\/\\\/diariotextual.com\\\/inicio\\\/wp-content\\\/uploads\\\/2019\\\/08\\\/conduccionneneruta101enboca2019-1.jpg\",\"datePublished\":\"2019-08-05T20:34:08+00:00\",\"dateModified\":\"2019-08-06T12:08:50+00:00\",\"breadcrumb\":{\"@id\":\"https:\\\/\\\/diariotextual.com\\\/inicio\\\/index.php\\\/2019\\\/08\\\/05\\\/video-del-acelera-maricon-no-delito-una-contravencion\\\/#breadcrumb\"},\"inLanguage\":\"es\",\"potentialAction\":[{\"@type\":\"ReadAction\",\"target\":[\"https:\\\/\\\/diariotextual.com\\\/inicio\\\/index.php\\\/2019\\\/08\\\/05\\\/video-del-acelera-maricon-no-delito-una-contravencion\\\/\"]}]},{\"@type\":\"ImageObject\",\"inLanguage\":\"es\",\"@id\":\"https:\\\/\\\/diariotextual.com\\\/inicio\\\/index.php\\\/2019\\\/08\\\/05\\\/video-del-acelera-maricon-no-delito-una-contravencion\\\/#primaryimage\",\"url\":\"https:\\\/\\\/diariotextual.com\\\/inicio\\\/wp-content\\\/uploads\\\/2019\\\/08\\\/conduccionneneruta101enboca2019-1.jpg\",\"contentUrl\":\"https:\\\/\\\/diariotextual.com\\\/inicio\\\/wp-content\\\/uploads\\\/2019\\\/08\\\/conduccionneneruta101enboca2019-1.jpg\",\"width\":870,\"height\":519},{\"@type\":\"BreadcrumbList\",\"@id\":\"https:\\\/\\\/diariotextual.com\\\/inicio\\\/index.php\\\/2019\\\/08\\\/05\\\/video-del-acelera-maricon-no-delito-una-contravencion\\\/#breadcrumb\",\"itemListElement\":[{\"@type\":\"ListItem\",\"position\":1,\"name\":\"Portada\",\"item\":\"https:\\\/\\\/diariotextual.com\\\/inicio\\\/\"},{\"@type\":\"ListItem\",\"position\":2,\"name\":\"Video del \u00abAceler\u00e1 maric\u00f3n\u00bb: identificaron al hombre que hizo manejar al nene\"}]},{\"@type\":\"WebSite\",\"@id\":\"https:\\\/\\\/diariotextual.com\\\/inicio\\\/#website\",\"url\":\"https:\\\/\\\/diariotextual.com\\\/inicio\\\/\",\"name\":\"Diario Textual\",\"description\":\"\",\"publisher\":{\"@id\":\"https:\\\/\\\/diariotextual.com\\\/inicio\\\/#organization\"},\"potentialAction\":[{\"@type\":\"SearchAction\",\"target\":{\"@type\":\"EntryPoint\",\"urlTemplate\":\"https:\\\/\\\/diariotextual.com\\\/inicio\\\/?s={search_term_string}\"},\"query-input\":{\"@type\":\"PropertyValueSpecification\",\"valueRequired\":true,\"valueName\":\"search_term_string\"}}],\"inLanguage\":\"es\"},{\"@type\":\"Organization\",\"@id\":\"https:\\\/\\\/diariotextual.com\\\/inicio\\\/#organization\",\"name\":\"Diario Textual\",\"url\":\"https:\\\/\\\/diariotextual.com\\\/inicio\\\/\",\"logo\":{\"@type\":\"ImageObject\",\"inLanguage\":\"es\",\"@id\":\"https:\\\/\\\/diariotextual.com\\\/inicio\\\/#\\\/schema\\\/logo\\\/image\\\/\",\"url\":\"https:\\\/\\\/diariotextual.com\\\/inicio\\\/wp-content\\\/uploads\\\/2023\\\/05\\\/logotextual1.jpg\",\"contentUrl\":\"https:\\\/\\\/diariotextual.com\\\/inicio\\\/wp-content\\\/uploads\\\/2023\\\/05\\\/logotextual1.jpg\",\"width\":516,\"height\":76,\"caption\":\"Diario Textual\"},\"image\":{\"@id\":\"https:\\\/\\\/diariotextual.com\\\/inicio\\\/#\\\/schema\\\/logo\\\/image\\\/\"},\"sameAs\":[\"https:\\\/\\\/www.facebook.com\\\/eltextual\",\"https:\\\/\\\/x.com\\\/eltextual\",\"http:\\\/\\\/www.instagram.com\\\/eltextual\"]},{\"@type\":\"Person\",\"@id\":\"https:\\\/\\\/diariotextual.com\\\/inicio\\\/#\\\/schema\\\/person\\\/418fc4093c33e86ed41562db3508f958\",\"name\":\"Diario1 Diario1\",\"image\":{\"@type\":\"ImageObject\",\"inLanguage\":\"es\",\"@id\":\"https:\\\/\\\/secure.gravatar.com\\\/avatar\\\/9167d280179c85bc18be67aa7eda765854300033af4896dd779b608640f2ef7a?s=96&d=mm&r=g\",\"url\":\"https:\\\/\\\/secure.gravatar.com\\\/avatar\\\/9167d280179c85bc18be67aa7eda765854300033af4896dd779b608640f2ef7a?s=96&d=mm&r=g\",\"contentUrl\":\"https:\\\/\\\/secure.gravatar.com\\\/avatar\\\/9167d280179c85bc18be67aa7eda765854300033af4896dd779b608640f2ef7a?s=96&d=mm&r=g\",\"caption\":\"Diario1 Diario1\"},\"url\":\"https:\\\/\\\/diariotextual.com\\\/inicio\\\/index.php\\\/author\\\/diario1\\\/\"}]}<\/script>\n<!-- \/ Yoast SEO plugin. -->","yoast_head_json":{"title":"Video del \"Aceler\u00e1 maric\u00f3n\": identificaron al hombre que hizo manejar al nene - Diario Textual","robots":{"index":"index","follow":"follow","max-snippet":"max-snippet:-1","max-image-preview":"max-image-preview:large","max-video-preview":"max-video-preview:-1"},"canonical":"https:\/\/diariotextual.com\/inicio\/index.php\/2019\/08\/05\/video-del-acelera-maricon-no-delito-una-contravencion\/","og_locale":"es_ES","og_type":"article","og_title":"Video del \"Aceler\u00e1 maric\u00f3n\": identificaron al hombre que hizo manejar al nene - Diario Textual","og_description":"El fiscal Armando Ag\u00fcero dijo que es una contravenci\u00f3n lo realizado por el hombre que hace manejar, en una ruta de la provincia, a un nene de 10 a\u00f1os, presumiblemente&hellip;","og_url":"https:\/\/diariotextual.com\/inicio\/index.php\/2019\/08\/05\/video-del-acelera-maricon-no-delito-una-contravencion\/","og_site_name":"Diario Textual","article_publisher":"https:\/\/www.facebook.com\/eltextual","article_published_time":"2019-08-05T20:34:08+00:00","article_modified_time":"2019-08-06T12:08:50+00:00","og_image":[{"width":870,"height":519,"url":"https:\/\/diariotextual.com\/inicio\/wp-content\/uploads\/2019\/08\/conduccionneneruta101enboca2019-1.jpg","type":"image\/jpeg"}],"author":"Diario1 Diario1","twitter_card":"summary_large_image","twitter_creator":"@eltextual","twitter_site":"@eltextual","twitter_misc":{"Escrito por":"Diario1 Diario1","Tiempo de lectura":"2 minutos"},"schema":{"@context":"https:\/\/schema.org","@graph":[{"@type":"Article","@id":"https:\/\/diariotextual.com\/inicio\/index.php\/2019\/08\/05\/video-del-acelera-maricon-no-delito-una-contravencion\/#article","isPartOf":{"@id":"https:\/\/diariotextual.com\/inicio\/index.php\/2019\/08\/05\/video-del-acelera-maricon-no-delito-una-contravencion\/"},"author":{"name":"Diario1 Diario1","@id":"https:\/\/diariotextual.com\/inicio\/#\/schema\/person\/418fc4093c33e86ed41562db3508f958"},"headline":"Video del \u00abAceler\u00e1 maric\u00f3n\u00bb: identificaron al hombre que hizo manejar al nene","datePublished":"2019-08-05T20:34:08+00:00","dateModified":"2019-08-06T12:08:50+00:00","mainEntityOfPage":{"@id":"https:\/\/diariotextual.com\/inicio\/index.php\/2019\/08\/05\/video-del-acelera-maricon-no-delito-una-contravencion\/"},"wordCount":433,"publisher":{"@id":"https:\/\/diariotextual.com\/inicio\/#organization"},"image":{"@id":"https:\/\/diariotextual.com\/inicio\/index.php\/2019\/08\/05\/video-del-acelera-maricon-no-delito-una-contravencion\/#primaryimage"},"thumbnailUrl":"https:\/\/diariotextual.com\/inicio\/wp-content\/uploads\/2019\/08\/conduccionneneruta101enboca2019-1.jpg","articleSection":["A - QUE PASA (al costado)","A - TEMPORALES","SOCIEDAD"],"inLanguage":"es"},{"@type":"WebPage","@id":"https:\/\/diariotextual.com\/inicio\/index.php\/2019\/08\/05\/video-del-acelera-maricon-no-delito-una-contravencion\/","url":"https:\/\/diariotextual.com\/inicio\/index.php\/2019\/08\/05\/video-del-acelera-maricon-no-delito-una-contravencion\/","name":"Video del \"Aceler\u00e1 maric\u00f3n\": identificaron al hombre que hizo manejar al nene - Diario Textual","isPartOf":{"@id":"https:\/\/diariotextual.com\/inicio\/#website"},"primaryImageOfPage":{"@id":"https:\/\/diariotextual.com\/inicio\/index.php\/2019\/08\/05\/video-del-acelera-maricon-no-delito-una-contravencion\/#primaryimage"},"image":{"@id":"https:\/\/diariotextual.com\/inicio\/index.php\/2019\/08\/05\/video-del-acelera-maricon-no-delito-una-contravencion\/#primaryimage"},"thumbnailUrl":"https:\/\/diariotextual.com\/inicio\/wp-content\/uploads\/2019\/08\/conduccionneneruta101enboca2019-1.jpg","datePublished":"2019-08-05T20:34:08+00:00","dateModified":"2019-08-06T12:08:50+00:00","breadcrumb":{"@id":"https:\/\/diariotextual.com\/inicio\/index.php\/2019\/08\/05\/video-del-acelera-maricon-no-delito-una-contravencion\/#breadcrumb"},"inLanguage":"es","potentialAction":[{"@type":"ReadAction","target":["https:\/\/diariotextual.com\/inicio\/index.php\/2019\/08\/05\/video-del-acelera-maricon-no-delito-una-contravencion\/"]}]},{"@type":"ImageObject","inLanguage":"es","@id":"https:\/\/diariotextual.com\/inicio\/index.php\/2019\/08\/05\/video-del-acelera-maricon-no-delito-una-contravencion\/#primaryimage","url":"https:\/\/diariotextual.com\/inicio\/wp-content\/uploads\/2019\/08\/conduccionneneruta101enboca2019-1.jpg","contentUrl":"https:\/\/diariotextual.com\/inicio\/wp-content\/uploads\/2019\/08\/conduccionneneruta101enboca2019-1.jpg","width":870,"height":519},{"@type":"BreadcrumbList","@id":"https:\/\/diariotextual.com\/inicio\/index.php\/2019\/08\/05\/video-del-acelera-maricon-no-delito-una-contravencion\/#breadcrumb","itemListElement":[{"@type":"ListItem","position":1,"name":"Portada","item":"https:\/\/diariotextual.com\/inicio\/"},{"@type":"ListItem","position":2,"name":"Video del \u00abAceler\u00e1 maric\u00f3n\u00bb: identificaron al hombre que hizo manejar al nene"}]},{"@type":"WebSite","@id":"https:\/\/diariotextual.com\/inicio\/#website","url":"https:\/\/diariotextual.com\/inicio\/","name":"Diario Textual","description":"","publisher":{"@id":"https:\/\/diariotextual.com\/inicio\/#organization"},"potentialAction":[{"@type":"SearchAction","target":{"@type":"EntryPoint","urlTemplate":"https:\/\/diariotextual.com\/inicio\/?s={search_term_string}"},"query-input":{"@type":"PropertyValueSpecification","valueRequired":true,"valueName":"search_term_string"}}],"inLanguage":"es"},{"@type":"Organization","@id":"https:\/\/diariotextual.com\/inicio\/#organization","name":"Diario Textual","url":"https:\/\/diariotextual.com\/inicio\/","logo":{"@type":"ImageObject","inLanguage":"es","@id":"https:\/\/diariotextual.com\/inicio\/#\/schema\/logo\/image\/","url":"https:\/\/diariotextual.com\/inicio\/wp-content\/uploads\/2023\/05\/logotextual1.jpg","contentUrl":"https:\/\/diariotextual.com\/inicio\/wp-content\/uploads\/2023\/05\/logotextual1.jpg","width":516,"height":76,"caption":"Diario Textual"},"image":{"@id":"https:\/\/diariotextual.com\/inicio\/#\/schema\/logo\/image\/"},"sameAs":["https:\/\/www.facebook.com\/eltextual","https:\/\/x.com\/eltextual","http:\/\/www.instagram.com\/eltextual"]},{"@type":"Person","@id":"https:\/\/diariotextual.com\/inicio\/#\/schema\/person\/418fc4093c33e86ed41562db3508f958","name":"Diario1 Diario1","image":{"@type":"ImageObject","inLanguage":"es","@id":"https:\/\/secure.gravatar.com\/avatar\/9167d280179c85bc18be67aa7eda765854300033af4896dd779b608640f2ef7a?s=96&d=mm&r=g","url":"https:\/\/secure.gravatar.com\/avatar\/9167d280179c85bc18be67aa7eda765854300033af4896dd779b608640f2ef7a?s=96&d=mm&r=g","contentUrl":"https:\/\/secure.gravatar.com\/avatar\/9167d280179c85bc18be67aa7eda765854300033af4896dd779b608640f2ef7a?s=96&d=mm&r=g","caption":"Diario1 Diario1"},"url":"https:\/\/diariotextual.com\/inicio\/index.php\/author\/diario1\/"}]}},"_links":{"self":[{"href":"https:\/\/diariotextual.com\/inicio\/index.php\/wp-json\/wp\/v2\/posts\/58264","targetHints":{"allow":["GET"]}}],"collection":[{"href":"https:\/\/diariotextual.com\/inicio\/index.php\/wp-json\/wp\/v2\/posts"}],"about":[{"href":"https:\/\/diariotextual.com\/inicio\/index.php\/wp-json\/wp\/v2\/types\/post"}],"author":[{"embeddable":true,"href":"https:\/\/diariotextual.com\/inicio\/index.php\/wp-json\/wp\/v2\/users\/3"}],"replies":[{"embeddable":true,"href":"https:\/\/diariotextual.com\/inicio\/index.php\/wp-json\/wp\/v2\/comments?post=58264"}],"version-history":[{"count":5,"href":"https:\/\/diariotextual.com\/inicio\/index.php\/wp-json\/wp\/v2\/posts\/58264\/revisions"}],"predecessor-version":[{"id":58292,"href":"https:\/\/diariotextual.com\/inicio\/index.php\/wp-json\/wp\/v2\/posts\/58264\/revisions\/58292"}],"wp:featuredmedia":[{"embeddable":true,"href":"https:\/\/diariotextual.com\/inicio\/index.php\/wp-json\/wp\/v2\/media\/58239"}],"wp:attachment":[{"href":"https:\/\/diariotextual.com\/inicio\/index.php\/wp-json\/wp\/v2\/media?parent=58264"}],"wp:term":[{"taxonomy":"category","embeddable":true,"href":"https:\/\/diariotextual.com\/inicio\/index.php\/wp-json\/wp\/v2\/categories?post=58264"},{"taxonomy":"post_tag","embeddable":true,"href":"https:\/\/diariotextual.com\/inicio\/index.php\/wp-json\/wp\/v2\/tags?post=58264"}],"curies":[{"name":"wp","href":"https:\/\/api.w.org\/{rel}","templated":true}]}}