{"id":58336,"date":"2019-08-06T11:38:45","date_gmt":"2019-08-06T14:38:45","guid":{"rendered":"http:\/\/diariotextual.com\/inicio\/?p=58336"},"modified":"2019-08-07T07:51:18","modified_gmt":"2019-08-07T10:51:18","slug":"asentamiento-nuevo-salitral-solo-quedan-15-familias-forma-permanente","status":"publish","type":"post","link":"https:\/\/diariotextual.com\/inicio\/index.php\/2019\/08\/06\/asentamiento-nuevo-salitral-solo-quedan-15-familias-forma-permanente\/","title":{"rendered":"En el asentamiento Nuevo Salitral solo quedan 15 familias en forma permanente"},"content":{"rendered":"<p><strong>Comenz\u00f3 el \u00e9xodo en las tomas y asentamientos de Santa Rosa<\/strong>. El <strong>Nuevo Salitral<\/strong> -el primero de las cinco tomas, que comenz\u00f3 a conformarse hace un mes y medio-, qued\u00f3 pr\u00e1cticamente deshabitado. <strong>Esas tierras -la mayor\u00eda municipales- fueron divididas en 168 parcelas y se hicieron unas 150 chozas<\/strong> o ranchos.<strong> Este martes, seg\u00fan pudo comprobar Diario Textual de los propios ocupantes y de la Polic\u00eda, solo quedan unas 15 familias<\/strong> en forma permanente.<\/p>\n<p>En tanto, <strong>hay otro n\u00famero ubicado entre 50 y 75 familias que \u00abva y viene\u00bb del asentamiento.<\/strong> \u00abHay vecinos que vienen un d\u00eda, miran si est\u00e1 todo bien, y capaz que no vuelve en una semana\u00bb, dice Ra\u00fal, uno de los que decidi\u00f3 quedarse. <strong>\u00abOtros, seg\u00fan dicen, arreglaron por plata o alquiler y ya no vuelven m\u00e1s\u00bb.<\/strong><\/p>\n<p><strong>El Nuevo Salitral fue el primer asentamiento, ubicado al lado de la laguna Don Tom\u00e1s.<\/strong> All\u00ed hubo unas 150 familias reclamando terrenos.<\/p>\n<p>Luego, en medio de una suerte de espiral de las tomas, <strong>se registraron otras cuatro tomas m\u00e1s<\/strong>: en Villa Germinal -aunque no se asentaron-; en Villa Uhalde -donde instalaron un par de carpas-; en el Santa Mar\u00eda de la Pampa, que bautizaron asentamiento Micaela Garc\u00eda; y en El Molino.<\/p>\n<p>\u00bfCu\u00e1l es la situaci\u00f3n de esas otras tomas? <strong>En el Micaela Garc\u00eda la situaci\u00f3n parece encaminarse a lo que sucede en el Nuevo Salitral: ya hay algunas familias que se han retirado definitivamente o que han decidido no estar en forma permanente en el lugar.\u00a0<\/strong><\/p>\n<p>A su vez, <strong>en Villa Germinal nunca se asentaron<\/strong>, aunque iniciaron tr\u00e1mites de reclamos de esas tierras comunales. En tanto,<strong> en Villa Uhalde hab\u00eda hoy un par de carpas, pero sin gente<\/strong>.<\/p>\n<p>Finalmente, <strong>en la toma de El Molino hay unas 10 chozas. Este martes por la ma\u00f1ana, cuando Diario Textual estuvo en el lugar, no hab\u00eda ninguna persona<\/strong>.<\/p>\n<p>\u00bfQu\u00e9 es lo que pas\u00f3? \u00abHubo ofrecimiento de dinero de la municipalidad o la Provincia para pagar alquiler. A mi me ofrecieron cuatro meses, pero decid\u00ed no irme\u00bb, cuenta Graciela, del Nuevo Salitral. \u00abDicen que por all\u00e1 -se\u00f1alando a la calle Ni\u00f1as de Ayohuma- acordaron unas 20 familias. No aparecieron m\u00e1s. Les dieron plata para alquilar o para construir una piecita y un ba\u00f1o en alg\u00fan terreno que ten\u00edan o es de sus familiares\u00bb, dice.<\/p>\n<p>\u00abAc\u00e1 est\u00e1bamos rodeados. Ahora, ya hace varios d\u00edas, que no vino ning\u00fan vecino m\u00e1s\u00bb, sostiene, por su parte, V\u00edctor, ubicado enfrente de la Isla de los Ni\u00f1os. \u00abMuchos se han ido. Otros van y vienen\u00bb, sostiene. Varias de las chozas o carpas permanecen cerradas. Incluso algunas con palos y candados.<\/p>\n<blockquote class=\"wp-embedded-content\" data-secret=\"HmNzzvebCz\"><p><a href=\"http:\/\/diariotextual.com\/inicio\/index.php\/2019\/08\/05\/asentamientos-altolaguirre-pidio-audiencia-verna-acordar-proyecto-casas-2\/\">Asentamientos: Altolaguirre pidi\u00f3 audiencia a Verna para acordar un proyecto de casas<\/a><\/p><\/blockquote>\n<p><iframe class=\"wp-embedded-content\" sandbox=\"allow-scripts\" security=\"restricted\" style=\"position: absolute; clip: rect(1px, 1px, 1px, 1px);\" src=\"http:\/\/diariotextual.com\/inicio\/index.php\/2019\/08\/05\/asentamientos-altolaguirre-pidio-audiencia-verna-acordar-proyecto-casas-2\/embed\/#?secret=HmNzzvebCz\" data-secret=\"HmNzzvebCz\" width=\"600\" height=\"338\" title=\"&#171;Asentamientos: Altolaguirre pidi\u00f3 audiencia a Verna para acordar un proyecto de casas&#187; &#8212; Diario Textual\" frameborder=\"0\" marginwidth=\"0\" marginheight=\"0\" scrolling=\"no\"><\/iframe><\/p>\n<p>&nbsp;<\/p>\n<p>&nbsp;<\/p>\n<p>&nbsp;<\/p>\n","protected":false},"excerpt":{"rendered":"<p>Comenz\u00f3 el \u00e9xodo en las tomas y asentamientos de Santa Rosa. El Nuevo Salitral -el primero de las cinco tomas, que comenz\u00f3 a conformarse hace un mes y medio-, qued\u00f3&hellip;<\/p>\n","protected":false},"author":3,"featured_media":58340,"comment_status":"closed","ping_status":"open","sticky":false,"template":"","format":"standard","meta":{"_acf_changed":false,"footnotes":""},"categories":[319,12],"tags":[2074],"class_list":["post-58336","post","type-post","status-publish","format-standard","has-post-thumbnail","hentry","category-a-temporales","category-sociedad","tag-asentamiento"],"acf":[],"yoast_head":"<!-- This site is optimized with the Yoast SEO plugin v27.5 - https:\/\/yoast.com\/product\/yoast-seo-wordpress\/ -->\n<title>En el asentamiento Nuevo Salitral solo quedan 15 familias en forma permanente - Diario Textual<\/title>\n<meta name=\"robots\" content=\"index, follow, max-snippet:-1, max-image-preview:large, max-video-preview:-1\" \/>\n<link rel=\"canonical\" href=\"https:\/\/diariotextual.com\/inicio\/index.php\/2019\/08\/06\/asentamiento-nuevo-salitral-solo-quedan-15-familias-forma-permanente\/\" \/>\n<meta property=\"og:locale\" content=\"es_ES\" \/>\n<meta property=\"og:type\" content=\"article\" \/>\n<meta property=\"og:title\" content=\"En el asentamiento Nuevo Salitral solo quedan 15 familias en forma permanente - Diario Textual\" \/>\n<meta property=\"og:description\" content=\"Comenz\u00f3 el \u00e9xodo en las tomas y asentamientos de Santa Rosa. El Nuevo Salitral -el primero de las cinco tomas, que comenz\u00f3 a conformarse hace un mes y medio-, qued\u00f3&hellip;\" \/>\n<meta property=\"og:url\" content=\"https:\/\/diariotextual.com\/inicio\/index.php\/2019\/08\/06\/asentamiento-nuevo-salitral-solo-quedan-15-familias-forma-permanente\/\" \/>\n<meta property=\"og:site_name\" content=\"Diario Textual\" \/>\n<meta property=\"article:publisher\" content=\"https:\/\/www.facebook.com\/eltextual\" \/>\n<meta property=\"article:published_time\" content=\"2019-08-06T14:38:45+00:00\" \/>\n<meta property=\"article:modified_time\" content=\"2019-08-07T10:51:18+00:00\" \/>\n<meta property=\"og:image\" content=\"https:\/\/diariotextual.com\/inicio\/wp-content\/uploads\/2019\/08\/asentamientoelsalitral2019-32.jpg\" \/>\n\t<meta property=\"og:image:width\" content=\"1184\" \/>\n\t<meta property=\"og:image:height\" content=\"704\" \/>\n\t<meta property=\"og:image:type\" content=\"image\/jpeg\" \/>\n<meta name=\"author\" content=\"Diario1 Diario1\" \/>\n<meta name=\"twitter:card\" content=\"summary_large_image\" \/>\n<meta name=\"twitter:creator\" content=\"@eltextual\" \/>\n<meta name=\"twitter:site\" content=\"@eltextual\" \/>\n<meta name=\"twitter:label1\" content=\"Escrito por\" \/>\n\t<meta name=\"twitter:data1\" content=\"Diario1 Diario1\" \/>\n\t<meta name=\"twitter:label2\" content=\"Tiempo de lectura\" \/>\n\t<meta name=\"twitter:data2\" content=\"2 minutos\" \/>\n<script type=\"application\/ld+json\" class=\"yoast-schema-graph\">{\"@context\":\"https:\\\/\\\/schema.org\",\"@graph\":[{\"@type\":\"Article\",\"@id\":\"https:\\\/\\\/diariotextual.com\\\/inicio\\\/index.php\\\/2019\\\/08\\\/06\\\/asentamiento-nuevo-salitral-solo-quedan-15-familias-forma-permanente\\\/#article\",\"isPartOf\":{\"@id\":\"https:\\\/\\\/diariotextual.com\\\/inicio\\\/index.php\\\/2019\\\/08\\\/06\\\/asentamiento-nuevo-salitral-solo-quedan-15-familias-forma-permanente\\\/\"},\"author\":{\"name\":\"Diario1 Diario1\",\"@id\":\"https:\\\/\\\/diariotextual.com\\\/inicio\\\/#\\\/schema\\\/person\\\/418fc4093c33e86ed41562db3508f958\"},\"headline\":\"En el asentamiento Nuevo Salitral solo quedan 15 familias en forma permanente\",\"datePublished\":\"2019-08-06T14:38:45+00:00\",\"dateModified\":\"2019-08-07T10:51:18+00:00\",\"mainEntityOfPage\":{\"@id\":\"https:\\\/\\\/diariotextual.com\\\/inicio\\\/index.php\\\/2019\\\/08\\\/06\\\/asentamiento-nuevo-salitral-solo-quedan-15-familias-forma-permanente\\\/\"},\"wordCount\":476,\"publisher\":{\"@id\":\"https:\\\/\\\/diariotextual.com\\\/inicio\\\/#organization\"},\"image\":{\"@id\":\"https:\\\/\\\/diariotextual.com\\\/inicio\\\/index.php\\\/2019\\\/08\\\/06\\\/asentamiento-nuevo-salitral-solo-quedan-15-familias-forma-permanente\\\/#primaryimage\"},\"thumbnailUrl\":\"https:\\\/\\\/diariotextual.com\\\/inicio\\\/wp-content\\\/uploads\\\/2019\\\/08\\\/asentamientoelsalitral2019-32.jpg\",\"keywords\":[\"asentamiento\"],\"articleSection\":[\"A - TEMPORALES\",\"SOCIEDAD\"],\"inLanguage\":\"es\"},{\"@type\":\"WebPage\",\"@id\":\"https:\\\/\\\/diariotextual.com\\\/inicio\\\/index.php\\\/2019\\\/08\\\/06\\\/asentamiento-nuevo-salitral-solo-quedan-15-familias-forma-permanente\\\/\",\"url\":\"https:\\\/\\\/diariotextual.com\\\/inicio\\\/index.php\\\/2019\\\/08\\\/06\\\/asentamiento-nuevo-salitral-solo-quedan-15-familias-forma-permanente\\\/\",\"name\":\"En el asentamiento Nuevo Salitral solo quedan 15 familias en forma permanente - Diario Textual\",\"isPartOf\":{\"@id\":\"https:\\\/\\\/diariotextual.com\\\/inicio\\\/#website\"},\"primaryImageOfPage\":{\"@id\":\"https:\\\/\\\/diariotextual.com\\\/inicio\\\/index.php\\\/2019\\\/08\\\/06\\\/asentamiento-nuevo-salitral-solo-quedan-15-familias-forma-permanente\\\/#primaryimage\"},\"image\":{\"@id\":\"https:\\\/\\\/diariotextual.com\\\/inicio\\\/index.php\\\/2019\\\/08\\\/06\\\/asentamiento-nuevo-salitral-solo-quedan-15-familias-forma-permanente\\\/#primaryimage\"},\"thumbnailUrl\":\"https:\\\/\\\/diariotextual.com\\\/inicio\\\/wp-content\\\/uploads\\\/2019\\\/08\\\/asentamientoelsalitral2019-32.jpg\",\"datePublished\":\"2019-08-06T14:38:45+00:00\",\"dateModified\":\"2019-08-07T10:51:18+00:00\",\"breadcrumb\":{\"@id\":\"https:\\\/\\\/diariotextual.com\\\/inicio\\\/index.php\\\/2019\\\/08\\\/06\\\/asentamiento-nuevo-salitral-solo-quedan-15-familias-forma-permanente\\\/#breadcrumb\"},\"inLanguage\":\"es\",\"potentialAction\":[{\"@type\":\"ReadAction\",\"target\":[\"https:\\\/\\\/diariotextual.com\\\/inicio\\\/index.php\\\/2019\\\/08\\\/06\\\/asentamiento-nuevo-salitral-solo-quedan-15-familias-forma-permanente\\\/\"]}]},{\"@type\":\"ImageObject\",\"inLanguage\":\"es\",\"@id\":\"https:\\\/\\\/diariotextual.com\\\/inicio\\\/index.php\\\/2019\\\/08\\\/06\\\/asentamiento-nuevo-salitral-solo-quedan-15-familias-forma-permanente\\\/#primaryimage\",\"url\":\"https:\\\/\\\/diariotextual.com\\\/inicio\\\/wp-content\\\/uploads\\\/2019\\\/08\\\/asentamientoelsalitral2019-32.jpg\",\"contentUrl\":\"https:\\\/\\\/diariotextual.com\\\/inicio\\\/wp-content\\\/uploads\\\/2019\\\/08\\\/asentamientoelsalitral2019-32.jpg\",\"width\":1184,\"height\":704},{\"@type\":\"BreadcrumbList\",\"@id\":\"https:\\\/\\\/diariotextual.com\\\/inicio\\\/index.php\\\/2019\\\/08\\\/06\\\/asentamiento-nuevo-salitral-solo-quedan-15-familias-forma-permanente\\\/#breadcrumb\",\"itemListElement\":[{\"@type\":\"ListItem\",\"position\":1,\"name\":\"Portada\",\"item\":\"https:\\\/\\\/diariotextual.com\\\/inicio\\\/\"},{\"@type\":\"ListItem\",\"position\":2,\"name\":\"En el asentamiento Nuevo Salitral solo quedan 15 familias en forma permanente\"}]},{\"@type\":\"WebSite\",\"@id\":\"https:\\\/\\\/diariotextual.com\\\/inicio\\\/#website\",\"url\":\"https:\\\/\\\/diariotextual.com\\\/inicio\\\/\",\"name\":\"Diario Textual\",\"description\":\"\",\"publisher\":{\"@id\":\"https:\\\/\\\/diariotextual.com\\\/inicio\\\/#organization\"},\"potentialAction\":[{\"@type\":\"SearchAction\",\"target\":{\"@type\":\"EntryPoint\",\"urlTemplate\":\"https:\\\/\\\/diariotextual.com\\\/inicio\\\/?s={search_term_string}\"},\"query-input\":{\"@type\":\"PropertyValueSpecification\",\"valueRequired\":true,\"valueName\":\"search_term_string\"}}],\"inLanguage\":\"es\"},{\"@type\":\"Organization\",\"@id\":\"https:\\\/\\\/diariotextual.com\\\/inicio\\\/#organization\",\"name\":\"Diario Textual\",\"url\":\"https:\\\/\\\/diariotextual.com\\\/inicio\\\/\",\"logo\":{\"@type\":\"ImageObject\",\"inLanguage\":\"es\",\"@id\":\"https:\\\/\\\/diariotextual.com\\\/inicio\\\/#\\\/schema\\\/logo\\\/image\\\/\",\"url\":\"https:\\\/\\\/diariotextual.com\\\/inicio\\\/wp-content\\\/uploads\\\/2023\\\/05\\\/logotextual1.jpg\",\"contentUrl\":\"https:\\\/\\\/diariotextual.com\\\/inicio\\\/wp-content\\\/uploads\\\/2023\\\/05\\\/logotextual1.jpg\",\"width\":516,\"height\":76,\"caption\":\"Diario Textual\"},\"image\":{\"@id\":\"https:\\\/\\\/diariotextual.com\\\/inicio\\\/#\\\/schema\\\/logo\\\/image\\\/\"},\"sameAs\":[\"https:\\\/\\\/www.facebook.com\\\/eltextual\",\"https:\\\/\\\/x.com\\\/eltextual\",\"http:\\\/\\\/www.instagram.com\\\/eltextual\"]},{\"@type\":\"Person\",\"@id\":\"https:\\\/\\\/diariotextual.com\\\/inicio\\\/#\\\/schema\\\/person\\\/418fc4093c33e86ed41562db3508f958\",\"name\":\"Diario1 Diario1\",\"image\":{\"@type\":\"ImageObject\",\"inLanguage\":\"es\",\"@id\":\"https:\\\/\\\/secure.gravatar.com\\\/avatar\\\/9167d280179c85bc18be67aa7eda765854300033af4896dd779b608640f2ef7a?s=96&d=mm&r=g\",\"url\":\"https:\\\/\\\/secure.gravatar.com\\\/avatar\\\/9167d280179c85bc18be67aa7eda765854300033af4896dd779b608640f2ef7a?s=96&d=mm&r=g\",\"contentUrl\":\"https:\\\/\\\/secure.gravatar.com\\\/avatar\\\/9167d280179c85bc18be67aa7eda765854300033af4896dd779b608640f2ef7a?s=96&d=mm&r=g\",\"caption\":\"Diario1 Diario1\"},\"url\":\"https:\\\/\\\/diariotextual.com\\\/inicio\\\/index.php\\\/author\\\/diario1\\\/\"}]}<\/script>\n<!-- \/ Yoast SEO plugin. -->","yoast_head_json":{"title":"En el asentamiento Nuevo Salitral solo quedan 15 familias en forma permanente - Diario Textual","robots":{"index":"index","follow":"follow","max-snippet":"max-snippet:-1","max-image-preview":"max-image-preview:large","max-video-preview":"max-video-preview:-1"},"canonical":"https:\/\/diariotextual.com\/inicio\/index.php\/2019\/08\/06\/asentamiento-nuevo-salitral-solo-quedan-15-familias-forma-permanente\/","og_locale":"es_ES","og_type":"article","og_title":"En el asentamiento Nuevo Salitral solo quedan 15 familias en forma permanente - Diario Textual","og_description":"Comenz\u00f3 el \u00e9xodo en las tomas y asentamientos de Santa Rosa. El Nuevo Salitral -el primero de las cinco tomas, que comenz\u00f3 a conformarse hace un mes y medio-, qued\u00f3&hellip;","og_url":"https:\/\/diariotextual.com\/inicio\/index.php\/2019\/08\/06\/asentamiento-nuevo-salitral-solo-quedan-15-familias-forma-permanente\/","og_site_name":"Diario Textual","article_publisher":"https:\/\/www.facebook.com\/eltextual","article_published_time":"2019-08-06T14:38:45+00:00","article_modified_time":"2019-08-07T10:51:18+00:00","og_image":[{"width":1184,"height":704,"url":"https:\/\/diariotextual.com\/inicio\/wp-content\/uploads\/2019\/08\/asentamientoelsalitral2019-32.jpg","type":"image\/jpeg"}],"author":"Diario1 Diario1","twitter_card":"summary_large_image","twitter_creator":"@eltextual","twitter_site":"@eltextual","twitter_misc":{"Escrito por":"Diario1 Diario1","Tiempo de lectura":"2 minutos"},"schema":{"@context":"https:\/\/schema.org","@graph":[{"@type":"Article","@id":"https:\/\/diariotextual.com\/inicio\/index.php\/2019\/08\/06\/asentamiento-nuevo-salitral-solo-quedan-15-familias-forma-permanente\/#article","isPartOf":{"@id":"https:\/\/diariotextual.com\/inicio\/index.php\/2019\/08\/06\/asentamiento-nuevo-salitral-solo-quedan-15-familias-forma-permanente\/"},"author":{"name":"Diario1 Diario1","@id":"https:\/\/diariotextual.com\/inicio\/#\/schema\/person\/418fc4093c33e86ed41562db3508f958"},"headline":"En el asentamiento Nuevo Salitral solo quedan 15 familias en forma permanente","datePublished":"2019-08-06T14:38:45+00:00","dateModified":"2019-08-07T10:51:18+00:00","mainEntityOfPage":{"@id":"https:\/\/diariotextual.com\/inicio\/index.php\/2019\/08\/06\/asentamiento-nuevo-salitral-solo-quedan-15-familias-forma-permanente\/"},"wordCount":476,"publisher":{"@id":"https:\/\/diariotextual.com\/inicio\/#organization"},"image":{"@id":"https:\/\/diariotextual.com\/inicio\/index.php\/2019\/08\/06\/asentamiento-nuevo-salitral-solo-quedan-15-familias-forma-permanente\/#primaryimage"},"thumbnailUrl":"https:\/\/diariotextual.com\/inicio\/wp-content\/uploads\/2019\/08\/asentamientoelsalitral2019-32.jpg","keywords":["asentamiento"],"articleSection":["A - TEMPORALES","SOCIEDAD"],"inLanguage":"es"},{"@type":"WebPage","@id":"https:\/\/diariotextual.com\/inicio\/index.php\/2019\/08\/06\/asentamiento-nuevo-salitral-solo-quedan-15-familias-forma-permanente\/","url":"https:\/\/diariotextual.com\/inicio\/index.php\/2019\/08\/06\/asentamiento-nuevo-salitral-solo-quedan-15-familias-forma-permanente\/","name":"En el asentamiento Nuevo Salitral solo quedan 15 familias en forma permanente - Diario Textual","isPartOf":{"@id":"https:\/\/diariotextual.com\/inicio\/#website"},"primaryImageOfPage":{"@id":"https:\/\/diariotextual.com\/inicio\/index.php\/2019\/08\/06\/asentamiento-nuevo-salitral-solo-quedan-15-familias-forma-permanente\/#primaryimage"},"image":{"@id":"https:\/\/diariotextual.com\/inicio\/index.php\/2019\/08\/06\/asentamiento-nuevo-salitral-solo-quedan-15-familias-forma-permanente\/#primaryimage"},"thumbnailUrl":"https:\/\/diariotextual.com\/inicio\/wp-content\/uploads\/2019\/08\/asentamientoelsalitral2019-32.jpg","datePublished":"2019-08-06T14:38:45+00:00","dateModified":"2019-08-07T10:51:18+00:00","breadcrumb":{"@id":"https:\/\/diariotextual.com\/inicio\/index.php\/2019\/08\/06\/asentamiento-nuevo-salitral-solo-quedan-15-familias-forma-permanente\/#breadcrumb"},"inLanguage":"es","potentialAction":[{"@type":"ReadAction","target":["https:\/\/diariotextual.com\/inicio\/index.php\/2019\/08\/06\/asentamiento-nuevo-salitral-solo-quedan-15-familias-forma-permanente\/"]}]},{"@type":"ImageObject","inLanguage":"es","@id":"https:\/\/diariotextual.com\/inicio\/index.php\/2019\/08\/06\/asentamiento-nuevo-salitral-solo-quedan-15-familias-forma-permanente\/#primaryimage","url":"https:\/\/diariotextual.com\/inicio\/wp-content\/uploads\/2019\/08\/asentamientoelsalitral2019-32.jpg","contentUrl":"https:\/\/diariotextual.com\/inicio\/wp-content\/uploads\/2019\/08\/asentamientoelsalitral2019-32.jpg","width":1184,"height":704},{"@type":"BreadcrumbList","@id":"https:\/\/diariotextual.com\/inicio\/index.php\/2019\/08\/06\/asentamiento-nuevo-salitral-solo-quedan-15-familias-forma-permanente\/#breadcrumb","itemListElement":[{"@type":"ListItem","position":1,"name":"Portada","item":"https:\/\/diariotextual.com\/inicio\/"},{"@type":"ListItem","position":2,"name":"En el asentamiento Nuevo Salitral solo quedan 15 familias en forma permanente"}]},{"@type":"WebSite","@id":"https:\/\/diariotextual.com\/inicio\/#website","url":"https:\/\/diariotextual.com\/inicio\/","name":"Diario Textual","description":"","publisher":{"@id":"https:\/\/diariotextual.com\/inicio\/#organization"},"potentialAction":[{"@type":"SearchAction","target":{"@type":"EntryPoint","urlTemplate":"https:\/\/diariotextual.com\/inicio\/?s={search_term_string}"},"query-input":{"@type":"PropertyValueSpecification","valueRequired":true,"valueName":"search_term_string"}}],"inLanguage":"es"},{"@type":"Organization","@id":"https:\/\/diariotextual.com\/inicio\/#organization","name":"Diario Textual","url":"https:\/\/diariotextual.com\/inicio\/","logo":{"@type":"ImageObject","inLanguage":"es","@id":"https:\/\/diariotextual.com\/inicio\/#\/schema\/logo\/image\/","url":"https:\/\/diariotextual.com\/inicio\/wp-content\/uploads\/2023\/05\/logotextual1.jpg","contentUrl":"https:\/\/diariotextual.com\/inicio\/wp-content\/uploads\/2023\/05\/logotextual1.jpg","width":516,"height":76,"caption":"Diario Textual"},"image":{"@id":"https:\/\/diariotextual.com\/inicio\/#\/schema\/logo\/image\/"},"sameAs":["https:\/\/www.facebook.com\/eltextual","https:\/\/x.com\/eltextual","http:\/\/www.instagram.com\/eltextual"]},{"@type":"Person","@id":"https:\/\/diariotextual.com\/inicio\/#\/schema\/person\/418fc4093c33e86ed41562db3508f958","name":"Diario1 Diario1","image":{"@type":"ImageObject","inLanguage":"es","@id":"https:\/\/secure.gravatar.com\/avatar\/9167d280179c85bc18be67aa7eda765854300033af4896dd779b608640f2ef7a?s=96&d=mm&r=g","url":"https:\/\/secure.gravatar.com\/avatar\/9167d280179c85bc18be67aa7eda765854300033af4896dd779b608640f2ef7a?s=96&d=mm&r=g","contentUrl":"https:\/\/secure.gravatar.com\/avatar\/9167d280179c85bc18be67aa7eda765854300033af4896dd779b608640f2ef7a?s=96&d=mm&r=g","caption":"Diario1 Diario1"},"url":"https:\/\/diariotextual.com\/inicio\/index.php\/author\/diario1\/"}]}},"_links":{"self":[{"href":"https:\/\/diariotextual.com\/inicio\/index.php\/wp-json\/wp\/v2\/posts\/58336","targetHints":{"allow":["GET"]}}],"collection":[{"href":"https:\/\/diariotextual.com\/inicio\/index.php\/wp-json\/wp\/v2\/posts"}],"about":[{"href":"https:\/\/diariotextual.com\/inicio\/index.php\/wp-json\/wp\/v2\/types\/post"}],"author":[{"embeddable":true,"href":"https:\/\/diariotextual.com\/inicio\/index.php\/wp-json\/wp\/v2\/users\/3"}],"replies":[{"embeddable":true,"href":"https:\/\/diariotextual.com\/inicio\/index.php\/wp-json\/wp\/v2\/comments?post=58336"}],"version-history":[{"count":7,"href":"https:\/\/diariotextual.com\/inicio\/index.php\/wp-json\/wp\/v2\/posts\/58336\/revisions"}],"predecessor-version":[{"id":58347,"href":"https:\/\/diariotextual.com\/inicio\/index.php\/wp-json\/wp\/v2\/posts\/58336\/revisions\/58347"}],"wp:featuredmedia":[{"embeddable":true,"href":"https:\/\/diariotextual.com\/inicio\/index.php\/wp-json\/wp\/v2\/media\/58340"}],"wp:attachment":[{"href":"https:\/\/diariotextual.com\/inicio\/index.php\/wp-json\/wp\/v2\/media?parent=58336"}],"wp:term":[{"taxonomy":"category","embeddable":true,"href":"https:\/\/diariotextual.com\/inicio\/index.php\/wp-json\/wp\/v2\/categories?post=58336"},{"taxonomy":"post_tag","embeddable":true,"href":"https:\/\/diariotextual.com\/inicio\/index.php\/wp-json\/wp\/v2\/tags?post=58336"}],"curies":[{"name":"wp","href":"https:\/\/api.w.org\/{rel}","templated":true}]}}