{"id":58364,"date":"2019-08-06T17:10:59","date_gmt":"2019-08-06T20:10:59","guid":{"rendered":"http:\/\/diariotextual.com\/inicio\/?p=58364"},"modified":"2019-08-07T10:36:37","modified_gmt":"2019-08-07T13:36:37","slug":"la-cpe-pide-mas-participacion-accionaria-empatel","status":"publish","type":"post","link":"https:\/\/diariotextual.com\/inicio\/index.php\/2019\/08\/06\/la-cpe-pide-mas-participacion-accionaria-empatel\/","title":{"rendered":"La CPE pide m\u00e1s participaci\u00f3n accionaria en Empatel"},"content":{"rendered":"<p>Los candidatos a legisladores nacionales del Frente de Todos, Hern\u00e1n P\u00e9rez Araujo y Carmina Besga, fueron recibidos por los dirigentes del Consejo de Administraci\u00f3n de la CPE, Alfredo Carrascal, Anal\u00eda Ponce, Julieta Carrizo S\u00e1nchez y Manuel Simpson. El intendente electo de Santa Rosa, Luciano Di N\u00e1poli, acompa\u00f1\u00f3 a los candidatos. El encuentro es parte de las reuniones con representantes de distintos partidos, en el marco de las PASO del pr\u00f3ximo domingo 11 de agosto.<\/p>\n<p>La CPE reiter\u00f3 temas de actual preocupaci\u00f3n para las cooperativas pampeanas, entre los que destaca<strong> la necesidad de desdolarizar los cuadros tarifarios el\u00e9ctricos impuestos por el gobierno nacional<\/strong>. Resulta inocultable el impacto negativo de este modelo en las econom\u00edas de las cooperativas y en particular en los usuarios. En este sentido, se hizo hincapi\u00e9 en las dificultades crecientes para hacer frente a los pagos de las facturas mensuales y la ca\u00edda del consumo de energ\u00eda el\u00e9ctrica en todas las categor\u00edas.<\/p>\n<p>Tambi\u00e9n trataron la iniciativa del Gobierno pampeano, actualmente en an\u00e1lisis en la Legislatura, para crear la Empresa Provincial de Telecomunicaciones (Empatel). La CPE reiter\u00f3 su apoyo general aunque ha propuesto algunas modificaciones que se comentaron durante la reuni\u00f3n. Por un lado, <strong>reconocer un mayor peso accionario a la CPE<\/strong> y, por otro, <strong>garantizar que la distribuci\u00f3n del servicio quede en manos de las cooperativas, en particular garantizar la denominada \u201c\u00faltima milla\u201d<\/strong>. Para la CPE, Empatel deber\u00eda seguir un perfil similar a la APE en en el manejo del sistema el\u00e9ctrico provincial.<\/p>\n<p>Tambi\u00e9n se coment\u00f3 la situaci\u00f3n que atraviesan varias cooperativas que han solicitado al Ente Nacional de Comunicaciones (Enacom) licencias que las habiliten a brindar televisi\u00f3n por cable. Es el caso de la CPE en Catril\u00f3, similar a los de otras entidades como las de General Acha y Eduardo Castex.<\/p>\n<blockquote class=\"wp-embedded-content\" data-secret=\"sl6BVD6EuD\"><p><a href=\"http:\/\/diariotextual.com\/inicio\/index.php\/2019\/08\/06\/nuevo-gobernador-sergio-ziliotto-creara-la-secretaria-energia\/\">El nuevo gobernador Sergio Ziliotto crear\u00e1 la Secretar\u00eda de Energ\u00eda<\/a><\/p><\/blockquote>\n<p><iframe class=\"wp-embedded-content\" sandbox=\"allow-scripts\" security=\"restricted\" style=\"position: absolute; clip: rect(1px, 1px, 1px, 1px);\" src=\"http:\/\/diariotextual.com\/inicio\/index.php\/2019\/08\/06\/nuevo-gobernador-sergio-ziliotto-creara-la-secretaria-energia\/embed\/#?secret=sl6BVD6EuD\" data-secret=\"sl6BVD6EuD\" width=\"600\" height=\"338\" title=\"&#171;El nuevo gobernador Sergio Ziliotto crear\u00e1 la Secretar\u00eda de Energ\u00eda&#187; &#8212; Diario Textual\" frameborder=\"0\" marginwidth=\"0\" marginheight=\"0\" scrolling=\"no\"><\/iframe><\/p>\n<p>&nbsp;<\/p>\n","protected":false},"excerpt":{"rendered":"<p>Los candidatos a legisladores nacionales del Frente de Todos, Hern\u00e1n P\u00e9rez Araujo y Carmina Besga, fueron recibidos por los dirigentes del Consejo de Administraci\u00f3n de la CPE, Alfredo Carrascal, Anal\u00eda&hellip;<\/p>\n","protected":false},"author":3,"featured_media":58366,"comment_status":"closed","ping_status":"open","sticky":false,"template":"","format":"standard","meta":{"_acf_changed":false,"footnotes":""},"categories":[319,12],"tags":[],"class_list":["post-58364","post","type-post","status-publish","format-standard","has-post-thumbnail","hentry","category-a-temporales","category-sociedad"],"acf":[],"yoast_head":"<!-- This site is optimized with the Yoast SEO plugin v27.5 - https:\/\/yoast.com\/product\/yoast-seo-wordpress\/ -->\n<title>La CPE pide m\u00e1s participaci\u00f3n accionaria en Empatel - Diario Textual<\/title>\n<meta name=\"robots\" content=\"index, follow, max-snippet:-1, max-image-preview:large, max-video-preview:-1\" \/>\n<link rel=\"canonical\" href=\"https:\/\/diariotextual.com\/inicio\/index.php\/2019\/08\/06\/la-cpe-pide-mas-participacion-accionaria-empatel\/\" \/>\n<meta property=\"og:locale\" content=\"es_ES\" \/>\n<meta property=\"og:type\" content=\"article\" \/>\n<meta property=\"og:title\" content=\"La CPE pide m\u00e1s participaci\u00f3n accionaria en Empatel - Diario Textual\" \/>\n<meta property=\"og:description\" content=\"Los candidatos a legisladores nacionales del Frente de Todos, Hern\u00e1n P\u00e9rez Araujo y Carmina Besga, fueron recibidos por los dirigentes del Consejo de Administraci\u00f3n de la CPE, Alfredo Carrascal, Anal\u00eda&hellip;\" \/>\n<meta property=\"og:url\" content=\"https:\/\/diariotextual.com\/inicio\/index.php\/2019\/08\/06\/la-cpe-pide-mas-participacion-accionaria-empatel\/\" \/>\n<meta property=\"og:site_name\" content=\"Diario Textual\" \/>\n<meta property=\"article:publisher\" content=\"https:\/\/www.facebook.com\/eltextual\" \/>\n<meta property=\"article:published_time\" content=\"2019-08-06T20:10:59+00:00\" \/>\n<meta property=\"article:modified_time\" content=\"2019-08-07T13:36:37+00:00\" \/>\n<meta property=\"og:image\" content=\"https:\/\/diariotextual.com\/inicio\/wp-content\/uploads\/2019\/08\/cpefrentedetodosperezaraujo2019-2.jpg\" \/>\n\t<meta property=\"og:image:width\" content=\"1100\" \/>\n\t<meta property=\"og:image:height\" content=\"683\" \/>\n\t<meta property=\"og:image:type\" content=\"image\/jpeg\" \/>\n<meta name=\"author\" content=\"Diario1 Diario1\" \/>\n<meta name=\"twitter:card\" content=\"summary_large_image\" \/>\n<meta name=\"twitter:creator\" content=\"@eltextual\" \/>\n<meta name=\"twitter:site\" content=\"@eltextual\" \/>\n<meta name=\"twitter:label1\" content=\"Escrito por\" \/>\n\t<meta name=\"twitter:data1\" content=\"Diario1 Diario1\" \/>\n\t<meta name=\"twitter:label2\" content=\"Tiempo de lectura\" \/>\n\t<meta name=\"twitter:data2\" content=\"2 minutos\" \/>\n<script type=\"application\/ld+json\" class=\"yoast-schema-graph\">{\"@context\":\"https:\\\/\\\/schema.org\",\"@graph\":[{\"@type\":\"Article\",\"@id\":\"https:\\\/\\\/diariotextual.com\\\/inicio\\\/index.php\\\/2019\\\/08\\\/06\\\/la-cpe-pide-mas-participacion-accionaria-empatel\\\/#article\",\"isPartOf\":{\"@id\":\"https:\\\/\\\/diariotextual.com\\\/inicio\\\/index.php\\\/2019\\\/08\\\/06\\\/la-cpe-pide-mas-participacion-accionaria-empatel\\\/\"},\"author\":{\"name\":\"Diario1 Diario1\",\"@id\":\"https:\\\/\\\/diariotextual.com\\\/inicio\\\/#\\\/schema\\\/person\\\/418fc4093c33e86ed41562db3508f958\"},\"headline\":\"La CPE pide m\u00e1s participaci\u00f3n accionaria en Empatel\",\"datePublished\":\"2019-08-06T20:10:59+00:00\",\"dateModified\":\"2019-08-07T13:36:37+00:00\",\"mainEntityOfPage\":{\"@id\":\"https:\\\/\\\/diariotextual.com\\\/inicio\\\/index.php\\\/2019\\\/08\\\/06\\\/la-cpe-pide-mas-participacion-accionaria-empatel\\\/\"},\"wordCount\":334,\"publisher\":{\"@id\":\"https:\\\/\\\/diariotextual.com\\\/inicio\\\/#organization\"},\"image\":{\"@id\":\"https:\\\/\\\/diariotextual.com\\\/inicio\\\/index.php\\\/2019\\\/08\\\/06\\\/la-cpe-pide-mas-participacion-accionaria-empatel\\\/#primaryimage\"},\"thumbnailUrl\":\"https:\\\/\\\/diariotextual.com\\\/inicio\\\/wp-content\\\/uploads\\\/2019\\\/08\\\/cpefrentedetodosperezaraujo2019-2.jpg\",\"articleSection\":[\"A - TEMPORALES\",\"SOCIEDAD\"],\"inLanguage\":\"es\"},{\"@type\":\"WebPage\",\"@id\":\"https:\\\/\\\/diariotextual.com\\\/inicio\\\/index.php\\\/2019\\\/08\\\/06\\\/la-cpe-pide-mas-participacion-accionaria-empatel\\\/\",\"url\":\"https:\\\/\\\/diariotextual.com\\\/inicio\\\/index.php\\\/2019\\\/08\\\/06\\\/la-cpe-pide-mas-participacion-accionaria-empatel\\\/\",\"name\":\"La CPE pide m\u00e1s participaci\u00f3n accionaria en Empatel - Diario Textual\",\"isPartOf\":{\"@id\":\"https:\\\/\\\/diariotextual.com\\\/inicio\\\/#website\"},\"primaryImageOfPage\":{\"@id\":\"https:\\\/\\\/diariotextual.com\\\/inicio\\\/index.php\\\/2019\\\/08\\\/06\\\/la-cpe-pide-mas-participacion-accionaria-empatel\\\/#primaryimage\"},\"image\":{\"@id\":\"https:\\\/\\\/diariotextual.com\\\/inicio\\\/index.php\\\/2019\\\/08\\\/06\\\/la-cpe-pide-mas-participacion-accionaria-empatel\\\/#primaryimage\"},\"thumbnailUrl\":\"https:\\\/\\\/diariotextual.com\\\/inicio\\\/wp-content\\\/uploads\\\/2019\\\/08\\\/cpefrentedetodosperezaraujo2019-2.jpg\",\"datePublished\":\"2019-08-06T20:10:59+00:00\",\"dateModified\":\"2019-08-07T13:36:37+00:00\",\"breadcrumb\":{\"@id\":\"https:\\\/\\\/diariotextual.com\\\/inicio\\\/index.php\\\/2019\\\/08\\\/06\\\/la-cpe-pide-mas-participacion-accionaria-empatel\\\/#breadcrumb\"},\"inLanguage\":\"es\",\"potentialAction\":[{\"@type\":\"ReadAction\",\"target\":[\"https:\\\/\\\/diariotextual.com\\\/inicio\\\/index.php\\\/2019\\\/08\\\/06\\\/la-cpe-pide-mas-participacion-accionaria-empatel\\\/\"]}]},{\"@type\":\"ImageObject\",\"inLanguage\":\"es\",\"@id\":\"https:\\\/\\\/diariotextual.com\\\/inicio\\\/index.php\\\/2019\\\/08\\\/06\\\/la-cpe-pide-mas-participacion-accionaria-empatel\\\/#primaryimage\",\"url\":\"https:\\\/\\\/diariotextual.com\\\/inicio\\\/wp-content\\\/uploads\\\/2019\\\/08\\\/cpefrentedetodosperezaraujo2019-2.jpg\",\"contentUrl\":\"https:\\\/\\\/diariotextual.com\\\/inicio\\\/wp-content\\\/uploads\\\/2019\\\/08\\\/cpefrentedetodosperezaraujo2019-2.jpg\",\"width\":1100,\"height\":683},{\"@type\":\"BreadcrumbList\",\"@id\":\"https:\\\/\\\/diariotextual.com\\\/inicio\\\/index.php\\\/2019\\\/08\\\/06\\\/la-cpe-pide-mas-participacion-accionaria-empatel\\\/#breadcrumb\",\"itemListElement\":[{\"@type\":\"ListItem\",\"position\":1,\"name\":\"Portada\",\"item\":\"https:\\\/\\\/diariotextual.com\\\/inicio\\\/\"},{\"@type\":\"ListItem\",\"position\":2,\"name\":\"La CPE pide m\u00e1s participaci\u00f3n accionaria en Empatel\"}]},{\"@type\":\"WebSite\",\"@id\":\"https:\\\/\\\/diariotextual.com\\\/inicio\\\/#website\",\"url\":\"https:\\\/\\\/diariotextual.com\\\/inicio\\\/\",\"name\":\"Diario Textual\",\"description\":\"\",\"publisher\":{\"@id\":\"https:\\\/\\\/diariotextual.com\\\/inicio\\\/#organization\"},\"potentialAction\":[{\"@type\":\"SearchAction\",\"target\":{\"@type\":\"EntryPoint\",\"urlTemplate\":\"https:\\\/\\\/diariotextual.com\\\/inicio\\\/?s={search_term_string}\"},\"query-input\":{\"@type\":\"PropertyValueSpecification\",\"valueRequired\":true,\"valueName\":\"search_term_string\"}}],\"inLanguage\":\"es\"},{\"@type\":\"Organization\",\"@id\":\"https:\\\/\\\/diariotextual.com\\\/inicio\\\/#organization\",\"name\":\"Diario Textual\",\"url\":\"https:\\\/\\\/diariotextual.com\\\/inicio\\\/\",\"logo\":{\"@type\":\"ImageObject\",\"inLanguage\":\"es\",\"@id\":\"https:\\\/\\\/diariotextual.com\\\/inicio\\\/#\\\/schema\\\/logo\\\/image\\\/\",\"url\":\"https:\\\/\\\/diariotextual.com\\\/inicio\\\/wp-content\\\/uploads\\\/2023\\\/05\\\/logotextual1.jpg\",\"contentUrl\":\"https:\\\/\\\/diariotextual.com\\\/inicio\\\/wp-content\\\/uploads\\\/2023\\\/05\\\/logotextual1.jpg\",\"width\":516,\"height\":76,\"caption\":\"Diario Textual\"},\"image\":{\"@id\":\"https:\\\/\\\/diariotextual.com\\\/inicio\\\/#\\\/schema\\\/logo\\\/image\\\/\"},\"sameAs\":[\"https:\\\/\\\/www.facebook.com\\\/eltextual\",\"https:\\\/\\\/x.com\\\/eltextual\",\"http:\\\/\\\/www.instagram.com\\\/eltextual\"]},{\"@type\":\"Person\",\"@id\":\"https:\\\/\\\/diariotextual.com\\\/inicio\\\/#\\\/schema\\\/person\\\/418fc4093c33e86ed41562db3508f958\",\"name\":\"Diario1 Diario1\",\"image\":{\"@type\":\"ImageObject\",\"inLanguage\":\"es\",\"@id\":\"https:\\\/\\\/secure.gravatar.com\\\/avatar\\\/9167d280179c85bc18be67aa7eda765854300033af4896dd779b608640f2ef7a?s=96&d=mm&r=g\",\"url\":\"https:\\\/\\\/secure.gravatar.com\\\/avatar\\\/9167d280179c85bc18be67aa7eda765854300033af4896dd779b608640f2ef7a?s=96&d=mm&r=g\",\"contentUrl\":\"https:\\\/\\\/secure.gravatar.com\\\/avatar\\\/9167d280179c85bc18be67aa7eda765854300033af4896dd779b608640f2ef7a?s=96&d=mm&r=g\",\"caption\":\"Diario1 Diario1\"},\"url\":\"https:\\\/\\\/diariotextual.com\\\/inicio\\\/index.php\\\/author\\\/diario1\\\/\"}]}<\/script>\n<!-- \/ Yoast SEO plugin. -->","yoast_head_json":{"title":"La CPE pide m\u00e1s participaci\u00f3n accionaria en Empatel - Diario Textual","robots":{"index":"index","follow":"follow","max-snippet":"max-snippet:-1","max-image-preview":"max-image-preview:large","max-video-preview":"max-video-preview:-1"},"canonical":"https:\/\/diariotextual.com\/inicio\/index.php\/2019\/08\/06\/la-cpe-pide-mas-participacion-accionaria-empatel\/","og_locale":"es_ES","og_type":"article","og_title":"La CPE pide m\u00e1s participaci\u00f3n accionaria en Empatel - Diario Textual","og_description":"Los candidatos a legisladores nacionales del Frente de Todos, Hern\u00e1n P\u00e9rez Araujo y Carmina Besga, fueron recibidos por los dirigentes del Consejo de Administraci\u00f3n de la CPE, Alfredo Carrascal, Anal\u00eda&hellip;","og_url":"https:\/\/diariotextual.com\/inicio\/index.php\/2019\/08\/06\/la-cpe-pide-mas-participacion-accionaria-empatel\/","og_site_name":"Diario Textual","article_publisher":"https:\/\/www.facebook.com\/eltextual","article_published_time":"2019-08-06T20:10:59+00:00","article_modified_time":"2019-08-07T13:36:37+00:00","og_image":[{"width":1100,"height":683,"url":"https:\/\/diariotextual.com\/inicio\/wp-content\/uploads\/2019\/08\/cpefrentedetodosperezaraujo2019-2.jpg","type":"image\/jpeg"}],"author":"Diario1 Diario1","twitter_card":"summary_large_image","twitter_creator":"@eltextual","twitter_site":"@eltextual","twitter_misc":{"Escrito por":"Diario1 Diario1","Tiempo de lectura":"2 minutos"},"schema":{"@context":"https:\/\/schema.org","@graph":[{"@type":"Article","@id":"https:\/\/diariotextual.com\/inicio\/index.php\/2019\/08\/06\/la-cpe-pide-mas-participacion-accionaria-empatel\/#article","isPartOf":{"@id":"https:\/\/diariotextual.com\/inicio\/index.php\/2019\/08\/06\/la-cpe-pide-mas-participacion-accionaria-empatel\/"},"author":{"name":"Diario1 Diario1","@id":"https:\/\/diariotextual.com\/inicio\/#\/schema\/person\/418fc4093c33e86ed41562db3508f958"},"headline":"La CPE pide m\u00e1s participaci\u00f3n accionaria en Empatel","datePublished":"2019-08-06T20:10:59+00:00","dateModified":"2019-08-07T13:36:37+00:00","mainEntityOfPage":{"@id":"https:\/\/diariotextual.com\/inicio\/index.php\/2019\/08\/06\/la-cpe-pide-mas-participacion-accionaria-empatel\/"},"wordCount":334,"publisher":{"@id":"https:\/\/diariotextual.com\/inicio\/#organization"},"image":{"@id":"https:\/\/diariotextual.com\/inicio\/index.php\/2019\/08\/06\/la-cpe-pide-mas-participacion-accionaria-empatel\/#primaryimage"},"thumbnailUrl":"https:\/\/diariotextual.com\/inicio\/wp-content\/uploads\/2019\/08\/cpefrentedetodosperezaraujo2019-2.jpg","articleSection":["A - TEMPORALES","SOCIEDAD"],"inLanguage":"es"},{"@type":"WebPage","@id":"https:\/\/diariotextual.com\/inicio\/index.php\/2019\/08\/06\/la-cpe-pide-mas-participacion-accionaria-empatel\/","url":"https:\/\/diariotextual.com\/inicio\/index.php\/2019\/08\/06\/la-cpe-pide-mas-participacion-accionaria-empatel\/","name":"La CPE pide m\u00e1s participaci\u00f3n accionaria en Empatel - Diario Textual","isPartOf":{"@id":"https:\/\/diariotextual.com\/inicio\/#website"},"primaryImageOfPage":{"@id":"https:\/\/diariotextual.com\/inicio\/index.php\/2019\/08\/06\/la-cpe-pide-mas-participacion-accionaria-empatel\/#primaryimage"},"image":{"@id":"https:\/\/diariotextual.com\/inicio\/index.php\/2019\/08\/06\/la-cpe-pide-mas-participacion-accionaria-empatel\/#primaryimage"},"thumbnailUrl":"https:\/\/diariotextual.com\/inicio\/wp-content\/uploads\/2019\/08\/cpefrentedetodosperezaraujo2019-2.jpg","datePublished":"2019-08-06T20:10:59+00:00","dateModified":"2019-08-07T13:36:37+00:00","breadcrumb":{"@id":"https:\/\/diariotextual.com\/inicio\/index.php\/2019\/08\/06\/la-cpe-pide-mas-participacion-accionaria-empatel\/#breadcrumb"},"inLanguage":"es","potentialAction":[{"@type":"ReadAction","target":["https:\/\/diariotextual.com\/inicio\/index.php\/2019\/08\/06\/la-cpe-pide-mas-participacion-accionaria-empatel\/"]}]},{"@type":"ImageObject","inLanguage":"es","@id":"https:\/\/diariotextual.com\/inicio\/index.php\/2019\/08\/06\/la-cpe-pide-mas-participacion-accionaria-empatel\/#primaryimage","url":"https:\/\/diariotextual.com\/inicio\/wp-content\/uploads\/2019\/08\/cpefrentedetodosperezaraujo2019-2.jpg","contentUrl":"https:\/\/diariotextual.com\/inicio\/wp-content\/uploads\/2019\/08\/cpefrentedetodosperezaraujo2019-2.jpg","width":1100,"height":683},{"@type":"BreadcrumbList","@id":"https:\/\/diariotextual.com\/inicio\/index.php\/2019\/08\/06\/la-cpe-pide-mas-participacion-accionaria-empatel\/#breadcrumb","itemListElement":[{"@type":"ListItem","position":1,"name":"Portada","item":"https:\/\/diariotextual.com\/inicio\/"},{"@type":"ListItem","position":2,"name":"La CPE pide m\u00e1s participaci\u00f3n accionaria en Empatel"}]},{"@type":"WebSite","@id":"https:\/\/diariotextual.com\/inicio\/#website","url":"https:\/\/diariotextual.com\/inicio\/","name":"Diario Textual","description":"","publisher":{"@id":"https:\/\/diariotextual.com\/inicio\/#organization"},"potentialAction":[{"@type":"SearchAction","target":{"@type":"EntryPoint","urlTemplate":"https:\/\/diariotextual.com\/inicio\/?s={search_term_string}"},"query-input":{"@type":"PropertyValueSpecification","valueRequired":true,"valueName":"search_term_string"}}],"inLanguage":"es"},{"@type":"Organization","@id":"https:\/\/diariotextual.com\/inicio\/#organization","name":"Diario Textual","url":"https:\/\/diariotextual.com\/inicio\/","logo":{"@type":"ImageObject","inLanguage":"es","@id":"https:\/\/diariotextual.com\/inicio\/#\/schema\/logo\/image\/","url":"https:\/\/diariotextual.com\/inicio\/wp-content\/uploads\/2023\/05\/logotextual1.jpg","contentUrl":"https:\/\/diariotextual.com\/inicio\/wp-content\/uploads\/2023\/05\/logotextual1.jpg","width":516,"height":76,"caption":"Diario Textual"},"image":{"@id":"https:\/\/diariotextual.com\/inicio\/#\/schema\/logo\/image\/"},"sameAs":["https:\/\/www.facebook.com\/eltextual","https:\/\/x.com\/eltextual","http:\/\/www.instagram.com\/eltextual"]},{"@type":"Person","@id":"https:\/\/diariotextual.com\/inicio\/#\/schema\/person\/418fc4093c33e86ed41562db3508f958","name":"Diario1 Diario1","image":{"@type":"ImageObject","inLanguage":"es","@id":"https:\/\/secure.gravatar.com\/avatar\/9167d280179c85bc18be67aa7eda765854300033af4896dd779b608640f2ef7a?s=96&d=mm&r=g","url":"https:\/\/secure.gravatar.com\/avatar\/9167d280179c85bc18be67aa7eda765854300033af4896dd779b608640f2ef7a?s=96&d=mm&r=g","contentUrl":"https:\/\/secure.gravatar.com\/avatar\/9167d280179c85bc18be67aa7eda765854300033af4896dd779b608640f2ef7a?s=96&d=mm&r=g","caption":"Diario1 Diario1"},"url":"https:\/\/diariotextual.com\/inicio\/index.php\/author\/diario1\/"}]}},"_links":{"self":[{"href":"https:\/\/diariotextual.com\/inicio\/index.php\/wp-json\/wp\/v2\/posts\/58364","targetHints":{"allow":["GET"]}}],"collection":[{"href":"https:\/\/diariotextual.com\/inicio\/index.php\/wp-json\/wp\/v2\/posts"}],"about":[{"href":"https:\/\/diariotextual.com\/inicio\/index.php\/wp-json\/wp\/v2\/types\/post"}],"author":[{"embeddable":true,"href":"https:\/\/diariotextual.com\/inicio\/index.php\/wp-json\/wp\/v2\/users\/3"}],"replies":[{"embeddable":true,"href":"https:\/\/diariotextual.com\/inicio\/index.php\/wp-json\/wp\/v2\/comments?post=58364"}],"version-history":[{"count":4,"href":"https:\/\/diariotextual.com\/inicio\/index.php\/wp-json\/wp\/v2\/posts\/58364\/revisions"}],"predecessor-version":[{"id":58369,"href":"https:\/\/diariotextual.com\/inicio\/index.php\/wp-json\/wp\/v2\/posts\/58364\/revisions\/58369"}],"wp:featuredmedia":[{"embeddable":true,"href":"https:\/\/diariotextual.com\/inicio\/index.php\/wp-json\/wp\/v2\/media\/58366"}],"wp:attachment":[{"href":"https:\/\/diariotextual.com\/inicio\/index.php\/wp-json\/wp\/v2\/media?parent=58364"}],"wp:term":[{"taxonomy":"category","embeddable":true,"href":"https:\/\/diariotextual.com\/inicio\/index.php\/wp-json\/wp\/v2\/categories?post=58364"},{"taxonomy":"post_tag","embeddable":true,"href":"https:\/\/diariotextual.com\/inicio\/index.php\/wp-json\/wp\/v2\/tags?post=58364"}],"curies":[{"name":"wp","href":"https:\/\/api.w.org\/{rel}","templated":true}]}}