{"id":58370,"date":"2019-08-06T18:34:37","date_gmt":"2019-08-06T21:34:37","guid":{"rendered":"http:\/\/diariotextual.com\/inicio\/?p=58370"},"modified":"2019-08-07T07:48:07","modified_gmt":"2019-08-07T10:48:07","slug":"macri-cerro-la-campana-los-gritos-convencer-al-enojado","status":"publish","type":"post","link":"https:\/\/diariotextual.com\/inicio\/index.php\/2019\/08\/06\/macri-cerro-la-campana-los-gritos-convencer-al-enojado\/","title":{"rendered":"Macri cerr\u00f3 la campa\u00f1a a los gritos: \u00abHay que convencer al enojado\u00bb"},"content":{"rendered":"<p>El presidente <strong>Mauricio Macri<\/strong> cerr\u00f3 este martes la campa\u00f1a porte\u00f1a en el microestadio de Ferro, donde pidi\u00f3 \u00abconvencer\u00bb a los votantes \u00abenojados\u00bbcon su gobierno y pidi\u00f3 perd\u00f3n a quienes esperaban cambios m\u00e1s r\u00e1pidos. <strong>\u00abTenemos que convencer al que est\u00e1 enojado, p\u00eddanle perd\u00f3n en mi nombre\u00bb, areng\u00f3.<\/strong><\/p>\n<p>&nbsp;<\/p>\n<p><iframe style=\"border: none; overflow: hidden;\" src=\"https:\/\/www.facebook.com\/plugins\/video.php?href=https%3A%2F%2Fwww.facebook.com%2Feltextual%2Fvideos%2F242387833311366%2F&amp;show_text=0&amp;width=380\" width=\"380\" height=\"476\" frameborder=\"0\" scrolling=\"no\" allowfullscreen=\"allowfullscreen\"><\/iframe><\/p>\n<p>&nbsp;<\/p>\n<p>En ese contexto, embisti\u00f3 contra el Frente de Todos al asegurar que \u201cno hay futuro en el pasado\u201d y afirm\u00f3 que \u201choy, m\u00e1s que nunca\u201d, necesita \u00abdel apoyo de todos\u00bb para \u00abcambiar la Argentina para siempre\u00bb.<\/p>\n<p>\u00abSabemos que falta, pero tambi\u00e9n sabemos que en lo que hemos hechos tenemos que encontrar la esperanza para encarar la segunda etapa\u00bb, sostuvo durante su discurso en el barrio porte\u00f1o de Caballito.<\/p>\n<p>Se trat\u00f3 del primero de los cierres de campa\u00f1a de la coalici\u00f3n oficialista: el mi\u00e9rcoles Macri estar\u00e1 en C\u00f3rdoba y el jueves en Vicente L\u00f3pez. El microestadio H\u00e9ctor Echart de Ferrocarril Oeste estuvo colmado de dirigentes y militantes. Por esas cuestiones de la pol\u00edtica, 24 horas antes Hugo Moyano hab\u00eda rechazado una reforma laboral desde el mismo lugar.<\/p>\n<p>Todos los discursos de la tarde tuvieron un mismo hilo conductor. Los oradores destacaron la importancia de votar en las PASO y rememoraron los amargos comienzos de la gesti\u00f3n porte\u00f1a y las inundaciones que azotaron al distrito capitalino.\u00a0<strong>\u00abEl a\u00f1o que viene se va a volver a inundar, el pr\u00f3ximo tambi\u00e9n, despu\u00e9s tambi\u00e9n y no se inunda m\u00e1s, no se inunda m\u00e1s. \u00a1Carajo!\u00bb<\/strong>, grit\u00f3 un Macri cuasi pose\u00eddo desde el escenario circular que utiliza el PRO para este tipo de actos.<\/p>\n<p>Las palabras del presidente levantaron a las tribunas que le respondieron con un \u00abPara Mauricio\/ la reelecci\u00f3n\u00bb. El mandatario pidi\u00f3 tambi\u00e9n \u00abconvencer a ese que todav\u00eda est\u00e1 enojado y cree que todo tendr\u00eda que haber sido mucho m\u00e1s r\u00e1pido\u00bb.<\/p>\n<p>Alrededor del escenario se ubicaron los candidatos, funcionarios y los principales dirigentes del espacio, como Marcos Pe\u00f1a, Gabriela Michetti, Nicol\u00e1s Dujovne y Esteban Bullrich. El ministro de Hacienda no dej\u00f3 ni por un segundo de mirar su celular, tal vez atento a la cotizaci\u00f3n del d\u00f3lar que se hab\u00eda disparado ayer despu\u00e9s de la baja del Yuan chino.<\/p>\n<p>&nbsp;<\/p>\n<p>&nbsp;<\/p>\n<p>&nbsp;<\/p>\n","protected":false},"excerpt":{"rendered":"<p>El presidente Mauricio Macri cerr\u00f3 este martes la campa\u00f1a porte\u00f1a en el microestadio de Ferro, donde pidi\u00f3 \u00abconvencer\u00bb a los votantes \u00abenojados\u00bbcon su gobierno y pidi\u00f3 perd\u00f3n a quienes esperaban&hellip;<\/p>\n","protected":false},"author":3,"featured_media":58372,"comment_status":"closed","ping_status":"open","sticky":false,"template":"","format":"standard","meta":{"_acf_changed":false,"footnotes":""},"categories":[319,8],"tags":[],"class_list":["post-58370","post","type-post","status-publish","format-standard","has-post-thumbnail","hentry","category-a-temporales","category-politica"],"acf":[],"yoast_head":"<!-- This site is optimized with the Yoast SEO plugin v27.5 - https:\/\/yoast.com\/product\/yoast-seo-wordpress\/ -->\n<title>Macri cerr\u00f3 la campa\u00f1a a los gritos: &quot;Hay que convencer al enojado&quot; - Diario Textual<\/title>\n<meta name=\"robots\" content=\"index, follow, max-snippet:-1, max-image-preview:large, max-video-preview:-1\" \/>\n<link rel=\"canonical\" href=\"https:\/\/diariotextual.com\/inicio\/index.php\/2019\/08\/06\/macri-cerro-la-campana-los-gritos-convencer-al-enojado\/\" \/>\n<meta property=\"og:locale\" content=\"es_ES\" \/>\n<meta property=\"og:type\" content=\"article\" \/>\n<meta property=\"og:title\" content=\"Macri cerr\u00f3 la campa\u00f1a a los gritos: &quot;Hay que convencer al enojado&quot; - Diario Textual\" \/>\n<meta property=\"og:description\" content=\"El presidente Mauricio Macri cerr\u00f3 este martes la campa\u00f1a porte\u00f1a en el microestadio de Ferro, donde pidi\u00f3 \u00abconvencer\u00bb a los votantes \u00abenojados\u00bbcon su gobierno y pidi\u00f3 perd\u00f3n a quienes esperaban&hellip;\" \/>\n<meta property=\"og:url\" content=\"https:\/\/diariotextual.com\/inicio\/index.php\/2019\/08\/06\/macri-cerro-la-campana-los-gritos-convencer-al-enojado\/\" \/>\n<meta property=\"og:site_name\" content=\"Diario Textual\" \/>\n<meta property=\"article:publisher\" content=\"https:\/\/www.facebook.com\/eltextual\" \/>\n<meta property=\"article:published_time\" content=\"2019-08-06T21:34:37+00:00\" \/>\n<meta property=\"article:modified_time\" content=\"2019-08-07T10:48:07+00:00\" \/>\n<meta property=\"og:image\" content=\"https:\/\/diariotextual.com\/inicio\/wp-content\/uploads\/2019\/08\/macrimauriciocierrebuenosairespaso2019-1.jpg\" \/>\n\t<meta property=\"og:image:width\" content=\"940\" \/>\n\t<meta property=\"og:image:height\" content=\"529\" \/>\n\t<meta property=\"og:image:type\" content=\"image\/jpeg\" \/>\n<meta name=\"author\" content=\"Diario1 Diario1\" \/>\n<meta name=\"twitter:card\" content=\"summary_large_image\" \/>\n<meta name=\"twitter:creator\" content=\"@eltextual\" \/>\n<meta name=\"twitter:site\" content=\"@eltextual\" \/>\n<meta name=\"twitter:label1\" content=\"Escrito por\" \/>\n\t<meta name=\"twitter:data1\" content=\"Diario1 Diario1\" \/>\n\t<meta name=\"twitter:label2\" content=\"Tiempo de lectura\" \/>\n\t<meta name=\"twitter:data2\" content=\"2 minutos\" \/>\n<script type=\"application\/ld+json\" class=\"yoast-schema-graph\">{\"@context\":\"https:\\\/\\\/schema.org\",\"@graph\":[{\"@type\":\"Article\",\"@id\":\"https:\\\/\\\/diariotextual.com\\\/inicio\\\/index.php\\\/2019\\\/08\\\/06\\\/macri-cerro-la-campana-los-gritos-convencer-al-enojado\\\/#article\",\"isPartOf\":{\"@id\":\"https:\\\/\\\/diariotextual.com\\\/inicio\\\/index.php\\\/2019\\\/08\\\/06\\\/macri-cerro-la-campana-los-gritos-convencer-al-enojado\\\/\"},\"author\":{\"name\":\"Diario1 Diario1\",\"@id\":\"https:\\\/\\\/diariotextual.com\\\/inicio\\\/#\\\/schema\\\/person\\\/418fc4093c33e86ed41562db3508f958\"},\"headline\":\"Macri cerr\u00f3 la campa\u00f1a a los gritos: \u00abHay que convencer al enojado\u00bb\",\"datePublished\":\"2019-08-06T21:34:37+00:00\",\"dateModified\":\"2019-08-07T10:48:07+00:00\",\"mainEntityOfPage\":{\"@id\":\"https:\\\/\\\/diariotextual.com\\\/inicio\\\/index.php\\\/2019\\\/08\\\/06\\\/macri-cerro-la-campana-los-gritos-convencer-al-enojado\\\/\"},\"wordCount\":408,\"publisher\":{\"@id\":\"https:\\\/\\\/diariotextual.com\\\/inicio\\\/#organization\"},\"image\":{\"@id\":\"https:\\\/\\\/diariotextual.com\\\/inicio\\\/index.php\\\/2019\\\/08\\\/06\\\/macri-cerro-la-campana-los-gritos-convencer-al-enojado\\\/#primaryimage\"},\"thumbnailUrl\":\"https:\\\/\\\/diariotextual.com\\\/inicio\\\/wp-content\\\/uploads\\\/2019\\\/08\\\/macrimauriciocierrebuenosairespaso2019-1.jpg\",\"articleSection\":[\"A - TEMPORALES\",\"POLITICA\"],\"inLanguage\":\"es\"},{\"@type\":\"WebPage\",\"@id\":\"https:\\\/\\\/diariotextual.com\\\/inicio\\\/index.php\\\/2019\\\/08\\\/06\\\/macri-cerro-la-campana-los-gritos-convencer-al-enojado\\\/\",\"url\":\"https:\\\/\\\/diariotextual.com\\\/inicio\\\/index.php\\\/2019\\\/08\\\/06\\\/macri-cerro-la-campana-los-gritos-convencer-al-enojado\\\/\",\"name\":\"Macri cerr\u00f3 la campa\u00f1a a los gritos: \\\"Hay que convencer al enojado\\\" - Diario Textual\",\"isPartOf\":{\"@id\":\"https:\\\/\\\/diariotextual.com\\\/inicio\\\/#website\"},\"primaryImageOfPage\":{\"@id\":\"https:\\\/\\\/diariotextual.com\\\/inicio\\\/index.php\\\/2019\\\/08\\\/06\\\/macri-cerro-la-campana-los-gritos-convencer-al-enojado\\\/#primaryimage\"},\"image\":{\"@id\":\"https:\\\/\\\/diariotextual.com\\\/inicio\\\/index.php\\\/2019\\\/08\\\/06\\\/macri-cerro-la-campana-los-gritos-convencer-al-enojado\\\/#primaryimage\"},\"thumbnailUrl\":\"https:\\\/\\\/diariotextual.com\\\/inicio\\\/wp-content\\\/uploads\\\/2019\\\/08\\\/macrimauriciocierrebuenosairespaso2019-1.jpg\",\"datePublished\":\"2019-08-06T21:34:37+00:00\",\"dateModified\":\"2019-08-07T10:48:07+00:00\",\"breadcrumb\":{\"@id\":\"https:\\\/\\\/diariotextual.com\\\/inicio\\\/index.php\\\/2019\\\/08\\\/06\\\/macri-cerro-la-campana-los-gritos-convencer-al-enojado\\\/#breadcrumb\"},\"inLanguage\":\"es\",\"potentialAction\":[{\"@type\":\"ReadAction\",\"target\":[\"https:\\\/\\\/diariotextual.com\\\/inicio\\\/index.php\\\/2019\\\/08\\\/06\\\/macri-cerro-la-campana-los-gritos-convencer-al-enojado\\\/\"]}]},{\"@type\":\"ImageObject\",\"inLanguage\":\"es\",\"@id\":\"https:\\\/\\\/diariotextual.com\\\/inicio\\\/index.php\\\/2019\\\/08\\\/06\\\/macri-cerro-la-campana-los-gritos-convencer-al-enojado\\\/#primaryimage\",\"url\":\"https:\\\/\\\/diariotextual.com\\\/inicio\\\/wp-content\\\/uploads\\\/2019\\\/08\\\/macrimauriciocierrebuenosairespaso2019-1.jpg\",\"contentUrl\":\"https:\\\/\\\/diariotextual.com\\\/inicio\\\/wp-content\\\/uploads\\\/2019\\\/08\\\/macrimauriciocierrebuenosairespaso2019-1.jpg\",\"width\":940,\"height\":529},{\"@type\":\"BreadcrumbList\",\"@id\":\"https:\\\/\\\/diariotextual.com\\\/inicio\\\/index.php\\\/2019\\\/08\\\/06\\\/macri-cerro-la-campana-los-gritos-convencer-al-enojado\\\/#breadcrumb\",\"itemListElement\":[{\"@type\":\"ListItem\",\"position\":1,\"name\":\"Portada\",\"item\":\"https:\\\/\\\/diariotextual.com\\\/inicio\\\/\"},{\"@type\":\"ListItem\",\"position\":2,\"name\":\"Macri cerr\u00f3 la campa\u00f1a a los gritos: \u00abHay que convencer al enojado\u00bb\"}]},{\"@type\":\"WebSite\",\"@id\":\"https:\\\/\\\/diariotextual.com\\\/inicio\\\/#website\",\"url\":\"https:\\\/\\\/diariotextual.com\\\/inicio\\\/\",\"name\":\"Diario Textual\",\"description\":\"\",\"publisher\":{\"@id\":\"https:\\\/\\\/diariotextual.com\\\/inicio\\\/#organization\"},\"potentialAction\":[{\"@type\":\"SearchAction\",\"target\":{\"@type\":\"EntryPoint\",\"urlTemplate\":\"https:\\\/\\\/diariotextual.com\\\/inicio\\\/?s={search_term_string}\"},\"query-input\":{\"@type\":\"PropertyValueSpecification\",\"valueRequired\":true,\"valueName\":\"search_term_string\"}}],\"inLanguage\":\"es\"},{\"@type\":\"Organization\",\"@id\":\"https:\\\/\\\/diariotextual.com\\\/inicio\\\/#organization\",\"name\":\"Diario Textual\",\"url\":\"https:\\\/\\\/diariotextual.com\\\/inicio\\\/\",\"logo\":{\"@type\":\"ImageObject\",\"inLanguage\":\"es\",\"@id\":\"https:\\\/\\\/diariotextual.com\\\/inicio\\\/#\\\/schema\\\/logo\\\/image\\\/\",\"url\":\"https:\\\/\\\/diariotextual.com\\\/inicio\\\/wp-content\\\/uploads\\\/2023\\\/05\\\/logotextual1.jpg\",\"contentUrl\":\"https:\\\/\\\/diariotextual.com\\\/inicio\\\/wp-content\\\/uploads\\\/2023\\\/05\\\/logotextual1.jpg\",\"width\":516,\"height\":76,\"caption\":\"Diario Textual\"},\"image\":{\"@id\":\"https:\\\/\\\/diariotextual.com\\\/inicio\\\/#\\\/schema\\\/logo\\\/image\\\/\"},\"sameAs\":[\"https:\\\/\\\/www.facebook.com\\\/eltextual\",\"https:\\\/\\\/x.com\\\/eltextual\",\"http:\\\/\\\/www.instagram.com\\\/eltextual\"]},{\"@type\":\"Person\",\"@id\":\"https:\\\/\\\/diariotextual.com\\\/inicio\\\/#\\\/schema\\\/person\\\/418fc4093c33e86ed41562db3508f958\",\"name\":\"Diario1 Diario1\",\"image\":{\"@type\":\"ImageObject\",\"inLanguage\":\"es\",\"@id\":\"https:\\\/\\\/secure.gravatar.com\\\/avatar\\\/9167d280179c85bc18be67aa7eda765854300033af4896dd779b608640f2ef7a?s=96&d=mm&r=g\",\"url\":\"https:\\\/\\\/secure.gravatar.com\\\/avatar\\\/9167d280179c85bc18be67aa7eda765854300033af4896dd779b608640f2ef7a?s=96&d=mm&r=g\",\"contentUrl\":\"https:\\\/\\\/secure.gravatar.com\\\/avatar\\\/9167d280179c85bc18be67aa7eda765854300033af4896dd779b608640f2ef7a?s=96&d=mm&r=g\",\"caption\":\"Diario1 Diario1\"},\"url\":\"https:\\\/\\\/diariotextual.com\\\/inicio\\\/index.php\\\/author\\\/diario1\\\/\"}]}<\/script>\n<!-- \/ Yoast SEO plugin. -->","yoast_head_json":{"title":"Macri cerr\u00f3 la campa\u00f1a a los gritos: \"Hay que convencer al enojado\" - Diario Textual","robots":{"index":"index","follow":"follow","max-snippet":"max-snippet:-1","max-image-preview":"max-image-preview:large","max-video-preview":"max-video-preview:-1"},"canonical":"https:\/\/diariotextual.com\/inicio\/index.php\/2019\/08\/06\/macri-cerro-la-campana-los-gritos-convencer-al-enojado\/","og_locale":"es_ES","og_type":"article","og_title":"Macri cerr\u00f3 la campa\u00f1a a los gritos: \"Hay que convencer al enojado\" - Diario Textual","og_description":"El presidente Mauricio Macri cerr\u00f3 este martes la campa\u00f1a porte\u00f1a en el microestadio de Ferro, donde pidi\u00f3 \u00abconvencer\u00bb a los votantes \u00abenojados\u00bbcon su gobierno y pidi\u00f3 perd\u00f3n a quienes esperaban&hellip;","og_url":"https:\/\/diariotextual.com\/inicio\/index.php\/2019\/08\/06\/macri-cerro-la-campana-los-gritos-convencer-al-enojado\/","og_site_name":"Diario Textual","article_publisher":"https:\/\/www.facebook.com\/eltextual","article_published_time":"2019-08-06T21:34:37+00:00","article_modified_time":"2019-08-07T10:48:07+00:00","og_image":[{"width":940,"height":529,"url":"https:\/\/diariotextual.com\/inicio\/wp-content\/uploads\/2019\/08\/macrimauriciocierrebuenosairespaso2019-1.jpg","type":"image\/jpeg"}],"author":"Diario1 Diario1","twitter_card":"summary_large_image","twitter_creator":"@eltextual","twitter_site":"@eltextual","twitter_misc":{"Escrito por":"Diario1 Diario1","Tiempo de lectura":"2 minutos"},"schema":{"@context":"https:\/\/schema.org","@graph":[{"@type":"Article","@id":"https:\/\/diariotextual.com\/inicio\/index.php\/2019\/08\/06\/macri-cerro-la-campana-los-gritos-convencer-al-enojado\/#article","isPartOf":{"@id":"https:\/\/diariotextual.com\/inicio\/index.php\/2019\/08\/06\/macri-cerro-la-campana-los-gritos-convencer-al-enojado\/"},"author":{"name":"Diario1 Diario1","@id":"https:\/\/diariotextual.com\/inicio\/#\/schema\/person\/418fc4093c33e86ed41562db3508f958"},"headline":"Macri cerr\u00f3 la campa\u00f1a a los gritos: \u00abHay que convencer al enojado\u00bb","datePublished":"2019-08-06T21:34:37+00:00","dateModified":"2019-08-07T10:48:07+00:00","mainEntityOfPage":{"@id":"https:\/\/diariotextual.com\/inicio\/index.php\/2019\/08\/06\/macri-cerro-la-campana-los-gritos-convencer-al-enojado\/"},"wordCount":408,"publisher":{"@id":"https:\/\/diariotextual.com\/inicio\/#organization"},"image":{"@id":"https:\/\/diariotextual.com\/inicio\/index.php\/2019\/08\/06\/macri-cerro-la-campana-los-gritos-convencer-al-enojado\/#primaryimage"},"thumbnailUrl":"https:\/\/diariotextual.com\/inicio\/wp-content\/uploads\/2019\/08\/macrimauriciocierrebuenosairespaso2019-1.jpg","articleSection":["A - TEMPORALES","POLITICA"],"inLanguage":"es"},{"@type":"WebPage","@id":"https:\/\/diariotextual.com\/inicio\/index.php\/2019\/08\/06\/macri-cerro-la-campana-los-gritos-convencer-al-enojado\/","url":"https:\/\/diariotextual.com\/inicio\/index.php\/2019\/08\/06\/macri-cerro-la-campana-los-gritos-convencer-al-enojado\/","name":"Macri cerr\u00f3 la campa\u00f1a a los gritos: \"Hay que convencer al enojado\" - Diario Textual","isPartOf":{"@id":"https:\/\/diariotextual.com\/inicio\/#website"},"primaryImageOfPage":{"@id":"https:\/\/diariotextual.com\/inicio\/index.php\/2019\/08\/06\/macri-cerro-la-campana-los-gritos-convencer-al-enojado\/#primaryimage"},"image":{"@id":"https:\/\/diariotextual.com\/inicio\/index.php\/2019\/08\/06\/macri-cerro-la-campana-los-gritos-convencer-al-enojado\/#primaryimage"},"thumbnailUrl":"https:\/\/diariotextual.com\/inicio\/wp-content\/uploads\/2019\/08\/macrimauriciocierrebuenosairespaso2019-1.jpg","datePublished":"2019-08-06T21:34:37+00:00","dateModified":"2019-08-07T10:48:07+00:00","breadcrumb":{"@id":"https:\/\/diariotextual.com\/inicio\/index.php\/2019\/08\/06\/macri-cerro-la-campana-los-gritos-convencer-al-enojado\/#breadcrumb"},"inLanguage":"es","potentialAction":[{"@type":"ReadAction","target":["https:\/\/diariotextual.com\/inicio\/index.php\/2019\/08\/06\/macri-cerro-la-campana-los-gritos-convencer-al-enojado\/"]}]},{"@type":"ImageObject","inLanguage":"es","@id":"https:\/\/diariotextual.com\/inicio\/index.php\/2019\/08\/06\/macri-cerro-la-campana-los-gritos-convencer-al-enojado\/#primaryimage","url":"https:\/\/diariotextual.com\/inicio\/wp-content\/uploads\/2019\/08\/macrimauriciocierrebuenosairespaso2019-1.jpg","contentUrl":"https:\/\/diariotextual.com\/inicio\/wp-content\/uploads\/2019\/08\/macrimauriciocierrebuenosairespaso2019-1.jpg","width":940,"height":529},{"@type":"BreadcrumbList","@id":"https:\/\/diariotextual.com\/inicio\/index.php\/2019\/08\/06\/macri-cerro-la-campana-los-gritos-convencer-al-enojado\/#breadcrumb","itemListElement":[{"@type":"ListItem","position":1,"name":"Portada","item":"https:\/\/diariotextual.com\/inicio\/"},{"@type":"ListItem","position":2,"name":"Macri cerr\u00f3 la campa\u00f1a a los gritos: \u00abHay que convencer al enojado\u00bb"}]},{"@type":"WebSite","@id":"https:\/\/diariotextual.com\/inicio\/#website","url":"https:\/\/diariotextual.com\/inicio\/","name":"Diario Textual","description":"","publisher":{"@id":"https:\/\/diariotextual.com\/inicio\/#organization"},"potentialAction":[{"@type":"SearchAction","target":{"@type":"EntryPoint","urlTemplate":"https:\/\/diariotextual.com\/inicio\/?s={search_term_string}"},"query-input":{"@type":"PropertyValueSpecification","valueRequired":true,"valueName":"search_term_string"}}],"inLanguage":"es"},{"@type":"Organization","@id":"https:\/\/diariotextual.com\/inicio\/#organization","name":"Diario Textual","url":"https:\/\/diariotextual.com\/inicio\/","logo":{"@type":"ImageObject","inLanguage":"es","@id":"https:\/\/diariotextual.com\/inicio\/#\/schema\/logo\/image\/","url":"https:\/\/diariotextual.com\/inicio\/wp-content\/uploads\/2023\/05\/logotextual1.jpg","contentUrl":"https:\/\/diariotextual.com\/inicio\/wp-content\/uploads\/2023\/05\/logotextual1.jpg","width":516,"height":76,"caption":"Diario Textual"},"image":{"@id":"https:\/\/diariotextual.com\/inicio\/#\/schema\/logo\/image\/"},"sameAs":["https:\/\/www.facebook.com\/eltextual","https:\/\/x.com\/eltextual","http:\/\/www.instagram.com\/eltextual"]},{"@type":"Person","@id":"https:\/\/diariotextual.com\/inicio\/#\/schema\/person\/418fc4093c33e86ed41562db3508f958","name":"Diario1 Diario1","image":{"@type":"ImageObject","inLanguage":"es","@id":"https:\/\/secure.gravatar.com\/avatar\/9167d280179c85bc18be67aa7eda765854300033af4896dd779b608640f2ef7a?s=96&d=mm&r=g","url":"https:\/\/secure.gravatar.com\/avatar\/9167d280179c85bc18be67aa7eda765854300033af4896dd779b608640f2ef7a?s=96&d=mm&r=g","contentUrl":"https:\/\/secure.gravatar.com\/avatar\/9167d280179c85bc18be67aa7eda765854300033af4896dd779b608640f2ef7a?s=96&d=mm&r=g","caption":"Diario1 Diario1"},"url":"https:\/\/diariotextual.com\/inicio\/index.php\/author\/diario1\/"}]}},"_links":{"self":[{"href":"https:\/\/diariotextual.com\/inicio\/index.php\/wp-json\/wp\/v2\/posts\/58370","targetHints":{"allow":["GET"]}}],"collection":[{"href":"https:\/\/diariotextual.com\/inicio\/index.php\/wp-json\/wp\/v2\/posts"}],"about":[{"href":"https:\/\/diariotextual.com\/inicio\/index.php\/wp-json\/wp\/v2\/types\/post"}],"author":[{"embeddable":true,"href":"https:\/\/diariotextual.com\/inicio\/index.php\/wp-json\/wp\/v2\/users\/3"}],"replies":[{"embeddable":true,"href":"https:\/\/diariotextual.com\/inicio\/index.php\/wp-json\/wp\/v2\/comments?post=58370"}],"version-history":[{"count":3,"href":"https:\/\/diariotextual.com\/inicio\/index.php\/wp-json\/wp\/v2\/posts\/58370\/revisions"}],"predecessor-version":[{"id":58376,"href":"https:\/\/diariotextual.com\/inicio\/index.php\/wp-json\/wp\/v2\/posts\/58370\/revisions\/58376"}],"wp:featuredmedia":[{"embeddable":true,"href":"https:\/\/diariotextual.com\/inicio\/index.php\/wp-json\/wp\/v2\/media\/58372"}],"wp:attachment":[{"href":"https:\/\/diariotextual.com\/inicio\/index.php\/wp-json\/wp\/v2\/media?parent=58370"}],"wp:term":[{"taxonomy":"category","embeddable":true,"href":"https:\/\/diariotextual.com\/inicio\/index.php\/wp-json\/wp\/v2\/categories?post=58370"},{"taxonomy":"post_tag","embeddable":true,"href":"https:\/\/diariotextual.com\/inicio\/index.php\/wp-json\/wp\/v2\/tags?post=58370"}],"curies":[{"name":"wp","href":"https:\/\/api.w.org\/{rel}","templated":true}]}}