{"id":58397,"date":"2019-08-07T08:02:09","date_gmt":"2019-08-07T11:02:09","guid":{"rendered":"http:\/\/diariotextual.com\/inicio\/?p=58397"},"modified":"2019-08-07T12:08:40","modified_gmt":"2019-08-07T15:08:40","slug":"conflicto-coca-cola-distribuidora-provoca-desabastecimiento-pone-riesgo-16-empleos","status":"publish","type":"post","link":"https:\/\/diariotextual.com\/inicio\/index.php\/2019\/08\/07\/conflicto-coca-cola-distribuidora-provoca-desabastecimiento-pone-riesgo-16-empleos\/","title":{"rendered":"Conflicto entre Coca Cola y distribuidora provoca desabastecimiento y pone en riesgo 16 empleos"},"content":{"rendered":"<p>Desde hace diez d\u00edas no hay reparto de gaseosas <strong>Coca Cola<\/strong> en Santa Rosa por un <strong>conflicto<\/strong> entre la multinacional y la distribuidora local <strong>M&amp;E<\/strong>. Esta situaci\u00f3n provoc\u00f3 el <strong>desabastecimiento en almacenes y despensas de barrio<\/strong> y puso en riesgo 16 puestos de trabajo.<\/p>\n<p>\u00abEste conflicto lo tiene la distribuidora local con Coca Cola. Desconocemos las razones. Por lo \u00fanico que estamos preocupados es por los 16 compa\u00f1eros afiliados que tenemos ah\u00ed, los cuales est\u00e1n concurriendo todos los d\u00edas a trabajar. Lamentablemente no hay carga porque Coca Cola no le manda mercader\u00eda a M&amp;E que es la empresa que distribuye\u00bb, explic\u00f3 Claudio Alonso, secretario de fiscalizaci\u00f3n del Sindicato de Camioneros.<\/p>\n<p>\u00abHicimos contacto con ambas partes y desde M&amp;E se comprometieron a que este mi\u00e9rcoles estar\u00edan abonando los sueldos. Ojal\u00e1 que as\u00ed sea por los trabajadores y la tranquilidad de sus familias\u00bb, dijo.<\/p>\n<p>La firma posee su dep\u00f3sito en el Parque Industrial de Santa Rosa. All\u00ed est\u00e1n los camiones parados desde hace diez d\u00edas, cuando se interrumpi\u00f3 el reparto.<\/p>\n<p>\u00abLas despensas de barrio y los almacenes chicos son afectados por esta situaci\u00f3n porque se les est\u00e1 acabando la mercader\u00eda; no ocurre lo mismo con los grandes supermercados, que tienen otra forma de abastecimiento y tienen mayor stock\u00bb, explic\u00f3.<\/p>\n<p>\u00abComo M&amp;E es la distribuidora oficial no puede intervenir otro a aprovisionar a la gente porque se estar\u00eda violando el contrato. Por eso lo van a tener que solucionar a la brevedad\u00bb, reclam\u00f3.<\/p>\n","protected":false},"excerpt":{"rendered":"<p>Desde hace diez d\u00edas no hay reparto de gaseosas Coca Cola en Santa Rosa por un conflicto entre la multinacional y la distribuidora local M&amp;E. Esta situaci\u00f3n provoc\u00f3 el desabastecimiento&hellip;<\/p>\n","protected":false},"author":7,"featured_media":58404,"comment_status":"closed","ping_status":"open","sticky":false,"template":"","format":"standard","meta":{"_acf_changed":false,"footnotes":""},"categories":[319,12],"tags":[],"class_list":["post-58397","post","type-post","status-publish","format-standard","has-post-thumbnail","hentry","category-a-temporales","category-sociedad"],"acf":[],"yoast_head":"<!-- This site is optimized with the Yoast SEO plugin v27.5 - https:\/\/yoast.com\/product\/yoast-seo-wordpress\/ -->\n<title>Conflicto entre Coca Cola y distribuidora provoca desabastecimiento y pone en riesgo 16 empleos - Diario Textual<\/title>\n<meta name=\"robots\" content=\"index, follow, max-snippet:-1, max-image-preview:large, max-video-preview:-1\" \/>\n<link rel=\"canonical\" href=\"https:\/\/diariotextual.com\/inicio\/index.php\/2019\/08\/07\/conflicto-coca-cola-distribuidora-provoca-desabastecimiento-pone-riesgo-16-empleos\/\" \/>\n<meta property=\"og:locale\" content=\"es_ES\" \/>\n<meta property=\"og:type\" content=\"article\" \/>\n<meta property=\"og:title\" content=\"Conflicto entre Coca Cola y distribuidora provoca desabastecimiento y pone en riesgo 16 empleos - Diario Textual\" \/>\n<meta property=\"og:description\" content=\"Desde hace diez d\u00edas no hay reparto de gaseosas Coca Cola en Santa Rosa por un conflicto entre la multinacional y la distribuidora local M&amp;E. Esta situaci\u00f3n provoc\u00f3 el desabastecimiento&hellip;\" \/>\n<meta property=\"og:url\" content=\"https:\/\/diariotextual.com\/inicio\/index.php\/2019\/08\/07\/conflicto-coca-cola-distribuidora-provoca-desabastecimiento-pone-riesgo-16-empleos\/\" \/>\n<meta property=\"og:site_name\" content=\"Diario Textual\" \/>\n<meta property=\"article:publisher\" content=\"https:\/\/www.facebook.com\/eltextual\" \/>\n<meta property=\"article:published_time\" content=\"2019-08-07T11:02:09+00:00\" \/>\n<meta property=\"article:modified_time\" content=\"2019-08-07T15:08:40+00:00\" \/>\n<meta property=\"og:image\" content=\"https:\/\/diariotextual.com\/inicio\/wp-content\/uploads\/2019\/08\/cocacola.jpg\" \/>\n\t<meta property=\"og:image:width\" content=\"770\" \/>\n\t<meta property=\"og:image:height\" content=\"420\" \/>\n\t<meta property=\"og:image:type\" content=\"image\/jpeg\" \/>\n<meta name=\"author\" content=\"diario5\" \/>\n<meta name=\"twitter:card\" content=\"summary_large_image\" \/>\n<meta name=\"twitter:creator\" content=\"@eltextual\" \/>\n<meta name=\"twitter:site\" content=\"@eltextual\" \/>\n<meta name=\"twitter:label1\" content=\"Escrito por\" \/>\n\t<meta name=\"twitter:data1\" content=\"diario5\" \/>\n\t<meta name=\"twitter:label2\" content=\"Tiempo de lectura\" \/>\n\t<meta name=\"twitter:data2\" content=\"1 minuto\" \/>\n<script type=\"application\/ld+json\" class=\"yoast-schema-graph\">{\"@context\":\"https:\\\/\\\/schema.org\",\"@graph\":[{\"@type\":\"Article\",\"@id\":\"https:\\\/\\\/diariotextual.com\\\/inicio\\\/index.php\\\/2019\\\/08\\\/07\\\/conflicto-coca-cola-distribuidora-provoca-desabastecimiento-pone-riesgo-16-empleos\\\/#article\",\"isPartOf\":{\"@id\":\"https:\\\/\\\/diariotextual.com\\\/inicio\\\/index.php\\\/2019\\\/08\\\/07\\\/conflicto-coca-cola-distribuidora-provoca-desabastecimiento-pone-riesgo-16-empleos\\\/\"},\"author\":{\"name\":\"diario5\",\"@id\":\"https:\\\/\\\/diariotextual.com\\\/inicio\\\/#\\\/schema\\\/person\\\/c7834961ad8b29b1d9cdbf4571299067\"},\"headline\":\"Conflicto entre Coca Cola y distribuidora provoca desabastecimiento y pone en riesgo 16 empleos\",\"datePublished\":\"2019-08-07T11:02:09+00:00\",\"dateModified\":\"2019-08-07T15:08:40+00:00\",\"mainEntityOfPage\":{\"@id\":\"https:\\\/\\\/diariotextual.com\\\/inicio\\\/index.php\\\/2019\\\/08\\\/07\\\/conflicto-coca-cola-distribuidora-provoca-desabastecimiento-pone-riesgo-16-empleos\\\/\"},\"wordCount\":274,\"publisher\":{\"@id\":\"https:\\\/\\\/diariotextual.com\\\/inicio\\\/#organization\"},\"image\":{\"@id\":\"https:\\\/\\\/diariotextual.com\\\/inicio\\\/index.php\\\/2019\\\/08\\\/07\\\/conflicto-coca-cola-distribuidora-provoca-desabastecimiento-pone-riesgo-16-empleos\\\/#primaryimage\"},\"thumbnailUrl\":\"https:\\\/\\\/diariotextual.com\\\/inicio\\\/wp-content\\\/uploads\\\/2019\\\/08\\\/cocacola.jpg\",\"articleSection\":[\"A - TEMPORALES\",\"SOCIEDAD\"],\"inLanguage\":\"es\"},{\"@type\":\"WebPage\",\"@id\":\"https:\\\/\\\/diariotextual.com\\\/inicio\\\/index.php\\\/2019\\\/08\\\/07\\\/conflicto-coca-cola-distribuidora-provoca-desabastecimiento-pone-riesgo-16-empleos\\\/\",\"url\":\"https:\\\/\\\/diariotextual.com\\\/inicio\\\/index.php\\\/2019\\\/08\\\/07\\\/conflicto-coca-cola-distribuidora-provoca-desabastecimiento-pone-riesgo-16-empleos\\\/\",\"name\":\"Conflicto entre Coca Cola y distribuidora provoca desabastecimiento y pone en riesgo 16 empleos - Diario Textual\",\"isPartOf\":{\"@id\":\"https:\\\/\\\/diariotextual.com\\\/inicio\\\/#website\"},\"primaryImageOfPage\":{\"@id\":\"https:\\\/\\\/diariotextual.com\\\/inicio\\\/index.php\\\/2019\\\/08\\\/07\\\/conflicto-coca-cola-distribuidora-provoca-desabastecimiento-pone-riesgo-16-empleos\\\/#primaryimage\"},\"image\":{\"@id\":\"https:\\\/\\\/diariotextual.com\\\/inicio\\\/index.php\\\/2019\\\/08\\\/07\\\/conflicto-coca-cola-distribuidora-provoca-desabastecimiento-pone-riesgo-16-empleos\\\/#primaryimage\"},\"thumbnailUrl\":\"https:\\\/\\\/diariotextual.com\\\/inicio\\\/wp-content\\\/uploads\\\/2019\\\/08\\\/cocacola.jpg\",\"datePublished\":\"2019-08-07T11:02:09+00:00\",\"dateModified\":\"2019-08-07T15:08:40+00:00\",\"breadcrumb\":{\"@id\":\"https:\\\/\\\/diariotextual.com\\\/inicio\\\/index.php\\\/2019\\\/08\\\/07\\\/conflicto-coca-cola-distribuidora-provoca-desabastecimiento-pone-riesgo-16-empleos\\\/#breadcrumb\"},\"inLanguage\":\"es\",\"potentialAction\":[{\"@type\":\"ReadAction\",\"target\":[\"https:\\\/\\\/diariotextual.com\\\/inicio\\\/index.php\\\/2019\\\/08\\\/07\\\/conflicto-coca-cola-distribuidora-provoca-desabastecimiento-pone-riesgo-16-empleos\\\/\"]}]},{\"@type\":\"ImageObject\",\"inLanguage\":\"es\",\"@id\":\"https:\\\/\\\/diariotextual.com\\\/inicio\\\/index.php\\\/2019\\\/08\\\/07\\\/conflicto-coca-cola-distribuidora-provoca-desabastecimiento-pone-riesgo-16-empleos\\\/#primaryimage\",\"url\":\"https:\\\/\\\/diariotextual.com\\\/inicio\\\/wp-content\\\/uploads\\\/2019\\\/08\\\/cocacola.jpg\",\"contentUrl\":\"https:\\\/\\\/diariotextual.com\\\/inicio\\\/wp-content\\\/uploads\\\/2019\\\/08\\\/cocacola.jpg\",\"width\":770,\"height\":420},{\"@type\":\"BreadcrumbList\",\"@id\":\"https:\\\/\\\/diariotextual.com\\\/inicio\\\/index.php\\\/2019\\\/08\\\/07\\\/conflicto-coca-cola-distribuidora-provoca-desabastecimiento-pone-riesgo-16-empleos\\\/#breadcrumb\",\"itemListElement\":[{\"@type\":\"ListItem\",\"position\":1,\"name\":\"Portada\",\"item\":\"https:\\\/\\\/diariotextual.com\\\/inicio\\\/\"},{\"@type\":\"ListItem\",\"position\":2,\"name\":\"Conflicto entre Coca Cola y distribuidora provoca desabastecimiento y pone en riesgo 16 empleos\"}]},{\"@type\":\"WebSite\",\"@id\":\"https:\\\/\\\/diariotextual.com\\\/inicio\\\/#website\",\"url\":\"https:\\\/\\\/diariotextual.com\\\/inicio\\\/\",\"name\":\"Diario Textual\",\"description\":\"\",\"publisher\":{\"@id\":\"https:\\\/\\\/diariotextual.com\\\/inicio\\\/#organization\"},\"potentialAction\":[{\"@type\":\"SearchAction\",\"target\":{\"@type\":\"EntryPoint\",\"urlTemplate\":\"https:\\\/\\\/diariotextual.com\\\/inicio\\\/?s={search_term_string}\"},\"query-input\":{\"@type\":\"PropertyValueSpecification\",\"valueRequired\":true,\"valueName\":\"search_term_string\"}}],\"inLanguage\":\"es\"},{\"@type\":\"Organization\",\"@id\":\"https:\\\/\\\/diariotextual.com\\\/inicio\\\/#organization\",\"name\":\"Diario Textual\",\"url\":\"https:\\\/\\\/diariotextual.com\\\/inicio\\\/\",\"logo\":{\"@type\":\"ImageObject\",\"inLanguage\":\"es\",\"@id\":\"https:\\\/\\\/diariotextual.com\\\/inicio\\\/#\\\/schema\\\/logo\\\/image\\\/\",\"url\":\"https:\\\/\\\/diariotextual.com\\\/inicio\\\/wp-content\\\/uploads\\\/2023\\\/05\\\/logotextual1.jpg\",\"contentUrl\":\"https:\\\/\\\/diariotextual.com\\\/inicio\\\/wp-content\\\/uploads\\\/2023\\\/05\\\/logotextual1.jpg\",\"width\":516,\"height\":76,\"caption\":\"Diario Textual\"},\"image\":{\"@id\":\"https:\\\/\\\/diariotextual.com\\\/inicio\\\/#\\\/schema\\\/logo\\\/image\\\/\"},\"sameAs\":[\"https:\\\/\\\/www.facebook.com\\\/eltextual\",\"https:\\\/\\\/x.com\\\/eltextual\",\"http:\\\/\\\/www.instagram.com\\\/eltextual\"]},{\"@type\":\"Person\",\"@id\":\"https:\\\/\\\/diariotextual.com\\\/inicio\\\/#\\\/schema\\\/person\\\/c7834961ad8b29b1d9cdbf4571299067\",\"name\":\"diario5\",\"image\":{\"@type\":\"ImageObject\",\"inLanguage\":\"es\",\"@id\":\"https:\\\/\\\/secure.gravatar.com\\\/avatar\\\/948c893b847ca6df68216ead81b63f363408ec9b0f600fefc0641ce78613b111?s=96&d=mm&r=g\",\"url\":\"https:\\\/\\\/secure.gravatar.com\\\/avatar\\\/948c893b847ca6df68216ead81b63f363408ec9b0f600fefc0641ce78613b111?s=96&d=mm&r=g\",\"contentUrl\":\"https:\\\/\\\/secure.gravatar.com\\\/avatar\\\/948c893b847ca6df68216ead81b63f363408ec9b0f600fefc0641ce78613b111?s=96&d=mm&r=g\",\"caption\":\"diario5\"},\"url\":\"https:\\\/\\\/diariotextual.com\\\/inicio\\\/index.php\\\/author\\\/diario5\\\/\"}]}<\/script>\n<!-- \/ Yoast SEO plugin. -->","yoast_head_json":{"title":"Conflicto entre Coca Cola y distribuidora provoca desabastecimiento y pone en riesgo 16 empleos - Diario Textual","robots":{"index":"index","follow":"follow","max-snippet":"max-snippet:-1","max-image-preview":"max-image-preview:large","max-video-preview":"max-video-preview:-1"},"canonical":"https:\/\/diariotextual.com\/inicio\/index.php\/2019\/08\/07\/conflicto-coca-cola-distribuidora-provoca-desabastecimiento-pone-riesgo-16-empleos\/","og_locale":"es_ES","og_type":"article","og_title":"Conflicto entre Coca Cola y distribuidora provoca desabastecimiento y pone en riesgo 16 empleos - Diario Textual","og_description":"Desde hace diez d\u00edas no hay reparto de gaseosas Coca Cola en Santa Rosa por un conflicto entre la multinacional y la distribuidora local M&amp;E. Esta situaci\u00f3n provoc\u00f3 el desabastecimiento&hellip;","og_url":"https:\/\/diariotextual.com\/inicio\/index.php\/2019\/08\/07\/conflicto-coca-cola-distribuidora-provoca-desabastecimiento-pone-riesgo-16-empleos\/","og_site_name":"Diario Textual","article_publisher":"https:\/\/www.facebook.com\/eltextual","article_published_time":"2019-08-07T11:02:09+00:00","article_modified_time":"2019-08-07T15:08:40+00:00","og_image":[{"width":770,"height":420,"url":"https:\/\/diariotextual.com\/inicio\/wp-content\/uploads\/2019\/08\/cocacola.jpg","type":"image\/jpeg"}],"author":"diario5","twitter_card":"summary_large_image","twitter_creator":"@eltextual","twitter_site":"@eltextual","twitter_misc":{"Escrito por":"diario5","Tiempo de lectura":"1 minuto"},"schema":{"@context":"https:\/\/schema.org","@graph":[{"@type":"Article","@id":"https:\/\/diariotextual.com\/inicio\/index.php\/2019\/08\/07\/conflicto-coca-cola-distribuidora-provoca-desabastecimiento-pone-riesgo-16-empleos\/#article","isPartOf":{"@id":"https:\/\/diariotextual.com\/inicio\/index.php\/2019\/08\/07\/conflicto-coca-cola-distribuidora-provoca-desabastecimiento-pone-riesgo-16-empleos\/"},"author":{"name":"diario5","@id":"https:\/\/diariotextual.com\/inicio\/#\/schema\/person\/c7834961ad8b29b1d9cdbf4571299067"},"headline":"Conflicto entre Coca Cola y distribuidora provoca desabastecimiento y pone en riesgo 16 empleos","datePublished":"2019-08-07T11:02:09+00:00","dateModified":"2019-08-07T15:08:40+00:00","mainEntityOfPage":{"@id":"https:\/\/diariotextual.com\/inicio\/index.php\/2019\/08\/07\/conflicto-coca-cola-distribuidora-provoca-desabastecimiento-pone-riesgo-16-empleos\/"},"wordCount":274,"publisher":{"@id":"https:\/\/diariotextual.com\/inicio\/#organization"},"image":{"@id":"https:\/\/diariotextual.com\/inicio\/index.php\/2019\/08\/07\/conflicto-coca-cola-distribuidora-provoca-desabastecimiento-pone-riesgo-16-empleos\/#primaryimage"},"thumbnailUrl":"https:\/\/diariotextual.com\/inicio\/wp-content\/uploads\/2019\/08\/cocacola.jpg","articleSection":["A - TEMPORALES","SOCIEDAD"],"inLanguage":"es"},{"@type":"WebPage","@id":"https:\/\/diariotextual.com\/inicio\/index.php\/2019\/08\/07\/conflicto-coca-cola-distribuidora-provoca-desabastecimiento-pone-riesgo-16-empleos\/","url":"https:\/\/diariotextual.com\/inicio\/index.php\/2019\/08\/07\/conflicto-coca-cola-distribuidora-provoca-desabastecimiento-pone-riesgo-16-empleos\/","name":"Conflicto entre Coca Cola y distribuidora provoca desabastecimiento y pone en riesgo 16 empleos - Diario Textual","isPartOf":{"@id":"https:\/\/diariotextual.com\/inicio\/#website"},"primaryImageOfPage":{"@id":"https:\/\/diariotextual.com\/inicio\/index.php\/2019\/08\/07\/conflicto-coca-cola-distribuidora-provoca-desabastecimiento-pone-riesgo-16-empleos\/#primaryimage"},"image":{"@id":"https:\/\/diariotextual.com\/inicio\/index.php\/2019\/08\/07\/conflicto-coca-cola-distribuidora-provoca-desabastecimiento-pone-riesgo-16-empleos\/#primaryimage"},"thumbnailUrl":"https:\/\/diariotextual.com\/inicio\/wp-content\/uploads\/2019\/08\/cocacola.jpg","datePublished":"2019-08-07T11:02:09+00:00","dateModified":"2019-08-07T15:08:40+00:00","breadcrumb":{"@id":"https:\/\/diariotextual.com\/inicio\/index.php\/2019\/08\/07\/conflicto-coca-cola-distribuidora-provoca-desabastecimiento-pone-riesgo-16-empleos\/#breadcrumb"},"inLanguage":"es","potentialAction":[{"@type":"ReadAction","target":["https:\/\/diariotextual.com\/inicio\/index.php\/2019\/08\/07\/conflicto-coca-cola-distribuidora-provoca-desabastecimiento-pone-riesgo-16-empleos\/"]}]},{"@type":"ImageObject","inLanguage":"es","@id":"https:\/\/diariotextual.com\/inicio\/index.php\/2019\/08\/07\/conflicto-coca-cola-distribuidora-provoca-desabastecimiento-pone-riesgo-16-empleos\/#primaryimage","url":"https:\/\/diariotextual.com\/inicio\/wp-content\/uploads\/2019\/08\/cocacola.jpg","contentUrl":"https:\/\/diariotextual.com\/inicio\/wp-content\/uploads\/2019\/08\/cocacola.jpg","width":770,"height":420},{"@type":"BreadcrumbList","@id":"https:\/\/diariotextual.com\/inicio\/index.php\/2019\/08\/07\/conflicto-coca-cola-distribuidora-provoca-desabastecimiento-pone-riesgo-16-empleos\/#breadcrumb","itemListElement":[{"@type":"ListItem","position":1,"name":"Portada","item":"https:\/\/diariotextual.com\/inicio\/"},{"@type":"ListItem","position":2,"name":"Conflicto entre Coca Cola y distribuidora provoca desabastecimiento y pone en riesgo 16 empleos"}]},{"@type":"WebSite","@id":"https:\/\/diariotextual.com\/inicio\/#website","url":"https:\/\/diariotextual.com\/inicio\/","name":"Diario Textual","description":"","publisher":{"@id":"https:\/\/diariotextual.com\/inicio\/#organization"},"potentialAction":[{"@type":"SearchAction","target":{"@type":"EntryPoint","urlTemplate":"https:\/\/diariotextual.com\/inicio\/?s={search_term_string}"},"query-input":{"@type":"PropertyValueSpecification","valueRequired":true,"valueName":"search_term_string"}}],"inLanguage":"es"},{"@type":"Organization","@id":"https:\/\/diariotextual.com\/inicio\/#organization","name":"Diario Textual","url":"https:\/\/diariotextual.com\/inicio\/","logo":{"@type":"ImageObject","inLanguage":"es","@id":"https:\/\/diariotextual.com\/inicio\/#\/schema\/logo\/image\/","url":"https:\/\/diariotextual.com\/inicio\/wp-content\/uploads\/2023\/05\/logotextual1.jpg","contentUrl":"https:\/\/diariotextual.com\/inicio\/wp-content\/uploads\/2023\/05\/logotextual1.jpg","width":516,"height":76,"caption":"Diario Textual"},"image":{"@id":"https:\/\/diariotextual.com\/inicio\/#\/schema\/logo\/image\/"},"sameAs":["https:\/\/www.facebook.com\/eltextual","https:\/\/x.com\/eltextual","http:\/\/www.instagram.com\/eltextual"]},{"@type":"Person","@id":"https:\/\/diariotextual.com\/inicio\/#\/schema\/person\/c7834961ad8b29b1d9cdbf4571299067","name":"diario5","image":{"@type":"ImageObject","inLanguage":"es","@id":"https:\/\/secure.gravatar.com\/avatar\/948c893b847ca6df68216ead81b63f363408ec9b0f600fefc0641ce78613b111?s=96&d=mm&r=g","url":"https:\/\/secure.gravatar.com\/avatar\/948c893b847ca6df68216ead81b63f363408ec9b0f600fefc0641ce78613b111?s=96&d=mm&r=g","contentUrl":"https:\/\/secure.gravatar.com\/avatar\/948c893b847ca6df68216ead81b63f363408ec9b0f600fefc0641ce78613b111?s=96&d=mm&r=g","caption":"diario5"},"url":"https:\/\/diariotextual.com\/inicio\/index.php\/author\/diario5\/"}]}},"_links":{"self":[{"href":"https:\/\/diariotextual.com\/inicio\/index.php\/wp-json\/wp\/v2\/posts\/58397","targetHints":{"allow":["GET"]}}],"collection":[{"href":"https:\/\/diariotextual.com\/inicio\/index.php\/wp-json\/wp\/v2\/posts"}],"about":[{"href":"https:\/\/diariotextual.com\/inicio\/index.php\/wp-json\/wp\/v2\/types\/post"}],"author":[{"embeddable":true,"href":"https:\/\/diariotextual.com\/inicio\/index.php\/wp-json\/wp\/v2\/users\/7"}],"replies":[{"embeddable":true,"href":"https:\/\/diariotextual.com\/inicio\/index.php\/wp-json\/wp\/v2\/comments?post=58397"}],"version-history":[{"count":3,"href":"https:\/\/diariotextual.com\/inicio\/index.php\/wp-json\/wp\/v2\/posts\/58397\/revisions"}],"predecessor-version":[{"id":58408,"href":"https:\/\/diariotextual.com\/inicio\/index.php\/wp-json\/wp\/v2\/posts\/58397\/revisions\/58408"}],"wp:featuredmedia":[{"embeddable":true,"href":"https:\/\/diariotextual.com\/inicio\/index.php\/wp-json\/wp\/v2\/media\/58404"}],"wp:attachment":[{"href":"https:\/\/diariotextual.com\/inicio\/index.php\/wp-json\/wp\/v2\/media?parent=58397"}],"wp:term":[{"taxonomy":"category","embeddable":true,"href":"https:\/\/diariotextual.com\/inicio\/index.php\/wp-json\/wp\/v2\/categories?post=58397"},{"taxonomy":"post_tag","embeddable":true,"href":"https:\/\/diariotextual.com\/inicio\/index.php\/wp-json\/wp\/v2\/tags?post=58397"}],"curies":[{"name":"wp","href":"https:\/\/api.w.org\/{rel}","templated":true}]}}