{"id":58429,"date":"2019-08-07T09:56:06","date_gmt":"2019-08-07T12:56:06","guid":{"rendered":"http:\/\/diariotextual.com\/inicio\/?p=58429"},"modified":"2019-08-07T12:24:56","modified_gmt":"2019-08-07T15:24:56","slug":"fallecio-los-90-anos-fotografo-pablo-gringo-pian","status":"publish","type":"post","link":"https:\/\/diariotextual.com\/inicio\/index.php\/2019\/08\/07\/fallecio-los-90-anos-fotografo-pablo-gringo-pian\/","title":{"rendered":"Falleci\u00f3 a los 90 a\u00f1os el fot\u00f3grafo Pablo \u00abEl Gringo\u00bb de Pi\u00e1n"},"content":{"rendered":"<p><strong>Pablo \u00abEl Gringo\u00bb de Pi\u00e1n<\/strong>, reconocido fot\u00f3grafo que trabaj\u00f3 durante d\u00e9cadas en Santa Rosa, falleci\u00f3 en la ma\u00f1ana de este mi\u00e9rcoles en la ciudad de Mar del Plata a los 90 a\u00f1os de edad. La informaci\u00f3n fue confirmada por sus familiares.<\/p>\n<p>De Pi\u00e1n fue un destacado fot\u00f3grafo -tuvo una casa de fotograf\u00eda y por a\u00f1os tambi\u00e9n trabaj\u00f3 en el diario La Arena- y escultor.<\/p>\n<p>Naci\u00f3 en Feltre, regi\u00f3n de V\u00e9neto, Italia, el 31 de mayo de 1929. Tuvo nueve hermanos. <strong>En Feltre se inici\u00f3 como ayudante y alumno en escultura.<\/strong><\/p>\n<p>En 1944, cuando el ej\u00e9rcito alem\u00e1n invadi\u00f3 Italia, <strong>se uni\u00f3 a la lucha de los partisanos <\/strong>-los combatientes del movimiento armado de oposici\u00f3n al fascismo y a las tropas de ocupaci\u00f3n nazis- con apenas 14 a\u00f1os. Terminada la guerra se traslad\u00f3 a Torino. M\u00e1s tarde decidi\u00f3 zarpar para Am\u00e9rica: lleg\u00f3 a la Argentina en 1948, con apenas 19 a\u00f1os.<\/p>\n<p><strong>Vivi\u00f3 en Tandil, donde se perfeccion\u00f3 en fotograf\u00eda.<\/strong> Se traslad\u00f3 a Trenque Lauquen y por \u00faltimo se afinc\u00f3 en Santa Rosa en el a\u00f1o 1960, donde abri\u00f3 una casa de fotograf\u00edas. Poco despu\u00e9s ingres\u00f3 a trabajar a La Arena, donde durante dos d\u00e9cadas retrat\u00f3 sucesos p\u00fablicos con su particular estilo.<\/p>\n<p>Simult\u00e1neamente a la fotograf\u00eda, <strong>abord\u00f3 la narrativa de cuentos y relatos de la guerra, con singular dominio de la lengua castellana.<\/strong><\/p>\n<p>Hizo varias esculturas. Una de las m\u00e1s destacadas es la del Che Guevara, que se encuentra en una placita de la avenida Belgrano. Tambi\u00e9n dise\u00f1\u00f3 y elabor\u00f3 la de Ra\u00fal Celso D&#8217;Atri, fundador de La Arena, en el edificio de la empresa en la calle Mitre.<\/p>\n<p>En 2003 le entregaron el Premio Testimonio. Destacaron su esp\u00edritu libertario y justo y su defensa a ultranza a los derechos humanos.<\/p>\n<p>Hace una d\u00e9cada se instal\u00f3 en Mar del Plata. Falleci\u00f3 en la ma\u00f1ana de este mi\u00e9rcoles 7, seg\u00fan informaron sus familiares.<\/p>\n<p>&nbsp;<\/p>\n<p>&nbsp;<\/p>\n<p>&nbsp;<\/p>\n","protected":false},"excerpt":{"rendered":"<p>Pablo \u00abEl Gringo\u00bb de Pi\u00e1n, reconocido fot\u00f3grafo que trabaj\u00f3 durante d\u00e9cadas en Santa Rosa, falleci\u00f3 en la ma\u00f1ana de este mi\u00e9rcoles en la ciudad de Mar del Plata a los&hellip;<\/p>\n","protected":false},"author":3,"featured_media":58430,"comment_status":"closed","ping_status":"open","sticky":false,"template":"","format":"standard","meta":{"_acf_changed":false,"footnotes":""},"categories":[11,319,2],"tags":[2158],"class_list":["post-58429","post","type-post","status-publish","format-standard","has-post-thumbnail","hentry","category-que-pasa","category-a-temporales","category-cultura","tag-de-pian"],"acf":[],"yoast_head":"<!-- This site is optimized with the Yoast SEO plugin v27.5 - https:\/\/yoast.com\/product\/yoast-seo-wordpress\/ -->\n<title>Falleci\u00f3 a los 90 a\u00f1os el fot\u00f3grafo Pablo &quot;El Gringo&quot; de Pi\u00e1n - Diario Textual<\/title>\n<meta name=\"robots\" content=\"index, follow, max-snippet:-1, max-image-preview:large, max-video-preview:-1\" \/>\n<link rel=\"canonical\" href=\"https:\/\/diariotextual.com\/inicio\/index.php\/2019\/08\/07\/fallecio-los-90-anos-fotografo-pablo-gringo-pian\/\" \/>\n<meta property=\"og:locale\" content=\"es_ES\" \/>\n<meta property=\"og:type\" content=\"article\" \/>\n<meta property=\"og:title\" content=\"Falleci\u00f3 a los 90 a\u00f1os el fot\u00f3grafo Pablo &quot;El Gringo&quot; de Pi\u00e1n - Diario Textual\" \/>\n<meta property=\"og:description\" content=\"Pablo \u00abEl Gringo\u00bb de Pi\u00e1n, reconocido fot\u00f3grafo que trabaj\u00f3 durante d\u00e9cadas en Santa Rosa, falleci\u00f3 en la ma\u00f1ana de este mi\u00e9rcoles en la ciudad de Mar del Plata a los&hellip;\" \/>\n<meta property=\"og:url\" content=\"https:\/\/diariotextual.com\/inicio\/index.php\/2019\/08\/07\/fallecio-los-90-anos-fotografo-pablo-gringo-pian\/\" \/>\n<meta property=\"og:site_name\" content=\"Diario Textual\" \/>\n<meta property=\"article:publisher\" content=\"https:\/\/www.facebook.com\/eltextual\" \/>\n<meta property=\"article:published_time\" content=\"2019-08-07T12:56:06+00:00\" \/>\n<meta property=\"article:modified_time\" content=\"2019-08-07T15:24:56+00:00\" \/>\n<meta property=\"og:image\" content=\"https:\/\/diariotextual.com\/inicio\/wp-content\/uploads\/2019\/08\/depianpablo1.jpg\" \/>\n\t<meta property=\"og:image:width\" content=\"920\" \/>\n\t<meta property=\"og:image:height\" content=\"579\" \/>\n\t<meta property=\"og:image:type\" content=\"image\/jpeg\" \/>\n<meta name=\"author\" content=\"Diario1 Diario1\" \/>\n<meta name=\"twitter:card\" content=\"summary_large_image\" \/>\n<meta name=\"twitter:creator\" content=\"@eltextual\" \/>\n<meta name=\"twitter:site\" content=\"@eltextual\" \/>\n<meta name=\"twitter:label1\" content=\"Escrito por\" \/>\n\t<meta name=\"twitter:data1\" content=\"Diario1 Diario1\" \/>\n\t<meta name=\"twitter:label2\" content=\"Tiempo de lectura\" \/>\n\t<meta name=\"twitter:data2\" content=\"2 minutos\" \/>\n<script type=\"application\/ld+json\" class=\"yoast-schema-graph\">{\"@context\":\"https:\\\/\\\/schema.org\",\"@graph\":[{\"@type\":\"Article\",\"@id\":\"https:\\\/\\\/diariotextual.com\\\/inicio\\\/index.php\\\/2019\\\/08\\\/07\\\/fallecio-los-90-anos-fotografo-pablo-gringo-pian\\\/#article\",\"isPartOf\":{\"@id\":\"https:\\\/\\\/diariotextual.com\\\/inicio\\\/index.php\\\/2019\\\/08\\\/07\\\/fallecio-los-90-anos-fotografo-pablo-gringo-pian\\\/\"},\"author\":{\"name\":\"Diario1 Diario1\",\"@id\":\"https:\\\/\\\/diariotextual.com\\\/inicio\\\/#\\\/schema\\\/person\\\/418fc4093c33e86ed41562db3508f958\"},\"headline\":\"Falleci\u00f3 a los 90 a\u00f1os el fot\u00f3grafo Pablo \u00abEl Gringo\u00bb de Pi\u00e1n\",\"datePublished\":\"2019-08-07T12:56:06+00:00\",\"dateModified\":\"2019-08-07T15:24:56+00:00\",\"mainEntityOfPage\":{\"@id\":\"https:\\\/\\\/diariotextual.com\\\/inicio\\\/index.php\\\/2019\\\/08\\\/07\\\/fallecio-los-90-anos-fotografo-pablo-gringo-pian\\\/\"},\"wordCount\":354,\"publisher\":{\"@id\":\"https:\\\/\\\/diariotextual.com\\\/inicio\\\/#organization\"},\"image\":{\"@id\":\"https:\\\/\\\/diariotextual.com\\\/inicio\\\/index.php\\\/2019\\\/08\\\/07\\\/fallecio-los-90-anos-fotografo-pablo-gringo-pian\\\/#primaryimage\"},\"thumbnailUrl\":\"https:\\\/\\\/diariotextual.com\\\/inicio\\\/wp-content\\\/uploads\\\/2019\\\/08\\\/depianpablo1.jpg\",\"keywords\":[\"de pian\"],\"articleSection\":[\"A - QUE PASA (al costado)\",\"A - TEMPORALES\",\"CULTURA\"],\"inLanguage\":\"es\"},{\"@type\":\"WebPage\",\"@id\":\"https:\\\/\\\/diariotextual.com\\\/inicio\\\/index.php\\\/2019\\\/08\\\/07\\\/fallecio-los-90-anos-fotografo-pablo-gringo-pian\\\/\",\"url\":\"https:\\\/\\\/diariotextual.com\\\/inicio\\\/index.php\\\/2019\\\/08\\\/07\\\/fallecio-los-90-anos-fotografo-pablo-gringo-pian\\\/\",\"name\":\"Falleci\u00f3 a los 90 a\u00f1os el fot\u00f3grafo Pablo \\\"El Gringo\\\" de Pi\u00e1n - Diario Textual\",\"isPartOf\":{\"@id\":\"https:\\\/\\\/diariotextual.com\\\/inicio\\\/#website\"},\"primaryImageOfPage\":{\"@id\":\"https:\\\/\\\/diariotextual.com\\\/inicio\\\/index.php\\\/2019\\\/08\\\/07\\\/fallecio-los-90-anos-fotografo-pablo-gringo-pian\\\/#primaryimage\"},\"image\":{\"@id\":\"https:\\\/\\\/diariotextual.com\\\/inicio\\\/index.php\\\/2019\\\/08\\\/07\\\/fallecio-los-90-anos-fotografo-pablo-gringo-pian\\\/#primaryimage\"},\"thumbnailUrl\":\"https:\\\/\\\/diariotextual.com\\\/inicio\\\/wp-content\\\/uploads\\\/2019\\\/08\\\/depianpablo1.jpg\",\"datePublished\":\"2019-08-07T12:56:06+00:00\",\"dateModified\":\"2019-08-07T15:24:56+00:00\",\"breadcrumb\":{\"@id\":\"https:\\\/\\\/diariotextual.com\\\/inicio\\\/index.php\\\/2019\\\/08\\\/07\\\/fallecio-los-90-anos-fotografo-pablo-gringo-pian\\\/#breadcrumb\"},\"inLanguage\":\"es\",\"potentialAction\":[{\"@type\":\"ReadAction\",\"target\":[\"https:\\\/\\\/diariotextual.com\\\/inicio\\\/index.php\\\/2019\\\/08\\\/07\\\/fallecio-los-90-anos-fotografo-pablo-gringo-pian\\\/\"]}]},{\"@type\":\"ImageObject\",\"inLanguage\":\"es\",\"@id\":\"https:\\\/\\\/diariotextual.com\\\/inicio\\\/index.php\\\/2019\\\/08\\\/07\\\/fallecio-los-90-anos-fotografo-pablo-gringo-pian\\\/#primaryimage\",\"url\":\"https:\\\/\\\/diariotextual.com\\\/inicio\\\/wp-content\\\/uploads\\\/2019\\\/08\\\/depianpablo1.jpg\",\"contentUrl\":\"https:\\\/\\\/diariotextual.com\\\/inicio\\\/wp-content\\\/uploads\\\/2019\\\/08\\\/depianpablo1.jpg\",\"width\":920,\"height\":579},{\"@type\":\"BreadcrumbList\",\"@id\":\"https:\\\/\\\/diariotextual.com\\\/inicio\\\/index.php\\\/2019\\\/08\\\/07\\\/fallecio-los-90-anos-fotografo-pablo-gringo-pian\\\/#breadcrumb\",\"itemListElement\":[{\"@type\":\"ListItem\",\"position\":1,\"name\":\"Portada\",\"item\":\"https:\\\/\\\/diariotextual.com\\\/inicio\\\/\"},{\"@type\":\"ListItem\",\"position\":2,\"name\":\"Falleci\u00f3 a los 90 a\u00f1os el fot\u00f3grafo Pablo \u00abEl Gringo\u00bb de Pi\u00e1n\"}]},{\"@type\":\"WebSite\",\"@id\":\"https:\\\/\\\/diariotextual.com\\\/inicio\\\/#website\",\"url\":\"https:\\\/\\\/diariotextual.com\\\/inicio\\\/\",\"name\":\"Diario Textual\",\"description\":\"\",\"publisher\":{\"@id\":\"https:\\\/\\\/diariotextual.com\\\/inicio\\\/#organization\"},\"potentialAction\":[{\"@type\":\"SearchAction\",\"target\":{\"@type\":\"EntryPoint\",\"urlTemplate\":\"https:\\\/\\\/diariotextual.com\\\/inicio\\\/?s={search_term_string}\"},\"query-input\":{\"@type\":\"PropertyValueSpecification\",\"valueRequired\":true,\"valueName\":\"search_term_string\"}}],\"inLanguage\":\"es\"},{\"@type\":\"Organization\",\"@id\":\"https:\\\/\\\/diariotextual.com\\\/inicio\\\/#organization\",\"name\":\"Diario Textual\",\"url\":\"https:\\\/\\\/diariotextual.com\\\/inicio\\\/\",\"logo\":{\"@type\":\"ImageObject\",\"inLanguage\":\"es\",\"@id\":\"https:\\\/\\\/diariotextual.com\\\/inicio\\\/#\\\/schema\\\/logo\\\/image\\\/\",\"url\":\"https:\\\/\\\/diariotextual.com\\\/inicio\\\/wp-content\\\/uploads\\\/2023\\\/05\\\/logotextual1.jpg\",\"contentUrl\":\"https:\\\/\\\/diariotextual.com\\\/inicio\\\/wp-content\\\/uploads\\\/2023\\\/05\\\/logotextual1.jpg\",\"width\":516,\"height\":76,\"caption\":\"Diario Textual\"},\"image\":{\"@id\":\"https:\\\/\\\/diariotextual.com\\\/inicio\\\/#\\\/schema\\\/logo\\\/image\\\/\"},\"sameAs\":[\"https:\\\/\\\/www.facebook.com\\\/eltextual\",\"https:\\\/\\\/x.com\\\/eltextual\",\"http:\\\/\\\/www.instagram.com\\\/eltextual\"]},{\"@type\":\"Person\",\"@id\":\"https:\\\/\\\/diariotextual.com\\\/inicio\\\/#\\\/schema\\\/person\\\/418fc4093c33e86ed41562db3508f958\",\"name\":\"Diario1 Diario1\",\"image\":{\"@type\":\"ImageObject\",\"inLanguage\":\"es\",\"@id\":\"https:\\\/\\\/secure.gravatar.com\\\/avatar\\\/9167d280179c85bc18be67aa7eda765854300033af4896dd779b608640f2ef7a?s=96&d=mm&r=g\",\"url\":\"https:\\\/\\\/secure.gravatar.com\\\/avatar\\\/9167d280179c85bc18be67aa7eda765854300033af4896dd779b608640f2ef7a?s=96&d=mm&r=g\",\"contentUrl\":\"https:\\\/\\\/secure.gravatar.com\\\/avatar\\\/9167d280179c85bc18be67aa7eda765854300033af4896dd779b608640f2ef7a?s=96&d=mm&r=g\",\"caption\":\"Diario1 Diario1\"},\"url\":\"https:\\\/\\\/diariotextual.com\\\/inicio\\\/index.php\\\/author\\\/diario1\\\/\"}]}<\/script>\n<!-- \/ Yoast SEO plugin. -->","yoast_head_json":{"title":"Falleci\u00f3 a los 90 a\u00f1os el fot\u00f3grafo Pablo \"El Gringo\" de Pi\u00e1n - Diario Textual","robots":{"index":"index","follow":"follow","max-snippet":"max-snippet:-1","max-image-preview":"max-image-preview:large","max-video-preview":"max-video-preview:-1"},"canonical":"https:\/\/diariotextual.com\/inicio\/index.php\/2019\/08\/07\/fallecio-los-90-anos-fotografo-pablo-gringo-pian\/","og_locale":"es_ES","og_type":"article","og_title":"Falleci\u00f3 a los 90 a\u00f1os el fot\u00f3grafo Pablo \"El Gringo\" de Pi\u00e1n - Diario Textual","og_description":"Pablo \u00abEl Gringo\u00bb de Pi\u00e1n, reconocido fot\u00f3grafo que trabaj\u00f3 durante d\u00e9cadas en Santa Rosa, falleci\u00f3 en la ma\u00f1ana de este mi\u00e9rcoles en la ciudad de Mar del Plata a los&hellip;","og_url":"https:\/\/diariotextual.com\/inicio\/index.php\/2019\/08\/07\/fallecio-los-90-anos-fotografo-pablo-gringo-pian\/","og_site_name":"Diario Textual","article_publisher":"https:\/\/www.facebook.com\/eltextual","article_published_time":"2019-08-07T12:56:06+00:00","article_modified_time":"2019-08-07T15:24:56+00:00","og_image":[{"width":920,"height":579,"url":"https:\/\/diariotextual.com\/inicio\/wp-content\/uploads\/2019\/08\/depianpablo1.jpg","type":"image\/jpeg"}],"author":"Diario1 Diario1","twitter_card":"summary_large_image","twitter_creator":"@eltextual","twitter_site":"@eltextual","twitter_misc":{"Escrito por":"Diario1 Diario1","Tiempo de lectura":"2 minutos"},"schema":{"@context":"https:\/\/schema.org","@graph":[{"@type":"Article","@id":"https:\/\/diariotextual.com\/inicio\/index.php\/2019\/08\/07\/fallecio-los-90-anos-fotografo-pablo-gringo-pian\/#article","isPartOf":{"@id":"https:\/\/diariotextual.com\/inicio\/index.php\/2019\/08\/07\/fallecio-los-90-anos-fotografo-pablo-gringo-pian\/"},"author":{"name":"Diario1 Diario1","@id":"https:\/\/diariotextual.com\/inicio\/#\/schema\/person\/418fc4093c33e86ed41562db3508f958"},"headline":"Falleci\u00f3 a los 90 a\u00f1os el fot\u00f3grafo Pablo \u00abEl Gringo\u00bb de Pi\u00e1n","datePublished":"2019-08-07T12:56:06+00:00","dateModified":"2019-08-07T15:24:56+00:00","mainEntityOfPage":{"@id":"https:\/\/diariotextual.com\/inicio\/index.php\/2019\/08\/07\/fallecio-los-90-anos-fotografo-pablo-gringo-pian\/"},"wordCount":354,"publisher":{"@id":"https:\/\/diariotextual.com\/inicio\/#organization"},"image":{"@id":"https:\/\/diariotextual.com\/inicio\/index.php\/2019\/08\/07\/fallecio-los-90-anos-fotografo-pablo-gringo-pian\/#primaryimage"},"thumbnailUrl":"https:\/\/diariotextual.com\/inicio\/wp-content\/uploads\/2019\/08\/depianpablo1.jpg","keywords":["de pian"],"articleSection":["A - QUE PASA (al costado)","A - TEMPORALES","CULTURA"],"inLanguage":"es"},{"@type":"WebPage","@id":"https:\/\/diariotextual.com\/inicio\/index.php\/2019\/08\/07\/fallecio-los-90-anos-fotografo-pablo-gringo-pian\/","url":"https:\/\/diariotextual.com\/inicio\/index.php\/2019\/08\/07\/fallecio-los-90-anos-fotografo-pablo-gringo-pian\/","name":"Falleci\u00f3 a los 90 a\u00f1os el fot\u00f3grafo Pablo \"El Gringo\" de Pi\u00e1n - Diario Textual","isPartOf":{"@id":"https:\/\/diariotextual.com\/inicio\/#website"},"primaryImageOfPage":{"@id":"https:\/\/diariotextual.com\/inicio\/index.php\/2019\/08\/07\/fallecio-los-90-anos-fotografo-pablo-gringo-pian\/#primaryimage"},"image":{"@id":"https:\/\/diariotextual.com\/inicio\/index.php\/2019\/08\/07\/fallecio-los-90-anos-fotografo-pablo-gringo-pian\/#primaryimage"},"thumbnailUrl":"https:\/\/diariotextual.com\/inicio\/wp-content\/uploads\/2019\/08\/depianpablo1.jpg","datePublished":"2019-08-07T12:56:06+00:00","dateModified":"2019-08-07T15:24:56+00:00","breadcrumb":{"@id":"https:\/\/diariotextual.com\/inicio\/index.php\/2019\/08\/07\/fallecio-los-90-anos-fotografo-pablo-gringo-pian\/#breadcrumb"},"inLanguage":"es","potentialAction":[{"@type":"ReadAction","target":["https:\/\/diariotextual.com\/inicio\/index.php\/2019\/08\/07\/fallecio-los-90-anos-fotografo-pablo-gringo-pian\/"]}]},{"@type":"ImageObject","inLanguage":"es","@id":"https:\/\/diariotextual.com\/inicio\/index.php\/2019\/08\/07\/fallecio-los-90-anos-fotografo-pablo-gringo-pian\/#primaryimage","url":"https:\/\/diariotextual.com\/inicio\/wp-content\/uploads\/2019\/08\/depianpablo1.jpg","contentUrl":"https:\/\/diariotextual.com\/inicio\/wp-content\/uploads\/2019\/08\/depianpablo1.jpg","width":920,"height":579},{"@type":"BreadcrumbList","@id":"https:\/\/diariotextual.com\/inicio\/index.php\/2019\/08\/07\/fallecio-los-90-anos-fotografo-pablo-gringo-pian\/#breadcrumb","itemListElement":[{"@type":"ListItem","position":1,"name":"Portada","item":"https:\/\/diariotextual.com\/inicio\/"},{"@type":"ListItem","position":2,"name":"Falleci\u00f3 a los 90 a\u00f1os el fot\u00f3grafo Pablo \u00abEl Gringo\u00bb de Pi\u00e1n"}]},{"@type":"WebSite","@id":"https:\/\/diariotextual.com\/inicio\/#website","url":"https:\/\/diariotextual.com\/inicio\/","name":"Diario Textual","description":"","publisher":{"@id":"https:\/\/diariotextual.com\/inicio\/#organization"},"potentialAction":[{"@type":"SearchAction","target":{"@type":"EntryPoint","urlTemplate":"https:\/\/diariotextual.com\/inicio\/?s={search_term_string}"},"query-input":{"@type":"PropertyValueSpecification","valueRequired":true,"valueName":"search_term_string"}}],"inLanguage":"es"},{"@type":"Organization","@id":"https:\/\/diariotextual.com\/inicio\/#organization","name":"Diario Textual","url":"https:\/\/diariotextual.com\/inicio\/","logo":{"@type":"ImageObject","inLanguage":"es","@id":"https:\/\/diariotextual.com\/inicio\/#\/schema\/logo\/image\/","url":"https:\/\/diariotextual.com\/inicio\/wp-content\/uploads\/2023\/05\/logotextual1.jpg","contentUrl":"https:\/\/diariotextual.com\/inicio\/wp-content\/uploads\/2023\/05\/logotextual1.jpg","width":516,"height":76,"caption":"Diario Textual"},"image":{"@id":"https:\/\/diariotextual.com\/inicio\/#\/schema\/logo\/image\/"},"sameAs":["https:\/\/www.facebook.com\/eltextual","https:\/\/x.com\/eltextual","http:\/\/www.instagram.com\/eltextual"]},{"@type":"Person","@id":"https:\/\/diariotextual.com\/inicio\/#\/schema\/person\/418fc4093c33e86ed41562db3508f958","name":"Diario1 Diario1","image":{"@type":"ImageObject","inLanguage":"es","@id":"https:\/\/secure.gravatar.com\/avatar\/9167d280179c85bc18be67aa7eda765854300033af4896dd779b608640f2ef7a?s=96&d=mm&r=g","url":"https:\/\/secure.gravatar.com\/avatar\/9167d280179c85bc18be67aa7eda765854300033af4896dd779b608640f2ef7a?s=96&d=mm&r=g","contentUrl":"https:\/\/secure.gravatar.com\/avatar\/9167d280179c85bc18be67aa7eda765854300033af4896dd779b608640f2ef7a?s=96&d=mm&r=g","caption":"Diario1 Diario1"},"url":"https:\/\/diariotextual.com\/inicio\/index.php\/author\/diario1\/"}]}},"_links":{"self":[{"href":"https:\/\/diariotextual.com\/inicio\/index.php\/wp-json\/wp\/v2\/posts\/58429","targetHints":{"allow":["GET"]}}],"collection":[{"href":"https:\/\/diariotextual.com\/inicio\/index.php\/wp-json\/wp\/v2\/posts"}],"about":[{"href":"https:\/\/diariotextual.com\/inicio\/index.php\/wp-json\/wp\/v2\/types\/post"}],"author":[{"embeddable":true,"href":"https:\/\/diariotextual.com\/inicio\/index.php\/wp-json\/wp\/v2\/users\/3"}],"replies":[{"embeddable":true,"href":"https:\/\/diariotextual.com\/inicio\/index.php\/wp-json\/wp\/v2\/comments?post=58429"}],"version-history":[{"count":7,"href":"https:\/\/diariotextual.com\/inicio\/index.php\/wp-json\/wp\/v2\/posts\/58429\/revisions"}],"predecessor-version":[{"id":58477,"href":"https:\/\/diariotextual.com\/inicio\/index.php\/wp-json\/wp\/v2\/posts\/58429\/revisions\/58477"}],"wp:featuredmedia":[{"embeddable":true,"href":"https:\/\/diariotextual.com\/inicio\/index.php\/wp-json\/wp\/v2\/media\/58430"}],"wp:attachment":[{"href":"https:\/\/diariotextual.com\/inicio\/index.php\/wp-json\/wp\/v2\/media?parent=58429"}],"wp:term":[{"taxonomy":"category","embeddable":true,"href":"https:\/\/diariotextual.com\/inicio\/index.php\/wp-json\/wp\/v2\/categories?post=58429"},{"taxonomy":"post_tag","embeddable":true,"href":"https:\/\/diariotextual.com\/inicio\/index.php\/wp-json\/wp\/v2\/tags?post=58429"}],"curies":[{"name":"wp","href":"https:\/\/api.w.org\/{rel}","templated":true}]}}