{"id":58446,"date":"2019-08-07T11:27:01","date_gmt":"2019-08-07T14:27:01","guid":{"rendered":"http:\/\/diariotextual.com\/inicio\/?p=58446"},"modified":"2019-08-07T19:48:41","modified_gmt":"2019-08-07T22:48:41","slug":"volvieron-colocar-una-estrella-amarilla-recuerdo-damian-rodriguez","status":"publish","type":"post","link":"https:\/\/diariotextual.com\/inicio\/index.php\/2019\/08\/07\/volvieron-colocar-una-estrella-amarilla-recuerdo-damian-rodriguez\/","title":{"rendered":"Volvieron a colocar una estrella amarilla en recuerdo a Dami\u00e1n Rodr\u00edguez"},"content":{"rendered":"<p>Restituyeron este mi\u00e9rcoles a la ma\u00f1ana la <strong>estrella amarilla<\/strong> que recuerda a <strong>Dami\u00e1n Rodr\u00edguez<\/strong>, el joven que falleci\u00f3 en 2004 en un siniestro vial en la avenida Per\u00f3n, en Santa Rosa.\u00a0<strong> Hoy cumplir\u00eda 35 a\u00f1os de edad<\/strong>.<\/p>\n<p><img fetchpriority=\"high\" decoding=\"async\" class=\"alignnone wp-image-58467 size-large\" src=\"http:\/\/diariotextual.com\/inicio\/wp-content\/uploads\/2019\/08\/estrellasamarillasdamianrodriguez2019-1-1024x652.jpg\" alt=\"\" width=\"1024\" height=\"652\" srcset=\"https:\/\/diariotextual.com\/inicio\/wp-content\/uploads\/2019\/08\/estrellasamarillasdamianrodriguez2019-1-1024x652.jpg 1024w, https:\/\/diariotextual.com\/inicio\/wp-content\/uploads\/2019\/08\/estrellasamarillasdamianrodriguez2019-1-300x191.jpg 300w, https:\/\/diariotextual.com\/inicio\/wp-content\/uploads\/2019\/08\/estrellasamarillasdamianrodriguez2019-1-768x489.jpg 768w, https:\/\/diariotextual.com\/inicio\/wp-content\/uploads\/2019\/08\/estrellasamarillasdamianrodriguez2019-1-1170x745.jpg 1170w, https:\/\/diariotextual.com\/inicio\/wp-content\/uploads\/2019\/08\/estrellasamarillasdamianrodriguez2019-1-585x372.jpg 585w, https:\/\/diariotextual.com\/inicio\/wp-content\/uploads\/2019\/08\/estrellasamarillasdamianrodriguez2019-1.jpg 1200w\" sizes=\"(max-width: 1024px) 100vw, 1024px\" \/><\/p>\n<p>La se\u00f1al hab\u00eda sido destruida hace unos dos a\u00f1os. Este mi\u00e9rcoles, en un acto encabezado por dirigentes de la Fundaci\u00f3n Estrellas Amarillas y familiares, se volvi\u00f3 a colocar el s\u00edmbolo que recuerda el siniestro.<\/p>\n<p><strong>Susana S\u00e1nchez es la madre de Dami\u00e1n<\/strong> y, junto a<strong> Silvia Gonz\u00e1lez<\/strong>, una de las <strong>fundadoras de Estrellas Amarillas<\/strong>. Record\u00f3 a Diario Textual que este siniestro gener\u00f3 un gran impacto en la sociedad pampeana.\u00a0Por el siniestro, la Justicia conden\u00f3 a 3 a\u00f1os de prisi\u00f3n y 10 de inhabilitaci\u00f3n para conducir a Juan Pablo Tripputi, amigo del joven e hijo del actual camarista del Tribunal Oral Federal, Jos\u00e9 Mario Triputti. \u00abDami\u00e1n ten\u00eda solo 19 a\u00f1os. Lo que ocurri\u00f3 con el caso es que, desde entrada, el comportamiento de la familia del conductor fue muy artero: el control de alcoholemia, por ejemplo, desapareci\u00f3 m\u00e1gicamente del Hospital Molas\u00bb, dijo Susana.<\/p>\n<p>Seg\u00fan establecieron los jueces en su momento, el siniestro se produjo porque Tripputi ingres\u00f3 a la rotonda a m\u00e1s de 100 km\/h cuando la velocidad m\u00e1xima permitida era de 70 km\/h; porque efectu\u00f3 un \u00abvolantazo\u00bb a la derecha en ese sector; y porque ten\u00eda un estado de \u00abebriedad leve a moderado\u00bb. Tripputi neg\u00f3 haber estado alcoholizado, aunque los jueces no le creyeron.<\/p>\n<p>\u201cA partir de la fundaci\u00f3n de Estrellas, humildemente hemos tratado de crear conciencia en la sociedad\u201d, dijo Susana S\u00e1nchez. \u201cHacer carne de que cada vez que uno se sube a un auto, est\u00e1 manejando un arma y que cada uno debe ser consciente de los riesgos que eso implica\u201d, sostuvo.<\/p>\n<blockquote class=\"wp-embedded-content\" data-secret=\"yglOgQgIbs\"><p><a href=\"http:\/\/diariotextual.com\/inicio\/index.php\/2019\/08\/07\/muerte-la-peron-conductor-dio-positivo-alcohol-droga-fue-acusado-homicidio-culposo\/\">Muerte en la Per\u00f3n: conductor dio positivo en alcohol y droga y fue acusado de homicidio culposo<\/a><\/p><\/blockquote>\n<p><iframe class=\"wp-embedded-content\" sandbox=\"allow-scripts\" security=\"restricted\" style=\"position: absolute; clip: rect(1px, 1px, 1px, 1px);\" src=\"http:\/\/diariotextual.com\/inicio\/index.php\/2019\/08\/07\/muerte-la-peron-conductor-dio-positivo-alcohol-droga-fue-acusado-homicidio-culposo\/embed\/#?secret=yglOgQgIbs\" data-secret=\"yglOgQgIbs\" width=\"600\" height=\"338\" title=\"&#171;Muerte en la Per\u00f3n: conductor dio positivo en alcohol y droga y fue acusado de homicidio culposo&#187; &#8212; Diario Textual\" frameborder=\"0\" marginwidth=\"0\" marginheight=\"0\" scrolling=\"no\"><\/iframe><\/p>\n<p>&nbsp;<\/p>\n<p>&nbsp;<\/p>\n<p>&nbsp;<\/p>\n","protected":false},"excerpt":{"rendered":"<p>Restituyeron este mi\u00e9rcoles a la ma\u00f1ana la estrella amarilla que recuerda a Dami\u00e1n Rodr\u00edguez, el joven que falleci\u00f3 en 2004 en un siniestro vial en la avenida Per\u00f3n, en Santa&hellip;<\/p>\n","protected":false},"author":3,"featured_media":58468,"comment_status":"closed","ping_status":"open","sticky":false,"template":"","format":"standard","meta":{"_acf_changed":false,"footnotes":""},"categories":[319,12],"tags":[1819],"class_list":["post-58446","post","type-post","status-publish","format-standard","has-post-thumbnail","hentry","category-a-temporales","category-sociedad","tag-estrellas"],"acf":[],"yoast_head":"<!-- This site is optimized with the Yoast SEO plugin v27.5 - https:\/\/yoast.com\/product\/yoast-seo-wordpress\/ -->\n<title>Volvieron a colocar una estrella amarilla en recuerdo a Dami\u00e1n Rodr\u00edguez - Diario Textual<\/title>\n<meta name=\"robots\" content=\"index, follow, max-snippet:-1, max-image-preview:large, max-video-preview:-1\" \/>\n<link rel=\"canonical\" href=\"https:\/\/diariotextual.com\/inicio\/index.php\/2019\/08\/07\/volvieron-colocar-una-estrella-amarilla-recuerdo-damian-rodriguez\/\" \/>\n<meta property=\"og:locale\" content=\"es_ES\" \/>\n<meta property=\"og:type\" content=\"article\" \/>\n<meta property=\"og:title\" content=\"Volvieron a colocar una estrella amarilla en recuerdo a Dami\u00e1n Rodr\u00edguez - Diario Textual\" \/>\n<meta property=\"og:description\" content=\"Restituyeron este mi\u00e9rcoles a la ma\u00f1ana la estrella amarilla que recuerda a Dami\u00e1n Rodr\u00edguez, el joven que falleci\u00f3 en 2004 en un siniestro vial en la avenida Per\u00f3n, en Santa&hellip;\" \/>\n<meta property=\"og:url\" content=\"https:\/\/diariotextual.com\/inicio\/index.php\/2019\/08\/07\/volvieron-colocar-una-estrella-amarilla-recuerdo-damian-rodriguez\/\" \/>\n<meta property=\"og:site_name\" content=\"Diario Textual\" \/>\n<meta property=\"article:publisher\" content=\"https:\/\/www.facebook.com\/eltextual\" \/>\n<meta property=\"article:published_time\" content=\"2019-08-07T14:27:01+00:00\" \/>\n<meta property=\"article:modified_time\" content=\"2019-08-07T22:48:41+00:00\" \/>\n<meta property=\"og:image\" content=\"https:\/\/diariotextual.com\/inicio\/wp-content\/uploads\/2019\/08\/estrellasamarillasdamianrodriguez2019-2.jpg\" \/>\n\t<meta property=\"og:image:width\" content=\"1200\" \/>\n\t<meta property=\"og:image:height\" content=\"737\" \/>\n\t<meta property=\"og:image:type\" content=\"image\/jpeg\" \/>\n<meta name=\"author\" content=\"Diario1 Diario1\" \/>\n<meta name=\"twitter:card\" content=\"summary_large_image\" \/>\n<meta name=\"twitter:creator\" content=\"@eltextual\" \/>\n<meta name=\"twitter:site\" content=\"@eltextual\" \/>\n<meta name=\"twitter:label1\" content=\"Escrito por\" \/>\n\t<meta name=\"twitter:data1\" content=\"Diario1 Diario1\" \/>\n\t<meta name=\"twitter:label2\" content=\"Tiempo de lectura\" \/>\n\t<meta name=\"twitter:data2\" content=\"2 minutos\" \/>\n<script type=\"application\/ld+json\" class=\"yoast-schema-graph\">{\"@context\":\"https:\\\/\\\/schema.org\",\"@graph\":[{\"@type\":\"Article\",\"@id\":\"https:\\\/\\\/diariotextual.com\\\/inicio\\\/index.php\\\/2019\\\/08\\\/07\\\/volvieron-colocar-una-estrella-amarilla-recuerdo-damian-rodriguez\\\/#article\",\"isPartOf\":{\"@id\":\"https:\\\/\\\/diariotextual.com\\\/inicio\\\/index.php\\\/2019\\\/08\\\/07\\\/volvieron-colocar-una-estrella-amarilla-recuerdo-damian-rodriguez\\\/\"},\"author\":{\"name\":\"Diario1 Diario1\",\"@id\":\"https:\\\/\\\/diariotextual.com\\\/inicio\\\/#\\\/schema\\\/person\\\/418fc4093c33e86ed41562db3508f958\"},\"headline\":\"Volvieron a colocar una estrella amarilla en recuerdo a Dami\u00e1n Rodr\u00edguez\",\"datePublished\":\"2019-08-07T14:27:01+00:00\",\"dateModified\":\"2019-08-07T22:48:41+00:00\",\"mainEntityOfPage\":{\"@id\":\"https:\\\/\\\/diariotextual.com\\\/inicio\\\/index.php\\\/2019\\\/08\\\/07\\\/volvieron-colocar-una-estrella-amarilla-recuerdo-damian-rodriguez\\\/\"},\"wordCount\":338,\"publisher\":{\"@id\":\"https:\\\/\\\/diariotextual.com\\\/inicio\\\/#organization\"},\"image\":{\"@id\":\"https:\\\/\\\/diariotextual.com\\\/inicio\\\/index.php\\\/2019\\\/08\\\/07\\\/volvieron-colocar-una-estrella-amarilla-recuerdo-damian-rodriguez\\\/#primaryimage\"},\"thumbnailUrl\":\"https:\\\/\\\/diariotextual.com\\\/inicio\\\/wp-content\\\/uploads\\\/2019\\\/08\\\/estrellasamarillasdamianrodriguez2019-2.jpg\",\"keywords\":[\"estrellas\"],\"articleSection\":[\"A - TEMPORALES\",\"SOCIEDAD\"],\"inLanguage\":\"es\"},{\"@type\":\"WebPage\",\"@id\":\"https:\\\/\\\/diariotextual.com\\\/inicio\\\/index.php\\\/2019\\\/08\\\/07\\\/volvieron-colocar-una-estrella-amarilla-recuerdo-damian-rodriguez\\\/\",\"url\":\"https:\\\/\\\/diariotextual.com\\\/inicio\\\/index.php\\\/2019\\\/08\\\/07\\\/volvieron-colocar-una-estrella-amarilla-recuerdo-damian-rodriguez\\\/\",\"name\":\"Volvieron a colocar una estrella amarilla en recuerdo a Dami\u00e1n Rodr\u00edguez - Diario Textual\",\"isPartOf\":{\"@id\":\"https:\\\/\\\/diariotextual.com\\\/inicio\\\/#website\"},\"primaryImageOfPage\":{\"@id\":\"https:\\\/\\\/diariotextual.com\\\/inicio\\\/index.php\\\/2019\\\/08\\\/07\\\/volvieron-colocar-una-estrella-amarilla-recuerdo-damian-rodriguez\\\/#primaryimage\"},\"image\":{\"@id\":\"https:\\\/\\\/diariotextual.com\\\/inicio\\\/index.php\\\/2019\\\/08\\\/07\\\/volvieron-colocar-una-estrella-amarilla-recuerdo-damian-rodriguez\\\/#primaryimage\"},\"thumbnailUrl\":\"https:\\\/\\\/diariotextual.com\\\/inicio\\\/wp-content\\\/uploads\\\/2019\\\/08\\\/estrellasamarillasdamianrodriguez2019-2.jpg\",\"datePublished\":\"2019-08-07T14:27:01+00:00\",\"dateModified\":\"2019-08-07T22:48:41+00:00\",\"breadcrumb\":{\"@id\":\"https:\\\/\\\/diariotextual.com\\\/inicio\\\/index.php\\\/2019\\\/08\\\/07\\\/volvieron-colocar-una-estrella-amarilla-recuerdo-damian-rodriguez\\\/#breadcrumb\"},\"inLanguage\":\"es\",\"potentialAction\":[{\"@type\":\"ReadAction\",\"target\":[\"https:\\\/\\\/diariotextual.com\\\/inicio\\\/index.php\\\/2019\\\/08\\\/07\\\/volvieron-colocar-una-estrella-amarilla-recuerdo-damian-rodriguez\\\/\"]}]},{\"@type\":\"ImageObject\",\"inLanguage\":\"es\",\"@id\":\"https:\\\/\\\/diariotextual.com\\\/inicio\\\/index.php\\\/2019\\\/08\\\/07\\\/volvieron-colocar-una-estrella-amarilla-recuerdo-damian-rodriguez\\\/#primaryimage\",\"url\":\"https:\\\/\\\/diariotextual.com\\\/inicio\\\/wp-content\\\/uploads\\\/2019\\\/08\\\/estrellasamarillasdamianrodriguez2019-2.jpg\",\"contentUrl\":\"https:\\\/\\\/diariotextual.com\\\/inicio\\\/wp-content\\\/uploads\\\/2019\\\/08\\\/estrellasamarillasdamianrodriguez2019-2.jpg\",\"width\":1200,\"height\":737},{\"@type\":\"BreadcrumbList\",\"@id\":\"https:\\\/\\\/diariotextual.com\\\/inicio\\\/index.php\\\/2019\\\/08\\\/07\\\/volvieron-colocar-una-estrella-amarilla-recuerdo-damian-rodriguez\\\/#breadcrumb\",\"itemListElement\":[{\"@type\":\"ListItem\",\"position\":1,\"name\":\"Portada\",\"item\":\"https:\\\/\\\/diariotextual.com\\\/inicio\\\/\"},{\"@type\":\"ListItem\",\"position\":2,\"name\":\"Volvieron a colocar una estrella amarilla en recuerdo a Dami\u00e1n Rodr\u00edguez\"}]},{\"@type\":\"WebSite\",\"@id\":\"https:\\\/\\\/diariotextual.com\\\/inicio\\\/#website\",\"url\":\"https:\\\/\\\/diariotextual.com\\\/inicio\\\/\",\"name\":\"Diario Textual\",\"description\":\"\",\"publisher\":{\"@id\":\"https:\\\/\\\/diariotextual.com\\\/inicio\\\/#organization\"},\"potentialAction\":[{\"@type\":\"SearchAction\",\"target\":{\"@type\":\"EntryPoint\",\"urlTemplate\":\"https:\\\/\\\/diariotextual.com\\\/inicio\\\/?s={search_term_string}\"},\"query-input\":{\"@type\":\"PropertyValueSpecification\",\"valueRequired\":true,\"valueName\":\"search_term_string\"}}],\"inLanguage\":\"es\"},{\"@type\":\"Organization\",\"@id\":\"https:\\\/\\\/diariotextual.com\\\/inicio\\\/#organization\",\"name\":\"Diario Textual\",\"url\":\"https:\\\/\\\/diariotextual.com\\\/inicio\\\/\",\"logo\":{\"@type\":\"ImageObject\",\"inLanguage\":\"es\",\"@id\":\"https:\\\/\\\/diariotextual.com\\\/inicio\\\/#\\\/schema\\\/logo\\\/image\\\/\",\"url\":\"https:\\\/\\\/diariotextual.com\\\/inicio\\\/wp-content\\\/uploads\\\/2023\\\/05\\\/logotextual1.jpg\",\"contentUrl\":\"https:\\\/\\\/diariotextual.com\\\/inicio\\\/wp-content\\\/uploads\\\/2023\\\/05\\\/logotextual1.jpg\",\"width\":516,\"height\":76,\"caption\":\"Diario Textual\"},\"image\":{\"@id\":\"https:\\\/\\\/diariotextual.com\\\/inicio\\\/#\\\/schema\\\/logo\\\/image\\\/\"},\"sameAs\":[\"https:\\\/\\\/www.facebook.com\\\/eltextual\",\"https:\\\/\\\/x.com\\\/eltextual\",\"http:\\\/\\\/www.instagram.com\\\/eltextual\"]},{\"@type\":\"Person\",\"@id\":\"https:\\\/\\\/diariotextual.com\\\/inicio\\\/#\\\/schema\\\/person\\\/418fc4093c33e86ed41562db3508f958\",\"name\":\"Diario1 Diario1\",\"image\":{\"@type\":\"ImageObject\",\"inLanguage\":\"es\",\"@id\":\"https:\\\/\\\/secure.gravatar.com\\\/avatar\\\/9167d280179c85bc18be67aa7eda765854300033af4896dd779b608640f2ef7a?s=96&d=mm&r=g\",\"url\":\"https:\\\/\\\/secure.gravatar.com\\\/avatar\\\/9167d280179c85bc18be67aa7eda765854300033af4896dd779b608640f2ef7a?s=96&d=mm&r=g\",\"contentUrl\":\"https:\\\/\\\/secure.gravatar.com\\\/avatar\\\/9167d280179c85bc18be67aa7eda765854300033af4896dd779b608640f2ef7a?s=96&d=mm&r=g\",\"caption\":\"Diario1 Diario1\"},\"url\":\"https:\\\/\\\/diariotextual.com\\\/inicio\\\/index.php\\\/author\\\/diario1\\\/\"}]}<\/script>\n<!-- \/ Yoast SEO plugin. -->","yoast_head_json":{"title":"Volvieron a colocar una estrella amarilla en recuerdo a Dami\u00e1n Rodr\u00edguez - Diario Textual","robots":{"index":"index","follow":"follow","max-snippet":"max-snippet:-1","max-image-preview":"max-image-preview:large","max-video-preview":"max-video-preview:-1"},"canonical":"https:\/\/diariotextual.com\/inicio\/index.php\/2019\/08\/07\/volvieron-colocar-una-estrella-amarilla-recuerdo-damian-rodriguez\/","og_locale":"es_ES","og_type":"article","og_title":"Volvieron a colocar una estrella amarilla en recuerdo a Dami\u00e1n Rodr\u00edguez - Diario Textual","og_description":"Restituyeron este mi\u00e9rcoles a la ma\u00f1ana la estrella amarilla que recuerda a Dami\u00e1n Rodr\u00edguez, el joven que falleci\u00f3 en 2004 en un siniestro vial en la avenida Per\u00f3n, en Santa&hellip;","og_url":"https:\/\/diariotextual.com\/inicio\/index.php\/2019\/08\/07\/volvieron-colocar-una-estrella-amarilla-recuerdo-damian-rodriguez\/","og_site_name":"Diario Textual","article_publisher":"https:\/\/www.facebook.com\/eltextual","article_published_time":"2019-08-07T14:27:01+00:00","article_modified_time":"2019-08-07T22:48:41+00:00","og_image":[{"width":1200,"height":737,"url":"https:\/\/diariotextual.com\/inicio\/wp-content\/uploads\/2019\/08\/estrellasamarillasdamianrodriguez2019-2.jpg","type":"image\/jpeg"}],"author":"Diario1 Diario1","twitter_card":"summary_large_image","twitter_creator":"@eltextual","twitter_site":"@eltextual","twitter_misc":{"Escrito por":"Diario1 Diario1","Tiempo de lectura":"2 minutos"},"schema":{"@context":"https:\/\/schema.org","@graph":[{"@type":"Article","@id":"https:\/\/diariotextual.com\/inicio\/index.php\/2019\/08\/07\/volvieron-colocar-una-estrella-amarilla-recuerdo-damian-rodriguez\/#article","isPartOf":{"@id":"https:\/\/diariotextual.com\/inicio\/index.php\/2019\/08\/07\/volvieron-colocar-una-estrella-amarilla-recuerdo-damian-rodriguez\/"},"author":{"name":"Diario1 Diario1","@id":"https:\/\/diariotextual.com\/inicio\/#\/schema\/person\/418fc4093c33e86ed41562db3508f958"},"headline":"Volvieron a colocar una estrella amarilla en recuerdo a Dami\u00e1n Rodr\u00edguez","datePublished":"2019-08-07T14:27:01+00:00","dateModified":"2019-08-07T22:48:41+00:00","mainEntityOfPage":{"@id":"https:\/\/diariotextual.com\/inicio\/index.php\/2019\/08\/07\/volvieron-colocar-una-estrella-amarilla-recuerdo-damian-rodriguez\/"},"wordCount":338,"publisher":{"@id":"https:\/\/diariotextual.com\/inicio\/#organization"},"image":{"@id":"https:\/\/diariotextual.com\/inicio\/index.php\/2019\/08\/07\/volvieron-colocar-una-estrella-amarilla-recuerdo-damian-rodriguez\/#primaryimage"},"thumbnailUrl":"https:\/\/diariotextual.com\/inicio\/wp-content\/uploads\/2019\/08\/estrellasamarillasdamianrodriguez2019-2.jpg","keywords":["estrellas"],"articleSection":["A - TEMPORALES","SOCIEDAD"],"inLanguage":"es"},{"@type":"WebPage","@id":"https:\/\/diariotextual.com\/inicio\/index.php\/2019\/08\/07\/volvieron-colocar-una-estrella-amarilla-recuerdo-damian-rodriguez\/","url":"https:\/\/diariotextual.com\/inicio\/index.php\/2019\/08\/07\/volvieron-colocar-una-estrella-amarilla-recuerdo-damian-rodriguez\/","name":"Volvieron a colocar una estrella amarilla en recuerdo a Dami\u00e1n Rodr\u00edguez - Diario Textual","isPartOf":{"@id":"https:\/\/diariotextual.com\/inicio\/#website"},"primaryImageOfPage":{"@id":"https:\/\/diariotextual.com\/inicio\/index.php\/2019\/08\/07\/volvieron-colocar-una-estrella-amarilla-recuerdo-damian-rodriguez\/#primaryimage"},"image":{"@id":"https:\/\/diariotextual.com\/inicio\/index.php\/2019\/08\/07\/volvieron-colocar-una-estrella-amarilla-recuerdo-damian-rodriguez\/#primaryimage"},"thumbnailUrl":"https:\/\/diariotextual.com\/inicio\/wp-content\/uploads\/2019\/08\/estrellasamarillasdamianrodriguez2019-2.jpg","datePublished":"2019-08-07T14:27:01+00:00","dateModified":"2019-08-07T22:48:41+00:00","breadcrumb":{"@id":"https:\/\/diariotextual.com\/inicio\/index.php\/2019\/08\/07\/volvieron-colocar-una-estrella-amarilla-recuerdo-damian-rodriguez\/#breadcrumb"},"inLanguage":"es","potentialAction":[{"@type":"ReadAction","target":["https:\/\/diariotextual.com\/inicio\/index.php\/2019\/08\/07\/volvieron-colocar-una-estrella-amarilla-recuerdo-damian-rodriguez\/"]}]},{"@type":"ImageObject","inLanguage":"es","@id":"https:\/\/diariotextual.com\/inicio\/index.php\/2019\/08\/07\/volvieron-colocar-una-estrella-amarilla-recuerdo-damian-rodriguez\/#primaryimage","url":"https:\/\/diariotextual.com\/inicio\/wp-content\/uploads\/2019\/08\/estrellasamarillasdamianrodriguez2019-2.jpg","contentUrl":"https:\/\/diariotextual.com\/inicio\/wp-content\/uploads\/2019\/08\/estrellasamarillasdamianrodriguez2019-2.jpg","width":1200,"height":737},{"@type":"BreadcrumbList","@id":"https:\/\/diariotextual.com\/inicio\/index.php\/2019\/08\/07\/volvieron-colocar-una-estrella-amarilla-recuerdo-damian-rodriguez\/#breadcrumb","itemListElement":[{"@type":"ListItem","position":1,"name":"Portada","item":"https:\/\/diariotextual.com\/inicio\/"},{"@type":"ListItem","position":2,"name":"Volvieron a colocar una estrella amarilla en recuerdo a Dami\u00e1n Rodr\u00edguez"}]},{"@type":"WebSite","@id":"https:\/\/diariotextual.com\/inicio\/#website","url":"https:\/\/diariotextual.com\/inicio\/","name":"Diario Textual","description":"","publisher":{"@id":"https:\/\/diariotextual.com\/inicio\/#organization"},"potentialAction":[{"@type":"SearchAction","target":{"@type":"EntryPoint","urlTemplate":"https:\/\/diariotextual.com\/inicio\/?s={search_term_string}"},"query-input":{"@type":"PropertyValueSpecification","valueRequired":true,"valueName":"search_term_string"}}],"inLanguage":"es"},{"@type":"Organization","@id":"https:\/\/diariotextual.com\/inicio\/#organization","name":"Diario Textual","url":"https:\/\/diariotextual.com\/inicio\/","logo":{"@type":"ImageObject","inLanguage":"es","@id":"https:\/\/diariotextual.com\/inicio\/#\/schema\/logo\/image\/","url":"https:\/\/diariotextual.com\/inicio\/wp-content\/uploads\/2023\/05\/logotextual1.jpg","contentUrl":"https:\/\/diariotextual.com\/inicio\/wp-content\/uploads\/2023\/05\/logotextual1.jpg","width":516,"height":76,"caption":"Diario Textual"},"image":{"@id":"https:\/\/diariotextual.com\/inicio\/#\/schema\/logo\/image\/"},"sameAs":["https:\/\/www.facebook.com\/eltextual","https:\/\/x.com\/eltextual","http:\/\/www.instagram.com\/eltextual"]},{"@type":"Person","@id":"https:\/\/diariotextual.com\/inicio\/#\/schema\/person\/418fc4093c33e86ed41562db3508f958","name":"Diario1 Diario1","image":{"@type":"ImageObject","inLanguage":"es","@id":"https:\/\/secure.gravatar.com\/avatar\/9167d280179c85bc18be67aa7eda765854300033af4896dd779b608640f2ef7a?s=96&d=mm&r=g","url":"https:\/\/secure.gravatar.com\/avatar\/9167d280179c85bc18be67aa7eda765854300033af4896dd779b608640f2ef7a?s=96&d=mm&r=g","contentUrl":"https:\/\/secure.gravatar.com\/avatar\/9167d280179c85bc18be67aa7eda765854300033af4896dd779b608640f2ef7a?s=96&d=mm&r=g","caption":"Diario1 Diario1"},"url":"https:\/\/diariotextual.com\/inicio\/index.php\/author\/diario1\/"}]}},"_links":{"self":[{"href":"https:\/\/diariotextual.com\/inicio\/index.php\/wp-json\/wp\/v2\/posts\/58446","targetHints":{"allow":["GET"]}}],"collection":[{"href":"https:\/\/diariotextual.com\/inicio\/index.php\/wp-json\/wp\/v2\/posts"}],"about":[{"href":"https:\/\/diariotextual.com\/inicio\/index.php\/wp-json\/wp\/v2\/types\/post"}],"author":[{"embeddable":true,"href":"https:\/\/diariotextual.com\/inicio\/index.php\/wp-json\/wp\/v2\/users\/3"}],"replies":[{"embeddable":true,"href":"https:\/\/diariotextual.com\/inicio\/index.php\/wp-json\/wp\/v2\/comments?post=58446"}],"version-history":[{"count":10,"href":"https:\/\/diariotextual.com\/inicio\/index.php\/wp-json\/wp\/v2\/posts\/58446\/revisions"}],"predecessor-version":[{"id":58504,"href":"https:\/\/diariotextual.com\/inicio\/index.php\/wp-json\/wp\/v2\/posts\/58446\/revisions\/58504"}],"wp:featuredmedia":[{"embeddable":true,"href":"https:\/\/diariotextual.com\/inicio\/index.php\/wp-json\/wp\/v2\/media\/58468"}],"wp:attachment":[{"href":"https:\/\/diariotextual.com\/inicio\/index.php\/wp-json\/wp\/v2\/media?parent=58446"}],"wp:term":[{"taxonomy":"category","embeddable":true,"href":"https:\/\/diariotextual.com\/inicio\/index.php\/wp-json\/wp\/v2\/categories?post=58446"},{"taxonomy":"post_tag","embeddable":true,"href":"https:\/\/diariotextual.com\/inicio\/index.php\/wp-json\/wp\/v2\/tags?post=58446"}],"curies":[{"name":"wp","href":"https:\/\/api.w.org\/{rel}","templated":true}]}}