{"id":58518,"date":"2019-08-07T16:19:27","date_gmt":"2019-08-07T19:19:27","guid":{"rendered":"http:\/\/diariotextual.com\/inicio\/?p=58518"},"modified":"2019-08-08T07:45:07","modified_gmt":"2019-08-08T10:45:07","slug":"rosario-verna-ziliotto-firmaron-acta-compromiso-alberto-fernandez","status":"publish","type":"post","link":"https:\/\/diariotextual.com\/inicio\/index.php\/2019\/08\/07\/rosario-verna-ziliotto-firmaron-acta-compromiso-alberto-fernandez\/","title":{"rendered":"Alberto firm\u00f3 con Ziliotto un acuerdo por casas, rutas, deudas y el acueducto"},"content":{"rendered":"<p><strong>Alberto Fern\u00e1ndez<\/strong> hizo este mi\u00e9rcoles, en Rosario, una serie de seis promesas a La Pampa en caso de llegar a la Presidencia. Firm\u00f3 con\u00a0el mandatario electo<strong> Sergio Ziliotto<\/strong> un <strong>acta compromiso<\/strong> que incluye la construcci\u00f3n de viviendas sociales, la revisi\u00f3n de las deudas provisional y de coparticipaci\u00f3n, la construcci\u00f3n del Acueducto del R\u00edo Colorado Norte,\u00a0 avanzar en las obras de reparaci\u00f3n de las rutas nacionales 152, 151 y 35 y\u00a0ejecutar obras de saneamiento urbano en la ciudad de Santa Rosa para paliar la emergencia sanitaria. En el acto se dio un fuerte abrazo con el gobernador saliente <strong>Carlos Verna<\/strong>.<\/p>\n<p>Alberto Fern\u00e1ndez cerr\u00f3 este mi\u00e9rcoles su campa\u00f1a para las primarias de las elecciones en el Monumento a la Bandera, en Rosario. \u00abEntre todos vamos a hacer una gran Argentina\u00bb, dijo.<\/p>\n<p>El acta destaca seis puntos de acciones a realizar durante la gesti\u00f3n de Ziliotto a partir del 10 de diciembre de este a\u00f1o.<\/p>\n<p>En<strong> primer orden<\/strong>, se indica \u00abRevisar el pago de deuda por retenci\u00f3n de los recursos coparticipables\u201d. Es una deuda que hoy est\u00e1 en alrededor de 5 mil millones de pesos.<\/p>\n<p>En <strong>segundo orden<\/strong>, Alberto se compromete a\u00a0\u201cRevisar la deuda previsional de los a\u00f1os 2009 y 20014\u201d. Se agot\u00f3 la v\u00eda administrativa y hoy se encuentra en etapa judicial.<\/p>\n<p>En <strong>tercer orden,\u00a0<\/strong>se impulsar\u00e1 \u00abla construcci\u00f3n de viviendas sociales\u201d. Hay una determinada demanda insatisfecha, como lo muestra el padr\u00f3n para acceder a este tipo de viviendas \u2013 a febrero de este a\u00f1o- de 10.672 inscriptos.<\/p>\n<p>En <strong>cuarto orden <\/strong>se compromete a\u00a0\u201cAvanzar en las obras de reparaci\u00f3n de las Rutas Nacionales 152, 151 y 35\u201d.<\/p>\n<p>En <strong>quinto orden<\/strong> se indica \u201cEjecutar obras de saneamiento urbano en la ciudad de Santa Rosa para paliar la Emergencia Sanitaria\u201d. Actualmente la ciudad capital ha sido declarada en Emergencia Sanitaria por Ley provincial N\u00b02915 \u2013 prorrogada por Ley N\u00b03032 \u2013 en virtud de la grav\u00edsima situaci\u00f3n que presenta la cuesti\u00f3n sanitaria. Se hace necesario avanzar con urgencia en obras para revertir esta situaci\u00f3n.<\/p>\n<p>En <strong>sexto orden<\/strong>, finalmente,\u00a0promete \u201cCooperar en la obra Acueducto del R\u00edo Colorado Tramo Santa Rosa \u2013 General Pico\u201d. La Pampa pretende avanzar con el segundo tramo de esta obra que dorar\u00e1\u00a0de agua potable a las localidades de Winifreda, Eduardo Castex, Monte Nievas, Pico y Metileo, todas ellas abastecidas actualmente con aguas subterraneas con excesivas concentraciones de fl\u00faor y ars\u00e9nico, y provenientes de acu\u00edferos de limitada capacidad para atender las demandas. El Estado nacional se comprometi\u00f3 a su financiamiento mediante Ley N\u00ba 24805 y la obra fue incluida en su presupuesto 2017, aunque nunca se concret\u00f3 su ejecuci\u00f3n.<\/p>\n<p><img fetchpriority=\"high\" decoding=\"async\" class=\"alignnone size-full wp-image-58527\" src=\"http:\/\/diariotextual.com\/inicio\/wp-content\/uploads\/2019\/08\/ziliottovernaalbertorosario9.jpg\" alt=\"\" width=\"817\" height=\"443\" srcset=\"https:\/\/diariotextual.com\/inicio\/wp-content\/uploads\/2019\/08\/ziliottovernaalbertorosario9.jpg 817w, https:\/\/diariotextual.com\/inicio\/wp-content\/uploads\/2019\/08\/ziliottovernaalbertorosario9-300x163.jpg 300w, https:\/\/diariotextual.com\/inicio\/wp-content\/uploads\/2019\/08\/ziliottovernaalbertorosario9-768x416.jpg 768w, https:\/\/diariotextual.com\/inicio\/wp-content\/uploads\/2019\/08\/ziliottovernaalbertorosario9-585x317.jpg 585w\" sizes=\"(max-width: 817px) 100vw, 817px\" \/><\/p>\n","protected":false},"excerpt":{"rendered":"<p>Alberto Fern\u00e1ndez hizo este mi\u00e9rcoles, en Rosario, una serie de seis promesas a La Pampa en caso de llegar a la Presidencia. Firm\u00f3 con\u00a0el mandatario electo Sergio Ziliotto un acta&hellip;<\/p>\n","protected":false},"author":4,"featured_media":58544,"comment_status":"closed","ping_status":"open","sticky":false,"template":"","format":"standard","meta":{"_acf_changed":false,"footnotes":""},"categories":[10,8],"tags":[],"class_list":["post-58518","post","type-post","status-publish","format-standard","has-post-thumbnail","hentry","category-portada-2","category-politica"],"acf":[],"yoast_head":"<!-- This site is optimized with the Yoast SEO plugin v27.5 - https:\/\/yoast.com\/product\/yoast-seo-wordpress\/ -->\n<title>Alberto firm\u00f3 con Ziliotto un acuerdo por casas, rutas, deudas y el acueducto - Diario Textual<\/title>\n<meta name=\"robots\" content=\"index, follow, max-snippet:-1, max-image-preview:large, max-video-preview:-1\" \/>\n<link rel=\"canonical\" href=\"https:\/\/diariotextual.com\/inicio\/index.php\/2019\/08\/07\/rosario-verna-ziliotto-firmaron-acta-compromiso-alberto-fernandez\/\" \/>\n<meta property=\"og:locale\" content=\"es_ES\" \/>\n<meta property=\"og:type\" content=\"article\" \/>\n<meta property=\"og:title\" content=\"Alberto firm\u00f3 con Ziliotto un acuerdo por casas, rutas, deudas y el acueducto - Diario Textual\" \/>\n<meta property=\"og:description\" content=\"Alberto Fern\u00e1ndez hizo este mi\u00e9rcoles, en Rosario, una serie de seis promesas a La Pampa en caso de llegar a la Presidencia. Firm\u00f3 con\u00a0el mandatario electo Sergio Ziliotto un acta&hellip;\" \/>\n<meta property=\"og:url\" content=\"https:\/\/diariotextual.com\/inicio\/index.php\/2019\/08\/07\/rosario-verna-ziliotto-firmaron-acta-compromiso-alberto-fernandez\/\" \/>\n<meta property=\"og:site_name\" content=\"Diario Textual\" \/>\n<meta property=\"article:publisher\" content=\"https:\/\/www.facebook.com\/eltextual\" \/>\n<meta property=\"article:published_time\" content=\"2019-08-07T19:19:27+00:00\" \/>\n<meta property=\"article:modified_time\" content=\"2019-08-08T10:45:07+00:00\" \/>\n<meta property=\"og:image\" content=\"https:\/\/diariotextual.com\/inicio\/wp-content\/uploads\/2019\/08\/verna-fernandez-ziliotto2019-1.jpg\" \/>\n\t<meta property=\"og:image:width\" content=\"1152\" \/>\n\t<meta property=\"og:image:height\" content=\"648\" \/>\n\t<meta property=\"og:image:type\" content=\"image\/jpeg\" \/>\n<meta name=\"author\" content=\"diario2\" \/>\n<meta name=\"twitter:card\" content=\"summary_large_image\" \/>\n<meta name=\"twitter:creator\" content=\"@eltextual\" \/>\n<meta name=\"twitter:site\" content=\"@eltextual\" \/>\n<meta name=\"twitter:label1\" content=\"Escrito por\" \/>\n\t<meta name=\"twitter:data1\" content=\"diario2\" \/>\n\t<meta name=\"twitter:label2\" content=\"Tiempo de lectura\" \/>\n\t<meta name=\"twitter:data2\" content=\"2 minutos\" \/>\n<script type=\"application\/ld+json\" class=\"yoast-schema-graph\">{\"@context\":\"https:\\\/\\\/schema.org\",\"@graph\":[{\"@type\":\"Article\",\"@id\":\"https:\\\/\\\/diariotextual.com\\\/inicio\\\/index.php\\\/2019\\\/08\\\/07\\\/rosario-verna-ziliotto-firmaron-acta-compromiso-alberto-fernandez\\\/#article\",\"isPartOf\":{\"@id\":\"https:\\\/\\\/diariotextual.com\\\/inicio\\\/index.php\\\/2019\\\/08\\\/07\\\/rosario-verna-ziliotto-firmaron-acta-compromiso-alberto-fernandez\\\/\"},\"author\":{\"name\":\"diario2\",\"@id\":\"https:\\\/\\\/diariotextual.com\\\/inicio\\\/#\\\/schema\\\/person\\\/694f60677f23c4a530867a98f22b3768\"},\"headline\":\"Alberto firm\u00f3 con Ziliotto un acuerdo por casas, rutas, deudas y el acueducto\",\"datePublished\":\"2019-08-07T19:19:27+00:00\",\"dateModified\":\"2019-08-08T10:45:07+00:00\",\"mainEntityOfPage\":{\"@id\":\"https:\\\/\\\/diariotextual.com\\\/inicio\\\/index.php\\\/2019\\\/08\\\/07\\\/rosario-verna-ziliotto-firmaron-acta-compromiso-alberto-fernandez\\\/\"},\"wordCount\":457,\"publisher\":{\"@id\":\"https:\\\/\\\/diariotextual.com\\\/inicio\\\/#organization\"},\"image\":{\"@id\":\"https:\\\/\\\/diariotextual.com\\\/inicio\\\/index.php\\\/2019\\\/08\\\/07\\\/rosario-verna-ziliotto-firmaron-acta-compromiso-alberto-fernandez\\\/#primaryimage\"},\"thumbnailUrl\":\"https:\\\/\\\/diariotextual.com\\\/inicio\\\/wp-content\\\/uploads\\\/2019\\\/08\\\/verna-fernandez-ziliotto2019-1.jpg\",\"articleSection\":[\"A - PORTADA2\",\"POLITICA\"],\"inLanguage\":\"es\"},{\"@type\":\"WebPage\",\"@id\":\"https:\\\/\\\/diariotextual.com\\\/inicio\\\/index.php\\\/2019\\\/08\\\/07\\\/rosario-verna-ziliotto-firmaron-acta-compromiso-alberto-fernandez\\\/\",\"url\":\"https:\\\/\\\/diariotextual.com\\\/inicio\\\/index.php\\\/2019\\\/08\\\/07\\\/rosario-verna-ziliotto-firmaron-acta-compromiso-alberto-fernandez\\\/\",\"name\":\"Alberto firm\u00f3 con Ziliotto un acuerdo por casas, rutas, deudas y el acueducto - Diario Textual\",\"isPartOf\":{\"@id\":\"https:\\\/\\\/diariotextual.com\\\/inicio\\\/#website\"},\"primaryImageOfPage\":{\"@id\":\"https:\\\/\\\/diariotextual.com\\\/inicio\\\/index.php\\\/2019\\\/08\\\/07\\\/rosario-verna-ziliotto-firmaron-acta-compromiso-alberto-fernandez\\\/#primaryimage\"},\"image\":{\"@id\":\"https:\\\/\\\/diariotextual.com\\\/inicio\\\/index.php\\\/2019\\\/08\\\/07\\\/rosario-verna-ziliotto-firmaron-acta-compromiso-alberto-fernandez\\\/#primaryimage\"},\"thumbnailUrl\":\"https:\\\/\\\/diariotextual.com\\\/inicio\\\/wp-content\\\/uploads\\\/2019\\\/08\\\/verna-fernandez-ziliotto2019-1.jpg\",\"datePublished\":\"2019-08-07T19:19:27+00:00\",\"dateModified\":\"2019-08-08T10:45:07+00:00\",\"breadcrumb\":{\"@id\":\"https:\\\/\\\/diariotextual.com\\\/inicio\\\/index.php\\\/2019\\\/08\\\/07\\\/rosario-verna-ziliotto-firmaron-acta-compromiso-alberto-fernandez\\\/#breadcrumb\"},\"inLanguage\":\"es\",\"potentialAction\":[{\"@type\":\"ReadAction\",\"target\":[\"https:\\\/\\\/diariotextual.com\\\/inicio\\\/index.php\\\/2019\\\/08\\\/07\\\/rosario-verna-ziliotto-firmaron-acta-compromiso-alberto-fernandez\\\/\"]}]},{\"@type\":\"ImageObject\",\"inLanguage\":\"es\",\"@id\":\"https:\\\/\\\/diariotextual.com\\\/inicio\\\/index.php\\\/2019\\\/08\\\/07\\\/rosario-verna-ziliotto-firmaron-acta-compromiso-alberto-fernandez\\\/#primaryimage\",\"url\":\"https:\\\/\\\/diariotextual.com\\\/inicio\\\/wp-content\\\/uploads\\\/2019\\\/08\\\/verna-fernandez-ziliotto2019-1.jpg\",\"contentUrl\":\"https:\\\/\\\/diariotextual.com\\\/inicio\\\/wp-content\\\/uploads\\\/2019\\\/08\\\/verna-fernandez-ziliotto2019-1.jpg\",\"width\":1152,\"height\":648},{\"@type\":\"BreadcrumbList\",\"@id\":\"https:\\\/\\\/diariotextual.com\\\/inicio\\\/index.php\\\/2019\\\/08\\\/07\\\/rosario-verna-ziliotto-firmaron-acta-compromiso-alberto-fernandez\\\/#breadcrumb\",\"itemListElement\":[{\"@type\":\"ListItem\",\"position\":1,\"name\":\"Portada\",\"item\":\"https:\\\/\\\/diariotextual.com\\\/inicio\\\/\"},{\"@type\":\"ListItem\",\"position\":2,\"name\":\"Alberto firm\u00f3 con Ziliotto un acuerdo por casas, rutas, deudas y el acueducto\"}]},{\"@type\":\"WebSite\",\"@id\":\"https:\\\/\\\/diariotextual.com\\\/inicio\\\/#website\",\"url\":\"https:\\\/\\\/diariotextual.com\\\/inicio\\\/\",\"name\":\"Diario Textual\",\"description\":\"\",\"publisher\":{\"@id\":\"https:\\\/\\\/diariotextual.com\\\/inicio\\\/#organization\"},\"potentialAction\":[{\"@type\":\"SearchAction\",\"target\":{\"@type\":\"EntryPoint\",\"urlTemplate\":\"https:\\\/\\\/diariotextual.com\\\/inicio\\\/?s={search_term_string}\"},\"query-input\":{\"@type\":\"PropertyValueSpecification\",\"valueRequired\":true,\"valueName\":\"search_term_string\"}}],\"inLanguage\":\"es\"},{\"@type\":\"Organization\",\"@id\":\"https:\\\/\\\/diariotextual.com\\\/inicio\\\/#organization\",\"name\":\"Diario Textual\",\"url\":\"https:\\\/\\\/diariotextual.com\\\/inicio\\\/\",\"logo\":{\"@type\":\"ImageObject\",\"inLanguage\":\"es\",\"@id\":\"https:\\\/\\\/diariotextual.com\\\/inicio\\\/#\\\/schema\\\/logo\\\/image\\\/\",\"url\":\"https:\\\/\\\/diariotextual.com\\\/inicio\\\/wp-content\\\/uploads\\\/2023\\\/05\\\/logotextual1.jpg\",\"contentUrl\":\"https:\\\/\\\/diariotextual.com\\\/inicio\\\/wp-content\\\/uploads\\\/2023\\\/05\\\/logotextual1.jpg\",\"width\":516,\"height\":76,\"caption\":\"Diario Textual\"},\"image\":{\"@id\":\"https:\\\/\\\/diariotextual.com\\\/inicio\\\/#\\\/schema\\\/logo\\\/image\\\/\"},\"sameAs\":[\"https:\\\/\\\/www.facebook.com\\\/eltextual\",\"https:\\\/\\\/x.com\\\/eltextual\",\"http:\\\/\\\/www.instagram.com\\\/eltextual\"]},{\"@type\":\"Person\",\"@id\":\"https:\\\/\\\/diariotextual.com\\\/inicio\\\/#\\\/schema\\\/person\\\/694f60677f23c4a530867a98f22b3768\",\"name\":\"diario2\",\"image\":{\"@type\":\"ImageObject\",\"inLanguage\":\"es\",\"@id\":\"https:\\\/\\\/secure.gravatar.com\\\/avatar\\\/5a2567495ba16b852fcd8f1ed006a2e24fcace936018ed8237e95f488ad6e0a7?s=96&d=mm&r=g\",\"url\":\"https:\\\/\\\/secure.gravatar.com\\\/avatar\\\/5a2567495ba16b852fcd8f1ed006a2e24fcace936018ed8237e95f488ad6e0a7?s=96&d=mm&r=g\",\"contentUrl\":\"https:\\\/\\\/secure.gravatar.com\\\/avatar\\\/5a2567495ba16b852fcd8f1ed006a2e24fcace936018ed8237e95f488ad6e0a7?s=96&d=mm&r=g\",\"caption\":\"diario2\"},\"url\":\"https:\\\/\\\/diariotextual.com\\\/inicio\\\/index.php\\\/author\\\/diario2\\\/\"}]}<\/script>\n<!-- \/ Yoast SEO plugin. -->","yoast_head_json":{"title":"Alberto firm\u00f3 con Ziliotto un acuerdo por casas, rutas, deudas y el acueducto - Diario Textual","robots":{"index":"index","follow":"follow","max-snippet":"max-snippet:-1","max-image-preview":"max-image-preview:large","max-video-preview":"max-video-preview:-1"},"canonical":"https:\/\/diariotextual.com\/inicio\/index.php\/2019\/08\/07\/rosario-verna-ziliotto-firmaron-acta-compromiso-alberto-fernandez\/","og_locale":"es_ES","og_type":"article","og_title":"Alberto firm\u00f3 con Ziliotto un acuerdo por casas, rutas, deudas y el acueducto - Diario Textual","og_description":"Alberto Fern\u00e1ndez hizo este mi\u00e9rcoles, en Rosario, una serie de seis promesas a La Pampa en caso de llegar a la Presidencia. Firm\u00f3 con\u00a0el mandatario electo Sergio Ziliotto un acta&hellip;","og_url":"https:\/\/diariotextual.com\/inicio\/index.php\/2019\/08\/07\/rosario-verna-ziliotto-firmaron-acta-compromiso-alberto-fernandez\/","og_site_name":"Diario Textual","article_publisher":"https:\/\/www.facebook.com\/eltextual","article_published_time":"2019-08-07T19:19:27+00:00","article_modified_time":"2019-08-08T10:45:07+00:00","og_image":[{"width":1152,"height":648,"url":"https:\/\/diariotextual.com\/inicio\/wp-content\/uploads\/2019\/08\/verna-fernandez-ziliotto2019-1.jpg","type":"image\/jpeg"}],"author":"diario2","twitter_card":"summary_large_image","twitter_creator":"@eltextual","twitter_site":"@eltextual","twitter_misc":{"Escrito por":"diario2","Tiempo de lectura":"2 minutos"},"schema":{"@context":"https:\/\/schema.org","@graph":[{"@type":"Article","@id":"https:\/\/diariotextual.com\/inicio\/index.php\/2019\/08\/07\/rosario-verna-ziliotto-firmaron-acta-compromiso-alberto-fernandez\/#article","isPartOf":{"@id":"https:\/\/diariotextual.com\/inicio\/index.php\/2019\/08\/07\/rosario-verna-ziliotto-firmaron-acta-compromiso-alberto-fernandez\/"},"author":{"name":"diario2","@id":"https:\/\/diariotextual.com\/inicio\/#\/schema\/person\/694f60677f23c4a530867a98f22b3768"},"headline":"Alberto firm\u00f3 con Ziliotto un acuerdo por casas, rutas, deudas y el acueducto","datePublished":"2019-08-07T19:19:27+00:00","dateModified":"2019-08-08T10:45:07+00:00","mainEntityOfPage":{"@id":"https:\/\/diariotextual.com\/inicio\/index.php\/2019\/08\/07\/rosario-verna-ziliotto-firmaron-acta-compromiso-alberto-fernandez\/"},"wordCount":457,"publisher":{"@id":"https:\/\/diariotextual.com\/inicio\/#organization"},"image":{"@id":"https:\/\/diariotextual.com\/inicio\/index.php\/2019\/08\/07\/rosario-verna-ziliotto-firmaron-acta-compromiso-alberto-fernandez\/#primaryimage"},"thumbnailUrl":"https:\/\/diariotextual.com\/inicio\/wp-content\/uploads\/2019\/08\/verna-fernandez-ziliotto2019-1.jpg","articleSection":["A - PORTADA2","POLITICA"],"inLanguage":"es"},{"@type":"WebPage","@id":"https:\/\/diariotextual.com\/inicio\/index.php\/2019\/08\/07\/rosario-verna-ziliotto-firmaron-acta-compromiso-alberto-fernandez\/","url":"https:\/\/diariotextual.com\/inicio\/index.php\/2019\/08\/07\/rosario-verna-ziliotto-firmaron-acta-compromiso-alberto-fernandez\/","name":"Alberto firm\u00f3 con Ziliotto un acuerdo por casas, rutas, deudas y el acueducto - Diario Textual","isPartOf":{"@id":"https:\/\/diariotextual.com\/inicio\/#website"},"primaryImageOfPage":{"@id":"https:\/\/diariotextual.com\/inicio\/index.php\/2019\/08\/07\/rosario-verna-ziliotto-firmaron-acta-compromiso-alberto-fernandez\/#primaryimage"},"image":{"@id":"https:\/\/diariotextual.com\/inicio\/index.php\/2019\/08\/07\/rosario-verna-ziliotto-firmaron-acta-compromiso-alberto-fernandez\/#primaryimage"},"thumbnailUrl":"https:\/\/diariotextual.com\/inicio\/wp-content\/uploads\/2019\/08\/verna-fernandez-ziliotto2019-1.jpg","datePublished":"2019-08-07T19:19:27+00:00","dateModified":"2019-08-08T10:45:07+00:00","breadcrumb":{"@id":"https:\/\/diariotextual.com\/inicio\/index.php\/2019\/08\/07\/rosario-verna-ziliotto-firmaron-acta-compromiso-alberto-fernandez\/#breadcrumb"},"inLanguage":"es","potentialAction":[{"@type":"ReadAction","target":["https:\/\/diariotextual.com\/inicio\/index.php\/2019\/08\/07\/rosario-verna-ziliotto-firmaron-acta-compromiso-alberto-fernandez\/"]}]},{"@type":"ImageObject","inLanguage":"es","@id":"https:\/\/diariotextual.com\/inicio\/index.php\/2019\/08\/07\/rosario-verna-ziliotto-firmaron-acta-compromiso-alberto-fernandez\/#primaryimage","url":"https:\/\/diariotextual.com\/inicio\/wp-content\/uploads\/2019\/08\/verna-fernandez-ziliotto2019-1.jpg","contentUrl":"https:\/\/diariotextual.com\/inicio\/wp-content\/uploads\/2019\/08\/verna-fernandez-ziliotto2019-1.jpg","width":1152,"height":648},{"@type":"BreadcrumbList","@id":"https:\/\/diariotextual.com\/inicio\/index.php\/2019\/08\/07\/rosario-verna-ziliotto-firmaron-acta-compromiso-alberto-fernandez\/#breadcrumb","itemListElement":[{"@type":"ListItem","position":1,"name":"Portada","item":"https:\/\/diariotextual.com\/inicio\/"},{"@type":"ListItem","position":2,"name":"Alberto firm\u00f3 con Ziliotto un acuerdo por casas, rutas, deudas y el acueducto"}]},{"@type":"WebSite","@id":"https:\/\/diariotextual.com\/inicio\/#website","url":"https:\/\/diariotextual.com\/inicio\/","name":"Diario Textual","description":"","publisher":{"@id":"https:\/\/diariotextual.com\/inicio\/#organization"},"potentialAction":[{"@type":"SearchAction","target":{"@type":"EntryPoint","urlTemplate":"https:\/\/diariotextual.com\/inicio\/?s={search_term_string}"},"query-input":{"@type":"PropertyValueSpecification","valueRequired":true,"valueName":"search_term_string"}}],"inLanguage":"es"},{"@type":"Organization","@id":"https:\/\/diariotextual.com\/inicio\/#organization","name":"Diario Textual","url":"https:\/\/diariotextual.com\/inicio\/","logo":{"@type":"ImageObject","inLanguage":"es","@id":"https:\/\/diariotextual.com\/inicio\/#\/schema\/logo\/image\/","url":"https:\/\/diariotextual.com\/inicio\/wp-content\/uploads\/2023\/05\/logotextual1.jpg","contentUrl":"https:\/\/diariotextual.com\/inicio\/wp-content\/uploads\/2023\/05\/logotextual1.jpg","width":516,"height":76,"caption":"Diario Textual"},"image":{"@id":"https:\/\/diariotextual.com\/inicio\/#\/schema\/logo\/image\/"},"sameAs":["https:\/\/www.facebook.com\/eltextual","https:\/\/x.com\/eltextual","http:\/\/www.instagram.com\/eltextual"]},{"@type":"Person","@id":"https:\/\/diariotextual.com\/inicio\/#\/schema\/person\/694f60677f23c4a530867a98f22b3768","name":"diario2","image":{"@type":"ImageObject","inLanguage":"es","@id":"https:\/\/secure.gravatar.com\/avatar\/5a2567495ba16b852fcd8f1ed006a2e24fcace936018ed8237e95f488ad6e0a7?s=96&d=mm&r=g","url":"https:\/\/secure.gravatar.com\/avatar\/5a2567495ba16b852fcd8f1ed006a2e24fcace936018ed8237e95f488ad6e0a7?s=96&d=mm&r=g","contentUrl":"https:\/\/secure.gravatar.com\/avatar\/5a2567495ba16b852fcd8f1ed006a2e24fcace936018ed8237e95f488ad6e0a7?s=96&d=mm&r=g","caption":"diario2"},"url":"https:\/\/diariotextual.com\/inicio\/index.php\/author\/diario2\/"}]}},"_links":{"self":[{"href":"https:\/\/diariotextual.com\/inicio\/index.php\/wp-json\/wp\/v2\/posts\/58518","targetHints":{"allow":["GET"]}}],"collection":[{"href":"https:\/\/diariotextual.com\/inicio\/index.php\/wp-json\/wp\/v2\/posts"}],"about":[{"href":"https:\/\/diariotextual.com\/inicio\/index.php\/wp-json\/wp\/v2\/types\/post"}],"author":[{"embeddable":true,"href":"https:\/\/diariotextual.com\/inicio\/index.php\/wp-json\/wp\/v2\/users\/4"}],"replies":[{"embeddable":true,"href":"https:\/\/diariotextual.com\/inicio\/index.php\/wp-json\/wp\/v2\/comments?post=58518"}],"version-history":[{"count":14,"href":"https:\/\/diariotextual.com\/inicio\/index.php\/wp-json\/wp\/v2\/posts\/58518\/revisions"}],"predecessor-version":[{"id":58560,"href":"https:\/\/diariotextual.com\/inicio\/index.php\/wp-json\/wp\/v2\/posts\/58518\/revisions\/58560"}],"wp:featuredmedia":[{"embeddable":true,"href":"https:\/\/diariotextual.com\/inicio\/index.php\/wp-json\/wp\/v2\/media\/58544"}],"wp:attachment":[{"href":"https:\/\/diariotextual.com\/inicio\/index.php\/wp-json\/wp\/v2\/media?parent=58518"}],"wp:term":[{"taxonomy":"category","embeddable":true,"href":"https:\/\/diariotextual.com\/inicio\/index.php\/wp-json\/wp\/v2\/categories?post=58518"},{"taxonomy":"post_tag","embeddable":true,"href":"https:\/\/diariotextual.com\/inicio\/index.php\/wp-json\/wp\/v2\/tags?post=58518"}],"curies":[{"name":"wp","href":"https:\/\/api.w.org\/{rel}","templated":true}]}}