{"id":58537,"date":"2019-08-07T17:18:57","date_gmt":"2019-08-07T20:18:57","guid":{"rendered":"http:\/\/diariotextual.com\/inicio\/?p=58537"},"modified":"2019-08-07T20:32:49","modified_gmt":"2019-08-07T23:32:49","slug":"procesion-las-calles-santa-rosa-dia-san-cayetano","status":"publish","type":"post","link":"https:\/\/diariotextual.com\/inicio\/index.php\/2019\/08\/07\/procesion-las-calles-santa-rosa-dia-san-cayetano\/","title":{"rendered":"Procesi\u00f3n en las calles de Santa Rosa en el d\u00eda de San Cayetano"},"content":{"rendered":"<p>Como todos los 7 de agosto, miles de cat\u00f3licos a lo largo y ancho del pa\u00eds celebran el d\u00eda de <strong>San Cayetano<\/strong>, el <strong>patrono del pan y el trabajo<\/strong>. En <strong>Santa Rosa<\/strong>, hubo <strong>misas<\/strong> y una <strong>procesi\u00f3n<\/strong> por los barrios de los alrededores de la Parroquia de San Cayetano -ubicada en la calle Pilcomayo 1250-.<\/p>\n<p><img fetchpriority=\"high\" decoding=\"async\" class=\"alignnone wp-image-58538 size-full\" src=\"http:\/\/diariotextual.com\/inicio\/wp-content\/uploads\/2019\/08\/sancayetano2019-2.jpg\" alt=\"\" width=\"1200\" height=\"731\" srcset=\"https:\/\/diariotextual.com\/inicio\/wp-content\/uploads\/2019\/08\/sancayetano2019-2.jpg 1200w, https:\/\/diariotextual.com\/inicio\/wp-content\/uploads\/2019\/08\/sancayetano2019-2-300x183.jpg 300w, https:\/\/diariotextual.com\/inicio\/wp-content\/uploads\/2019\/08\/sancayetano2019-2-768x468.jpg 768w, https:\/\/diariotextual.com\/inicio\/wp-content\/uploads\/2019\/08\/sancayetano2019-2-1024x624.jpg 1024w, https:\/\/diariotextual.com\/inicio\/wp-content\/uploads\/2019\/08\/sancayetano2019-2-1170x713.jpg 1170w, https:\/\/diariotextual.com\/inicio\/wp-content\/uploads\/2019\/08\/sancayetano2019-2-585x356.jpg 585w\" sizes=\"(max-width: 1200px) 100vw, 1200px\" \/>\u00a0<img decoding=\"async\" class=\"alignnone wp-image-58540 size-full\" src=\"http:\/\/diariotextual.com\/inicio\/wp-content\/uploads\/2019\/08\/sancayetano2019-4.jpg\" alt=\"\" width=\"1200\" height=\"736\" srcset=\"https:\/\/diariotextual.com\/inicio\/wp-content\/uploads\/2019\/08\/sancayetano2019-4.jpg 1200w, https:\/\/diariotextual.com\/inicio\/wp-content\/uploads\/2019\/08\/sancayetano2019-4-300x184.jpg 300w, https:\/\/diariotextual.com\/inicio\/wp-content\/uploads\/2019\/08\/sancayetano2019-4-768x471.jpg 768w, https:\/\/diariotextual.com\/inicio\/wp-content\/uploads\/2019\/08\/sancayetano2019-4-1024x628.jpg 1024w, https:\/\/diariotextual.com\/inicio\/wp-content\/uploads\/2019\/08\/sancayetano2019-4-1170x718.jpg 1170w, https:\/\/diariotextual.com\/inicio\/wp-content\/uploads\/2019\/08\/sancayetano2019-4-585x359.jpg 585w\" sizes=\"(max-width: 1200px) 100vw, 1200px\" \/><\/p>\n<blockquote class=\"wp-embedded-content\" data-secret=\"lRF4iPCZjN\"><p><a href=\"http:\/\/diariotextual.com\/inicio\/index.php\/2019\/08\/07\/organizaciones-sociales-se-movilizan-pan-tierra-techo-trabajo\/\">Organizaciones sociales marcharon en Santa Rosa por pan, tierra, techo y trabajo<\/a><\/p><\/blockquote>\n<p><iframe class=\"wp-embedded-content\" sandbox=\"allow-scripts\" security=\"restricted\" style=\"position: absolute; clip: rect(1px, 1px, 1px, 1px);\" src=\"http:\/\/diariotextual.com\/inicio\/index.php\/2019\/08\/07\/organizaciones-sociales-se-movilizan-pan-tierra-techo-trabajo\/embed\/#?secret=lRF4iPCZjN\" data-secret=\"lRF4iPCZjN\" width=\"600\" height=\"338\" title=\"&#171;Organizaciones sociales marcharon en Santa Rosa por pan, tierra, techo y trabajo&#187; &#8212; Diario Textual\" frameborder=\"0\" marginwidth=\"0\" marginheight=\"0\" scrolling=\"no\"><\/iframe><\/p>\n<p>&nbsp;<\/p>\n<p>&nbsp;<\/p>\n<p>&nbsp;<\/p>\n","protected":false},"excerpt":{"rendered":"<p>Como todos los 7 de agosto, miles de cat\u00f3licos a lo largo y ancho del pa\u00eds celebran el d\u00eda de San Cayetano, el patrono del pan y el trabajo. En&hellip;<\/p>\n","protected":false},"author":3,"featured_media":58539,"comment_status":"closed","ping_status":"open","sticky":false,"template":"","format":"standard","meta":{"_acf_changed":false,"footnotes":""},"categories":[11,319,12],"tags":[2161,25,2160],"class_list":["post-58537","post","type-post","status-publish","format-standard","has-post-thumbnail","hentry","category-que-pasa","category-a-temporales","category-sociedad","tag-dia","tag-pampa","tag-san-cayetano"],"acf":[],"yoast_head":"<!-- This site is optimized with the Yoast SEO plugin v27.5 - https:\/\/yoast.com\/product\/yoast-seo-wordpress\/ -->\n<title>Procesi\u00f3n en las calles de Santa Rosa en el d\u00eda de San Cayetano - Diario Textual<\/title>\n<meta name=\"robots\" content=\"index, follow, max-snippet:-1, max-image-preview:large, max-video-preview:-1\" \/>\n<link rel=\"canonical\" href=\"https:\/\/diariotextual.com\/inicio\/index.php\/2019\/08\/07\/procesion-las-calles-santa-rosa-dia-san-cayetano\/\" \/>\n<meta property=\"og:locale\" content=\"es_ES\" \/>\n<meta property=\"og:type\" content=\"article\" \/>\n<meta property=\"og:title\" content=\"Procesi\u00f3n en las calles de Santa Rosa en el d\u00eda de San Cayetano - Diario Textual\" \/>\n<meta property=\"og:description\" content=\"Como todos los 7 de agosto, miles de cat\u00f3licos a lo largo y ancho del pa\u00eds celebran el d\u00eda de San Cayetano, el patrono del pan y el trabajo. En&hellip;\" \/>\n<meta property=\"og:url\" content=\"https:\/\/diariotextual.com\/inicio\/index.php\/2019\/08\/07\/procesion-las-calles-santa-rosa-dia-san-cayetano\/\" \/>\n<meta property=\"og:site_name\" content=\"Diario Textual\" \/>\n<meta property=\"article:publisher\" content=\"https:\/\/www.facebook.com\/eltextual\" \/>\n<meta property=\"article:published_time\" content=\"2019-08-07T20:18:57+00:00\" \/>\n<meta property=\"article:modified_time\" content=\"2019-08-07T23:32:49+00:00\" \/>\n<meta property=\"og:image\" content=\"https:\/\/diariotextual.com\/inicio\/wp-content\/uploads\/2019\/08\/sancayetano2019-3.jpg\" \/>\n\t<meta property=\"og:image:width\" content=\"1200\" \/>\n\t<meta property=\"og:image:height\" content=\"716\" \/>\n\t<meta property=\"og:image:type\" content=\"image\/jpeg\" \/>\n<meta name=\"author\" content=\"Diario1 Diario1\" \/>\n<meta name=\"twitter:card\" content=\"summary_large_image\" \/>\n<meta name=\"twitter:creator\" content=\"@eltextual\" \/>\n<meta name=\"twitter:site\" content=\"@eltextual\" \/>\n<meta name=\"twitter:label1\" content=\"Escrito por\" \/>\n\t<meta name=\"twitter:data1\" content=\"Diario1 Diario1\" \/>\n<script type=\"application\/ld+json\" class=\"yoast-schema-graph\">{\"@context\":\"https:\\\/\\\/schema.org\",\"@graph\":[{\"@type\":\"Article\",\"@id\":\"https:\\\/\\\/diariotextual.com\\\/inicio\\\/index.php\\\/2019\\\/08\\\/07\\\/procesion-las-calles-santa-rosa-dia-san-cayetano\\\/#article\",\"isPartOf\":{\"@id\":\"https:\\\/\\\/diariotextual.com\\\/inicio\\\/index.php\\\/2019\\\/08\\\/07\\\/procesion-las-calles-santa-rosa-dia-san-cayetano\\\/\"},\"author\":{\"name\":\"Diario1 Diario1\",\"@id\":\"https:\\\/\\\/diariotextual.com\\\/inicio\\\/#\\\/schema\\\/person\\\/418fc4093c33e86ed41562db3508f958\"},\"headline\":\"Procesi\u00f3n en las calles de Santa Rosa en el d\u00eda de San Cayetano\",\"datePublished\":\"2019-08-07T20:18:57+00:00\",\"dateModified\":\"2019-08-07T23:32:49+00:00\",\"mainEntityOfPage\":{\"@id\":\"https:\\\/\\\/diariotextual.com\\\/inicio\\\/index.php\\\/2019\\\/08\\\/07\\\/procesion-las-calles-santa-rosa-dia-san-cayetano\\\/\"},\"wordCount\":83,\"publisher\":{\"@id\":\"https:\\\/\\\/diariotextual.com\\\/inicio\\\/#organization\"},\"image\":{\"@id\":\"https:\\\/\\\/diariotextual.com\\\/inicio\\\/index.php\\\/2019\\\/08\\\/07\\\/procesion-las-calles-santa-rosa-dia-san-cayetano\\\/#primaryimage\"},\"thumbnailUrl\":\"https:\\\/\\\/diariotextual.com\\\/inicio\\\/wp-content\\\/uploads\\\/2019\\\/08\\\/sancayetano2019-3.jpg\",\"keywords\":[\"dia\",\"pampa\",\"san cayetano\"],\"articleSection\":[\"A - QUE PASA (al costado)\",\"A - TEMPORALES\",\"SOCIEDAD\"],\"inLanguage\":\"es\"},{\"@type\":\"WebPage\",\"@id\":\"https:\\\/\\\/diariotextual.com\\\/inicio\\\/index.php\\\/2019\\\/08\\\/07\\\/procesion-las-calles-santa-rosa-dia-san-cayetano\\\/\",\"url\":\"https:\\\/\\\/diariotextual.com\\\/inicio\\\/index.php\\\/2019\\\/08\\\/07\\\/procesion-las-calles-santa-rosa-dia-san-cayetano\\\/\",\"name\":\"Procesi\u00f3n en las calles de Santa Rosa en el d\u00eda de San Cayetano - Diario Textual\",\"isPartOf\":{\"@id\":\"https:\\\/\\\/diariotextual.com\\\/inicio\\\/#website\"},\"primaryImageOfPage\":{\"@id\":\"https:\\\/\\\/diariotextual.com\\\/inicio\\\/index.php\\\/2019\\\/08\\\/07\\\/procesion-las-calles-santa-rosa-dia-san-cayetano\\\/#primaryimage\"},\"image\":{\"@id\":\"https:\\\/\\\/diariotextual.com\\\/inicio\\\/index.php\\\/2019\\\/08\\\/07\\\/procesion-las-calles-santa-rosa-dia-san-cayetano\\\/#primaryimage\"},\"thumbnailUrl\":\"https:\\\/\\\/diariotextual.com\\\/inicio\\\/wp-content\\\/uploads\\\/2019\\\/08\\\/sancayetano2019-3.jpg\",\"datePublished\":\"2019-08-07T20:18:57+00:00\",\"dateModified\":\"2019-08-07T23:32:49+00:00\",\"breadcrumb\":{\"@id\":\"https:\\\/\\\/diariotextual.com\\\/inicio\\\/index.php\\\/2019\\\/08\\\/07\\\/procesion-las-calles-santa-rosa-dia-san-cayetano\\\/#breadcrumb\"},\"inLanguage\":\"es\",\"potentialAction\":[{\"@type\":\"ReadAction\",\"target\":[\"https:\\\/\\\/diariotextual.com\\\/inicio\\\/index.php\\\/2019\\\/08\\\/07\\\/procesion-las-calles-santa-rosa-dia-san-cayetano\\\/\"]}]},{\"@type\":\"ImageObject\",\"inLanguage\":\"es\",\"@id\":\"https:\\\/\\\/diariotextual.com\\\/inicio\\\/index.php\\\/2019\\\/08\\\/07\\\/procesion-las-calles-santa-rosa-dia-san-cayetano\\\/#primaryimage\",\"url\":\"https:\\\/\\\/diariotextual.com\\\/inicio\\\/wp-content\\\/uploads\\\/2019\\\/08\\\/sancayetano2019-3.jpg\",\"contentUrl\":\"https:\\\/\\\/diariotextual.com\\\/inicio\\\/wp-content\\\/uploads\\\/2019\\\/08\\\/sancayetano2019-3.jpg\",\"width\":1200,\"height\":716},{\"@type\":\"BreadcrumbList\",\"@id\":\"https:\\\/\\\/diariotextual.com\\\/inicio\\\/index.php\\\/2019\\\/08\\\/07\\\/procesion-las-calles-santa-rosa-dia-san-cayetano\\\/#breadcrumb\",\"itemListElement\":[{\"@type\":\"ListItem\",\"position\":1,\"name\":\"Portada\",\"item\":\"https:\\\/\\\/diariotextual.com\\\/inicio\\\/\"},{\"@type\":\"ListItem\",\"position\":2,\"name\":\"Procesi\u00f3n en las calles de Santa Rosa en el d\u00eda de San Cayetano\"}]},{\"@type\":\"WebSite\",\"@id\":\"https:\\\/\\\/diariotextual.com\\\/inicio\\\/#website\",\"url\":\"https:\\\/\\\/diariotextual.com\\\/inicio\\\/\",\"name\":\"Diario Textual\",\"description\":\"\",\"publisher\":{\"@id\":\"https:\\\/\\\/diariotextual.com\\\/inicio\\\/#organization\"},\"potentialAction\":[{\"@type\":\"SearchAction\",\"target\":{\"@type\":\"EntryPoint\",\"urlTemplate\":\"https:\\\/\\\/diariotextual.com\\\/inicio\\\/?s={search_term_string}\"},\"query-input\":{\"@type\":\"PropertyValueSpecification\",\"valueRequired\":true,\"valueName\":\"search_term_string\"}}],\"inLanguage\":\"es\"},{\"@type\":\"Organization\",\"@id\":\"https:\\\/\\\/diariotextual.com\\\/inicio\\\/#organization\",\"name\":\"Diario Textual\",\"url\":\"https:\\\/\\\/diariotextual.com\\\/inicio\\\/\",\"logo\":{\"@type\":\"ImageObject\",\"inLanguage\":\"es\",\"@id\":\"https:\\\/\\\/diariotextual.com\\\/inicio\\\/#\\\/schema\\\/logo\\\/image\\\/\",\"url\":\"https:\\\/\\\/diariotextual.com\\\/inicio\\\/wp-content\\\/uploads\\\/2023\\\/05\\\/logotextual1.jpg\",\"contentUrl\":\"https:\\\/\\\/diariotextual.com\\\/inicio\\\/wp-content\\\/uploads\\\/2023\\\/05\\\/logotextual1.jpg\",\"width\":516,\"height\":76,\"caption\":\"Diario Textual\"},\"image\":{\"@id\":\"https:\\\/\\\/diariotextual.com\\\/inicio\\\/#\\\/schema\\\/logo\\\/image\\\/\"},\"sameAs\":[\"https:\\\/\\\/www.facebook.com\\\/eltextual\",\"https:\\\/\\\/x.com\\\/eltextual\",\"http:\\\/\\\/www.instagram.com\\\/eltextual\"]},{\"@type\":\"Person\",\"@id\":\"https:\\\/\\\/diariotextual.com\\\/inicio\\\/#\\\/schema\\\/person\\\/418fc4093c33e86ed41562db3508f958\",\"name\":\"Diario1 Diario1\",\"image\":{\"@type\":\"ImageObject\",\"inLanguage\":\"es\",\"@id\":\"https:\\\/\\\/secure.gravatar.com\\\/avatar\\\/9167d280179c85bc18be67aa7eda765854300033af4896dd779b608640f2ef7a?s=96&d=mm&r=g\",\"url\":\"https:\\\/\\\/secure.gravatar.com\\\/avatar\\\/9167d280179c85bc18be67aa7eda765854300033af4896dd779b608640f2ef7a?s=96&d=mm&r=g\",\"contentUrl\":\"https:\\\/\\\/secure.gravatar.com\\\/avatar\\\/9167d280179c85bc18be67aa7eda765854300033af4896dd779b608640f2ef7a?s=96&d=mm&r=g\",\"caption\":\"Diario1 Diario1\"},\"url\":\"https:\\\/\\\/diariotextual.com\\\/inicio\\\/index.php\\\/author\\\/diario1\\\/\"}]}<\/script>\n<!-- \/ Yoast SEO plugin. -->","yoast_head_json":{"title":"Procesi\u00f3n en las calles de Santa Rosa en el d\u00eda de San Cayetano - Diario Textual","robots":{"index":"index","follow":"follow","max-snippet":"max-snippet:-1","max-image-preview":"max-image-preview:large","max-video-preview":"max-video-preview:-1"},"canonical":"https:\/\/diariotextual.com\/inicio\/index.php\/2019\/08\/07\/procesion-las-calles-santa-rosa-dia-san-cayetano\/","og_locale":"es_ES","og_type":"article","og_title":"Procesi\u00f3n en las calles de Santa Rosa en el d\u00eda de San Cayetano - Diario Textual","og_description":"Como todos los 7 de agosto, miles de cat\u00f3licos a lo largo y ancho del pa\u00eds celebran el d\u00eda de San Cayetano, el patrono del pan y el trabajo. En&hellip;","og_url":"https:\/\/diariotextual.com\/inicio\/index.php\/2019\/08\/07\/procesion-las-calles-santa-rosa-dia-san-cayetano\/","og_site_name":"Diario Textual","article_publisher":"https:\/\/www.facebook.com\/eltextual","article_published_time":"2019-08-07T20:18:57+00:00","article_modified_time":"2019-08-07T23:32:49+00:00","og_image":[{"width":1200,"height":716,"url":"https:\/\/diariotextual.com\/inicio\/wp-content\/uploads\/2019\/08\/sancayetano2019-3.jpg","type":"image\/jpeg"}],"author":"Diario1 Diario1","twitter_card":"summary_large_image","twitter_creator":"@eltextual","twitter_site":"@eltextual","twitter_misc":{"Escrito por":"Diario1 Diario1"},"schema":{"@context":"https:\/\/schema.org","@graph":[{"@type":"Article","@id":"https:\/\/diariotextual.com\/inicio\/index.php\/2019\/08\/07\/procesion-las-calles-santa-rosa-dia-san-cayetano\/#article","isPartOf":{"@id":"https:\/\/diariotextual.com\/inicio\/index.php\/2019\/08\/07\/procesion-las-calles-santa-rosa-dia-san-cayetano\/"},"author":{"name":"Diario1 Diario1","@id":"https:\/\/diariotextual.com\/inicio\/#\/schema\/person\/418fc4093c33e86ed41562db3508f958"},"headline":"Procesi\u00f3n en las calles de Santa Rosa en el d\u00eda de San Cayetano","datePublished":"2019-08-07T20:18:57+00:00","dateModified":"2019-08-07T23:32:49+00:00","mainEntityOfPage":{"@id":"https:\/\/diariotextual.com\/inicio\/index.php\/2019\/08\/07\/procesion-las-calles-santa-rosa-dia-san-cayetano\/"},"wordCount":83,"publisher":{"@id":"https:\/\/diariotextual.com\/inicio\/#organization"},"image":{"@id":"https:\/\/diariotextual.com\/inicio\/index.php\/2019\/08\/07\/procesion-las-calles-santa-rosa-dia-san-cayetano\/#primaryimage"},"thumbnailUrl":"https:\/\/diariotextual.com\/inicio\/wp-content\/uploads\/2019\/08\/sancayetano2019-3.jpg","keywords":["dia","pampa","san cayetano"],"articleSection":["A - QUE PASA (al costado)","A - TEMPORALES","SOCIEDAD"],"inLanguage":"es"},{"@type":"WebPage","@id":"https:\/\/diariotextual.com\/inicio\/index.php\/2019\/08\/07\/procesion-las-calles-santa-rosa-dia-san-cayetano\/","url":"https:\/\/diariotextual.com\/inicio\/index.php\/2019\/08\/07\/procesion-las-calles-santa-rosa-dia-san-cayetano\/","name":"Procesi\u00f3n en las calles de Santa Rosa en el d\u00eda de San Cayetano - Diario Textual","isPartOf":{"@id":"https:\/\/diariotextual.com\/inicio\/#website"},"primaryImageOfPage":{"@id":"https:\/\/diariotextual.com\/inicio\/index.php\/2019\/08\/07\/procesion-las-calles-santa-rosa-dia-san-cayetano\/#primaryimage"},"image":{"@id":"https:\/\/diariotextual.com\/inicio\/index.php\/2019\/08\/07\/procesion-las-calles-santa-rosa-dia-san-cayetano\/#primaryimage"},"thumbnailUrl":"https:\/\/diariotextual.com\/inicio\/wp-content\/uploads\/2019\/08\/sancayetano2019-3.jpg","datePublished":"2019-08-07T20:18:57+00:00","dateModified":"2019-08-07T23:32:49+00:00","breadcrumb":{"@id":"https:\/\/diariotextual.com\/inicio\/index.php\/2019\/08\/07\/procesion-las-calles-santa-rosa-dia-san-cayetano\/#breadcrumb"},"inLanguage":"es","potentialAction":[{"@type":"ReadAction","target":["https:\/\/diariotextual.com\/inicio\/index.php\/2019\/08\/07\/procesion-las-calles-santa-rosa-dia-san-cayetano\/"]}]},{"@type":"ImageObject","inLanguage":"es","@id":"https:\/\/diariotextual.com\/inicio\/index.php\/2019\/08\/07\/procesion-las-calles-santa-rosa-dia-san-cayetano\/#primaryimage","url":"https:\/\/diariotextual.com\/inicio\/wp-content\/uploads\/2019\/08\/sancayetano2019-3.jpg","contentUrl":"https:\/\/diariotextual.com\/inicio\/wp-content\/uploads\/2019\/08\/sancayetano2019-3.jpg","width":1200,"height":716},{"@type":"BreadcrumbList","@id":"https:\/\/diariotextual.com\/inicio\/index.php\/2019\/08\/07\/procesion-las-calles-santa-rosa-dia-san-cayetano\/#breadcrumb","itemListElement":[{"@type":"ListItem","position":1,"name":"Portada","item":"https:\/\/diariotextual.com\/inicio\/"},{"@type":"ListItem","position":2,"name":"Procesi\u00f3n en las calles de Santa Rosa en el d\u00eda de San Cayetano"}]},{"@type":"WebSite","@id":"https:\/\/diariotextual.com\/inicio\/#website","url":"https:\/\/diariotextual.com\/inicio\/","name":"Diario Textual","description":"","publisher":{"@id":"https:\/\/diariotextual.com\/inicio\/#organization"},"potentialAction":[{"@type":"SearchAction","target":{"@type":"EntryPoint","urlTemplate":"https:\/\/diariotextual.com\/inicio\/?s={search_term_string}"},"query-input":{"@type":"PropertyValueSpecification","valueRequired":true,"valueName":"search_term_string"}}],"inLanguage":"es"},{"@type":"Organization","@id":"https:\/\/diariotextual.com\/inicio\/#organization","name":"Diario Textual","url":"https:\/\/diariotextual.com\/inicio\/","logo":{"@type":"ImageObject","inLanguage":"es","@id":"https:\/\/diariotextual.com\/inicio\/#\/schema\/logo\/image\/","url":"https:\/\/diariotextual.com\/inicio\/wp-content\/uploads\/2023\/05\/logotextual1.jpg","contentUrl":"https:\/\/diariotextual.com\/inicio\/wp-content\/uploads\/2023\/05\/logotextual1.jpg","width":516,"height":76,"caption":"Diario Textual"},"image":{"@id":"https:\/\/diariotextual.com\/inicio\/#\/schema\/logo\/image\/"},"sameAs":["https:\/\/www.facebook.com\/eltextual","https:\/\/x.com\/eltextual","http:\/\/www.instagram.com\/eltextual"]},{"@type":"Person","@id":"https:\/\/diariotextual.com\/inicio\/#\/schema\/person\/418fc4093c33e86ed41562db3508f958","name":"Diario1 Diario1","image":{"@type":"ImageObject","inLanguage":"es","@id":"https:\/\/secure.gravatar.com\/avatar\/9167d280179c85bc18be67aa7eda765854300033af4896dd779b608640f2ef7a?s=96&d=mm&r=g","url":"https:\/\/secure.gravatar.com\/avatar\/9167d280179c85bc18be67aa7eda765854300033af4896dd779b608640f2ef7a?s=96&d=mm&r=g","contentUrl":"https:\/\/secure.gravatar.com\/avatar\/9167d280179c85bc18be67aa7eda765854300033af4896dd779b608640f2ef7a?s=96&d=mm&r=g","caption":"Diario1 Diario1"},"url":"https:\/\/diariotextual.com\/inicio\/index.php\/author\/diario1\/"}]}},"_links":{"self":[{"href":"https:\/\/diariotextual.com\/inicio\/index.php\/wp-json\/wp\/v2\/posts\/58537","targetHints":{"allow":["GET"]}}],"collection":[{"href":"https:\/\/diariotextual.com\/inicio\/index.php\/wp-json\/wp\/v2\/posts"}],"about":[{"href":"https:\/\/diariotextual.com\/inicio\/index.php\/wp-json\/wp\/v2\/types\/post"}],"author":[{"embeddable":true,"href":"https:\/\/diariotextual.com\/inicio\/index.php\/wp-json\/wp\/v2\/users\/3"}],"replies":[{"embeddable":true,"href":"https:\/\/diariotextual.com\/inicio\/index.php\/wp-json\/wp\/v2\/comments?post=58537"}],"version-history":[{"count":2,"href":"https:\/\/diariotextual.com\/inicio\/index.php\/wp-json\/wp\/v2\/posts\/58537\/revisions"}],"predecessor-version":[{"id":58542,"href":"https:\/\/diariotextual.com\/inicio\/index.php\/wp-json\/wp\/v2\/posts\/58537\/revisions\/58542"}],"wp:featuredmedia":[{"embeddable":true,"href":"https:\/\/diariotextual.com\/inicio\/index.php\/wp-json\/wp\/v2\/media\/58539"}],"wp:attachment":[{"href":"https:\/\/diariotextual.com\/inicio\/index.php\/wp-json\/wp\/v2\/media?parent=58537"}],"wp:term":[{"taxonomy":"category","embeddable":true,"href":"https:\/\/diariotextual.com\/inicio\/index.php\/wp-json\/wp\/v2\/categories?post=58537"},{"taxonomy":"post_tag","embeddable":true,"href":"https:\/\/diariotextual.com\/inicio\/index.php\/wp-json\/wp\/v2\/tags?post=58537"}],"curies":[{"name":"wp","href":"https:\/\/api.w.org\/{rel}","templated":true}]}}