{"id":58546,"date":"2019-08-07T19:37:14","date_gmt":"2019-08-07T22:37:14","guid":{"rendered":"http:\/\/diariotextual.com\/inicio\/?p=58546"},"modified":"2019-08-08T10:25:17","modified_gmt":"2019-08-08T13:25:17","slug":"cristina-kirchner-convoco-cuidar-lo-logrado-la-pampa","status":"publish","type":"post","link":"https:\/\/diariotextual.com\/inicio\/index.php\/2019\/08\/07\/cristina-kirchner-convoco-cuidar-lo-logrado-la-pampa\/","title":{"rendered":"Cristina Kirchner convoc\u00f3 a \u00abcuidar todo lo logrado en La Pampa\u00bb"},"content":{"rendered":"<p>La candidata a vicepresidenta\u00a0<strong>Cristina Fern\u00e1ndez de Kirchner<\/strong>\u00a0respald\u00f3 a trav\u00e9s de un mensaje las candidaturas a diputados nacionales de los postulantes del Frente de Todos, <strong>Hern\u00e1n P\u00e9rez Araujo y Carmina Besga<\/strong>. <strong>\u00abLlamo a los pampeanos a cuidar todo lo logrado en La Pampa\u201d, dijo.<\/strong><\/p>\n<blockquote class=\"wp-embedded-content\" data-secret=\"cC88LUsCGk\"><p><a href=\"http:\/\/diariotextual.com\/inicio\/index.php\/2019\/08\/07\/rosario-verna-ziliotto-firmaron-acta-compromiso-alberto-fernandez\/\">Alberto firm\u00f3 con Ziliotto y Verna un acuerdo por casas, rutas, deudas y el acueducto<\/a><\/p><\/blockquote>\n<p><iframe class=\"wp-embedded-content\" sandbox=\"allow-scripts\" security=\"restricted\" style=\"position: absolute; clip: rect(1px, 1px, 1px, 1px);\" src=\"http:\/\/diariotextual.com\/inicio\/index.php\/2019\/08\/07\/rosario-verna-ziliotto-firmaron-acta-compromiso-alberto-fernandez\/embed\/#?secret=cC88LUsCGk\" data-secret=\"cC88LUsCGk\" width=\"600\" height=\"338\" title=\"&#171;Alberto firm\u00f3 con Ziliotto y Verna un acuerdo por casas, rutas, deudas y el acueducto&#187; &#8212; Diario Textual\" frameborder=\"0\" marginwidth=\"0\" marginheight=\"0\" scrolling=\"no\"><\/iframe><\/p>\n<p>El mensaje de la exmandataria y actual candidata a la vicepresidencia se escuch\u00f3 en el marco de un Encuentro de Mujeres que se desarroll\u00f3 en el Centro Empleados de Comercio de Santa Rosa.<\/p>\n<p>\u201cS\u00e9 que est\u00e1n en Santa Rosa en el encuentro provincial de mujeres del campo nacional y popular y que est\u00e1n con Hern\u00e1n y con Carmina, los candidatos a diputados nacionales del Frente de Todos\u201d, dijo Cristina Fern\u00e1ndez de Kirchner. \u00abEs importante poder escuchar de cerca el compromiso de quienes van a representar a su provincia y a su pueblo en el Congreso de la Naci\u00f3n, pero tambi\u00e9n y sobre todo que est\u00e9n pensando y debatiendo en clave pol\u00edtica. Trabajando juntas por el futuro de Argentina, que es el futuro de todas, de nuestros hijos, de nuestras hijas, de nuestras padres, de nuestras madres, de nuestros abuelos y amigas\u201d, dijo.<\/p>\n<p>\u00abConvoca a todas las mujeres a cambiar este presente, a ponerle fin a la tristeza y la angustia que hoy embargan a gran parte de nuestro pa\u00eds, y a cuidar todo lo logrado en La Pampa. No se puede retroceder en nada, ustedes lo saben, y lo saben bien, porque est\u00e1n all\u00ed, donde hay que estar, en el territorio trabajando\u201d, sostuvo.<\/p>\n<p><strong>Tambi\u00e9n se escuch\u00f3 el mensaje de apoyo a los candidatos del gobernador Carlos Verna<\/strong>, quien asegur\u00f3 que el pr\u00f3ximo 11 de agosto \u201chay que darle sentido al voto\u201d y convoc\u00f3 a \u201cvotar a Hern\u00e1n y Carmina para que sean diputados nacionales, y a Alberto Fern\u00e1ndez y Cristina Kirchner en la elecci\u00f3n presidencial\u201d.<\/p>\n<p>\u201cTe invito a que votes por un pa\u00eds federal, que nos incluya a todos, con mejor calidad de vida, con menos desempleo, con menos pobreza, con m\u00e1s crecimiento, con m\u00e1s plata en el bolsillo de los argentinos\u201d, afirm\u00f3 el gobernador.<\/p>\n<p>&nbsp;<\/p>\n","protected":false},"excerpt":{"rendered":"<p>La candidata a vicepresidenta\u00a0Cristina Fern\u00e1ndez de Kirchner\u00a0respald\u00f3 a trav\u00e9s de un mensaje las candidaturas a diputados nacionales de los postulantes del Frente de Todos, Hern\u00e1n P\u00e9rez Araujo y Carmina Besga.&hellip;<\/p>\n","protected":false},"author":3,"featured_media":57228,"comment_status":"closed","ping_status":"open","sticky":false,"template":"","format":"standard","meta":{"_acf_changed":false,"footnotes":""},"categories":[319,8],"tags":[],"class_list":["post-58546","post","type-post","status-publish","format-standard","has-post-thumbnail","hentry","category-a-temporales","category-politica"],"acf":[],"yoast_head":"<!-- This site is optimized with the Yoast SEO plugin v27.5 - https:\/\/yoast.com\/product\/yoast-seo-wordpress\/ -->\n<title>Cristina Kirchner convoc\u00f3 a &quot;cuidar todo lo logrado en La Pampa&quot; - Diario Textual<\/title>\n<meta name=\"robots\" content=\"index, follow, max-snippet:-1, max-image-preview:large, max-video-preview:-1\" \/>\n<link rel=\"canonical\" href=\"https:\/\/diariotextual.com\/inicio\/index.php\/2019\/08\/07\/cristina-kirchner-convoco-cuidar-lo-logrado-la-pampa\/\" \/>\n<meta property=\"og:locale\" content=\"es_ES\" \/>\n<meta property=\"og:type\" content=\"article\" \/>\n<meta property=\"og:title\" content=\"Cristina Kirchner convoc\u00f3 a &quot;cuidar todo lo logrado en La Pampa&quot; - Diario Textual\" \/>\n<meta property=\"og:description\" content=\"La candidata a vicepresidenta\u00a0Cristina Fern\u00e1ndez de Kirchner\u00a0respald\u00f3 a trav\u00e9s de un mensaje las candidaturas a diputados nacionales de los postulantes del Frente de Todos, Hern\u00e1n P\u00e9rez Araujo y Carmina Besga.&hellip;\" \/>\n<meta property=\"og:url\" content=\"https:\/\/diariotextual.com\/inicio\/index.php\/2019\/08\/07\/cristina-kirchner-convoco-cuidar-lo-logrado-la-pampa\/\" \/>\n<meta property=\"og:site_name\" content=\"Diario Textual\" \/>\n<meta property=\"article:publisher\" content=\"https:\/\/www.facebook.com\/eltextual\" \/>\n<meta property=\"article:published_time\" content=\"2019-08-07T22:37:14+00:00\" \/>\n<meta property=\"article:modified_time\" content=\"2019-08-08T13:25:17+00:00\" \/>\n<meta property=\"og:image\" content=\"https:\/\/diariotextual.com\/inicio\/wp-content\/uploads\/2019\/07\/cristinafernandez2019-2000.jpg\" \/>\n\t<meta property=\"og:image:width\" content=\"853\" \/>\n\t<meta property=\"og:image:height\" content=\"568\" \/>\n\t<meta property=\"og:image:type\" content=\"image\/jpeg\" \/>\n<meta name=\"author\" content=\"Diario1 Diario1\" \/>\n<meta name=\"twitter:card\" content=\"summary_large_image\" \/>\n<meta name=\"twitter:creator\" content=\"@eltextual\" \/>\n<meta name=\"twitter:site\" content=\"@eltextual\" \/>\n<meta name=\"twitter:label1\" content=\"Escrito por\" \/>\n\t<meta name=\"twitter:data1\" content=\"Diario1 Diario1\" \/>\n\t<meta name=\"twitter:label2\" content=\"Tiempo de lectura\" \/>\n\t<meta name=\"twitter:data2\" content=\"2 minutos\" \/>\n<script type=\"application\/ld+json\" class=\"yoast-schema-graph\">{\"@context\":\"https:\\\/\\\/schema.org\",\"@graph\":[{\"@type\":\"Article\",\"@id\":\"https:\\\/\\\/diariotextual.com\\\/inicio\\\/index.php\\\/2019\\\/08\\\/07\\\/cristina-kirchner-convoco-cuidar-lo-logrado-la-pampa\\\/#article\",\"isPartOf\":{\"@id\":\"https:\\\/\\\/diariotextual.com\\\/inicio\\\/index.php\\\/2019\\\/08\\\/07\\\/cristina-kirchner-convoco-cuidar-lo-logrado-la-pampa\\\/\"},\"author\":{\"name\":\"Diario1 Diario1\",\"@id\":\"https:\\\/\\\/diariotextual.com\\\/inicio\\\/#\\\/schema\\\/person\\\/418fc4093c33e86ed41562db3508f958\"},\"headline\":\"Cristina Kirchner convoc\u00f3 a \u00abcuidar todo lo logrado en La Pampa\u00bb\",\"datePublished\":\"2019-08-07T22:37:14+00:00\",\"dateModified\":\"2019-08-08T13:25:17+00:00\",\"mainEntityOfPage\":{\"@id\":\"https:\\\/\\\/diariotextual.com\\\/inicio\\\/index.php\\\/2019\\\/08\\\/07\\\/cristina-kirchner-convoco-cuidar-lo-logrado-la-pampa\\\/\"},\"wordCount\":380,\"publisher\":{\"@id\":\"https:\\\/\\\/diariotextual.com\\\/inicio\\\/#organization\"},\"image\":{\"@id\":\"https:\\\/\\\/diariotextual.com\\\/inicio\\\/index.php\\\/2019\\\/08\\\/07\\\/cristina-kirchner-convoco-cuidar-lo-logrado-la-pampa\\\/#primaryimage\"},\"thumbnailUrl\":\"https:\\\/\\\/diariotextual.com\\\/inicio\\\/wp-content\\\/uploads\\\/2019\\\/07\\\/cristinafernandez2019-2000.jpg\",\"articleSection\":[\"A - TEMPORALES\",\"POLITICA\"],\"inLanguage\":\"es\"},{\"@type\":\"WebPage\",\"@id\":\"https:\\\/\\\/diariotextual.com\\\/inicio\\\/index.php\\\/2019\\\/08\\\/07\\\/cristina-kirchner-convoco-cuidar-lo-logrado-la-pampa\\\/\",\"url\":\"https:\\\/\\\/diariotextual.com\\\/inicio\\\/index.php\\\/2019\\\/08\\\/07\\\/cristina-kirchner-convoco-cuidar-lo-logrado-la-pampa\\\/\",\"name\":\"Cristina Kirchner convoc\u00f3 a \\\"cuidar todo lo logrado en La Pampa\\\" - Diario Textual\",\"isPartOf\":{\"@id\":\"https:\\\/\\\/diariotextual.com\\\/inicio\\\/#website\"},\"primaryImageOfPage\":{\"@id\":\"https:\\\/\\\/diariotextual.com\\\/inicio\\\/index.php\\\/2019\\\/08\\\/07\\\/cristina-kirchner-convoco-cuidar-lo-logrado-la-pampa\\\/#primaryimage\"},\"image\":{\"@id\":\"https:\\\/\\\/diariotextual.com\\\/inicio\\\/index.php\\\/2019\\\/08\\\/07\\\/cristina-kirchner-convoco-cuidar-lo-logrado-la-pampa\\\/#primaryimage\"},\"thumbnailUrl\":\"https:\\\/\\\/diariotextual.com\\\/inicio\\\/wp-content\\\/uploads\\\/2019\\\/07\\\/cristinafernandez2019-2000.jpg\",\"datePublished\":\"2019-08-07T22:37:14+00:00\",\"dateModified\":\"2019-08-08T13:25:17+00:00\",\"breadcrumb\":{\"@id\":\"https:\\\/\\\/diariotextual.com\\\/inicio\\\/index.php\\\/2019\\\/08\\\/07\\\/cristina-kirchner-convoco-cuidar-lo-logrado-la-pampa\\\/#breadcrumb\"},\"inLanguage\":\"es\",\"potentialAction\":[{\"@type\":\"ReadAction\",\"target\":[\"https:\\\/\\\/diariotextual.com\\\/inicio\\\/index.php\\\/2019\\\/08\\\/07\\\/cristina-kirchner-convoco-cuidar-lo-logrado-la-pampa\\\/\"]}]},{\"@type\":\"ImageObject\",\"inLanguage\":\"es\",\"@id\":\"https:\\\/\\\/diariotextual.com\\\/inicio\\\/index.php\\\/2019\\\/08\\\/07\\\/cristina-kirchner-convoco-cuidar-lo-logrado-la-pampa\\\/#primaryimage\",\"url\":\"https:\\\/\\\/diariotextual.com\\\/inicio\\\/wp-content\\\/uploads\\\/2019\\\/07\\\/cristinafernandez2019-2000.jpg\",\"contentUrl\":\"https:\\\/\\\/diariotextual.com\\\/inicio\\\/wp-content\\\/uploads\\\/2019\\\/07\\\/cristinafernandez2019-2000.jpg\",\"width\":853,\"height\":568},{\"@type\":\"BreadcrumbList\",\"@id\":\"https:\\\/\\\/diariotextual.com\\\/inicio\\\/index.php\\\/2019\\\/08\\\/07\\\/cristina-kirchner-convoco-cuidar-lo-logrado-la-pampa\\\/#breadcrumb\",\"itemListElement\":[{\"@type\":\"ListItem\",\"position\":1,\"name\":\"Portada\",\"item\":\"https:\\\/\\\/diariotextual.com\\\/inicio\\\/\"},{\"@type\":\"ListItem\",\"position\":2,\"name\":\"Cristina Kirchner convoc\u00f3 a \u00abcuidar todo lo logrado en La Pampa\u00bb\"}]},{\"@type\":\"WebSite\",\"@id\":\"https:\\\/\\\/diariotextual.com\\\/inicio\\\/#website\",\"url\":\"https:\\\/\\\/diariotextual.com\\\/inicio\\\/\",\"name\":\"Diario Textual\",\"description\":\"\",\"publisher\":{\"@id\":\"https:\\\/\\\/diariotextual.com\\\/inicio\\\/#organization\"},\"potentialAction\":[{\"@type\":\"SearchAction\",\"target\":{\"@type\":\"EntryPoint\",\"urlTemplate\":\"https:\\\/\\\/diariotextual.com\\\/inicio\\\/?s={search_term_string}\"},\"query-input\":{\"@type\":\"PropertyValueSpecification\",\"valueRequired\":true,\"valueName\":\"search_term_string\"}}],\"inLanguage\":\"es\"},{\"@type\":\"Organization\",\"@id\":\"https:\\\/\\\/diariotextual.com\\\/inicio\\\/#organization\",\"name\":\"Diario Textual\",\"url\":\"https:\\\/\\\/diariotextual.com\\\/inicio\\\/\",\"logo\":{\"@type\":\"ImageObject\",\"inLanguage\":\"es\",\"@id\":\"https:\\\/\\\/diariotextual.com\\\/inicio\\\/#\\\/schema\\\/logo\\\/image\\\/\",\"url\":\"https:\\\/\\\/diariotextual.com\\\/inicio\\\/wp-content\\\/uploads\\\/2023\\\/05\\\/logotextual1.jpg\",\"contentUrl\":\"https:\\\/\\\/diariotextual.com\\\/inicio\\\/wp-content\\\/uploads\\\/2023\\\/05\\\/logotextual1.jpg\",\"width\":516,\"height\":76,\"caption\":\"Diario Textual\"},\"image\":{\"@id\":\"https:\\\/\\\/diariotextual.com\\\/inicio\\\/#\\\/schema\\\/logo\\\/image\\\/\"},\"sameAs\":[\"https:\\\/\\\/www.facebook.com\\\/eltextual\",\"https:\\\/\\\/x.com\\\/eltextual\",\"http:\\\/\\\/www.instagram.com\\\/eltextual\"]},{\"@type\":\"Person\",\"@id\":\"https:\\\/\\\/diariotextual.com\\\/inicio\\\/#\\\/schema\\\/person\\\/418fc4093c33e86ed41562db3508f958\",\"name\":\"Diario1 Diario1\",\"image\":{\"@type\":\"ImageObject\",\"inLanguage\":\"es\",\"@id\":\"https:\\\/\\\/secure.gravatar.com\\\/avatar\\\/9167d280179c85bc18be67aa7eda765854300033af4896dd779b608640f2ef7a?s=96&d=mm&r=g\",\"url\":\"https:\\\/\\\/secure.gravatar.com\\\/avatar\\\/9167d280179c85bc18be67aa7eda765854300033af4896dd779b608640f2ef7a?s=96&d=mm&r=g\",\"contentUrl\":\"https:\\\/\\\/secure.gravatar.com\\\/avatar\\\/9167d280179c85bc18be67aa7eda765854300033af4896dd779b608640f2ef7a?s=96&d=mm&r=g\",\"caption\":\"Diario1 Diario1\"},\"url\":\"https:\\\/\\\/diariotextual.com\\\/inicio\\\/index.php\\\/author\\\/diario1\\\/\"}]}<\/script>\n<!-- \/ Yoast SEO plugin. -->","yoast_head_json":{"title":"Cristina Kirchner convoc\u00f3 a \"cuidar todo lo logrado en La Pampa\" - Diario Textual","robots":{"index":"index","follow":"follow","max-snippet":"max-snippet:-1","max-image-preview":"max-image-preview:large","max-video-preview":"max-video-preview:-1"},"canonical":"https:\/\/diariotextual.com\/inicio\/index.php\/2019\/08\/07\/cristina-kirchner-convoco-cuidar-lo-logrado-la-pampa\/","og_locale":"es_ES","og_type":"article","og_title":"Cristina Kirchner convoc\u00f3 a \"cuidar todo lo logrado en La Pampa\" - Diario Textual","og_description":"La candidata a vicepresidenta\u00a0Cristina Fern\u00e1ndez de Kirchner\u00a0respald\u00f3 a trav\u00e9s de un mensaje las candidaturas a diputados nacionales de los postulantes del Frente de Todos, Hern\u00e1n P\u00e9rez Araujo y Carmina Besga.&hellip;","og_url":"https:\/\/diariotextual.com\/inicio\/index.php\/2019\/08\/07\/cristina-kirchner-convoco-cuidar-lo-logrado-la-pampa\/","og_site_name":"Diario Textual","article_publisher":"https:\/\/www.facebook.com\/eltextual","article_published_time":"2019-08-07T22:37:14+00:00","article_modified_time":"2019-08-08T13:25:17+00:00","og_image":[{"width":853,"height":568,"url":"https:\/\/diariotextual.com\/inicio\/wp-content\/uploads\/2019\/07\/cristinafernandez2019-2000.jpg","type":"image\/jpeg"}],"author":"Diario1 Diario1","twitter_card":"summary_large_image","twitter_creator":"@eltextual","twitter_site":"@eltextual","twitter_misc":{"Escrito por":"Diario1 Diario1","Tiempo de lectura":"2 minutos"},"schema":{"@context":"https:\/\/schema.org","@graph":[{"@type":"Article","@id":"https:\/\/diariotextual.com\/inicio\/index.php\/2019\/08\/07\/cristina-kirchner-convoco-cuidar-lo-logrado-la-pampa\/#article","isPartOf":{"@id":"https:\/\/diariotextual.com\/inicio\/index.php\/2019\/08\/07\/cristina-kirchner-convoco-cuidar-lo-logrado-la-pampa\/"},"author":{"name":"Diario1 Diario1","@id":"https:\/\/diariotextual.com\/inicio\/#\/schema\/person\/418fc4093c33e86ed41562db3508f958"},"headline":"Cristina Kirchner convoc\u00f3 a \u00abcuidar todo lo logrado en La Pampa\u00bb","datePublished":"2019-08-07T22:37:14+00:00","dateModified":"2019-08-08T13:25:17+00:00","mainEntityOfPage":{"@id":"https:\/\/diariotextual.com\/inicio\/index.php\/2019\/08\/07\/cristina-kirchner-convoco-cuidar-lo-logrado-la-pampa\/"},"wordCount":380,"publisher":{"@id":"https:\/\/diariotextual.com\/inicio\/#organization"},"image":{"@id":"https:\/\/diariotextual.com\/inicio\/index.php\/2019\/08\/07\/cristina-kirchner-convoco-cuidar-lo-logrado-la-pampa\/#primaryimage"},"thumbnailUrl":"https:\/\/diariotextual.com\/inicio\/wp-content\/uploads\/2019\/07\/cristinafernandez2019-2000.jpg","articleSection":["A - TEMPORALES","POLITICA"],"inLanguage":"es"},{"@type":"WebPage","@id":"https:\/\/diariotextual.com\/inicio\/index.php\/2019\/08\/07\/cristina-kirchner-convoco-cuidar-lo-logrado-la-pampa\/","url":"https:\/\/diariotextual.com\/inicio\/index.php\/2019\/08\/07\/cristina-kirchner-convoco-cuidar-lo-logrado-la-pampa\/","name":"Cristina Kirchner convoc\u00f3 a \"cuidar todo lo logrado en La Pampa\" - Diario Textual","isPartOf":{"@id":"https:\/\/diariotextual.com\/inicio\/#website"},"primaryImageOfPage":{"@id":"https:\/\/diariotextual.com\/inicio\/index.php\/2019\/08\/07\/cristina-kirchner-convoco-cuidar-lo-logrado-la-pampa\/#primaryimage"},"image":{"@id":"https:\/\/diariotextual.com\/inicio\/index.php\/2019\/08\/07\/cristina-kirchner-convoco-cuidar-lo-logrado-la-pampa\/#primaryimage"},"thumbnailUrl":"https:\/\/diariotextual.com\/inicio\/wp-content\/uploads\/2019\/07\/cristinafernandez2019-2000.jpg","datePublished":"2019-08-07T22:37:14+00:00","dateModified":"2019-08-08T13:25:17+00:00","breadcrumb":{"@id":"https:\/\/diariotextual.com\/inicio\/index.php\/2019\/08\/07\/cristina-kirchner-convoco-cuidar-lo-logrado-la-pampa\/#breadcrumb"},"inLanguage":"es","potentialAction":[{"@type":"ReadAction","target":["https:\/\/diariotextual.com\/inicio\/index.php\/2019\/08\/07\/cristina-kirchner-convoco-cuidar-lo-logrado-la-pampa\/"]}]},{"@type":"ImageObject","inLanguage":"es","@id":"https:\/\/diariotextual.com\/inicio\/index.php\/2019\/08\/07\/cristina-kirchner-convoco-cuidar-lo-logrado-la-pampa\/#primaryimage","url":"https:\/\/diariotextual.com\/inicio\/wp-content\/uploads\/2019\/07\/cristinafernandez2019-2000.jpg","contentUrl":"https:\/\/diariotextual.com\/inicio\/wp-content\/uploads\/2019\/07\/cristinafernandez2019-2000.jpg","width":853,"height":568},{"@type":"BreadcrumbList","@id":"https:\/\/diariotextual.com\/inicio\/index.php\/2019\/08\/07\/cristina-kirchner-convoco-cuidar-lo-logrado-la-pampa\/#breadcrumb","itemListElement":[{"@type":"ListItem","position":1,"name":"Portada","item":"https:\/\/diariotextual.com\/inicio\/"},{"@type":"ListItem","position":2,"name":"Cristina Kirchner convoc\u00f3 a \u00abcuidar todo lo logrado en La Pampa\u00bb"}]},{"@type":"WebSite","@id":"https:\/\/diariotextual.com\/inicio\/#website","url":"https:\/\/diariotextual.com\/inicio\/","name":"Diario Textual","description":"","publisher":{"@id":"https:\/\/diariotextual.com\/inicio\/#organization"},"potentialAction":[{"@type":"SearchAction","target":{"@type":"EntryPoint","urlTemplate":"https:\/\/diariotextual.com\/inicio\/?s={search_term_string}"},"query-input":{"@type":"PropertyValueSpecification","valueRequired":true,"valueName":"search_term_string"}}],"inLanguage":"es"},{"@type":"Organization","@id":"https:\/\/diariotextual.com\/inicio\/#organization","name":"Diario Textual","url":"https:\/\/diariotextual.com\/inicio\/","logo":{"@type":"ImageObject","inLanguage":"es","@id":"https:\/\/diariotextual.com\/inicio\/#\/schema\/logo\/image\/","url":"https:\/\/diariotextual.com\/inicio\/wp-content\/uploads\/2023\/05\/logotextual1.jpg","contentUrl":"https:\/\/diariotextual.com\/inicio\/wp-content\/uploads\/2023\/05\/logotextual1.jpg","width":516,"height":76,"caption":"Diario Textual"},"image":{"@id":"https:\/\/diariotextual.com\/inicio\/#\/schema\/logo\/image\/"},"sameAs":["https:\/\/www.facebook.com\/eltextual","https:\/\/x.com\/eltextual","http:\/\/www.instagram.com\/eltextual"]},{"@type":"Person","@id":"https:\/\/diariotextual.com\/inicio\/#\/schema\/person\/418fc4093c33e86ed41562db3508f958","name":"Diario1 Diario1","image":{"@type":"ImageObject","inLanguage":"es","@id":"https:\/\/secure.gravatar.com\/avatar\/9167d280179c85bc18be67aa7eda765854300033af4896dd779b608640f2ef7a?s=96&d=mm&r=g","url":"https:\/\/secure.gravatar.com\/avatar\/9167d280179c85bc18be67aa7eda765854300033af4896dd779b608640f2ef7a?s=96&d=mm&r=g","contentUrl":"https:\/\/secure.gravatar.com\/avatar\/9167d280179c85bc18be67aa7eda765854300033af4896dd779b608640f2ef7a?s=96&d=mm&r=g","caption":"Diario1 Diario1"},"url":"https:\/\/diariotextual.com\/inicio\/index.php\/author\/diario1\/"}]}},"_links":{"self":[{"href":"https:\/\/diariotextual.com\/inicio\/index.php\/wp-json\/wp\/v2\/posts\/58546","targetHints":{"allow":["GET"]}}],"collection":[{"href":"https:\/\/diariotextual.com\/inicio\/index.php\/wp-json\/wp\/v2\/posts"}],"about":[{"href":"https:\/\/diariotextual.com\/inicio\/index.php\/wp-json\/wp\/v2\/types\/post"}],"author":[{"embeddable":true,"href":"https:\/\/diariotextual.com\/inicio\/index.php\/wp-json\/wp\/v2\/users\/3"}],"replies":[{"embeddable":true,"href":"https:\/\/diariotextual.com\/inicio\/index.php\/wp-json\/wp\/v2\/comments?post=58546"}],"version-history":[{"count":1,"href":"https:\/\/diariotextual.com\/inicio\/index.php\/wp-json\/wp\/v2\/posts\/58546\/revisions"}],"predecessor-version":[{"id":58547,"href":"https:\/\/diariotextual.com\/inicio\/index.php\/wp-json\/wp\/v2\/posts\/58546\/revisions\/58547"}],"wp:featuredmedia":[{"embeddable":true,"href":"https:\/\/diariotextual.com\/inicio\/index.php\/wp-json\/wp\/v2\/media\/57228"}],"wp:attachment":[{"href":"https:\/\/diariotextual.com\/inicio\/index.php\/wp-json\/wp\/v2\/media?parent=58546"}],"wp:term":[{"taxonomy":"category","embeddable":true,"href":"https:\/\/diariotextual.com\/inicio\/index.php\/wp-json\/wp\/v2\/categories?post=58546"},{"taxonomy":"post_tag","embeddable":true,"href":"https:\/\/diariotextual.com\/inicio\/index.php\/wp-json\/wp\/v2\/tags?post=58546"}],"curies":[{"name":"wp","href":"https:\/\/api.w.org\/{rel}","templated":true}]}}