{"id":58693,"date":"2019-08-09T08:13:09","date_gmt":"2019-08-09T11:13:09","guid":{"rendered":"http:\/\/diariotextual.com\/inicio\/?p=58693"},"modified":"2019-08-09T18:28:47","modified_gmt":"2019-08-09T21:28:47","slug":"reflotan-proyecto-tren-interurbano-santa-rosa-toay","status":"publish","type":"post","link":"https:\/\/diariotextual.com\/inicio\/index.php\/2019\/08\/09\/reflotan-proyecto-tren-interurbano-santa-rosa-toay\/","title":{"rendered":"Reflotan proyecto de un tren interurbano entre Santa Rosa y Toay"},"content":{"rendered":"<p>El intendente electo de Toay, <strong>Rodolfo Alvarez<\/strong>, revel\u00f3 a Diario Textual la intenci\u00f3n de <strong>reimpulsar el proyecto de un tren interurbano entre Santa Rosa y Toay.<\/strong> Ser\u00eda una especie de <strong>ferrobus<\/strong> que conectar\u00eda diariamente ambas localidades, una alternativa al micro y al autom\u00f3vil que posibilitar\u00eda descongestionar la avenida Per\u00f3n.<\/p>\n<p>\u00abPara la puesta en marcha del proyecto lo primero que se requiere es la factibilidad t\u00e9cnica, que implica que un grupo de t\u00e9cnicos verifiquen el estado de las instalaciones y determinen si hay que hacer reparaciones o no. Eso va a involucrar un mayor o menor costo de las obras que haya que realizar\u00bb, dijo Alvarez.<\/p>\n<p><strong>\u00abPensamos inicialmente en un servicio diario similar al del micro que se prestar\u00eda con un solo vag\u00f3n, una especie de cochemotor. Pero esa soluci\u00f3n tecnol\u00f3gica definitiva va a depender de un an\u00e1lisis posterior. Pero el punto de partida ser\u00eda con esa modalidad\u00bb<\/strong>, agreg\u00f3 el jefe comunal electo.<\/p>\n<p>La idea fue propuesta en la campa\u00f1a electoral por el gobernador electo Sergio Ziliotto (Frente Justicialista Pampeano). <strong>\u00abCon Sergio estuvimos viendo las instalaciones del ferrocarril en Toay\u00bb<\/strong>, revel\u00f3 Alvarez.<\/p>\n<p><strong>De concretarse el tren interurbano la idea del intendente electo es habilitar al costado de las v\u00edas una bicisenda o ciclov\u00eda para darle un espacio seguro a quienes quieran desplazarse en bicicleta.<\/strong><\/p>\n<p>En rigor, el proyecto del tren de pasajeros entre Santa Rosa y Toay fue impulsado a\u00f1os atr\u00e1s por el <strong>Movimiento Tren para Todos<\/strong> y tambi\u00e9n por el exdirector de Ingenier\u00eda Vial de la municipalidad capitalina, <strong>Hern\u00e1n De Dios Herrero. <\/strong>Tambi\u00e9n form\u00f3 parte de la plataforma electoral del precandidato a intendente por la UCR, <strong>Pedro Salas<\/strong>, en 2015.<\/p>\n<div>\n<p>En agosto de 2013 el Movimiento Tren para Todos La Pampa present\u00f3 en el concejo deliberante las bases del proyecto del tren interurbano, que en distintas etapas preve\u00eda unir tambi\u00e9n la localidad de Anguil, hacia el este, y el campo universitario de la UNLPam al norte de la ciudad capital.<\/p>\n<p>Los integrantes de este colectivo presentaron los resultados de un relevamiento que hicieron voluntariamente al Instituto Argentino de Ferrocarriles en el que evaluaron el estado de las v\u00edas a lo largo de\u00a016 kil\u00f3metros, entre los silos ubicados sobre la calle V\u00edctor Arriaga, al este de Santa Rosa, y tres kil\u00f3metros al oeste de la vieja estaci\u00f3n de trenes de Toay. Tomaron unas 1.600 fotograf\u00edas que sirvieron para verificar el estado de las v\u00edas, rieles, durmientes, pasos a nivel, entre otros datos.<\/p>\n<p>De acuerdo a ese trabajo, en aquel momento era posible la utilizaci\u00f3n de buena parte del material para hacer funcionar un tren interurbano entre Santa Rosa y Toay, y proyectar ramificaciones hasta Anguil, el campo universitario de la UNLPam (donde actualmente funcionan las facultades de Agronom\u00eda y Ciencias Exactas y Naturales), y a\u00fan hasta el ingreso al aut\u00f3dromo Provincia de La Pampa, ubicado sobre la ruta 14, al sur de Toay.<\/p>\n<p>&nbsp;<\/p>\n<\/div>\n","protected":false},"excerpt":{"rendered":"<p>El intendente electo de Toay, Rodolfo Alvarez, revel\u00f3 a Diario Textual la intenci\u00f3n de reimpulsar el proyecto de un tren interurbano entre Santa Rosa y Toay. Ser\u00eda una especie de&hellip;<\/p>\n","protected":false},"author":7,"featured_media":58681,"comment_status":"closed","ping_status":"open","sticky":false,"template":"","format":"standard","meta":{"_acf_changed":false,"footnotes":""},"categories":[319,8],"tags":[1532],"class_list":["post-58693","post","type-post","status-publish","format-standard","has-post-thumbnail","hentry","category-a-temporales","category-politica","tag-tren"],"acf":[],"yoast_head":"<!-- This site is optimized with the Yoast SEO plugin v27.5 - https:\/\/yoast.com\/product\/yoast-seo-wordpress\/ -->\n<title>Reflotan proyecto de un tren interurbano entre Santa Rosa y Toay - Diario Textual<\/title>\n<meta name=\"robots\" content=\"index, follow, max-snippet:-1, max-image-preview:large, max-video-preview:-1\" \/>\n<link rel=\"canonical\" href=\"https:\/\/diariotextual.com\/inicio\/index.php\/2019\/08\/09\/reflotan-proyecto-tren-interurbano-santa-rosa-toay\/\" \/>\n<meta property=\"og:locale\" content=\"es_ES\" \/>\n<meta property=\"og:type\" content=\"article\" \/>\n<meta property=\"og:title\" content=\"Reflotan proyecto de un tren interurbano entre Santa Rosa y Toay - Diario Textual\" \/>\n<meta property=\"og:description\" content=\"El intendente electo de Toay, Rodolfo Alvarez, revel\u00f3 a Diario Textual la intenci\u00f3n de reimpulsar el proyecto de un tren interurbano entre Santa Rosa y Toay. Ser\u00eda una especie de&hellip;\" \/>\n<meta property=\"og:url\" content=\"https:\/\/diariotextual.com\/inicio\/index.php\/2019\/08\/09\/reflotan-proyecto-tren-interurbano-santa-rosa-toay\/\" \/>\n<meta property=\"og:site_name\" content=\"Diario Textual\" \/>\n<meta property=\"article:publisher\" content=\"https:\/\/www.facebook.com\/eltextual\" \/>\n<meta property=\"article:published_time\" content=\"2019-08-09T11:13:09+00:00\" \/>\n<meta property=\"article:modified_time\" content=\"2019-08-09T21:28:47+00:00\" \/>\n<meta property=\"og:image\" content=\"https:\/\/diariotextual.com\/inicio\/wp-content\/uploads\/2019\/08\/trenvias22.jpg\" \/>\n\t<meta property=\"og:image:width\" content=\"1200\" \/>\n\t<meta property=\"og:image:height\" content=\"785\" \/>\n\t<meta property=\"og:image:type\" content=\"image\/jpeg\" \/>\n<meta name=\"author\" content=\"diario5\" \/>\n<meta name=\"twitter:card\" content=\"summary_large_image\" \/>\n<meta name=\"twitter:creator\" content=\"@eltextual\" \/>\n<meta name=\"twitter:site\" content=\"@eltextual\" \/>\n<meta name=\"twitter:label1\" content=\"Escrito por\" \/>\n\t<meta name=\"twitter:data1\" content=\"diario5\" \/>\n\t<meta name=\"twitter:label2\" content=\"Tiempo de lectura\" \/>\n\t<meta name=\"twitter:data2\" content=\"3 minutos\" \/>\n<script type=\"application\/ld+json\" class=\"yoast-schema-graph\">{\"@context\":\"https:\\\/\\\/schema.org\",\"@graph\":[{\"@type\":\"Article\",\"@id\":\"https:\\\/\\\/diariotextual.com\\\/inicio\\\/index.php\\\/2019\\\/08\\\/09\\\/reflotan-proyecto-tren-interurbano-santa-rosa-toay\\\/#article\",\"isPartOf\":{\"@id\":\"https:\\\/\\\/diariotextual.com\\\/inicio\\\/index.php\\\/2019\\\/08\\\/09\\\/reflotan-proyecto-tren-interurbano-santa-rosa-toay\\\/\"},\"author\":{\"name\":\"diario5\",\"@id\":\"https:\\\/\\\/diariotextual.com\\\/inicio\\\/#\\\/schema\\\/person\\\/c7834961ad8b29b1d9cdbf4571299067\"},\"headline\":\"Reflotan proyecto de un tren interurbano entre Santa Rosa y Toay\",\"datePublished\":\"2019-08-09T11:13:09+00:00\",\"dateModified\":\"2019-08-09T21:28:47+00:00\",\"mainEntityOfPage\":{\"@id\":\"https:\\\/\\\/diariotextual.com\\\/inicio\\\/index.php\\\/2019\\\/08\\\/09\\\/reflotan-proyecto-tren-interurbano-santa-rosa-toay\\\/\"},\"wordCount\":516,\"publisher\":{\"@id\":\"https:\\\/\\\/diariotextual.com\\\/inicio\\\/#organization\"},\"image\":{\"@id\":\"https:\\\/\\\/diariotextual.com\\\/inicio\\\/index.php\\\/2019\\\/08\\\/09\\\/reflotan-proyecto-tren-interurbano-santa-rosa-toay\\\/#primaryimage\"},\"thumbnailUrl\":\"https:\\\/\\\/diariotextual.com\\\/inicio\\\/wp-content\\\/uploads\\\/2019\\\/08\\\/trenvias22.jpg\",\"keywords\":[\"tren\"],\"articleSection\":[\"A - TEMPORALES\",\"POLITICA\"],\"inLanguage\":\"es\"},{\"@type\":\"WebPage\",\"@id\":\"https:\\\/\\\/diariotextual.com\\\/inicio\\\/index.php\\\/2019\\\/08\\\/09\\\/reflotan-proyecto-tren-interurbano-santa-rosa-toay\\\/\",\"url\":\"https:\\\/\\\/diariotextual.com\\\/inicio\\\/index.php\\\/2019\\\/08\\\/09\\\/reflotan-proyecto-tren-interurbano-santa-rosa-toay\\\/\",\"name\":\"Reflotan proyecto de un tren interurbano entre Santa Rosa y Toay - Diario Textual\",\"isPartOf\":{\"@id\":\"https:\\\/\\\/diariotextual.com\\\/inicio\\\/#website\"},\"primaryImageOfPage\":{\"@id\":\"https:\\\/\\\/diariotextual.com\\\/inicio\\\/index.php\\\/2019\\\/08\\\/09\\\/reflotan-proyecto-tren-interurbano-santa-rosa-toay\\\/#primaryimage\"},\"image\":{\"@id\":\"https:\\\/\\\/diariotextual.com\\\/inicio\\\/index.php\\\/2019\\\/08\\\/09\\\/reflotan-proyecto-tren-interurbano-santa-rosa-toay\\\/#primaryimage\"},\"thumbnailUrl\":\"https:\\\/\\\/diariotextual.com\\\/inicio\\\/wp-content\\\/uploads\\\/2019\\\/08\\\/trenvias22.jpg\",\"datePublished\":\"2019-08-09T11:13:09+00:00\",\"dateModified\":\"2019-08-09T21:28:47+00:00\",\"breadcrumb\":{\"@id\":\"https:\\\/\\\/diariotextual.com\\\/inicio\\\/index.php\\\/2019\\\/08\\\/09\\\/reflotan-proyecto-tren-interurbano-santa-rosa-toay\\\/#breadcrumb\"},\"inLanguage\":\"es\",\"potentialAction\":[{\"@type\":\"ReadAction\",\"target\":[\"https:\\\/\\\/diariotextual.com\\\/inicio\\\/index.php\\\/2019\\\/08\\\/09\\\/reflotan-proyecto-tren-interurbano-santa-rosa-toay\\\/\"]}]},{\"@type\":\"ImageObject\",\"inLanguage\":\"es\",\"@id\":\"https:\\\/\\\/diariotextual.com\\\/inicio\\\/index.php\\\/2019\\\/08\\\/09\\\/reflotan-proyecto-tren-interurbano-santa-rosa-toay\\\/#primaryimage\",\"url\":\"https:\\\/\\\/diariotextual.com\\\/inicio\\\/wp-content\\\/uploads\\\/2019\\\/08\\\/trenvias22.jpg\",\"contentUrl\":\"https:\\\/\\\/diariotextual.com\\\/inicio\\\/wp-content\\\/uploads\\\/2019\\\/08\\\/trenvias22.jpg\",\"width\":1200,\"height\":785},{\"@type\":\"BreadcrumbList\",\"@id\":\"https:\\\/\\\/diariotextual.com\\\/inicio\\\/index.php\\\/2019\\\/08\\\/09\\\/reflotan-proyecto-tren-interurbano-santa-rosa-toay\\\/#breadcrumb\",\"itemListElement\":[{\"@type\":\"ListItem\",\"position\":1,\"name\":\"Portada\",\"item\":\"https:\\\/\\\/diariotextual.com\\\/inicio\\\/\"},{\"@type\":\"ListItem\",\"position\":2,\"name\":\"Reflotan proyecto de un tren interurbano entre Santa Rosa y Toay\"}]},{\"@type\":\"WebSite\",\"@id\":\"https:\\\/\\\/diariotextual.com\\\/inicio\\\/#website\",\"url\":\"https:\\\/\\\/diariotextual.com\\\/inicio\\\/\",\"name\":\"Diario Textual\",\"description\":\"\",\"publisher\":{\"@id\":\"https:\\\/\\\/diariotextual.com\\\/inicio\\\/#organization\"},\"potentialAction\":[{\"@type\":\"SearchAction\",\"target\":{\"@type\":\"EntryPoint\",\"urlTemplate\":\"https:\\\/\\\/diariotextual.com\\\/inicio\\\/?s={search_term_string}\"},\"query-input\":{\"@type\":\"PropertyValueSpecification\",\"valueRequired\":true,\"valueName\":\"search_term_string\"}}],\"inLanguage\":\"es\"},{\"@type\":\"Organization\",\"@id\":\"https:\\\/\\\/diariotextual.com\\\/inicio\\\/#organization\",\"name\":\"Diario Textual\",\"url\":\"https:\\\/\\\/diariotextual.com\\\/inicio\\\/\",\"logo\":{\"@type\":\"ImageObject\",\"inLanguage\":\"es\",\"@id\":\"https:\\\/\\\/diariotextual.com\\\/inicio\\\/#\\\/schema\\\/logo\\\/image\\\/\",\"url\":\"https:\\\/\\\/diariotextual.com\\\/inicio\\\/wp-content\\\/uploads\\\/2023\\\/05\\\/logotextual1.jpg\",\"contentUrl\":\"https:\\\/\\\/diariotextual.com\\\/inicio\\\/wp-content\\\/uploads\\\/2023\\\/05\\\/logotextual1.jpg\",\"width\":516,\"height\":76,\"caption\":\"Diario Textual\"},\"image\":{\"@id\":\"https:\\\/\\\/diariotextual.com\\\/inicio\\\/#\\\/schema\\\/logo\\\/image\\\/\"},\"sameAs\":[\"https:\\\/\\\/www.facebook.com\\\/eltextual\",\"https:\\\/\\\/x.com\\\/eltextual\",\"http:\\\/\\\/www.instagram.com\\\/eltextual\"]},{\"@type\":\"Person\",\"@id\":\"https:\\\/\\\/diariotextual.com\\\/inicio\\\/#\\\/schema\\\/person\\\/c7834961ad8b29b1d9cdbf4571299067\",\"name\":\"diario5\",\"image\":{\"@type\":\"ImageObject\",\"inLanguage\":\"es\",\"@id\":\"https:\\\/\\\/secure.gravatar.com\\\/avatar\\\/948c893b847ca6df68216ead81b63f363408ec9b0f600fefc0641ce78613b111?s=96&d=mm&r=g\",\"url\":\"https:\\\/\\\/secure.gravatar.com\\\/avatar\\\/948c893b847ca6df68216ead81b63f363408ec9b0f600fefc0641ce78613b111?s=96&d=mm&r=g\",\"contentUrl\":\"https:\\\/\\\/secure.gravatar.com\\\/avatar\\\/948c893b847ca6df68216ead81b63f363408ec9b0f600fefc0641ce78613b111?s=96&d=mm&r=g\",\"caption\":\"diario5\"},\"url\":\"https:\\\/\\\/diariotextual.com\\\/inicio\\\/index.php\\\/author\\\/diario5\\\/\"}]}<\/script>\n<!-- \/ Yoast SEO plugin. -->","yoast_head_json":{"title":"Reflotan proyecto de un tren interurbano entre Santa Rosa y Toay - Diario Textual","robots":{"index":"index","follow":"follow","max-snippet":"max-snippet:-1","max-image-preview":"max-image-preview:large","max-video-preview":"max-video-preview:-1"},"canonical":"https:\/\/diariotextual.com\/inicio\/index.php\/2019\/08\/09\/reflotan-proyecto-tren-interurbano-santa-rosa-toay\/","og_locale":"es_ES","og_type":"article","og_title":"Reflotan proyecto de un tren interurbano entre Santa Rosa y Toay - Diario Textual","og_description":"El intendente electo de Toay, Rodolfo Alvarez, revel\u00f3 a Diario Textual la intenci\u00f3n de reimpulsar el proyecto de un tren interurbano entre Santa Rosa y Toay. Ser\u00eda una especie de&hellip;","og_url":"https:\/\/diariotextual.com\/inicio\/index.php\/2019\/08\/09\/reflotan-proyecto-tren-interurbano-santa-rosa-toay\/","og_site_name":"Diario Textual","article_publisher":"https:\/\/www.facebook.com\/eltextual","article_published_time":"2019-08-09T11:13:09+00:00","article_modified_time":"2019-08-09T21:28:47+00:00","og_image":[{"width":1200,"height":785,"url":"https:\/\/diariotextual.com\/inicio\/wp-content\/uploads\/2019\/08\/trenvias22.jpg","type":"image\/jpeg"}],"author":"diario5","twitter_card":"summary_large_image","twitter_creator":"@eltextual","twitter_site":"@eltextual","twitter_misc":{"Escrito por":"diario5","Tiempo de lectura":"3 minutos"},"schema":{"@context":"https:\/\/schema.org","@graph":[{"@type":"Article","@id":"https:\/\/diariotextual.com\/inicio\/index.php\/2019\/08\/09\/reflotan-proyecto-tren-interurbano-santa-rosa-toay\/#article","isPartOf":{"@id":"https:\/\/diariotextual.com\/inicio\/index.php\/2019\/08\/09\/reflotan-proyecto-tren-interurbano-santa-rosa-toay\/"},"author":{"name":"diario5","@id":"https:\/\/diariotextual.com\/inicio\/#\/schema\/person\/c7834961ad8b29b1d9cdbf4571299067"},"headline":"Reflotan proyecto de un tren interurbano entre Santa Rosa y Toay","datePublished":"2019-08-09T11:13:09+00:00","dateModified":"2019-08-09T21:28:47+00:00","mainEntityOfPage":{"@id":"https:\/\/diariotextual.com\/inicio\/index.php\/2019\/08\/09\/reflotan-proyecto-tren-interurbano-santa-rosa-toay\/"},"wordCount":516,"publisher":{"@id":"https:\/\/diariotextual.com\/inicio\/#organization"},"image":{"@id":"https:\/\/diariotextual.com\/inicio\/index.php\/2019\/08\/09\/reflotan-proyecto-tren-interurbano-santa-rosa-toay\/#primaryimage"},"thumbnailUrl":"https:\/\/diariotextual.com\/inicio\/wp-content\/uploads\/2019\/08\/trenvias22.jpg","keywords":["tren"],"articleSection":["A - TEMPORALES","POLITICA"],"inLanguage":"es"},{"@type":"WebPage","@id":"https:\/\/diariotextual.com\/inicio\/index.php\/2019\/08\/09\/reflotan-proyecto-tren-interurbano-santa-rosa-toay\/","url":"https:\/\/diariotextual.com\/inicio\/index.php\/2019\/08\/09\/reflotan-proyecto-tren-interurbano-santa-rosa-toay\/","name":"Reflotan proyecto de un tren interurbano entre Santa Rosa y Toay - Diario Textual","isPartOf":{"@id":"https:\/\/diariotextual.com\/inicio\/#website"},"primaryImageOfPage":{"@id":"https:\/\/diariotextual.com\/inicio\/index.php\/2019\/08\/09\/reflotan-proyecto-tren-interurbano-santa-rosa-toay\/#primaryimage"},"image":{"@id":"https:\/\/diariotextual.com\/inicio\/index.php\/2019\/08\/09\/reflotan-proyecto-tren-interurbano-santa-rosa-toay\/#primaryimage"},"thumbnailUrl":"https:\/\/diariotextual.com\/inicio\/wp-content\/uploads\/2019\/08\/trenvias22.jpg","datePublished":"2019-08-09T11:13:09+00:00","dateModified":"2019-08-09T21:28:47+00:00","breadcrumb":{"@id":"https:\/\/diariotextual.com\/inicio\/index.php\/2019\/08\/09\/reflotan-proyecto-tren-interurbano-santa-rosa-toay\/#breadcrumb"},"inLanguage":"es","potentialAction":[{"@type":"ReadAction","target":["https:\/\/diariotextual.com\/inicio\/index.php\/2019\/08\/09\/reflotan-proyecto-tren-interurbano-santa-rosa-toay\/"]}]},{"@type":"ImageObject","inLanguage":"es","@id":"https:\/\/diariotextual.com\/inicio\/index.php\/2019\/08\/09\/reflotan-proyecto-tren-interurbano-santa-rosa-toay\/#primaryimage","url":"https:\/\/diariotextual.com\/inicio\/wp-content\/uploads\/2019\/08\/trenvias22.jpg","contentUrl":"https:\/\/diariotextual.com\/inicio\/wp-content\/uploads\/2019\/08\/trenvias22.jpg","width":1200,"height":785},{"@type":"BreadcrumbList","@id":"https:\/\/diariotextual.com\/inicio\/index.php\/2019\/08\/09\/reflotan-proyecto-tren-interurbano-santa-rosa-toay\/#breadcrumb","itemListElement":[{"@type":"ListItem","position":1,"name":"Portada","item":"https:\/\/diariotextual.com\/inicio\/"},{"@type":"ListItem","position":2,"name":"Reflotan proyecto de un tren interurbano entre Santa Rosa y Toay"}]},{"@type":"WebSite","@id":"https:\/\/diariotextual.com\/inicio\/#website","url":"https:\/\/diariotextual.com\/inicio\/","name":"Diario Textual","description":"","publisher":{"@id":"https:\/\/diariotextual.com\/inicio\/#organization"},"potentialAction":[{"@type":"SearchAction","target":{"@type":"EntryPoint","urlTemplate":"https:\/\/diariotextual.com\/inicio\/?s={search_term_string}"},"query-input":{"@type":"PropertyValueSpecification","valueRequired":true,"valueName":"search_term_string"}}],"inLanguage":"es"},{"@type":"Organization","@id":"https:\/\/diariotextual.com\/inicio\/#organization","name":"Diario Textual","url":"https:\/\/diariotextual.com\/inicio\/","logo":{"@type":"ImageObject","inLanguage":"es","@id":"https:\/\/diariotextual.com\/inicio\/#\/schema\/logo\/image\/","url":"https:\/\/diariotextual.com\/inicio\/wp-content\/uploads\/2023\/05\/logotextual1.jpg","contentUrl":"https:\/\/diariotextual.com\/inicio\/wp-content\/uploads\/2023\/05\/logotextual1.jpg","width":516,"height":76,"caption":"Diario Textual"},"image":{"@id":"https:\/\/diariotextual.com\/inicio\/#\/schema\/logo\/image\/"},"sameAs":["https:\/\/www.facebook.com\/eltextual","https:\/\/x.com\/eltextual","http:\/\/www.instagram.com\/eltextual"]},{"@type":"Person","@id":"https:\/\/diariotextual.com\/inicio\/#\/schema\/person\/c7834961ad8b29b1d9cdbf4571299067","name":"diario5","image":{"@type":"ImageObject","inLanguage":"es","@id":"https:\/\/secure.gravatar.com\/avatar\/948c893b847ca6df68216ead81b63f363408ec9b0f600fefc0641ce78613b111?s=96&d=mm&r=g","url":"https:\/\/secure.gravatar.com\/avatar\/948c893b847ca6df68216ead81b63f363408ec9b0f600fefc0641ce78613b111?s=96&d=mm&r=g","contentUrl":"https:\/\/secure.gravatar.com\/avatar\/948c893b847ca6df68216ead81b63f363408ec9b0f600fefc0641ce78613b111?s=96&d=mm&r=g","caption":"diario5"},"url":"https:\/\/diariotextual.com\/inicio\/index.php\/author\/diario5\/"}]}},"_links":{"self":[{"href":"https:\/\/diariotextual.com\/inicio\/index.php\/wp-json\/wp\/v2\/posts\/58693","targetHints":{"allow":["GET"]}}],"collection":[{"href":"https:\/\/diariotextual.com\/inicio\/index.php\/wp-json\/wp\/v2\/posts"}],"about":[{"href":"https:\/\/diariotextual.com\/inicio\/index.php\/wp-json\/wp\/v2\/types\/post"}],"author":[{"embeddable":true,"href":"https:\/\/diariotextual.com\/inicio\/index.php\/wp-json\/wp\/v2\/users\/7"}],"replies":[{"embeddable":true,"href":"https:\/\/diariotextual.com\/inicio\/index.php\/wp-json\/wp\/v2\/comments?post=58693"}],"version-history":[{"count":2,"href":"https:\/\/diariotextual.com\/inicio\/index.php\/wp-json\/wp\/v2\/posts\/58693\/revisions"}],"predecessor-version":[{"id":58725,"href":"https:\/\/diariotextual.com\/inicio\/index.php\/wp-json\/wp\/v2\/posts\/58693\/revisions\/58725"}],"wp:featuredmedia":[{"embeddable":true,"href":"https:\/\/diariotextual.com\/inicio\/index.php\/wp-json\/wp\/v2\/media\/58681"}],"wp:attachment":[{"href":"https:\/\/diariotextual.com\/inicio\/index.php\/wp-json\/wp\/v2\/media?parent=58693"}],"wp:term":[{"taxonomy":"category","embeddable":true,"href":"https:\/\/diariotextual.com\/inicio\/index.php\/wp-json\/wp\/v2\/categories?post=58693"},{"taxonomy":"post_tag","embeddable":true,"href":"https:\/\/diariotextual.com\/inicio\/index.php\/wp-json\/wp\/v2\/tags?post=58693"}],"curies":[{"name":"wp","href":"https:\/\/api.w.org\/{rel}","templated":true}]}}